{"id":44888,"date":"2024-11-26T22:53:44","date_gmt":"2024-11-26T22:53:44","guid":{"rendered":"https:\/\/algarve7.pt\/?p=44888"},"modified":"2024-11-26T22:53:47","modified_gmt":"2024-11-26T22:53:47","slug":"sustentabilidade-energetica-autodromo-internacional-do-algarve-inaugurou-cer","status":"publish","type":"post","link":"https:\/\/algarve7.pt\/index.php\/2024\/11\/sustentabilidade-energetica-autodromo-internacional-do-algarve-inaugurou-cer\/ambiente\/22\/53\/","title":{"rendered":"Sustentabilidade energ\u00e9tica: Aut\u00f3dromo Internacional do Algarve inaugurou CER"},"content":{"rendered":"\n<p>Em cerim\u00f3nia realizada esta manh\u00e3 no Aut\u00f3dromo Internacional do Algarve, o circuito junto \u00e0 cidade de Portim\u00e3o inaugurou oficialmente a sua Comunidade de Energia Renov\u00e1vel (CER).<\/p>\n\n\n\n<p>Num projecto conjunto entre o Aut\u00f3dromo Internacional do Algarve e a SES Energia, a CER do Aut\u00f3dromo Internacional do Algarve passa agora a contar com 2000 pain\u00e9is fotovoltaicos e uma capacidade de produ\u00e7\u00e3o de energia de 1 Megawatt.<\/p>\n\n\n\n<p>\u2018Esta capacidade permite abastecer n\u00e3o apenas o circuito, mas igualmente o hotel, os apartamentos, o Kart\u00f3dromo e o Celerator, o p\u00f3lo tecnol\u00f3gico que ser\u00e1 em breve inaugurado. \u00c9 mais um passo rumo a uma sustentabilidade defendida desde a inaugura\u00e7\u00e3o do circuito em 2008 e que nos torna ainda mais refer\u00eancia neste sector, pois esta \u00e9 a primeira CER a n\u00edvel mundial criada por um circuito\u2019, afirmou o administrador da Parkalgar, Jaime Costa.<\/p>\n\n\n\n<p>Para Paulo Silva, o Administrador da SES Energia \u2018Esta CER \u00e9 muito especial para n\u00f3s pois \u00e9 a primeira criada tendo como \u2018n\u00facleo\u2019 um circuito, o que mostra que o desporto motorizado pode ser igualmente sustent\u00e1vel do ponto de vista energ\u00e9tico. Os pain\u00e9is agora instalados concluem a cria\u00e7\u00e3o da CER e surgem depois dos pain\u00e9is colocados sobre o Media Centre e Centro M\u00e9dico, aquando da prova do mundial de MotoGP neste ano de 2024.\u2019<\/p>\n\n\n\n<p>A cerim\u00f3nia contou igualmente com \u00c1lvaro Bila, presidente da C\u00e2mara Municipal de Portim\u00e3o que destacou \u2018\u2026a vis\u00e3o do Paulo Pinheiro que desde o primeiro momento sempre procurou que o Aut\u00f3dromo Internacional do Algarve fosse o mais \u2018limpo\u2019 poss\u00edvel e uma refer\u00eancia mundial, o que est\u00e1 aqui mais uma vez a ser refor\u00e7ado.\u2019<\/p>\n\n\n\n<p>Rui Freitas, o Secret\u00e1rio de Estado Adjunto da Presid\u00eancia revelou que \u2018\u2026esta CER \u00e9 uma das muitas que est\u00e3o a nascer em Portugal, cerca de duas centenas, e \u00e9 uma refer\u00eancia n\u00e3o s\u00f3 por aliar a neutralidade carb\u00f3nica ao desporto motorizado, mas igualmente por mostrar aquilo que podem ser as CER. Queremos que mais projectos continuem a ser inaugurados e neste momento s\u00e3o j\u00e1 mais de meia centena as CER que est\u00e3o operacionais.\u2019<\/p>\n\n\n\n<p>No decorrer da cerim\u00f3nia, antes do habitual momento do \u2018corte da fita\u2019, Pedro Severino da APCER entregou a Jaime Costa o diploma da certifica\u00e7\u00e3o ISO 20121 a que o Aut\u00f3dromo Internacional do Algarve se candidatou em 2024. Esta certifica\u00e7\u00e3o confirma as boas pr\u00e1ticas ambientais seguidas pelo circuito, depois de terem sido analisadas e observadas ao longo de todo o ano, nomeadamente aquando das provas do campeonato do Mundo de MotoGP e de Superbike e tamb\u00e9m do European Le Mans Series.<\/p>\n\n\n\n<p>Resultante de um investimento totalmente privado que rondou o milh\u00e3o de euros, esta CER \u00e9 mais um passo dado pelo Aut\u00f3dromo Internacional do Algarve rumo \u00e0 neutralidade carb\u00f3nica e junta-se a muitas outras ac\u00e7\u00f5es j\u00e1 praticadas pelo circuito, como a utiliza\u00e7\u00e3o de combust\u00edveis totalmente sint\u00e9ticos, a separa\u00e7\u00e3o e reciclagem de res\u00edduos como pneus, \u00f3leos e componentes dos ve\u00edculos de competi\u00e7\u00e3o tal como de lixo.<\/p>\n\n\n\n<p>O aproveitamento de \u00e1guas residuais para regas ou lavagens, o encaminhamento de alimentos n\u00e3o utilizados para fam\u00edlias carenciadas e a utiliza\u00e7\u00e3o de scooters el\u00e9ctricas no paddock, sendo o Aut\u00f3dromo Internacional do Algarve uma refer\u00eancia mundial na \u00e1rea da sustentabilidade.<\/p>\n\n\n\n<p>Como curiosidade, note-se que o circuito algarvio \u00e9 o \u00fanico no calend\u00e1rio do mundial de MotoE, que utiliza motos el\u00e9ctricas e que divide pista com o MotoGP, que permite que as motos sejam abastecidas com liga\u00e7\u00e3o \u00e0 rede de energia sem necessidade de utiliza\u00e7\u00e3o de geradores a gas\u00f3leo e que os 2000 pain\u00e9is fotovoltaicos agora existentes representam a planta\u00e7\u00e3o de 38.000 \u00e1rvores, algo imposs\u00edvel de conseguir em todo o espa\u00e7o de terreno que integra o complexo.<\/p>\n","protected":false},"excerpt":{"rendered":"<p>Em cerim\u00f3nia realizada esta manh\u00e3 no Aut\u00f3dromo Internacional do Algarve, o circuito junto \u00e0 cidade de Portim\u00e3o inaugurou oficialmente a<\/p>\n","protected":false},"author":1,"featured_media":44889,"comment_status":"closed","ping_status":"closed","sticky":false,"template":"","format":"standard","meta":{"colormag_page_container_layout":"default_layout","colormag_page_sidebar_layout":"default_layout","_monsterinsights_skip_tracking":false,"_monsterinsights_sitenote_active":false,"_monsterinsights_sitenote_note":"","_monsterinsights_sitenote_category":0,"jetpack_post_was_ever_published":false,"_jetpack_newsletter_access":"","_jetpack_dont_email_post_to_subs":false,"_jetpack_newsletter_tier_id":0,"_jetpack_memberships_contains_paywalled_content":false,"_jetpack_memberships_contains_paid_content":false,"footnotes":"","jetpack_publicize_message":"","jetpack_publicize_feature_enabled":true,"jetpack_social_post_already_shared":true,"jetpack_social_options":{"image_generator_settings":{"template":"highway","default_image_id":0,"font":"","enabled":false},"version":2}},"categories":[5],"tags":[36,32,239,72],"class_list":["post-44888","post","type-post","status-publish","format-standard","has-post-thumbnail","hentry","category-ambiente","tag-algarve","tag-ambiente","tag-autodromo-internacional-do-algarve","tag-portimao"],"yoast_head":"<!-- This site is optimized with the Yoast SEO plugin v27.5 - https:\/\/yoast.com\/product\/yoast-seo-wordpress\/ -->\n<title>Sustentabilidade energ\u00e9tica: Aut\u00f3dromo Internacional do Algarve inaugurou CER - Algarve 7<\/title>\n<meta name=\"description\" content=\"Sustentabilidade energ\u00e9tica: Aut\u00f3dromo Internacional do Algarve inaugurou CER Ambiente\" \/>\n<meta name=\"robots\" content=\"index, follow, max-snippet:-1, max-image-preview:large, max-video-preview:-1\" \/>\n<link rel=\"canonical\" href=\"https:\/\/algarve7.pt\/index.php\/2024\/11\/sustentabilidade-energetica-autodromo-internacional-do-algarve-inaugurou-cer\/ambiente\/22\/53\/\" \/>\n<meta property=\"og:locale\" content=\"pt_PT\" \/>\n<meta property=\"og:type\" content=\"article\" \/>\n<meta property=\"og:title\" content=\"Sustentabilidade energ\u00e9tica: Aut\u00f3dromo Internacional do Algarve inaugurou CER - Algarve 7\" \/>\n<meta property=\"og:description\" content=\"Sustentabilidade energ\u00e9tica: Aut\u00f3dromo Internacional do Algarve inaugurou CER Ambiente\" \/>\n<meta property=\"og:url\" content=\"https:\/\/algarve7.pt\/index.php\/2024\/11\/sustentabilidade-energetica-autodromo-internacional-do-algarve-inaugurou-cer\/ambiente\/22\/53\/\" \/>\n<meta property=\"og:site_name\" content=\"Algarve 7\" \/>\n<meta property=\"article:publisher\" content=\"https:\/\/www.facebook.com\/algarve7\" \/>\n<meta property=\"article:author\" content=\"https:\/\/www.facebook.com\/algarve7\" \/>\n<meta property=\"article:published_time\" content=\"2024-11-26T22:53:44+00:00\" \/>\n<meta property=\"article:modified_time\" content=\"2024-11-26T22:53:47+00:00\" \/>\n<meta property=\"og:image\" content=\"https:\/\/algarve7.pt\/wp-content\/uploads\/2024\/11\/9757d61c-f050-5066-5f68-da2bf5032a09.jpg\" \/>\n\t<meta property=\"og:image:width\" content=\"2016\" \/>\n\t<meta property=\"og:image:height\" content=\"1134\" \/>\n\t<meta property=\"og:image:type\" content=\"image\/jpeg\" \/>\n<meta name=\"author\" content=\"Algarve 7\" \/>\n<meta name=\"twitter:card\" content=\"summary_large_image\" \/>\n<meta name=\"twitter:creator\" content=\"@Algarvesete\" \/>\n<meta name=\"twitter:site\" content=\"@Algarvesete\" \/>\n<meta name=\"twitter:label1\" content=\"Escrito por\" \/>\n\t<meta name=\"twitter:data1\" content=\"Algarve 7\" \/>\n\t<meta name=\"twitter:label2\" content=\"Tempo estimado de leitura\" \/>\n\t<meta name=\"twitter:data2\" content=\"4 minutos\" \/>\n<script type=\"application\/ld+json\" class=\"yoast-schema-graph\">{\"@context\":\"https:\\\/\\\/schema.org\",\"@graph\":[{\"@type\":\"Article\",\"@id\":\"https:\\\/\\\/algarve7.pt\\\/index.php\\\/2024\\\/11\\\/sustentabilidade-energetica-autodromo-internacional-do-algarve-inaugurou-cer\\\/ambiente\\\/22\\\/53\\\/#article\",\"isPartOf\":{\"@id\":\"https:\\\/\\\/algarve7.pt\\\/index.php\\\/2024\\\/11\\\/sustentabilidade-energetica-autodromo-internacional-do-algarve-inaugurou-cer\\\/ambiente\\\/22\\\/53\\\/\"},\"author\":{\"name\":\"Algarve 7\",\"@id\":\"https:\\\/\\\/algarve7.pt\\\/#\\\/schema\\\/person\\\/23fa70681308e7b319a3204bcea45e0c\"},\"headline\":\"Sustentabilidade energ\u00e9tica: Aut\u00f3dromo Internacional do Algarve inaugurou CER\",\"datePublished\":\"2024-11-26T22:53:44+00:00\",\"dateModified\":\"2024-11-26T22:53:47+00:00\",\"mainEntityOfPage\":{\"@id\":\"https:\\\/\\\/algarve7.pt\\\/index.php\\\/2024\\\/11\\\/sustentabilidade-energetica-autodromo-internacional-do-algarve-inaugurou-cer\\\/ambiente\\\/22\\\/53\\\/\"},\"wordCount\":656,\"publisher\":{\"@id\":\"https:\\\/\\\/algarve7.pt\\\/#organization\"},\"image\":{\"@id\":\"https:\\\/\\\/algarve7.pt\\\/index.php\\\/2024\\\/11\\\/sustentabilidade-energetica-autodromo-internacional-do-algarve-inaugurou-cer\\\/ambiente\\\/22\\\/53\\\/#primaryimage\"},\"thumbnailUrl\":\"https:\\\/\\\/algarve7.pt\\\/wp-content\\\/uploads\\\/2024\\\/11\\\/9757d61c-f050-5066-5f68-da2bf5032a09.jpg\",\"keywords\":[\"Algarve\",\"Ambiente\",\"Aut\u00f3dromo Internacional do Algarve\",\"Portim\u00e3o\"],\"articleSection\":[\"Ambiente\"],\"inLanguage\":\"pt-PT\"},{\"@type\":\"WebPage\",\"@id\":\"https:\\\/\\\/algarve7.pt\\\/index.php\\\/2024\\\/11\\\/sustentabilidade-energetica-autodromo-internacional-do-algarve-inaugurou-cer\\\/ambiente\\\/22\\\/53\\\/\",\"url\":\"https:\\\/\\\/algarve7.pt\\\/index.php\\\/2024\\\/11\\\/sustentabilidade-energetica-autodromo-internacional-do-algarve-inaugurou-cer\\\/ambiente\\\/22\\\/53\\\/\",\"name\":\"Sustentabilidade energ\u00e9tica: Aut\u00f3dromo Internacional do Algarve inaugurou CER - Algarve 7\",\"isPartOf\":{\"@id\":\"https:\\\/\\\/algarve7.pt\\\/#website\"},\"primaryImageOfPage\":{\"@id\":\"https:\\\/\\\/algarve7.pt\\\/index.php\\\/2024\\\/11\\\/sustentabilidade-energetica-autodromo-internacional-do-algarve-inaugurou-cer\\\/ambiente\\\/22\\\/53\\\/#primaryimage\"},\"image\":{\"@id\":\"https:\\\/\\\/algarve7.pt\\\/index.php\\\/2024\\\/11\\\/sustentabilidade-energetica-autodromo-internacional-do-algarve-inaugurou-cer\\\/ambiente\\\/22\\\/53\\\/#primaryimage\"},\"thumbnailUrl\":\"https:\\\/\\\/algarve7.pt\\\/wp-content\\\/uploads\\\/2024\\\/11\\\/9757d61c-f050-5066-5f68-da2bf5032a09.jpg\",\"datePublished\":\"2024-11-26T22:53:44+00:00\",\"dateModified\":\"2024-11-26T22:53:47+00:00\",\"description\":\"Sustentabilidade energ\u00e9tica: Aut\u00f3dromo Internacional do Algarve inaugurou CER Ambiente\",\"breadcrumb\":{\"@id\":\"https:\\\/\\\/algarve7.pt\\\/index.php\\\/2024\\\/11\\\/sustentabilidade-energetica-autodromo-internacional-do-algarve-inaugurou-cer\\\/ambiente\\\/22\\\/53\\\/#breadcrumb\"},\"inLanguage\":\"pt-PT\",\"potentialAction\":[{\"@type\":\"ReadAction\",\"target\":[\"https:\\\/\\\/algarve7.pt\\\/index.php\\\/2024\\\/11\\\/sustentabilidade-energetica-autodromo-internacional-do-algarve-inaugurou-cer\\\/ambiente\\\/22\\\/53\\\/\"]}]},{\"@type\":\"ImageObject\",\"inLanguage\":\"pt-PT\",\"@id\":\"https:\\\/\\\/algarve7.pt\\\/index.php\\\/2024\\\/11\\\/sustentabilidade-energetica-autodromo-internacional-do-algarve-inaugurou-cer\\\/ambiente\\\/22\\\/53\\\/#primaryimage\",\"url\":\"https:\\\/\\\/algarve7.pt\\\/wp-content\\\/uploads\\\/2024\\\/11\\\/9757d61c-f050-5066-5f68-da2bf5032a09.jpg\",\"contentUrl\":\"https:\\\/\\\/algarve7.pt\\\/wp-content\\\/uploads\\\/2024\\\/11\\\/9757d61c-f050-5066-5f68-da2bf5032a09.jpg\",\"width\":2016,\"height\":1134},{\"@type\":\"BreadcrumbList\",\"@id\":\"https:\\\/\\\/algarve7.pt\\\/index.php\\\/2024\\\/11\\\/sustentabilidade-energetica-autodromo-internacional-do-algarve-inaugurou-cer\\\/ambiente\\\/22\\\/53\\\/#breadcrumb\",\"itemListElement\":[{\"@type\":\"ListItem\",\"position\":1,\"name\":\"In\u00edcio\",\"item\":\"https:\\\/\\\/algarve7.pt\\\/\"},{\"@type\":\"ListItem\",\"position\":2,\"name\":\"Sustentabilidade energ\u00e9tica: Aut\u00f3dromo Internacional do Algarve inaugurou CER\"}]},{\"@type\":\"WebSite\",\"@id\":\"https:\\\/\\\/algarve7.pt\\\/#website\",\"url\":\"https:\\\/\\\/algarve7.pt\\\/\",\"name\":\"Algarve 7\",\"description\":\"Informa\u00e7\u00e3o sobre o Algarve\",\"publisher\":{\"@id\":\"https:\\\/\\\/algarve7.pt\\\/#organization\"},\"potentialAction\":[{\"@type\":\"SearchAction\",\"target\":{\"@type\":\"EntryPoint\",\"urlTemplate\":\"https:\\\/\\\/algarve7.pt\\\/?s={search_term_string}\"},\"query-input\":{\"@type\":\"PropertyValueSpecification\",\"valueRequired\":true,\"valueName\":\"search_term_string\"}}],\"inLanguage\":\"pt-PT\"},{\"@type\":\"Organization\",\"@id\":\"https:\\\/\\\/algarve7.pt\\\/#organization\",\"name\":\"Algarve 7\",\"url\":\"https:\\\/\\\/algarve7.pt\\\/\",\"logo\":{\"@type\":\"ImageObject\",\"inLanguage\":\"pt-PT\",\"@id\":\"https:\\\/\\\/algarve7.pt\\\/#\\\/schema\\\/logo\\\/image\\\/\",\"url\":\"https:\\\/\\\/algarve7.pt\\\/wp-content\\\/uploads\\\/2020\\\/10\\\/Logo-8.jpg\",\"contentUrl\":\"https:\\\/\\\/algarve7.pt\\\/wp-content\\\/uploads\\\/2020\\\/10\\\/Logo-8.jpg\",\"width\":1680,\"height\":1186,\"caption\":\"Algarve 7\"},\"image\":{\"@id\":\"https:\\\/\\\/algarve7.pt\\\/#\\\/schema\\\/logo\\\/image\\\/\"},\"sameAs\":[\"https:\\\/\\\/www.facebook.com\\\/algarve7\",\"https:\\\/\\\/x.com\\\/Algarvesete\",\"https:\\\/\\\/www.instagram.com\\\/jornalalgarve7\\\/\",\"https:\\\/\\\/www.linkedin.com\\\/company\\\/algarve7\",\"https:\\\/\\\/www.pinterest.pt\\\/geral0939\\\/_created\\\/\"]},{\"@type\":\"Person\",\"@id\":\"https:\\\/\\\/algarve7.pt\\\/#\\\/schema\\\/person\\\/23fa70681308e7b319a3204bcea45e0c\",\"name\":\"Algarve 7\",\"sameAs\":[\"https:\\\/\\\/algarve7.pt\",\"https:\\\/\\\/www.facebook.com\\\/algarve7\"],\"url\":\"https:\\\/\\\/algarve7.pt\\\/index.php\\\/author\\\/geralalgarve7-pt\\\/\"}]}<\/script>\n<!-- \/ Yoast SEO plugin. -->","yoast_head_json":{"title":"Sustentabilidade energ\u00e9tica: Aut\u00f3dromo Internacional do Algarve inaugurou CER - Algarve 7","description":"Sustentabilidade energ\u00e9tica: Aut\u00f3dromo Internacional do Algarve inaugurou CER Ambiente","robots":{"index":"index","follow":"follow","max-snippet":"max-snippet:-1","max-image-preview":"max-image-preview:large","max-video-preview":"max-video-preview:-1"},"canonical":"https:\/\/algarve7.pt\/index.php\/2024\/11\/sustentabilidade-energetica-autodromo-internacional-do-algarve-inaugurou-cer\/ambiente\/22\/53\/","og_locale":"pt_PT","og_type":"article","og_title":"Sustentabilidade energ\u00e9tica: Aut\u00f3dromo Internacional do Algarve inaugurou CER - Algarve 7","og_description":"Sustentabilidade energ\u00e9tica: Aut\u00f3dromo Internacional do Algarve inaugurou CER Ambiente","og_url":"https:\/\/algarve7.pt\/index.php\/2024\/11\/sustentabilidade-energetica-autodromo-internacional-do-algarve-inaugurou-cer\/ambiente\/22\/53\/","og_site_name":"Algarve 7","article_publisher":"https:\/\/www.facebook.com\/algarve7","article_author":"https:\/\/www.facebook.com\/algarve7","article_published_time":"2024-11-26T22:53:44+00:00","article_modified_time":"2024-11-26T22:53:47+00:00","og_image":[{"width":2016,"height":1134,"url":"https:\/\/algarve7.pt\/wp-content\/uploads\/2024\/11\/9757d61c-f050-5066-5f68-da2bf5032a09.jpg","type":"image\/jpeg"}],"author":"Algarve 7","twitter_card":"summary_large_image","twitter_creator":"@Algarvesete","twitter_site":"@Algarvesete","twitter_misc":{"Escrito por":"Algarve 7","Tempo estimado de leitura":"4 minutos"},"schema":{"@context":"https:\/\/schema.org","@graph":[{"@type":"Article","@id":"https:\/\/algarve7.pt\/index.php\/2024\/11\/sustentabilidade-energetica-autodromo-internacional-do-algarve-inaugurou-cer\/ambiente\/22\/53\/#article","isPartOf":{"@id":"https:\/\/algarve7.pt\/index.php\/2024\/11\/sustentabilidade-energetica-autodromo-internacional-do-algarve-inaugurou-cer\/ambiente\/22\/53\/"},"author":{"name":"Algarve 7","@id":"https:\/\/algarve7.pt\/#\/schema\/person\/23fa70681308e7b319a3204bcea45e0c"},"headline":"Sustentabilidade energ\u00e9tica: Aut\u00f3dromo Internacional do Algarve inaugurou CER","datePublished":"2024-11-26T22:53:44+00:00","dateModified":"2024-11-26T22:53:47+00:00","mainEntityOfPage":{"@id":"https:\/\/algarve7.pt\/index.php\/2024\/11\/sustentabilidade-energetica-autodromo-internacional-do-algarve-inaugurou-cer\/ambiente\/22\/53\/"},"wordCount":656,"publisher":{"@id":"https:\/\/algarve7.pt\/#organization"},"image":{"@id":"https:\/\/algarve7.pt\/index.php\/2024\/11\/sustentabilidade-energetica-autodromo-internacional-do-algarve-inaugurou-cer\/ambiente\/22\/53\/#primaryimage"},"thumbnailUrl":"https:\/\/algarve7.pt\/wp-content\/uploads\/2024\/11\/9757d61c-f050-5066-5f68-da2bf5032a09.jpg","keywords":["Algarve","Ambiente","Aut\u00f3dromo Internacional do Algarve","Portim\u00e3o"],"articleSection":["Ambiente"],"inLanguage":"pt-PT"},{"@type":"WebPage","@id":"https:\/\/algarve7.pt\/index.php\/2024\/11\/sustentabilidade-energetica-autodromo-internacional-do-algarve-inaugurou-cer\/ambiente\/22\/53\/","url":"https:\/\/algarve7.pt\/index.php\/2024\/11\/sustentabilidade-energetica-autodromo-internacional-do-algarve-inaugurou-cer\/ambiente\/22\/53\/","name":"Sustentabilidade energ\u00e9tica: Aut\u00f3dromo Internacional do Algarve inaugurou CER - Algarve 7","isPartOf":{"@id":"https:\/\/algarve7.pt\/#website"},"primaryImageOfPage":{"@id":"https:\/\/algarve7.pt\/index.php\/2024\/11\/sustentabilidade-energetica-autodromo-internacional-do-algarve-inaugurou-cer\/ambiente\/22\/53\/#primaryimage"},"image":{"@id":"https:\/\/algarve7.pt\/index.php\/2024\/11\/sustentabilidade-energetica-autodromo-internacional-do-algarve-inaugurou-cer\/ambiente\/22\/53\/#primaryimage"},"thumbnailUrl":"https:\/\/algarve7.pt\/wp-content\/uploads\/2024\/11\/9757d61c-f050-5066-5f68-da2bf5032a09.jpg","datePublished":"2024-11-26T22:53:44+00:00","dateModified":"2024-11-26T22:53:47+00:00","description":"Sustentabilidade energ\u00e9tica: Aut\u00f3dromo Internacional do Algarve inaugurou CER Ambiente","breadcrumb":{"@id":"https:\/\/algarve7.pt\/index.php\/2024\/11\/sustentabilidade-energetica-autodromo-internacional-do-algarve-inaugurou-cer\/ambiente\/22\/53\/#breadcrumb"},"inLanguage":"pt-PT","potentialAction":[{"@type":"ReadAction","target":["https:\/\/algarve7.pt\/index.php\/2024\/11\/sustentabilidade-energetica-autodromo-internacional-do-algarve-inaugurou-cer\/ambiente\/22\/53\/"]}]},{"@type":"ImageObject","inLanguage":"pt-PT","@id":"https:\/\/algarve7.pt\/index.php\/2024\/11\/sustentabilidade-energetica-autodromo-internacional-do-algarve-inaugurou-cer\/ambiente\/22\/53\/#primaryimage","url":"https:\/\/algarve7.pt\/wp-content\/uploads\/2024\/11\/9757d61c-f050-5066-5f68-da2bf5032a09.jpg","contentUrl":"https:\/\/algarve7.pt\/wp-content\/uploads\/2024\/11\/9757d61c-f050-5066-5f68-da2bf5032a09.jpg","width":2016,"height":1134},{"@type":"BreadcrumbList","@id":"https:\/\/algarve7.pt\/index.php\/2024\/11\/sustentabilidade-energetica-autodromo-internacional-do-algarve-inaugurou-cer\/ambiente\/22\/53\/#breadcrumb","itemListElement":[{"@type":"ListItem","position":1,"name":"In\u00edcio","item":"https:\/\/algarve7.pt\/"},{"@type":"ListItem","position":2,"name":"Sustentabilidade energ\u00e9tica: Aut\u00f3dromo Internacional do Algarve inaugurou CER"}]},{"@type":"WebSite","@id":"https:\/\/algarve7.pt\/#website","url":"https:\/\/algarve7.pt\/","name":"Algarve 7","description":"Informa\u00e7\u00e3o sobre o Algarve","publisher":{"@id":"https:\/\/algarve7.pt\/#organization"},"potentialAction":[{"@type":"SearchAction","target":{"@type":"EntryPoint","urlTemplate":"https:\/\/algarve7.pt\/?s={search_term_string}"},"query-input":{"@type":"PropertyValueSpecification","valueRequired":true,"valueName":"search_term_string"}}],"inLanguage":"pt-PT"},{"@type":"Organization","@id":"https:\/\/algarve7.pt\/#organization","name":"Algarve 7","url":"https:\/\/algarve7.pt\/","logo":{"@type":"ImageObject","inLanguage":"pt-PT","@id":"https:\/\/algarve7.pt\/#\/schema\/logo\/image\/","url":"https:\/\/algarve7.pt\/wp-content\/uploads\/2020\/10\/Logo-8.jpg","contentUrl":"https:\/\/algarve7.pt\/wp-content\/uploads\/2020\/10\/Logo-8.jpg","width":1680,"height":1186,"caption":"Algarve 7"},"image":{"@id":"https:\/\/algarve7.pt\/#\/schema\/logo\/image\/"},"sameAs":["https:\/\/www.facebook.com\/algarve7","https:\/\/x.com\/Algarvesete","https:\/\/www.instagram.com\/jornalalgarve7\/","https:\/\/www.linkedin.com\/company\/algarve7","https:\/\/www.pinterest.pt\/geral0939\/_created\/"]},{"@type":"Person","@id":"https:\/\/algarve7.pt\/#\/schema\/person\/23fa70681308e7b319a3204bcea45e0c","name":"Algarve 7","sameAs":["https:\/\/algarve7.pt","https:\/\/www.facebook.com\/algarve7"],"url":"https:\/\/algarve7.pt\/index.php\/author\/geralalgarve7-pt\/"}]}},"jetpack_publicize_connections":[],"jetpack_featured_media_url":"https:\/\/algarve7.pt\/wp-content\/uploads\/2024\/11\/9757d61c-f050-5066-5f68-da2bf5032a09.jpg","jetpack_shortlink":"https:\/\/wp.me\/pcezmW-bG0","jetpack_sharing_enabled":true,"_links":{"self":[{"href":"https:\/\/algarve7.pt\/index.php\/wp-json\/wp\/v2\/posts\/44888","targetHints":{"allow":["GET"]}}],"collection":[{"href":"https:\/\/algarve7.pt\/index.php\/wp-json\/wp\/v2\/posts"}],"about":[{"href":"https:\/\/algarve7.pt\/index.php\/wp-json\/wp\/v2\/types\/post"}],"author":[{"embeddable":true,"href":"https:\/\/algarve7.pt\/index.php\/wp-json\/wp\/v2\/users\/1"}],"replies":[{"embeddable":true,"href":"https:\/\/algarve7.pt\/index.php\/wp-json\/wp\/v2\/comments?post=44888"}],"version-history":[{"count":0,"href":"https:\/\/algarve7.pt\/index.php\/wp-json\/wp\/v2\/posts\/44888\/revisions"}],"wp:featuredmedia":[{"embeddable":true,"href":"https:\/\/algarve7.pt\/index.php\/wp-json\/wp\/v2\/media\/44889"}],"wp:attachment":[{"href":"https:\/\/algarve7.pt\/index.php\/wp-json\/wp\/v2\/media?parent=44888"}],"wp:term":[{"taxonomy":"category","embeddable":true,"href":"https:\/\/algarve7.pt\/index.php\/wp-json\/wp\/v2\/categories?post=44888"},{"taxonomy":"post_tag","embeddable":true,"href":"https:\/\/algarve7.pt\/index.php\/wp-json\/wp\/v2\/tags?post=44888"}],"curies":[{"name":"wp","href":"https:\/\/api.w.org\/{rel}","templated":true}]}}