{"id":44873,"date":"2024-11-27T07:30:00","date_gmt":"2024-11-27T07:30:00","guid":{"rendered":"https:\/\/algarve7.pt\/?p=44873"},"modified":"2024-11-26T20:09:16","modified_gmt":"2024-11-26T20:09:16","slug":"nova-tecnica-arqueologica-revela-a-idade-da-pedra-arabica-centro-de-arqueologia-da-universidade-do-algarve","status":"publish","type":"post","link":"https:\/\/algarve7.pt\/index.php\/2024\/11\/nova-tecnica-arqueologica-revela-a-idade-da-pedra-arabica-centro-de-arqueologia-da-universidade-do-algarve\/cultura\/07\/30\/","title":{"rendered":"Nova t\u00e9cnica arqueol\u00f3gica revela a idade da pedra ar\u00e1bica Centro de Arqueologia da Universidade do Algarve"},"content":{"rendered":"\n<p><strong>A equipa internacional de cientistas, liderada por Jeff Rose do Centro Interdisciplinar de Arqueologia e Evolu\u00e7\u00e3o do Comportamento Humano (ICArEHB) da Universidade do Algarve, desenvolveu um sistema para data\u00e7\u00e3o relativa de ferramentas de pedra encontradas \u00e0 superf\u00edcie, oferecendo informa\u00e7\u00f5es cruciais sobre a pr\u00e9-hist\u00f3ria humana onde os m\u00e9todos tradicionais de data\u00e7\u00e3o n\u00e3o est\u00e3o dispon\u00edveis.&nbsp;<\/strong><\/p>\n\n\n\n<p>O estudo foca-se numa s\u00e9rie de s\u00edtios pr\u00e9-hist\u00f3ricos notavelmente bem preservados no sul de Om\u00e3 (Pen\u00ednsula Ar\u00e1bica), revelando uma linha temporal de ocupa\u00e7\u00e3o humana que abrange mais de 200 mil anos. Como houve pouca perturba\u00e7\u00e3o ou sedimenta\u00e7\u00e3o na paisagem \u00e1rida ao longo dos anos, os investigadores conseguem encontrar ferramentas de pedra exatamente onde foram deixadas h\u00e1 centenas de milhares de anos.<\/p>\n\n\n\n<p>\u201cEstes s\u00edtios oferecem uma janela inigual\u00e1vel para o passado\u201d, afirma Jeff Rose. \u201cVisitados repetidamente pelos primeiros humanos fabricantes de ferramentas ao longo de centenas de mil\u00e9nios, ainda exibem padr\u00f5es claros de descarte de artefactos, permitindo-nos rastrear mudan\u00e7as no comportamento humano ao longo do tempo\u201d, conclui.<\/p>\n\n\n\n<p>A abordagem inovadora da equipa examina como os artefactos s\u00e3o afetados pelo tempo e condi\u00e7\u00f5es atmosf\u00e9ricas. Combinando isso com a distribui\u00e7\u00e3o espacial, \u00e9 poss\u00edvel mapear a sequ\u00eancia das ocupa\u00e7\u00f5es, distinguindo diferentes per\u00edodos de ocupa\u00e7\u00e3o separados por milhares de anos no mesmo local \u2013 um potencial avan\u00e7o para a arqueologia em regi\u00f5es \u00e1ridas em todo o mundo, onde os s\u00edtios tendem a ser encontrados \u00e0 superf\u00edcie e n\u00e3o podem ser datados.<\/p>\n\n\n\n<p>J\u00e1 Metin Eren, um dos coautores do estudo, acrescenta: \u201c\u00c9 entusiasmante termos sucesso nesta primeira etapa, mas ainda h\u00e1 muito trabalho a fazer para desenvolver e aperfei\u00e7oar o sistema de registo, isto \u00e9 apenas o in\u00edcio.\u201d<\/p>\n\n\n\n<p>A investiga\u00e7\u00e3o destaca tamb\u00e9m o papel fundamental de Om\u00e3 na pr\u00e9-hist\u00f3ria humana. A evid\u00eancia de ocupa\u00e7\u00e3o humana cont\u00ednua em certos per\u00edodos sugere que o local poderia ter servido de ref\u00fagio em tempos de stress clim\u00e1tico. De acordo com Alan Cooper, um cientista evolucionista n\u00e3o associado ao estudo, \u201ca regi\u00e3o parece ter sido mais do que apenas uma ponte entre continentes; foi potencialmente um ponto estrat\u00e9gico para os primeiros humanos a migrar para fora de \u00c1frica.\u201d<\/p>\n","protected":false},"excerpt":{"rendered":"<p>A equipa internacional de cientistas, liderada por Jeff Rose do Centro Interdisciplinar de Arqueologia e Evolu\u00e7\u00e3o do Comportamento Humano (ICArEHB)<\/p>\n","protected":false},"author":1,"featured_media":44874,"comment_status":"closed","ping_status":"closed","sticky":false,"template":"","format":"standard","meta":{"colormag_page_container_layout":"default_layout","colormag_page_sidebar_layout":"default_layout","_monsterinsights_skip_tracking":false,"_monsterinsights_sitenote_active":false,"_monsterinsights_sitenote_note":"","_monsterinsights_sitenote_category":0,"jetpack_post_was_ever_published":false,"_jetpack_newsletter_access":"","_jetpack_dont_email_post_to_subs":false,"_jetpack_newsletter_tier_id":0,"_jetpack_memberships_contains_paywalled_content":false,"_jetpack_memberships_contains_paid_content":false,"footnotes":"","jetpack_publicize_message":"","jetpack_publicize_feature_enabled":true,"jetpack_social_post_already_shared":true,"jetpack_social_options":{"image_generator_settings":{"template":"highway","default_image_id":0,"font":"","enabled":false},"version":2}},"categories":[14],"tags":[36,35,182],"class_list":["post-44873","post","type-post","status-publish","format-standard","has-post-thumbnail","hentry","category-cultura","tag-algarve","tag-cultura","tag-ualg"],"yoast_head":"<!-- This site is optimized with the Yoast SEO plugin v27.5 - https:\/\/yoast.com\/product\/yoast-seo-wordpress\/ -->\n<title>Nova t\u00e9cnica arqueol\u00f3gica revela a idade da pedra ar\u00e1bica Centro de Arqueologia da Universidade do Algarve - Algarve 7<\/title>\n<meta name=\"description\" content=\"Nova t\u00e9cnica arqueol\u00f3gica revela a idade da pedra ar\u00e1bica Centro de Arqueologia da Universidade do Algarve Cultura\" \/>\n<meta name=\"robots\" content=\"index, follow, max-snippet:-1, max-image-preview:large, max-video-preview:-1\" \/>\n<link rel=\"canonical\" href=\"https:\/\/algarve7.pt\/index.php\/2024\/11\/nova-tecnica-arqueologica-revela-a-idade-da-pedra-arabica-centro-de-arqueologia-da-universidade-do-algarve\/cultura\/07\/30\/\" \/>\n<meta property=\"og:locale\" content=\"pt_PT\" \/>\n<meta property=\"og:type\" content=\"article\" \/>\n<meta property=\"og:title\" content=\"Nova t\u00e9cnica arqueol\u00f3gica revela a idade da pedra ar\u00e1bica Centro de Arqueologia da Universidade do Algarve - Algarve 7\" \/>\n<meta property=\"og:description\" content=\"Nova t\u00e9cnica arqueol\u00f3gica revela a idade da pedra ar\u00e1bica Centro de Arqueologia da Universidade do Algarve Cultura\" \/>\n<meta property=\"og:url\" content=\"https:\/\/algarve7.pt\/index.php\/2024\/11\/nova-tecnica-arqueologica-revela-a-idade-da-pedra-arabica-centro-de-arqueologia-da-universidade-do-algarve\/cultura\/07\/30\/\" \/>\n<meta property=\"og:site_name\" content=\"Algarve 7\" \/>\n<meta property=\"article:publisher\" content=\"https:\/\/www.facebook.com\/algarve7\" \/>\n<meta property=\"article:author\" content=\"https:\/\/www.facebook.com\/algarve7\" \/>\n<meta property=\"article:published_time\" content=\"2024-11-27T07:30:00+00:00\" \/>\n<meta property=\"og:image\" content=\"https:\/\/algarve7.pt\/wp-content\/uploads\/2024\/11\/primage_76875.jpeg\" \/>\n\t<meta property=\"og:image:width\" content=\"800\" \/>\n\t<meta property=\"og:image:height\" content=\"520\" \/>\n\t<meta property=\"og:image:type\" content=\"image\/jpeg\" \/>\n<meta name=\"author\" content=\"Algarve 7\" \/>\n<meta name=\"twitter:card\" content=\"summary_large_image\" \/>\n<meta name=\"twitter:creator\" content=\"@Algarvesete\" \/>\n<meta name=\"twitter:site\" content=\"@Algarvesete\" \/>\n<meta name=\"twitter:label1\" content=\"Escrito por\" \/>\n\t<meta name=\"twitter:data1\" content=\"Algarve 7\" \/>\n\t<meta name=\"twitter:label2\" content=\"Tempo estimado de leitura\" \/>\n\t<meta name=\"twitter:data2\" content=\"3 minutos\" \/>\n<script type=\"application\/ld+json\" class=\"yoast-schema-graph\">{\"@context\":\"https:\\\/\\\/schema.org\",\"@graph\":[{\"@type\":\"Article\",\"@id\":\"https:\\\/\\\/algarve7.pt\\\/index.php\\\/2024\\\/11\\\/nova-tecnica-arqueologica-revela-a-idade-da-pedra-arabica-centro-de-arqueologia-da-universidade-do-algarve\\\/cultura\\\/07\\\/30\\\/#article\",\"isPartOf\":{\"@id\":\"https:\\\/\\\/algarve7.pt\\\/index.php\\\/2024\\\/11\\\/nova-tecnica-arqueologica-revela-a-idade-da-pedra-arabica-centro-de-arqueologia-da-universidade-do-algarve\\\/cultura\\\/07\\\/30\\\/\"},\"author\":{\"name\":\"Algarve 7\",\"@id\":\"https:\\\/\\\/algarve7.pt\\\/#\\\/schema\\\/person\\\/23fa70681308e7b319a3204bcea45e0c\"},\"headline\":\"Nova t\u00e9cnica arqueol\u00f3gica revela a idade da pedra ar\u00e1bica Centro de Arqueologia da Universidade do Algarve\",\"datePublished\":\"2024-11-27T07:30:00+00:00\",\"mainEntityOfPage\":{\"@id\":\"https:\\\/\\\/algarve7.pt\\\/index.php\\\/2024\\\/11\\\/nova-tecnica-arqueologica-revela-a-idade-da-pedra-arabica-centro-de-arqueologia-da-universidade-do-algarve\\\/cultura\\\/07\\\/30\\\/\"},\"wordCount\":407,\"publisher\":{\"@id\":\"https:\\\/\\\/algarve7.pt\\\/#organization\"},\"image\":{\"@id\":\"https:\\\/\\\/algarve7.pt\\\/index.php\\\/2024\\\/11\\\/nova-tecnica-arqueologica-revela-a-idade-da-pedra-arabica-centro-de-arqueologia-da-universidade-do-algarve\\\/cultura\\\/07\\\/30\\\/#primaryimage\"},\"thumbnailUrl\":\"https:\\\/\\\/algarve7.pt\\\/wp-content\\\/uploads\\\/2024\\\/11\\\/primage_76875.jpeg\",\"keywords\":[\"Algarve\",\"Cultura\",\"UALG\"],\"articleSection\":[\"Cultura\"],\"inLanguage\":\"pt-PT\"},{\"@type\":\"WebPage\",\"@id\":\"https:\\\/\\\/algarve7.pt\\\/index.php\\\/2024\\\/11\\\/nova-tecnica-arqueologica-revela-a-idade-da-pedra-arabica-centro-de-arqueologia-da-universidade-do-algarve\\\/cultura\\\/07\\\/30\\\/\",\"url\":\"https:\\\/\\\/algarve7.pt\\\/index.php\\\/2024\\\/11\\\/nova-tecnica-arqueologica-revela-a-idade-da-pedra-arabica-centro-de-arqueologia-da-universidade-do-algarve\\\/cultura\\\/07\\\/30\\\/\",\"name\":\"Nova t\u00e9cnica arqueol\u00f3gica revela a idade da pedra ar\u00e1bica Centro de Arqueologia da Universidade do Algarve - Algarve 7\",\"isPartOf\":{\"@id\":\"https:\\\/\\\/algarve7.pt\\\/#website\"},\"primaryImageOfPage\":{\"@id\":\"https:\\\/\\\/algarve7.pt\\\/index.php\\\/2024\\\/11\\\/nova-tecnica-arqueologica-revela-a-idade-da-pedra-arabica-centro-de-arqueologia-da-universidade-do-algarve\\\/cultura\\\/07\\\/30\\\/#primaryimage\"},\"image\":{\"@id\":\"https:\\\/\\\/algarve7.pt\\\/index.php\\\/2024\\\/11\\\/nova-tecnica-arqueologica-revela-a-idade-da-pedra-arabica-centro-de-arqueologia-da-universidade-do-algarve\\\/cultura\\\/07\\\/30\\\/#primaryimage\"},\"thumbnailUrl\":\"https:\\\/\\\/algarve7.pt\\\/wp-content\\\/uploads\\\/2024\\\/11\\\/primage_76875.jpeg\",\"datePublished\":\"2024-11-27T07:30:00+00:00\",\"description\":\"Nova t\u00e9cnica arqueol\u00f3gica revela a idade da pedra ar\u00e1bica Centro de Arqueologia da Universidade do Algarve Cultura\",\"breadcrumb\":{\"@id\":\"https:\\\/\\\/algarve7.pt\\\/index.php\\\/2024\\\/11\\\/nova-tecnica-arqueologica-revela-a-idade-da-pedra-arabica-centro-de-arqueologia-da-universidade-do-algarve\\\/cultura\\\/07\\\/30\\\/#breadcrumb\"},\"inLanguage\":\"pt-PT\",\"potentialAction\":[{\"@type\":\"ReadAction\",\"target\":[\"https:\\\/\\\/algarve7.pt\\\/index.php\\\/2024\\\/11\\\/nova-tecnica-arqueologica-revela-a-idade-da-pedra-arabica-centro-de-arqueologia-da-universidade-do-algarve\\\/cultura\\\/07\\\/30\\\/\"]}]},{\"@type\":\"ImageObject\",\"inLanguage\":\"pt-PT\",\"@id\":\"https:\\\/\\\/algarve7.pt\\\/index.php\\\/2024\\\/11\\\/nova-tecnica-arqueologica-revela-a-idade-da-pedra-arabica-centro-de-arqueologia-da-universidade-do-algarve\\\/cultura\\\/07\\\/30\\\/#primaryimage\",\"url\":\"https:\\\/\\\/algarve7.pt\\\/wp-content\\\/uploads\\\/2024\\\/11\\\/primage_76875.jpeg\",\"contentUrl\":\"https:\\\/\\\/algarve7.pt\\\/wp-content\\\/uploads\\\/2024\\\/11\\\/primage_76875.jpeg\",\"width\":800,\"height\":520},{\"@type\":\"BreadcrumbList\",\"@id\":\"https:\\\/\\\/algarve7.pt\\\/index.php\\\/2024\\\/11\\\/nova-tecnica-arqueologica-revela-a-idade-da-pedra-arabica-centro-de-arqueologia-da-universidade-do-algarve\\\/cultura\\\/07\\\/30\\\/#breadcrumb\",\"itemListElement\":[{\"@type\":\"ListItem\",\"position\":1,\"name\":\"In\u00edcio\",\"item\":\"https:\\\/\\\/algarve7.pt\\\/\"},{\"@type\":\"ListItem\",\"position\":2,\"name\":\"Nova t\u00e9cnica arqueol\u00f3gica revela a idade da pedra ar\u00e1bica Centro de Arqueologia da Universidade do Algarve\"}]},{\"@type\":\"WebSite\",\"@id\":\"https:\\\/\\\/algarve7.pt\\\/#website\",\"url\":\"https:\\\/\\\/algarve7.pt\\\/\",\"name\":\"Algarve 7\",\"description\":\"Informa\u00e7\u00e3o sobre o Algarve\",\"publisher\":{\"@id\":\"https:\\\/\\\/algarve7.pt\\\/#organization\"},\"potentialAction\":[{\"@type\":\"SearchAction\",\"target\":{\"@type\":\"EntryPoint\",\"urlTemplate\":\"https:\\\/\\\/algarve7.pt\\\/?s={search_term_string}\"},\"query-input\":{\"@type\":\"PropertyValueSpecification\",\"valueRequired\":true,\"valueName\":\"search_term_string\"}}],\"inLanguage\":\"pt-PT\"},{\"@type\":\"Organization\",\"@id\":\"https:\\\/\\\/algarve7.pt\\\/#organization\",\"name\":\"Algarve 7\",\"url\":\"https:\\\/\\\/algarve7.pt\\\/\",\"logo\":{\"@type\":\"ImageObject\",\"inLanguage\":\"pt-PT\",\"@id\":\"https:\\\/\\\/algarve7.pt\\\/#\\\/schema\\\/logo\\\/image\\\/\",\"url\":\"https:\\\/\\\/algarve7.pt\\\/wp-content\\\/uploads\\\/2020\\\/10\\\/Logo-8.jpg\",\"contentUrl\":\"https:\\\/\\\/algarve7.pt\\\/wp-content\\\/uploads\\\/2020\\\/10\\\/Logo-8.jpg\",\"width\":1680,\"height\":1186,\"caption\":\"Algarve 7\"},\"image\":{\"@id\":\"https:\\\/\\\/algarve7.pt\\\/#\\\/schema\\\/logo\\\/image\\\/\"},\"sameAs\":[\"https:\\\/\\\/www.facebook.com\\\/algarve7\",\"https:\\\/\\\/x.com\\\/Algarvesete\",\"https:\\\/\\\/www.instagram.com\\\/jornalalgarve7\\\/\",\"https:\\\/\\\/www.linkedin.com\\\/company\\\/algarve7\",\"https:\\\/\\\/www.pinterest.pt\\\/geral0939\\\/_created\\\/\"]},{\"@type\":\"Person\",\"@id\":\"https:\\\/\\\/algarve7.pt\\\/#\\\/schema\\\/person\\\/23fa70681308e7b319a3204bcea45e0c\",\"name\":\"Algarve 7\",\"sameAs\":[\"https:\\\/\\\/algarve7.pt\",\"https:\\\/\\\/www.facebook.com\\\/algarve7\"],\"url\":\"https:\\\/\\\/algarve7.pt\\\/index.php\\\/author\\\/geralalgarve7-pt\\\/\"}]}<\/script>\n<!-- \/ Yoast SEO plugin. -->","yoast_head_json":{"title":"Nova t\u00e9cnica arqueol\u00f3gica revela a idade da pedra ar\u00e1bica Centro de Arqueologia da Universidade do Algarve - Algarve 7","description":"Nova t\u00e9cnica arqueol\u00f3gica revela a idade da pedra ar\u00e1bica Centro de Arqueologia da Universidade do Algarve Cultura","robots":{"index":"index","follow":"follow","max-snippet":"max-snippet:-1","max-image-preview":"max-image-preview:large","max-video-preview":"max-video-preview:-1"},"canonical":"https:\/\/algarve7.pt\/index.php\/2024\/11\/nova-tecnica-arqueologica-revela-a-idade-da-pedra-arabica-centro-de-arqueologia-da-universidade-do-algarve\/cultura\/07\/30\/","og_locale":"pt_PT","og_type":"article","og_title":"Nova t\u00e9cnica arqueol\u00f3gica revela a idade da pedra ar\u00e1bica Centro de Arqueologia da Universidade do Algarve - Algarve 7","og_description":"Nova t\u00e9cnica arqueol\u00f3gica revela a idade da pedra ar\u00e1bica Centro de Arqueologia da Universidade do Algarve Cultura","og_url":"https:\/\/algarve7.pt\/index.php\/2024\/11\/nova-tecnica-arqueologica-revela-a-idade-da-pedra-arabica-centro-de-arqueologia-da-universidade-do-algarve\/cultura\/07\/30\/","og_site_name":"Algarve 7","article_publisher":"https:\/\/www.facebook.com\/algarve7","article_author":"https:\/\/www.facebook.com\/algarve7","article_published_time":"2024-11-27T07:30:00+00:00","og_image":[{"width":800,"height":520,"url":"https:\/\/algarve7.pt\/wp-content\/uploads\/2024\/11\/primage_76875.jpeg","type":"image\/jpeg"}],"author":"Algarve 7","twitter_card":"summary_large_image","twitter_creator":"@Algarvesete","twitter_site":"@Algarvesete","twitter_misc":{"Escrito por":"Algarve 7","Tempo estimado de leitura":"3 minutos"},"schema":{"@context":"https:\/\/schema.org","@graph":[{"@type":"Article","@id":"https:\/\/algarve7.pt\/index.php\/2024\/11\/nova-tecnica-arqueologica-revela-a-idade-da-pedra-arabica-centro-de-arqueologia-da-universidade-do-algarve\/cultura\/07\/30\/#article","isPartOf":{"@id":"https:\/\/algarve7.pt\/index.php\/2024\/11\/nova-tecnica-arqueologica-revela-a-idade-da-pedra-arabica-centro-de-arqueologia-da-universidade-do-algarve\/cultura\/07\/30\/"},"author":{"name":"Algarve 7","@id":"https:\/\/algarve7.pt\/#\/schema\/person\/23fa70681308e7b319a3204bcea45e0c"},"headline":"Nova t\u00e9cnica arqueol\u00f3gica revela a idade da pedra ar\u00e1bica Centro de Arqueologia da Universidade do Algarve","datePublished":"2024-11-27T07:30:00+00:00","mainEntityOfPage":{"@id":"https:\/\/algarve7.pt\/index.php\/2024\/11\/nova-tecnica-arqueologica-revela-a-idade-da-pedra-arabica-centro-de-arqueologia-da-universidade-do-algarve\/cultura\/07\/30\/"},"wordCount":407,"publisher":{"@id":"https:\/\/algarve7.pt\/#organization"},"image":{"@id":"https:\/\/algarve7.pt\/index.php\/2024\/11\/nova-tecnica-arqueologica-revela-a-idade-da-pedra-arabica-centro-de-arqueologia-da-universidade-do-algarve\/cultura\/07\/30\/#primaryimage"},"thumbnailUrl":"https:\/\/algarve7.pt\/wp-content\/uploads\/2024\/11\/primage_76875.jpeg","keywords":["Algarve","Cultura","UALG"],"articleSection":["Cultura"],"inLanguage":"pt-PT"},{"@type":"WebPage","@id":"https:\/\/algarve7.pt\/index.php\/2024\/11\/nova-tecnica-arqueologica-revela-a-idade-da-pedra-arabica-centro-de-arqueologia-da-universidade-do-algarve\/cultura\/07\/30\/","url":"https:\/\/algarve7.pt\/index.php\/2024\/11\/nova-tecnica-arqueologica-revela-a-idade-da-pedra-arabica-centro-de-arqueologia-da-universidade-do-algarve\/cultura\/07\/30\/","name":"Nova t\u00e9cnica arqueol\u00f3gica revela a idade da pedra ar\u00e1bica Centro de Arqueologia da Universidade do Algarve - Algarve 7","isPartOf":{"@id":"https:\/\/algarve7.pt\/#website"},"primaryImageOfPage":{"@id":"https:\/\/algarve7.pt\/index.php\/2024\/11\/nova-tecnica-arqueologica-revela-a-idade-da-pedra-arabica-centro-de-arqueologia-da-universidade-do-algarve\/cultura\/07\/30\/#primaryimage"},"image":{"@id":"https:\/\/algarve7.pt\/index.php\/2024\/11\/nova-tecnica-arqueologica-revela-a-idade-da-pedra-arabica-centro-de-arqueologia-da-universidade-do-algarve\/cultura\/07\/30\/#primaryimage"},"thumbnailUrl":"https:\/\/algarve7.pt\/wp-content\/uploads\/2024\/11\/primage_76875.jpeg","datePublished":"2024-11-27T07:30:00+00:00","description":"Nova t\u00e9cnica arqueol\u00f3gica revela a idade da pedra ar\u00e1bica Centro de Arqueologia da Universidade do Algarve Cultura","breadcrumb":{"@id":"https:\/\/algarve7.pt\/index.php\/2024\/11\/nova-tecnica-arqueologica-revela-a-idade-da-pedra-arabica-centro-de-arqueologia-da-universidade-do-algarve\/cultura\/07\/30\/#breadcrumb"},"inLanguage":"pt-PT","potentialAction":[{"@type":"ReadAction","target":["https:\/\/algarve7.pt\/index.php\/2024\/11\/nova-tecnica-arqueologica-revela-a-idade-da-pedra-arabica-centro-de-arqueologia-da-universidade-do-algarve\/cultura\/07\/30\/"]}]},{"@type":"ImageObject","inLanguage":"pt-PT","@id":"https:\/\/algarve7.pt\/index.php\/2024\/11\/nova-tecnica-arqueologica-revela-a-idade-da-pedra-arabica-centro-de-arqueologia-da-universidade-do-algarve\/cultura\/07\/30\/#primaryimage","url":"https:\/\/algarve7.pt\/wp-content\/uploads\/2024\/11\/primage_76875.jpeg","contentUrl":"https:\/\/algarve7.pt\/wp-content\/uploads\/2024\/11\/primage_76875.jpeg","width":800,"height":520},{"@type":"BreadcrumbList","@id":"https:\/\/algarve7.pt\/index.php\/2024\/11\/nova-tecnica-arqueologica-revela-a-idade-da-pedra-arabica-centro-de-arqueologia-da-universidade-do-algarve\/cultura\/07\/30\/#breadcrumb","itemListElement":[{"@type":"ListItem","position":1,"name":"In\u00edcio","item":"https:\/\/algarve7.pt\/"},{"@type":"ListItem","position":2,"name":"Nova t\u00e9cnica arqueol\u00f3gica revela a idade da pedra ar\u00e1bica Centro de Arqueologia da Universidade do Algarve"}]},{"@type":"WebSite","@id":"https:\/\/algarve7.pt\/#website","url":"https:\/\/algarve7.pt\/","name":"Algarve 7","description":"Informa\u00e7\u00e3o sobre o Algarve","publisher":{"@id":"https:\/\/algarve7.pt\/#organization"},"potentialAction":[{"@type":"SearchAction","target":{"@type":"EntryPoint","urlTemplate":"https:\/\/algarve7.pt\/?s={search_term_string}"},"query-input":{"@type":"PropertyValueSpecification","valueRequired":true,"valueName":"search_term_string"}}],"inLanguage":"pt-PT"},{"@type":"Organization","@id":"https:\/\/algarve7.pt\/#organization","name":"Algarve 7","url":"https:\/\/algarve7.pt\/","logo":{"@type":"ImageObject","inLanguage":"pt-PT","@id":"https:\/\/algarve7.pt\/#\/schema\/logo\/image\/","url":"https:\/\/algarve7.pt\/wp-content\/uploads\/2020\/10\/Logo-8.jpg","contentUrl":"https:\/\/algarve7.pt\/wp-content\/uploads\/2020\/10\/Logo-8.jpg","width":1680,"height":1186,"caption":"Algarve 7"},"image":{"@id":"https:\/\/algarve7.pt\/#\/schema\/logo\/image\/"},"sameAs":["https:\/\/www.facebook.com\/algarve7","https:\/\/x.com\/Algarvesete","https:\/\/www.instagram.com\/jornalalgarve7\/","https:\/\/www.linkedin.com\/company\/algarve7","https:\/\/www.pinterest.pt\/geral0939\/_created\/"]},{"@type":"Person","@id":"https:\/\/algarve7.pt\/#\/schema\/person\/23fa70681308e7b319a3204bcea45e0c","name":"Algarve 7","sameAs":["https:\/\/algarve7.pt","https:\/\/www.facebook.com\/algarve7"],"url":"https:\/\/algarve7.pt\/index.php\/author\/geralalgarve7-pt\/"}]}},"jetpack_publicize_connections":[],"jetpack_featured_media_url":"https:\/\/algarve7.pt\/wp-content\/uploads\/2024\/11\/primage_76875.jpeg","jetpack_shortlink":"https:\/\/wp.me\/pcezmW-bFL","jetpack_sharing_enabled":true,"_links":{"self":[{"href":"https:\/\/algarve7.pt\/index.php\/wp-json\/wp\/v2\/posts\/44873","targetHints":{"allow":["GET"]}}],"collection":[{"href":"https:\/\/algarve7.pt\/index.php\/wp-json\/wp\/v2\/posts"}],"about":[{"href":"https:\/\/algarve7.pt\/index.php\/wp-json\/wp\/v2\/types\/post"}],"author":[{"embeddable":true,"href":"https:\/\/algarve7.pt\/index.php\/wp-json\/wp\/v2\/users\/1"}],"replies":[{"embeddable":true,"href":"https:\/\/algarve7.pt\/index.php\/wp-json\/wp\/v2\/comments?post=44873"}],"version-history":[{"count":0,"href":"https:\/\/algarve7.pt\/index.php\/wp-json\/wp\/v2\/posts\/44873\/revisions"}],"wp:featuredmedia":[{"embeddable":true,"href":"https:\/\/algarve7.pt\/index.php\/wp-json\/wp\/v2\/media\/44874"}],"wp:attachment":[{"href":"https:\/\/algarve7.pt\/index.php\/wp-json\/wp\/v2\/media?parent=44873"}],"wp:term":[{"taxonomy":"category","embeddable":true,"href":"https:\/\/algarve7.pt\/index.php\/wp-json\/wp\/v2\/categories?post=44873"},{"taxonomy":"post_tag","embeddable":true,"href":"https:\/\/algarve7.pt\/index.php\/wp-json\/wp\/v2\/tags?post=44873"}],"curies":[{"name":"wp","href":"https:\/\/api.w.org\/{rel}","templated":true}]}}