{"id":44790,"date":"2024-11-23T13:00:00","date_gmt":"2024-11-23T13:00:00","guid":{"rendered":"https:\/\/algarve7.pt\/?p=44790"},"modified":"2024-11-22T17:58:44","modified_gmt":"2024-11-22T17:58:44","slug":"gala-da-educacao-2024-homenagem-a-dedicacao-e-compromisso-com-o-futuro","status":"publish","type":"post","link":"https:\/\/algarve7.pt\/index.php\/2024\/11\/gala-da-educacao-2024-homenagem-a-dedicacao-e-compromisso-com-o-futuro\/atualidade\/13\/00\/","title":{"rendered":"Gala da Educa\u00e7\u00e3o 2024: Homenagem \u00e0 Dedica\u00e7\u00e3o e Compromisso com o Futuro"},"content":{"rendered":"\n<p>Na noite de 20 de novembro de 2024, o Munic\u00edpio de Lagoa celebrou, com grande entusiasmo e em ambiente de partilha, mais uma edi\u00e7\u00e3o da Gala da Educa\u00e7\u00e3o, um evento dedicado a valorizar o trabalho e o compromisso de todos os que contribuem para o desenvolvimento educacional no concelho.&nbsp;<\/p>\n\n\n\n<p>A abertura formal da Gala foi marcada por uma mensagem do Sr. Presidente da C\u00e2mara Municipal de Lagoa, Lu\u00eds Encarna\u00e7\u00e3o, que, por motivos de agenda, n\u00e3o p\u00f4de estar presente, mas enviou uma palavra de apre\u00e7o a todos os presentes pela dedica\u00e7\u00e3o \u00e0 causa da educa\u00e7\u00e3o. Seguiu-se a interven\u00e7\u00e3o de Eug\u00e9nia Narciso, Chefe de Equipa Multidisciplinar da Dire\u00e7\u00e3o de Servi\u00e7os da Regi\u00e3o do Algarve, em representa\u00e7\u00e3o da Delegada Regional de Educa\u00e7\u00e3o, Carla Fernandes.&nbsp;<\/p>\n\n\n\n<p>A noite teve ainda momentos de grande emo\u00e7\u00e3o, como a homenagem aos\/as aposentados\/as do ano letivo 2023\/2024, um reconhecimento pelo trabalho incans\u00e1vel de docentes e n\u00e3o docentes que dedicaram as suas carreiras \u00e0 forma\u00e7\u00e3o e desenvolvimento das crian\u00e7as e jovens do concelho.<\/p>\n\n\n\n<p>A Gala da Educa\u00e7\u00e3o foi, tamb\u00e9m, marcada pela colabora\u00e7\u00e3o ativa dos seniores do concelho, que, em parceria com os Centros Seniores de Carvoeiro, Lagoa, Mexilhoeira da Carrega\u00e7\u00e3o e Porches, bem como do Centro de Conv\u00edvio da ACD Che Lagoense e da Academia Cultural S\u00e9nior de Lagoa, contribu\u00edram para a decora\u00e7\u00e3o das mesas com bel\u00edssimos centros de mesa, que ser\u00e3o posteriormente reutilizados nos eventos de Natal.<\/p>\n\n\n\n<p>Ap\u00f3s a cerim\u00f3nia, os presentes puderam desfrutar de um jantar buffet, durante o qual foram projetados v\u00eddeos sobre os projetos educativos do concelho. A noite prosseguiu com um espet\u00e1culo musical, que proporcionou momentos de anima\u00e7\u00e3o e boa disposi\u00e7\u00e3o, com a banda 5Ex Band, garantindo que todos os presentes tivessem uma noite agrad\u00e1vel e memor\u00e1vel.<\/p>\n\n\n\n<p>Este evento reafirma o compromisso do Munic\u00edpio de Lagoa com a educa\u00e7\u00e3o, destacando a import\u00e2ncia de valorizar a comunidade educativa e todos os profissionais que, dia ap\u00f3s dia, trabalham em prol de um futuro melhor para as gera\u00e7\u00f5es vindouras.<\/p>\n\n\n\n<p>\u201c<em>A todos os educadores, docentes e n\u00e3o docentes, quero deixar um agradecimento profundo e sincero. O trabalho de cada um de v\u00f3s tem sido fundamental para que Lagoa seja hoje um concelho de refer\u00eancia na educa\u00e7\u00e3o, com uma oferta educativa diversificada, inclusiva e de qualidade. O vosso compromisso di\u00e1rio, dedica\u00e7\u00e3o e paix\u00e3o pela miss\u00e3o de ensinar t\u00eam sido a base s\u00f3lida para o desenvolvimento da nossa comunidade, e o vosso esfor\u00e7o n\u00e3o passa despercebido.<\/em><br><em>Para aqueles que continuam a dedicar-se a esta nobre atividade educativa, quero expressar a minha mais profunda admira\u00e7\u00e3o. O caminho que trilhamos juntos exige perseveran\u00e7a, criatividade e, acima de tudo, um grande amor pela educa\u00e7\u00e3o. O que fazemos hoje vai impactar o futuro das nossas crian\u00e7as e jovens, e cada um de voc\u00eas tem um papel fundamental nessa transforma\u00e7\u00e3o. O vosso trabalho di\u00e1rio \u00e9 a chave para o sucesso de cada aluno, e por isso, merecem o nosso reconhecimento e agradecimento. Continuem a servir a educa\u00e7\u00e3o com a mesma paix\u00e3o e dedica\u00e7\u00e3o que t\u00eam demonstrado at\u00e9 hoje. O vosso trabalho \u00e9 essencial, e temos a certeza de que, juntos, vamos continuar a construir um concelho onde a educa\u00e7\u00e3o \u00e9 uma prioridade.<\/em><br><em>Aos que se aposentam, desejo um futuro cheio de novas conquistas, sa\u00fade e felicidade. Sabemos que, mesmo fora da sala de aula e dos corredores das escolas, continuam a ser uma fonte de inspira\u00e7\u00e3o para todos n\u00f3s. Esta Gala \u00e9 a nossa forma de vos dizer, com toda a nossa gratid\u00e3o, que a vossa dedica\u00e7\u00e3o jamais ser\u00e1 esquecida. O legado de cada um de voc\u00eas ficar\u00e1 perpetuado nas mem\u00f3rias dos alunos e nas hist\u00f3rias que continuam a ser contadas pelas gera\u00e7\u00f5es que passaram pelas nossas escolas.<\/em><br><em>O nosso compromisso com a educa\u00e7\u00e3o, com os nossos professores, funcion\u00e1rios e com todos os que fazem parte deste processo, ser\u00e1 sempre uma prioridade. Continuaremos a trabalhar para garantir que cada aluno, cada comunidade escolar, tenha as melhores condi\u00e7\u00f5es para crescer, aprender e prosperar. A educa\u00e7\u00e3o \u00e9 o pilar que sustenta o futuro de todos, e com a colabora\u00e7\u00e3o de cada um de voc\u00eas, vamos continuar a fazer de Lagoa um concelho exemplar no campo da educa\u00e7\u00e3o.<\/em><br><em>Muito obrigado a todos por estarem aqui, por fazerem parte desta grande miss\u00e3o de educar e formar as novas gera\u00e7\u00f5es.<\/em>\u201d Lu\u00eds Encarna\u00e7\u00e3o, Presidente da C\u00e2mara Municipal de Lagoa.<\/p>\n","protected":false},"excerpt":{"rendered":"<p>Na noite de 20 de novembro de 2024, o Munic\u00edpio de Lagoa celebrou, com grande entusiasmo e em ambiente de<\/p>\n","protected":false},"author":1,"featured_media":44791,"comment_status":"closed","ping_status":"closed","sticky":false,"template":"","format":"standard","meta":{"colormag_page_container_layout":"default_layout","colormag_page_sidebar_layout":"default_layout","_monsterinsights_skip_tracking":false,"_monsterinsights_sitenote_active":false,"_monsterinsights_sitenote_note":"","_monsterinsights_sitenote_category":0,"jetpack_post_was_ever_published":false,"_jetpack_newsletter_access":"","_jetpack_dont_email_post_to_subs":false,"_jetpack_newsletter_tier_id":0,"_jetpack_memberships_contains_paywalled_content":false,"_jetpack_memberships_contains_paid_content":false,"footnotes":"","jetpack_publicize_message":"","jetpack_publicize_feature_enabled":true,"jetpack_social_post_already_shared":true,"jetpack_social_options":{"image_generator_settings":{"template":"highway","default_image_id":0,"font":"","enabled":false},"version":2}},"categories":[11],"tags":[36,62,48],"class_list":["post-44790","post","type-post","status-publish","format-standard","has-post-thumbnail","hentry","category-atualidade","tag-algarve","tag-atualidade","tag-lagoa"],"yoast_head":"<!-- This site is optimized with the Yoast SEO plugin v27.5 - https:\/\/yoast.com\/product\/yoast-seo-wordpress\/ -->\n<title>Gala da Educa\u00e7\u00e3o 2024: Homenagem \u00e0 Dedica\u00e7\u00e3o e Compromisso com o Futuro - Algarve 7<\/title>\n<meta name=\"description\" content=\"Gala da Educa\u00e7\u00e3o 2024: Homenagem \u00e0 Dedica\u00e7\u00e3o e Compromisso com o Futuro Atualidade\" \/>\n<meta name=\"robots\" content=\"index, follow, max-snippet:-1, max-image-preview:large, max-video-preview:-1\" \/>\n<link rel=\"canonical\" href=\"https:\/\/algarve7.pt\/index.php\/2024\/11\/gala-da-educacao-2024-homenagem-a-dedicacao-e-compromisso-com-o-futuro\/atualidade\/13\/00\/\" \/>\n<meta property=\"og:locale\" content=\"pt_PT\" \/>\n<meta property=\"og:type\" content=\"article\" \/>\n<meta property=\"og:title\" content=\"Gala da Educa\u00e7\u00e3o 2024: Homenagem \u00e0 Dedica\u00e7\u00e3o e Compromisso com o Futuro - Algarve 7\" \/>\n<meta property=\"og:description\" content=\"Gala da Educa\u00e7\u00e3o 2024: Homenagem \u00e0 Dedica\u00e7\u00e3o e Compromisso com o Futuro Atualidade\" \/>\n<meta property=\"og:url\" content=\"https:\/\/algarve7.pt\/index.php\/2024\/11\/gala-da-educacao-2024-homenagem-a-dedicacao-e-compromisso-com-o-futuro\/atualidade\/13\/00\/\" \/>\n<meta property=\"og:site_name\" content=\"Algarve 7\" \/>\n<meta property=\"article:publisher\" content=\"https:\/\/www.facebook.com\/algarve7\" \/>\n<meta property=\"article:author\" content=\"https:\/\/www.facebook.com\/algarve7\" \/>\n<meta property=\"article:published_time\" content=\"2024-11-23T13:00:00+00:00\" \/>\n<meta property=\"og:image\" content=\"https:\/\/algarve7.pt\/wp-content\/uploads\/2024\/11\/Captura-de-ecra-2024-11-22-as-17.55.52.png\" \/>\n\t<meta property=\"og:image:width\" content=\"1088\" \/>\n\t<meta property=\"og:image:height\" content=\"612\" \/>\n\t<meta property=\"og:image:type\" content=\"image\/png\" \/>\n<meta name=\"author\" content=\"Algarve 7\" \/>\n<meta name=\"twitter:card\" content=\"summary_large_image\" \/>\n<meta name=\"twitter:creator\" content=\"@Algarvesete\" \/>\n<meta name=\"twitter:site\" content=\"@Algarvesete\" \/>\n<meta name=\"twitter:label1\" content=\"Escrito por\" \/>\n\t<meta name=\"twitter:data1\" content=\"Algarve 7\" \/>\n\t<meta name=\"twitter:label2\" content=\"Tempo estimado de leitura\" \/>\n\t<meta name=\"twitter:data2\" content=\"5 minutos\" \/>\n<script type=\"application\/ld+json\" class=\"yoast-schema-graph\">{\"@context\":\"https:\\\/\\\/schema.org\",\"@graph\":[{\"@type\":\"Article\",\"@id\":\"https:\\\/\\\/algarve7.pt\\\/index.php\\\/2024\\\/11\\\/gala-da-educacao-2024-homenagem-a-dedicacao-e-compromisso-com-o-futuro\\\/atualidade\\\/13\\\/00\\\/#article\",\"isPartOf\":{\"@id\":\"https:\\\/\\\/algarve7.pt\\\/index.php\\\/2024\\\/11\\\/gala-da-educacao-2024-homenagem-a-dedicacao-e-compromisso-com-o-futuro\\\/atualidade\\\/13\\\/00\\\/\"},\"author\":{\"name\":\"Algarve 7\",\"@id\":\"https:\\\/\\\/algarve7.pt\\\/#\\\/schema\\\/person\\\/23fa70681308e7b319a3204bcea45e0c\"},\"headline\":\"Gala da Educa\u00e7\u00e3o 2024: Homenagem \u00e0 Dedica\u00e7\u00e3o e Compromisso com o Futuro\",\"datePublished\":\"2024-11-23T13:00:00+00:00\",\"mainEntityOfPage\":{\"@id\":\"https:\\\/\\\/algarve7.pt\\\/index.php\\\/2024\\\/11\\\/gala-da-educacao-2024-homenagem-a-dedicacao-e-compromisso-com-o-futuro\\\/atualidade\\\/13\\\/00\\\/\"},\"wordCount\":804,\"publisher\":{\"@id\":\"https:\\\/\\\/algarve7.pt\\\/#organization\"},\"image\":{\"@id\":\"https:\\\/\\\/algarve7.pt\\\/index.php\\\/2024\\\/11\\\/gala-da-educacao-2024-homenagem-a-dedicacao-e-compromisso-com-o-futuro\\\/atualidade\\\/13\\\/00\\\/#primaryimage\"},\"thumbnailUrl\":\"https:\\\/\\\/algarve7.pt\\\/wp-content\\\/uploads\\\/2024\\\/11\\\/Captura-de-ecra-2024-11-22-as-17.55.52.png\",\"keywords\":[\"Algarve\",\"Atualidade\",\"Lagoa\"],\"articleSection\":[\"Atualidade\"],\"inLanguage\":\"pt-PT\"},{\"@type\":\"WebPage\",\"@id\":\"https:\\\/\\\/algarve7.pt\\\/index.php\\\/2024\\\/11\\\/gala-da-educacao-2024-homenagem-a-dedicacao-e-compromisso-com-o-futuro\\\/atualidade\\\/13\\\/00\\\/\",\"url\":\"https:\\\/\\\/algarve7.pt\\\/index.php\\\/2024\\\/11\\\/gala-da-educacao-2024-homenagem-a-dedicacao-e-compromisso-com-o-futuro\\\/atualidade\\\/13\\\/00\\\/\",\"name\":\"Gala da Educa\u00e7\u00e3o 2024: Homenagem \u00e0 Dedica\u00e7\u00e3o e Compromisso com o Futuro - Algarve 7\",\"isPartOf\":{\"@id\":\"https:\\\/\\\/algarve7.pt\\\/#website\"},\"primaryImageOfPage\":{\"@id\":\"https:\\\/\\\/algarve7.pt\\\/index.php\\\/2024\\\/11\\\/gala-da-educacao-2024-homenagem-a-dedicacao-e-compromisso-com-o-futuro\\\/atualidade\\\/13\\\/00\\\/#primaryimage\"},\"image\":{\"@id\":\"https:\\\/\\\/algarve7.pt\\\/index.php\\\/2024\\\/11\\\/gala-da-educacao-2024-homenagem-a-dedicacao-e-compromisso-com-o-futuro\\\/atualidade\\\/13\\\/00\\\/#primaryimage\"},\"thumbnailUrl\":\"https:\\\/\\\/algarve7.pt\\\/wp-content\\\/uploads\\\/2024\\\/11\\\/Captura-de-ecra-2024-11-22-as-17.55.52.png\",\"datePublished\":\"2024-11-23T13:00:00+00:00\",\"description\":\"Gala da Educa\u00e7\u00e3o 2024: Homenagem \u00e0 Dedica\u00e7\u00e3o e Compromisso com o Futuro Atualidade\",\"breadcrumb\":{\"@id\":\"https:\\\/\\\/algarve7.pt\\\/index.php\\\/2024\\\/11\\\/gala-da-educacao-2024-homenagem-a-dedicacao-e-compromisso-com-o-futuro\\\/atualidade\\\/13\\\/00\\\/#breadcrumb\"},\"inLanguage\":\"pt-PT\",\"potentialAction\":[{\"@type\":\"ReadAction\",\"target\":[\"https:\\\/\\\/algarve7.pt\\\/index.php\\\/2024\\\/11\\\/gala-da-educacao-2024-homenagem-a-dedicacao-e-compromisso-com-o-futuro\\\/atualidade\\\/13\\\/00\\\/\"]}]},{\"@type\":\"ImageObject\",\"inLanguage\":\"pt-PT\",\"@id\":\"https:\\\/\\\/algarve7.pt\\\/index.php\\\/2024\\\/11\\\/gala-da-educacao-2024-homenagem-a-dedicacao-e-compromisso-com-o-futuro\\\/atualidade\\\/13\\\/00\\\/#primaryimage\",\"url\":\"https:\\\/\\\/algarve7.pt\\\/wp-content\\\/uploads\\\/2024\\\/11\\\/Captura-de-ecra-2024-11-22-as-17.55.52.png\",\"contentUrl\":\"https:\\\/\\\/algarve7.pt\\\/wp-content\\\/uploads\\\/2024\\\/11\\\/Captura-de-ecra-2024-11-22-as-17.55.52.png\",\"width\":1088,\"height\":612},{\"@type\":\"BreadcrumbList\",\"@id\":\"https:\\\/\\\/algarve7.pt\\\/index.php\\\/2024\\\/11\\\/gala-da-educacao-2024-homenagem-a-dedicacao-e-compromisso-com-o-futuro\\\/atualidade\\\/13\\\/00\\\/#breadcrumb\",\"itemListElement\":[{\"@type\":\"ListItem\",\"position\":1,\"name\":\"In\u00edcio\",\"item\":\"https:\\\/\\\/algarve7.pt\\\/\"},{\"@type\":\"ListItem\",\"position\":2,\"name\":\"Gala da Educa\u00e7\u00e3o 2024: Homenagem \u00e0 Dedica\u00e7\u00e3o e Compromisso com o Futuro\"}]},{\"@type\":\"WebSite\",\"@id\":\"https:\\\/\\\/algarve7.pt\\\/#website\",\"url\":\"https:\\\/\\\/algarve7.pt\\\/\",\"name\":\"Algarve 7\",\"description\":\"Informa\u00e7\u00e3o sobre o Algarve\",\"publisher\":{\"@id\":\"https:\\\/\\\/algarve7.pt\\\/#organization\"},\"potentialAction\":[{\"@type\":\"SearchAction\",\"target\":{\"@type\":\"EntryPoint\",\"urlTemplate\":\"https:\\\/\\\/algarve7.pt\\\/?s={search_term_string}\"},\"query-input\":{\"@type\":\"PropertyValueSpecification\",\"valueRequired\":true,\"valueName\":\"search_term_string\"}}],\"inLanguage\":\"pt-PT\"},{\"@type\":\"Organization\",\"@id\":\"https:\\\/\\\/algarve7.pt\\\/#organization\",\"name\":\"Algarve 7\",\"url\":\"https:\\\/\\\/algarve7.pt\\\/\",\"logo\":{\"@type\":\"ImageObject\",\"inLanguage\":\"pt-PT\",\"@id\":\"https:\\\/\\\/algarve7.pt\\\/#\\\/schema\\\/logo\\\/image\\\/\",\"url\":\"https:\\\/\\\/algarve7.pt\\\/wp-content\\\/uploads\\\/2020\\\/10\\\/Logo-8.jpg\",\"contentUrl\":\"https:\\\/\\\/algarve7.pt\\\/wp-content\\\/uploads\\\/2020\\\/10\\\/Logo-8.jpg\",\"width\":1680,\"height\":1186,\"caption\":\"Algarve 7\"},\"image\":{\"@id\":\"https:\\\/\\\/algarve7.pt\\\/#\\\/schema\\\/logo\\\/image\\\/\"},\"sameAs\":[\"https:\\\/\\\/www.facebook.com\\\/algarve7\",\"https:\\\/\\\/x.com\\\/Algarvesete\",\"https:\\\/\\\/www.instagram.com\\\/jornalalgarve7\\\/\",\"https:\\\/\\\/www.linkedin.com\\\/company\\\/algarve7\",\"https:\\\/\\\/www.pinterest.pt\\\/geral0939\\\/_created\\\/\"]},{\"@type\":\"Person\",\"@id\":\"https:\\\/\\\/algarve7.pt\\\/#\\\/schema\\\/person\\\/23fa70681308e7b319a3204bcea45e0c\",\"name\":\"Algarve 7\",\"sameAs\":[\"https:\\\/\\\/algarve7.pt\",\"https:\\\/\\\/www.facebook.com\\\/algarve7\"],\"url\":\"https:\\\/\\\/algarve7.pt\\\/index.php\\\/author\\\/geralalgarve7-pt\\\/\"}]}<\/script>\n<!-- \/ Yoast SEO plugin. -->","yoast_head_json":{"title":"Gala da Educa\u00e7\u00e3o 2024: Homenagem \u00e0 Dedica\u00e7\u00e3o e Compromisso com o Futuro - Algarve 7","description":"Gala da Educa\u00e7\u00e3o 2024: Homenagem \u00e0 Dedica\u00e7\u00e3o e Compromisso com o Futuro Atualidade","robots":{"index":"index","follow":"follow","max-snippet":"max-snippet:-1","max-image-preview":"max-image-preview:large","max-video-preview":"max-video-preview:-1"},"canonical":"https:\/\/algarve7.pt\/index.php\/2024\/11\/gala-da-educacao-2024-homenagem-a-dedicacao-e-compromisso-com-o-futuro\/atualidade\/13\/00\/","og_locale":"pt_PT","og_type":"article","og_title":"Gala da Educa\u00e7\u00e3o 2024: Homenagem \u00e0 Dedica\u00e7\u00e3o e Compromisso com o Futuro - Algarve 7","og_description":"Gala da Educa\u00e7\u00e3o 2024: Homenagem \u00e0 Dedica\u00e7\u00e3o e Compromisso com o Futuro Atualidade","og_url":"https:\/\/algarve7.pt\/index.php\/2024\/11\/gala-da-educacao-2024-homenagem-a-dedicacao-e-compromisso-com-o-futuro\/atualidade\/13\/00\/","og_site_name":"Algarve 7","article_publisher":"https:\/\/www.facebook.com\/algarve7","article_author":"https:\/\/www.facebook.com\/algarve7","article_published_time":"2024-11-23T13:00:00+00:00","og_image":[{"width":1088,"height":612,"url":"https:\/\/algarve7.pt\/wp-content\/uploads\/2024\/11\/Captura-de-ecra-2024-11-22-as-17.55.52.png","type":"image\/png"}],"author":"Algarve 7","twitter_card":"summary_large_image","twitter_creator":"@Algarvesete","twitter_site":"@Algarvesete","twitter_misc":{"Escrito por":"Algarve 7","Tempo estimado de leitura":"5 minutos"},"schema":{"@context":"https:\/\/schema.org","@graph":[{"@type":"Article","@id":"https:\/\/algarve7.pt\/index.php\/2024\/11\/gala-da-educacao-2024-homenagem-a-dedicacao-e-compromisso-com-o-futuro\/atualidade\/13\/00\/#article","isPartOf":{"@id":"https:\/\/algarve7.pt\/index.php\/2024\/11\/gala-da-educacao-2024-homenagem-a-dedicacao-e-compromisso-com-o-futuro\/atualidade\/13\/00\/"},"author":{"name":"Algarve 7","@id":"https:\/\/algarve7.pt\/#\/schema\/person\/23fa70681308e7b319a3204bcea45e0c"},"headline":"Gala da Educa\u00e7\u00e3o 2024: Homenagem \u00e0 Dedica\u00e7\u00e3o e Compromisso com o Futuro","datePublished":"2024-11-23T13:00:00+00:00","mainEntityOfPage":{"@id":"https:\/\/algarve7.pt\/index.php\/2024\/11\/gala-da-educacao-2024-homenagem-a-dedicacao-e-compromisso-com-o-futuro\/atualidade\/13\/00\/"},"wordCount":804,"publisher":{"@id":"https:\/\/algarve7.pt\/#organization"},"image":{"@id":"https:\/\/algarve7.pt\/index.php\/2024\/11\/gala-da-educacao-2024-homenagem-a-dedicacao-e-compromisso-com-o-futuro\/atualidade\/13\/00\/#primaryimage"},"thumbnailUrl":"https:\/\/algarve7.pt\/wp-content\/uploads\/2024\/11\/Captura-de-ecra-2024-11-22-as-17.55.52.png","keywords":["Algarve","Atualidade","Lagoa"],"articleSection":["Atualidade"],"inLanguage":"pt-PT"},{"@type":"WebPage","@id":"https:\/\/algarve7.pt\/index.php\/2024\/11\/gala-da-educacao-2024-homenagem-a-dedicacao-e-compromisso-com-o-futuro\/atualidade\/13\/00\/","url":"https:\/\/algarve7.pt\/index.php\/2024\/11\/gala-da-educacao-2024-homenagem-a-dedicacao-e-compromisso-com-o-futuro\/atualidade\/13\/00\/","name":"Gala da Educa\u00e7\u00e3o 2024: Homenagem \u00e0 Dedica\u00e7\u00e3o e Compromisso com o Futuro - Algarve 7","isPartOf":{"@id":"https:\/\/algarve7.pt\/#website"},"primaryImageOfPage":{"@id":"https:\/\/algarve7.pt\/index.php\/2024\/11\/gala-da-educacao-2024-homenagem-a-dedicacao-e-compromisso-com-o-futuro\/atualidade\/13\/00\/#primaryimage"},"image":{"@id":"https:\/\/algarve7.pt\/index.php\/2024\/11\/gala-da-educacao-2024-homenagem-a-dedicacao-e-compromisso-com-o-futuro\/atualidade\/13\/00\/#primaryimage"},"thumbnailUrl":"https:\/\/algarve7.pt\/wp-content\/uploads\/2024\/11\/Captura-de-ecra-2024-11-22-as-17.55.52.png","datePublished":"2024-11-23T13:00:00+00:00","description":"Gala da Educa\u00e7\u00e3o 2024: Homenagem \u00e0 Dedica\u00e7\u00e3o e Compromisso com o Futuro Atualidade","breadcrumb":{"@id":"https:\/\/algarve7.pt\/index.php\/2024\/11\/gala-da-educacao-2024-homenagem-a-dedicacao-e-compromisso-com-o-futuro\/atualidade\/13\/00\/#breadcrumb"},"inLanguage":"pt-PT","potentialAction":[{"@type":"ReadAction","target":["https:\/\/algarve7.pt\/index.php\/2024\/11\/gala-da-educacao-2024-homenagem-a-dedicacao-e-compromisso-com-o-futuro\/atualidade\/13\/00\/"]}]},{"@type":"ImageObject","inLanguage":"pt-PT","@id":"https:\/\/algarve7.pt\/index.php\/2024\/11\/gala-da-educacao-2024-homenagem-a-dedicacao-e-compromisso-com-o-futuro\/atualidade\/13\/00\/#primaryimage","url":"https:\/\/algarve7.pt\/wp-content\/uploads\/2024\/11\/Captura-de-ecra-2024-11-22-as-17.55.52.png","contentUrl":"https:\/\/algarve7.pt\/wp-content\/uploads\/2024\/11\/Captura-de-ecra-2024-11-22-as-17.55.52.png","width":1088,"height":612},{"@type":"BreadcrumbList","@id":"https:\/\/algarve7.pt\/index.php\/2024\/11\/gala-da-educacao-2024-homenagem-a-dedicacao-e-compromisso-com-o-futuro\/atualidade\/13\/00\/#breadcrumb","itemListElement":[{"@type":"ListItem","position":1,"name":"In\u00edcio","item":"https:\/\/algarve7.pt\/"},{"@type":"ListItem","position":2,"name":"Gala da Educa\u00e7\u00e3o 2024: Homenagem \u00e0 Dedica\u00e7\u00e3o e Compromisso com o Futuro"}]},{"@type":"WebSite","@id":"https:\/\/algarve7.pt\/#website","url":"https:\/\/algarve7.pt\/","name":"Algarve 7","description":"Informa\u00e7\u00e3o sobre o Algarve","publisher":{"@id":"https:\/\/algarve7.pt\/#organization"},"potentialAction":[{"@type":"SearchAction","target":{"@type":"EntryPoint","urlTemplate":"https:\/\/algarve7.pt\/?s={search_term_string}"},"query-input":{"@type":"PropertyValueSpecification","valueRequired":true,"valueName":"search_term_string"}}],"inLanguage":"pt-PT"},{"@type":"Organization","@id":"https:\/\/algarve7.pt\/#organization","name":"Algarve 7","url":"https:\/\/algarve7.pt\/","logo":{"@type":"ImageObject","inLanguage":"pt-PT","@id":"https:\/\/algarve7.pt\/#\/schema\/logo\/image\/","url":"https:\/\/algarve7.pt\/wp-content\/uploads\/2020\/10\/Logo-8.jpg","contentUrl":"https:\/\/algarve7.pt\/wp-content\/uploads\/2020\/10\/Logo-8.jpg","width":1680,"height":1186,"caption":"Algarve 7"},"image":{"@id":"https:\/\/algarve7.pt\/#\/schema\/logo\/image\/"},"sameAs":["https:\/\/www.facebook.com\/algarve7","https:\/\/x.com\/Algarvesete","https:\/\/www.instagram.com\/jornalalgarve7\/","https:\/\/www.linkedin.com\/company\/algarve7","https:\/\/www.pinterest.pt\/geral0939\/_created\/"]},{"@type":"Person","@id":"https:\/\/algarve7.pt\/#\/schema\/person\/23fa70681308e7b319a3204bcea45e0c","name":"Algarve 7","sameAs":["https:\/\/algarve7.pt","https:\/\/www.facebook.com\/algarve7"],"url":"https:\/\/algarve7.pt\/index.php\/author\/geralalgarve7-pt\/"}]}},"jetpack_publicize_connections":[],"jetpack_featured_media_url":"https:\/\/algarve7.pt\/wp-content\/uploads\/2024\/11\/Captura-de-ecra-2024-11-22-as-17.55.52.png","jetpack_shortlink":"https:\/\/wp.me\/pcezmW-bEq","jetpack_sharing_enabled":true,"_links":{"self":[{"href":"https:\/\/algarve7.pt\/index.php\/wp-json\/wp\/v2\/posts\/44790","targetHints":{"allow":["GET"]}}],"collection":[{"href":"https:\/\/algarve7.pt\/index.php\/wp-json\/wp\/v2\/posts"}],"about":[{"href":"https:\/\/algarve7.pt\/index.php\/wp-json\/wp\/v2\/types\/post"}],"author":[{"embeddable":true,"href":"https:\/\/algarve7.pt\/index.php\/wp-json\/wp\/v2\/users\/1"}],"replies":[{"embeddable":true,"href":"https:\/\/algarve7.pt\/index.php\/wp-json\/wp\/v2\/comments?post=44790"}],"version-history":[{"count":0,"href":"https:\/\/algarve7.pt\/index.php\/wp-json\/wp\/v2\/posts\/44790\/revisions"}],"wp:featuredmedia":[{"embeddable":true,"href":"https:\/\/algarve7.pt\/index.php\/wp-json\/wp\/v2\/media\/44791"}],"wp:attachment":[{"href":"https:\/\/algarve7.pt\/index.php\/wp-json\/wp\/v2\/media?parent=44790"}],"wp:term":[{"taxonomy":"category","embeddable":true,"href":"https:\/\/algarve7.pt\/index.php\/wp-json\/wp\/v2\/categories?post=44790"},{"taxonomy":"post_tag","embeddable":true,"href":"https:\/\/algarve7.pt\/index.php\/wp-json\/wp\/v2\/tags?post=44790"}],"curies":[{"name":"wp","href":"https:\/\/api.w.org\/{rel}","templated":true}]}}