{"id":44738,"date":"2024-11-22T10:20:15","date_gmt":"2024-11-22T10:20:15","guid":{"rendered":"https:\/\/algarve7.pt\/?p=44738"},"modified":"2024-11-22T10:20:18","modified_gmt":"2024-11-22T10:20:18","slug":"novos-orgaos-sociais-da-aheta-tomaram-posse-para-o-proximo-trienio","status":"publish","type":"post","link":"https:\/\/algarve7.pt\/index.php\/2024\/11\/novos-orgaos-sociais-da-aheta-tomaram-posse-para-o-proximo-trienio\/turismo\/10\/20\/","title":{"rendered":"Novos \u00f3rg\u00e3os sociais da AHETA tomaram posse para o pr\u00f3ximo tri\u00e9nio"},"content":{"rendered":"\n<p>O Hotel Al\u00edsios, em Albufeira, recebeu, no dia 20 de novembro, a cerim\u00f3nia de tomada de posse dos \u00f3rg\u00e3os sociais da AHETA \u2013 Associa\u00e7\u00e3o dos Hot\u00e9is e Empreendimentos Tur\u00edsticos do Algarve para o tri\u00e9nio 2025\u20132027. Na ocasi\u00e3o, estiveram presentes diversas individualidades ligadas direta e indiretamente ao turismo e a representar o Governo esteve o Secret\u00e1rio de Estado do Turismo, Pedro Machado.<\/p>\n\n\n\n<p>Coube ao presidente da Assembleia Geral da AHETA dar in\u00edcio aos discursos, com M\u00e1rio Ferreira a lembrar os v\u00e1rios problemas que \u201ctardam em encontrar resposta por parte dos sucessivos governos\u201d, como a escassez de \u00e1gua, a falta de transportes p\u00fablicos, de cuidados de sa\u00fade, entre outros. \u201cApesar disso, o Algarve persiste em somar bons recordes de resultados tur\u00edsticos, em todos os indicadores de refer\u00eancia. \u00c9 caso para perguntar como seriam esses indicadores, se fosse implementado e concretizado um plano estrat\u00e9gico de investimentos para o Algarve que resolvesse esses problemas\u201d, referiu.<\/p>\n\n\n\n<p>No seu discurso de tomada de posse para um segundo mandato na presid\u00eancia da dire\u00e7\u00e3o da AHETA, H\u00e9lder Martins come\u00e7ou por fazer um balan\u00e7o do trabalho realizado pela associa\u00e7\u00e3o nos \u00faltimos tr\u00eas anos. \u201cTrabalh\u00e1mos com muito rigor, com muita alegria e com muita satisfa\u00e7\u00e3o, em prol dos nossos associados e, no fundo, do turismo do Algarve\u201d. Antes de especificar algumas das metas para o futuro, o respons\u00e1vel fez quest\u00e3o de manifestar o seu \u201corgulho por termos aqui hoje a quase totalidade das associa\u00e7\u00f5es empresariais\u201d. \u201cIsso \u00e9 bom, porque temos de estar unidos, na defesa do que \u00e9 o nosso objetivo\u201d, considerou.<\/p>\n\n\n\n<p>Al\u00e9m da parceria com outras associa\u00e7\u00f5es, H\u00e9lder Martins real\u00e7ou igualmente a import\u00e2ncia da colabora\u00e7\u00e3o estreita entre a AHETA e a AMAL, esperando que, neste mandato, \u201cpossamos desenvolver com os presidentes de c\u00e2mara do Algarve um conjunto de trabalhos fundamentais\u201d. Entre as v\u00e1rias metas que a AHETA tem para o futuro est\u00e1 a \u201caposta na forma\u00e7\u00e3o dos profissionais do setor, para melhorar a nossa oferta\u201d, estando, para tal, a preparar projetos nesse \u00e2mbito. Ainda em mat\u00e9ria de recursos humanos, o respons\u00e1vel associativo apelou \u00e0 necessidade de se criar ferramentas que permitam aos empres\u00e1rios proporcionar alojamento aos funcion\u00e1rios que v\u00eam de fora.<\/p>\n\n\n\n<p>Outra quest\u00e3o que H\u00e9lder Martins considera premente est\u00e1 relacionada com as requalifica\u00e7\u00f5es de alguns hot\u00e9is com 40 ou 50 anos situados em locais estrat\u00e9gicos, cuja concretiza\u00e7\u00e3o \u201crequer financiamentos do Turismo de Portugal, que esperamos que venham a ser viabilizados\u201d. O dirigente associativo espera tamb\u00e9m conseguir, \u201cem conjunto com os meus colegas das outras associa\u00e7\u00f5es, a uniformiza\u00e7\u00e3o da taxa tur\u00edstica\u201d, para deixar de haver crit\u00e9rios diferentes de aplicabilidade entre os munic\u00edpios. H\u00e9lder Martins aproveitou o discurso da tomada de posse para anunciar que est\u00e1 a ser organizado, com o KIPT da Universidade do Algarve, \u201cum grande evento de celebra\u00e7\u00e3o dos 30 anos da AHETA\u201d, que acontecer\u00e1 a 29 de maio de 2025, no Pal\u00e1cio de Congressos do Algarve, nos Salgados.<\/p>\n\n\n\n<p>Tamb\u00e9m convidado a discursar, o presidente da C\u00e2mara Municipal de Albufeira, Jos\u00e9 Carlos Rolo, disponibilizou-se \u201cpara estar sempre ao lado da AHETA naquilo que for preciso, porque \u00e9 extremamente importante discutirmos estrat\u00e9gias com quem tem um conhecimento mais profundo do setor\u201d. No uso da palavra, o Secret\u00e1rio de Estado do Turismo renovou votos de muito sucesso aos novos \u00f3rg\u00e3os sociais da AHETA, enfatizando que \u201cas associa\u00e7\u00f5es t\u00eam um papel insubstitu\u00edvel que \u00e9 o de olhar para o interesse das empresas e dos empres\u00e1rios de um mesmo territ\u00f3rio\u201d.Para Pedro Machado, \u201c\u00e9 \u00e0s empresas e aos empres\u00e1rios que Portugal deve este momento de afirma\u00e7\u00e3o, de reposicionamento e de competitividade a n\u00edvel internacional\u201d, a par da \u201cconsist\u00eancia, da previsibilidade e da pol\u00edtica p\u00fablica que o pa\u00eds assumiu h\u00e1 d\u00e9cadas\u201d para a ind\u00fastria do turismo.<\/p>\n\n\n\n<p>A cerim\u00f3nia ficou marcada por um minuto de sil\u00eancio em homenagem a Elid\u00e9rico Viegas, recentemente falecido, o qual presidiu a AHETA desde a sua funda\u00e7\u00e3o, em 1995, e at\u00e9 2022. A AHETA tem atualmente mais de tr\u00eas centenas de associados das mais diversas \u00e1reas ligadas \u00e0 atividade tur\u00edstica na regi\u00e3o.<\/p>\n\n\n\n<p>Constitui\u00e7\u00e3o dos \u00f3rg\u00e3os sociais da AHETA<\/p>\n\n\n\n<p>Assembleia Geral<\/p>\n\n\n\n<p>Presidente: M\u00e1rio Ferreira, PG Hotels &amp; Resorts, Lda.<\/p>\n\n\n\n<p>Vice-Presidente: Maria do Ros\u00e1rio Ribeiro, Vila Gal\u00e9 S.A.<\/p>\n\n\n\n<p>Secret\u00e1rio: Jos\u00e9 Em\u00eddio, AGT, S.A.<\/p>\n\n\n\n<p>Orlando Lopes, Mogal, Inv. Tur Hoteleiros S.A.<\/p>\n\n\n\n<p>Dire\u00e7\u00e3o<\/p>\n\n\n\n<p>Presidente: H\u00e9lder Martins, Pedras d\u2019el Rei, Gest\u00e3o e Turismo, S.A.<\/p>\n\n\n\n<p>Vice-Presidente: Joel Pais, Solverde, S.A.<\/p>\n\n\n\n<p>Vice-Presidente: Jorge Beldade, Minor Hotels Portim\u00e3o, S.A.<\/p>\n\n\n\n<p>Vice-Presidente: Jos\u00e9 Vila-Nova, Vila Vita Parc, Lda.<\/p>\n\n\n\n<p>Vice-Presidente: Martinho Fortunato, Marlagos, In. Tur\u00edsticas, S.A.<\/p>\n\n\n\n<p>Vice-Presidente: Pedro Lopes, Salvor, S.A.<\/p>\n\n\n\n<p>Vice-Presidente: Reinaldo Teixeira, Garvetur, Ag. Imobili\u00e1ria, S.A.<\/p>\n\n\n\n<p>Vice-Presidente: S\u00e9rgio Leandro, SGEHR, Soc Gestora e Exp. Hot\u00e9is e Resorts, S.A.<\/p>\n\n\n\n<p>Vice-Presidente: Teresa Bispo, Pedra dos Bicos, S.A.<\/p>\n\n\n\n<p>Jos\u00e9 Carlos Leandro, Al\u00edsios II, Imob. Turismo, S.A.<\/p>\n\n\n\n<p>Jos\u00e9 Queiroga Valentim, Pedras da Rainha, At. Tur\u00edsticas, S.A.<\/p>\n\n\n\n<p>Carlos Viegas, Sociedade Tur\u00edstica Vasco da Gama, S.A.<\/p>\n\n\n\n<p>Conselho Fiscal<\/p>\n\n\n\n<p>Presidente: Francisco de Moser, Details Hotels &amp; Resorts, S.A.<\/p>\n\n\n\n<p>Vice-Presidente: Rui Justo, Balvil Gest\u00e3o Emp. Tur\u00edsticos Lda.<\/p>\n\n\n\n<p>Secret\u00e1rio: Rui Costa, Alboltur, Soc. Hoteleira Lda.<\/p>\n","protected":false},"excerpt":{"rendered":"<p>O Hotel Al\u00edsios, em Albufeira, recebeu, no dia 20 de novembro, a cerim\u00f3nia de tomada de posse dos \u00f3rg\u00e3os sociais<\/p>\n","protected":false},"author":1,"featured_media":44739,"comment_status":"closed","ping_status":"closed","sticky":false,"template":"","format":"standard","meta":{"colormag_page_container_layout":"default_layout","colormag_page_sidebar_layout":"default_layout","_monsterinsights_skip_tracking":false,"_monsterinsights_sitenote_active":false,"_monsterinsights_sitenote_note":"","_monsterinsights_sitenote_category":0,"jetpack_post_was_ever_published":false,"_jetpack_newsletter_access":"","_jetpack_dont_email_post_to_subs":false,"_jetpack_newsletter_tier_id":0,"_jetpack_memberships_contains_paywalled_content":false,"_jetpack_memberships_contains_paid_content":false,"footnotes":"","jetpack_publicize_message":"","jetpack_publicize_feature_enabled":true,"jetpack_social_post_already_shared":true,"jetpack_social_options":{"image_generator_settings":{"template":"highway","default_image_id":0,"font":"","enabled":false},"version":2}},"categories":[17],"tags":[262,36,45],"class_list":["post-44738","post","type-post","status-publish","format-standard","has-post-thumbnail","hentry","category-turismo","tag-aheta","tag-algarve","tag-turismo"],"yoast_head":"<!-- This site is optimized with the Yoast SEO plugin v27.5 - https:\/\/yoast.com\/product\/yoast-seo-wordpress\/ -->\n<title>Novos \u00f3rg\u00e3os sociais da AHETA tomaram posse para o pr\u00f3ximo tri\u00e9nio - Algarve 7<\/title>\n<meta name=\"description\" content=\"Novos \u00f3rg\u00e3os sociais da AHETA tomaram posse para o pr\u00f3ximo tri\u00e9nio Turismo\" \/>\n<meta name=\"robots\" content=\"index, follow, max-snippet:-1, max-image-preview:large, max-video-preview:-1\" \/>\n<link rel=\"canonical\" href=\"https:\/\/algarve7.pt\/index.php\/2024\/11\/novos-orgaos-sociais-da-aheta-tomaram-posse-para-o-proximo-trienio\/turismo\/10\/20\/\" \/>\n<meta property=\"og:locale\" content=\"pt_PT\" \/>\n<meta property=\"og:type\" content=\"article\" \/>\n<meta property=\"og:title\" content=\"Novos \u00f3rg\u00e3os sociais da AHETA tomaram posse para o pr\u00f3ximo tri\u00e9nio - Algarve 7\" \/>\n<meta property=\"og:description\" content=\"Novos \u00f3rg\u00e3os sociais da AHETA tomaram posse para o pr\u00f3ximo tri\u00e9nio Turismo\" \/>\n<meta property=\"og:url\" content=\"https:\/\/algarve7.pt\/index.php\/2024\/11\/novos-orgaos-sociais-da-aheta-tomaram-posse-para-o-proximo-trienio\/turismo\/10\/20\/\" \/>\n<meta property=\"og:site_name\" content=\"Algarve 7\" \/>\n<meta property=\"article:publisher\" content=\"https:\/\/www.facebook.com\/algarve7\" \/>\n<meta property=\"article:author\" content=\"https:\/\/www.facebook.com\/algarve7\" \/>\n<meta property=\"article:published_time\" content=\"2024-11-22T10:20:15+00:00\" \/>\n<meta property=\"article:modified_time\" content=\"2024-11-22T10:20:18+00:00\" \/>\n<meta property=\"og:image\" content=\"https:\/\/algarve7.pt\/wp-content\/uploads\/2024\/11\/image002.jpg\" \/>\n\t<meta property=\"og:image:width\" content=\"801\" \/>\n\t<meta property=\"og:image:height\" content=\"450\" \/>\n\t<meta property=\"og:image:type\" content=\"image\/jpeg\" \/>\n<meta name=\"author\" content=\"Algarve 7\" \/>\n<meta name=\"twitter:card\" content=\"summary_large_image\" \/>\n<meta name=\"twitter:creator\" content=\"@Algarvesete\" \/>\n<meta name=\"twitter:site\" content=\"@Algarvesete\" \/>\n<meta name=\"twitter:label1\" content=\"Escrito por\" \/>\n\t<meta name=\"twitter:data1\" content=\"Algarve 7\" \/>\n\t<meta name=\"twitter:label2\" content=\"Tempo estimado de leitura\" \/>\n\t<meta name=\"twitter:data2\" content=\"5 minutos\" \/>\n<script type=\"application\/ld+json\" class=\"yoast-schema-graph\">{\"@context\":\"https:\\\/\\\/schema.org\",\"@graph\":[{\"@type\":\"Article\",\"@id\":\"https:\\\/\\\/algarve7.pt\\\/index.php\\\/2024\\\/11\\\/novos-orgaos-sociais-da-aheta-tomaram-posse-para-o-proximo-trienio\\\/turismo\\\/10\\\/20\\\/#article\",\"isPartOf\":{\"@id\":\"https:\\\/\\\/algarve7.pt\\\/index.php\\\/2024\\\/11\\\/novos-orgaos-sociais-da-aheta-tomaram-posse-para-o-proximo-trienio\\\/turismo\\\/10\\\/20\\\/\"},\"author\":{\"name\":\"Algarve 7\",\"@id\":\"https:\\\/\\\/algarve7.pt\\\/#\\\/schema\\\/person\\\/23fa70681308e7b319a3204bcea45e0c\"},\"headline\":\"Novos \u00f3rg\u00e3os sociais da AHETA tomaram posse para o pr\u00f3ximo tri\u00e9nio\",\"datePublished\":\"2024-11-22T10:20:15+00:00\",\"dateModified\":\"2024-11-22T10:20:18+00:00\",\"mainEntityOfPage\":{\"@id\":\"https:\\\/\\\/algarve7.pt\\\/index.php\\\/2024\\\/11\\\/novos-orgaos-sociais-da-aheta-tomaram-posse-para-o-proximo-trienio\\\/turismo\\\/10\\\/20\\\/\"},\"wordCount\":924,\"publisher\":{\"@id\":\"https:\\\/\\\/algarve7.pt\\\/#organization\"},\"image\":{\"@id\":\"https:\\\/\\\/algarve7.pt\\\/index.php\\\/2024\\\/11\\\/novos-orgaos-sociais-da-aheta-tomaram-posse-para-o-proximo-trienio\\\/turismo\\\/10\\\/20\\\/#primaryimage\"},\"thumbnailUrl\":\"https:\\\/\\\/algarve7.pt\\\/wp-content\\\/uploads\\\/2024\\\/11\\\/image002.jpg\",\"keywords\":[\"AHETA\",\"Algarve\",\"Turismo\"],\"articleSection\":[\"Turismo\"],\"inLanguage\":\"pt-PT\"},{\"@type\":\"WebPage\",\"@id\":\"https:\\\/\\\/algarve7.pt\\\/index.php\\\/2024\\\/11\\\/novos-orgaos-sociais-da-aheta-tomaram-posse-para-o-proximo-trienio\\\/turismo\\\/10\\\/20\\\/\",\"url\":\"https:\\\/\\\/algarve7.pt\\\/index.php\\\/2024\\\/11\\\/novos-orgaos-sociais-da-aheta-tomaram-posse-para-o-proximo-trienio\\\/turismo\\\/10\\\/20\\\/\",\"name\":\"Novos \u00f3rg\u00e3os sociais da AHETA tomaram posse para o pr\u00f3ximo tri\u00e9nio - Algarve 7\",\"isPartOf\":{\"@id\":\"https:\\\/\\\/algarve7.pt\\\/#website\"},\"primaryImageOfPage\":{\"@id\":\"https:\\\/\\\/algarve7.pt\\\/index.php\\\/2024\\\/11\\\/novos-orgaos-sociais-da-aheta-tomaram-posse-para-o-proximo-trienio\\\/turismo\\\/10\\\/20\\\/#primaryimage\"},\"image\":{\"@id\":\"https:\\\/\\\/algarve7.pt\\\/index.php\\\/2024\\\/11\\\/novos-orgaos-sociais-da-aheta-tomaram-posse-para-o-proximo-trienio\\\/turismo\\\/10\\\/20\\\/#primaryimage\"},\"thumbnailUrl\":\"https:\\\/\\\/algarve7.pt\\\/wp-content\\\/uploads\\\/2024\\\/11\\\/image002.jpg\",\"datePublished\":\"2024-11-22T10:20:15+00:00\",\"dateModified\":\"2024-11-22T10:20:18+00:00\",\"description\":\"Novos \u00f3rg\u00e3os sociais da AHETA tomaram posse para o pr\u00f3ximo tri\u00e9nio Turismo\",\"breadcrumb\":{\"@id\":\"https:\\\/\\\/algarve7.pt\\\/index.php\\\/2024\\\/11\\\/novos-orgaos-sociais-da-aheta-tomaram-posse-para-o-proximo-trienio\\\/turismo\\\/10\\\/20\\\/#breadcrumb\"},\"inLanguage\":\"pt-PT\",\"potentialAction\":[{\"@type\":\"ReadAction\",\"target\":[\"https:\\\/\\\/algarve7.pt\\\/index.php\\\/2024\\\/11\\\/novos-orgaos-sociais-da-aheta-tomaram-posse-para-o-proximo-trienio\\\/turismo\\\/10\\\/20\\\/\"]}]},{\"@type\":\"ImageObject\",\"inLanguage\":\"pt-PT\",\"@id\":\"https:\\\/\\\/algarve7.pt\\\/index.php\\\/2024\\\/11\\\/novos-orgaos-sociais-da-aheta-tomaram-posse-para-o-proximo-trienio\\\/turismo\\\/10\\\/20\\\/#primaryimage\",\"url\":\"https:\\\/\\\/algarve7.pt\\\/wp-content\\\/uploads\\\/2024\\\/11\\\/image002.jpg\",\"contentUrl\":\"https:\\\/\\\/algarve7.pt\\\/wp-content\\\/uploads\\\/2024\\\/11\\\/image002.jpg\",\"width\":801,\"height\":450},{\"@type\":\"BreadcrumbList\",\"@id\":\"https:\\\/\\\/algarve7.pt\\\/index.php\\\/2024\\\/11\\\/novos-orgaos-sociais-da-aheta-tomaram-posse-para-o-proximo-trienio\\\/turismo\\\/10\\\/20\\\/#breadcrumb\",\"itemListElement\":[{\"@type\":\"ListItem\",\"position\":1,\"name\":\"In\u00edcio\",\"item\":\"https:\\\/\\\/algarve7.pt\\\/\"},{\"@type\":\"ListItem\",\"position\":2,\"name\":\"Novos \u00f3rg\u00e3os sociais da AHETA tomaram posse para o pr\u00f3ximo tri\u00e9nio\"}]},{\"@type\":\"WebSite\",\"@id\":\"https:\\\/\\\/algarve7.pt\\\/#website\",\"url\":\"https:\\\/\\\/algarve7.pt\\\/\",\"name\":\"Algarve 7\",\"description\":\"Informa\u00e7\u00e3o sobre o Algarve\",\"publisher\":{\"@id\":\"https:\\\/\\\/algarve7.pt\\\/#organization\"},\"potentialAction\":[{\"@type\":\"SearchAction\",\"target\":{\"@type\":\"EntryPoint\",\"urlTemplate\":\"https:\\\/\\\/algarve7.pt\\\/?s={search_term_string}\"},\"query-input\":{\"@type\":\"PropertyValueSpecification\",\"valueRequired\":true,\"valueName\":\"search_term_string\"}}],\"inLanguage\":\"pt-PT\"},{\"@type\":\"Organization\",\"@id\":\"https:\\\/\\\/algarve7.pt\\\/#organization\",\"name\":\"Algarve 7\",\"url\":\"https:\\\/\\\/algarve7.pt\\\/\",\"logo\":{\"@type\":\"ImageObject\",\"inLanguage\":\"pt-PT\",\"@id\":\"https:\\\/\\\/algarve7.pt\\\/#\\\/schema\\\/logo\\\/image\\\/\",\"url\":\"https:\\\/\\\/algarve7.pt\\\/wp-content\\\/uploads\\\/2020\\\/10\\\/Logo-8.jpg\",\"contentUrl\":\"https:\\\/\\\/algarve7.pt\\\/wp-content\\\/uploads\\\/2020\\\/10\\\/Logo-8.jpg\",\"width\":1680,\"height\":1186,\"caption\":\"Algarve 7\"},\"image\":{\"@id\":\"https:\\\/\\\/algarve7.pt\\\/#\\\/schema\\\/logo\\\/image\\\/\"},\"sameAs\":[\"https:\\\/\\\/www.facebook.com\\\/algarve7\",\"https:\\\/\\\/x.com\\\/Algarvesete\",\"https:\\\/\\\/www.instagram.com\\\/jornalalgarve7\\\/\",\"https:\\\/\\\/www.linkedin.com\\\/company\\\/algarve7\",\"https:\\\/\\\/www.pinterest.pt\\\/geral0939\\\/_created\\\/\"]},{\"@type\":\"Person\",\"@id\":\"https:\\\/\\\/algarve7.pt\\\/#\\\/schema\\\/person\\\/23fa70681308e7b319a3204bcea45e0c\",\"name\":\"Algarve 7\",\"sameAs\":[\"https:\\\/\\\/algarve7.pt\",\"https:\\\/\\\/www.facebook.com\\\/algarve7\"],\"url\":\"https:\\\/\\\/algarve7.pt\\\/index.php\\\/author\\\/geralalgarve7-pt\\\/\"}]}<\/script>\n<!-- \/ Yoast SEO plugin. -->","yoast_head_json":{"title":"Novos \u00f3rg\u00e3os sociais da AHETA tomaram posse para o pr\u00f3ximo tri\u00e9nio - Algarve 7","description":"Novos \u00f3rg\u00e3os sociais da AHETA tomaram posse para o pr\u00f3ximo tri\u00e9nio Turismo","robots":{"index":"index","follow":"follow","max-snippet":"max-snippet:-1","max-image-preview":"max-image-preview:large","max-video-preview":"max-video-preview:-1"},"canonical":"https:\/\/algarve7.pt\/index.php\/2024\/11\/novos-orgaos-sociais-da-aheta-tomaram-posse-para-o-proximo-trienio\/turismo\/10\/20\/","og_locale":"pt_PT","og_type":"article","og_title":"Novos \u00f3rg\u00e3os sociais da AHETA tomaram posse para o pr\u00f3ximo tri\u00e9nio - Algarve 7","og_description":"Novos \u00f3rg\u00e3os sociais da AHETA tomaram posse para o pr\u00f3ximo tri\u00e9nio Turismo","og_url":"https:\/\/algarve7.pt\/index.php\/2024\/11\/novos-orgaos-sociais-da-aheta-tomaram-posse-para-o-proximo-trienio\/turismo\/10\/20\/","og_site_name":"Algarve 7","article_publisher":"https:\/\/www.facebook.com\/algarve7","article_author":"https:\/\/www.facebook.com\/algarve7","article_published_time":"2024-11-22T10:20:15+00:00","article_modified_time":"2024-11-22T10:20:18+00:00","og_image":[{"width":801,"height":450,"url":"https:\/\/algarve7.pt\/wp-content\/uploads\/2024\/11\/image002.jpg","type":"image\/jpeg"}],"author":"Algarve 7","twitter_card":"summary_large_image","twitter_creator":"@Algarvesete","twitter_site":"@Algarvesete","twitter_misc":{"Escrito por":"Algarve 7","Tempo estimado de leitura":"5 minutos"},"schema":{"@context":"https:\/\/schema.org","@graph":[{"@type":"Article","@id":"https:\/\/algarve7.pt\/index.php\/2024\/11\/novos-orgaos-sociais-da-aheta-tomaram-posse-para-o-proximo-trienio\/turismo\/10\/20\/#article","isPartOf":{"@id":"https:\/\/algarve7.pt\/index.php\/2024\/11\/novos-orgaos-sociais-da-aheta-tomaram-posse-para-o-proximo-trienio\/turismo\/10\/20\/"},"author":{"name":"Algarve 7","@id":"https:\/\/algarve7.pt\/#\/schema\/person\/23fa70681308e7b319a3204bcea45e0c"},"headline":"Novos \u00f3rg\u00e3os sociais da AHETA tomaram posse para o pr\u00f3ximo tri\u00e9nio","datePublished":"2024-11-22T10:20:15+00:00","dateModified":"2024-11-22T10:20:18+00:00","mainEntityOfPage":{"@id":"https:\/\/algarve7.pt\/index.php\/2024\/11\/novos-orgaos-sociais-da-aheta-tomaram-posse-para-o-proximo-trienio\/turismo\/10\/20\/"},"wordCount":924,"publisher":{"@id":"https:\/\/algarve7.pt\/#organization"},"image":{"@id":"https:\/\/algarve7.pt\/index.php\/2024\/11\/novos-orgaos-sociais-da-aheta-tomaram-posse-para-o-proximo-trienio\/turismo\/10\/20\/#primaryimage"},"thumbnailUrl":"https:\/\/algarve7.pt\/wp-content\/uploads\/2024\/11\/image002.jpg","keywords":["AHETA","Algarve","Turismo"],"articleSection":["Turismo"],"inLanguage":"pt-PT"},{"@type":"WebPage","@id":"https:\/\/algarve7.pt\/index.php\/2024\/11\/novos-orgaos-sociais-da-aheta-tomaram-posse-para-o-proximo-trienio\/turismo\/10\/20\/","url":"https:\/\/algarve7.pt\/index.php\/2024\/11\/novos-orgaos-sociais-da-aheta-tomaram-posse-para-o-proximo-trienio\/turismo\/10\/20\/","name":"Novos \u00f3rg\u00e3os sociais da AHETA tomaram posse para o pr\u00f3ximo tri\u00e9nio - Algarve 7","isPartOf":{"@id":"https:\/\/algarve7.pt\/#website"},"primaryImageOfPage":{"@id":"https:\/\/algarve7.pt\/index.php\/2024\/11\/novos-orgaos-sociais-da-aheta-tomaram-posse-para-o-proximo-trienio\/turismo\/10\/20\/#primaryimage"},"image":{"@id":"https:\/\/algarve7.pt\/index.php\/2024\/11\/novos-orgaos-sociais-da-aheta-tomaram-posse-para-o-proximo-trienio\/turismo\/10\/20\/#primaryimage"},"thumbnailUrl":"https:\/\/algarve7.pt\/wp-content\/uploads\/2024\/11\/image002.jpg","datePublished":"2024-11-22T10:20:15+00:00","dateModified":"2024-11-22T10:20:18+00:00","description":"Novos \u00f3rg\u00e3os sociais da AHETA tomaram posse para o pr\u00f3ximo tri\u00e9nio Turismo","breadcrumb":{"@id":"https:\/\/algarve7.pt\/index.php\/2024\/11\/novos-orgaos-sociais-da-aheta-tomaram-posse-para-o-proximo-trienio\/turismo\/10\/20\/#breadcrumb"},"inLanguage":"pt-PT","potentialAction":[{"@type":"ReadAction","target":["https:\/\/algarve7.pt\/index.php\/2024\/11\/novos-orgaos-sociais-da-aheta-tomaram-posse-para-o-proximo-trienio\/turismo\/10\/20\/"]}]},{"@type":"ImageObject","inLanguage":"pt-PT","@id":"https:\/\/algarve7.pt\/index.php\/2024\/11\/novos-orgaos-sociais-da-aheta-tomaram-posse-para-o-proximo-trienio\/turismo\/10\/20\/#primaryimage","url":"https:\/\/algarve7.pt\/wp-content\/uploads\/2024\/11\/image002.jpg","contentUrl":"https:\/\/algarve7.pt\/wp-content\/uploads\/2024\/11\/image002.jpg","width":801,"height":450},{"@type":"BreadcrumbList","@id":"https:\/\/algarve7.pt\/index.php\/2024\/11\/novos-orgaos-sociais-da-aheta-tomaram-posse-para-o-proximo-trienio\/turismo\/10\/20\/#breadcrumb","itemListElement":[{"@type":"ListItem","position":1,"name":"In\u00edcio","item":"https:\/\/algarve7.pt\/"},{"@type":"ListItem","position":2,"name":"Novos \u00f3rg\u00e3os sociais da AHETA tomaram posse para o pr\u00f3ximo tri\u00e9nio"}]},{"@type":"WebSite","@id":"https:\/\/algarve7.pt\/#website","url":"https:\/\/algarve7.pt\/","name":"Algarve 7","description":"Informa\u00e7\u00e3o sobre o Algarve","publisher":{"@id":"https:\/\/algarve7.pt\/#organization"},"potentialAction":[{"@type":"SearchAction","target":{"@type":"EntryPoint","urlTemplate":"https:\/\/algarve7.pt\/?s={search_term_string}"},"query-input":{"@type":"PropertyValueSpecification","valueRequired":true,"valueName":"search_term_string"}}],"inLanguage":"pt-PT"},{"@type":"Organization","@id":"https:\/\/algarve7.pt\/#organization","name":"Algarve 7","url":"https:\/\/algarve7.pt\/","logo":{"@type":"ImageObject","inLanguage":"pt-PT","@id":"https:\/\/algarve7.pt\/#\/schema\/logo\/image\/","url":"https:\/\/algarve7.pt\/wp-content\/uploads\/2020\/10\/Logo-8.jpg","contentUrl":"https:\/\/algarve7.pt\/wp-content\/uploads\/2020\/10\/Logo-8.jpg","width":1680,"height":1186,"caption":"Algarve 7"},"image":{"@id":"https:\/\/algarve7.pt\/#\/schema\/logo\/image\/"},"sameAs":["https:\/\/www.facebook.com\/algarve7","https:\/\/x.com\/Algarvesete","https:\/\/www.instagram.com\/jornalalgarve7\/","https:\/\/www.linkedin.com\/company\/algarve7","https:\/\/www.pinterest.pt\/geral0939\/_created\/"]},{"@type":"Person","@id":"https:\/\/algarve7.pt\/#\/schema\/person\/23fa70681308e7b319a3204bcea45e0c","name":"Algarve 7","sameAs":["https:\/\/algarve7.pt","https:\/\/www.facebook.com\/algarve7"],"url":"https:\/\/algarve7.pt\/index.php\/author\/geralalgarve7-pt\/"}]}},"jetpack_publicize_connections":[],"jetpack_featured_media_url":"https:\/\/algarve7.pt\/wp-content\/uploads\/2024\/11\/image002.jpg","jetpack_shortlink":"https:\/\/wp.me\/pcezmW-bDA","jetpack_sharing_enabled":true,"_links":{"self":[{"href":"https:\/\/algarve7.pt\/index.php\/wp-json\/wp\/v2\/posts\/44738","targetHints":{"allow":["GET"]}}],"collection":[{"href":"https:\/\/algarve7.pt\/index.php\/wp-json\/wp\/v2\/posts"}],"about":[{"href":"https:\/\/algarve7.pt\/index.php\/wp-json\/wp\/v2\/types\/post"}],"author":[{"embeddable":true,"href":"https:\/\/algarve7.pt\/index.php\/wp-json\/wp\/v2\/users\/1"}],"replies":[{"embeddable":true,"href":"https:\/\/algarve7.pt\/index.php\/wp-json\/wp\/v2\/comments?post=44738"}],"version-history":[{"count":0,"href":"https:\/\/algarve7.pt\/index.php\/wp-json\/wp\/v2\/posts\/44738\/revisions"}],"wp:featuredmedia":[{"embeddable":true,"href":"https:\/\/algarve7.pt\/index.php\/wp-json\/wp\/v2\/media\/44739"}],"wp:attachment":[{"href":"https:\/\/algarve7.pt\/index.php\/wp-json\/wp\/v2\/media?parent=44738"}],"wp:term":[{"taxonomy":"category","embeddable":true,"href":"https:\/\/algarve7.pt\/index.php\/wp-json\/wp\/v2\/categories?post=44738"},{"taxonomy":"post_tag","embeddable":true,"href":"https:\/\/algarve7.pt\/index.php\/wp-json\/wp\/v2\/tags?post=44738"}],"curies":[{"name":"wp","href":"https:\/\/api.w.org\/{rel}","templated":true}]}}