{"id":44727,"date":"2024-11-21T19:25:48","date_gmt":"2024-11-21T19:25:48","guid":{"rendered":"https:\/\/algarve7.pt\/?p=44727"},"modified":"2024-11-21T19:25:51","modified_gmt":"2024-11-21T19:25:51","slug":"oficina-utilizacao-de-plantas-autoctones-para-espacos-verdes-a-23-de-novembro-online-plataforma-zoom","status":"publish","type":"post","link":"https:\/\/algarve7.pt\/index.php\/2024\/11\/oficina-utilizacao-de-plantas-autoctones-para-espacos-verdes-a-23-de-novembro-online-plataforma-zoom\/atualidade\/19\/25\/","title":{"rendered":"Oficina: Utiliza\u00e7\u00e3o de Plantas Aut\u00f3ctones para Espa\u00e7os Verdes a 23 de novembro\u00a0\u00a0Online &#8211; Plataforma ZOOM"},"content":{"rendered":"\n<p>A 23 de novembro celebra-se o Dia da Floresta Aut\u00f3ctone, uma data estabelecida para promover a import\u00e2ncia de preservar e plantar esp\u00e9cies que fazem parte do patrim\u00f3nio natural.<\/p>\n\n\n\n<p><br>Para assinalar esta data, o Munic\u00edpio de Lagoa, em parceria com a Sociedade Portuguesa de Ecologia (SPECO) e o Programa Bandeira Azul, ir\u00e1 promover no pr\u00f3ximo dia 23 de novembro (S\u00e1bado), \u00e0s 14h00, em Plataforma On-line ZOOM, a Oficina Utiliza\u00e7\u00e3o de Plantas Aut\u00f3ctones para Espa\u00e7os Verdes\ud83c\udf3f, com Ivo Rosa e Jos\u00e9 Vieira.&nbsp;<br>Pretendendo dar a conhecer a flora aut\u00f3ctone de Portugal e a sua diversidade, assim como a import\u00e2ncia de utilizar plantas aut\u00f3ctones em jardins e espa\u00e7os verdes urbanos, a presente oficina ir\u00e1 apresentar o jardim mediterr\u00e2nico como uma alternativa atraente que procura trabalhar com o clima e com as condi\u00e7\u00f5es naturais locais, ao inv\u00e9s de trabalhar contra elas.<\/p>\n\n\n\n<p><br>Ser\u00e1 ainda apresentada a Jardinagem como pr\u00e1tica sustent\u00e1vel e como ferramenta de preserva\u00e7\u00e3o e de aumento da biodiversidade, e ser\u00e3o dadas a conhecer as adapta\u00e7\u00f5es das plantas aut\u00f3ctones \u00e0s condi\u00e7\u00f5es do solo e do clima do nosso territ\u00f3rio, assim como a sua maior resili\u00eancia a pragas e a doen\u00e7as, bem como a longos per\u00edodos de seca.<br><br>A presente oficina \u00e9 acreditada pela Sociedade Portuguesa de Ecologia como uma a\u00e7\u00e3o de curta dura\u00e7\u00e3o de 4 horas.<br><br>A inscri\u00e7\u00e3o \u00e9&nbsp;gratuita, mas&nbsp;obrigat\u00f3ria,&nbsp;<a href=\"https:\/\/22.kmitd2.com\/go\/f33aa82aeb3-c339359f5cc2ad9365b0345484573ed457c5d409e5e6zX8e1qitoe7ne1dD\" target=\"_blank\" rel=\"noreferrer noopener\">AQUI<\/a><\/p>\n","protected":false},"excerpt":{"rendered":"<p>A 23 de novembro celebra-se o Dia da Floresta Aut\u00f3ctone, uma data estabelecida para promover a import\u00e2ncia de preservar e<\/p>\n","protected":false},"author":1,"featured_media":44728,"comment_status":"closed","ping_status":"closed","sticky":false,"template":"","format":"standard","meta":{"colormag_page_container_layout":"default_layout","colormag_page_sidebar_layout":"default_layout","_monsterinsights_skip_tracking":false,"_monsterinsights_sitenote_active":false,"_monsterinsights_sitenote_note":"","_monsterinsights_sitenote_category":0,"jetpack_post_was_ever_published":false,"_jetpack_newsletter_access":"","_jetpack_dont_email_post_to_subs":false,"_jetpack_newsletter_tier_id":0,"_jetpack_memberships_contains_paywalled_content":false,"_jetpack_memberships_contains_paid_content":false,"footnotes":"","jetpack_publicize_message":"","jetpack_publicize_feature_enabled":true,"jetpack_social_post_already_shared":true,"jetpack_social_options":{"image_generator_settings":{"template":"highway","default_image_id":0,"font":"","enabled":false},"version":2}},"categories":[11],"tags":[36,62,48],"class_list":["post-44727","post","type-post","status-publish","format-standard","has-post-thumbnail","hentry","category-atualidade","tag-algarve","tag-atualidade","tag-lagoa"],"yoast_head":"<!-- This site is optimized with the Yoast SEO plugin v27.4 - https:\/\/yoast.com\/product\/yoast-seo-wordpress\/ -->\n<title>Oficina: Utiliza\u00e7\u00e3o de Plantas Aut\u00f3ctones para Espa\u00e7os Verdes a 23 de novembro\u00a0\u00a0Online - Plataforma ZOOM - Algarve 7<\/title>\n<meta name=\"description\" content=\"Oficina: Utiliza\u00e7\u00e3o de Plantas Aut\u00f3ctones para Espa\u00e7os Verdes a 23 de novembro\u00a0\u00a0Online - Plataforma ZOOM Atualidade\" \/>\n<meta name=\"robots\" content=\"index, follow, max-snippet:-1, max-image-preview:large, max-video-preview:-1\" \/>\n<link rel=\"canonical\" href=\"https:\/\/algarve7.pt\/index.php\/2024\/11\/oficina-utilizacao-de-plantas-autoctones-para-espacos-verdes-a-23-de-novembro-online-plataforma-zoom\/atualidade\/19\/25\/\" \/>\n<meta property=\"og:locale\" content=\"pt_PT\" \/>\n<meta property=\"og:type\" content=\"article\" \/>\n<meta property=\"og:title\" content=\"Oficina: Utiliza\u00e7\u00e3o de Plantas Aut\u00f3ctones para Espa\u00e7os Verdes a 23 de novembro\u00a0\u00a0Online - Plataforma ZOOM - Algarve 7\" \/>\n<meta property=\"og:description\" content=\"Oficina: Utiliza\u00e7\u00e3o de Plantas Aut\u00f3ctones para Espa\u00e7os Verdes a 23 de novembro\u00a0\u00a0Online - Plataforma ZOOM Atualidade\" \/>\n<meta property=\"og:url\" content=\"https:\/\/algarve7.pt\/index.php\/2024\/11\/oficina-utilizacao-de-plantas-autoctones-para-espacos-verdes-a-23-de-novembro-online-plataforma-zoom\/atualidade\/19\/25\/\" \/>\n<meta property=\"og:site_name\" content=\"Algarve 7\" \/>\n<meta property=\"article:publisher\" content=\"https:\/\/www.facebook.com\/algarve7\" \/>\n<meta property=\"article:author\" content=\"https:\/\/www.facebook.com\/algarve7\" \/>\n<meta property=\"article:published_time\" content=\"2024-11-21T19:25:48+00:00\" \/>\n<meta property=\"article:modified_time\" content=\"2024-11-21T19:25:51+00:00\" \/>\n<meta property=\"og:image\" content=\"https:\/\/algarve7.pt\/wp-content\/uploads\/2024\/11\/Captura-de-ecra-2024-11-21-as-19.22.41.png\" \/>\n\t<meta property=\"og:image:width\" content=\"1172\" \/>\n\t<meta property=\"og:image:height\" content=\"866\" \/>\n\t<meta property=\"og:image:type\" content=\"image\/png\" \/>\n<meta name=\"author\" content=\"Algarve 7\" \/>\n<meta name=\"twitter:card\" content=\"summary_large_image\" \/>\n<meta name=\"twitter:creator\" content=\"@Algarvesete\" \/>\n<meta name=\"twitter:site\" content=\"@Algarvesete\" \/>\n<meta name=\"twitter:label1\" content=\"Escrito por\" \/>\n\t<meta name=\"twitter:data1\" content=\"Algarve 7\" \/>\n\t<meta name=\"twitter:label2\" content=\"Tempo estimado de leitura\" \/>\n\t<meta name=\"twitter:data2\" content=\"2 minutos\" \/>\n<script type=\"application\/ld+json\" class=\"yoast-schema-graph\">{\"@context\":\"https:\\\/\\\/schema.org\",\"@graph\":[{\"@type\":\"Article\",\"@id\":\"https:\\\/\\\/algarve7.pt\\\/index.php\\\/2024\\\/11\\\/oficina-utilizacao-de-plantas-autoctones-para-espacos-verdes-a-23-de-novembro-online-plataforma-zoom\\\/atualidade\\\/19\\\/25\\\/#article\",\"isPartOf\":{\"@id\":\"https:\\\/\\\/algarve7.pt\\\/index.php\\\/2024\\\/11\\\/oficina-utilizacao-de-plantas-autoctones-para-espacos-verdes-a-23-de-novembro-online-plataforma-zoom\\\/atualidade\\\/19\\\/25\\\/\"},\"author\":{\"name\":\"Algarve 7\",\"@id\":\"https:\\\/\\\/algarve7.pt\\\/#\\\/schema\\\/person\\\/23fa70681308e7b319a3204bcea45e0c\"},\"headline\":\"Oficina: Utiliza\u00e7\u00e3o de Plantas Aut\u00f3ctones para Espa\u00e7os Verdes a 23 de novembro\u00a0\u00a0Online &#8211; Plataforma ZOOM\",\"datePublished\":\"2024-11-21T19:25:48+00:00\",\"dateModified\":\"2024-11-21T19:25:51+00:00\",\"mainEntityOfPage\":{\"@id\":\"https:\\\/\\\/algarve7.pt\\\/index.php\\\/2024\\\/11\\\/oficina-utilizacao-de-plantas-autoctones-para-espacos-verdes-a-23-de-novembro-online-plataforma-zoom\\\/atualidade\\\/19\\\/25\\\/\"},\"wordCount\":268,\"publisher\":{\"@id\":\"https:\\\/\\\/algarve7.pt\\\/#organization\"},\"image\":{\"@id\":\"https:\\\/\\\/algarve7.pt\\\/index.php\\\/2024\\\/11\\\/oficina-utilizacao-de-plantas-autoctones-para-espacos-verdes-a-23-de-novembro-online-plataforma-zoom\\\/atualidade\\\/19\\\/25\\\/#primaryimage\"},\"thumbnailUrl\":\"https:\\\/\\\/algarve7.pt\\\/wp-content\\\/uploads\\\/2024\\\/11\\\/Captura-de-ecra-2024-11-21-as-19.22.41.png\",\"keywords\":[\"Algarve\",\"Atualidade\",\"Lagoa\"],\"articleSection\":[\"Atualidade\"],\"inLanguage\":\"pt-PT\"},{\"@type\":\"WebPage\",\"@id\":\"https:\\\/\\\/algarve7.pt\\\/index.php\\\/2024\\\/11\\\/oficina-utilizacao-de-plantas-autoctones-para-espacos-verdes-a-23-de-novembro-online-plataforma-zoom\\\/atualidade\\\/19\\\/25\\\/\",\"url\":\"https:\\\/\\\/algarve7.pt\\\/index.php\\\/2024\\\/11\\\/oficina-utilizacao-de-plantas-autoctones-para-espacos-verdes-a-23-de-novembro-online-plataforma-zoom\\\/atualidade\\\/19\\\/25\\\/\",\"name\":\"Oficina: Utiliza\u00e7\u00e3o de Plantas Aut\u00f3ctones para Espa\u00e7os Verdes a 23 de novembro\u00a0\u00a0Online - Plataforma ZOOM - Algarve 7\",\"isPartOf\":{\"@id\":\"https:\\\/\\\/algarve7.pt\\\/#website\"},\"primaryImageOfPage\":{\"@id\":\"https:\\\/\\\/algarve7.pt\\\/index.php\\\/2024\\\/11\\\/oficina-utilizacao-de-plantas-autoctones-para-espacos-verdes-a-23-de-novembro-online-plataforma-zoom\\\/atualidade\\\/19\\\/25\\\/#primaryimage\"},\"image\":{\"@id\":\"https:\\\/\\\/algarve7.pt\\\/index.php\\\/2024\\\/11\\\/oficina-utilizacao-de-plantas-autoctones-para-espacos-verdes-a-23-de-novembro-online-plataforma-zoom\\\/atualidade\\\/19\\\/25\\\/#primaryimage\"},\"thumbnailUrl\":\"https:\\\/\\\/algarve7.pt\\\/wp-content\\\/uploads\\\/2024\\\/11\\\/Captura-de-ecra-2024-11-21-as-19.22.41.png\",\"datePublished\":\"2024-11-21T19:25:48+00:00\",\"dateModified\":\"2024-11-21T19:25:51+00:00\",\"description\":\"Oficina: Utiliza\u00e7\u00e3o de Plantas Aut\u00f3ctones para Espa\u00e7os Verdes a 23 de novembro\u00a0\u00a0Online - Plataforma ZOOM Atualidade\",\"breadcrumb\":{\"@id\":\"https:\\\/\\\/algarve7.pt\\\/index.php\\\/2024\\\/11\\\/oficina-utilizacao-de-plantas-autoctones-para-espacos-verdes-a-23-de-novembro-online-plataforma-zoom\\\/atualidade\\\/19\\\/25\\\/#breadcrumb\"},\"inLanguage\":\"pt-PT\",\"potentialAction\":[{\"@type\":\"ReadAction\",\"target\":[\"https:\\\/\\\/algarve7.pt\\\/index.php\\\/2024\\\/11\\\/oficina-utilizacao-de-plantas-autoctones-para-espacos-verdes-a-23-de-novembro-online-plataforma-zoom\\\/atualidade\\\/19\\\/25\\\/\"]}]},{\"@type\":\"ImageObject\",\"inLanguage\":\"pt-PT\",\"@id\":\"https:\\\/\\\/algarve7.pt\\\/index.php\\\/2024\\\/11\\\/oficina-utilizacao-de-plantas-autoctones-para-espacos-verdes-a-23-de-novembro-online-plataforma-zoom\\\/atualidade\\\/19\\\/25\\\/#primaryimage\",\"url\":\"https:\\\/\\\/algarve7.pt\\\/wp-content\\\/uploads\\\/2024\\\/11\\\/Captura-de-ecra-2024-11-21-as-19.22.41.png\",\"contentUrl\":\"https:\\\/\\\/algarve7.pt\\\/wp-content\\\/uploads\\\/2024\\\/11\\\/Captura-de-ecra-2024-11-21-as-19.22.41.png\",\"width\":1172,\"height\":866},{\"@type\":\"BreadcrumbList\",\"@id\":\"https:\\\/\\\/algarve7.pt\\\/index.php\\\/2024\\\/11\\\/oficina-utilizacao-de-plantas-autoctones-para-espacos-verdes-a-23-de-novembro-online-plataforma-zoom\\\/atualidade\\\/19\\\/25\\\/#breadcrumb\",\"itemListElement\":[{\"@type\":\"ListItem\",\"position\":1,\"name\":\"In\u00edcio\",\"item\":\"https:\\\/\\\/algarve7.pt\\\/\"},{\"@type\":\"ListItem\",\"position\":2,\"name\":\"Oficina: Utiliza\u00e7\u00e3o de Plantas Aut\u00f3ctones para Espa\u00e7os Verdes a 23 de novembro\u00a0\u00a0Online &#8211; Plataforma ZOOM\"}]},{\"@type\":\"WebSite\",\"@id\":\"https:\\\/\\\/algarve7.pt\\\/#website\",\"url\":\"https:\\\/\\\/algarve7.pt\\\/\",\"name\":\"Algarve 7\",\"description\":\"Informa\u00e7\u00e3o sobre o Algarve\",\"publisher\":{\"@id\":\"https:\\\/\\\/algarve7.pt\\\/#organization\"},\"potentialAction\":[{\"@type\":\"SearchAction\",\"target\":{\"@type\":\"EntryPoint\",\"urlTemplate\":\"https:\\\/\\\/algarve7.pt\\\/?s={search_term_string}\"},\"query-input\":{\"@type\":\"PropertyValueSpecification\",\"valueRequired\":true,\"valueName\":\"search_term_string\"}}],\"inLanguage\":\"pt-PT\"},{\"@type\":\"Organization\",\"@id\":\"https:\\\/\\\/algarve7.pt\\\/#organization\",\"name\":\"Algarve 7\",\"url\":\"https:\\\/\\\/algarve7.pt\\\/\",\"logo\":{\"@type\":\"ImageObject\",\"inLanguage\":\"pt-PT\",\"@id\":\"https:\\\/\\\/algarve7.pt\\\/#\\\/schema\\\/logo\\\/image\\\/\",\"url\":\"https:\\\/\\\/algarve7.pt\\\/wp-content\\\/uploads\\\/2020\\\/10\\\/Logo-8.jpg\",\"contentUrl\":\"https:\\\/\\\/algarve7.pt\\\/wp-content\\\/uploads\\\/2020\\\/10\\\/Logo-8.jpg\",\"width\":1680,\"height\":1186,\"caption\":\"Algarve 7\"},\"image\":{\"@id\":\"https:\\\/\\\/algarve7.pt\\\/#\\\/schema\\\/logo\\\/image\\\/\"},\"sameAs\":[\"https:\\\/\\\/www.facebook.com\\\/algarve7\",\"https:\\\/\\\/x.com\\\/Algarvesete\",\"https:\\\/\\\/www.instagram.com\\\/jornalalgarve7\\\/\",\"https:\\\/\\\/www.linkedin.com\\\/company\\\/algarve7\",\"https:\\\/\\\/www.pinterest.pt\\\/geral0939\\\/_created\\\/\"]},{\"@type\":\"Person\",\"@id\":\"https:\\\/\\\/algarve7.pt\\\/#\\\/schema\\\/person\\\/23fa70681308e7b319a3204bcea45e0c\",\"name\":\"Algarve 7\",\"sameAs\":[\"https:\\\/\\\/algarve7.pt\",\"https:\\\/\\\/www.facebook.com\\\/algarve7\"],\"url\":\"https:\\\/\\\/algarve7.pt\\\/index.php\\\/author\\\/geralalgarve7-pt\\\/\"}]}<\/script>\n<!-- \/ Yoast SEO plugin. -->","yoast_head_json":{"title":"Oficina: Utiliza\u00e7\u00e3o de Plantas Aut\u00f3ctones para Espa\u00e7os Verdes a 23 de novembro\u00a0\u00a0Online - Plataforma ZOOM - Algarve 7","description":"Oficina: Utiliza\u00e7\u00e3o de Plantas Aut\u00f3ctones para Espa\u00e7os Verdes a 23 de novembro\u00a0\u00a0Online - Plataforma ZOOM Atualidade","robots":{"index":"index","follow":"follow","max-snippet":"max-snippet:-1","max-image-preview":"max-image-preview:large","max-video-preview":"max-video-preview:-1"},"canonical":"https:\/\/algarve7.pt\/index.php\/2024\/11\/oficina-utilizacao-de-plantas-autoctones-para-espacos-verdes-a-23-de-novembro-online-plataforma-zoom\/atualidade\/19\/25\/","og_locale":"pt_PT","og_type":"article","og_title":"Oficina: Utiliza\u00e7\u00e3o de Plantas Aut\u00f3ctones para Espa\u00e7os Verdes a 23 de novembro\u00a0\u00a0Online - Plataforma ZOOM - Algarve 7","og_description":"Oficina: Utiliza\u00e7\u00e3o de Plantas Aut\u00f3ctones para Espa\u00e7os Verdes a 23 de novembro\u00a0\u00a0Online - Plataforma ZOOM Atualidade","og_url":"https:\/\/algarve7.pt\/index.php\/2024\/11\/oficina-utilizacao-de-plantas-autoctones-para-espacos-verdes-a-23-de-novembro-online-plataforma-zoom\/atualidade\/19\/25\/","og_site_name":"Algarve 7","article_publisher":"https:\/\/www.facebook.com\/algarve7","article_author":"https:\/\/www.facebook.com\/algarve7","article_published_time":"2024-11-21T19:25:48+00:00","article_modified_time":"2024-11-21T19:25:51+00:00","og_image":[{"width":1172,"height":866,"url":"https:\/\/algarve7.pt\/wp-content\/uploads\/2024\/11\/Captura-de-ecra-2024-11-21-as-19.22.41.png","type":"image\/png"}],"author":"Algarve 7","twitter_card":"summary_large_image","twitter_creator":"@Algarvesete","twitter_site":"@Algarvesete","twitter_misc":{"Escrito por":"Algarve 7","Tempo estimado de leitura":"2 minutos"},"schema":{"@context":"https:\/\/schema.org","@graph":[{"@type":"Article","@id":"https:\/\/algarve7.pt\/index.php\/2024\/11\/oficina-utilizacao-de-plantas-autoctones-para-espacos-verdes-a-23-de-novembro-online-plataforma-zoom\/atualidade\/19\/25\/#article","isPartOf":{"@id":"https:\/\/algarve7.pt\/index.php\/2024\/11\/oficina-utilizacao-de-plantas-autoctones-para-espacos-verdes-a-23-de-novembro-online-plataforma-zoom\/atualidade\/19\/25\/"},"author":{"name":"Algarve 7","@id":"https:\/\/algarve7.pt\/#\/schema\/person\/23fa70681308e7b319a3204bcea45e0c"},"headline":"Oficina: Utiliza\u00e7\u00e3o de Plantas Aut\u00f3ctones para Espa\u00e7os Verdes a 23 de novembro\u00a0\u00a0Online &#8211; Plataforma ZOOM","datePublished":"2024-11-21T19:25:48+00:00","dateModified":"2024-11-21T19:25:51+00:00","mainEntityOfPage":{"@id":"https:\/\/algarve7.pt\/index.php\/2024\/11\/oficina-utilizacao-de-plantas-autoctones-para-espacos-verdes-a-23-de-novembro-online-plataforma-zoom\/atualidade\/19\/25\/"},"wordCount":268,"publisher":{"@id":"https:\/\/algarve7.pt\/#organization"},"image":{"@id":"https:\/\/algarve7.pt\/index.php\/2024\/11\/oficina-utilizacao-de-plantas-autoctones-para-espacos-verdes-a-23-de-novembro-online-plataforma-zoom\/atualidade\/19\/25\/#primaryimage"},"thumbnailUrl":"https:\/\/algarve7.pt\/wp-content\/uploads\/2024\/11\/Captura-de-ecra-2024-11-21-as-19.22.41.png","keywords":["Algarve","Atualidade","Lagoa"],"articleSection":["Atualidade"],"inLanguage":"pt-PT"},{"@type":"WebPage","@id":"https:\/\/algarve7.pt\/index.php\/2024\/11\/oficina-utilizacao-de-plantas-autoctones-para-espacos-verdes-a-23-de-novembro-online-plataforma-zoom\/atualidade\/19\/25\/","url":"https:\/\/algarve7.pt\/index.php\/2024\/11\/oficina-utilizacao-de-plantas-autoctones-para-espacos-verdes-a-23-de-novembro-online-plataforma-zoom\/atualidade\/19\/25\/","name":"Oficina: Utiliza\u00e7\u00e3o de Plantas Aut\u00f3ctones para Espa\u00e7os Verdes a 23 de novembro\u00a0\u00a0Online - Plataforma ZOOM - Algarve 7","isPartOf":{"@id":"https:\/\/algarve7.pt\/#website"},"primaryImageOfPage":{"@id":"https:\/\/algarve7.pt\/index.php\/2024\/11\/oficina-utilizacao-de-plantas-autoctones-para-espacos-verdes-a-23-de-novembro-online-plataforma-zoom\/atualidade\/19\/25\/#primaryimage"},"image":{"@id":"https:\/\/algarve7.pt\/index.php\/2024\/11\/oficina-utilizacao-de-plantas-autoctones-para-espacos-verdes-a-23-de-novembro-online-plataforma-zoom\/atualidade\/19\/25\/#primaryimage"},"thumbnailUrl":"https:\/\/algarve7.pt\/wp-content\/uploads\/2024\/11\/Captura-de-ecra-2024-11-21-as-19.22.41.png","datePublished":"2024-11-21T19:25:48+00:00","dateModified":"2024-11-21T19:25:51+00:00","description":"Oficina: Utiliza\u00e7\u00e3o de Plantas Aut\u00f3ctones para Espa\u00e7os Verdes a 23 de novembro\u00a0\u00a0Online - Plataforma ZOOM Atualidade","breadcrumb":{"@id":"https:\/\/algarve7.pt\/index.php\/2024\/11\/oficina-utilizacao-de-plantas-autoctones-para-espacos-verdes-a-23-de-novembro-online-plataforma-zoom\/atualidade\/19\/25\/#breadcrumb"},"inLanguage":"pt-PT","potentialAction":[{"@type":"ReadAction","target":["https:\/\/algarve7.pt\/index.php\/2024\/11\/oficina-utilizacao-de-plantas-autoctones-para-espacos-verdes-a-23-de-novembro-online-plataforma-zoom\/atualidade\/19\/25\/"]}]},{"@type":"ImageObject","inLanguage":"pt-PT","@id":"https:\/\/algarve7.pt\/index.php\/2024\/11\/oficina-utilizacao-de-plantas-autoctones-para-espacos-verdes-a-23-de-novembro-online-plataforma-zoom\/atualidade\/19\/25\/#primaryimage","url":"https:\/\/algarve7.pt\/wp-content\/uploads\/2024\/11\/Captura-de-ecra-2024-11-21-as-19.22.41.png","contentUrl":"https:\/\/algarve7.pt\/wp-content\/uploads\/2024\/11\/Captura-de-ecra-2024-11-21-as-19.22.41.png","width":1172,"height":866},{"@type":"BreadcrumbList","@id":"https:\/\/algarve7.pt\/index.php\/2024\/11\/oficina-utilizacao-de-plantas-autoctones-para-espacos-verdes-a-23-de-novembro-online-plataforma-zoom\/atualidade\/19\/25\/#breadcrumb","itemListElement":[{"@type":"ListItem","position":1,"name":"In\u00edcio","item":"https:\/\/algarve7.pt\/"},{"@type":"ListItem","position":2,"name":"Oficina: Utiliza\u00e7\u00e3o de Plantas Aut\u00f3ctones para Espa\u00e7os Verdes a 23 de novembro\u00a0\u00a0Online &#8211; Plataforma ZOOM"}]},{"@type":"WebSite","@id":"https:\/\/algarve7.pt\/#website","url":"https:\/\/algarve7.pt\/","name":"Algarve 7","description":"Informa\u00e7\u00e3o sobre o Algarve","publisher":{"@id":"https:\/\/algarve7.pt\/#organization"},"potentialAction":[{"@type":"SearchAction","target":{"@type":"EntryPoint","urlTemplate":"https:\/\/algarve7.pt\/?s={search_term_string}"},"query-input":{"@type":"PropertyValueSpecification","valueRequired":true,"valueName":"search_term_string"}}],"inLanguage":"pt-PT"},{"@type":"Organization","@id":"https:\/\/algarve7.pt\/#organization","name":"Algarve 7","url":"https:\/\/algarve7.pt\/","logo":{"@type":"ImageObject","inLanguage":"pt-PT","@id":"https:\/\/algarve7.pt\/#\/schema\/logo\/image\/","url":"https:\/\/algarve7.pt\/wp-content\/uploads\/2020\/10\/Logo-8.jpg","contentUrl":"https:\/\/algarve7.pt\/wp-content\/uploads\/2020\/10\/Logo-8.jpg","width":1680,"height":1186,"caption":"Algarve 7"},"image":{"@id":"https:\/\/algarve7.pt\/#\/schema\/logo\/image\/"},"sameAs":["https:\/\/www.facebook.com\/algarve7","https:\/\/x.com\/Algarvesete","https:\/\/www.instagram.com\/jornalalgarve7\/","https:\/\/www.linkedin.com\/company\/algarve7","https:\/\/www.pinterest.pt\/geral0939\/_created\/"]},{"@type":"Person","@id":"https:\/\/algarve7.pt\/#\/schema\/person\/23fa70681308e7b319a3204bcea45e0c","name":"Algarve 7","sameAs":["https:\/\/algarve7.pt","https:\/\/www.facebook.com\/algarve7"],"url":"https:\/\/algarve7.pt\/index.php\/author\/geralalgarve7-pt\/"}]}},"jetpack_publicize_connections":[],"jetpack_featured_media_url":"https:\/\/algarve7.pt\/wp-content\/uploads\/2024\/11\/Captura-de-ecra-2024-11-21-as-19.22.41.png","jetpack_shortlink":"https:\/\/wp.me\/pcezmW-bDp","jetpack_sharing_enabled":true,"_links":{"self":[{"href":"https:\/\/algarve7.pt\/index.php\/wp-json\/wp\/v2\/posts\/44727","targetHints":{"allow":["GET"]}}],"collection":[{"href":"https:\/\/algarve7.pt\/index.php\/wp-json\/wp\/v2\/posts"}],"about":[{"href":"https:\/\/algarve7.pt\/index.php\/wp-json\/wp\/v2\/types\/post"}],"author":[{"embeddable":true,"href":"https:\/\/algarve7.pt\/index.php\/wp-json\/wp\/v2\/users\/1"}],"replies":[{"embeddable":true,"href":"https:\/\/algarve7.pt\/index.php\/wp-json\/wp\/v2\/comments?post=44727"}],"version-history":[{"count":0,"href":"https:\/\/algarve7.pt\/index.php\/wp-json\/wp\/v2\/posts\/44727\/revisions"}],"wp:featuredmedia":[{"embeddable":true,"href":"https:\/\/algarve7.pt\/index.php\/wp-json\/wp\/v2\/media\/44728"}],"wp:attachment":[{"href":"https:\/\/algarve7.pt\/index.php\/wp-json\/wp\/v2\/media?parent=44727"}],"wp:term":[{"taxonomy":"category","embeddable":true,"href":"https:\/\/algarve7.pt\/index.php\/wp-json\/wp\/v2\/categories?post=44727"},{"taxonomy":"post_tag","embeddable":true,"href":"https:\/\/algarve7.pt\/index.php\/wp-json\/wp\/v2\/tags?post=44727"}],"curies":[{"name":"wp","href":"https:\/\/api.w.org\/{rel}","templated":true}]}}