{"id":44693,"date":"2024-11-21T13:57:12","date_gmt":"2024-11-21T13:57:12","guid":{"rendered":"https:\/\/algarve7.pt\/?p=44693"},"modified":"2024-11-21T13:57:14","modified_gmt":"2024-11-21T13:57:14","slug":"xii-roteiro-dos-presepios-de-alte-abertura-de-inscricoes","status":"publish","type":"post","link":"https:\/\/algarve7.pt\/index.php\/2024\/11\/xii-roteiro-dos-presepios-de-alte-abertura-de-inscricoes\/cultura\/13\/57\/","title":{"rendered":"XII Roteiro dos pres\u00e9pios de Alte: abertura de inscri\u00e7\u00f5es"},"content":{"rendered":"\n<p>O Museu Municipal de Loul\u00e9 anuncia a abertura das inscri\u00e7\u00f5es para o XII Roteiro dos Pres\u00e9pios de Alte, uma das maiores tradi\u00e7\u00f5es natal\u00edcias do interior algarvio.<\/p>\n\n\n\n<p>Este ano, a tradi\u00e7\u00e3o que encanta a regi\u00e3o volta a convidar a popula\u00e7\u00e3o da freguesia de Alte a participar com os seus belos pres\u00e9pios, transformando as ruas de Alte num verdadeiro cen\u00e1rio natal\u00edcio. A iniciativa, que se tornou um marco cultural da regi\u00e3o, procura valorizar a tradi\u00e7\u00e3o e o patrim\u00f3nio cultural local.<\/p>\n\n\n\n<p>As inscri\u00e7\u00f5es estar\u00e3o abertas at\u00e9\u00a0ao dia\u00a030 de novembro no Polo Museol\u00f3gico C\u00e2ndido Guerreiro e Condes de Alte\u00a0e podem ser feitas atrav\u00e9s do email &#8211;\u00a0pm.alte@cm-loule.pt\u00a0ou telefone 289478058. Todos os interessados em participar s\u00e3o convidados a inscrever os seus trabalhos e fazer parte desta grande celebra\u00e7\u00e3o.<\/p>\n\n\n\n<p>O XII Roteiro dos Pres\u00e9pios de Alte ser\u00e1 inaugurado no dia 14 de dezembro, \u00e0s 14h00, e prolonga-se at\u00e9 6 de janeiro.&nbsp;<\/p>\n","protected":false},"excerpt":{"rendered":"<p>O Museu Municipal de Loul\u00e9 anuncia a abertura das inscri\u00e7\u00f5es para o XII Roteiro dos Pres\u00e9pios de Alte, uma das<\/p>\n","protected":false},"author":1,"featured_media":44694,"comment_status":"closed","ping_status":"closed","sticky":false,"template":"","format":"standard","meta":{"colormag_page_container_layout":"default_layout","colormag_page_sidebar_layout":"default_layout","_monsterinsights_skip_tracking":false,"_monsterinsights_sitenote_active":false,"_monsterinsights_sitenote_note":"","_monsterinsights_sitenote_category":0,"jetpack_post_was_ever_published":false,"_jetpack_newsletter_access":"","_jetpack_dont_email_post_to_subs":false,"_jetpack_newsletter_tier_id":0,"_jetpack_memberships_contains_paywalled_content":false,"_jetpack_memberships_contains_paid_content":false,"footnotes":"","jetpack_publicize_message":"","jetpack_publicize_feature_enabled":true,"jetpack_social_post_already_shared":true,"jetpack_social_options":{"image_generator_settings":{"template":"highway","default_image_id":0,"font":"","enabled":false},"version":2}},"categories":[14],"tags":[36,124,35],"class_list":["post-44693","post","type-post","status-publish","format-standard","has-post-thumbnail","hentry","category-cultura","tag-algarve","tag-alte","tag-cultura"],"yoast_head":"<!-- This site is optimized with the Yoast SEO plugin v27.5 - https:\/\/yoast.com\/product\/yoast-seo-wordpress\/ -->\n<title>XII Roteiro dos pres\u00e9pios de Alte: abertura de inscri\u00e7\u00f5es - Algarve 7<\/title>\n<meta name=\"description\" content=\"XII Roteiro dos pres\u00e9pios de Alte: abertura de inscri\u00e7\u00f5es Cultura\" \/>\n<meta name=\"robots\" content=\"index, follow, max-snippet:-1, max-image-preview:large, max-video-preview:-1\" \/>\n<link rel=\"canonical\" href=\"https:\/\/algarve7.pt\/index.php\/2024\/11\/xii-roteiro-dos-presepios-de-alte-abertura-de-inscricoes\/cultura\/13\/57\/\" \/>\n<meta property=\"og:locale\" content=\"pt_PT\" \/>\n<meta property=\"og:type\" content=\"article\" \/>\n<meta property=\"og:title\" content=\"XII Roteiro dos pres\u00e9pios de Alte: abertura de inscri\u00e7\u00f5es - Algarve 7\" \/>\n<meta property=\"og:description\" content=\"XII Roteiro dos pres\u00e9pios de Alte: abertura de inscri\u00e7\u00f5es Cultura\" \/>\n<meta property=\"og:url\" content=\"https:\/\/algarve7.pt\/index.php\/2024\/11\/xii-roteiro-dos-presepios-de-alte-abertura-de-inscricoes\/cultura\/13\/57\/\" \/>\n<meta property=\"og:site_name\" content=\"Algarve 7\" \/>\n<meta property=\"article:publisher\" content=\"https:\/\/www.facebook.com\/algarve7\" \/>\n<meta property=\"article:author\" content=\"https:\/\/www.facebook.com\/algarve7\" \/>\n<meta property=\"article:published_time\" content=\"2024-11-21T13:57:12+00:00\" \/>\n<meta property=\"article:modified_time\" content=\"2024-11-21T13:57:14+00:00\" \/>\n<meta property=\"og:image\" content=\"https:\/\/algarve7.pt\/wp-content\/uploads\/2024\/11\/Presepios-Alte-3-scaled.jpeg\" \/>\n\t<meta property=\"og:image:width\" content=\"2560\" \/>\n\t<meta property=\"og:image:height\" content=\"1920\" \/>\n\t<meta property=\"og:image:type\" content=\"image\/jpeg\" \/>\n<meta name=\"author\" content=\"Algarve 7\" \/>\n<meta name=\"twitter:card\" content=\"summary_large_image\" \/>\n<meta name=\"twitter:creator\" content=\"@Algarvesete\" \/>\n<meta name=\"twitter:site\" content=\"@Algarvesete\" \/>\n<meta name=\"twitter:label1\" content=\"Escrito por\" \/>\n\t<meta name=\"twitter:data1\" content=\"Algarve 7\" \/>\n\t<meta name=\"twitter:label2\" content=\"Tempo estimado de leitura\" \/>\n\t<meta name=\"twitter:data2\" content=\"2 minutos\" \/>\n<script type=\"application\/ld+json\" class=\"yoast-schema-graph\">{\"@context\":\"https:\\\/\\\/schema.org\",\"@graph\":[{\"@type\":\"Article\",\"@id\":\"https:\\\/\\\/algarve7.pt\\\/index.php\\\/2024\\\/11\\\/xii-roteiro-dos-presepios-de-alte-abertura-de-inscricoes\\\/cultura\\\/13\\\/57\\\/#article\",\"isPartOf\":{\"@id\":\"https:\\\/\\\/algarve7.pt\\\/index.php\\\/2024\\\/11\\\/xii-roteiro-dos-presepios-de-alte-abertura-de-inscricoes\\\/cultura\\\/13\\\/57\\\/\"},\"author\":{\"name\":\"Algarve 7\",\"@id\":\"https:\\\/\\\/algarve7.pt\\\/#\\\/schema\\\/person\\\/23fa70681308e7b319a3204bcea45e0c\"},\"headline\":\"XII Roteiro dos pres\u00e9pios de Alte: abertura de inscri\u00e7\u00f5es\",\"datePublished\":\"2024-11-21T13:57:12+00:00\",\"dateModified\":\"2024-11-21T13:57:14+00:00\",\"mainEntityOfPage\":{\"@id\":\"https:\\\/\\\/algarve7.pt\\\/index.php\\\/2024\\\/11\\\/xii-roteiro-dos-presepios-de-alte-abertura-de-inscricoes\\\/cultura\\\/13\\\/57\\\/\"},\"wordCount\":181,\"publisher\":{\"@id\":\"https:\\\/\\\/algarve7.pt\\\/#organization\"},\"image\":{\"@id\":\"https:\\\/\\\/algarve7.pt\\\/index.php\\\/2024\\\/11\\\/xii-roteiro-dos-presepios-de-alte-abertura-de-inscricoes\\\/cultura\\\/13\\\/57\\\/#primaryimage\"},\"thumbnailUrl\":\"https:\\\/\\\/algarve7.pt\\\/wp-content\\\/uploads\\\/2024\\\/11\\\/Presepios-Alte-3-scaled.jpeg\",\"keywords\":[\"Algarve\",\"Alte\",\"Cultura\"],\"articleSection\":[\"Cultura\"],\"inLanguage\":\"pt-PT\"},{\"@type\":\"WebPage\",\"@id\":\"https:\\\/\\\/algarve7.pt\\\/index.php\\\/2024\\\/11\\\/xii-roteiro-dos-presepios-de-alte-abertura-de-inscricoes\\\/cultura\\\/13\\\/57\\\/\",\"url\":\"https:\\\/\\\/algarve7.pt\\\/index.php\\\/2024\\\/11\\\/xii-roteiro-dos-presepios-de-alte-abertura-de-inscricoes\\\/cultura\\\/13\\\/57\\\/\",\"name\":\"XII Roteiro dos pres\u00e9pios de Alte: abertura de inscri\u00e7\u00f5es - Algarve 7\",\"isPartOf\":{\"@id\":\"https:\\\/\\\/algarve7.pt\\\/#website\"},\"primaryImageOfPage\":{\"@id\":\"https:\\\/\\\/algarve7.pt\\\/index.php\\\/2024\\\/11\\\/xii-roteiro-dos-presepios-de-alte-abertura-de-inscricoes\\\/cultura\\\/13\\\/57\\\/#primaryimage\"},\"image\":{\"@id\":\"https:\\\/\\\/algarve7.pt\\\/index.php\\\/2024\\\/11\\\/xii-roteiro-dos-presepios-de-alte-abertura-de-inscricoes\\\/cultura\\\/13\\\/57\\\/#primaryimage\"},\"thumbnailUrl\":\"https:\\\/\\\/algarve7.pt\\\/wp-content\\\/uploads\\\/2024\\\/11\\\/Presepios-Alte-3-scaled.jpeg\",\"datePublished\":\"2024-11-21T13:57:12+00:00\",\"dateModified\":\"2024-11-21T13:57:14+00:00\",\"description\":\"XII Roteiro dos pres\u00e9pios de Alte: abertura de inscri\u00e7\u00f5es Cultura\",\"breadcrumb\":{\"@id\":\"https:\\\/\\\/algarve7.pt\\\/index.php\\\/2024\\\/11\\\/xii-roteiro-dos-presepios-de-alte-abertura-de-inscricoes\\\/cultura\\\/13\\\/57\\\/#breadcrumb\"},\"inLanguage\":\"pt-PT\",\"potentialAction\":[{\"@type\":\"ReadAction\",\"target\":[\"https:\\\/\\\/algarve7.pt\\\/index.php\\\/2024\\\/11\\\/xii-roteiro-dos-presepios-de-alte-abertura-de-inscricoes\\\/cultura\\\/13\\\/57\\\/\"]}]},{\"@type\":\"ImageObject\",\"inLanguage\":\"pt-PT\",\"@id\":\"https:\\\/\\\/algarve7.pt\\\/index.php\\\/2024\\\/11\\\/xii-roteiro-dos-presepios-de-alte-abertura-de-inscricoes\\\/cultura\\\/13\\\/57\\\/#primaryimage\",\"url\":\"https:\\\/\\\/algarve7.pt\\\/wp-content\\\/uploads\\\/2024\\\/11\\\/Presepios-Alte-3-scaled.jpeg\",\"contentUrl\":\"https:\\\/\\\/algarve7.pt\\\/wp-content\\\/uploads\\\/2024\\\/11\\\/Presepios-Alte-3-scaled.jpeg\",\"width\":2560,\"height\":1920},{\"@type\":\"BreadcrumbList\",\"@id\":\"https:\\\/\\\/algarve7.pt\\\/index.php\\\/2024\\\/11\\\/xii-roteiro-dos-presepios-de-alte-abertura-de-inscricoes\\\/cultura\\\/13\\\/57\\\/#breadcrumb\",\"itemListElement\":[{\"@type\":\"ListItem\",\"position\":1,\"name\":\"In\u00edcio\",\"item\":\"https:\\\/\\\/algarve7.pt\\\/\"},{\"@type\":\"ListItem\",\"position\":2,\"name\":\"XII Roteiro dos pres\u00e9pios de Alte: abertura de inscri\u00e7\u00f5es\"}]},{\"@type\":\"WebSite\",\"@id\":\"https:\\\/\\\/algarve7.pt\\\/#website\",\"url\":\"https:\\\/\\\/algarve7.pt\\\/\",\"name\":\"Algarve 7\",\"description\":\"Informa\u00e7\u00e3o sobre o Algarve\",\"publisher\":{\"@id\":\"https:\\\/\\\/algarve7.pt\\\/#organization\"},\"potentialAction\":[{\"@type\":\"SearchAction\",\"target\":{\"@type\":\"EntryPoint\",\"urlTemplate\":\"https:\\\/\\\/algarve7.pt\\\/?s={search_term_string}\"},\"query-input\":{\"@type\":\"PropertyValueSpecification\",\"valueRequired\":true,\"valueName\":\"search_term_string\"}}],\"inLanguage\":\"pt-PT\"},{\"@type\":\"Organization\",\"@id\":\"https:\\\/\\\/algarve7.pt\\\/#organization\",\"name\":\"Algarve 7\",\"url\":\"https:\\\/\\\/algarve7.pt\\\/\",\"logo\":{\"@type\":\"ImageObject\",\"inLanguage\":\"pt-PT\",\"@id\":\"https:\\\/\\\/algarve7.pt\\\/#\\\/schema\\\/logo\\\/image\\\/\",\"url\":\"https:\\\/\\\/algarve7.pt\\\/wp-content\\\/uploads\\\/2020\\\/10\\\/Logo-8.jpg\",\"contentUrl\":\"https:\\\/\\\/algarve7.pt\\\/wp-content\\\/uploads\\\/2020\\\/10\\\/Logo-8.jpg\",\"width\":1680,\"height\":1186,\"caption\":\"Algarve 7\"},\"image\":{\"@id\":\"https:\\\/\\\/algarve7.pt\\\/#\\\/schema\\\/logo\\\/image\\\/\"},\"sameAs\":[\"https:\\\/\\\/www.facebook.com\\\/algarve7\",\"https:\\\/\\\/x.com\\\/Algarvesete\",\"https:\\\/\\\/www.instagram.com\\\/jornalalgarve7\\\/\",\"https:\\\/\\\/www.linkedin.com\\\/company\\\/algarve7\",\"https:\\\/\\\/www.pinterest.pt\\\/geral0939\\\/_created\\\/\"]},{\"@type\":\"Person\",\"@id\":\"https:\\\/\\\/algarve7.pt\\\/#\\\/schema\\\/person\\\/23fa70681308e7b319a3204bcea45e0c\",\"name\":\"Algarve 7\",\"sameAs\":[\"https:\\\/\\\/algarve7.pt\",\"https:\\\/\\\/www.facebook.com\\\/algarve7\"],\"url\":\"https:\\\/\\\/algarve7.pt\\\/index.php\\\/author\\\/geralalgarve7-pt\\\/\"}]}<\/script>\n<!-- \/ Yoast SEO plugin. -->","yoast_head_json":{"title":"XII Roteiro dos pres\u00e9pios de Alte: abertura de inscri\u00e7\u00f5es - Algarve 7","description":"XII Roteiro dos pres\u00e9pios de Alte: abertura de inscri\u00e7\u00f5es Cultura","robots":{"index":"index","follow":"follow","max-snippet":"max-snippet:-1","max-image-preview":"max-image-preview:large","max-video-preview":"max-video-preview:-1"},"canonical":"https:\/\/algarve7.pt\/index.php\/2024\/11\/xii-roteiro-dos-presepios-de-alte-abertura-de-inscricoes\/cultura\/13\/57\/","og_locale":"pt_PT","og_type":"article","og_title":"XII Roteiro dos pres\u00e9pios de Alte: abertura de inscri\u00e7\u00f5es - Algarve 7","og_description":"XII Roteiro dos pres\u00e9pios de Alte: abertura de inscri\u00e7\u00f5es Cultura","og_url":"https:\/\/algarve7.pt\/index.php\/2024\/11\/xii-roteiro-dos-presepios-de-alte-abertura-de-inscricoes\/cultura\/13\/57\/","og_site_name":"Algarve 7","article_publisher":"https:\/\/www.facebook.com\/algarve7","article_author":"https:\/\/www.facebook.com\/algarve7","article_published_time":"2024-11-21T13:57:12+00:00","article_modified_time":"2024-11-21T13:57:14+00:00","og_image":[{"width":2560,"height":1920,"url":"https:\/\/algarve7.pt\/wp-content\/uploads\/2024\/11\/Presepios-Alte-3-scaled.jpeg","type":"image\/jpeg"}],"author":"Algarve 7","twitter_card":"summary_large_image","twitter_creator":"@Algarvesete","twitter_site":"@Algarvesete","twitter_misc":{"Escrito por":"Algarve 7","Tempo estimado de leitura":"2 minutos"},"schema":{"@context":"https:\/\/schema.org","@graph":[{"@type":"Article","@id":"https:\/\/algarve7.pt\/index.php\/2024\/11\/xii-roteiro-dos-presepios-de-alte-abertura-de-inscricoes\/cultura\/13\/57\/#article","isPartOf":{"@id":"https:\/\/algarve7.pt\/index.php\/2024\/11\/xii-roteiro-dos-presepios-de-alte-abertura-de-inscricoes\/cultura\/13\/57\/"},"author":{"name":"Algarve 7","@id":"https:\/\/algarve7.pt\/#\/schema\/person\/23fa70681308e7b319a3204bcea45e0c"},"headline":"XII Roteiro dos pres\u00e9pios de Alte: abertura de inscri\u00e7\u00f5es","datePublished":"2024-11-21T13:57:12+00:00","dateModified":"2024-11-21T13:57:14+00:00","mainEntityOfPage":{"@id":"https:\/\/algarve7.pt\/index.php\/2024\/11\/xii-roteiro-dos-presepios-de-alte-abertura-de-inscricoes\/cultura\/13\/57\/"},"wordCount":181,"publisher":{"@id":"https:\/\/algarve7.pt\/#organization"},"image":{"@id":"https:\/\/algarve7.pt\/index.php\/2024\/11\/xii-roteiro-dos-presepios-de-alte-abertura-de-inscricoes\/cultura\/13\/57\/#primaryimage"},"thumbnailUrl":"https:\/\/algarve7.pt\/wp-content\/uploads\/2024\/11\/Presepios-Alte-3-scaled.jpeg","keywords":["Algarve","Alte","Cultura"],"articleSection":["Cultura"],"inLanguage":"pt-PT"},{"@type":"WebPage","@id":"https:\/\/algarve7.pt\/index.php\/2024\/11\/xii-roteiro-dos-presepios-de-alte-abertura-de-inscricoes\/cultura\/13\/57\/","url":"https:\/\/algarve7.pt\/index.php\/2024\/11\/xii-roteiro-dos-presepios-de-alte-abertura-de-inscricoes\/cultura\/13\/57\/","name":"XII Roteiro dos pres\u00e9pios de Alte: abertura de inscri\u00e7\u00f5es - Algarve 7","isPartOf":{"@id":"https:\/\/algarve7.pt\/#website"},"primaryImageOfPage":{"@id":"https:\/\/algarve7.pt\/index.php\/2024\/11\/xii-roteiro-dos-presepios-de-alte-abertura-de-inscricoes\/cultura\/13\/57\/#primaryimage"},"image":{"@id":"https:\/\/algarve7.pt\/index.php\/2024\/11\/xii-roteiro-dos-presepios-de-alte-abertura-de-inscricoes\/cultura\/13\/57\/#primaryimage"},"thumbnailUrl":"https:\/\/algarve7.pt\/wp-content\/uploads\/2024\/11\/Presepios-Alte-3-scaled.jpeg","datePublished":"2024-11-21T13:57:12+00:00","dateModified":"2024-11-21T13:57:14+00:00","description":"XII Roteiro dos pres\u00e9pios de Alte: abertura de inscri\u00e7\u00f5es Cultura","breadcrumb":{"@id":"https:\/\/algarve7.pt\/index.php\/2024\/11\/xii-roteiro-dos-presepios-de-alte-abertura-de-inscricoes\/cultura\/13\/57\/#breadcrumb"},"inLanguage":"pt-PT","potentialAction":[{"@type":"ReadAction","target":["https:\/\/algarve7.pt\/index.php\/2024\/11\/xii-roteiro-dos-presepios-de-alte-abertura-de-inscricoes\/cultura\/13\/57\/"]}]},{"@type":"ImageObject","inLanguage":"pt-PT","@id":"https:\/\/algarve7.pt\/index.php\/2024\/11\/xii-roteiro-dos-presepios-de-alte-abertura-de-inscricoes\/cultura\/13\/57\/#primaryimage","url":"https:\/\/algarve7.pt\/wp-content\/uploads\/2024\/11\/Presepios-Alte-3-scaled.jpeg","contentUrl":"https:\/\/algarve7.pt\/wp-content\/uploads\/2024\/11\/Presepios-Alte-3-scaled.jpeg","width":2560,"height":1920},{"@type":"BreadcrumbList","@id":"https:\/\/algarve7.pt\/index.php\/2024\/11\/xii-roteiro-dos-presepios-de-alte-abertura-de-inscricoes\/cultura\/13\/57\/#breadcrumb","itemListElement":[{"@type":"ListItem","position":1,"name":"In\u00edcio","item":"https:\/\/algarve7.pt\/"},{"@type":"ListItem","position":2,"name":"XII Roteiro dos pres\u00e9pios de Alte: abertura de inscri\u00e7\u00f5es"}]},{"@type":"WebSite","@id":"https:\/\/algarve7.pt\/#website","url":"https:\/\/algarve7.pt\/","name":"Algarve 7","description":"Informa\u00e7\u00e3o sobre o Algarve","publisher":{"@id":"https:\/\/algarve7.pt\/#organization"},"potentialAction":[{"@type":"SearchAction","target":{"@type":"EntryPoint","urlTemplate":"https:\/\/algarve7.pt\/?s={search_term_string}"},"query-input":{"@type":"PropertyValueSpecification","valueRequired":true,"valueName":"search_term_string"}}],"inLanguage":"pt-PT"},{"@type":"Organization","@id":"https:\/\/algarve7.pt\/#organization","name":"Algarve 7","url":"https:\/\/algarve7.pt\/","logo":{"@type":"ImageObject","inLanguage":"pt-PT","@id":"https:\/\/algarve7.pt\/#\/schema\/logo\/image\/","url":"https:\/\/algarve7.pt\/wp-content\/uploads\/2020\/10\/Logo-8.jpg","contentUrl":"https:\/\/algarve7.pt\/wp-content\/uploads\/2020\/10\/Logo-8.jpg","width":1680,"height":1186,"caption":"Algarve 7"},"image":{"@id":"https:\/\/algarve7.pt\/#\/schema\/logo\/image\/"},"sameAs":["https:\/\/www.facebook.com\/algarve7","https:\/\/x.com\/Algarvesete","https:\/\/www.instagram.com\/jornalalgarve7\/","https:\/\/www.linkedin.com\/company\/algarve7","https:\/\/www.pinterest.pt\/geral0939\/_created\/"]},{"@type":"Person","@id":"https:\/\/algarve7.pt\/#\/schema\/person\/23fa70681308e7b319a3204bcea45e0c","name":"Algarve 7","sameAs":["https:\/\/algarve7.pt","https:\/\/www.facebook.com\/algarve7"],"url":"https:\/\/algarve7.pt\/index.php\/author\/geralalgarve7-pt\/"}]}},"jetpack_publicize_connections":[],"jetpack_featured_media_url":"https:\/\/algarve7.pt\/wp-content\/uploads\/2024\/11\/Presepios-Alte-3-scaled.jpeg","jetpack_shortlink":"https:\/\/wp.me\/pcezmW-bCR","jetpack_sharing_enabled":true,"_links":{"self":[{"href":"https:\/\/algarve7.pt\/index.php\/wp-json\/wp\/v2\/posts\/44693","targetHints":{"allow":["GET"]}}],"collection":[{"href":"https:\/\/algarve7.pt\/index.php\/wp-json\/wp\/v2\/posts"}],"about":[{"href":"https:\/\/algarve7.pt\/index.php\/wp-json\/wp\/v2\/types\/post"}],"author":[{"embeddable":true,"href":"https:\/\/algarve7.pt\/index.php\/wp-json\/wp\/v2\/users\/1"}],"replies":[{"embeddable":true,"href":"https:\/\/algarve7.pt\/index.php\/wp-json\/wp\/v2\/comments?post=44693"}],"version-history":[{"count":0,"href":"https:\/\/algarve7.pt\/index.php\/wp-json\/wp\/v2\/posts\/44693\/revisions"}],"wp:featuredmedia":[{"embeddable":true,"href":"https:\/\/algarve7.pt\/index.php\/wp-json\/wp\/v2\/media\/44694"}],"wp:attachment":[{"href":"https:\/\/algarve7.pt\/index.php\/wp-json\/wp\/v2\/media?parent=44693"}],"wp:term":[{"taxonomy":"category","embeddable":true,"href":"https:\/\/algarve7.pt\/index.php\/wp-json\/wp\/v2\/categories?post=44693"},{"taxonomy":"post_tag","embeddable":true,"href":"https:\/\/algarve7.pt\/index.php\/wp-json\/wp\/v2\/tags?post=44693"}],"curies":[{"name":"wp","href":"https:\/\/api.w.org\/{rel}","templated":true}]}}