{"id":44630,"date":"2024-11-20T07:00:00","date_gmt":"2024-11-20T07:00:00","guid":{"rendered":"https:\/\/algarve7.pt\/?p=44630"},"modified":"2024-11-19T23:16:51","modified_gmt":"2024-11-19T23:16:51","slug":"o-natal-esta-a-chegar-ao-concelho-de-loule","status":"publish","type":"post","link":"https:\/\/algarve7.pt\/index.php\/2024\/11\/o-natal-esta-a-chegar-ao-concelho-de-loule\/atualidade\/07\/00\/","title":{"rendered":"O Natal est\u00e1 a chegar ao concelho de Loul\u00e9"},"content":{"rendered":"\n<p>\u00c9 j\u00e1 no pr\u00f3ximo dia 30 de novembro que arranca o Programa de Anima\u00e7\u00e3o de Natal do Concelho de Loul\u00e9 2024, iniciativa que, at\u00e9 6 de janeiro, pretende levar uma s\u00e9rie de atividades ao cora\u00e7\u00e3o dos principais centros urbanos, e dinamizar o com\u00e9rcio local.<\/p>\n\n\n\n<p>Como j\u00e1 \u00e9 tradi\u00e7\u00e3o, a chegada do Pai Natal marca o in\u00edcio do programa. Assim, no dia 30 de novembro, em Loul\u00e9, e 1 de dezembro, em Quarteira e Almancil, h\u00e1 o habitual desfile em que o Pai Natal, acompanhado pelos seus duendes, gnomos, elfos e, claro, a M\u00e3e Natal, \u00e9 esperado por centenas de crian\u00e7as. Momento mais efusivo ser\u00e1, naturalmente, a distribui\u00e7\u00e3o de presentes.&nbsp;<\/p>\n\n\n\n<p>Durante o per\u00edodo de festas, os espa\u00e7os de anima\u00e7\u00e3o onde o esp\u00edrito natal\u00edcio ser\u00e1 vivido de uma forma muito especial s\u00e3o, em Loul\u00e9, a Aldeia dos Sonhos (Cerca do Convento, Largo D. Afonso III e Largo de S. Francisco), em Quarteira, a Pra\u00e7a Natal (Cal\u00e7ad\u00e3o e Centro Aut\u00e1rquico) e, em Almancil, o Jardim dos Sonhos (Jardim das Comunidades). Haver\u00e1 carross\u00e9is, pistas de gelo, slide, trampolins, decora\u00e7\u00e3o e ilumina\u00e7\u00e3o de Natal, m\u00fasica, horas do conto, pinturas faciais, banquinhas com gastronomia e muitas outras surpresas mais, tudo para recriar o ambiente natal\u00edcio.<\/p>\n\n\n\n<p>Estes espa\u00e7os v\u00e3o funcionar de ter\u00e7a a sexta-feira e ao domingo, das 14h30n \u00e0s 19h00, e ao s\u00e1bado, das 10h30 \u00e0s 19h00. A entrada \u00e9 livre.&nbsp;<\/p>\n\n\n\n<p>De referir que at\u00e9 ao Dia de Reis est\u00e3o previstos v\u00e1rios eventos, com destaque para a Feira da Serra de Loul\u00e9, a Passagem de Ano na cidade de Quarteira ou o Bolo-Rei Gigante em Loul\u00e9.<\/p>\n\n\n\n<p>Todas estas iniciativas enquadram-se numa clara aposta na promo\u00e7\u00e3o do com\u00e9rcio local durante um per\u00edodo bastante importante para a dinamiza\u00e7\u00e3o econ\u00f3mica do concelho. Com o envolvimento dos lojistas, a C\u00e2mara Municipal de Loul\u00e9, em parceria com a ACRAL, lan\u00e7a a campanha&nbsp;<strong>\u201cUm Natal Especial\u201d<\/strong>, que pretende mostrar junto dos consumidores a originalidade dos produtos que se podem encontrar nestes estabelecimentos.<\/p>\n\n\n\n<p>Entre 22 de novembro de 2024 e 5 de janeiro de 2025, por cada 10\u20ac em compras, os compradores podem habilitar-se a vales de compras nos estabelecimentos aderentes e ao sorteio de um ve\u00edculo autom\u00f3vel. Os sorteios ter\u00e3o lugar no dia 17 de dezembro e 6 de janeiro de 2025.<\/p>\n","protected":false},"excerpt":{"rendered":"<p>\u00c9 j\u00e1 no pr\u00f3ximo dia 30 de novembro que arranca o Programa de Anima\u00e7\u00e3o de Natal do Concelho de Loul\u00e9<\/p>\n","protected":false},"author":1,"featured_media":44631,"comment_status":"closed","ping_status":"closed","sticky":false,"template":"","format":"standard","meta":{"colormag_page_container_layout":"default_layout","colormag_page_sidebar_layout":"default_layout","_monsterinsights_skip_tracking":false,"_monsterinsights_sitenote_active":false,"_monsterinsights_sitenote_note":"","_monsterinsights_sitenote_category":0,"jetpack_post_was_ever_published":false,"_jetpack_newsletter_access":"","_jetpack_dont_email_post_to_subs":false,"_jetpack_newsletter_tier_id":0,"_jetpack_memberships_contains_paywalled_content":false,"_jetpack_memberships_contains_paid_content":false,"footnotes":"","jetpack_publicize_message":"","jetpack_publicize_feature_enabled":true,"jetpack_social_post_already_shared":true,"jetpack_social_options":{"image_generator_settings":{"template":"highway","default_image_id":0,"font":"","enabled":false},"version":2}},"categories":[11],"tags":[36,62,31],"class_list":["post-44630","post","type-post","status-publish","format-standard","has-post-thumbnail","hentry","category-atualidade","tag-algarve","tag-atualidade","tag-loule"],"yoast_head":"<!-- This site is optimized with the Yoast SEO plugin v27.5 - https:\/\/yoast.com\/product\/yoast-seo-wordpress\/ -->\n<title>O Natal est\u00e1 a chegar ao concelho de Loul\u00e9 - Algarve 7<\/title>\n<meta name=\"description\" content=\"O Natal est\u00e1 a chegar ao concelho de Loul\u00e9 Atualidade\" \/>\n<meta name=\"robots\" content=\"index, follow, max-snippet:-1, max-image-preview:large, max-video-preview:-1\" \/>\n<link rel=\"canonical\" href=\"https:\/\/algarve7.pt\/index.php\/2024\/11\/o-natal-esta-a-chegar-ao-concelho-de-loule\/atualidade\/07\/00\/\" \/>\n<meta property=\"og:locale\" content=\"pt_PT\" \/>\n<meta property=\"og:type\" content=\"article\" \/>\n<meta property=\"og:title\" content=\"O Natal est\u00e1 a chegar ao concelho de Loul\u00e9 - Algarve 7\" \/>\n<meta property=\"og:description\" content=\"O Natal est\u00e1 a chegar ao concelho de Loul\u00e9 Atualidade\" \/>\n<meta property=\"og:url\" content=\"https:\/\/algarve7.pt\/index.php\/2024\/11\/o-natal-esta-a-chegar-ao-concelho-de-loule\/atualidade\/07\/00\/\" \/>\n<meta property=\"og:site_name\" content=\"Algarve 7\" \/>\n<meta property=\"article:publisher\" content=\"https:\/\/www.facebook.com\/algarve7\" \/>\n<meta property=\"article:author\" content=\"https:\/\/www.facebook.com\/algarve7\" \/>\n<meta property=\"article:published_time\" content=\"2024-11-20T07:00:00+00:00\" \/>\n<meta property=\"og:image\" content=\"https:\/\/algarve7.pt\/wp-content\/uploads\/2024\/11\/Chegada-do-Pai-Natal-Loule-5-scaled.jpg\" \/>\n\t<meta property=\"og:image:width\" content=\"2560\" \/>\n\t<meta property=\"og:image:height\" content=\"1672\" \/>\n\t<meta property=\"og:image:type\" content=\"image\/jpeg\" \/>\n<meta name=\"author\" content=\"Algarve 7\" \/>\n<meta name=\"twitter:card\" content=\"summary_large_image\" \/>\n<meta name=\"twitter:creator\" content=\"@Algarvesete\" \/>\n<meta name=\"twitter:site\" content=\"@Algarvesete\" \/>\n<meta name=\"twitter:label1\" content=\"Escrito por\" \/>\n\t<meta name=\"twitter:data1\" content=\"Algarve 7\" \/>\n\t<meta name=\"twitter:label2\" content=\"Tempo estimado de leitura\" \/>\n\t<meta name=\"twitter:data2\" content=\"3 minutos\" \/>\n<script type=\"application\/ld+json\" class=\"yoast-schema-graph\">{\"@context\":\"https:\\\/\\\/schema.org\",\"@graph\":[{\"@type\":\"Article\",\"@id\":\"https:\\\/\\\/algarve7.pt\\\/index.php\\\/2024\\\/11\\\/o-natal-esta-a-chegar-ao-concelho-de-loule\\\/atualidade\\\/07\\\/00\\\/#article\",\"isPartOf\":{\"@id\":\"https:\\\/\\\/algarve7.pt\\\/index.php\\\/2024\\\/11\\\/o-natal-esta-a-chegar-ao-concelho-de-loule\\\/atualidade\\\/07\\\/00\\\/\"},\"author\":{\"name\":\"Algarve 7\",\"@id\":\"https:\\\/\\\/algarve7.pt\\\/#\\\/schema\\\/person\\\/23fa70681308e7b319a3204bcea45e0c\"},\"headline\":\"O Natal est\u00e1 a chegar ao concelho de Loul\u00e9\",\"datePublished\":\"2024-11-20T07:00:00+00:00\",\"mainEntityOfPage\":{\"@id\":\"https:\\\/\\\/algarve7.pt\\\/index.php\\\/2024\\\/11\\\/o-natal-esta-a-chegar-ao-concelho-de-loule\\\/atualidade\\\/07\\\/00\\\/\"},\"wordCount\":407,\"publisher\":{\"@id\":\"https:\\\/\\\/algarve7.pt\\\/#organization\"},\"image\":{\"@id\":\"https:\\\/\\\/algarve7.pt\\\/index.php\\\/2024\\\/11\\\/o-natal-esta-a-chegar-ao-concelho-de-loule\\\/atualidade\\\/07\\\/00\\\/#primaryimage\"},\"thumbnailUrl\":\"https:\\\/\\\/algarve7.pt\\\/wp-content\\\/uploads\\\/2024\\\/11\\\/Chegada-do-Pai-Natal-Loule-5-scaled.jpg\",\"keywords\":[\"Algarve\",\"Atualidade\",\"Loul\u00e9\"],\"articleSection\":[\"Atualidade\"],\"inLanguage\":\"pt-PT\"},{\"@type\":\"WebPage\",\"@id\":\"https:\\\/\\\/algarve7.pt\\\/index.php\\\/2024\\\/11\\\/o-natal-esta-a-chegar-ao-concelho-de-loule\\\/atualidade\\\/07\\\/00\\\/\",\"url\":\"https:\\\/\\\/algarve7.pt\\\/index.php\\\/2024\\\/11\\\/o-natal-esta-a-chegar-ao-concelho-de-loule\\\/atualidade\\\/07\\\/00\\\/\",\"name\":\"O Natal est\u00e1 a chegar ao concelho de Loul\u00e9 - Algarve 7\",\"isPartOf\":{\"@id\":\"https:\\\/\\\/algarve7.pt\\\/#website\"},\"primaryImageOfPage\":{\"@id\":\"https:\\\/\\\/algarve7.pt\\\/index.php\\\/2024\\\/11\\\/o-natal-esta-a-chegar-ao-concelho-de-loule\\\/atualidade\\\/07\\\/00\\\/#primaryimage\"},\"image\":{\"@id\":\"https:\\\/\\\/algarve7.pt\\\/index.php\\\/2024\\\/11\\\/o-natal-esta-a-chegar-ao-concelho-de-loule\\\/atualidade\\\/07\\\/00\\\/#primaryimage\"},\"thumbnailUrl\":\"https:\\\/\\\/algarve7.pt\\\/wp-content\\\/uploads\\\/2024\\\/11\\\/Chegada-do-Pai-Natal-Loule-5-scaled.jpg\",\"datePublished\":\"2024-11-20T07:00:00+00:00\",\"description\":\"O Natal est\u00e1 a chegar ao concelho de Loul\u00e9 Atualidade\",\"breadcrumb\":{\"@id\":\"https:\\\/\\\/algarve7.pt\\\/index.php\\\/2024\\\/11\\\/o-natal-esta-a-chegar-ao-concelho-de-loule\\\/atualidade\\\/07\\\/00\\\/#breadcrumb\"},\"inLanguage\":\"pt-PT\",\"potentialAction\":[{\"@type\":\"ReadAction\",\"target\":[\"https:\\\/\\\/algarve7.pt\\\/index.php\\\/2024\\\/11\\\/o-natal-esta-a-chegar-ao-concelho-de-loule\\\/atualidade\\\/07\\\/00\\\/\"]}]},{\"@type\":\"ImageObject\",\"inLanguage\":\"pt-PT\",\"@id\":\"https:\\\/\\\/algarve7.pt\\\/index.php\\\/2024\\\/11\\\/o-natal-esta-a-chegar-ao-concelho-de-loule\\\/atualidade\\\/07\\\/00\\\/#primaryimage\",\"url\":\"https:\\\/\\\/algarve7.pt\\\/wp-content\\\/uploads\\\/2024\\\/11\\\/Chegada-do-Pai-Natal-Loule-5-scaled.jpg\",\"contentUrl\":\"https:\\\/\\\/algarve7.pt\\\/wp-content\\\/uploads\\\/2024\\\/11\\\/Chegada-do-Pai-Natal-Loule-5-scaled.jpg\",\"width\":2560,\"height\":1672},{\"@type\":\"BreadcrumbList\",\"@id\":\"https:\\\/\\\/algarve7.pt\\\/index.php\\\/2024\\\/11\\\/o-natal-esta-a-chegar-ao-concelho-de-loule\\\/atualidade\\\/07\\\/00\\\/#breadcrumb\",\"itemListElement\":[{\"@type\":\"ListItem\",\"position\":1,\"name\":\"In\u00edcio\",\"item\":\"https:\\\/\\\/algarve7.pt\\\/\"},{\"@type\":\"ListItem\",\"position\":2,\"name\":\"O Natal est\u00e1 a chegar ao concelho de Loul\u00e9\"}]},{\"@type\":\"WebSite\",\"@id\":\"https:\\\/\\\/algarve7.pt\\\/#website\",\"url\":\"https:\\\/\\\/algarve7.pt\\\/\",\"name\":\"Algarve 7\",\"description\":\"Informa\u00e7\u00e3o sobre o Algarve\",\"publisher\":{\"@id\":\"https:\\\/\\\/algarve7.pt\\\/#organization\"},\"potentialAction\":[{\"@type\":\"SearchAction\",\"target\":{\"@type\":\"EntryPoint\",\"urlTemplate\":\"https:\\\/\\\/algarve7.pt\\\/?s={search_term_string}\"},\"query-input\":{\"@type\":\"PropertyValueSpecification\",\"valueRequired\":true,\"valueName\":\"search_term_string\"}}],\"inLanguage\":\"pt-PT\"},{\"@type\":\"Organization\",\"@id\":\"https:\\\/\\\/algarve7.pt\\\/#organization\",\"name\":\"Algarve 7\",\"url\":\"https:\\\/\\\/algarve7.pt\\\/\",\"logo\":{\"@type\":\"ImageObject\",\"inLanguage\":\"pt-PT\",\"@id\":\"https:\\\/\\\/algarve7.pt\\\/#\\\/schema\\\/logo\\\/image\\\/\",\"url\":\"https:\\\/\\\/algarve7.pt\\\/wp-content\\\/uploads\\\/2020\\\/10\\\/Logo-8.jpg\",\"contentUrl\":\"https:\\\/\\\/algarve7.pt\\\/wp-content\\\/uploads\\\/2020\\\/10\\\/Logo-8.jpg\",\"width\":1680,\"height\":1186,\"caption\":\"Algarve 7\"},\"image\":{\"@id\":\"https:\\\/\\\/algarve7.pt\\\/#\\\/schema\\\/logo\\\/image\\\/\"},\"sameAs\":[\"https:\\\/\\\/www.facebook.com\\\/algarve7\",\"https:\\\/\\\/x.com\\\/Algarvesete\",\"https:\\\/\\\/www.instagram.com\\\/jornalalgarve7\\\/\",\"https:\\\/\\\/www.linkedin.com\\\/company\\\/algarve7\",\"https:\\\/\\\/www.pinterest.pt\\\/geral0939\\\/_created\\\/\"]},{\"@type\":\"Person\",\"@id\":\"https:\\\/\\\/algarve7.pt\\\/#\\\/schema\\\/person\\\/23fa70681308e7b319a3204bcea45e0c\",\"name\":\"Algarve 7\",\"sameAs\":[\"https:\\\/\\\/algarve7.pt\",\"https:\\\/\\\/www.facebook.com\\\/algarve7\"],\"url\":\"https:\\\/\\\/algarve7.pt\\\/index.php\\\/author\\\/geralalgarve7-pt\\\/\"}]}<\/script>\n<!-- \/ Yoast SEO plugin. -->","yoast_head_json":{"title":"O Natal est\u00e1 a chegar ao concelho de Loul\u00e9 - Algarve 7","description":"O Natal est\u00e1 a chegar ao concelho de Loul\u00e9 Atualidade","robots":{"index":"index","follow":"follow","max-snippet":"max-snippet:-1","max-image-preview":"max-image-preview:large","max-video-preview":"max-video-preview:-1"},"canonical":"https:\/\/algarve7.pt\/index.php\/2024\/11\/o-natal-esta-a-chegar-ao-concelho-de-loule\/atualidade\/07\/00\/","og_locale":"pt_PT","og_type":"article","og_title":"O Natal est\u00e1 a chegar ao concelho de Loul\u00e9 - Algarve 7","og_description":"O Natal est\u00e1 a chegar ao concelho de Loul\u00e9 Atualidade","og_url":"https:\/\/algarve7.pt\/index.php\/2024\/11\/o-natal-esta-a-chegar-ao-concelho-de-loule\/atualidade\/07\/00\/","og_site_name":"Algarve 7","article_publisher":"https:\/\/www.facebook.com\/algarve7","article_author":"https:\/\/www.facebook.com\/algarve7","article_published_time":"2024-11-20T07:00:00+00:00","og_image":[{"width":2560,"height":1672,"url":"https:\/\/algarve7.pt\/wp-content\/uploads\/2024\/11\/Chegada-do-Pai-Natal-Loule-5-scaled.jpg","type":"image\/jpeg"}],"author":"Algarve 7","twitter_card":"summary_large_image","twitter_creator":"@Algarvesete","twitter_site":"@Algarvesete","twitter_misc":{"Escrito por":"Algarve 7","Tempo estimado de leitura":"3 minutos"},"schema":{"@context":"https:\/\/schema.org","@graph":[{"@type":"Article","@id":"https:\/\/algarve7.pt\/index.php\/2024\/11\/o-natal-esta-a-chegar-ao-concelho-de-loule\/atualidade\/07\/00\/#article","isPartOf":{"@id":"https:\/\/algarve7.pt\/index.php\/2024\/11\/o-natal-esta-a-chegar-ao-concelho-de-loule\/atualidade\/07\/00\/"},"author":{"name":"Algarve 7","@id":"https:\/\/algarve7.pt\/#\/schema\/person\/23fa70681308e7b319a3204bcea45e0c"},"headline":"O Natal est\u00e1 a chegar ao concelho de Loul\u00e9","datePublished":"2024-11-20T07:00:00+00:00","mainEntityOfPage":{"@id":"https:\/\/algarve7.pt\/index.php\/2024\/11\/o-natal-esta-a-chegar-ao-concelho-de-loule\/atualidade\/07\/00\/"},"wordCount":407,"publisher":{"@id":"https:\/\/algarve7.pt\/#organization"},"image":{"@id":"https:\/\/algarve7.pt\/index.php\/2024\/11\/o-natal-esta-a-chegar-ao-concelho-de-loule\/atualidade\/07\/00\/#primaryimage"},"thumbnailUrl":"https:\/\/algarve7.pt\/wp-content\/uploads\/2024\/11\/Chegada-do-Pai-Natal-Loule-5-scaled.jpg","keywords":["Algarve","Atualidade","Loul\u00e9"],"articleSection":["Atualidade"],"inLanguage":"pt-PT"},{"@type":"WebPage","@id":"https:\/\/algarve7.pt\/index.php\/2024\/11\/o-natal-esta-a-chegar-ao-concelho-de-loule\/atualidade\/07\/00\/","url":"https:\/\/algarve7.pt\/index.php\/2024\/11\/o-natal-esta-a-chegar-ao-concelho-de-loule\/atualidade\/07\/00\/","name":"O Natal est\u00e1 a chegar ao concelho de Loul\u00e9 - Algarve 7","isPartOf":{"@id":"https:\/\/algarve7.pt\/#website"},"primaryImageOfPage":{"@id":"https:\/\/algarve7.pt\/index.php\/2024\/11\/o-natal-esta-a-chegar-ao-concelho-de-loule\/atualidade\/07\/00\/#primaryimage"},"image":{"@id":"https:\/\/algarve7.pt\/index.php\/2024\/11\/o-natal-esta-a-chegar-ao-concelho-de-loule\/atualidade\/07\/00\/#primaryimage"},"thumbnailUrl":"https:\/\/algarve7.pt\/wp-content\/uploads\/2024\/11\/Chegada-do-Pai-Natal-Loule-5-scaled.jpg","datePublished":"2024-11-20T07:00:00+00:00","description":"O Natal est\u00e1 a chegar ao concelho de Loul\u00e9 Atualidade","breadcrumb":{"@id":"https:\/\/algarve7.pt\/index.php\/2024\/11\/o-natal-esta-a-chegar-ao-concelho-de-loule\/atualidade\/07\/00\/#breadcrumb"},"inLanguage":"pt-PT","potentialAction":[{"@type":"ReadAction","target":["https:\/\/algarve7.pt\/index.php\/2024\/11\/o-natal-esta-a-chegar-ao-concelho-de-loule\/atualidade\/07\/00\/"]}]},{"@type":"ImageObject","inLanguage":"pt-PT","@id":"https:\/\/algarve7.pt\/index.php\/2024\/11\/o-natal-esta-a-chegar-ao-concelho-de-loule\/atualidade\/07\/00\/#primaryimage","url":"https:\/\/algarve7.pt\/wp-content\/uploads\/2024\/11\/Chegada-do-Pai-Natal-Loule-5-scaled.jpg","contentUrl":"https:\/\/algarve7.pt\/wp-content\/uploads\/2024\/11\/Chegada-do-Pai-Natal-Loule-5-scaled.jpg","width":2560,"height":1672},{"@type":"BreadcrumbList","@id":"https:\/\/algarve7.pt\/index.php\/2024\/11\/o-natal-esta-a-chegar-ao-concelho-de-loule\/atualidade\/07\/00\/#breadcrumb","itemListElement":[{"@type":"ListItem","position":1,"name":"In\u00edcio","item":"https:\/\/algarve7.pt\/"},{"@type":"ListItem","position":2,"name":"O Natal est\u00e1 a chegar ao concelho de Loul\u00e9"}]},{"@type":"WebSite","@id":"https:\/\/algarve7.pt\/#website","url":"https:\/\/algarve7.pt\/","name":"Algarve 7","description":"Informa\u00e7\u00e3o sobre o Algarve","publisher":{"@id":"https:\/\/algarve7.pt\/#organization"},"potentialAction":[{"@type":"SearchAction","target":{"@type":"EntryPoint","urlTemplate":"https:\/\/algarve7.pt\/?s={search_term_string}"},"query-input":{"@type":"PropertyValueSpecification","valueRequired":true,"valueName":"search_term_string"}}],"inLanguage":"pt-PT"},{"@type":"Organization","@id":"https:\/\/algarve7.pt\/#organization","name":"Algarve 7","url":"https:\/\/algarve7.pt\/","logo":{"@type":"ImageObject","inLanguage":"pt-PT","@id":"https:\/\/algarve7.pt\/#\/schema\/logo\/image\/","url":"https:\/\/algarve7.pt\/wp-content\/uploads\/2020\/10\/Logo-8.jpg","contentUrl":"https:\/\/algarve7.pt\/wp-content\/uploads\/2020\/10\/Logo-8.jpg","width":1680,"height":1186,"caption":"Algarve 7"},"image":{"@id":"https:\/\/algarve7.pt\/#\/schema\/logo\/image\/"},"sameAs":["https:\/\/www.facebook.com\/algarve7","https:\/\/x.com\/Algarvesete","https:\/\/www.instagram.com\/jornalalgarve7\/","https:\/\/www.linkedin.com\/company\/algarve7","https:\/\/www.pinterest.pt\/geral0939\/_created\/"]},{"@type":"Person","@id":"https:\/\/algarve7.pt\/#\/schema\/person\/23fa70681308e7b319a3204bcea45e0c","name":"Algarve 7","sameAs":["https:\/\/algarve7.pt","https:\/\/www.facebook.com\/algarve7"],"url":"https:\/\/algarve7.pt\/index.php\/author\/geralalgarve7-pt\/"}]}},"jetpack_publicize_connections":[],"jetpack_featured_media_url":"https:\/\/algarve7.pt\/wp-content\/uploads\/2024\/11\/Chegada-do-Pai-Natal-Loule-5-scaled.jpg","jetpack_shortlink":"https:\/\/wp.me\/pcezmW-bBQ","jetpack_sharing_enabled":true,"_links":{"self":[{"href":"https:\/\/algarve7.pt\/index.php\/wp-json\/wp\/v2\/posts\/44630","targetHints":{"allow":["GET"]}}],"collection":[{"href":"https:\/\/algarve7.pt\/index.php\/wp-json\/wp\/v2\/posts"}],"about":[{"href":"https:\/\/algarve7.pt\/index.php\/wp-json\/wp\/v2\/types\/post"}],"author":[{"embeddable":true,"href":"https:\/\/algarve7.pt\/index.php\/wp-json\/wp\/v2\/users\/1"}],"replies":[{"embeddable":true,"href":"https:\/\/algarve7.pt\/index.php\/wp-json\/wp\/v2\/comments?post=44630"}],"version-history":[{"count":0,"href":"https:\/\/algarve7.pt\/index.php\/wp-json\/wp\/v2\/posts\/44630\/revisions"}],"wp:featuredmedia":[{"embeddable":true,"href":"https:\/\/algarve7.pt\/index.php\/wp-json\/wp\/v2\/media\/44631"}],"wp:attachment":[{"href":"https:\/\/algarve7.pt\/index.php\/wp-json\/wp\/v2\/media?parent=44630"}],"wp:term":[{"taxonomy":"category","embeddable":true,"href":"https:\/\/algarve7.pt\/index.php\/wp-json\/wp\/v2\/categories?post=44630"},{"taxonomy":"post_tag","embeddable":true,"href":"https:\/\/algarve7.pt\/index.php\/wp-json\/wp\/v2\/tags?post=44630"}],"curies":[{"name":"wp","href":"https:\/\/api.w.org\/{rel}","templated":true}]}}