{"id":44627,"date":"2024-11-20T09:45:00","date_gmt":"2024-11-20T09:45:00","guid":{"rendered":"https:\/\/algarve7.pt\/?p=44627"},"modified":"2024-11-19T19:31:36","modified_gmt":"2024-11-19T19:31:36","slug":"ada-lanca-o-1o-grande-evento-do-ano-o-algarve-dance-meeting","status":"publish","type":"post","link":"https:\/\/algarve7.pt\/index.php\/2024\/11\/ada-lanca-o-1o-grande-evento-do-ano-o-algarve-dance-meeting\/atualidade\/09\/45\/","title":{"rendered":"ADA lan\u00e7a o 1\u00ba grande evento do ano o \u201cAlgarve dance meeting\u201d"},"content":{"rendered":"\n<p>A ADA, Academia de Dan\u00e7a do Algarve, d\u00e1 in\u00edcio a uma nova \u00e9poca competitiva e de forma\u00e7\u00e3o, nas artes de dan\u00e7as urbanas,&nbsp;&nbsp;com o lan\u00e7amento do j\u00e1 habitual \u201cAlgarve Dance Meeting\u201d.<\/p>\n\n\n\n<p>O prop\u00f3sito deste primeiro grande evento do ano \u00e9, no pr\u00f3ximo dia 23 de Novembro, no recentemente inaugurado Pavilh\u00e3o Multiusos 25 de Abril, em Almancil, p\u00f4r os bailarinos participantes on fire, com a organiza\u00e7\u00e3o de um dia repleto de workshops formativos a partir das 10h da manh\u00e3, com os melhores bailarinos e professores regionais. Ao sol posto, realiza-se ainda uma competi\u00e7\u00e3o de Mini-Crews em Estilo Livre (open style), pelas 19h, com equipas de 2 a 3 elementos de todas as idades.&nbsp;<\/p>\n\n\n\n<p>O programa inicia com um workshop no estilo Hip-Hop, seguido de House pelas 12h, de Loocking pelas 13h, Waacking e Breaking pelas 14h, Dancehall \u00e0s 15h e finalizando com Popping e Contempor\u00e2neo \u00e0s 16h.<\/p>\n\n\n\n<p>Ap\u00f3s o campeonato de Mini-Crews, todos os participantes poder\u00e3o ter o prazer de se divertirem na Final Party \u201cPump the JAM\u201d, com a anima\u00e7\u00e3o a cargo dos j\u00e1 famosos DJ Rodrigo Roberto e Hugo Lopes, abrilhantado ainda pelo divertid\u00edssimo speaker Diogo Gouveia.<\/p>\n","protected":false},"excerpt":{"rendered":"<p>A ADA, Academia de Dan\u00e7a do Algarve, d\u00e1 in\u00edcio a uma nova \u00e9poca competitiva e de forma\u00e7\u00e3o, nas artes de<\/p>\n","protected":false},"author":1,"featured_media":44628,"comment_status":"closed","ping_status":"closed","sticky":false,"template":"","format":"standard","meta":{"colormag_page_container_layout":"default_layout","colormag_page_sidebar_layout":"default_layout","_monsterinsights_skip_tracking":false,"_monsterinsights_sitenote_active":false,"_monsterinsights_sitenote_note":"","_monsterinsights_sitenote_category":0,"jetpack_post_was_ever_published":false,"_jetpack_newsletter_access":"","_jetpack_dont_email_post_to_subs":false,"_jetpack_newsletter_tier_id":0,"_jetpack_memberships_contains_paywalled_content":false,"_jetpack_memberships_contains_paid_content":false,"footnotes":"","jetpack_publicize_message":"","jetpack_publicize_feature_enabled":true,"jetpack_social_post_already_shared":true,"jetpack_social_options":{"image_generator_settings":{"template":"highway","default_image_id":0,"font":"","enabled":false},"version":2}},"categories":[11],"tags":[881,36,86,62],"class_list":["post-44627","post","type-post","status-publish","format-standard","has-post-thumbnail","hentry","category-atualidade","tag-academia-de-danca-do-algarve","tag-algarve","tag-almancil","tag-atualidade"],"yoast_head":"<!-- This site is optimized with the Yoast SEO plugin v27.5 - https:\/\/yoast.com\/product\/yoast-seo-wordpress\/ -->\n<title>ADA lan\u00e7a o 1\u00ba grande evento do ano o \u201cAlgarve dance meeting\u201d - Algarve 7<\/title>\n<meta name=\"description\" content=\"ADA lan\u00e7a o 1\u00ba grande evento do ano o \u201cAlgarve dance meeting\u201d Atualidade\" \/>\n<meta name=\"robots\" content=\"index, follow, max-snippet:-1, max-image-preview:large, max-video-preview:-1\" \/>\n<link rel=\"canonical\" href=\"https:\/\/algarve7.pt\/index.php\/2024\/11\/ada-lanca-o-1o-grande-evento-do-ano-o-algarve-dance-meeting\/atualidade\/09\/45\/\" \/>\n<meta property=\"og:locale\" content=\"pt_PT\" \/>\n<meta property=\"og:type\" content=\"article\" \/>\n<meta property=\"og:title\" content=\"ADA lan\u00e7a o 1\u00ba grande evento do ano o \u201cAlgarve dance meeting\u201d - Algarve 7\" \/>\n<meta property=\"og:description\" content=\"ADA lan\u00e7a o 1\u00ba grande evento do ano o \u201cAlgarve dance meeting\u201d Atualidade\" \/>\n<meta property=\"og:url\" content=\"https:\/\/algarve7.pt\/index.php\/2024\/11\/ada-lanca-o-1o-grande-evento-do-ano-o-algarve-dance-meeting\/atualidade\/09\/45\/\" \/>\n<meta property=\"og:site_name\" content=\"Algarve 7\" \/>\n<meta property=\"article:publisher\" content=\"https:\/\/www.facebook.com\/algarve7\" \/>\n<meta property=\"article:author\" content=\"https:\/\/www.facebook.com\/algarve7\" \/>\n<meta property=\"article:published_time\" content=\"2024-11-20T09:45:00+00:00\" \/>\n<meta property=\"og:image\" content=\"https:\/\/algarve7.pt\/wp-content\/uploads\/2024\/11\/Cartaz-Algarve-DanceMeeting24_horizontal-542x500.png\" \/>\n\t<meta property=\"og:image:width\" content=\"542\" \/>\n\t<meta property=\"og:image:height\" content=\"500\" \/>\n\t<meta property=\"og:image:type\" content=\"image\/png\" \/>\n<meta name=\"author\" content=\"Algarve 7\" \/>\n<meta name=\"twitter:card\" content=\"summary_large_image\" \/>\n<meta name=\"twitter:creator\" content=\"@Algarvesete\" \/>\n<meta name=\"twitter:site\" content=\"@Algarvesete\" \/>\n<meta name=\"twitter:label1\" content=\"Escrito por\" \/>\n\t<meta name=\"twitter:data1\" content=\"Algarve 7\" \/>\n\t<meta name=\"twitter:label2\" content=\"Tempo estimado de leitura\" \/>\n\t<meta name=\"twitter:data2\" content=\"2 minutos\" \/>\n<script type=\"application\/ld+json\" class=\"yoast-schema-graph\">{\"@context\":\"https:\\\/\\\/schema.org\",\"@graph\":[{\"@type\":\"Article\",\"@id\":\"https:\\\/\\\/algarve7.pt\\\/index.php\\\/2024\\\/11\\\/ada-lanca-o-1o-grande-evento-do-ano-o-algarve-dance-meeting\\\/atualidade\\\/09\\\/45\\\/#article\",\"isPartOf\":{\"@id\":\"https:\\\/\\\/algarve7.pt\\\/index.php\\\/2024\\\/11\\\/ada-lanca-o-1o-grande-evento-do-ano-o-algarve-dance-meeting\\\/atualidade\\\/09\\\/45\\\/\"},\"author\":{\"name\":\"Algarve 7\",\"@id\":\"https:\\\/\\\/algarve7.pt\\\/#\\\/schema\\\/person\\\/23fa70681308e7b319a3204bcea45e0c\"},\"headline\":\"ADA lan\u00e7a o 1\u00ba grande evento do ano o \u201cAlgarve dance meeting\u201d\",\"datePublished\":\"2024-11-20T09:45:00+00:00\",\"mainEntityOfPage\":{\"@id\":\"https:\\\/\\\/algarve7.pt\\\/index.php\\\/2024\\\/11\\\/ada-lanca-o-1o-grande-evento-do-ano-o-algarve-dance-meeting\\\/atualidade\\\/09\\\/45\\\/\"},\"wordCount\":214,\"publisher\":{\"@id\":\"https:\\\/\\\/algarve7.pt\\\/#organization\"},\"image\":{\"@id\":\"https:\\\/\\\/algarve7.pt\\\/index.php\\\/2024\\\/11\\\/ada-lanca-o-1o-grande-evento-do-ano-o-algarve-dance-meeting\\\/atualidade\\\/09\\\/45\\\/#primaryimage\"},\"thumbnailUrl\":\"https:\\\/\\\/algarve7.pt\\\/wp-content\\\/uploads\\\/2024\\\/11\\\/Cartaz-Algarve-DanceMeeting24_horizontal.png\",\"keywords\":[\"Academia de Dan\u00e7a do Algarve\",\"Algarve\",\"Almancil\",\"Atualidade\"],\"articleSection\":[\"Atualidade\"],\"inLanguage\":\"pt-PT\"},{\"@type\":\"WebPage\",\"@id\":\"https:\\\/\\\/algarve7.pt\\\/index.php\\\/2024\\\/11\\\/ada-lanca-o-1o-grande-evento-do-ano-o-algarve-dance-meeting\\\/atualidade\\\/09\\\/45\\\/\",\"url\":\"https:\\\/\\\/algarve7.pt\\\/index.php\\\/2024\\\/11\\\/ada-lanca-o-1o-grande-evento-do-ano-o-algarve-dance-meeting\\\/atualidade\\\/09\\\/45\\\/\",\"name\":\"ADA lan\u00e7a o 1\u00ba grande evento do ano o \u201cAlgarve dance meeting\u201d - Algarve 7\",\"isPartOf\":{\"@id\":\"https:\\\/\\\/algarve7.pt\\\/#website\"},\"primaryImageOfPage\":{\"@id\":\"https:\\\/\\\/algarve7.pt\\\/index.php\\\/2024\\\/11\\\/ada-lanca-o-1o-grande-evento-do-ano-o-algarve-dance-meeting\\\/atualidade\\\/09\\\/45\\\/#primaryimage\"},\"image\":{\"@id\":\"https:\\\/\\\/algarve7.pt\\\/index.php\\\/2024\\\/11\\\/ada-lanca-o-1o-grande-evento-do-ano-o-algarve-dance-meeting\\\/atualidade\\\/09\\\/45\\\/#primaryimage\"},\"thumbnailUrl\":\"https:\\\/\\\/algarve7.pt\\\/wp-content\\\/uploads\\\/2024\\\/11\\\/Cartaz-Algarve-DanceMeeting24_horizontal.png\",\"datePublished\":\"2024-11-20T09:45:00+00:00\",\"description\":\"ADA lan\u00e7a o 1\u00ba grande evento do ano o \u201cAlgarve dance meeting\u201d Atualidade\",\"breadcrumb\":{\"@id\":\"https:\\\/\\\/algarve7.pt\\\/index.php\\\/2024\\\/11\\\/ada-lanca-o-1o-grande-evento-do-ano-o-algarve-dance-meeting\\\/atualidade\\\/09\\\/45\\\/#breadcrumb\"},\"inLanguage\":\"pt-PT\",\"potentialAction\":[{\"@type\":\"ReadAction\",\"target\":[\"https:\\\/\\\/algarve7.pt\\\/index.php\\\/2024\\\/11\\\/ada-lanca-o-1o-grande-evento-do-ano-o-algarve-dance-meeting\\\/atualidade\\\/09\\\/45\\\/\"]}]},{\"@type\":\"ImageObject\",\"inLanguage\":\"pt-PT\",\"@id\":\"https:\\\/\\\/algarve7.pt\\\/index.php\\\/2024\\\/11\\\/ada-lanca-o-1o-grande-evento-do-ano-o-algarve-dance-meeting\\\/atualidade\\\/09\\\/45\\\/#primaryimage\",\"url\":\"https:\\\/\\\/algarve7.pt\\\/wp-content\\\/uploads\\\/2024\\\/11\\\/Cartaz-Algarve-DanceMeeting24_horizontal.png\",\"contentUrl\":\"https:\\\/\\\/algarve7.pt\\\/wp-content\\\/uploads\\\/2024\\\/11\\\/Cartaz-Algarve-DanceMeeting24_horizontal.png\",\"width\":3633,\"height\":3351},{\"@type\":\"BreadcrumbList\",\"@id\":\"https:\\\/\\\/algarve7.pt\\\/index.php\\\/2024\\\/11\\\/ada-lanca-o-1o-grande-evento-do-ano-o-algarve-dance-meeting\\\/atualidade\\\/09\\\/45\\\/#breadcrumb\",\"itemListElement\":[{\"@type\":\"ListItem\",\"position\":1,\"name\":\"In\u00edcio\",\"item\":\"https:\\\/\\\/algarve7.pt\\\/\"},{\"@type\":\"ListItem\",\"position\":2,\"name\":\"ADA lan\u00e7a o 1\u00ba grande evento do ano o \u201cAlgarve dance meeting\u201d\"}]},{\"@type\":\"WebSite\",\"@id\":\"https:\\\/\\\/algarve7.pt\\\/#website\",\"url\":\"https:\\\/\\\/algarve7.pt\\\/\",\"name\":\"Algarve 7\",\"description\":\"Informa\u00e7\u00e3o sobre o Algarve\",\"publisher\":{\"@id\":\"https:\\\/\\\/algarve7.pt\\\/#organization\"},\"potentialAction\":[{\"@type\":\"SearchAction\",\"target\":{\"@type\":\"EntryPoint\",\"urlTemplate\":\"https:\\\/\\\/algarve7.pt\\\/?s={search_term_string}\"},\"query-input\":{\"@type\":\"PropertyValueSpecification\",\"valueRequired\":true,\"valueName\":\"search_term_string\"}}],\"inLanguage\":\"pt-PT\"},{\"@type\":\"Organization\",\"@id\":\"https:\\\/\\\/algarve7.pt\\\/#organization\",\"name\":\"Algarve 7\",\"url\":\"https:\\\/\\\/algarve7.pt\\\/\",\"logo\":{\"@type\":\"ImageObject\",\"inLanguage\":\"pt-PT\",\"@id\":\"https:\\\/\\\/algarve7.pt\\\/#\\\/schema\\\/logo\\\/image\\\/\",\"url\":\"https:\\\/\\\/algarve7.pt\\\/wp-content\\\/uploads\\\/2020\\\/10\\\/Logo-8.jpg\",\"contentUrl\":\"https:\\\/\\\/algarve7.pt\\\/wp-content\\\/uploads\\\/2020\\\/10\\\/Logo-8.jpg\",\"width\":1680,\"height\":1186,\"caption\":\"Algarve 7\"},\"image\":{\"@id\":\"https:\\\/\\\/algarve7.pt\\\/#\\\/schema\\\/logo\\\/image\\\/\"},\"sameAs\":[\"https:\\\/\\\/www.facebook.com\\\/algarve7\",\"https:\\\/\\\/x.com\\\/Algarvesete\",\"https:\\\/\\\/www.instagram.com\\\/jornalalgarve7\\\/\",\"https:\\\/\\\/www.linkedin.com\\\/company\\\/algarve7\",\"https:\\\/\\\/www.pinterest.pt\\\/geral0939\\\/_created\\\/\"]},{\"@type\":\"Person\",\"@id\":\"https:\\\/\\\/algarve7.pt\\\/#\\\/schema\\\/person\\\/23fa70681308e7b319a3204bcea45e0c\",\"name\":\"Algarve 7\",\"sameAs\":[\"https:\\\/\\\/algarve7.pt\",\"https:\\\/\\\/www.facebook.com\\\/algarve7\"],\"url\":\"https:\\\/\\\/algarve7.pt\\\/index.php\\\/author\\\/geralalgarve7-pt\\\/\"}]}<\/script>\n<!-- \/ Yoast SEO plugin. -->","yoast_head_json":{"title":"ADA lan\u00e7a o 1\u00ba grande evento do ano o \u201cAlgarve dance meeting\u201d - Algarve 7","description":"ADA lan\u00e7a o 1\u00ba grande evento do ano o \u201cAlgarve dance meeting\u201d Atualidade","robots":{"index":"index","follow":"follow","max-snippet":"max-snippet:-1","max-image-preview":"max-image-preview:large","max-video-preview":"max-video-preview:-1"},"canonical":"https:\/\/algarve7.pt\/index.php\/2024\/11\/ada-lanca-o-1o-grande-evento-do-ano-o-algarve-dance-meeting\/atualidade\/09\/45\/","og_locale":"pt_PT","og_type":"article","og_title":"ADA lan\u00e7a o 1\u00ba grande evento do ano o \u201cAlgarve dance meeting\u201d - Algarve 7","og_description":"ADA lan\u00e7a o 1\u00ba grande evento do ano o \u201cAlgarve dance meeting\u201d Atualidade","og_url":"https:\/\/algarve7.pt\/index.php\/2024\/11\/ada-lanca-o-1o-grande-evento-do-ano-o-algarve-dance-meeting\/atualidade\/09\/45\/","og_site_name":"Algarve 7","article_publisher":"https:\/\/www.facebook.com\/algarve7","article_author":"https:\/\/www.facebook.com\/algarve7","article_published_time":"2024-11-20T09:45:00+00:00","og_image":[{"width":542,"height":500,"url":"https:\/\/algarve7.pt\/wp-content\/uploads\/2024\/11\/Cartaz-Algarve-DanceMeeting24_horizontal-542x500.png","type":"image\/png"}],"author":"Algarve 7","twitter_card":"summary_large_image","twitter_creator":"@Algarvesete","twitter_site":"@Algarvesete","twitter_misc":{"Escrito por":"Algarve 7","Tempo estimado de leitura":"2 minutos"},"schema":{"@context":"https:\/\/schema.org","@graph":[{"@type":"Article","@id":"https:\/\/algarve7.pt\/index.php\/2024\/11\/ada-lanca-o-1o-grande-evento-do-ano-o-algarve-dance-meeting\/atualidade\/09\/45\/#article","isPartOf":{"@id":"https:\/\/algarve7.pt\/index.php\/2024\/11\/ada-lanca-o-1o-grande-evento-do-ano-o-algarve-dance-meeting\/atualidade\/09\/45\/"},"author":{"name":"Algarve 7","@id":"https:\/\/algarve7.pt\/#\/schema\/person\/23fa70681308e7b319a3204bcea45e0c"},"headline":"ADA lan\u00e7a o 1\u00ba grande evento do ano o \u201cAlgarve dance meeting\u201d","datePublished":"2024-11-20T09:45:00+00:00","mainEntityOfPage":{"@id":"https:\/\/algarve7.pt\/index.php\/2024\/11\/ada-lanca-o-1o-grande-evento-do-ano-o-algarve-dance-meeting\/atualidade\/09\/45\/"},"wordCount":214,"publisher":{"@id":"https:\/\/algarve7.pt\/#organization"},"image":{"@id":"https:\/\/algarve7.pt\/index.php\/2024\/11\/ada-lanca-o-1o-grande-evento-do-ano-o-algarve-dance-meeting\/atualidade\/09\/45\/#primaryimage"},"thumbnailUrl":"https:\/\/algarve7.pt\/wp-content\/uploads\/2024\/11\/Cartaz-Algarve-DanceMeeting24_horizontal.png","keywords":["Academia de Dan\u00e7a do Algarve","Algarve","Almancil","Atualidade"],"articleSection":["Atualidade"],"inLanguage":"pt-PT"},{"@type":"WebPage","@id":"https:\/\/algarve7.pt\/index.php\/2024\/11\/ada-lanca-o-1o-grande-evento-do-ano-o-algarve-dance-meeting\/atualidade\/09\/45\/","url":"https:\/\/algarve7.pt\/index.php\/2024\/11\/ada-lanca-o-1o-grande-evento-do-ano-o-algarve-dance-meeting\/atualidade\/09\/45\/","name":"ADA lan\u00e7a o 1\u00ba grande evento do ano o \u201cAlgarve dance meeting\u201d - Algarve 7","isPartOf":{"@id":"https:\/\/algarve7.pt\/#website"},"primaryImageOfPage":{"@id":"https:\/\/algarve7.pt\/index.php\/2024\/11\/ada-lanca-o-1o-grande-evento-do-ano-o-algarve-dance-meeting\/atualidade\/09\/45\/#primaryimage"},"image":{"@id":"https:\/\/algarve7.pt\/index.php\/2024\/11\/ada-lanca-o-1o-grande-evento-do-ano-o-algarve-dance-meeting\/atualidade\/09\/45\/#primaryimage"},"thumbnailUrl":"https:\/\/algarve7.pt\/wp-content\/uploads\/2024\/11\/Cartaz-Algarve-DanceMeeting24_horizontal.png","datePublished":"2024-11-20T09:45:00+00:00","description":"ADA lan\u00e7a o 1\u00ba grande evento do ano o \u201cAlgarve dance meeting\u201d Atualidade","breadcrumb":{"@id":"https:\/\/algarve7.pt\/index.php\/2024\/11\/ada-lanca-o-1o-grande-evento-do-ano-o-algarve-dance-meeting\/atualidade\/09\/45\/#breadcrumb"},"inLanguage":"pt-PT","potentialAction":[{"@type":"ReadAction","target":["https:\/\/algarve7.pt\/index.php\/2024\/11\/ada-lanca-o-1o-grande-evento-do-ano-o-algarve-dance-meeting\/atualidade\/09\/45\/"]}]},{"@type":"ImageObject","inLanguage":"pt-PT","@id":"https:\/\/algarve7.pt\/index.php\/2024\/11\/ada-lanca-o-1o-grande-evento-do-ano-o-algarve-dance-meeting\/atualidade\/09\/45\/#primaryimage","url":"https:\/\/algarve7.pt\/wp-content\/uploads\/2024\/11\/Cartaz-Algarve-DanceMeeting24_horizontal.png","contentUrl":"https:\/\/algarve7.pt\/wp-content\/uploads\/2024\/11\/Cartaz-Algarve-DanceMeeting24_horizontal.png","width":3633,"height":3351},{"@type":"BreadcrumbList","@id":"https:\/\/algarve7.pt\/index.php\/2024\/11\/ada-lanca-o-1o-grande-evento-do-ano-o-algarve-dance-meeting\/atualidade\/09\/45\/#breadcrumb","itemListElement":[{"@type":"ListItem","position":1,"name":"In\u00edcio","item":"https:\/\/algarve7.pt\/"},{"@type":"ListItem","position":2,"name":"ADA lan\u00e7a o 1\u00ba grande evento do ano o \u201cAlgarve dance meeting\u201d"}]},{"@type":"WebSite","@id":"https:\/\/algarve7.pt\/#website","url":"https:\/\/algarve7.pt\/","name":"Algarve 7","description":"Informa\u00e7\u00e3o sobre o Algarve","publisher":{"@id":"https:\/\/algarve7.pt\/#organization"},"potentialAction":[{"@type":"SearchAction","target":{"@type":"EntryPoint","urlTemplate":"https:\/\/algarve7.pt\/?s={search_term_string}"},"query-input":{"@type":"PropertyValueSpecification","valueRequired":true,"valueName":"search_term_string"}}],"inLanguage":"pt-PT"},{"@type":"Organization","@id":"https:\/\/algarve7.pt\/#organization","name":"Algarve 7","url":"https:\/\/algarve7.pt\/","logo":{"@type":"ImageObject","inLanguage":"pt-PT","@id":"https:\/\/algarve7.pt\/#\/schema\/logo\/image\/","url":"https:\/\/algarve7.pt\/wp-content\/uploads\/2020\/10\/Logo-8.jpg","contentUrl":"https:\/\/algarve7.pt\/wp-content\/uploads\/2020\/10\/Logo-8.jpg","width":1680,"height":1186,"caption":"Algarve 7"},"image":{"@id":"https:\/\/algarve7.pt\/#\/schema\/logo\/image\/"},"sameAs":["https:\/\/www.facebook.com\/algarve7","https:\/\/x.com\/Algarvesete","https:\/\/www.instagram.com\/jornalalgarve7\/","https:\/\/www.linkedin.com\/company\/algarve7","https:\/\/www.pinterest.pt\/geral0939\/_created\/"]},{"@type":"Person","@id":"https:\/\/algarve7.pt\/#\/schema\/person\/23fa70681308e7b319a3204bcea45e0c","name":"Algarve 7","sameAs":["https:\/\/algarve7.pt","https:\/\/www.facebook.com\/algarve7"],"url":"https:\/\/algarve7.pt\/index.php\/author\/geralalgarve7-pt\/"}]}},"jetpack_publicize_connections":[],"jetpack_featured_media_url":"https:\/\/algarve7.pt\/wp-content\/uploads\/2024\/11\/Cartaz-Algarve-DanceMeeting24_horizontal.png","jetpack_shortlink":"https:\/\/wp.me\/pcezmW-bBN","jetpack_sharing_enabled":true,"_links":{"self":[{"href":"https:\/\/algarve7.pt\/index.php\/wp-json\/wp\/v2\/posts\/44627","targetHints":{"allow":["GET"]}}],"collection":[{"href":"https:\/\/algarve7.pt\/index.php\/wp-json\/wp\/v2\/posts"}],"about":[{"href":"https:\/\/algarve7.pt\/index.php\/wp-json\/wp\/v2\/types\/post"}],"author":[{"embeddable":true,"href":"https:\/\/algarve7.pt\/index.php\/wp-json\/wp\/v2\/users\/1"}],"replies":[{"embeddable":true,"href":"https:\/\/algarve7.pt\/index.php\/wp-json\/wp\/v2\/comments?post=44627"}],"version-history":[{"count":0,"href":"https:\/\/algarve7.pt\/index.php\/wp-json\/wp\/v2\/posts\/44627\/revisions"}],"wp:featuredmedia":[{"embeddable":true,"href":"https:\/\/algarve7.pt\/index.php\/wp-json\/wp\/v2\/media\/44628"}],"wp:attachment":[{"href":"https:\/\/algarve7.pt\/index.php\/wp-json\/wp\/v2\/media?parent=44627"}],"wp:term":[{"taxonomy":"category","embeddable":true,"href":"https:\/\/algarve7.pt\/index.php\/wp-json\/wp\/v2\/categories?post=44627"},{"taxonomy":"post_tag","embeddable":true,"href":"https:\/\/algarve7.pt\/index.php\/wp-json\/wp\/v2\/tags?post=44627"}],"curies":[{"name":"wp","href":"https:\/\/api.w.org\/{rel}","templated":true}]}}