{"id":44612,"date":"2024-11-20T08:00:00","date_gmt":"2024-11-20T08:00:00","guid":{"rendered":"https:\/\/algarve7.pt\/?p=44612"},"modified":"2024-11-19T18:03:08","modified_gmt":"2024-11-19T18:03:08","slug":"mercado-de-natal-e-presepio-de-rua-animam-quadra-natalicia-na-freguesia-da-guia","status":"publish","type":"post","link":"https:\/\/algarve7.pt\/index.php\/2024\/11\/mercado-de-natal-e-presepio-de-rua-animam-quadra-natalicia-na-freguesia-da-guia\/cultura\/08\/00\/","title":{"rendered":"Mercado de Natal e Pres\u00e9pio de Rua animam quadra natal\u00edcia na Freguesia da Guia!\u00a0\u00a0"},"content":{"rendered":"\n<p>De 23 de novembro a 7 de janeiro, o programa Guia Natal volta \u00e0 Freguesia da Guia com o Mercado de Natal e o Pres\u00e9pio de Rua, duas iniciativas que s\u00e3o j\u00e1 uma tradi\u00e7\u00e3o desta freguesia do concelho de Albufeira.<\/p>\n\n\n\n<p>Mercado de Natal realiza-se nos dias 23 e 24 de novembro<\/p>\n\n\n\n<p>Com uma programa\u00e7\u00e3o recheada de atividades, o Mercado de Natal da Guia promete a maior edi\u00e7\u00e3o de sempre com um n\u00famero record de participantes, entre artes\u00e3os, com\u00e9rcio local e associa\u00e7\u00f5es. O evento transforma por completo o cora\u00e7\u00e3o da Guia, com ilumina\u00e7\u00e3o e decora\u00e7\u00f5es natal\u00edcias, anima\u00e7\u00e3o, artesanato, gastronomia, iguarias de \u00e9poca, insufl\u00e1veis, carross\u00e9is, desfiles com o inevit\u00e1vel Pai Natal e at\u00e9 um comboio de Natal.&nbsp;<\/p>\n\n\n\n<p>Refira-se que a entrada \u00e9 livre para todas as atra\u00e7\u00f5es e divertimentos!<\/p>\n\n\n\n<p>Eis o programa do Mercado Natal da Guia:<\/p>\n\n\n\n<p>Dia 23 de novembro<\/p>\n\n\n\n<p>14h: Abertura do Mercado<\/p>\n\n\n\n<p>15h: Chegada do Pai Natal com o grupo Percutunes<\/p>\n\n\n\n<p>16h: Concerto de Natal com Eduardo Ramos<\/p>\n\n\n\n<p>17h: Desfile Pai Natal e companhia<\/p>\n\n\n\n<p>18h: Espet\u00e1culo de Fogo com Sofia Brito<\/p>\n\n\n\n<p>Dia 24 de novembro<\/p>\n\n\n\n<p>14h: Abertura do Mercado<\/p>\n\n\n\n<p>15h: Desfile do Pai Natal com a Fanfarra dos Bombeiros Volunt\u00e1rios de Albufeira<\/p>\n\n\n\n<p>16h: Apresenta\u00e7\u00e3o da Classe de Gin\u00e1stica R\u00edtmica do Guia FC<\/p>\n\n\n\n<p>17h: Desfile Pai Natal e companhia<\/p>\n\n\n\n<p>18h: Espet\u00e1culo de Fogo com Sofia Brito<\/p>\n\n\n\n<p>Pres\u00e9pio de Rua&nbsp;\u2013&nbsp;23 de novembro a 7 de janeiro<\/p>\n\n\n\n<p>A partir de 23 de novembro, \u00e9 tamb\u00e9m poss\u00edvel entrar numa viagem imersiva pela hist\u00f3ria da Natividade atrav\u00e9s de um percurso encantador de 300 metros, entre a Igreja Matriz e a Ermida de Nossa Senhora da Guia. O pres\u00e9pio promete ser um dos grandes atrativos deste Natal. Reis Magos, profiss\u00f5es e personalidades, animais e quadros representativos da \u00e9poca e, claro, as figuras de Jesus (este s\u00f3 colocado na noite de Natal) Maria e Jos\u00e9, ilustram um percurso composto por 30 figuras de grande dimens\u00e3o, criadas pela talentosa escultora Toin Adams,<\/p>\n\n\n\n<p>Para Dinis Nascimento, Presidente da Junta de Freguesia da Guia, \u201cesta \u00e9 a forma de celebrarmos a \u00e9poca com anima\u00e7\u00e3o mas tamb\u00e9m com cultura e arte, onde todos s\u00e3o desafiados a partilharem momentos de magia e conv\u00edvio, apoiando o que \u00e9 local\u201d. O autarca deixa o convite \u201cpara que visitem a Guia durante estes dias, trazendo a fam\u00edlia e os amigos\u201d.&nbsp;<\/p>\n\n\n\n<p>O Guia Natal 2024 \u00e9 organizado pela Junta de Freguesia da Guia, com o apoio da C\u00e2mara Municipal de Albufeira, do com\u00e9rcio local e de associa\u00e7\u00f5es da freguesia.<\/p>\n","protected":false},"excerpt":{"rendered":"<p>De 23 de novembro a 7 de janeiro, o programa Guia Natal volta \u00e0 Freguesia da Guia com o Mercado<\/p>\n","protected":false},"author":1,"featured_media":44613,"comment_status":"closed","ping_status":"closed","sticky":false,"template":"","format":"standard","meta":{"colormag_page_container_layout":"default_layout","colormag_page_sidebar_layout":"default_layout","_monsterinsights_skip_tracking":false,"_monsterinsights_sitenote_active":false,"_monsterinsights_sitenote_note":"","_monsterinsights_sitenote_category":0,"jetpack_post_was_ever_published":false,"_jetpack_newsletter_access":"","_jetpack_dont_email_post_to_subs":false,"_jetpack_newsletter_tier_id":0,"_jetpack_memberships_contains_paywalled_content":false,"_jetpack_memberships_contains_paid_content":false,"footnotes":"","jetpack_publicize_message":"","jetpack_publicize_feature_enabled":true,"jetpack_social_post_already_shared":true,"jetpack_social_options":{"image_generator_settings":{"template":"highway","default_image_id":0,"font":"","enabled":false},"version":2}},"categories":[14],"tags":[155,36,35,957],"class_list":["post-44612","post","type-post","status-publish","format-standard","has-post-thumbnail","hentry","category-cultura","tag-albufeira","tag-algarve","tag-cultura","tag-guia"],"yoast_head":"<!-- This site is optimized with the Yoast SEO plugin v27.5 - https:\/\/yoast.com\/product\/yoast-seo-wordpress\/ -->\n<title>Mercado de Natal e Pres\u00e9pio de Rua animam quadra natal\u00edcia na Freguesia da Guia!\u00a0\u00a0 - Algarve 7<\/title>\n<meta name=\"description\" content=\"Mercado de Natal e Pres\u00e9pio de Rua animam quadra natal\u00edcia na Freguesia da Guia!\u00a0\u00a0 Cultura\" \/>\n<meta name=\"robots\" content=\"index, follow, max-snippet:-1, max-image-preview:large, max-video-preview:-1\" \/>\n<link rel=\"canonical\" href=\"https:\/\/algarve7.pt\/index.php\/2024\/11\/mercado-de-natal-e-presepio-de-rua-animam-quadra-natalicia-na-freguesia-da-guia\/cultura\/08\/00\/\" \/>\n<meta property=\"og:locale\" content=\"pt_PT\" \/>\n<meta property=\"og:type\" content=\"article\" \/>\n<meta property=\"og:title\" content=\"Mercado de Natal e Pres\u00e9pio de Rua animam quadra natal\u00edcia na Freguesia da Guia!\u00a0\u00a0 - Algarve 7\" \/>\n<meta property=\"og:description\" content=\"Mercado de Natal e Pres\u00e9pio de Rua animam quadra natal\u00edcia na Freguesia da Guia!\u00a0\u00a0 Cultura\" \/>\n<meta property=\"og:url\" content=\"https:\/\/algarve7.pt\/index.php\/2024\/11\/mercado-de-natal-e-presepio-de-rua-animam-quadra-natalicia-na-freguesia-da-guia\/cultura\/08\/00\/\" \/>\n<meta property=\"og:site_name\" content=\"Algarve 7\" \/>\n<meta property=\"article:publisher\" content=\"https:\/\/www.facebook.com\/algarve7\" \/>\n<meta property=\"article:author\" content=\"https:\/\/www.facebook.com\/algarve7\" \/>\n<meta property=\"article:published_time\" content=\"2024-11-20T08:00:00+00:00\" \/>\n<meta property=\"og:image\" content=\"https:\/\/algarve7.pt\/wp-content\/uploads\/2024\/11\/405883580_661315166183372_256223586851813324_n.jpg\" \/>\n\t<meta property=\"og:image:width\" content=\"800\" \/>\n\t<meta property=\"og:image:height\" content=\"500\" \/>\n\t<meta property=\"og:image:type\" content=\"image\/jpeg\" \/>\n<meta name=\"author\" content=\"Algarve 7\" \/>\n<meta name=\"twitter:card\" content=\"summary_large_image\" \/>\n<meta name=\"twitter:creator\" content=\"@Algarvesete\" \/>\n<meta name=\"twitter:site\" content=\"@Algarvesete\" \/>\n<meta name=\"twitter:label1\" content=\"Escrito por\" \/>\n\t<meta name=\"twitter:data1\" content=\"Algarve 7\" \/>\n\t<meta name=\"twitter:label2\" content=\"Tempo estimado de leitura\" \/>\n\t<meta name=\"twitter:data2\" content=\"3 minutos\" \/>\n<script type=\"application\/ld+json\" class=\"yoast-schema-graph\">{\"@context\":\"https:\\\/\\\/schema.org\",\"@graph\":[{\"@type\":\"Article\",\"@id\":\"https:\\\/\\\/algarve7.pt\\\/index.php\\\/2024\\\/11\\\/mercado-de-natal-e-presepio-de-rua-animam-quadra-natalicia-na-freguesia-da-guia\\\/cultura\\\/08\\\/00\\\/#article\",\"isPartOf\":{\"@id\":\"https:\\\/\\\/algarve7.pt\\\/index.php\\\/2024\\\/11\\\/mercado-de-natal-e-presepio-de-rua-animam-quadra-natalicia-na-freguesia-da-guia\\\/cultura\\\/08\\\/00\\\/\"},\"author\":{\"name\":\"Algarve 7\",\"@id\":\"https:\\\/\\\/algarve7.pt\\\/#\\\/schema\\\/person\\\/23fa70681308e7b319a3204bcea45e0c\"},\"headline\":\"Mercado de Natal e Pres\u00e9pio de Rua animam quadra natal\u00edcia na Freguesia da Guia!\u00a0\u00a0\",\"datePublished\":\"2024-11-20T08:00:00+00:00\",\"mainEntityOfPage\":{\"@id\":\"https:\\\/\\\/algarve7.pt\\\/index.php\\\/2024\\\/11\\\/mercado-de-natal-e-presepio-de-rua-animam-quadra-natalicia-na-freguesia-da-guia\\\/cultura\\\/08\\\/00\\\/\"},\"wordCount\":447,\"publisher\":{\"@id\":\"https:\\\/\\\/algarve7.pt\\\/#organization\"},\"image\":{\"@id\":\"https:\\\/\\\/algarve7.pt\\\/index.php\\\/2024\\\/11\\\/mercado-de-natal-e-presepio-de-rua-animam-quadra-natalicia-na-freguesia-da-guia\\\/cultura\\\/08\\\/00\\\/#primaryimage\"},\"thumbnailUrl\":\"https:\\\/\\\/algarve7.pt\\\/wp-content\\\/uploads\\\/2024\\\/11\\\/405883580_661315166183372_256223586851813324_n.jpg\",\"keywords\":[\"Albufeira\",\"Algarve\",\"Cultura\",\"Guia\"],\"articleSection\":[\"Cultura\"],\"inLanguage\":\"pt-PT\"},{\"@type\":\"WebPage\",\"@id\":\"https:\\\/\\\/algarve7.pt\\\/index.php\\\/2024\\\/11\\\/mercado-de-natal-e-presepio-de-rua-animam-quadra-natalicia-na-freguesia-da-guia\\\/cultura\\\/08\\\/00\\\/\",\"url\":\"https:\\\/\\\/algarve7.pt\\\/index.php\\\/2024\\\/11\\\/mercado-de-natal-e-presepio-de-rua-animam-quadra-natalicia-na-freguesia-da-guia\\\/cultura\\\/08\\\/00\\\/\",\"name\":\"Mercado de Natal e Pres\u00e9pio de Rua animam quadra natal\u00edcia na Freguesia da Guia!\u00a0\u00a0 - Algarve 7\",\"isPartOf\":{\"@id\":\"https:\\\/\\\/algarve7.pt\\\/#website\"},\"primaryImageOfPage\":{\"@id\":\"https:\\\/\\\/algarve7.pt\\\/index.php\\\/2024\\\/11\\\/mercado-de-natal-e-presepio-de-rua-animam-quadra-natalicia-na-freguesia-da-guia\\\/cultura\\\/08\\\/00\\\/#primaryimage\"},\"image\":{\"@id\":\"https:\\\/\\\/algarve7.pt\\\/index.php\\\/2024\\\/11\\\/mercado-de-natal-e-presepio-de-rua-animam-quadra-natalicia-na-freguesia-da-guia\\\/cultura\\\/08\\\/00\\\/#primaryimage\"},\"thumbnailUrl\":\"https:\\\/\\\/algarve7.pt\\\/wp-content\\\/uploads\\\/2024\\\/11\\\/405883580_661315166183372_256223586851813324_n.jpg\",\"datePublished\":\"2024-11-20T08:00:00+00:00\",\"description\":\"Mercado de Natal e Pres\u00e9pio de Rua animam quadra natal\u00edcia na Freguesia da Guia!\u00a0\u00a0 Cultura\",\"breadcrumb\":{\"@id\":\"https:\\\/\\\/algarve7.pt\\\/index.php\\\/2024\\\/11\\\/mercado-de-natal-e-presepio-de-rua-animam-quadra-natalicia-na-freguesia-da-guia\\\/cultura\\\/08\\\/00\\\/#breadcrumb\"},\"inLanguage\":\"pt-PT\",\"potentialAction\":[{\"@type\":\"ReadAction\",\"target\":[\"https:\\\/\\\/algarve7.pt\\\/index.php\\\/2024\\\/11\\\/mercado-de-natal-e-presepio-de-rua-animam-quadra-natalicia-na-freguesia-da-guia\\\/cultura\\\/08\\\/00\\\/\"]}]},{\"@type\":\"ImageObject\",\"inLanguage\":\"pt-PT\",\"@id\":\"https:\\\/\\\/algarve7.pt\\\/index.php\\\/2024\\\/11\\\/mercado-de-natal-e-presepio-de-rua-animam-quadra-natalicia-na-freguesia-da-guia\\\/cultura\\\/08\\\/00\\\/#primaryimage\",\"url\":\"https:\\\/\\\/algarve7.pt\\\/wp-content\\\/uploads\\\/2024\\\/11\\\/405883580_661315166183372_256223586851813324_n.jpg\",\"contentUrl\":\"https:\\\/\\\/algarve7.pt\\\/wp-content\\\/uploads\\\/2024\\\/11\\\/405883580_661315166183372_256223586851813324_n.jpg\",\"width\":800,\"height\":500},{\"@type\":\"BreadcrumbList\",\"@id\":\"https:\\\/\\\/algarve7.pt\\\/index.php\\\/2024\\\/11\\\/mercado-de-natal-e-presepio-de-rua-animam-quadra-natalicia-na-freguesia-da-guia\\\/cultura\\\/08\\\/00\\\/#breadcrumb\",\"itemListElement\":[{\"@type\":\"ListItem\",\"position\":1,\"name\":\"In\u00edcio\",\"item\":\"https:\\\/\\\/algarve7.pt\\\/\"},{\"@type\":\"ListItem\",\"position\":2,\"name\":\"Mercado de Natal e Pres\u00e9pio de Rua animam quadra natal\u00edcia na Freguesia da Guia!\u00a0\u00a0\"}]},{\"@type\":\"WebSite\",\"@id\":\"https:\\\/\\\/algarve7.pt\\\/#website\",\"url\":\"https:\\\/\\\/algarve7.pt\\\/\",\"name\":\"Algarve 7\",\"description\":\"Informa\u00e7\u00e3o sobre o Algarve\",\"publisher\":{\"@id\":\"https:\\\/\\\/algarve7.pt\\\/#organization\"},\"potentialAction\":[{\"@type\":\"SearchAction\",\"target\":{\"@type\":\"EntryPoint\",\"urlTemplate\":\"https:\\\/\\\/algarve7.pt\\\/?s={search_term_string}\"},\"query-input\":{\"@type\":\"PropertyValueSpecification\",\"valueRequired\":true,\"valueName\":\"search_term_string\"}}],\"inLanguage\":\"pt-PT\"},{\"@type\":\"Organization\",\"@id\":\"https:\\\/\\\/algarve7.pt\\\/#organization\",\"name\":\"Algarve 7\",\"url\":\"https:\\\/\\\/algarve7.pt\\\/\",\"logo\":{\"@type\":\"ImageObject\",\"inLanguage\":\"pt-PT\",\"@id\":\"https:\\\/\\\/algarve7.pt\\\/#\\\/schema\\\/logo\\\/image\\\/\",\"url\":\"https:\\\/\\\/algarve7.pt\\\/wp-content\\\/uploads\\\/2020\\\/10\\\/Logo-8.jpg\",\"contentUrl\":\"https:\\\/\\\/algarve7.pt\\\/wp-content\\\/uploads\\\/2020\\\/10\\\/Logo-8.jpg\",\"width\":1680,\"height\":1186,\"caption\":\"Algarve 7\"},\"image\":{\"@id\":\"https:\\\/\\\/algarve7.pt\\\/#\\\/schema\\\/logo\\\/image\\\/\"},\"sameAs\":[\"https:\\\/\\\/www.facebook.com\\\/algarve7\",\"https:\\\/\\\/x.com\\\/Algarvesete\",\"https:\\\/\\\/www.instagram.com\\\/jornalalgarve7\\\/\",\"https:\\\/\\\/www.linkedin.com\\\/company\\\/algarve7\",\"https:\\\/\\\/www.pinterest.pt\\\/geral0939\\\/_created\\\/\"]},{\"@type\":\"Person\",\"@id\":\"https:\\\/\\\/algarve7.pt\\\/#\\\/schema\\\/person\\\/23fa70681308e7b319a3204bcea45e0c\",\"name\":\"Algarve 7\",\"sameAs\":[\"https:\\\/\\\/algarve7.pt\",\"https:\\\/\\\/www.facebook.com\\\/algarve7\"],\"url\":\"https:\\\/\\\/algarve7.pt\\\/index.php\\\/author\\\/geralalgarve7-pt\\\/\"}]}<\/script>\n<!-- \/ Yoast SEO plugin. -->","yoast_head_json":{"title":"Mercado de Natal e Pres\u00e9pio de Rua animam quadra natal\u00edcia na Freguesia da Guia!\u00a0\u00a0 - Algarve 7","description":"Mercado de Natal e Pres\u00e9pio de Rua animam quadra natal\u00edcia na Freguesia da Guia!\u00a0\u00a0 Cultura","robots":{"index":"index","follow":"follow","max-snippet":"max-snippet:-1","max-image-preview":"max-image-preview:large","max-video-preview":"max-video-preview:-1"},"canonical":"https:\/\/algarve7.pt\/index.php\/2024\/11\/mercado-de-natal-e-presepio-de-rua-animam-quadra-natalicia-na-freguesia-da-guia\/cultura\/08\/00\/","og_locale":"pt_PT","og_type":"article","og_title":"Mercado de Natal e Pres\u00e9pio de Rua animam quadra natal\u00edcia na Freguesia da Guia!\u00a0\u00a0 - Algarve 7","og_description":"Mercado de Natal e Pres\u00e9pio de Rua animam quadra natal\u00edcia na Freguesia da Guia!\u00a0\u00a0 Cultura","og_url":"https:\/\/algarve7.pt\/index.php\/2024\/11\/mercado-de-natal-e-presepio-de-rua-animam-quadra-natalicia-na-freguesia-da-guia\/cultura\/08\/00\/","og_site_name":"Algarve 7","article_publisher":"https:\/\/www.facebook.com\/algarve7","article_author":"https:\/\/www.facebook.com\/algarve7","article_published_time":"2024-11-20T08:00:00+00:00","og_image":[{"width":800,"height":500,"url":"https:\/\/algarve7.pt\/wp-content\/uploads\/2024\/11\/405883580_661315166183372_256223586851813324_n.jpg","type":"image\/jpeg"}],"author":"Algarve 7","twitter_card":"summary_large_image","twitter_creator":"@Algarvesete","twitter_site":"@Algarvesete","twitter_misc":{"Escrito por":"Algarve 7","Tempo estimado de leitura":"3 minutos"},"schema":{"@context":"https:\/\/schema.org","@graph":[{"@type":"Article","@id":"https:\/\/algarve7.pt\/index.php\/2024\/11\/mercado-de-natal-e-presepio-de-rua-animam-quadra-natalicia-na-freguesia-da-guia\/cultura\/08\/00\/#article","isPartOf":{"@id":"https:\/\/algarve7.pt\/index.php\/2024\/11\/mercado-de-natal-e-presepio-de-rua-animam-quadra-natalicia-na-freguesia-da-guia\/cultura\/08\/00\/"},"author":{"name":"Algarve 7","@id":"https:\/\/algarve7.pt\/#\/schema\/person\/23fa70681308e7b319a3204bcea45e0c"},"headline":"Mercado de Natal e Pres\u00e9pio de Rua animam quadra natal\u00edcia na Freguesia da Guia!\u00a0\u00a0","datePublished":"2024-11-20T08:00:00+00:00","mainEntityOfPage":{"@id":"https:\/\/algarve7.pt\/index.php\/2024\/11\/mercado-de-natal-e-presepio-de-rua-animam-quadra-natalicia-na-freguesia-da-guia\/cultura\/08\/00\/"},"wordCount":447,"publisher":{"@id":"https:\/\/algarve7.pt\/#organization"},"image":{"@id":"https:\/\/algarve7.pt\/index.php\/2024\/11\/mercado-de-natal-e-presepio-de-rua-animam-quadra-natalicia-na-freguesia-da-guia\/cultura\/08\/00\/#primaryimage"},"thumbnailUrl":"https:\/\/algarve7.pt\/wp-content\/uploads\/2024\/11\/405883580_661315166183372_256223586851813324_n.jpg","keywords":["Albufeira","Algarve","Cultura","Guia"],"articleSection":["Cultura"],"inLanguage":"pt-PT"},{"@type":"WebPage","@id":"https:\/\/algarve7.pt\/index.php\/2024\/11\/mercado-de-natal-e-presepio-de-rua-animam-quadra-natalicia-na-freguesia-da-guia\/cultura\/08\/00\/","url":"https:\/\/algarve7.pt\/index.php\/2024\/11\/mercado-de-natal-e-presepio-de-rua-animam-quadra-natalicia-na-freguesia-da-guia\/cultura\/08\/00\/","name":"Mercado de Natal e Pres\u00e9pio de Rua animam quadra natal\u00edcia na Freguesia da Guia!\u00a0\u00a0 - Algarve 7","isPartOf":{"@id":"https:\/\/algarve7.pt\/#website"},"primaryImageOfPage":{"@id":"https:\/\/algarve7.pt\/index.php\/2024\/11\/mercado-de-natal-e-presepio-de-rua-animam-quadra-natalicia-na-freguesia-da-guia\/cultura\/08\/00\/#primaryimage"},"image":{"@id":"https:\/\/algarve7.pt\/index.php\/2024\/11\/mercado-de-natal-e-presepio-de-rua-animam-quadra-natalicia-na-freguesia-da-guia\/cultura\/08\/00\/#primaryimage"},"thumbnailUrl":"https:\/\/algarve7.pt\/wp-content\/uploads\/2024\/11\/405883580_661315166183372_256223586851813324_n.jpg","datePublished":"2024-11-20T08:00:00+00:00","description":"Mercado de Natal e Pres\u00e9pio de Rua animam quadra natal\u00edcia na Freguesia da Guia!\u00a0\u00a0 Cultura","breadcrumb":{"@id":"https:\/\/algarve7.pt\/index.php\/2024\/11\/mercado-de-natal-e-presepio-de-rua-animam-quadra-natalicia-na-freguesia-da-guia\/cultura\/08\/00\/#breadcrumb"},"inLanguage":"pt-PT","potentialAction":[{"@type":"ReadAction","target":["https:\/\/algarve7.pt\/index.php\/2024\/11\/mercado-de-natal-e-presepio-de-rua-animam-quadra-natalicia-na-freguesia-da-guia\/cultura\/08\/00\/"]}]},{"@type":"ImageObject","inLanguage":"pt-PT","@id":"https:\/\/algarve7.pt\/index.php\/2024\/11\/mercado-de-natal-e-presepio-de-rua-animam-quadra-natalicia-na-freguesia-da-guia\/cultura\/08\/00\/#primaryimage","url":"https:\/\/algarve7.pt\/wp-content\/uploads\/2024\/11\/405883580_661315166183372_256223586851813324_n.jpg","contentUrl":"https:\/\/algarve7.pt\/wp-content\/uploads\/2024\/11\/405883580_661315166183372_256223586851813324_n.jpg","width":800,"height":500},{"@type":"BreadcrumbList","@id":"https:\/\/algarve7.pt\/index.php\/2024\/11\/mercado-de-natal-e-presepio-de-rua-animam-quadra-natalicia-na-freguesia-da-guia\/cultura\/08\/00\/#breadcrumb","itemListElement":[{"@type":"ListItem","position":1,"name":"In\u00edcio","item":"https:\/\/algarve7.pt\/"},{"@type":"ListItem","position":2,"name":"Mercado de Natal e Pres\u00e9pio de Rua animam quadra natal\u00edcia na Freguesia da Guia!\u00a0\u00a0"}]},{"@type":"WebSite","@id":"https:\/\/algarve7.pt\/#website","url":"https:\/\/algarve7.pt\/","name":"Algarve 7","description":"Informa\u00e7\u00e3o sobre o Algarve","publisher":{"@id":"https:\/\/algarve7.pt\/#organization"},"potentialAction":[{"@type":"SearchAction","target":{"@type":"EntryPoint","urlTemplate":"https:\/\/algarve7.pt\/?s={search_term_string}"},"query-input":{"@type":"PropertyValueSpecification","valueRequired":true,"valueName":"search_term_string"}}],"inLanguage":"pt-PT"},{"@type":"Organization","@id":"https:\/\/algarve7.pt\/#organization","name":"Algarve 7","url":"https:\/\/algarve7.pt\/","logo":{"@type":"ImageObject","inLanguage":"pt-PT","@id":"https:\/\/algarve7.pt\/#\/schema\/logo\/image\/","url":"https:\/\/algarve7.pt\/wp-content\/uploads\/2020\/10\/Logo-8.jpg","contentUrl":"https:\/\/algarve7.pt\/wp-content\/uploads\/2020\/10\/Logo-8.jpg","width":1680,"height":1186,"caption":"Algarve 7"},"image":{"@id":"https:\/\/algarve7.pt\/#\/schema\/logo\/image\/"},"sameAs":["https:\/\/www.facebook.com\/algarve7","https:\/\/x.com\/Algarvesete","https:\/\/www.instagram.com\/jornalalgarve7\/","https:\/\/www.linkedin.com\/company\/algarve7","https:\/\/www.pinterest.pt\/geral0939\/_created\/"]},{"@type":"Person","@id":"https:\/\/algarve7.pt\/#\/schema\/person\/23fa70681308e7b319a3204bcea45e0c","name":"Algarve 7","sameAs":["https:\/\/algarve7.pt","https:\/\/www.facebook.com\/algarve7"],"url":"https:\/\/algarve7.pt\/index.php\/author\/geralalgarve7-pt\/"}]}},"jetpack_publicize_connections":[],"jetpack_featured_media_url":"https:\/\/algarve7.pt\/wp-content\/uploads\/2024\/11\/405883580_661315166183372_256223586851813324_n.jpg","jetpack_shortlink":"https:\/\/wp.me\/pcezmW-bBy","jetpack_sharing_enabled":true,"_links":{"self":[{"href":"https:\/\/algarve7.pt\/index.php\/wp-json\/wp\/v2\/posts\/44612","targetHints":{"allow":["GET"]}}],"collection":[{"href":"https:\/\/algarve7.pt\/index.php\/wp-json\/wp\/v2\/posts"}],"about":[{"href":"https:\/\/algarve7.pt\/index.php\/wp-json\/wp\/v2\/types\/post"}],"author":[{"embeddable":true,"href":"https:\/\/algarve7.pt\/index.php\/wp-json\/wp\/v2\/users\/1"}],"replies":[{"embeddable":true,"href":"https:\/\/algarve7.pt\/index.php\/wp-json\/wp\/v2\/comments?post=44612"}],"version-history":[{"count":0,"href":"https:\/\/algarve7.pt\/index.php\/wp-json\/wp\/v2\/posts\/44612\/revisions"}],"wp:featuredmedia":[{"embeddable":true,"href":"https:\/\/algarve7.pt\/index.php\/wp-json\/wp\/v2\/media\/44613"}],"wp:attachment":[{"href":"https:\/\/algarve7.pt\/index.php\/wp-json\/wp\/v2\/media?parent=44612"}],"wp:term":[{"taxonomy":"category","embeddable":true,"href":"https:\/\/algarve7.pt\/index.php\/wp-json\/wp\/v2\/categories?post=44612"},{"taxonomy":"post_tag","embeddable":true,"href":"https:\/\/algarve7.pt\/index.php\/wp-json\/wp\/v2\/tags?post=44612"}],"curies":[{"name":"wp","href":"https:\/\/api.w.org\/{rel}","templated":true}]}}