{"id":44566,"date":"2024-11-18T17:26:33","date_gmt":"2024-11-18T17:26:33","guid":{"rendered":"https:\/\/algarve7.pt\/?p=44566"},"modified":"2024-11-18T17:26:33","modified_gmt":"2024-11-18T17:26:33","slug":"portimao-recebe-oitava-edicao-do-lusotunas-com-muita-musica-e-tradicoes-academicas","status":"publish","type":"post","link":"https:\/\/algarve7.pt\/index.php\/2024\/11\/portimao-recebe-oitava-edicao-do-lusotunas-com-muita-musica-e-tradicoes-academicas\/cultura\/17\/26\/","title":{"rendered":"Portim\u00e3o recebe&nbsp;oitava&nbsp;edi\u00e7\u00e3o do&nbsp;Lusotunas&nbsp;com muita m\u00fasica e tradi\u00e7\u00f5es acad\u00e9micas"},"content":{"rendered":"\n<p class=\"s14\">Portim\u00e3o&nbsp;vai acolher&nbsp;a 8\u00aa edi\u00e7\u00e3o do&nbsp;Lusotunas, um encontro \u00fanico de tunas acad\u00e9micas organizado pela&nbsp;IsmaTUNA, que promete animar as noites de 22 e 23 de novembro com m\u00fasica, tradi\u00e7\u00e3o e conv\u00edvio estudantil.<\/p>\n\n\n\n<p class=\"s14\">&nbsp;<\/p>\n\n\n\n<p class=\"s14\">O evento, que decorrer\u00e1 no Portim\u00e3o Arena,&nbsp;tem in\u00edcio com a Noite de Serenatas&nbsp;\u00e0s 21h00 de&nbsp;22 de novembro,&nbsp;num momento especial dedicado ao repert\u00f3rio musical das tunas, seguido pela&nbsp;noite de&nbsp;grandes&nbsp;atua\u00e7\u00f5es a 23 de novembro,&nbsp;a partir da mesma hora,&nbsp;reunindo&nbsp;cinco tunas e um grupo acad\u00e9mico, entre os quais a anfitri\u00e3&nbsp;IsmaTUNA, acompanhada pela Magna Tuna&nbsp;ApocalISCSPiana,&nbsp;Samarituna,&nbsp;Tus\u00f3fona&nbsp;\u2013 Real Tuna Lus\u00f3fona, ISECOTUNA e pelo grupo&nbsp;Seistetos, que representam d\u00e9cadas de hist\u00f3ria e tradi\u00e7\u00e3o.<\/p>\n\n\n\n<p class=\"s14\">&nbsp;<\/p>\n\n\n\n<p class=\"s14\">A 22 de novembro&nbsp;o p\u00fablico ter\u00e1&nbsp;entrada&nbsp;gratuita,enquanto na noite de 23 os ingressos ter\u00e3o um valor de 1,50 euros para estudantes trajados e 3 euros para o p\u00fablico, podendo os bilhetes ser adquiridos no local ou em portimaoarena.bol.pt<\/p>\n\n\n\n<p class=\"s14\">&nbsp;<\/p>\n\n\n\n<p class=\"s14\">A&nbsp;IsmaTUNA, criada no Instituto Superior Manuel Teixeira Gomes (ISMAT), lidera este projeto e representa a cidade centen\u00e1ria, contando para o efeito com o apoio do Munic\u00edpio de Portim\u00e3o.<\/p>\n\n\n\n<p class=\"s14\">&nbsp;<\/p>\n\n\n\n<p class=\"s14\">&nbsp;<\/p>\n\n\n\n<p class=\"s14\">&nbsp;<\/p>\n\n\n\n<p class=\"s14\">Breve retrato das tunas participantes<\/p>\n\n\n\n<p class=\"s14\">&nbsp;<\/p>\n\n\n\n<p class=\"s14\">Anfitri\u00e3 do evento, a&nbsp;IsmaTUNA&nbsp;foi fundada em 2008 por estudantes apaixonados pela tradi\u00e7\u00e3o e pela m\u00fasica, celebrando desde ent\u00e3o a amizade, a uni\u00e3o e os la\u00e7os que se criam nos palcos e nos ensaios.&nbsp;<\/p>\n\n\n\n<p class=\"s14\">&nbsp;<\/p>\n\n\n\n<p class=\"s14\">A Magna Tuna&nbsp;ApocalISCSPiana&nbsp;nasceu em 1993 no Instituto Superior de Ci\u00eancias Sociais e Pol\u00edticas (ISCSP) e \u00e9 mista, com estudantes que partilham um profundo amor pela m\u00fasica e pela vida acad\u00e9mica. Com um percurso marcante de 30 anos, j\u00e1 atuou por todo o pa\u00eds e al\u00e9m-fronteiras.<\/p>\n\n\n\n<p class=\"s14\">&nbsp;<\/p>\n\n\n\n<p class=\"s14\">Quanto \u00e0&nbsp;Samarituna, tuna feminina da Universidade Lus\u00f3fona, foi criada em 1996 e inspira-se na Rainha Santa Isabel, tamb\u00e9m chamada \u201cSamaritana\u201d pela sua bondade. J\u00e1 se apresentou em v\u00e1rias cidades de Portugal e no estrangeiro, onde continua a levar a energia \u00fanica das mulheres acad\u00e9micas.<\/p>\n\n\n\n<p class=\"s14\">&nbsp;<\/p>\n\n\n\n<p class=\"s14\">Em junho de 1996, entre festas e esp\u00edrito acad\u00e9mico, nasceu a&nbsp;Tus\u00f3fona&nbsp;\u2013 Real Tuna Lus\u00f3fona. Este grupo de estudantes da Universidade Lus\u00f3fona partiu de um desejo de promover as tradi\u00e7\u00f5es acad\u00e9micas e a bo\u00e9mia. Desde a sua funda\u00e7\u00e3o, conquistou pr\u00e9mios em Portugal e no estrangeiro, sendo conhecida pelo humor irreverente e energia vibrante.<\/p>\n\n\n\n<p class=\"s14\">&nbsp;<\/p>\n\n\n\n<p class=\"s14\">A ISECOTUNA, Tuna Mista do Instituto Superior de Engenharia de Coimbra, nasceu a 7 de mar\u00e7o de 2010. Desde ent\u00e3o, tem-se destacado por atua\u00e7\u00f5es memor\u00e1veis em palcos de norte a sul, cultivando amizades e viv\u00eancias marcantes.<\/p>\n\n\n\n<p class=\"s14\">&nbsp;<\/p>\n\n\n\n<p class=\"s14\">Fundado&nbsp;em 1992 por um grupo de amigos da Universidade de \u00c9vora, o grupo acad\u00e9mico&nbsp;Seistetos&nbsp;\u00e9 uma homenagem ao Alentejo e \u00e0s suas tradi\u00e7\u00f5es musicais. Inspirado pelo humor bo\u00e9mio e pela vida campestre, adaptando m\u00fasicas populares alentejanas, o&nbsp;Seistetos&nbsp;encanta audi\u00eancias com as suas atua\u00e7\u00f5es aut\u00eanticas e cheias de carisma.<\/p>\n","protected":false},"excerpt":{"rendered":"<p>Portim\u00e3o&nbsp;vai acolher&nbsp;a 8\u00aa edi\u00e7\u00e3o do&nbsp;Lusotunas, um encontro \u00fanico de tunas acad\u00e9micas organizado pela&nbsp;IsmaTUNA, que promete animar as noites de 22<\/p>\n","protected":false},"author":1,"featured_media":44567,"comment_status":"closed","ping_status":"","sticky":false,"template":"","format":"standard","meta":{"colormag_page_container_layout":"default_layout","colormag_page_sidebar_layout":"default_layout","_monsterinsights_skip_tracking":false,"_monsterinsights_sitenote_active":false,"_monsterinsights_sitenote_note":"","_monsterinsights_sitenote_category":0,"jetpack_post_was_ever_published":false,"_jetpack_newsletter_access":"","_jetpack_dont_email_post_to_subs":false,"_jetpack_newsletter_tier_id":0,"_jetpack_memberships_contains_paywalled_content":false,"_jetpack_memberships_contains_paid_content":false,"footnotes":"","jetpack_publicize_message":"","jetpack_publicize_feature_enabled":true,"jetpack_social_post_already_shared":true,"jetpack_social_options":{"image_generator_settings":{"template":"highway","default_image_id":0,"font":"","enabled":false},"version":2}},"categories":[14],"tags":[36,35,72],"class_list":["post-44566","post","type-post","status-publish","format-standard","has-post-thumbnail","hentry","category-cultura","tag-algarve","tag-cultura","tag-portimao"],"yoast_head":"<!-- This site is optimized with the Yoast SEO plugin v27.5 - https:\/\/yoast.com\/product\/yoast-seo-wordpress\/ -->\n<title>Portim\u00e3o recebe&nbsp;oitava&nbsp;edi\u00e7\u00e3o do&nbsp;Lusotunas&nbsp;com muita m\u00fasica e tradi\u00e7\u00f5es acad\u00e9micas - Algarve 7<\/title>\n<meta name=\"description\" content=\"Portim\u00e3o recebe&nbsp;oitava&nbsp;edi\u00e7\u00e3o do&nbsp;Lusotunas&nbsp;com muita m\u00fasica e tradi\u00e7\u00f5es acad\u00e9micas\" \/>\n<meta name=\"robots\" content=\"index, follow, max-snippet:-1, max-image-preview:large, max-video-preview:-1\" \/>\n<link rel=\"canonical\" href=\"https:\/\/algarve7.pt\/index.php\/2024\/11\/portimao-recebe-oitava-edicao-do-lusotunas-com-muita-musica-e-tradicoes-academicas\/cultura\/17\/26\/\" \/>\n<meta property=\"og:locale\" content=\"pt_PT\" \/>\n<meta property=\"og:type\" content=\"article\" \/>\n<meta property=\"og:title\" content=\"Portim\u00e3o recebe&nbsp;oitava&nbsp;edi\u00e7\u00e3o do&nbsp;Lusotunas&nbsp;com muita m\u00fasica e tradi\u00e7\u00f5es acad\u00e9micas - Algarve 7\" \/>\n<meta property=\"og:description\" content=\"Portim\u00e3o recebe&nbsp;oitava&nbsp;edi\u00e7\u00e3o do&nbsp;Lusotunas&nbsp;com muita m\u00fasica e tradi\u00e7\u00f5es acad\u00e9micas\" \/>\n<meta property=\"og:url\" content=\"https:\/\/algarve7.pt\/index.php\/2024\/11\/portimao-recebe-oitava-edicao-do-lusotunas-com-muita-musica-e-tradicoes-academicas\/cultura\/17\/26\/\" \/>\n<meta property=\"og:site_name\" content=\"Algarve 7\" \/>\n<meta property=\"article:publisher\" content=\"https:\/\/www.facebook.com\/algarve7\" \/>\n<meta property=\"article:author\" content=\"https:\/\/www.facebook.com\/algarve7\" \/>\n<meta property=\"article:published_time\" content=\"2024-11-18T17:26:33+00:00\" \/>\n<meta property=\"og:image\" content=\"https:\/\/algarve7.pt\/wp-content\/uploads\/2020\/10\/Logo-8.jpg\" \/>\n\t<meta property=\"og:image:width\" content=\"1680\" \/>\n\t<meta property=\"og:image:height\" content=\"1186\" \/>\n\t<meta property=\"og:image:type\" content=\"image\/jpeg\" \/>\n<meta name=\"author\" content=\"Algarve 7\" \/>\n<meta name=\"twitter:card\" content=\"summary_large_image\" \/>\n<meta name=\"twitter:creator\" content=\"@Algarvesete\" \/>\n<meta name=\"twitter:site\" content=\"@Algarvesete\" \/>\n<meta name=\"twitter:label1\" content=\"Escrito por\" \/>\n\t<meta name=\"twitter:data1\" content=\"Algarve 7\" \/>\n\t<meta name=\"twitter:label2\" content=\"Tempo estimado de leitura\" \/>\n\t<meta name=\"twitter:data2\" content=\"3 minutos\" \/>\n<script type=\"application\/ld+json\" class=\"yoast-schema-graph\">{\"@context\":\"https:\\\/\\\/schema.org\",\"@graph\":[{\"@type\":\"Article\",\"@id\":\"https:\\\/\\\/algarve7.pt\\\/index.php\\\/2024\\\/11\\\/portimao-recebe-oitava-edicao-do-lusotunas-com-muita-musica-e-tradicoes-academicas\\\/cultura\\\/17\\\/26\\\/#article\",\"isPartOf\":{\"@id\":\"https:\\\/\\\/algarve7.pt\\\/index.php\\\/2024\\\/11\\\/portimao-recebe-oitava-edicao-do-lusotunas-com-muita-musica-e-tradicoes-academicas\\\/cultura\\\/17\\\/26\\\/\"},\"author\":{\"name\":\"Algarve 7\",\"@id\":\"https:\\\/\\\/algarve7.pt\\\/#\\\/schema\\\/person\\\/23fa70681308e7b319a3204bcea45e0c\"},\"headline\":\"Portim\u00e3o recebe&nbsp;oitava&nbsp;edi\u00e7\u00e3o do&nbsp;Lusotunas&nbsp;com muita m\u00fasica e tradi\u00e7\u00f5es acad\u00e9micas\",\"datePublished\":\"2024-11-18T17:26:33+00:00\",\"mainEntityOfPage\":{\"@id\":\"https:\\\/\\\/algarve7.pt\\\/index.php\\\/2024\\\/11\\\/portimao-recebe-oitava-edicao-do-lusotunas-com-muita-musica-e-tradicoes-academicas\\\/cultura\\\/17\\\/26\\\/\"},\"wordCount\":566,\"publisher\":{\"@id\":\"https:\\\/\\\/algarve7.pt\\\/#organization\"},\"image\":{\"@id\":\"https:\\\/\\\/algarve7.pt\\\/index.php\\\/2024\\\/11\\\/portimao-recebe-oitava-edicao-do-lusotunas-com-muita-musica-e-tradicoes-academicas\\\/cultura\\\/17\\\/26\\\/#primaryimage\"},\"thumbnailUrl\":\"https:\\\/\\\/algarve7.pt\\\/wp-content\\\/uploads\\\/2024\\\/11\\\/ismatuna-1-1.jpg\",\"keywords\":[\"Algarve\",\"Cultura\",\"Portim\u00e3o\"],\"articleSection\":[\"Cultura\"],\"inLanguage\":\"pt-PT\"},{\"@type\":\"WebPage\",\"@id\":\"https:\\\/\\\/algarve7.pt\\\/index.php\\\/2024\\\/11\\\/portimao-recebe-oitava-edicao-do-lusotunas-com-muita-musica-e-tradicoes-academicas\\\/cultura\\\/17\\\/26\\\/\",\"url\":\"https:\\\/\\\/algarve7.pt\\\/index.php\\\/2024\\\/11\\\/portimao-recebe-oitava-edicao-do-lusotunas-com-muita-musica-e-tradicoes-academicas\\\/cultura\\\/17\\\/26\\\/\",\"name\":\"Portim\u00e3o recebe&nbsp;oitava&nbsp;edi\u00e7\u00e3o do&nbsp;Lusotunas&nbsp;com muita m\u00fasica e tradi\u00e7\u00f5es acad\u00e9micas - Algarve 7\",\"isPartOf\":{\"@id\":\"https:\\\/\\\/algarve7.pt\\\/#website\"},\"primaryImageOfPage\":{\"@id\":\"https:\\\/\\\/algarve7.pt\\\/index.php\\\/2024\\\/11\\\/portimao-recebe-oitava-edicao-do-lusotunas-com-muita-musica-e-tradicoes-academicas\\\/cultura\\\/17\\\/26\\\/#primaryimage\"},\"image\":{\"@id\":\"https:\\\/\\\/algarve7.pt\\\/index.php\\\/2024\\\/11\\\/portimao-recebe-oitava-edicao-do-lusotunas-com-muita-musica-e-tradicoes-academicas\\\/cultura\\\/17\\\/26\\\/#primaryimage\"},\"thumbnailUrl\":\"https:\\\/\\\/algarve7.pt\\\/wp-content\\\/uploads\\\/2024\\\/11\\\/ismatuna-1-1.jpg\",\"datePublished\":\"2024-11-18T17:26:33+00:00\",\"description\":\"Portim\u00e3o recebe&nbsp;oitava&nbsp;edi\u00e7\u00e3o do&nbsp;Lusotunas&nbsp;com muita m\u00fasica e tradi\u00e7\u00f5es acad\u00e9micas\",\"breadcrumb\":{\"@id\":\"https:\\\/\\\/algarve7.pt\\\/index.php\\\/2024\\\/11\\\/portimao-recebe-oitava-edicao-do-lusotunas-com-muita-musica-e-tradicoes-academicas\\\/cultura\\\/17\\\/26\\\/#breadcrumb\"},\"inLanguage\":\"pt-PT\",\"potentialAction\":[{\"@type\":\"ReadAction\",\"target\":[\"https:\\\/\\\/algarve7.pt\\\/index.php\\\/2024\\\/11\\\/portimao-recebe-oitava-edicao-do-lusotunas-com-muita-musica-e-tradicoes-academicas\\\/cultura\\\/17\\\/26\\\/\"]}]},{\"@type\":\"ImageObject\",\"inLanguage\":\"pt-PT\",\"@id\":\"https:\\\/\\\/algarve7.pt\\\/index.php\\\/2024\\\/11\\\/portimao-recebe-oitava-edicao-do-lusotunas-com-muita-musica-e-tradicoes-academicas\\\/cultura\\\/17\\\/26\\\/#primaryimage\",\"url\":\"https:\\\/\\\/algarve7.pt\\\/wp-content\\\/uploads\\\/2024\\\/11\\\/ismatuna-1-1.jpg\",\"contentUrl\":\"https:\\\/\\\/algarve7.pt\\\/wp-content\\\/uploads\\\/2024\\\/11\\\/ismatuna-1-1.jpg\",\"width\":1500,\"height\":844},{\"@type\":\"BreadcrumbList\",\"@id\":\"https:\\\/\\\/algarve7.pt\\\/index.php\\\/2024\\\/11\\\/portimao-recebe-oitava-edicao-do-lusotunas-com-muita-musica-e-tradicoes-academicas\\\/cultura\\\/17\\\/26\\\/#breadcrumb\",\"itemListElement\":[{\"@type\":\"ListItem\",\"position\":1,\"name\":\"In\u00edcio\",\"item\":\"https:\\\/\\\/algarve7.pt\\\/\"},{\"@type\":\"ListItem\",\"position\":2,\"name\":\"Portim\u00e3o recebe&nbsp;oitava&nbsp;edi\u00e7\u00e3o do&nbsp;Lusotunas&nbsp;com muita m\u00fasica e tradi\u00e7\u00f5es acad\u00e9micas\"}]},{\"@type\":\"WebSite\",\"@id\":\"https:\\\/\\\/algarve7.pt\\\/#website\",\"url\":\"https:\\\/\\\/algarve7.pt\\\/\",\"name\":\"Algarve 7\",\"description\":\"Informa\u00e7\u00e3o sobre o Algarve\",\"publisher\":{\"@id\":\"https:\\\/\\\/algarve7.pt\\\/#organization\"},\"potentialAction\":[{\"@type\":\"SearchAction\",\"target\":{\"@type\":\"EntryPoint\",\"urlTemplate\":\"https:\\\/\\\/algarve7.pt\\\/?s={search_term_string}\"},\"query-input\":{\"@type\":\"PropertyValueSpecification\",\"valueRequired\":true,\"valueName\":\"search_term_string\"}}],\"inLanguage\":\"pt-PT\"},{\"@type\":\"Organization\",\"@id\":\"https:\\\/\\\/algarve7.pt\\\/#organization\",\"name\":\"Algarve 7\",\"url\":\"https:\\\/\\\/algarve7.pt\\\/\",\"logo\":{\"@type\":\"ImageObject\",\"inLanguage\":\"pt-PT\",\"@id\":\"https:\\\/\\\/algarve7.pt\\\/#\\\/schema\\\/logo\\\/image\\\/\",\"url\":\"https:\\\/\\\/algarve7.pt\\\/wp-content\\\/uploads\\\/2020\\\/10\\\/Logo-8.jpg\",\"contentUrl\":\"https:\\\/\\\/algarve7.pt\\\/wp-content\\\/uploads\\\/2020\\\/10\\\/Logo-8.jpg\",\"width\":1680,\"height\":1186,\"caption\":\"Algarve 7\"},\"image\":{\"@id\":\"https:\\\/\\\/algarve7.pt\\\/#\\\/schema\\\/logo\\\/image\\\/\"},\"sameAs\":[\"https:\\\/\\\/www.facebook.com\\\/algarve7\",\"https:\\\/\\\/x.com\\\/Algarvesete\",\"https:\\\/\\\/www.instagram.com\\\/jornalalgarve7\\\/\",\"https:\\\/\\\/www.linkedin.com\\\/company\\\/algarve7\",\"https:\\\/\\\/www.pinterest.pt\\\/geral0939\\\/_created\\\/\"]},{\"@type\":\"Person\",\"@id\":\"https:\\\/\\\/algarve7.pt\\\/#\\\/schema\\\/person\\\/23fa70681308e7b319a3204bcea45e0c\",\"name\":\"Algarve 7\",\"sameAs\":[\"https:\\\/\\\/algarve7.pt\",\"https:\\\/\\\/www.facebook.com\\\/algarve7\"],\"url\":\"https:\\\/\\\/algarve7.pt\\\/index.php\\\/author\\\/geralalgarve7-pt\\\/\"}]}<\/script>\n<!-- \/ Yoast SEO plugin. -->","yoast_head_json":{"title":"Portim\u00e3o recebe&nbsp;oitava&nbsp;edi\u00e7\u00e3o do&nbsp;Lusotunas&nbsp;com muita m\u00fasica e tradi\u00e7\u00f5es acad\u00e9micas - Algarve 7","description":"Portim\u00e3o recebe&nbsp;oitava&nbsp;edi\u00e7\u00e3o do&nbsp;Lusotunas&nbsp;com muita m\u00fasica e tradi\u00e7\u00f5es acad\u00e9micas","robots":{"index":"index","follow":"follow","max-snippet":"max-snippet:-1","max-image-preview":"max-image-preview:large","max-video-preview":"max-video-preview:-1"},"canonical":"https:\/\/algarve7.pt\/index.php\/2024\/11\/portimao-recebe-oitava-edicao-do-lusotunas-com-muita-musica-e-tradicoes-academicas\/cultura\/17\/26\/","og_locale":"pt_PT","og_type":"article","og_title":"Portim\u00e3o recebe&nbsp;oitava&nbsp;edi\u00e7\u00e3o do&nbsp;Lusotunas&nbsp;com muita m\u00fasica e tradi\u00e7\u00f5es acad\u00e9micas - Algarve 7","og_description":"Portim\u00e3o recebe&nbsp;oitava&nbsp;edi\u00e7\u00e3o do&nbsp;Lusotunas&nbsp;com muita m\u00fasica e tradi\u00e7\u00f5es acad\u00e9micas","og_url":"https:\/\/algarve7.pt\/index.php\/2024\/11\/portimao-recebe-oitava-edicao-do-lusotunas-com-muita-musica-e-tradicoes-academicas\/cultura\/17\/26\/","og_site_name":"Algarve 7","article_publisher":"https:\/\/www.facebook.com\/algarve7","article_author":"https:\/\/www.facebook.com\/algarve7","article_published_time":"2024-11-18T17:26:33+00:00","og_image":[{"width":1680,"height":1186,"url":"https:\/\/algarve7.pt\/wp-content\/uploads\/2020\/10\/Logo-8.jpg","type":"image\/jpeg"}],"author":"Algarve 7","twitter_card":"summary_large_image","twitter_creator":"@Algarvesete","twitter_site":"@Algarvesete","twitter_misc":{"Escrito por":"Algarve 7","Tempo estimado de leitura":"3 minutos"},"schema":{"@context":"https:\/\/schema.org","@graph":[{"@type":"Article","@id":"https:\/\/algarve7.pt\/index.php\/2024\/11\/portimao-recebe-oitava-edicao-do-lusotunas-com-muita-musica-e-tradicoes-academicas\/cultura\/17\/26\/#article","isPartOf":{"@id":"https:\/\/algarve7.pt\/index.php\/2024\/11\/portimao-recebe-oitava-edicao-do-lusotunas-com-muita-musica-e-tradicoes-academicas\/cultura\/17\/26\/"},"author":{"name":"Algarve 7","@id":"https:\/\/algarve7.pt\/#\/schema\/person\/23fa70681308e7b319a3204bcea45e0c"},"headline":"Portim\u00e3o recebe&nbsp;oitava&nbsp;edi\u00e7\u00e3o do&nbsp;Lusotunas&nbsp;com muita m\u00fasica e tradi\u00e7\u00f5es acad\u00e9micas","datePublished":"2024-11-18T17:26:33+00:00","mainEntityOfPage":{"@id":"https:\/\/algarve7.pt\/index.php\/2024\/11\/portimao-recebe-oitava-edicao-do-lusotunas-com-muita-musica-e-tradicoes-academicas\/cultura\/17\/26\/"},"wordCount":566,"publisher":{"@id":"https:\/\/algarve7.pt\/#organization"},"image":{"@id":"https:\/\/algarve7.pt\/index.php\/2024\/11\/portimao-recebe-oitava-edicao-do-lusotunas-com-muita-musica-e-tradicoes-academicas\/cultura\/17\/26\/#primaryimage"},"thumbnailUrl":"https:\/\/algarve7.pt\/wp-content\/uploads\/2024\/11\/ismatuna-1-1.jpg","keywords":["Algarve","Cultura","Portim\u00e3o"],"articleSection":["Cultura"],"inLanguage":"pt-PT"},{"@type":"WebPage","@id":"https:\/\/algarve7.pt\/index.php\/2024\/11\/portimao-recebe-oitava-edicao-do-lusotunas-com-muita-musica-e-tradicoes-academicas\/cultura\/17\/26\/","url":"https:\/\/algarve7.pt\/index.php\/2024\/11\/portimao-recebe-oitava-edicao-do-lusotunas-com-muita-musica-e-tradicoes-academicas\/cultura\/17\/26\/","name":"Portim\u00e3o recebe&nbsp;oitava&nbsp;edi\u00e7\u00e3o do&nbsp;Lusotunas&nbsp;com muita m\u00fasica e tradi\u00e7\u00f5es acad\u00e9micas - Algarve 7","isPartOf":{"@id":"https:\/\/algarve7.pt\/#website"},"primaryImageOfPage":{"@id":"https:\/\/algarve7.pt\/index.php\/2024\/11\/portimao-recebe-oitava-edicao-do-lusotunas-com-muita-musica-e-tradicoes-academicas\/cultura\/17\/26\/#primaryimage"},"image":{"@id":"https:\/\/algarve7.pt\/index.php\/2024\/11\/portimao-recebe-oitava-edicao-do-lusotunas-com-muita-musica-e-tradicoes-academicas\/cultura\/17\/26\/#primaryimage"},"thumbnailUrl":"https:\/\/algarve7.pt\/wp-content\/uploads\/2024\/11\/ismatuna-1-1.jpg","datePublished":"2024-11-18T17:26:33+00:00","description":"Portim\u00e3o recebe&nbsp;oitava&nbsp;edi\u00e7\u00e3o do&nbsp;Lusotunas&nbsp;com muita m\u00fasica e tradi\u00e7\u00f5es acad\u00e9micas","breadcrumb":{"@id":"https:\/\/algarve7.pt\/index.php\/2024\/11\/portimao-recebe-oitava-edicao-do-lusotunas-com-muita-musica-e-tradicoes-academicas\/cultura\/17\/26\/#breadcrumb"},"inLanguage":"pt-PT","potentialAction":[{"@type":"ReadAction","target":["https:\/\/algarve7.pt\/index.php\/2024\/11\/portimao-recebe-oitava-edicao-do-lusotunas-com-muita-musica-e-tradicoes-academicas\/cultura\/17\/26\/"]}]},{"@type":"ImageObject","inLanguage":"pt-PT","@id":"https:\/\/algarve7.pt\/index.php\/2024\/11\/portimao-recebe-oitava-edicao-do-lusotunas-com-muita-musica-e-tradicoes-academicas\/cultura\/17\/26\/#primaryimage","url":"https:\/\/algarve7.pt\/wp-content\/uploads\/2024\/11\/ismatuna-1-1.jpg","contentUrl":"https:\/\/algarve7.pt\/wp-content\/uploads\/2024\/11\/ismatuna-1-1.jpg","width":1500,"height":844},{"@type":"BreadcrumbList","@id":"https:\/\/algarve7.pt\/index.php\/2024\/11\/portimao-recebe-oitava-edicao-do-lusotunas-com-muita-musica-e-tradicoes-academicas\/cultura\/17\/26\/#breadcrumb","itemListElement":[{"@type":"ListItem","position":1,"name":"In\u00edcio","item":"https:\/\/algarve7.pt\/"},{"@type":"ListItem","position":2,"name":"Portim\u00e3o recebe&nbsp;oitava&nbsp;edi\u00e7\u00e3o do&nbsp;Lusotunas&nbsp;com muita m\u00fasica e tradi\u00e7\u00f5es acad\u00e9micas"}]},{"@type":"WebSite","@id":"https:\/\/algarve7.pt\/#website","url":"https:\/\/algarve7.pt\/","name":"Algarve 7","description":"Informa\u00e7\u00e3o sobre o Algarve","publisher":{"@id":"https:\/\/algarve7.pt\/#organization"},"potentialAction":[{"@type":"SearchAction","target":{"@type":"EntryPoint","urlTemplate":"https:\/\/algarve7.pt\/?s={search_term_string}"},"query-input":{"@type":"PropertyValueSpecification","valueRequired":true,"valueName":"search_term_string"}}],"inLanguage":"pt-PT"},{"@type":"Organization","@id":"https:\/\/algarve7.pt\/#organization","name":"Algarve 7","url":"https:\/\/algarve7.pt\/","logo":{"@type":"ImageObject","inLanguage":"pt-PT","@id":"https:\/\/algarve7.pt\/#\/schema\/logo\/image\/","url":"https:\/\/algarve7.pt\/wp-content\/uploads\/2020\/10\/Logo-8.jpg","contentUrl":"https:\/\/algarve7.pt\/wp-content\/uploads\/2020\/10\/Logo-8.jpg","width":1680,"height":1186,"caption":"Algarve 7"},"image":{"@id":"https:\/\/algarve7.pt\/#\/schema\/logo\/image\/"},"sameAs":["https:\/\/www.facebook.com\/algarve7","https:\/\/x.com\/Algarvesete","https:\/\/www.instagram.com\/jornalalgarve7\/","https:\/\/www.linkedin.com\/company\/algarve7","https:\/\/www.pinterest.pt\/geral0939\/_created\/"]},{"@type":"Person","@id":"https:\/\/algarve7.pt\/#\/schema\/person\/23fa70681308e7b319a3204bcea45e0c","name":"Algarve 7","sameAs":["https:\/\/algarve7.pt","https:\/\/www.facebook.com\/algarve7"],"url":"https:\/\/algarve7.pt\/index.php\/author\/geralalgarve7-pt\/"}]}},"jetpack_publicize_connections":[],"jetpack_featured_media_url":"https:\/\/algarve7.pt\/wp-content\/uploads\/2024\/11\/ismatuna-1-1.jpg","jetpack_shortlink":"https:\/\/wp.me\/pcezmW-bAO","jetpack_sharing_enabled":true,"_links":{"self":[{"href":"https:\/\/algarve7.pt\/index.php\/wp-json\/wp\/v2\/posts\/44566","targetHints":{"allow":["GET"]}}],"collection":[{"href":"https:\/\/algarve7.pt\/index.php\/wp-json\/wp\/v2\/posts"}],"about":[{"href":"https:\/\/algarve7.pt\/index.php\/wp-json\/wp\/v2\/types\/post"}],"author":[{"embeddable":true,"href":"https:\/\/algarve7.pt\/index.php\/wp-json\/wp\/v2\/users\/1"}],"replies":[{"embeddable":true,"href":"https:\/\/algarve7.pt\/index.php\/wp-json\/wp\/v2\/comments?post=44566"}],"version-history":[{"count":0,"href":"https:\/\/algarve7.pt\/index.php\/wp-json\/wp\/v2\/posts\/44566\/revisions"}],"wp:featuredmedia":[{"embeddable":true,"href":"https:\/\/algarve7.pt\/index.php\/wp-json\/wp\/v2\/media\/44567"}],"wp:attachment":[{"href":"https:\/\/algarve7.pt\/index.php\/wp-json\/wp\/v2\/media?parent=44566"}],"wp:term":[{"taxonomy":"category","embeddable":true,"href":"https:\/\/algarve7.pt\/index.php\/wp-json\/wp\/v2\/categories?post=44566"},{"taxonomy":"post_tag","embeddable":true,"href":"https:\/\/algarve7.pt\/index.php\/wp-json\/wp\/v2\/tags?post=44566"}],"curies":[{"name":"wp","href":"https:\/\/api.w.org\/{rel}","templated":true}]}}