{"id":44564,"date":"2024-11-18T17:18:17","date_gmt":"2024-11-18T17:18:17","guid":{"rendered":"https:\/\/algarve7.pt\/index.php\/2024\/11\/44564\/cultura\/17\/18\/"},"modified":"2024-11-18T17:22:01","modified_gmt":"2024-11-18T17:22:01","slug":"44564","status":"publish","type":"post","link":"https:\/\/algarve7.pt\/index.php\/2024\/11\/44564\/cultura\/17\/18\/","title":{"rendered":"\u00a0Portim\u00e3o volta a ser \u201cUm Sonho de Natal\u201d e ter\u00e1 novidades para descobrir"},"content":{"rendered":"\n<p class=\"s10\">Portim\u00e3o volta a ser \u201cUm Sonho de Natal\u201d e ter\u00e1 novidades para descobrir<\/p>\n\n\n\n<p class=\"s15\">A cidade de Portim\u00e3o vai novamente transformar-se num verdadeiro \u201cSonho de Natal\u201d entre 29 de novembro e 6 de janeiro, recriando diversos n\u00facleos tem\u00e1ticos de atra\u00e7\u00e3o &#8211; um dos quais in\u00e9dito &#8211; inspirados na \u00e9poca festiva e totalmente gratuitos, cruzando o universo natal\u00edcio com momentos de fantasia e divers\u00e3o dirigidos a toda a fam\u00edlia.<\/p>\n\n\n\n<p class=\"s15\">&nbsp;<\/p>\n\n\n\n<p class=\"s15\">Celebrando em 2024 o primeiro centen\u00e1rio de eleva\u00e7\u00e3o a cidade, Portim\u00e3o proporcionar\u00e1 a residentes e visitantes 38 dias de pura fantasia e alegria, com viv\u00eancias \u00fanicas em v\u00e1rios&nbsp;locais emblem\u00e1ticos, incluindo as freguesias de Alvor e da Mexilhoeira Grande, que ter\u00e3o um programa de anima\u00e7\u00e3o natal\u00edcia especialmente preparado para estimular o imagin\u00e1rio de todos.<\/p>\n\n\n\n<p class=\"s15\">&nbsp;<\/p>\n\n\n\n<p class=\"s15\">Chegada do Pai Natal e ilumina\u00e7\u00e3o decorativa<\/p>\n\n\n\n<p class=\"s15\">&nbsp;<\/p>\n\n\n\n<p class=\"s15\">No dia 29 de novembro, por volta das 16h30, o Pai Natal chegar\u00e1 a Portim\u00e3o (Pra\u00e7a 1\u00ba de Maio) com a promessa de muita festa e divers\u00e3o para as fam\u00edlias e crian\u00e7as. A chegada da maior figura desta \u00e9poca festiva coincidir\u00e1 com a inaugura\u00e7\u00e3o da ilumina\u00e7\u00e3o natal\u00edcia, agendada para as 18h00 na Pra\u00e7a da Rep\u00fablica, com um espet\u00e1culo imersivo de cor, luz e m\u00fasica, que poder\u00e1 ser apreciado, diariamente, de hora a hora.<\/p>\n\n\n\n<p class=\"s15\">&nbsp;<\/p>\n\n\n\n<p class=\"s15\">As luzes de Natal assinalam esta \u00e9poca festiva t\u00e3o importante para o com\u00e9rcio local, para as atividades ao ar livre e para o espa\u00e7o p\u00fablico, iluminando cerca de 50 locais e indo, assim, ao encontro da tradi\u00e7\u00e3o fortemente enraizada por todos os que vivem e&nbsp;trabalham no concelho de Portim\u00e3o, mas tamb\u00e9m para os turistas e visitantes que, todos os anos, escolhem este destino para celebrarem a harmonia e conc\u00f3rdia entre os homens.<\/p>\n\n\n\n<p class=\"s15\">&nbsp;<\/p>\n\n\n\n<p class=\"s15\">A edi\u00e7\u00e3o de 2024 de \u201cPortim\u00e3o, Um Sonho de Natal\u201d vai ter mais um espa\u00e7o tem\u00e1tico, que ser\u00e1 divulgado em breve, e contar\u00e1 com v\u00e1rios cen\u00e1rios alusivos ao imagin\u00e1rio natal\u00edcio, merecendo igualmente destaque os espet\u00e1culos e performances di\u00e1rias no Palco de Natal na Pra\u00e7a da Rep\u00fablica, onde tamb\u00e9m n\u00e3o faltar\u00e3o os desfiles de rua com as paradas tem\u00e1ticas, percursos no j\u00e1 indispens\u00e1vel Comboio de Natal, e as divers\u00f5es na Pista de Gelo natural, sem esquecer as visitas ao Mercadinho de Natal, \u00e0 Casa e \u00e0 F\u00e1brica do Pai Natal, al\u00e9m de outras novidades.<\/p>\n\n\n\n<p class=\"s15\">&nbsp;<\/p>\n\n\n\n<p class=\"s17\">Anima\u00e7\u00e3o nas tr\u00eas freguesias do concelho<\/p>\n\n\n\n<p class=\"s17\">&nbsp;<\/p>\n\n\n\n<p class=\"s17\">No ano em que Portim\u00e3o celebra 100 anos enquanto cidade, o Munic\u00edpio procura proporcionar a residentes e visitantes viv\u00eancias \u00fanicas em v\u00e1rios locais emblem\u00e1ticos e nas suas&nbsp;tr\u00eas&nbsp;freguesias, dando especial aten\u00e7\u00e3o aos mais novos, que t\u00eam a oportunidade de viajar num imagin\u00e1rio de sonho e fantasia, tendo em linha de conta os diversos p\u00fablicos que s\u00e3o esperados nesta \u00e9poca t\u00e3o especial.<\/p>\n\n\n\n<p class=\"s17\">&nbsp;<\/p>\n\n\n\n<p class=\"s15\">A programa\u00e7\u00e3o detalhada destes dias repletos&nbsp;de&nbsp;sonhos para mi\u00fados e gra\u00fados ser\u00e1 disponibilizada brevemente em&nbsp;<a href=\"https:\/\/portimaosonhodenatal.pt\/%20%5Ct%20_blank%20%5Co%20https:\/\/portimaosonhodenatal.pt\/\">https:\/\/portimaosonhodenatal.pt\/<\/a>, onde&nbsp;poder\u00e1 ser consultada ao pormenor.<\/p>\n","protected":false},"excerpt":{"rendered":"<p>Portim\u00e3o volta a ser \u201cUm Sonho de Natal\u201d e ter\u00e1 novidades para descobrir A cidade de Portim\u00e3o vai novamente transformar-se<\/p>\n","protected":false},"author":1,"featured_media":44563,"comment_status":"closed","ping_status":"","sticky":false,"template":"","format":"standard","meta":{"colormag_page_container_layout":"default_layout","colormag_page_sidebar_layout":"default_layout","_monsterinsights_skip_tracking":false,"_monsterinsights_sitenote_active":false,"_monsterinsights_sitenote_note":"","_monsterinsights_sitenote_category":0,"jetpack_post_was_ever_published":false,"_jetpack_newsletter_access":"","_jetpack_dont_email_post_to_subs":false,"_jetpack_newsletter_tier_id":0,"_jetpack_memberships_contains_paywalled_content":false,"_jetpack_memberships_contains_paid_content":false,"footnotes":"","jetpack_publicize_message":"","jetpack_publicize_feature_enabled":true,"jetpack_social_post_already_shared":true,"jetpack_social_options":{"image_generator_settings":{"template":"highway","default_image_id":0,"font":"","enabled":false},"version":2}},"categories":[14],"tags":[36,35,237,72],"class_list":["post-44564","post","type-post","status-publish","format-standard","has-post-thumbnail","hentry","category-cultura","tag-algarve","tag-cultura","tag-natal","tag-portimao"],"yoast_head":"<!-- This site is optimized with the Yoast SEO plugin v27.5 - https:\/\/yoast.com\/product\/yoast-seo-wordpress\/ -->\n<title>\u00a0Portim\u00e3o volta a ser \u201cUm Sonho de Natal\u201d e ter\u00e1 novidades para descobrir - Algarve 7<\/title>\n<meta name=\"description\" content=\"\u00a0Portim\u00e3o volta a ser \u201cUm Sonho de Natal\u201d e ter\u00e1 novidades para descobrir\" \/>\n<meta name=\"robots\" content=\"index, follow, max-snippet:-1, max-image-preview:large, max-video-preview:-1\" \/>\n<link rel=\"canonical\" href=\"https:\/\/algarve7.pt\/index.php\/2024\/11\/44564\/cultura\/17\/18\/\" \/>\n<meta property=\"og:locale\" content=\"pt_PT\" \/>\n<meta property=\"og:type\" content=\"article\" \/>\n<meta property=\"og:title\" content=\"\u00a0Portim\u00e3o volta a ser \u201cUm Sonho de Natal\u201d e ter\u00e1 novidades para descobrir - Algarve 7\" \/>\n<meta property=\"og:description\" content=\"\u00a0Portim\u00e3o volta a ser \u201cUm Sonho de Natal\u201d e ter\u00e1 novidades para descobrir\" \/>\n<meta property=\"og:url\" content=\"https:\/\/algarve7.pt\/index.php\/2024\/11\/44564\/cultura\/17\/18\/\" \/>\n<meta property=\"og:site_name\" content=\"Algarve 7\" \/>\n<meta property=\"article:publisher\" content=\"https:\/\/www.facebook.com\/algarve7\" \/>\n<meta property=\"article:author\" content=\"https:\/\/www.facebook.com\/algarve7\" \/>\n<meta property=\"article:published_time\" content=\"2024-11-18T17:18:17+00:00\" \/>\n<meta property=\"article:modified_time\" content=\"2024-11-18T17:22:01+00:00\" \/>\n<meta property=\"og:image\" content=\"https:\/\/algarve7.pt\/wp-content\/uploads\/2024\/11\/iluminacao-natal-ptm-1.jpg\" \/>\n\t<meta property=\"og:image:width\" content=\"1000\" \/>\n\t<meta property=\"og:image:height\" content=\"689\" \/>\n\t<meta property=\"og:image:type\" content=\"image\/jpeg\" \/>\n<meta name=\"author\" content=\"Algarve 7\" \/>\n<meta name=\"twitter:card\" content=\"summary_large_image\" \/>\n<meta name=\"twitter:creator\" content=\"@Algarvesete\" \/>\n<meta name=\"twitter:site\" content=\"@Algarvesete\" \/>\n<meta name=\"twitter:label1\" content=\"Escrito por\" \/>\n\t<meta name=\"twitter:data1\" content=\"Algarve 7\" \/>\n\t<meta name=\"twitter:label2\" content=\"Tempo estimado de leitura\" \/>\n\t<meta name=\"twitter:data2\" content=\"3 minutos\" \/>\n<script type=\"application\/ld+json\" class=\"yoast-schema-graph\">{\"@context\":\"https:\\\/\\\/schema.org\",\"@graph\":[{\"@type\":\"Article\",\"@id\":\"https:\\\/\\\/algarve7.pt\\\/index.php\\\/2024\\\/11\\\/44564\\\/cultura\\\/17\\\/18\\\/#article\",\"isPartOf\":{\"@id\":\"https:\\\/\\\/algarve7.pt\\\/index.php\\\/2024\\\/11\\\/44564\\\/cultura\\\/17\\\/18\\\/\"},\"author\":{\"name\":\"Algarve 7\",\"@id\":\"https:\\\/\\\/algarve7.pt\\\/#\\\/schema\\\/person\\\/23fa70681308e7b319a3204bcea45e0c\"},\"headline\":\"\u00a0Portim\u00e3o volta a ser \u201cUm Sonho de Natal\u201d e ter\u00e1 novidades para descobrir\",\"datePublished\":\"2024-11-18T17:18:17+00:00\",\"dateModified\":\"2024-11-18T17:22:01+00:00\",\"mainEntityOfPage\":{\"@id\":\"https:\\\/\\\/algarve7.pt\\\/index.php\\\/2024\\\/11\\\/44564\\\/cultura\\\/17\\\/18\\\/\"},\"wordCount\":556,\"publisher\":{\"@id\":\"https:\\\/\\\/algarve7.pt\\\/#organization\"},\"image\":{\"@id\":\"https:\\\/\\\/algarve7.pt\\\/index.php\\\/2024\\\/11\\\/44564\\\/cultura\\\/17\\\/18\\\/#primaryimage\"},\"thumbnailUrl\":\"https:\\\/\\\/algarve7.pt\\\/wp-content\\\/uploads\\\/2024\\\/11\\\/iluminacao-natal-ptm-1.jpg\",\"keywords\":[\"Algarve\",\"Cultura\",\"Natal\",\"Portim\u00e3o\"],\"articleSection\":[\"Cultura\"],\"inLanguage\":\"pt-PT\"},{\"@type\":\"WebPage\",\"@id\":\"https:\\\/\\\/algarve7.pt\\\/index.php\\\/2024\\\/11\\\/44564\\\/cultura\\\/17\\\/18\\\/\",\"url\":\"https:\\\/\\\/algarve7.pt\\\/index.php\\\/2024\\\/11\\\/44564\\\/cultura\\\/17\\\/18\\\/\",\"name\":\"\u00a0Portim\u00e3o volta a ser \u201cUm Sonho de Natal\u201d e ter\u00e1 novidades para descobrir - Algarve 7\",\"isPartOf\":{\"@id\":\"https:\\\/\\\/algarve7.pt\\\/#website\"},\"primaryImageOfPage\":{\"@id\":\"https:\\\/\\\/algarve7.pt\\\/index.php\\\/2024\\\/11\\\/44564\\\/cultura\\\/17\\\/18\\\/#primaryimage\"},\"image\":{\"@id\":\"https:\\\/\\\/algarve7.pt\\\/index.php\\\/2024\\\/11\\\/44564\\\/cultura\\\/17\\\/18\\\/#primaryimage\"},\"thumbnailUrl\":\"https:\\\/\\\/algarve7.pt\\\/wp-content\\\/uploads\\\/2024\\\/11\\\/iluminacao-natal-ptm-1.jpg\",\"datePublished\":\"2024-11-18T17:18:17+00:00\",\"dateModified\":\"2024-11-18T17:22:01+00:00\",\"description\":\"\u00a0Portim\u00e3o volta a ser \u201cUm Sonho de Natal\u201d e ter\u00e1 novidades para descobrir\",\"breadcrumb\":{\"@id\":\"https:\\\/\\\/algarve7.pt\\\/index.php\\\/2024\\\/11\\\/44564\\\/cultura\\\/17\\\/18\\\/#breadcrumb\"},\"inLanguage\":\"pt-PT\",\"potentialAction\":[{\"@type\":\"ReadAction\",\"target\":[\"https:\\\/\\\/algarve7.pt\\\/index.php\\\/2024\\\/11\\\/44564\\\/cultura\\\/17\\\/18\\\/\"]}]},{\"@type\":\"ImageObject\",\"inLanguage\":\"pt-PT\",\"@id\":\"https:\\\/\\\/algarve7.pt\\\/index.php\\\/2024\\\/11\\\/44564\\\/cultura\\\/17\\\/18\\\/#primaryimage\",\"url\":\"https:\\\/\\\/algarve7.pt\\\/wp-content\\\/uploads\\\/2024\\\/11\\\/iluminacao-natal-ptm-1.jpg\",\"contentUrl\":\"https:\\\/\\\/algarve7.pt\\\/wp-content\\\/uploads\\\/2024\\\/11\\\/iluminacao-natal-ptm-1.jpg\",\"width\":1000,\"height\":689},{\"@type\":\"BreadcrumbList\",\"@id\":\"https:\\\/\\\/algarve7.pt\\\/index.php\\\/2024\\\/11\\\/44564\\\/cultura\\\/17\\\/18\\\/#breadcrumb\",\"itemListElement\":[{\"@type\":\"ListItem\",\"position\":1,\"name\":\"In\u00edcio\",\"item\":\"https:\\\/\\\/algarve7.pt\\\/\"},{\"@type\":\"ListItem\",\"position\":2,\"name\":\"\u00a0Portim\u00e3o volta a ser \u201cUm Sonho de Natal\u201d e ter\u00e1 novidades para descobrir\"}]},{\"@type\":\"WebSite\",\"@id\":\"https:\\\/\\\/algarve7.pt\\\/#website\",\"url\":\"https:\\\/\\\/algarve7.pt\\\/\",\"name\":\"Algarve 7\",\"description\":\"Informa\u00e7\u00e3o sobre o Algarve\",\"publisher\":{\"@id\":\"https:\\\/\\\/algarve7.pt\\\/#organization\"},\"potentialAction\":[{\"@type\":\"SearchAction\",\"target\":{\"@type\":\"EntryPoint\",\"urlTemplate\":\"https:\\\/\\\/algarve7.pt\\\/?s={search_term_string}\"},\"query-input\":{\"@type\":\"PropertyValueSpecification\",\"valueRequired\":true,\"valueName\":\"search_term_string\"}}],\"inLanguage\":\"pt-PT\"},{\"@type\":\"Organization\",\"@id\":\"https:\\\/\\\/algarve7.pt\\\/#organization\",\"name\":\"Algarve 7\",\"url\":\"https:\\\/\\\/algarve7.pt\\\/\",\"logo\":{\"@type\":\"ImageObject\",\"inLanguage\":\"pt-PT\",\"@id\":\"https:\\\/\\\/algarve7.pt\\\/#\\\/schema\\\/logo\\\/image\\\/\",\"url\":\"https:\\\/\\\/algarve7.pt\\\/wp-content\\\/uploads\\\/2020\\\/10\\\/Logo-8.jpg\",\"contentUrl\":\"https:\\\/\\\/algarve7.pt\\\/wp-content\\\/uploads\\\/2020\\\/10\\\/Logo-8.jpg\",\"width\":1680,\"height\":1186,\"caption\":\"Algarve 7\"},\"image\":{\"@id\":\"https:\\\/\\\/algarve7.pt\\\/#\\\/schema\\\/logo\\\/image\\\/\"},\"sameAs\":[\"https:\\\/\\\/www.facebook.com\\\/algarve7\",\"https:\\\/\\\/x.com\\\/Algarvesete\",\"https:\\\/\\\/www.instagram.com\\\/jornalalgarve7\\\/\",\"https:\\\/\\\/www.linkedin.com\\\/company\\\/algarve7\",\"https:\\\/\\\/www.pinterest.pt\\\/geral0939\\\/_created\\\/\"]},{\"@type\":\"Person\",\"@id\":\"https:\\\/\\\/algarve7.pt\\\/#\\\/schema\\\/person\\\/23fa70681308e7b319a3204bcea45e0c\",\"name\":\"Algarve 7\",\"sameAs\":[\"https:\\\/\\\/algarve7.pt\",\"https:\\\/\\\/www.facebook.com\\\/algarve7\"],\"url\":\"https:\\\/\\\/algarve7.pt\\\/index.php\\\/author\\\/geralalgarve7-pt\\\/\"}]}<\/script>\n<!-- \/ Yoast SEO plugin. -->","yoast_head_json":{"title":"\u00a0Portim\u00e3o volta a ser \u201cUm Sonho de Natal\u201d e ter\u00e1 novidades para descobrir - Algarve 7","description":"\u00a0Portim\u00e3o volta a ser \u201cUm Sonho de Natal\u201d e ter\u00e1 novidades para descobrir","robots":{"index":"index","follow":"follow","max-snippet":"max-snippet:-1","max-image-preview":"max-image-preview:large","max-video-preview":"max-video-preview:-1"},"canonical":"https:\/\/algarve7.pt\/index.php\/2024\/11\/44564\/cultura\/17\/18\/","og_locale":"pt_PT","og_type":"article","og_title":"\u00a0Portim\u00e3o volta a ser \u201cUm Sonho de Natal\u201d e ter\u00e1 novidades para descobrir - Algarve 7","og_description":"\u00a0Portim\u00e3o volta a ser \u201cUm Sonho de Natal\u201d e ter\u00e1 novidades para descobrir","og_url":"https:\/\/algarve7.pt\/index.php\/2024\/11\/44564\/cultura\/17\/18\/","og_site_name":"Algarve 7","article_publisher":"https:\/\/www.facebook.com\/algarve7","article_author":"https:\/\/www.facebook.com\/algarve7","article_published_time":"2024-11-18T17:18:17+00:00","article_modified_time":"2024-11-18T17:22:01+00:00","og_image":[{"width":1000,"height":689,"url":"https:\/\/algarve7.pt\/wp-content\/uploads\/2024\/11\/iluminacao-natal-ptm-1.jpg","type":"image\/jpeg"}],"author":"Algarve 7","twitter_card":"summary_large_image","twitter_creator":"@Algarvesete","twitter_site":"@Algarvesete","twitter_misc":{"Escrito por":"Algarve 7","Tempo estimado de leitura":"3 minutos"},"schema":{"@context":"https:\/\/schema.org","@graph":[{"@type":"Article","@id":"https:\/\/algarve7.pt\/index.php\/2024\/11\/44564\/cultura\/17\/18\/#article","isPartOf":{"@id":"https:\/\/algarve7.pt\/index.php\/2024\/11\/44564\/cultura\/17\/18\/"},"author":{"name":"Algarve 7","@id":"https:\/\/algarve7.pt\/#\/schema\/person\/23fa70681308e7b319a3204bcea45e0c"},"headline":"\u00a0Portim\u00e3o volta a ser \u201cUm Sonho de Natal\u201d e ter\u00e1 novidades para descobrir","datePublished":"2024-11-18T17:18:17+00:00","dateModified":"2024-11-18T17:22:01+00:00","mainEntityOfPage":{"@id":"https:\/\/algarve7.pt\/index.php\/2024\/11\/44564\/cultura\/17\/18\/"},"wordCount":556,"publisher":{"@id":"https:\/\/algarve7.pt\/#organization"},"image":{"@id":"https:\/\/algarve7.pt\/index.php\/2024\/11\/44564\/cultura\/17\/18\/#primaryimage"},"thumbnailUrl":"https:\/\/algarve7.pt\/wp-content\/uploads\/2024\/11\/iluminacao-natal-ptm-1.jpg","keywords":["Algarve","Cultura","Natal","Portim\u00e3o"],"articleSection":["Cultura"],"inLanguage":"pt-PT"},{"@type":"WebPage","@id":"https:\/\/algarve7.pt\/index.php\/2024\/11\/44564\/cultura\/17\/18\/","url":"https:\/\/algarve7.pt\/index.php\/2024\/11\/44564\/cultura\/17\/18\/","name":"\u00a0Portim\u00e3o volta a ser \u201cUm Sonho de Natal\u201d e ter\u00e1 novidades para descobrir - Algarve 7","isPartOf":{"@id":"https:\/\/algarve7.pt\/#website"},"primaryImageOfPage":{"@id":"https:\/\/algarve7.pt\/index.php\/2024\/11\/44564\/cultura\/17\/18\/#primaryimage"},"image":{"@id":"https:\/\/algarve7.pt\/index.php\/2024\/11\/44564\/cultura\/17\/18\/#primaryimage"},"thumbnailUrl":"https:\/\/algarve7.pt\/wp-content\/uploads\/2024\/11\/iluminacao-natal-ptm-1.jpg","datePublished":"2024-11-18T17:18:17+00:00","dateModified":"2024-11-18T17:22:01+00:00","description":"\u00a0Portim\u00e3o volta a ser \u201cUm Sonho de Natal\u201d e ter\u00e1 novidades para descobrir","breadcrumb":{"@id":"https:\/\/algarve7.pt\/index.php\/2024\/11\/44564\/cultura\/17\/18\/#breadcrumb"},"inLanguage":"pt-PT","potentialAction":[{"@type":"ReadAction","target":["https:\/\/algarve7.pt\/index.php\/2024\/11\/44564\/cultura\/17\/18\/"]}]},{"@type":"ImageObject","inLanguage":"pt-PT","@id":"https:\/\/algarve7.pt\/index.php\/2024\/11\/44564\/cultura\/17\/18\/#primaryimage","url":"https:\/\/algarve7.pt\/wp-content\/uploads\/2024\/11\/iluminacao-natal-ptm-1.jpg","contentUrl":"https:\/\/algarve7.pt\/wp-content\/uploads\/2024\/11\/iluminacao-natal-ptm-1.jpg","width":1000,"height":689},{"@type":"BreadcrumbList","@id":"https:\/\/algarve7.pt\/index.php\/2024\/11\/44564\/cultura\/17\/18\/#breadcrumb","itemListElement":[{"@type":"ListItem","position":1,"name":"In\u00edcio","item":"https:\/\/algarve7.pt\/"},{"@type":"ListItem","position":2,"name":"\u00a0Portim\u00e3o volta a ser \u201cUm Sonho de Natal\u201d e ter\u00e1 novidades para descobrir"}]},{"@type":"WebSite","@id":"https:\/\/algarve7.pt\/#website","url":"https:\/\/algarve7.pt\/","name":"Algarve 7","description":"Informa\u00e7\u00e3o sobre o Algarve","publisher":{"@id":"https:\/\/algarve7.pt\/#organization"},"potentialAction":[{"@type":"SearchAction","target":{"@type":"EntryPoint","urlTemplate":"https:\/\/algarve7.pt\/?s={search_term_string}"},"query-input":{"@type":"PropertyValueSpecification","valueRequired":true,"valueName":"search_term_string"}}],"inLanguage":"pt-PT"},{"@type":"Organization","@id":"https:\/\/algarve7.pt\/#organization","name":"Algarve 7","url":"https:\/\/algarve7.pt\/","logo":{"@type":"ImageObject","inLanguage":"pt-PT","@id":"https:\/\/algarve7.pt\/#\/schema\/logo\/image\/","url":"https:\/\/algarve7.pt\/wp-content\/uploads\/2020\/10\/Logo-8.jpg","contentUrl":"https:\/\/algarve7.pt\/wp-content\/uploads\/2020\/10\/Logo-8.jpg","width":1680,"height":1186,"caption":"Algarve 7"},"image":{"@id":"https:\/\/algarve7.pt\/#\/schema\/logo\/image\/"},"sameAs":["https:\/\/www.facebook.com\/algarve7","https:\/\/x.com\/Algarvesete","https:\/\/www.instagram.com\/jornalalgarve7\/","https:\/\/www.linkedin.com\/company\/algarve7","https:\/\/www.pinterest.pt\/geral0939\/_created\/"]},{"@type":"Person","@id":"https:\/\/algarve7.pt\/#\/schema\/person\/23fa70681308e7b319a3204bcea45e0c","name":"Algarve 7","sameAs":["https:\/\/algarve7.pt","https:\/\/www.facebook.com\/algarve7"],"url":"https:\/\/algarve7.pt\/index.php\/author\/geralalgarve7-pt\/"}]}},"jetpack_publicize_connections":[],"jetpack_featured_media_url":"https:\/\/algarve7.pt\/wp-content\/uploads\/2024\/11\/iluminacao-natal-ptm-1.jpg","jetpack_shortlink":"https:\/\/wp.me\/scezmW-44564","jetpack_sharing_enabled":true,"_links":{"self":[{"href":"https:\/\/algarve7.pt\/index.php\/wp-json\/wp\/v2\/posts\/44564","targetHints":{"allow":["GET"]}}],"collection":[{"href":"https:\/\/algarve7.pt\/index.php\/wp-json\/wp\/v2\/posts"}],"about":[{"href":"https:\/\/algarve7.pt\/index.php\/wp-json\/wp\/v2\/types\/post"}],"author":[{"embeddable":true,"href":"https:\/\/algarve7.pt\/index.php\/wp-json\/wp\/v2\/users\/1"}],"replies":[{"embeddable":true,"href":"https:\/\/algarve7.pt\/index.php\/wp-json\/wp\/v2\/comments?post=44564"}],"version-history":[{"count":0,"href":"https:\/\/algarve7.pt\/index.php\/wp-json\/wp\/v2\/posts\/44564\/revisions"}],"wp:featuredmedia":[{"embeddable":true,"href":"https:\/\/algarve7.pt\/index.php\/wp-json\/wp\/v2\/media\/44563"}],"wp:attachment":[{"href":"https:\/\/algarve7.pt\/index.php\/wp-json\/wp\/v2\/media?parent=44564"}],"wp:term":[{"taxonomy":"category","embeddable":true,"href":"https:\/\/algarve7.pt\/index.php\/wp-json\/wp\/v2\/categories?post=44564"},{"taxonomy":"post_tag","embeddable":true,"href":"https:\/\/algarve7.pt\/index.php\/wp-json\/wp\/v2\/tags?post=44564"}],"curies":[{"name":"wp","href":"https:\/\/api.w.org\/{rel}","templated":true}]}}