{"id":44367,"date":"2024-11-15T12:17:49","date_gmt":"2024-11-15T12:17:49","guid":{"rendered":"https:\/\/algarve7.pt\/?p=44367"},"modified":"2024-11-15T12:17:51","modified_gmt":"2024-11-15T12:17:51","slug":"iii-encontro-transfronteirico-de-jovens-esta-a-decorrer-em-sevilha","status":"publish","type":"post","link":"https:\/\/algarve7.pt\/index.php\/2024\/11\/iii-encontro-transfronteirico-de-jovens-esta-a-decorrer-em-sevilha\/atualidade\/12\/17\/","title":{"rendered":"III Encontro Transfronteiri\u00e7o de Jovens est\u00e1 a decorrer em Sevilha"},"content":{"rendered":"\n<p><strong>Quinze jovens, um empres\u00e1rio e quatro autarcas constituem o contingente do Algarve \u00e0s jornadas da juventude ALENTEJO \u2013 ALGARVE &#8211; ANDALUZIA, promovidas pelo Conselho Andaluz do Movimento Europeu (CAME) e parceiros, realizadas este ano a 15 e 16 de novembro, em Sevilha.<\/strong><\/p>\n\n\n\n<p>As atividades iniciam no Consulado de Portugal em Sevilha, com a rece\u00e7\u00e3o de Cl\u00e1udia Boesch aos cinquenta jovens das tr\u00eas regi\u00f5es, que participar\u00e3o em grupos de trabalho, mesas redondas e outras iniciativas nesta terceira edi\u00e7\u00e3o do encontro, que j\u00e1 se realizou em anos anteriores em La R\u00e1bida e Castro Marim e em Vila Vi\u00e7osa.<\/p>\n\n\n\n<p>O objetivo \u00e9&nbsp;<strong>sensibilizar os jovens para o facto de fazerem parte de um espa\u00e7o transfronteiri\u00e7o onde podem desenvolver as suas compet\u00eancias aproveitando as sinergias&nbsp;<\/strong>oferecidas por esta singularidade territorial. Pretende-se tamb\u00e9m incentivar o empreendedorismo e a participa\u00e7\u00e3o nos assuntos p\u00fablicos, nomeadamente europeus.<\/p>\n\n\n\n<p>O tema deste ano centra-se na&nbsp;<strong>paz e na democracia na Europa<\/strong>, pelo que ser\u00e3o abordadas quest\u00f5es relacionadas com este t\u00f3pico, especialmente no que diz respeito ao papel da juventude face aos conflitos armados.<\/p>\n\n\n\n<p>Para al\u00e9m dos jovens, foram convidados v\u00e1rios atores das tr\u00eas regi\u00f5es incluindo empres\u00e1rios e representantes das autoridades locais da&nbsp;<strong>Euroregi\u00e3o Alentejo \u2013 Algarve \u2013 Andaluzia (EUROAAA)<\/strong>&nbsp;e dos munic\u00edpios BELC (Building Europe with Local Authorities).<\/p>\n\n\n\n<p>O programa inicia-se na sexta-feira, dia 15, \u00e0s 13h30, com uma&nbsp;<strong>confer\u00eancia inaugural<\/strong>&nbsp;proferida por Ana Ju\u00e1rez, da Dire\u00e7\u00e3o-Geral da Comiss\u00e3o Europeia, e Enric Millo, Secret\u00e1rio-Geral da A\u00e7\u00e3o Externa da Junta da Andaluzia.<\/p>\n\n\n\n<p>Ap\u00f3s um \u201cPorto de honra\u201d com produtos das tr\u00eas regi\u00f5es, segue-se a primeira ronda de trabalhos de grupo, sob o t\u00edtulo \u201c<strong>Responsabilidade social e competitividade, caminhos para a paz<\/strong>\u201d. Seguir-se-\u00e1 um passeio pela cidade anfitri\u00e3 e um jantar na pousada de juventude de Sevilha.<\/p>\n\n\n\n<p>No s\u00e1bado, a jornada deslocar-se-\u00e1 ao Colegio Mayor Hernando Col\u00f3n, onde se trabalhar\u00e1 sobre \u201c<strong>Democracia e Paz, valores fundamentais<\/strong>\u201d. Ap\u00f3s este trabalho de grupo, haver\u00e1 um debate sobre \u201c<strong>Europa, Quo Vadis?<\/strong>\u201d, seguido de um almo\u00e7o e da apresenta\u00e7\u00e3o das conclus\u00f5es, que dar\u00e1 lugar \u00e0 cerim\u00f3nia de encerramento com a participa\u00e7\u00e3o de representantes da Comiss\u00e3o Europeia e do Parlamento Europeu em Espanha e Portugal.<\/p>\n\n\n\n<p>Para al\u00e9m do CAME e da Junta de Andaluzia, colaboram neste projeto outras institui\u00e7\u00f5es de ambos os pa\u00edses, como os Europe Direct (Huelva, Algarve, Alentejo central e litoral, M\u00e1laga, C\u00f3rdoba e Sevilha), a Comiss\u00e3o de Coordena\u00e7\u00e3o e Desenvolvimento Regional (CCDR) do Algarve, os conselhos regionais de Huelva, C\u00f3rdoba e M\u00e1laga, a Universidade de Sevilha, o Conselho Andaluz da Juventude, o Ayuntamiento de Sevilha, a Ag\u00eancia de Desenvolvimento Regional do Alentejo (ADRAL), o Munic\u00edpio de Vila Vi\u00e7osa e a Associa\u00e7\u00e3o Cultural Lieva.<\/p>\n\n\n\n<p>O Conselho Andaluz do Movimento Europeu e todos os parceiros est\u00e3o empenhados para que o encontro traga mais e melhor conhecimento, reflex\u00e3o e debate entre os jovens dos dois pa\u00edses, e entre eles e os empres\u00e1rios e pol\u00edticos que participam, constituindo um momento de est\u00edmulo ao esp\u00edrito empreendedor, \u00e0 participa\u00e7\u00e3o, \u00e0 cidadania ativa, na defesa da democracia e da Paz na Europa.<\/p>\n","protected":false},"excerpt":{"rendered":"<p>Quinze jovens, um empres\u00e1rio e quatro autarcas constituem o contingente do Algarve \u00e0s jornadas da juventude ALENTEJO \u2013 ALGARVE &#8211;<\/p>\n","protected":false},"author":1,"featured_media":44368,"comment_status":"closed","ping_status":"closed","sticky":false,"template":"","format":"standard","meta":{"colormag_page_container_layout":"default_layout","colormag_page_sidebar_layout":"default_layout","_monsterinsights_skip_tracking":false,"_monsterinsights_sitenote_active":false,"_monsterinsights_sitenote_note":"","_monsterinsights_sitenote_category":0,"jetpack_post_was_ever_published":false,"_jetpack_newsletter_access":"","_jetpack_dont_email_post_to_subs":false,"_jetpack_newsletter_tier_id":0,"_jetpack_memberships_contains_paywalled_content":false,"_jetpack_memberships_contains_paid_content":false,"footnotes":"","jetpack_publicize_message":"","jetpack_publicize_feature_enabled":true,"jetpack_social_post_already_shared":true,"jetpack_social_options":{"image_generator_settings":{"template":"highway","default_image_id":0,"font":"","enabled":false},"version":2}},"categories":[11],"tags":[36,62,143,819,581],"class_list":["post-44367","post","type-post","status-publish","format-standard","has-post-thumbnail","hentry","category-atualidade","tag-algarve","tag-atualidade","tag-ccdr-algarve","tag-europe-direct-algarve","tag-eurorregiao"],"yoast_head":"<!-- This site is optimized with the Yoast SEO plugin v27.5 - https:\/\/yoast.com\/product\/yoast-seo-wordpress\/ -->\n<title>III Encontro Transfronteiri\u00e7o de Jovens est\u00e1 a decorrer em Sevilha - Algarve 7<\/title>\n<meta name=\"description\" content=\"III Encontro Transfronteiri\u00e7o de Jovens est\u00e1 a decorrer em Sevilha Atualidade\" \/>\n<meta name=\"robots\" content=\"index, follow, max-snippet:-1, max-image-preview:large, max-video-preview:-1\" \/>\n<link rel=\"canonical\" href=\"https:\/\/algarve7.pt\/index.php\/2024\/11\/iii-encontro-transfronteirico-de-jovens-esta-a-decorrer-em-sevilha\/atualidade\/12\/17\/\" \/>\n<meta property=\"og:locale\" content=\"pt_PT\" \/>\n<meta property=\"og:type\" content=\"article\" \/>\n<meta property=\"og:title\" content=\"III Encontro Transfronteiri\u00e7o de Jovens est\u00e1 a decorrer em Sevilha - Algarve 7\" \/>\n<meta property=\"og:description\" content=\"III Encontro Transfronteiri\u00e7o de Jovens est\u00e1 a decorrer em Sevilha Atualidade\" \/>\n<meta property=\"og:url\" content=\"https:\/\/algarve7.pt\/index.php\/2024\/11\/iii-encontro-transfronteirico-de-jovens-esta-a-decorrer-em-sevilha\/atualidade\/12\/17\/\" \/>\n<meta property=\"og:site_name\" content=\"Algarve 7\" \/>\n<meta property=\"article:publisher\" content=\"https:\/\/www.facebook.com\/algarve7\" \/>\n<meta property=\"article:author\" content=\"https:\/\/www.facebook.com\/algarve7\" \/>\n<meta property=\"article:published_time\" content=\"2024-11-15T12:17:49+00:00\" \/>\n<meta property=\"article:modified_time\" content=\"2024-11-15T12:17:51+00:00\" \/>\n<meta property=\"og:image\" content=\"https:\/\/algarve7.pt\/wp-content\/uploads\/2024\/11\/20241114_3Jornadas-da-Juventude_EuroAAA.jpeg\" \/>\n\t<meta property=\"og:image:width\" content=\"800\" \/>\n\t<meta property=\"og:image:height\" content=\"500\" \/>\n\t<meta property=\"og:image:type\" content=\"image\/jpeg\" \/>\n<meta name=\"author\" content=\"Algarve 7\" \/>\n<meta name=\"twitter:card\" content=\"summary_large_image\" \/>\n<meta name=\"twitter:creator\" content=\"@Algarvesete\" \/>\n<meta name=\"twitter:site\" content=\"@Algarvesete\" \/>\n<meta name=\"twitter:label1\" content=\"Escrito por\" \/>\n\t<meta name=\"twitter:data1\" content=\"Algarve 7\" \/>\n\t<meta name=\"twitter:label2\" content=\"Tempo estimado de leitura\" \/>\n\t<meta name=\"twitter:data2\" content=\"3 minutos\" \/>\n<script type=\"application\/ld+json\" class=\"yoast-schema-graph\">{\"@context\":\"https:\\\/\\\/schema.org\",\"@graph\":[{\"@type\":\"Article\",\"@id\":\"https:\\\/\\\/algarve7.pt\\\/index.php\\\/2024\\\/11\\\/iii-encontro-transfronteirico-de-jovens-esta-a-decorrer-em-sevilha\\\/atualidade\\\/12\\\/17\\\/#article\",\"isPartOf\":{\"@id\":\"https:\\\/\\\/algarve7.pt\\\/index.php\\\/2024\\\/11\\\/iii-encontro-transfronteirico-de-jovens-esta-a-decorrer-em-sevilha\\\/atualidade\\\/12\\\/17\\\/\"},\"author\":{\"name\":\"Algarve 7\",\"@id\":\"https:\\\/\\\/algarve7.pt\\\/#\\\/schema\\\/person\\\/23fa70681308e7b319a3204bcea45e0c\"},\"headline\":\"III Encontro Transfronteiri\u00e7o de Jovens est\u00e1 a decorrer em Sevilha\",\"datePublished\":\"2024-11-15T12:17:49+00:00\",\"dateModified\":\"2024-11-15T12:17:51+00:00\",\"mainEntityOfPage\":{\"@id\":\"https:\\\/\\\/algarve7.pt\\\/index.php\\\/2024\\\/11\\\/iii-encontro-transfronteirico-de-jovens-esta-a-decorrer-em-sevilha\\\/atualidade\\\/12\\\/17\\\/\"},\"wordCount\":564,\"publisher\":{\"@id\":\"https:\\\/\\\/algarve7.pt\\\/#organization\"},\"image\":{\"@id\":\"https:\\\/\\\/algarve7.pt\\\/index.php\\\/2024\\\/11\\\/iii-encontro-transfronteirico-de-jovens-esta-a-decorrer-em-sevilha\\\/atualidade\\\/12\\\/17\\\/#primaryimage\"},\"thumbnailUrl\":\"https:\\\/\\\/algarve7.pt\\\/wp-content\\\/uploads\\\/2024\\\/11\\\/20241114_3Jornadas-da-Juventude_EuroAAA.jpeg\",\"keywords\":[\"Algarve\",\"Atualidade\",\"CCDR Algarve\",\"Europe Direct Algarve\",\"Eurorregi\u00e3o\"],\"articleSection\":[\"Atualidade\"],\"inLanguage\":\"pt-PT\"},{\"@type\":\"WebPage\",\"@id\":\"https:\\\/\\\/algarve7.pt\\\/index.php\\\/2024\\\/11\\\/iii-encontro-transfronteirico-de-jovens-esta-a-decorrer-em-sevilha\\\/atualidade\\\/12\\\/17\\\/\",\"url\":\"https:\\\/\\\/algarve7.pt\\\/index.php\\\/2024\\\/11\\\/iii-encontro-transfronteirico-de-jovens-esta-a-decorrer-em-sevilha\\\/atualidade\\\/12\\\/17\\\/\",\"name\":\"III Encontro Transfronteiri\u00e7o de Jovens est\u00e1 a decorrer em Sevilha - Algarve 7\",\"isPartOf\":{\"@id\":\"https:\\\/\\\/algarve7.pt\\\/#website\"},\"primaryImageOfPage\":{\"@id\":\"https:\\\/\\\/algarve7.pt\\\/index.php\\\/2024\\\/11\\\/iii-encontro-transfronteirico-de-jovens-esta-a-decorrer-em-sevilha\\\/atualidade\\\/12\\\/17\\\/#primaryimage\"},\"image\":{\"@id\":\"https:\\\/\\\/algarve7.pt\\\/index.php\\\/2024\\\/11\\\/iii-encontro-transfronteirico-de-jovens-esta-a-decorrer-em-sevilha\\\/atualidade\\\/12\\\/17\\\/#primaryimage\"},\"thumbnailUrl\":\"https:\\\/\\\/algarve7.pt\\\/wp-content\\\/uploads\\\/2024\\\/11\\\/20241114_3Jornadas-da-Juventude_EuroAAA.jpeg\",\"datePublished\":\"2024-11-15T12:17:49+00:00\",\"dateModified\":\"2024-11-15T12:17:51+00:00\",\"description\":\"III Encontro Transfronteiri\u00e7o de Jovens est\u00e1 a decorrer em Sevilha Atualidade\",\"breadcrumb\":{\"@id\":\"https:\\\/\\\/algarve7.pt\\\/index.php\\\/2024\\\/11\\\/iii-encontro-transfronteirico-de-jovens-esta-a-decorrer-em-sevilha\\\/atualidade\\\/12\\\/17\\\/#breadcrumb\"},\"inLanguage\":\"pt-PT\",\"potentialAction\":[{\"@type\":\"ReadAction\",\"target\":[\"https:\\\/\\\/algarve7.pt\\\/index.php\\\/2024\\\/11\\\/iii-encontro-transfronteirico-de-jovens-esta-a-decorrer-em-sevilha\\\/atualidade\\\/12\\\/17\\\/\"]}]},{\"@type\":\"ImageObject\",\"inLanguage\":\"pt-PT\",\"@id\":\"https:\\\/\\\/algarve7.pt\\\/index.php\\\/2024\\\/11\\\/iii-encontro-transfronteirico-de-jovens-esta-a-decorrer-em-sevilha\\\/atualidade\\\/12\\\/17\\\/#primaryimage\",\"url\":\"https:\\\/\\\/algarve7.pt\\\/wp-content\\\/uploads\\\/2024\\\/11\\\/20241114_3Jornadas-da-Juventude_EuroAAA.jpeg\",\"contentUrl\":\"https:\\\/\\\/algarve7.pt\\\/wp-content\\\/uploads\\\/2024\\\/11\\\/20241114_3Jornadas-da-Juventude_EuroAAA.jpeg\",\"width\":800,\"height\":500},{\"@type\":\"BreadcrumbList\",\"@id\":\"https:\\\/\\\/algarve7.pt\\\/index.php\\\/2024\\\/11\\\/iii-encontro-transfronteirico-de-jovens-esta-a-decorrer-em-sevilha\\\/atualidade\\\/12\\\/17\\\/#breadcrumb\",\"itemListElement\":[{\"@type\":\"ListItem\",\"position\":1,\"name\":\"In\u00edcio\",\"item\":\"https:\\\/\\\/algarve7.pt\\\/\"},{\"@type\":\"ListItem\",\"position\":2,\"name\":\"III Encontro Transfronteiri\u00e7o de Jovens est\u00e1 a decorrer em Sevilha\"}]},{\"@type\":\"WebSite\",\"@id\":\"https:\\\/\\\/algarve7.pt\\\/#website\",\"url\":\"https:\\\/\\\/algarve7.pt\\\/\",\"name\":\"Algarve 7\",\"description\":\"Informa\u00e7\u00e3o sobre o Algarve\",\"publisher\":{\"@id\":\"https:\\\/\\\/algarve7.pt\\\/#organization\"},\"potentialAction\":[{\"@type\":\"SearchAction\",\"target\":{\"@type\":\"EntryPoint\",\"urlTemplate\":\"https:\\\/\\\/algarve7.pt\\\/?s={search_term_string}\"},\"query-input\":{\"@type\":\"PropertyValueSpecification\",\"valueRequired\":true,\"valueName\":\"search_term_string\"}}],\"inLanguage\":\"pt-PT\"},{\"@type\":\"Organization\",\"@id\":\"https:\\\/\\\/algarve7.pt\\\/#organization\",\"name\":\"Algarve 7\",\"url\":\"https:\\\/\\\/algarve7.pt\\\/\",\"logo\":{\"@type\":\"ImageObject\",\"inLanguage\":\"pt-PT\",\"@id\":\"https:\\\/\\\/algarve7.pt\\\/#\\\/schema\\\/logo\\\/image\\\/\",\"url\":\"https:\\\/\\\/algarve7.pt\\\/wp-content\\\/uploads\\\/2020\\\/10\\\/Logo-8.jpg\",\"contentUrl\":\"https:\\\/\\\/algarve7.pt\\\/wp-content\\\/uploads\\\/2020\\\/10\\\/Logo-8.jpg\",\"width\":1680,\"height\":1186,\"caption\":\"Algarve 7\"},\"image\":{\"@id\":\"https:\\\/\\\/algarve7.pt\\\/#\\\/schema\\\/logo\\\/image\\\/\"},\"sameAs\":[\"https:\\\/\\\/www.facebook.com\\\/algarve7\",\"https:\\\/\\\/x.com\\\/Algarvesete\",\"https:\\\/\\\/www.instagram.com\\\/jornalalgarve7\\\/\",\"https:\\\/\\\/www.linkedin.com\\\/company\\\/algarve7\",\"https:\\\/\\\/www.pinterest.pt\\\/geral0939\\\/_created\\\/\"]},{\"@type\":\"Person\",\"@id\":\"https:\\\/\\\/algarve7.pt\\\/#\\\/schema\\\/person\\\/23fa70681308e7b319a3204bcea45e0c\",\"name\":\"Algarve 7\",\"sameAs\":[\"https:\\\/\\\/algarve7.pt\",\"https:\\\/\\\/www.facebook.com\\\/algarve7\"],\"url\":\"https:\\\/\\\/algarve7.pt\\\/index.php\\\/author\\\/geralalgarve7-pt\\\/\"}]}<\/script>\n<!-- \/ Yoast SEO plugin. -->","yoast_head_json":{"title":"III Encontro Transfronteiri\u00e7o de Jovens est\u00e1 a decorrer em Sevilha - Algarve 7","description":"III Encontro Transfronteiri\u00e7o de Jovens est\u00e1 a decorrer em Sevilha Atualidade","robots":{"index":"index","follow":"follow","max-snippet":"max-snippet:-1","max-image-preview":"max-image-preview:large","max-video-preview":"max-video-preview:-1"},"canonical":"https:\/\/algarve7.pt\/index.php\/2024\/11\/iii-encontro-transfronteirico-de-jovens-esta-a-decorrer-em-sevilha\/atualidade\/12\/17\/","og_locale":"pt_PT","og_type":"article","og_title":"III Encontro Transfronteiri\u00e7o de Jovens est\u00e1 a decorrer em Sevilha - Algarve 7","og_description":"III Encontro Transfronteiri\u00e7o de Jovens est\u00e1 a decorrer em Sevilha Atualidade","og_url":"https:\/\/algarve7.pt\/index.php\/2024\/11\/iii-encontro-transfronteirico-de-jovens-esta-a-decorrer-em-sevilha\/atualidade\/12\/17\/","og_site_name":"Algarve 7","article_publisher":"https:\/\/www.facebook.com\/algarve7","article_author":"https:\/\/www.facebook.com\/algarve7","article_published_time":"2024-11-15T12:17:49+00:00","article_modified_time":"2024-11-15T12:17:51+00:00","og_image":[{"width":800,"height":500,"url":"https:\/\/algarve7.pt\/wp-content\/uploads\/2024\/11\/20241114_3Jornadas-da-Juventude_EuroAAA.jpeg","type":"image\/jpeg"}],"author":"Algarve 7","twitter_card":"summary_large_image","twitter_creator":"@Algarvesete","twitter_site":"@Algarvesete","twitter_misc":{"Escrito por":"Algarve 7","Tempo estimado de leitura":"3 minutos"},"schema":{"@context":"https:\/\/schema.org","@graph":[{"@type":"Article","@id":"https:\/\/algarve7.pt\/index.php\/2024\/11\/iii-encontro-transfronteirico-de-jovens-esta-a-decorrer-em-sevilha\/atualidade\/12\/17\/#article","isPartOf":{"@id":"https:\/\/algarve7.pt\/index.php\/2024\/11\/iii-encontro-transfronteirico-de-jovens-esta-a-decorrer-em-sevilha\/atualidade\/12\/17\/"},"author":{"name":"Algarve 7","@id":"https:\/\/algarve7.pt\/#\/schema\/person\/23fa70681308e7b319a3204bcea45e0c"},"headline":"III Encontro Transfronteiri\u00e7o de Jovens est\u00e1 a decorrer em Sevilha","datePublished":"2024-11-15T12:17:49+00:00","dateModified":"2024-11-15T12:17:51+00:00","mainEntityOfPage":{"@id":"https:\/\/algarve7.pt\/index.php\/2024\/11\/iii-encontro-transfronteirico-de-jovens-esta-a-decorrer-em-sevilha\/atualidade\/12\/17\/"},"wordCount":564,"publisher":{"@id":"https:\/\/algarve7.pt\/#organization"},"image":{"@id":"https:\/\/algarve7.pt\/index.php\/2024\/11\/iii-encontro-transfronteirico-de-jovens-esta-a-decorrer-em-sevilha\/atualidade\/12\/17\/#primaryimage"},"thumbnailUrl":"https:\/\/algarve7.pt\/wp-content\/uploads\/2024\/11\/20241114_3Jornadas-da-Juventude_EuroAAA.jpeg","keywords":["Algarve","Atualidade","CCDR Algarve","Europe Direct Algarve","Eurorregi\u00e3o"],"articleSection":["Atualidade"],"inLanguage":"pt-PT"},{"@type":"WebPage","@id":"https:\/\/algarve7.pt\/index.php\/2024\/11\/iii-encontro-transfronteirico-de-jovens-esta-a-decorrer-em-sevilha\/atualidade\/12\/17\/","url":"https:\/\/algarve7.pt\/index.php\/2024\/11\/iii-encontro-transfronteirico-de-jovens-esta-a-decorrer-em-sevilha\/atualidade\/12\/17\/","name":"III Encontro Transfronteiri\u00e7o de Jovens est\u00e1 a decorrer em Sevilha - Algarve 7","isPartOf":{"@id":"https:\/\/algarve7.pt\/#website"},"primaryImageOfPage":{"@id":"https:\/\/algarve7.pt\/index.php\/2024\/11\/iii-encontro-transfronteirico-de-jovens-esta-a-decorrer-em-sevilha\/atualidade\/12\/17\/#primaryimage"},"image":{"@id":"https:\/\/algarve7.pt\/index.php\/2024\/11\/iii-encontro-transfronteirico-de-jovens-esta-a-decorrer-em-sevilha\/atualidade\/12\/17\/#primaryimage"},"thumbnailUrl":"https:\/\/algarve7.pt\/wp-content\/uploads\/2024\/11\/20241114_3Jornadas-da-Juventude_EuroAAA.jpeg","datePublished":"2024-11-15T12:17:49+00:00","dateModified":"2024-11-15T12:17:51+00:00","description":"III Encontro Transfronteiri\u00e7o de Jovens est\u00e1 a decorrer em Sevilha Atualidade","breadcrumb":{"@id":"https:\/\/algarve7.pt\/index.php\/2024\/11\/iii-encontro-transfronteirico-de-jovens-esta-a-decorrer-em-sevilha\/atualidade\/12\/17\/#breadcrumb"},"inLanguage":"pt-PT","potentialAction":[{"@type":"ReadAction","target":["https:\/\/algarve7.pt\/index.php\/2024\/11\/iii-encontro-transfronteirico-de-jovens-esta-a-decorrer-em-sevilha\/atualidade\/12\/17\/"]}]},{"@type":"ImageObject","inLanguage":"pt-PT","@id":"https:\/\/algarve7.pt\/index.php\/2024\/11\/iii-encontro-transfronteirico-de-jovens-esta-a-decorrer-em-sevilha\/atualidade\/12\/17\/#primaryimage","url":"https:\/\/algarve7.pt\/wp-content\/uploads\/2024\/11\/20241114_3Jornadas-da-Juventude_EuroAAA.jpeg","contentUrl":"https:\/\/algarve7.pt\/wp-content\/uploads\/2024\/11\/20241114_3Jornadas-da-Juventude_EuroAAA.jpeg","width":800,"height":500},{"@type":"BreadcrumbList","@id":"https:\/\/algarve7.pt\/index.php\/2024\/11\/iii-encontro-transfronteirico-de-jovens-esta-a-decorrer-em-sevilha\/atualidade\/12\/17\/#breadcrumb","itemListElement":[{"@type":"ListItem","position":1,"name":"In\u00edcio","item":"https:\/\/algarve7.pt\/"},{"@type":"ListItem","position":2,"name":"III Encontro Transfronteiri\u00e7o de Jovens est\u00e1 a decorrer em Sevilha"}]},{"@type":"WebSite","@id":"https:\/\/algarve7.pt\/#website","url":"https:\/\/algarve7.pt\/","name":"Algarve 7","description":"Informa\u00e7\u00e3o sobre o Algarve","publisher":{"@id":"https:\/\/algarve7.pt\/#organization"},"potentialAction":[{"@type":"SearchAction","target":{"@type":"EntryPoint","urlTemplate":"https:\/\/algarve7.pt\/?s={search_term_string}"},"query-input":{"@type":"PropertyValueSpecification","valueRequired":true,"valueName":"search_term_string"}}],"inLanguage":"pt-PT"},{"@type":"Organization","@id":"https:\/\/algarve7.pt\/#organization","name":"Algarve 7","url":"https:\/\/algarve7.pt\/","logo":{"@type":"ImageObject","inLanguage":"pt-PT","@id":"https:\/\/algarve7.pt\/#\/schema\/logo\/image\/","url":"https:\/\/algarve7.pt\/wp-content\/uploads\/2020\/10\/Logo-8.jpg","contentUrl":"https:\/\/algarve7.pt\/wp-content\/uploads\/2020\/10\/Logo-8.jpg","width":1680,"height":1186,"caption":"Algarve 7"},"image":{"@id":"https:\/\/algarve7.pt\/#\/schema\/logo\/image\/"},"sameAs":["https:\/\/www.facebook.com\/algarve7","https:\/\/x.com\/Algarvesete","https:\/\/www.instagram.com\/jornalalgarve7\/","https:\/\/www.linkedin.com\/company\/algarve7","https:\/\/www.pinterest.pt\/geral0939\/_created\/"]},{"@type":"Person","@id":"https:\/\/algarve7.pt\/#\/schema\/person\/23fa70681308e7b319a3204bcea45e0c","name":"Algarve 7","sameAs":["https:\/\/algarve7.pt","https:\/\/www.facebook.com\/algarve7"],"url":"https:\/\/algarve7.pt\/index.php\/author\/geralalgarve7-pt\/"}]}},"jetpack_publicize_connections":[],"jetpack_featured_media_url":"https:\/\/algarve7.pt\/wp-content\/uploads\/2024\/11\/20241114_3Jornadas-da-Juventude_EuroAAA.jpeg","jetpack_shortlink":"https:\/\/wp.me\/pcezmW-bxB","jetpack_sharing_enabled":true,"_links":{"self":[{"href":"https:\/\/algarve7.pt\/index.php\/wp-json\/wp\/v2\/posts\/44367","targetHints":{"allow":["GET"]}}],"collection":[{"href":"https:\/\/algarve7.pt\/index.php\/wp-json\/wp\/v2\/posts"}],"about":[{"href":"https:\/\/algarve7.pt\/index.php\/wp-json\/wp\/v2\/types\/post"}],"author":[{"embeddable":true,"href":"https:\/\/algarve7.pt\/index.php\/wp-json\/wp\/v2\/users\/1"}],"replies":[{"embeddable":true,"href":"https:\/\/algarve7.pt\/index.php\/wp-json\/wp\/v2\/comments?post=44367"}],"version-history":[{"count":0,"href":"https:\/\/algarve7.pt\/index.php\/wp-json\/wp\/v2\/posts\/44367\/revisions"}],"wp:featuredmedia":[{"embeddable":true,"href":"https:\/\/algarve7.pt\/index.php\/wp-json\/wp\/v2\/media\/44368"}],"wp:attachment":[{"href":"https:\/\/algarve7.pt\/index.php\/wp-json\/wp\/v2\/media?parent=44367"}],"wp:term":[{"taxonomy":"category","embeddable":true,"href":"https:\/\/algarve7.pt\/index.php\/wp-json\/wp\/v2\/categories?post=44367"},{"taxonomy":"post_tag","embeddable":true,"href":"https:\/\/algarve7.pt\/index.php\/wp-json\/wp\/v2\/tags?post=44367"}],"curies":[{"name":"wp","href":"https:\/\/api.w.org\/{rel}","templated":true}]}}