{"id":4435,"date":"2020-12-09T11:55:00","date_gmt":"2020-12-09T11:55:00","guid":{"rendered":"https:\/\/algarve7.pt\/?p=4435"},"modified":"2020-12-09T11:27:26","modified_gmt":"2020-12-09T11:27:26","slug":"campanha-ao-volante-o-telemovel-pode-esperar","status":"publish","type":"post","link":"https:\/\/algarve7.pt\/index.php\/2020\/12\/campanha-ao-volante-o-telemovel-pode-esperar\/atualidade\/11\/55\/","title":{"rendered":"Campanha \u201cAo volante, o telem\u00f3vel pode esperar\u201d"},"content":{"rendered":"\n<p>A Autoridade Nacional de Seguran\u00e7a Rodovi\u00e1ria (ANSR), a Guarda Nacional Republicana (GNR) e a Pol\u00edcia de Seguran\u00e7a P\u00fablica (PSP) lan\u00e7am amanh\u00e3, dia 10 de dezembro, a Campanha de Seguran\u00e7a Rodovi\u00e1ria \u201cAo volante, o telem\u00f3vel pode esperar\u201d, inserida no Plano Nacional de Fiscaliza\u00e7\u00e3o de 2020.<\/p>\n\n\n\n<p>A decorrer entre os dias 10 e 14 de dezembro, a campanha tem como objetivo alertar os condutores para as consequ\u00eancias negativas e mesmo fatais do uso do telem\u00f3vel durante a condu\u00e7\u00e3o.<\/p>\n\n\n\n<p>A campanha integrar\u00e1:<\/p>\n\n\n\n<p>\u00b7&nbsp;&nbsp;&nbsp;&nbsp;&nbsp;&nbsp;&nbsp;&nbsp;&nbsp;A\u00e7\u00f5es de sensibiliza\u00e7\u00e3o da ANSR;<\/p>\n\n\n\n<p>\u00b7&nbsp;&nbsp;&nbsp;&nbsp;&nbsp;&nbsp;&nbsp;&nbsp;&nbsp;Opera\u00e7\u00f5es de fiscaliza\u00e7\u00e3o, pela GNR e pela PSP, com especial incid\u00eancia para vias e acessos com elevado fluxo rodovi\u00e1rio, de forma a contribuir para a diminui\u00e7\u00e3o do risco de ocorr\u00eancia de acidentes e para a ado\u00e7\u00e3o de comportamentos mais seguros por parte dos condutores no que tange \u00e0 utiliza\u00e7\u00e3o de aparelhos eletr\u00f3nicos.<\/p>\n\n\n\n<p>As a\u00e7\u00f5es de sensibiliza\u00e7\u00e3o ocorrer\u00e3o em simult\u00e2neo com opera\u00e7\u00f5es de fiscaliza\u00e7\u00e3o nas seguintes localidades:<\/p>\n\n\n\n<p>\u00b7&nbsp;&nbsp;&nbsp;&nbsp;&nbsp;&nbsp;&nbsp;&nbsp;&nbsp;Dia 10 de dezembro:<\/p>\n\n\n\n<p>\u00d8&nbsp;&nbsp;A5, Lisboa\/Cascais, sa\u00edda S\u00e3o Domingos de Rana<\/p>\n\n\n\n<p>\u00d8\u00a0\u00a0<strong>Aeroporto de Faro<\/strong><\/p>\n\n\n\n<p>\u00d8\u00a0\u00a0<strong>Rotunda EN125\/EN396, Loul\u00e9<\/strong><\/p>\n\n\n\n<p>\u00b7&nbsp;&nbsp;&nbsp;&nbsp;&nbsp;&nbsp;&nbsp;&nbsp;&nbsp;Dia 11 de dezembro:<\/p>\n\n\n\n<p>\u00d8&nbsp;&nbsp;Rotunda da For\u00e7a A\u00e9rea, Beja<\/p>\n\n\n\n<p>\u00d8&nbsp;&nbsp;Rossio de S\u00e3o Br\u00e1s, \u00c9vora<\/p>\n\n\n\n<p>\u00b7&nbsp;&nbsp;&nbsp;&nbsp;&nbsp;&nbsp;&nbsp;&nbsp;&nbsp;Dia 14 de dezembro:<\/p>\n\n\n\n<p>\u00d8&nbsp;&nbsp;Circular Externa, Montijo<\/p>\n\n\n\n<p>A ANSR, a GNR e a PSP relembram que o uso do telem\u00f3vel ao volante \u00e9 perigoso e apelam a todos que evitem este comportamento:<\/p>\n\n\n\n<p><a>\u00b7&nbsp;&nbsp;&nbsp;&nbsp;&nbsp;&nbsp;&nbsp;&nbsp;&nbsp;<em>A utiliza\u00e7\u00e3o do telem\u00f3vel, durante a condu\u00e7\u00e3o, aumenta 4 vezes o risco de ocorr\u00eancia de acidente de via\u00e7\u00e3o;<\/em><\/a><\/p>\n\n\n\n<p>\u00b7&nbsp;&nbsp;&nbsp;&nbsp;&nbsp;&nbsp;&nbsp;&nbsp;&nbsp;<em>A distra\u00e7\u00e3o ocorre quando duas tarefas mentais, conduzir e utilizar o telem\u00f3vel, s\u00e3o executadas ao mesmo tempo o que provoca lapsos de aten\u00e7\u00e3o e erros de avalia\u00e7\u00e3o;<\/em><\/p>\n\n\n\n<p>\u00b7&nbsp;&nbsp;&nbsp;&nbsp;&nbsp;&nbsp;&nbsp;&nbsp;&nbsp;<em>O uso de aparelhos eletr\u00f3nicos durante a condu\u00e7\u00e3o causa dificuldade na interpreta\u00e7\u00e3o da sinaliza\u00e7\u00e3o e desrespeito das regras de ced\u00eancia de passagem, designadamente em rela\u00e7\u00e3o aos pe\u00f5es.<\/em><\/p>\n\n\n\n<p>O Plano Nacional de Fiscaliza\u00e7\u00e3o, enquadrado no Plano Estrat\u00e9gico Nacional de Seguran\u00e7a Rodovi\u00e1ria \u2013 PENSE 2020, o qual tem como des\u00edgnio \u201c<em>Tornar a Seguran\u00e7a Rodovi\u00e1ria uma prioridade para todos os Portugueses<\/em>\u201d, prev\u00ea a realiza\u00e7\u00e3o de campanhas de sensibiliza\u00e7\u00e3o em simult\u00e2neo com opera\u00e7\u00f5es de fiscaliza\u00e7\u00e3o em locais onde ocorrem regularmente infra\u00e7\u00f5es que representam um risco acrescido para a ocorr\u00eancia de acidentes.<\/p>\n\n\n\n<p>A sinistralidade rodovi\u00e1ria n\u00e3o \u00e9 uma fatalidade e as suas consequ\u00eancias mais graves podem ser evitadas atrav\u00e9s da ado\u00e7\u00e3o de comportamentos seguros na estrada.<\/p>\n","protected":false},"excerpt":{"rendered":"<p>A Autoridade Nacional de Seguran\u00e7a Rodovi\u00e1ria (ANSR), a Guarda Nacional Republicana (GNR) e a Pol\u00edcia de Seguran\u00e7a P\u00fablica (PSP) lan\u00e7am<\/p>\n","protected":false},"author":1,"featured_media":4436,"comment_status":"closed","ping_status":"open","sticky":false,"template":"","format":"standard","meta":{"colormag_page_container_layout":"default_layout","colormag_page_sidebar_layout":"default_layout","_monsterinsights_skip_tracking":false,"_monsterinsights_sitenote_active":false,"_monsterinsights_sitenote_note":"","_monsterinsights_sitenote_category":0,"jetpack_post_was_ever_published":false,"_jetpack_newsletter_access":"","_jetpack_dont_email_post_to_subs":false,"_jetpack_newsletter_tier_id":0,"_jetpack_memberships_contains_paywalled_content":false,"_jetpack_memberships_contains_paid_content":false,"footnotes":"","jetpack_publicize_message":"","jetpack_publicize_feature_enabled":true,"jetpack_social_post_already_shared":true,"jetpack_social_options":{"image_generator_settings":{"template":"highway","default_image_id":0,"font":"","enabled":false},"version":2}},"categories":[11],"tags":[62,140,98,185],"class_list":["post-4435","post","type-post","status-publish","format-standard","has-post-thumbnail","hentry","category-atualidade","tag-atualidade","tag-gnr","tag-nacional","tag-psp"],"yoast_head":"<!-- This site is optimized with the Yoast SEO plugin v27.5 - https:\/\/yoast.com\/product\/yoast-seo-wordpress\/ -->\n<title>Campanha \u201cAo volante, o telem\u00f3vel pode esperar\u201d - Algarve 7<\/title>\n<meta name=\"description\" content=\"Campanha \u201cAo volante, o telem\u00f3vel pode esperar\u201d Atualidade\" \/>\n<meta name=\"robots\" content=\"index, follow, max-snippet:-1, max-image-preview:large, max-video-preview:-1\" \/>\n<link rel=\"canonical\" href=\"https:\/\/algarve7.pt\/index.php\/2020\/12\/campanha-ao-volante-o-telemovel-pode-esperar\/atualidade\/11\/55\/\" \/>\n<meta property=\"og:locale\" content=\"pt_PT\" \/>\n<meta property=\"og:type\" content=\"article\" \/>\n<meta property=\"og:title\" content=\"Campanha \u201cAo volante, o telem\u00f3vel pode esperar\u201d - Algarve 7\" \/>\n<meta property=\"og:description\" content=\"Campanha \u201cAo volante, o telem\u00f3vel pode esperar\u201d Atualidade\" \/>\n<meta property=\"og:url\" content=\"https:\/\/algarve7.pt\/index.php\/2020\/12\/campanha-ao-volante-o-telemovel-pode-esperar\/atualidade\/11\/55\/\" \/>\n<meta property=\"og:site_name\" content=\"Algarve 7\" \/>\n<meta property=\"article:publisher\" content=\"https:\/\/www.facebook.com\/algarve7\" \/>\n<meta property=\"article:author\" content=\"https:\/\/www.facebook.com\/algarve7\" \/>\n<meta property=\"article:published_time\" content=\"2020-12-09T11:55:00+00:00\" \/>\n<meta property=\"og:image\" content=\"https:\/\/algarve7.pt\/wp-content\/uploads\/2020\/12\/img_757x4262014_10_06_19_02_33_409243.jpg\" \/>\n\t<meta property=\"og:image:width\" content=\"757\" \/>\n\t<meta property=\"og:image:height\" content=\"426\" \/>\n\t<meta property=\"og:image:type\" content=\"image\/jpeg\" \/>\n<meta name=\"author\" content=\"Algarve 7\" \/>\n<meta name=\"twitter:card\" content=\"summary_large_image\" \/>\n<meta name=\"twitter:creator\" content=\"@Algarvesete\" \/>\n<meta name=\"twitter:site\" content=\"@Algarvesete\" \/>\n<meta name=\"twitter:label1\" content=\"Escrito por\" \/>\n\t<meta name=\"twitter:data1\" content=\"Algarve 7\" \/>\n\t<meta name=\"twitter:label2\" content=\"Tempo estimado de leitura\" \/>\n\t<meta name=\"twitter:data2\" content=\"3 minutos\" \/>\n<script type=\"application\/ld+json\" class=\"yoast-schema-graph\">{\"@context\":\"https:\\\/\\\/schema.org\",\"@graph\":[{\"@type\":\"Article\",\"@id\":\"https:\\\/\\\/algarve7.pt\\\/index.php\\\/2020\\\/12\\\/campanha-ao-volante-o-telemovel-pode-esperar\\\/atualidade\\\/11\\\/55\\\/#article\",\"isPartOf\":{\"@id\":\"https:\\\/\\\/algarve7.pt\\\/index.php\\\/2020\\\/12\\\/campanha-ao-volante-o-telemovel-pode-esperar\\\/atualidade\\\/11\\\/55\\\/\"},\"author\":{\"name\":\"Algarve 7\",\"@id\":\"https:\\\/\\\/algarve7.pt\\\/#\\\/schema\\\/person\\\/23fa70681308e7b319a3204bcea45e0c\"},\"headline\":\"Campanha \u201cAo volante, o telem\u00f3vel pode esperar\u201d\",\"datePublished\":\"2020-12-09T11:55:00+00:00\",\"mainEntityOfPage\":{\"@id\":\"https:\\\/\\\/algarve7.pt\\\/index.php\\\/2020\\\/12\\\/campanha-ao-volante-o-telemovel-pode-esperar\\\/atualidade\\\/11\\\/55\\\/\"},\"wordCount\":519,\"publisher\":{\"@id\":\"https:\\\/\\\/algarve7.pt\\\/#organization\"},\"image\":{\"@id\":\"https:\\\/\\\/algarve7.pt\\\/index.php\\\/2020\\\/12\\\/campanha-ao-volante-o-telemovel-pode-esperar\\\/atualidade\\\/11\\\/55\\\/#primaryimage\"},\"thumbnailUrl\":\"https:\\\/\\\/algarve7.pt\\\/wp-content\\\/uploads\\\/2020\\\/12\\\/img_757x4262014_10_06_19_02_33_409243.jpg\",\"keywords\":[\"Atualidade\",\"GNR\",\"Nacional\",\"PSP\"],\"articleSection\":[\"Atualidade\"],\"inLanguage\":\"pt-PT\"},{\"@type\":\"WebPage\",\"@id\":\"https:\\\/\\\/algarve7.pt\\\/index.php\\\/2020\\\/12\\\/campanha-ao-volante-o-telemovel-pode-esperar\\\/atualidade\\\/11\\\/55\\\/\",\"url\":\"https:\\\/\\\/algarve7.pt\\\/index.php\\\/2020\\\/12\\\/campanha-ao-volante-o-telemovel-pode-esperar\\\/atualidade\\\/11\\\/55\\\/\",\"name\":\"Campanha \u201cAo volante, o telem\u00f3vel pode esperar\u201d - Algarve 7\",\"isPartOf\":{\"@id\":\"https:\\\/\\\/algarve7.pt\\\/#website\"},\"primaryImageOfPage\":{\"@id\":\"https:\\\/\\\/algarve7.pt\\\/index.php\\\/2020\\\/12\\\/campanha-ao-volante-o-telemovel-pode-esperar\\\/atualidade\\\/11\\\/55\\\/#primaryimage\"},\"image\":{\"@id\":\"https:\\\/\\\/algarve7.pt\\\/index.php\\\/2020\\\/12\\\/campanha-ao-volante-o-telemovel-pode-esperar\\\/atualidade\\\/11\\\/55\\\/#primaryimage\"},\"thumbnailUrl\":\"https:\\\/\\\/algarve7.pt\\\/wp-content\\\/uploads\\\/2020\\\/12\\\/img_757x4262014_10_06_19_02_33_409243.jpg\",\"datePublished\":\"2020-12-09T11:55:00+00:00\",\"description\":\"Campanha \u201cAo volante, o telem\u00f3vel pode esperar\u201d Atualidade\",\"breadcrumb\":{\"@id\":\"https:\\\/\\\/algarve7.pt\\\/index.php\\\/2020\\\/12\\\/campanha-ao-volante-o-telemovel-pode-esperar\\\/atualidade\\\/11\\\/55\\\/#breadcrumb\"},\"inLanguage\":\"pt-PT\",\"potentialAction\":[{\"@type\":\"ReadAction\",\"target\":[\"https:\\\/\\\/algarve7.pt\\\/index.php\\\/2020\\\/12\\\/campanha-ao-volante-o-telemovel-pode-esperar\\\/atualidade\\\/11\\\/55\\\/\"]}]},{\"@type\":\"ImageObject\",\"inLanguage\":\"pt-PT\",\"@id\":\"https:\\\/\\\/algarve7.pt\\\/index.php\\\/2020\\\/12\\\/campanha-ao-volante-o-telemovel-pode-esperar\\\/atualidade\\\/11\\\/55\\\/#primaryimage\",\"url\":\"https:\\\/\\\/algarve7.pt\\\/wp-content\\\/uploads\\\/2020\\\/12\\\/img_757x4262014_10_06_19_02_33_409243.jpg\",\"contentUrl\":\"https:\\\/\\\/algarve7.pt\\\/wp-content\\\/uploads\\\/2020\\\/12\\\/img_757x4262014_10_06_19_02_33_409243.jpg\",\"width\":757,\"height\":426},{\"@type\":\"BreadcrumbList\",\"@id\":\"https:\\\/\\\/algarve7.pt\\\/index.php\\\/2020\\\/12\\\/campanha-ao-volante-o-telemovel-pode-esperar\\\/atualidade\\\/11\\\/55\\\/#breadcrumb\",\"itemListElement\":[{\"@type\":\"ListItem\",\"position\":1,\"name\":\"In\u00edcio\",\"item\":\"https:\\\/\\\/algarve7.pt\\\/\"},{\"@type\":\"ListItem\",\"position\":2,\"name\":\"Campanha \u201cAo volante, o telem\u00f3vel pode esperar\u201d\"}]},{\"@type\":\"WebSite\",\"@id\":\"https:\\\/\\\/algarve7.pt\\\/#website\",\"url\":\"https:\\\/\\\/algarve7.pt\\\/\",\"name\":\"Algarve 7\",\"description\":\"Informa\u00e7\u00e3o sobre o Algarve\",\"publisher\":{\"@id\":\"https:\\\/\\\/algarve7.pt\\\/#organization\"},\"potentialAction\":[{\"@type\":\"SearchAction\",\"target\":{\"@type\":\"EntryPoint\",\"urlTemplate\":\"https:\\\/\\\/algarve7.pt\\\/?s={search_term_string}\"},\"query-input\":{\"@type\":\"PropertyValueSpecification\",\"valueRequired\":true,\"valueName\":\"search_term_string\"}}],\"inLanguage\":\"pt-PT\"},{\"@type\":\"Organization\",\"@id\":\"https:\\\/\\\/algarve7.pt\\\/#organization\",\"name\":\"Algarve 7\",\"url\":\"https:\\\/\\\/algarve7.pt\\\/\",\"logo\":{\"@type\":\"ImageObject\",\"inLanguage\":\"pt-PT\",\"@id\":\"https:\\\/\\\/algarve7.pt\\\/#\\\/schema\\\/logo\\\/image\\\/\",\"url\":\"https:\\\/\\\/algarve7.pt\\\/wp-content\\\/uploads\\\/2020\\\/10\\\/Logo-8.jpg\",\"contentUrl\":\"https:\\\/\\\/algarve7.pt\\\/wp-content\\\/uploads\\\/2020\\\/10\\\/Logo-8.jpg\",\"width\":1680,\"height\":1186,\"caption\":\"Algarve 7\"},\"image\":{\"@id\":\"https:\\\/\\\/algarve7.pt\\\/#\\\/schema\\\/logo\\\/image\\\/\"},\"sameAs\":[\"https:\\\/\\\/www.facebook.com\\\/algarve7\",\"https:\\\/\\\/x.com\\\/Algarvesete\",\"https:\\\/\\\/www.instagram.com\\\/jornalalgarve7\\\/\",\"https:\\\/\\\/www.linkedin.com\\\/company\\\/algarve7\",\"https:\\\/\\\/www.pinterest.pt\\\/geral0939\\\/_created\\\/\"]},{\"@type\":\"Person\",\"@id\":\"https:\\\/\\\/algarve7.pt\\\/#\\\/schema\\\/person\\\/23fa70681308e7b319a3204bcea45e0c\",\"name\":\"Algarve 7\",\"sameAs\":[\"https:\\\/\\\/algarve7.pt\",\"https:\\\/\\\/www.facebook.com\\\/algarve7\"],\"url\":\"https:\\\/\\\/algarve7.pt\\\/index.php\\\/author\\\/geralalgarve7-pt\\\/\"}]}<\/script>\n<!-- \/ Yoast SEO plugin. -->","yoast_head_json":{"title":"Campanha \u201cAo volante, o telem\u00f3vel pode esperar\u201d - Algarve 7","description":"Campanha \u201cAo volante, o telem\u00f3vel pode esperar\u201d Atualidade","robots":{"index":"index","follow":"follow","max-snippet":"max-snippet:-1","max-image-preview":"max-image-preview:large","max-video-preview":"max-video-preview:-1"},"canonical":"https:\/\/algarve7.pt\/index.php\/2020\/12\/campanha-ao-volante-o-telemovel-pode-esperar\/atualidade\/11\/55\/","og_locale":"pt_PT","og_type":"article","og_title":"Campanha \u201cAo volante, o telem\u00f3vel pode esperar\u201d - Algarve 7","og_description":"Campanha \u201cAo volante, o telem\u00f3vel pode esperar\u201d Atualidade","og_url":"https:\/\/algarve7.pt\/index.php\/2020\/12\/campanha-ao-volante-o-telemovel-pode-esperar\/atualidade\/11\/55\/","og_site_name":"Algarve 7","article_publisher":"https:\/\/www.facebook.com\/algarve7","article_author":"https:\/\/www.facebook.com\/algarve7","article_published_time":"2020-12-09T11:55:00+00:00","og_image":[{"width":757,"height":426,"url":"https:\/\/algarve7.pt\/wp-content\/uploads\/2020\/12\/img_757x4262014_10_06_19_02_33_409243.jpg","type":"image\/jpeg"}],"author":"Algarve 7","twitter_card":"summary_large_image","twitter_creator":"@Algarvesete","twitter_site":"@Algarvesete","twitter_misc":{"Escrito por":"Algarve 7","Tempo estimado de leitura":"3 minutos"},"schema":{"@context":"https:\/\/schema.org","@graph":[{"@type":"Article","@id":"https:\/\/algarve7.pt\/index.php\/2020\/12\/campanha-ao-volante-o-telemovel-pode-esperar\/atualidade\/11\/55\/#article","isPartOf":{"@id":"https:\/\/algarve7.pt\/index.php\/2020\/12\/campanha-ao-volante-o-telemovel-pode-esperar\/atualidade\/11\/55\/"},"author":{"name":"Algarve 7","@id":"https:\/\/algarve7.pt\/#\/schema\/person\/23fa70681308e7b319a3204bcea45e0c"},"headline":"Campanha \u201cAo volante, o telem\u00f3vel pode esperar\u201d","datePublished":"2020-12-09T11:55:00+00:00","mainEntityOfPage":{"@id":"https:\/\/algarve7.pt\/index.php\/2020\/12\/campanha-ao-volante-o-telemovel-pode-esperar\/atualidade\/11\/55\/"},"wordCount":519,"publisher":{"@id":"https:\/\/algarve7.pt\/#organization"},"image":{"@id":"https:\/\/algarve7.pt\/index.php\/2020\/12\/campanha-ao-volante-o-telemovel-pode-esperar\/atualidade\/11\/55\/#primaryimage"},"thumbnailUrl":"https:\/\/algarve7.pt\/wp-content\/uploads\/2020\/12\/img_757x4262014_10_06_19_02_33_409243.jpg","keywords":["Atualidade","GNR","Nacional","PSP"],"articleSection":["Atualidade"],"inLanguage":"pt-PT"},{"@type":"WebPage","@id":"https:\/\/algarve7.pt\/index.php\/2020\/12\/campanha-ao-volante-o-telemovel-pode-esperar\/atualidade\/11\/55\/","url":"https:\/\/algarve7.pt\/index.php\/2020\/12\/campanha-ao-volante-o-telemovel-pode-esperar\/atualidade\/11\/55\/","name":"Campanha \u201cAo volante, o telem\u00f3vel pode esperar\u201d - Algarve 7","isPartOf":{"@id":"https:\/\/algarve7.pt\/#website"},"primaryImageOfPage":{"@id":"https:\/\/algarve7.pt\/index.php\/2020\/12\/campanha-ao-volante-o-telemovel-pode-esperar\/atualidade\/11\/55\/#primaryimage"},"image":{"@id":"https:\/\/algarve7.pt\/index.php\/2020\/12\/campanha-ao-volante-o-telemovel-pode-esperar\/atualidade\/11\/55\/#primaryimage"},"thumbnailUrl":"https:\/\/algarve7.pt\/wp-content\/uploads\/2020\/12\/img_757x4262014_10_06_19_02_33_409243.jpg","datePublished":"2020-12-09T11:55:00+00:00","description":"Campanha \u201cAo volante, o telem\u00f3vel pode esperar\u201d Atualidade","breadcrumb":{"@id":"https:\/\/algarve7.pt\/index.php\/2020\/12\/campanha-ao-volante-o-telemovel-pode-esperar\/atualidade\/11\/55\/#breadcrumb"},"inLanguage":"pt-PT","potentialAction":[{"@type":"ReadAction","target":["https:\/\/algarve7.pt\/index.php\/2020\/12\/campanha-ao-volante-o-telemovel-pode-esperar\/atualidade\/11\/55\/"]}]},{"@type":"ImageObject","inLanguage":"pt-PT","@id":"https:\/\/algarve7.pt\/index.php\/2020\/12\/campanha-ao-volante-o-telemovel-pode-esperar\/atualidade\/11\/55\/#primaryimage","url":"https:\/\/algarve7.pt\/wp-content\/uploads\/2020\/12\/img_757x4262014_10_06_19_02_33_409243.jpg","contentUrl":"https:\/\/algarve7.pt\/wp-content\/uploads\/2020\/12\/img_757x4262014_10_06_19_02_33_409243.jpg","width":757,"height":426},{"@type":"BreadcrumbList","@id":"https:\/\/algarve7.pt\/index.php\/2020\/12\/campanha-ao-volante-o-telemovel-pode-esperar\/atualidade\/11\/55\/#breadcrumb","itemListElement":[{"@type":"ListItem","position":1,"name":"In\u00edcio","item":"https:\/\/algarve7.pt\/"},{"@type":"ListItem","position":2,"name":"Campanha \u201cAo volante, o telem\u00f3vel pode esperar\u201d"}]},{"@type":"WebSite","@id":"https:\/\/algarve7.pt\/#website","url":"https:\/\/algarve7.pt\/","name":"Algarve 7","description":"Informa\u00e7\u00e3o sobre o Algarve","publisher":{"@id":"https:\/\/algarve7.pt\/#organization"},"potentialAction":[{"@type":"SearchAction","target":{"@type":"EntryPoint","urlTemplate":"https:\/\/algarve7.pt\/?s={search_term_string}"},"query-input":{"@type":"PropertyValueSpecification","valueRequired":true,"valueName":"search_term_string"}}],"inLanguage":"pt-PT"},{"@type":"Organization","@id":"https:\/\/algarve7.pt\/#organization","name":"Algarve 7","url":"https:\/\/algarve7.pt\/","logo":{"@type":"ImageObject","inLanguage":"pt-PT","@id":"https:\/\/algarve7.pt\/#\/schema\/logo\/image\/","url":"https:\/\/algarve7.pt\/wp-content\/uploads\/2020\/10\/Logo-8.jpg","contentUrl":"https:\/\/algarve7.pt\/wp-content\/uploads\/2020\/10\/Logo-8.jpg","width":1680,"height":1186,"caption":"Algarve 7"},"image":{"@id":"https:\/\/algarve7.pt\/#\/schema\/logo\/image\/"},"sameAs":["https:\/\/www.facebook.com\/algarve7","https:\/\/x.com\/Algarvesete","https:\/\/www.instagram.com\/jornalalgarve7\/","https:\/\/www.linkedin.com\/company\/algarve7","https:\/\/www.pinterest.pt\/geral0939\/_created\/"]},{"@type":"Person","@id":"https:\/\/algarve7.pt\/#\/schema\/person\/23fa70681308e7b319a3204bcea45e0c","name":"Algarve 7","sameAs":["https:\/\/algarve7.pt","https:\/\/www.facebook.com\/algarve7"],"url":"https:\/\/algarve7.pt\/index.php\/author\/geralalgarve7-pt\/"}]}},"jetpack_publicize_connections":[],"jetpack_featured_media_url":"https:\/\/algarve7.pt\/wp-content\/uploads\/2020\/12\/img_757x4262014_10_06_19_02_33_409243.jpg","jetpack_shortlink":"https:\/\/wp.me\/pcezmW-19x","jetpack_sharing_enabled":true,"_links":{"self":[{"href":"https:\/\/algarve7.pt\/index.php\/wp-json\/wp\/v2\/posts\/4435","targetHints":{"allow":["GET"]}}],"collection":[{"href":"https:\/\/algarve7.pt\/index.php\/wp-json\/wp\/v2\/posts"}],"about":[{"href":"https:\/\/algarve7.pt\/index.php\/wp-json\/wp\/v2\/types\/post"}],"author":[{"embeddable":true,"href":"https:\/\/algarve7.pt\/index.php\/wp-json\/wp\/v2\/users\/1"}],"replies":[{"embeddable":true,"href":"https:\/\/algarve7.pt\/index.php\/wp-json\/wp\/v2\/comments?post=4435"}],"version-history":[{"count":0,"href":"https:\/\/algarve7.pt\/index.php\/wp-json\/wp\/v2\/posts\/4435\/revisions"}],"wp:featuredmedia":[{"embeddable":true,"href":"https:\/\/algarve7.pt\/index.php\/wp-json\/wp\/v2\/media\/4436"}],"wp:attachment":[{"href":"https:\/\/algarve7.pt\/index.php\/wp-json\/wp\/v2\/media?parent=4435"}],"wp:term":[{"taxonomy":"category","embeddable":true,"href":"https:\/\/algarve7.pt\/index.php\/wp-json\/wp\/v2\/categories?post=4435"},{"taxonomy":"post_tag","embeddable":true,"href":"https:\/\/algarve7.pt\/index.php\/wp-json\/wp\/v2\/tags?post=4435"}],"curies":[{"name":"wp","href":"https:\/\/api.w.org\/{rel}","templated":true}]}}