{"id":44302,"date":"2024-11-14T08:10:00","date_gmt":"2024-11-14T08:10:00","guid":{"rendered":"https:\/\/algarve7.pt\/?p=44302"},"modified":"2024-11-13T21:10:44","modified_gmt":"2024-11-13T21:10:44","slug":"loule-testa-procedimentos-de-evacuacao-em-contexto-escolar-em-caso-de-tsunami-em-quarteira","status":"publish","type":"post","link":"https:\/\/algarve7.pt\/index.php\/2024\/11\/loule-testa-procedimentos-de-evacuacao-em-contexto-escolar-em-caso-de-tsunami-em-quarteira\/ambiente\/08\/10\/","title":{"rendered":"Loul\u00e9 testa procedimentos de evacua\u00e7\u00e3o em contexto escolar em caso de tsunami em Quarteira"},"content":{"rendered":"\n<p>No passado dia 5 de novembro, \u00e0s 11h05, a Autoridade Nacional de Emerg\u00eancia e Prote\u00e7\u00e3o Civil promoveu o exerc\u00edcio p\u00fablico de \u00e2mbito nacional, denominado A TERRA TREME, coincidindo com o Dia Mundial de Sensibiliza\u00e7\u00e3o para o Risco de Tsunami. Neste sentido, o Servi\u00e7o Municipal de Prote\u00e7\u00e3o Civil de Loul\u00e9, em estreita articula\u00e7\u00e3o com Escola EB 2,3 do Agrupamento de Escolas D. Dinis em Quarteira, promoveu um exerc\u00edcio \u00e0 escala real de sismo seguido de tsunami.<\/p>\n\n\n\n<p>O exerc\u00edcio, que teve a colabora\u00e7\u00e3o do Instituto Superior T\u00e9cnico e contou tamb\u00e9m com a presen\u00e7a da Autoridade Mar\u00edtima, Guarda Nacional Republicana, Bombeiros Municipais de Loul\u00e9, Junta de Freguesia de Quarteira, Inframoura e comunidade escolar, envolveu cerca de 700 pessoas. Numa primeira fase, o exerc\u00edcio visou testar a prepara\u00e7\u00e3o da comunidade escolar para saber como agir, antes, durante e depois de um sismo, nomeadamente conhecendo as medidas preventivas e os comportamentos de autoprote\u00e7\u00e3o a adotar, procedendo, de seguida, \u00e0 evacua\u00e7\u00e3o das salas para os tr\u00eas pontos de encontro internos da escola.<\/p>\n\n\n\n<p>Ap\u00f3s os procedimentos, e decorridos alguns minutos, a viatura da Prote\u00e7\u00e3o Civil, com aux\u00edlio do sistema de som, deu o \u201cAlerta de Tsunami\u201d. Pela primeira vez, procedeu-se \u00e0 evacua\u00e7\u00e3o de um estabelecimento escolar em caso de tsunami, tendo toda a comunidade escolar seguido a sinal\u00e9tica instalada das rotas de evacua\u00e7\u00e3o em caso de tsunami, at\u00e9 ao ponto de encontro exterior.&nbsp;<\/p>\n\n\n\n<p>Esta iniciativa visou, por um lado, testar os procedimentos e articula\u00e7\u00e3o, quer da escola, quer ainda dos agentes de Prote\u00e7\u00e3o Civil e entidades envolvidas na evacua\u00e7\u00e3o, sendo de todo justific\u00e1vel, uma vez que a escola, localiza-se numa \u00e1rea inund\u00e1vel em caso de tsunami.&nbsp;<\/p>\n\n\n\n<p>Importa referir que este&nbsp;exerc\u00edcio se enquadra na&nbsp;<strong>Estrat\u00e9gia Nacional para uma Prote\u00e7\u00e3o Civil Preventiva 2030<\/strong><strong>&nbsp;(<\/strong><strong>Estrat\u00e9gia 2030<\/strong><strong>),&nbsp;<\/strong>no \u00e2mbito da resolu\u00e7\u00e3o n\u00ba 160\/2017 de 30 de outubro do Conselho de Ministros de 2021, a qual estipula que os munic\u00edpios devem promover a elabora\u00e7\u00e3o de Planos de Evacua\u00e7\u00e3o devido a tsunamis nas zonas costeiras. Por outro lado, ocorre ap\u00f3s a conclus\u00e3o da instala\u00e7\u00e3o de sinaliza\u00e7\u00e3o uniformizada de vias de evacua\u00e7\u00e3o face ao risco de tsunami e respetivos pontos de encontro, na freguesia de Quarteira, sendo a \u00fanica do Algarve com sinal\u00e9tica em toda a sua orla costeira.&nbsp;<\/p>\n\n\n\n<p>Ainda neste dia, durante a tarde, realizou-se o webin\u00e1rio \u201cTsunamis Estamos Preparados?\u201d, nas instala\u00e7\u00f5es do Servi\u00e7o Municipal de Loul\u00e9, promovido pelo programa \u201cEstudo em Casa\u201d do Minist\u00e9rio da Educa\u00e7\u00e3o. A sess\u00e3o teve como oradora convidada a professora catedr\u00e1tica Maria Ana Batista, que participou no exerc\u00edcio em Quarteira no per\u00edodo da manh\u00e3, constando a evid\u00eancia e o envolvimento desta iniciativa da Prote\u00e7\u00e3o Civil Municipal. Neste webin\u00e1rio participaram 196 intervenientes.&nbsp;<\/p>\n","protected":false},"excerpt":{"rendered":"<p>No passado dia 5 de novembro, \u00e0s 11h05, a Autoridade Nacional de Emerg\u00eancia e Prote\u00e7\u00e3o Civil promoveu o exerc\u00edcio p\u00fablico<\/p>\n","protected":false},"author":1,"featured_media":44303,"comment_status":"closed","ping_status":"closed","sticky":false,"template":"","format":"standard","meta":{"colormag_page_container_layout":"default_layout","colormag_page_sidebar_layout":"default_layout","_monsterinsights_skip_tracking":false,"_monsterinsights_sitenote_active":false,"_monsterinsights_sitenote_note":"","_monsterinsights_sitenote_category":0,"jetpack_post_was_ever_published":false,"_jetpack_newsletter_access":"","_jetpack_dont_email_post_to_subs":false,"_jetpack_newsletter_tier_id":0,"_jetpack_memberships_contains_paywalled_content":false,"_jetpack_memberships_contains_paid_content":false,"footnotes":"","jetpack_publicize_message":"","jetpack_publicize_feature_enabled":true,"jetpack_social_post_already_shared":true,"jetpack_social_options":{"image_generator_settings":{"template":"highway","default_image_id":0,"font":"","enabled":false},"version":2}},"categories":[5],"tags":[36,32,31,112],"class_list":["post-44302","post","type-post","status-publish","format-standard","has-post-thumbnail","hentry","category-ambiente","tag-algarve","tag-ambiente","tag-loule","tag-quarteira"],"yoast_head":"<!-- This site is optimized with the Yoast SEO plugin v27.4 - https:\/\/yoast.com\/product\/yoast-seo-wordpress\/ -->\n<title>Loul\u00e9 testa procedimentos de evacua\u00e7\u00e3o em contexto escolar em caso de tsunami em Quarteira - Algarve 7<\/title>\n<meta name=\"description\" content=\"Loul\u00e9 testa procedimentos de evacua\u00e7\u00e3o em contexto escolar em caso de tsunami em Quarteira Ambiente\" \/>\n<meta name=\"robots\" content=\"index, follow, max-snippet:-1, max-image-preview:large, max-video-preview:-1\" \/>\n<link rel=\"canonical\" href=\"https:\/\/algarve7.pt\/index.php\/2024\/11\/loule-testa-procedimentos-de-evacuacao-em-contexto-escolar-em-caso-de-tsunami-em-quarteira\/ambiente\/08\/10\/\" \/>\n<meta property=\"og:locale\" content=\"pt_PT\" \/>\n<meta property=\"og:type\" content=\"article\" \/>\n<meta property=\"og:title\" content=\"Loul\u00e9 testa procedimentos de evacua\u00e7\u00e3o em contexto escolar em caso de tsunami em Quarteira - Algarve 7\" \/>\n<meta property=\"og:description\" content=\"Loul\u00e9 testa procedimentos de evacua\u00e7\u00e3o em contexto escolar em caso de tsunami em Quarteira Ambiente\" \/>\n<meta property=\"og:url\" content=\"https:\/\/algarve7.pt\/index.php\/2024\/11\/loule-testa-procedimentos-de-evacuacao-em-contexto-escolar-em-caso-de-tsunami-em-quarteira\/ambiente\/08\/10\/\" \/>\n<meta property=\"og:site_name\" content=\"Algarve 7\" \/>\n<meta property=\"article:publisher\" content=\"https:\/\/www.facebook.com\/algarve7\" \/>\n<meta property=\"article:author\" content=\"https:\/\/www.facebook.com\/algarve7\" \/>\n<meta property=\"article:published_time\" content=\"2024-11-14T08:10:00+00:00\" \/>\n<meta property=\"og:image\" content=\"https:\/\/algarve7.pt\/wp-content\/uploads\/2024\/11\/Exercicio-Tsunami-4.jpg\" \/>\n\t<meta property=\"og:image:width\" content=\"800\" \/>\n\t<meta property=\"og:image:height\" content=\"500\" \/>\n\t<meta property=\"og:image:type\" content=\"image\/jpeg\" \/>\n<meta name=\"author\" content=\"Algarve 7\" \/>\n<meta name=\"twitter:card\" content=\"summary_large_image\" \/>\n<meta name=\"twitter:creator\" content=\"@Algarvesete\" \/>\n<meta name=\"twitter:site\" content=\"@Algarvesete\" \/>\n<meta name=\"twitter:label1\" content=\"Escrito por\" \/>\n\t<meta name=\"twitter:data1\" content=\"Algarve 7\" \/>\n\t<meta name=\"twitter:label2\" content=\"Tempo estimado de leitura\" \/>\n\t<meta name=\"twitter:data2\" content=\"3 minutos\" \/>\n<script type=\"application\/ld+json\" class=\"yoast-schema-graph\">{\"@context\":\"https:\\\/\\\/schema.org\",\"@graph\":[{\"@type\":\"Article\",\"@id\":\"https:\\\/\\\/algarve7.pt\\\/index.php\\\/2024\\\/11\\\/loule-testa-procedimentos-de-evacuacao-em-contexto-escolar-em-caso-de-tsunami-em-quarteira\\\/ambiente\\\/08\\\/10\\\/#article\",\"isPartOf\":{\"@id\":\"https:\\\/\\\/algarve7.pt\\\/index.php\\\/2024\\\/11\\\/loule-testa-procedimentos-de-evacuacao-em-contexto-escolar-em-caso-de-tsunami-em-quarteira\\\/ambiente\\\/08\\\/10\\\/\"},\"author\":{\"name\":\"Algarve 7\",\"@id\":\"https:\\\/\\\/algarve7.pt\\\/#\\\/schema\\\/person\\\/23fa70681308e7b319a3204bcea45e0c\"},\"headline\":\"Loul\u00e9 testa procedimentos de evacua\u00e7\u00e3o em contexto escolar em caso de tsunami em Quarteira\",\"datePublished\":\"2024-11-14T08:10:00+00:00\",\"mainEntityOfPage\":{\"@id\":\"https:\\\/\\\/algarve7.pt\\\/index.php\\\/2024\\\/11\\\/loule-testa-procedimentos-de-evacuacao-em-contexto-escolar-em-caso-de-tsunami-em-quarteira\\\/ambiente\\\/08\\\/10\\\/\"},\"wordCount\":502,\"publisher\":{\"@id\":\"https:\\\/\\\/algarve7.pt\\\/#organization\"},\"image\":{\"@id\":\"https:\\\/\\\/algarve7.pt\\\/index.php\\\/2024\\\/11\\\/loule-testa-procedimentos-de-evacuacao-em-contexto-escolar-em-caso-de-tsunami-em-quarteira\\\/ambiente\\\/08\\\/10\\\/#primaryimage\"},\"thumbnailUrl\":\"https:\\\/\\\/algarve7.pt\\\/wp-content\\\/uploads\\\/2024\\\/11\\\/Exercicio-Tsunami-4.jpg\",\"keywords\":[\"Algarve\",\"Ambiente\",\"Loul\u00e9\",\"Quarteira\"],\"articleSection\":[\"Ambiente\"],\"inLanguage\":\"pt-PT\"},{\"@type\":\"WebPage\",\"@id\":\"https:\\\/\\\/algarve7.pt\\\/index.php\\\/2024\\\/11\\\/loule-testa-procedimentos-de-evacuacao-em-contexto-escolar-em-caso-de-tsunami-em-quarteira\\\/ambiente\\\/08\\\/10\\\/\",\"url\":\"https:\\\/\\\/algarve7.pt\\\/index.php\\\/2024\\\/11\\\/loule-testa-procedimentos-de-evacuacao-em-contexto-escolar-em-caso-de-tsunami-em-quarteira\\\/ambiente\\\/08\\\/10\\\/\",\"name\":\"Loul\u00e9 testa procedimentos de evacua\u00e7\u00e3o em contexto escolar em caso de tsunami em Quarteira - Algarve 7\",\"isPartOf\":{\"@id\":\"https:\\\/\\\/algarve7.pt\\\/#website\"},\"primaryImageOfPage\":{\"@id\":\"https:\\\/\\\/algarve7.pt\\\/index.php\\\/2024\\\/11\\\/loule-testa-procedimentos-de-evacuacao-em-contexto-escolar-em-caso-de-tsunami-em-quarteira\\\/ambiente\\\/08\\\/10\\\/#primaryimage\"},\"image\":{\"@id\":\"https:\\\/\\\/algarve7.pt\\\/index.php\\\/2024\\\/11\\\/loule-testa-procedimentos-de-evacuacao-em-contexto-escolar-em-caso-de-tsunami-em-quarteira\\\/ambiente\\\/08\\\/10\\\/#primaryimage\"},\"thumbnailUrl\":\"https:\\\/\\\/algarve7.pt\\\/wp-content\\\/uploads\\\/2024\\\/11\\\/Exercicio-Tsunami-4.jpg\",\"datePublished\":\"2024-11-14T08:10:00+00:00\",\"description\":\"Loul\u00e9 testa procedimentos de evacua\u00e7\u00e3o em contexto escolar em caso de tsunami em Quarteira Ambiente\",\"breadcrumb\":{\"@id\":\"https:\\\/\\\/algarve7.pt\\\/index.php\\\/2024\\\/11\\\/loule-testa-procedimentos-de-evacuacao-em-contexto-escolar-em-caso-de-tsunami-em-quarteira\\\/ambiente\\\/08\\\/10\\\/#breadcrumb\"},\"inLanguage\":\"pt-PT\",\"potentialAction\":[{\"@type\":\"ReadAction\",\"target\":[\"https:\\\/\\\/algarve7.pt\\\/index.php\\\/2024\\\/11\\\/loule-testa-procedimentos-de-evacuacao-em-contexto-escolar-em-caso-de-tsunami-em-quarteira\\\/ambiente\\\/08\\\/10\\\/\"]}]},{\"@type\":\"ImageObject\",\"inLanguage\":\"pt-PT\",\"@id\":\"https:\\\/\\\/algarve7.pt\\\/index.php\\\/2024\\\/11\\\/loule-testa-procedimentos-de-evacuacao-em-contexto-escolar-em-caso-de-tsunami-em-quarteira\\\/ambiente\\\/08\\\/10\\\/#primaryimage\",\"url\":\"https:\\\/\\\/algarve7.pt\\\/wp-content\\\/uploads\\\/2024\\\/11\\\/Exercicio-Tsunami-4.jpg\",\"contentUrl\":\"https:\\\/\\\/algarve7.pt\\\/wp-content\\\/uploads\\\/2024\\\/11\\\/Exercicio-Tsunami-4.jpg\",\"width\":800,\"height\":500},{\"@type\":\"BreadcrumbList\",\"@id\":\"https:\\\/\\\/algarve7.pt\\\/index.php\\\/2024\\\/11\\\/loule-testa-procedimentos-de-evacuacao-em-contexto-escolar-em-caso-de-tsunami-em-quarteira\\\/ambiente\\\/08\\\/10\\\/#breadcrumb\",\"itemListElement\":[{\"@type\":\"ListItem\",\"position\":1,\"name\":\"In\u00edcio\",\"item\":\"https:\\\/\\\/algarve7.pt\\\/\"},{\"@type\":\"ListItem\",\"position\":2,\"name\":\"Loul\u00e9 testa procedimentos de evacua\u00e7\u00e3o em contexto escolar em caso de tsunami em Quarteira\"}]},{\"@type\":\"WebSite\",\"@id\":\"https:\\\/\\\/algarve7.pt\\\/#website\",\"url\":\"https:\\\/\\\/algarve7.pt\\\/\",\"name\":\"Algarve 7\",\"description\":\"Informa\u00e7\u00e3o sobre o Algarve\",\"publisher\":{\"@id\":\"https:\\\/\\\/algarve7.pt\\\/#organization\"},\"potentialAction\":[{\"@type\":\"SearchAction\",\"target\":{\"@type\":\"EntryPoint\",\"urlTemplate\":\"https:\\\/\\\/algarve7.pt\\\/?s={search_term_string}\"},\"query-input\":{\"@type\":\"PropertyValueSpecification\",\"valueRequired\":true,\"valueName\":\"search_term_string\"}}],\"inLanguage\":\"pt-PT\"},{\"@type\":\"Organization\",\"@id\":\"https:\\\/\\\/algarve7.pt\\\/#organization\",\"name\":\"Algarve 7\",\"url\":\"https:\\\/\\\/algarve7.pt\\\/\",\"logo\":{\"@type\":\"ImageObject\",\"inLanguage\":\"pt-PT\",\"@id\":\"https:\\\/\\\/algarve7.pt\\\/#\\\/schema\\\/logo\\\/image\\\/\",\"url\":\"https:\\\/\\\/algarve7.pt\\\/wp-content\\\/uploads\\\/2020\\\/10\\\/Logo-8.jpg\",\"contentUrl\":\"https:\\\/\\\/algarve7.pt\\\/wp-content\\\/uploads\\\/2020\\\/10\\\/Logo-8.jpg\",\"width\":1680,\"height\":1186,\"caption\":\"Algarve 7\"},\"image\":{\"@id\":\"https:\\\/\\\/algarve7.pt\\\/#\\\/schema\\\/logo\\\/image\\\/\"},\"sameAs\":[\"https:\\\/\\\/www.facebook.com\\\/algarve7\",\"https:\\\/\\\/x.com\\\/Algarvesete\",\"https:\\\/\\\/www.instagram.com\\\/jornalalgarve7\\\/\",\"https:\\\/\\\/www.linkedin.com\\\/company\\\/algarve7\",\"https:\\\/\\\/www.pinterest.pt\\\/geral0939\\\/_created\\\/\"]},{\"@type\":\"Person\",\"@id\":\"https:\\\/\\\/algarve7.pt\\\/#\\\/schema\\\/person\\\/23fa70681308e7b319a3204bcea45e0c\",\"name\":\"Algarve 7\",\"sameAs\":[\"https:\\\/\\\/algarve7.pt\",\"https:\\\/\\\/www.facebook.com\\\/algarve7\"],\"url\":\"https:\\\/\\\/algarve7.pt\\\/index.php\\\/author\\\/geralalgarve7-pt\\\/\"}]}<\/script>\n<!-- \/ Yoast SEO plugin. -->","yoast_head_json":{"title":"Loul\u00e9 testa procedimentos de evacua\u00e7\u00e3o em contexto escolar em caso de tsunami em Quarteira - Algarve 7","description":"Loul\u00e9 testa procedimentos de evacua\u00e7\u00e3o em contexto escolar em caso de tsunami em Quarteira Ambiente","robots":{"index":"index","follow":"follow","max-snippet":"max-snippet:-1","max-image-preview":"max-image-preview:large","max-video-preview":"max-video-preview:-1"},"canonical":"https:\/\/algarve7.pt\/index.php\/2024\/11\/loule-testa-procedimentos-de-evacuacao-em-contexto-escolar-em-caso-de-tsunami-em-quarteira\/ambiente\/08\/10\/","og_locale":"pt_PT","og_type":"article","og_title":"Loul\u00e9 testa procedimentos de evacua\u00e7\u00e3o em contexto escolar em caso de tsunami em Quarteira - Algarve 7","og_description":"Loul\u00e9 testa procedimentos de evacua\u00e7\u00e3o em contexto escolar em caso de tsunami em Quarteira Ambiente","og_url":"https:\/\/algarve7.pt\/index.php\/2024\/11\/loule-testa-procedimentos-de-evacuacao-em-contexto-escolar-em-caso-de-tsunami-em-quarteira\/ambiente\/08\/10\/","og_site_name":"Algarve 7","article_publisher":"https:\/\/www.facebook.com\/algarve7","article_author":"https:\/\/www.facebook.com\/algarve7","article_published_time":"2024-11-14T08:10:00+00:00","og_image":[{"width":800,"height":500,"url":"https:\/\/algarve7.pt\/wp-content\/uploads\/2024\/11\/Exercicio-Tsunami-4.jpg","type":"image\/jpeg"}],"author":"Algarve 7","twitter_card":"summary_large_image","twitter_creator":"@Algarvesete","twitter_site":"@Algarvesete","twitter_misc":{"Escrito por":"Algarve 7","Tempo estimado de leitura":"3 minutos"},"schema":{"@context":"https:\/\/schema.org","@graph":[{"@type":"Article","@id":"https:\/\/algarve7.pt\/index.php\/2024\/11\/loule-testa-procedimentos-de-evacuacao-em-contexto-escolar-em-caso-de-tsunami-em-quarteira\/ambiente\/08\/10\/#article","isPartOf":{"@id":"https:\/\/algarve7.pt\/index.php\/2024\/11\/loule-testa-procedimentos-de-evacuacao-em-contexto-escolar-em-caso-de-tsunami-em-quarteira\/ambiente\/08\/10\/"},"author":{"name":"Algarve 7","@id":"https:\/\/algarve7.pt\/#\/schema\/person\/23fa70681308e7b319a3204bcea45e0c"},"headline":"Loul\u00e9 testa procedimentos de evacua\u00e7\u00e3o em contexto escolar em caso de tsunami em Quarteira","datePublished":"2024-11-14T08:10:00+00:00","mainEntityOfPage":{"@id":"https:\/\/algarve7.pt\/index.php\/2024\/11\/loule-testa-procedimentos-de-evacuacao-em-contexto-escolar-em-caso-de-tsunami-em-quarteira\/ambiente\/08\/10\/"},"wordCount":502,"publisher":{"@id":"https:\/\/algarve7.pt\/#organization"},"image":{"@id":"https:\/\/algarve7.pt\/index.php\/2024\/11\/loule-testa-procedimentos-de-evacuacao-em-contexto-escolar-em-caso-de-tsunami-em-quarteira\/ambiente\/08\/10\/#primaryimage"},"thumbnailUrl":"https:\/\/algarve7.pt\/wp-content\/uploads\/2024\/11\/Exercicio-Tsunami-4.jpg","keywords":["Algarve","Ambiente","Loul\u00e9","Quarteira"],"articleSection":["Ambiente"],"inLanguage":"pt-PT"},{"@type":"WebPage","@id":"https:\/\/algarve7.pt\/index.php\/2024\/11\/loule-testa-procedimentos-de-evacuacao-em-contexto-escolar-em-caso-de-tsunami-em-quarteira\/ambiente\/08\/10\/","url":"https:\/\/algarve7.pt\/index.php\/2024\/11\/loule-testa-procedimentos-de-evacuacao-em-contexto-escolar-em-caso-de-tsunami-em-quarteira\/ambiente\/08\/10\/","name":"Loul\u00e9 testa procedimentos de evacua\u00e7\u00e3o em contexto escolar em caso de tsunami em Quarteira - Algarve 7","isPartOf":{"@id":"https:\/\/algarve7.pt\/#website"},"primaryImageOfPage":{"@id":"https:\/\/algarve7.pt\/index.php\/2024\/11\/loule-testa-procedimentos-de-evacuacao-em-contexto-escolar-em-caso-de-tsunami-em-quarteira\/ambiente\/08\/10\/#primaryimage"},"image":{"@id":"https:\/\/algarve7.pt\/index.php\/2024\/11\/loule-testa-procedimentos-de-evacuacao-em-contexto-escolar-em-caso-de-tsunami-em-quarteira\/ambiente\/08\/10\/#primaryimage"},"thumbnailUrl":"https:\/\/algarve7.pt\/wp-content\/uploads\/2024\/11\/Exercicio-Tsunami-4.jpg","datePublished":"2024-11-14T08:10:00+00:00","description":"Loul\u00e9 testa procedimentos de evacua\u00e7\u00e3o em contexto escolar em caso de tsunami em Quarteira Ambiente","breadcrumb":{"@id":"https:\/\/algarve7.pt\/index.php\/2024\/11\/loule-testa-procedimentos-de-evacuacao-em-contexto-escolar-em-caso-de-tsunami-em-quarteira\/ambiente\/08\/10\/#breadcrumb"},"inLanguage":"pt-PT","potentialAction":[{"@type":"ReadAction","target":["https:\/\/algarve7.pt\/index.php\/2024\/11\/loule-testa-procedimentos-de-evacuacao-em-contexto-escolar-em-caso-de-tsunami-em-quarteira\/ambiente\/08\/10\/"]}]},{"@type":"ImageObject","inLanguage":"pt-PT","@id":"https:\/\/algarve7.pt\/index.php\/2024\/11\/loule-testa-procedimentos-de-evacuacao-em-contexto-escolar-em-caso-de-tsunami-em-quarteira\/ambiente\/08\/10\/#primaryimage","url":"https:\/\/algarve7.pt\/wp-content\/uploads\/2024\/11\/Exercicio-Tsunami-4.jpg","contentUrl":"https:\/\/algarve7.pt\/wp-content\/uploads\/2024\/11\/Exercicio-Tsunami-4.jpg","width":800,"height":500},{"@type":"BreadcrumbList","@id":"https:\/\/algarve7.pt\/index.php\/2024\/11\/loule-testa-procedimentos-de-evacuacao-em-contexto-escolar-em-caso-de-tsunami-em-quarteira\/ambiente\/08\/10\/#breadcrumb","itemListElement":[{"@type":"ListItem","position":1,"name":"In\u00edcio","item":"https:\/\/algarve7.pt\/"},{"@type":"ListItem","position":2,"name":"Loul\u00e9 testa procedimentos de evacua\u00e7\u00e3o em contexto escolar em caso de tsunami em Quarteira"}]},{"@type":"WebSite","@id":"https:\/\/algarve7.pt\/#website","url":"https:\/\/algarve7.pt\/","name":"Algarve 7","description":"Informa\u00e7\u00e3o sobre o Algarve","publisher":{"@id":"https:\/\/algarve7.pt\/#organization"},"potentialAction":[{"@type":"SearchAction","target":{"@type":"EntryPoint","urlTemplate":"https:\/\/algarve7.pt\/?s={search_term_string}"},"query-input":{"@type":"PropertyValueSpecification","valueRequired":true,"valueName":"search_term_string"}}],"inLanguage":"pt-PT"},{"@type":"Organization","@id":"https:\/\/algarve7.pt\/#organization","name":"Algarve 7","url":"https:\/\/algarve7.pt\/","logo":{"@type":"ImageObject","inLanguage":"pt-PT","@id":"https:\/\/algarve7.pt\/#\/schema\/logo\/image\/","url":"https:\/\/algarve7.pt\/wp-content\/uploads\/2020\/10\/Logo-8.jpg","contentUrl":"https:\/\/algarve7.pt\/wp-content\/uploads\/2020\/10\/Logo-8.jpg","width":1680,"height":1186,"caption":"Algarve 7"},"image":{"@id":"https:\/\/algarve7.pt\/#\/schema\/logo\/image\/"},"sameAs":["https:\/\/www.facebook.com\/algarve7","https:\/\/x.com\/Algarvesete","https:\/\/www.instagram.com\/jornalalgarve7\/","https:\/\/www.linkedin.com\/company\/algarve7","https:\/\/www.pinterest.pt\/geral0939\/_created\/"]},{"@type":"Person","@id":"https:\/\/algarve7.pt\/#\/schema\/person\/23fa70681308e7b319a3204bcea45e0c","name":"Algarve 7","sameAs":["https:\/\/algarve7.pt","https:\/\/www.facebook.com\/algarve7"],"url":"https:\/\/algarve7.pt\/index.php\/author\/geralalgarve7-pt\/"}]}},"jetpack_publicize_connections":[],"jetpack_featured_media_url":"https:\/\/algarve7.pt\/wp-content\/uploads\/2024\/11\/Exercicio-Tsunami-4.jpg","jetpack_shortlink":"https:\/\/wp.me\/pcezmW-bwy","jetpack_sharing_enabled":true,"_links":{"self":[{"href":"https:\/\/algarve7.pt\/index.php\/wp-json\/wp\/v2\/posts\/44302","targetHints":{"allow":["GET"]}}],"collection":[{"href":"https:\/\/algarve7.pt\/index.php\/wp-json\/wp\/v2\/posts"}],"about":[{"href":"https:\/\/algarve7.pt\/index.php\/wp-json\/wp\/v2\/types\/post"}],"author":[{"embeddable":true,"href":"https:\/\/algarve7.pt\/index.php\/wp-json\/wp\/v2\/users\/1"}],"replies":[{"embeddable":true,"href":"https:\/\/algarve7.pt\/index.php\/wp-json\/wp\/v2\/comments?post=44302"}],"version-history":[{"count":0,"href":"https:\/\/algarve7.pt\/index.php\/wp-json\/wp\/v2\/posts\/44302\/revisions"}],"wp:featuredmedia":[{"embeddable":true,"href":"https:\/\/algarve7.pt\/index.php\/wp-json\/wp\/v2\/media\/44303"}],"wp:attachment":[{"href":"https:\/\/algarve7.pt\/index.php\/wp-json\/wp\/v2\/media?parent=44302"}],"wp:term":[{"taxonomy":"category","embeddable":true,"href":"https:\/\/algarve7.pt\/index.php\/wp-json\/wp\/v2\/categories?post=44302"},{"taxonomy":"post_tag","embeddable":true,"href":"https:\/\/algarve7.pt\/index.php\/wp-json\/wp\/v2\/tags?post=44302"}],"curies":[{"name":"wp","href":"https:\/\/api.w.org\/{rel}","templated":true}]}}