{"id":44280,"date":"2024-11-13T09:05:00","date_gmt":"2024-11-13T09:05:00","guid":{"rendered":"https:\/\/algarve7.pt\/?p=44280"},"modified":"2024-11-12T16:51:19","modified_gmt":"2024-11-12T16:51:19","slug":"a-fortaleza-de-sagres-da-a-conhecer-um-projeto-de-sensibilizacao-ambiental-organiza-o-encontro-mulheres-e-liberdade","status":"publish","type":"post","link":"https:\/\/algarve7.pt\/index.php\/2024\/11\/a-fortaleza-de-sagres-da-a-conhecer-um-projeto-de-sensibilizacao-ambiental-organiza-o-encontro-mulheres-e-liberdade\/cultura\/09\/05\/","title":{"rendered":"A Fortaleza de Sagres d\u00e1 a conhecer um projeto de sensibiliza\u00e7\u00e3o ambiental, organiza o Encontro &#8220;Mulheres e Liberdade&#8221;\u00a0"},"content":{"rendered":"\n<p>No pr\u00f3ximo dia 15 de novembro a Fortaleza de Sagres d\u00e1 a conhecer um projeto de sensibiliza\u00e7\u00e3o ambiental alusivo \u00e0 planta camarinha. Trata-se de um projeto organizado pelo MARE &#8211; Centro de Ci\u00eancias do Mar e do Ambiente -, em que ser\u00e3o apresentados um conjunto de desenhos realizados por alunos que participaram em visitas de estudo ao Cabo de S\u00e3o Vicente, durante o m\u00eas de junho de 2024, no \u00e2mbito do projeto educativo Emc2 \u2013 \u2018Explorar Matos de Camarinha da Costa\u2019. Este projeto promove a sensibiliza\u00e7\u00e3o sobre a camarinha, uma planta amea\u00e7ada e de elevado valor de conserva\u00e7\u00e3o, propensa \u00e0 extirpa\u00e7\u00e3o em algumas zonas costeiras atl\u00e2nticas da Pen\u00ednsula Ib\u00e9rica, cujas plantas femininas t\u00eam pequenos frutos brancos comest\u00edveis. A planta camarinha, presente no interior da Fortaleza, na vegeta\u00e7\u00e3o que cresce entre pedras constituiu um tesouro natural, dada a sua distribui\u00e7\u00e3o geogr\u00e1fica se restringir \u00e0 costa atl\u00e2ntica ib\u00e9rica, entre Gibraltar e Finisterra, com presen\u00e7a em algumas ilhas a\u00e7orianas (endemismo ib\u00e9rico) e a singularidade de ter frutos brancos ou de tom rosado. A equipa organizadora das visitas de estudo em Sagres foi composta por M. Alexandra Abreu Lima (MARE- NOVA\/ARNET e INIAV, I.P.) e Ana Carla Cabrita (Walkin\u2019Sagres). Os trabalhos podem ser vistos, na sala multiusos da Fortaleza de Sagres, todos os dias, at\u00e9 dia 6 de dezembro.<\/p>\n\n\n\n<p>No dia 16 de novembro, vai acontecer o Encontro &#8220;Mulheres e Liberdade &#8211; Vozes negras femininas em resist\u00eancia art\u00edstica&#8221;, das 15h \u00e0s 18 horas.<\/p>\n\n\n\n<p>Trata-se de uma iniciativa organizada pela Fortaleza de Sagres, que prop\u00f5e um di\u00e1logo entre passado e presente, confrontando marcas coloniais com narrativas decoloniais.&nbsp;&nbsp;<\/p>\n\n\n\n<p>As tem\u00e1ticas a explorar ser\u00e3o em torno das heran\u00e7as coloniais vis\u00edveis no espa\u00e7o p\u00fablico, de como s\u00e3o vividas por pessoas negras, e de que forma a cria\u00e7\u00e3o art\u00edstica \u00e9 uma via de resist\u00eancia e de liberta\u00e7\u00e3o desses legados, fundamental para a constru\u00e7\u00e3o de pol\u00edticas de mem\u00f3ria. Neste contexto, e relembrando o simbolismo de Sagres, procuram-se discutir novas narrativas, de mulheres negras, africanas, afroportuguesas e afrodescendentes.<\/p>\n\n\n\n<p>A conversa ser\u00e1 mediada por Paula Cardoso, fundadora da comunidade digital Afrolink. Conta com a participa\u00e7\u00e3o de Raquel Lima, poeta, arte-educadora, ensa\u00edsta, investigadora e artista transdisciplinar; Patr\u00edcia Moreira, autora, e a dupla Isab\u00e9l Zuaa e Cleo Di\u00e1ra, artistas multidisciplinares que integram o coletivo AURORA NEGRA.<\/p>\n\n\n\n<p>Ainda, no pr\u00f3ximo dia 20 de novembro, ser\u00e1 apresentada a performance &#8220;Cam\u00f5es \u00e9 um poeta rap&#8221;, direcionada a alunos da comunidade escolar, com sess\u00f5es previstas para as 9h30 e 11 horas.<\/p>\n\n\n\n<p>Trata-se de uma iniciativa que pretende comemorar os 500 anos do nascimento do poeta Lu\u00eds Vaz de Cam\u00f5es. &#8220;Cam\u00f5es \u00e9 um poeta rap&#8221; \u00e9 um evento performativo e musical, que assenta num conceito inovador, que aproxima a l\u00edrica do grande poeta \u00e0 nossa viv\u00eancia contempor\u00e2nea, atrav\u00e9s dos ritmos do rap e do hip hop, conciliando o publico, com a mestria da l\u00edngua portuguesa. Projeto promovido pela Associa\u00e7\u00e3o Artes Performativas de Beja &#8211; Arte P\u00fablica.<\/p>\n\n\n\n<p>Todas as atividades culturais integradas no programa FORTALEZA CULTURAL s\u00e3o de entrada gratuita.<\/p>\n","protected":false},"excerpt":{"rendered":"<p>No pr\u00f3ximo dia 15 de novembro a Fortaleza de Sagres d\u00e1 a conhecer um projeto de sensibiliza\u00e7\u00e3o ambiental alusivo \u00e0<\/p>\n","protected":false},"author":1,"featured_media":44281,"comment_status":"closed","ping_status":"closed","sticky":false,"template":"","format":"standard","meta":{"colormag_page_container_layout":"default_layout","colormag_page_sidebar_layout":"default_layout","_monsterinsights_skip_tracking":false,"_monsterinsights_sitenote_active":false,"_monsterinsights_sitenote_note":"","_monsterinsights_sitenote_category":0,"jetpack_post_was_ever_published":false,"_jetpack_newsletter_access":"","_jetpack_dont_email_post_to_subs":false,"_jetpack_newsletter_tier_id":0,"_jetpack_memberships_contains_paywalled_content":false,"_jetpack_memberships_contains_paid_content":false,"footnotes":"","jetpack_publicize_message":"","jetpack_publicize_feature_enabled":true,"jetpack_social_post_already_shared":true,"jetpack_social_options":{"image_generator_settings":{"template":"highway","default_image_id":0,"font":"","enabled":false},"version":2}},"categories":[14],"tags":[36,35,428,102,84],"class_list":["post-44280","post","type-post","status-publish","format-standard","has-post-thumbnail","hentry","category-cultura","tag-algarve","tag-cultura","tag-fortaleza-de-sagres","tag-sagres","tag-vila-do-bispo"],"yoast_head":"<!-- This site is optimized with the Yoast SEO plugin v27.5 - https:\/\/yoast.com\/product\/yoast-seo-wordpress\/ -->\n<title>A Fortaleza de Sagres d\u00e1 a conhecer um projeto de sensibiliza\u00e7\u00e3o ambiental, organiza o Encontro &quot;Mulheres e Liberdade&quot;\u00a0 - Algarve 7<\/title>\n<meta name=\"description\" content=\"A Fortaleza de Sagres d\u00e1 a conhecer um projeto de sensibiliza\u00e7\u00e3o ambiental, organiza o Encontro &quot;Mulheres e Liberdade&quot;\u00a0 Cultura\" \/>\n<meta name=\"robots\" content=\"index, follow, max-snippet:-1, max-image-preview:large, max-video-preview:-1\" \/>\n<link rel=\"canonical\" href=\"https:\/\/algarve7.pt\/index.php\/2024\/11\/a-fortaleza-de-sagres-da-a-conhecer-um-projeto-de-sensibilizacao-ambiental-organiza-o-encontro-mulheres-e-liberdade\/cultura\/09\/05\/\" \/>\n<meta property=\"og:locale\" content=\"pt_PT\" \/>\n<meta property=\"og:type\" content=\"article\" \/>\n<meta property=\"og:title\" content=\"A Fortaleza de Sagres d\u00e1 a conhecer um projeto de sensibiliza\u00e7\u00e3o ambiental, organiza o Encontro &quot;Mulheres e Liberdade&quot;\u00a0 - Algarve 7\" \/>\n<meta property=\"og:description\" content=\"A Fortaleza de Sagres d\u00e1 a conhecer um projeto de sensibiliza\u00e7\u00e3o ambiental, organiza o Encontro &quot;Mulheres e Liberdade&quot;\u00a0 Cultura\" \/>\n<meta property=\"og:url\" content=\"https:\/\/algarve7.pt\/index.php\/2024\/11\/a-fortaleza-de-sagres-da-a-conhecer-um-projeto-de-sensibilizacao-ambiental-organiza-o-encontro-mulheres-e-liberdade\/cultura\/09\/05\/\" \/>\n<meta property=\"og:site_name\" content=\"Algarve 7\" \/>\n<meta property=\"article:publisher\" content=\"https:\/\/www.facebook.com\/algarve7\" \/>\n<meta property=\"article:author\" content=\"https:\/\/www.facebook.com\/algarve7\" \/>\n<meta property=\"article:published_time\" content=\"2024-11-13T09:05:00+00:00\" \/>\n<meta property=\"og:image\" content=\"https:\/\/algarve7.pt\/wp-content\/uploads\/2024\/11\/Cartaz-Encontro-de-Mulheres_2.png\" \/>\n\t<meta property=\"og:image:width\" content=\"800\" \/>\n\t<meta property=\"og:image:height\" content=\"500\" \/>\n\t<meta property=\"og:image:type\" content=\"image\/png\" \/>\n<meta name=\"author\" content=\"Algarve 7\" \/>\n<meta name=\"twitter:card\" content=\"summary_large_image\" \/>\n<meta name=\"twitter:creator\" content=\"@Algarvesete\" \/>\n<meta name=\"twitter:site\" content=\"@Algarvesete\" \/>\n<meta name=\"twitter:label1\" content=\"Escrito por\" \/>\n\t<meta name=\"twitter:data1\" content=\"Algarve 7\" \/>\n\t<meta name=\"twitter:label2\" content=\"Tempo estimado de leitura\" \/>\n\t<meta name=\"twitter:data2\" content=\"3 minutos\" \/>\n<script type=\"application\/ld+json\" class=\"yoast-schema-graph\">{\"@context\":\"https:\\\/\\\/schema.org\",\"@graph\":[{\"@type\":\"Article\",\"@id\":\"https:\\\/\\\/algarve7.pt\\\/index.php\\\/2024\\\/11\\\/a-fortaleza-de-sagres-da-a-conhecer-um-projeto-de-sensibilizacao-ambiental-organiza-o-encontro-mulheres-e-liberdade\\\/cultura\\\/09\\\/05\\\/#article\",\"isPartOf\":{\"@id\":\"https:\\\/\\\/algarve7.pt\\\/index.php\\\/2024\\\/11\\\/a-fortaleza-de-sagres-da-a-conhecer-um-projeto-de-sensibilizacao-ambiental-organiza-o-encontro-mulheres-e-liberdade\\\/cultura\\\/09\\\/05\\\/\"},\"author\":{\"name\":\"Algarve 7\",\"@id\":\"https:\\\/\\\/algarve7.pt\\\/#\\\/schema\\\/person\\\/23fa70681308e7b319a3204bcea45e0c\"},\"headline\":\"A Fortaleza de Sagres d\u00e1 a conhecer um projeto de sensibiliza\u00e7\u00e3o ambiental, organiza o Encontro &#8220;Mulheres e Liberdade&#8221;\u00a0\",\"datePublished\":\"2024-11-13T09:05:00+00:00\",\"mainEntityOfPage\":{\"@id\":\"https:\\\/\\\/algarve7.pt\\\/index.php\\\/2024\\\/11\\\/a-fortaleza-de-sagres-da-a-conhecer-um-projeto-de-sensibilizacao-ambiental-organiza-o-encontro-mulheres-e-liberdade\\\/cultura\\\/09\\\/05\\\/\"},\"wordCount\":557,\"publisher\":{\"@id\":\"https:\\\/\\\/algarve7.pt\\\/#organization\"},\"image\":{\"@id\":\"https:\\\/\\\/algarve7.pt\\\/index.php\\\/2024\\\/11\\\/a-fortaleza-de-sagres-da-a-conhecer-um-projeto-de-sensibilizacao-ambiental-organiza-o-encontro-mulheres-e-liberdade\\\/cultura\\\/09\\\/05\\\/#primaryimage\"},\"thumbnailUrl\":\"https:\\\/\\\/algarve7.pt\\\/wp-content\\\/uploads\\\/2024\\\/11\\\/Cartaz-Encontro-de-Mulheres_2.png\",\"keywords\":[\"Algarve\",\"Cultura\",\"Fortaleza de Sagres\",\"Sagres\",\"Vila do Bispo\"],\"articleSection\":[\"Cultura\"],\"inLanguage\":\"pt-PT\"},{\"@type\":\"WebPage\",\"@id\":\"https:\\\/\\\/algarve7.pt\\\/index.php\\\/2024\\\/11\\\/a-fortaleza-de-sagres-da-a-conhecer-um-projeto-de-sensibilizacao-ambiental-organiza-o-encontro-mulheres-e-liberdade\\\/cultura\\\/09\\\/05\\\/\",\"url\":\"https:\\\/\\\/algarve7.pt\\\/index.php\\\/2024\\\/11\\\/a-fortaleza-de-sagres-da-a-conhecer-um-projeto-de-sensibilizacao-ambiental-organiza-o-encontro-mulheres-e-liberdade\\\/cultura\\\/09\\\/05\\\/\",\"name\":\"A Fortaleza de Sagres d\u00e1 a conhecer um projeto de sensibiliza\u00e7\u00e3o ambiental, organiza o Encontro \\\"Mulheres e Liberdade\\\"\u00a0 - Algarve 7\",\"isPartOf\":{\"@id\":\"https:\\\/\\\/algarve7.pt\\\/#website\"},\"primaryImageOfPage\":{\"@id\":\"https:\\\/\\\/algarve7.pt\\\/index.php\\\/2024\\\/11\\\/a-fortaleza-de-sagres-da-a-conhecer-um-projeto-de-sensibilizacao-ambiental-organiza-o-encontro-mulheres-e-liberdade\\\/cultura\\\/09\\\/05\\\/#primaryimage\"},\"image\":{\"@id\":\"https:\\\/\\\/algarve7.pt\\\/index.php\\\/2024\\\/11\\\/a-fortaleza-de-sagres-da-a-conhecer-um-projeto-de-sensibilizacao-ambiental-organiza-o-encontro-mulheres-e-liberdade\\\/cultura\\\/09\\\/05\\\/#primaryimage\"},\"thumbnailUrl\":\"https:\\\/\\\/algarve7.pt\\\/wp-content\\\/uploads\\\/2024\\\/11\\\/Cartaz-Encontro-de-Mulheres_2.png\",\"datePublished\":\"2024-11-13T09:05:00+00:00\",\"description\":\"A Fortaleza de Sagres d\u00e1 a conhecer um projeto de sensibiliza\u00e7\u00e3o ambiental, organiza o Encontro \\\"Mulheres e Liberdade\\\"\u00a0 Cultura\",\"breadcrumb\":{\"@id\":\"https:\\\/\\\/algarve7.pt\\\/index.php\\\/2024\\\/11\\\/a-fortaleza-de-sagres-da-a-conhecer-um-projeto-de-sensibilizacao-ambiental-organiza-o-encontro-mulheres-e-liberdade\\\/cultura\\\/09\\\/05\\\/#breadcrumb\"},\"inLanguage\":\"pt-PT\",\"potentialAction\":[{\"@type\":\"ReadAction\",\"target\":[\"https:\\\/\\\/algarve7.pt\\\/index.php\\\/2024\\\/11\\\/a-fortaleza-de-sagres-da-a-conhecer-um-projeto-de-sensibilizacao-ambiental-organiza-o-encontro-mulheres-e-liberdade\\\/cultura\\\/09\\\/05\\\/\"]}]},{\"@type\":\"ImageObject\",\"inLanguage\":\"pt-PT\",\"@id\":\"https:\\\/\\\/algarve7.pt\\\/index.php\\\/2024\\\/11\\\/a-fortaleza-de-sagres-da-a-conhecer-um-projeto-de-sensibilizacao-ambiental-organiza-o-encontro-mulheres-e-liberdade\\\/cultura\\\/09\\\/05\\\/#primaryimage\",\"url\":\"https:\\\/\\\/algarve7.pt\\\/wp-content\\\/uploads\\\/2024\\\/11\\\/Cartaz-Encontro-de-Mulheres_2.png\",\"contentUrl\":\"https:\\\/\\\/algarve7.pt\\\/wp-content\\\/uploads\\\/2024\\\/11\\\/Cartaz-Encontro-de-Mulheres_2.png\",\"width\":800,\"height\":500},{\"@type\":\"BreadcrumbList\",\"@id\":\"https:\\\/\\\/algarve7.pt\\\/index.php\\\/2024\\\/11\\\/a-fortaleza-de-sagres-da-a-conhecer-um-projeto-de-sensibilizacao-ambiental-organiza-o-encontro-mulheres-e-liberdade\\\/cultura\\\/09\\\/05\\\/#breadcrumb\",\"itemListElement\":[{\"@type\":\"ListItem\",\"position\":1,\"name\":\"In\u00edcio\",\"item\":\"https:\\\/\\\/algarve7.pt\\\/\"},{\"@type\":\"ListItem\",\"position\":2,\"name\":\"A Fortaleza de Sagres d\u00e1 a conhecer um projeto de sensibiliza\u00e7\u00e3o ambiental, organiza o Encontro &#8220;Mulheres e Liberdade&#8221;\u00a0\"}]},{\"@type\":\"WebSite\",\"@id\":\"https:\\\/\\\/algarve7.pt\\\/#website\",\"url\":\"https:\\\/\\\/algarve7.pt\\\/\",\"name\":\"Algarve 7\",\"description\":\"Informa\u00e7\u00e3o sobre o Algarve\",\"publisher\":{\"@id\":\"https:\\\/\\\/algarve7.pt\\\/#organization\"},\"potentialAction\":[{\"@type\":\"SearchAction\",\"target\":{\"@type\":\"EntryPoint\",\"urlTemplate\":\"https:\\\/\\\/algarve7.pt\\\/?s={search_term_string}\"},\"query-input\":{\"@type\":\"PropertyValueSpecification\",\"valueRequired\":true,\"valueName\":\"search_term_string\"}}],\"inLanguage\":\"pt-PT\"},{\"@type\":\"Organization\",\"@id\":\"https:\\\/\\\/algarve7.pt\\\/#organization\",\"name\":\"Algarve 7\",\"url\":\"https:\\\/\\\/algarve7.pt\\\/\",\"logo\":{\"@type\":\"ImageObject\",\"inLanguage\":\"pt-PT\",\"@id\":\"https:\\\/\\\/algarve7.pt\\\/#\\\/schema\\\/logo\\\/image\\\/\",\"url\":\"https:\\\/\\\/algarve7.pt\\\/wp-content\\\/uploads\\\/2020\\\/10\\\/Logo-8.jpg\",\"contentUrl\":\"https:\\\/\\\/algarve7.pt\\\/wp-content\\\/uploads\\\/2020\\\/10\\\/Logo-8.jpg\",\"width\":1680,\"height\":1186,\"caption\":\"Algarve 7\"},\"image\":{\"@id\":\"https:\\\/\\\/algarve7.pt\\\/#\\\/schema\\\/logo\\\/image\\\/\"},\"sameAs\":[\"https:\\\/\\\/www.facebook.com\\\/algarve7\",\"https:\\\/\\\/x.com\\\/Algarvesete\",\"https:\\\/\\\/www.instagram.com\\\/jornalalgarve7\\\/\",\"https:\\\/\\\/www.linkedin.com\\\/company\\\/algarve7\",\"https:\\\/\\\/www.pinterest.pt\\\/geral0939\\\/_created\\\/\"]},{\"@type\":\"Person\",\"@id\":\"https:\\\/\\\/algarve7.pt\\\/#\\\/schema\\\/person\\\/23fa70681308e7b319a3204bcea45e0c\",\"name\":\"Algarve 7\",\"sameAs\":[\"https:\\\/\\\/algarve7.pt\",\"https:\\\/\\\/www.facebook.com\\\/algarve7\"],\"url\":\"https:\\\/\\\/algarve7.pt\\\/index.php\\\/author\\\/geralalgarve7-pt\\\/\"}]}<\/script>\n<!-- \/ Yoast SEO plugin. -->","yoast_head_json":{"title":"A Fortaleza de Sagres d\u00e1 a conhecer um projeto de sensibiliza\u00e7\u00e3o ambiental, organiza o Encontro \"Mulheres e Liberdade\"\u00a0 - Algarve 7","description":"A Fortaleza de Sagres d\u00e1 a conhecer um projeto de sensibiliza\u00e7\u00e3o ambiental, organiza o Encontro \"Mulheres e Liberdade\"\u00a0 Cultura","robots":{"index":"index","follow":"follow","max-snippet":"max-snippet:-1","max-image-preview":"max-image-preview:large","max-video-preview":"max-video-preview:-1"},"canonical":"https:\/\/algarve7.pt\/index.php\/2024\/11\/a-fortaleza-de-sagres-da-a-conhecer-um-projeto-de-sensibilizacao-ambiental-organiza-o-encontro-mulheres-e-liberdade\/cultura\/09\/05\/","og_locale":"pt_PT","og_type":"article","og_title":"A Fortaleza de Sagres d\u00e1 a conhecer um projeto de sensibiliza\u00e7\u00e3o ambiental, organiza o Encontro \"Mulheres e Liberdade\"\u00a0 - Algarve 7","og_description":"A Fortaleza de Sagres d\u00e1 a conhecer um projeto de sensibiliza\u00e7\u00e3o ambiental, organiza o Encontro \"Mulheres e Liberdade\"\u00a0 Cultura","og_url":"https:\/\/algarve7.pt\/index.php\/2024\/11\/a-fortaleza-de-sagres-da-a-conhecer-um-projeto-de-sensibilizacao-ambiental-organiza-o-encontro-mulheres-e-liberdade\/cultura\/09\/05\/","og_site_name":"Algarve 7","article_publisher":"https:\/\/www.facebook.com\/algarve7","article_author":"https:\/\/www.facebook.com\/algarve7","article_published_time":"2024-11-13T09:05:00+00:00","og_image":[{"width":800,"height":500,"url":"https:\/\/algarve7.pt\/wp-content\/uploads\/2024\/11\/Cartaz-Encontro-de-Mulheres_2.png","type":"image\/png"}],"author":"Algarve 7","twitter_card":"summary_large_image","twitter_creator":"@Algarvesete","twitter_site":"@Algarvesete","twitter_misc":{"Escrito por":"Algarve 7","Tempo estimado de leitura":"3 minutos"},"schema":{"@context":"https:\/\/schema.org","@graph":[{"@type":"Article","@id":"https:\/\/algarve7.pt\/index.php\/2024\/11\/a-fortaleza-de-sagres-da-a-conhecer-um-projeto-de-sensibilizacao-ambiental-organiza-o-encontro-mulheres-e-liberdade\/cultura\/09\/05\/#article","isPartOf":{"@id":"https:\/\/algarve7.pt\/index.php\/2024\/11\/a-fortaleza-de-sagres-da-a-conhecer-um-projeto-de-sensibilizacao-ambiental-organiza-o-encontro-mulheres-e-liberdade\/cultura\/09\/05\/"},"author":{"name":"Algarve 7","@id":"https:\/\/algarve7.pt\/#\/schema\/person\/23fa70681308e7b319a3204bcea45e0c"},"headline":"A Fortaleza de Sagres d\u00e1 a conhecer um projeto de sensibiliza\u00e7\u00e3o ambiental, organiza o Encontro &#8220;Mulheres e Liberdade&#8221;\u00a0","datePublished":"2024-11-13T09:05:00+00:00","mainEntityOfPage":{"@id":"https:\/\/algarve7.pt\/index.php\/2024\/11\/a-fortaleza-de-sagres-da-a-conhecer-um-projeto-de-sensibilizacao-ambiental-organiza-o-encontro-mulheres-e-liberdade\/cultura\/09\/05\/"},"wordCount":557,"publisher":{"@id":"https:\/\/algarve7.pt\/#organization"},"image":{"@id":"https:\/\/algarve7.pt\/index.php\/2024\/11\/a-fortaleza-de-sagres-da-a-conhecer-um-projeto-de-sensibilizacao-ambiental-organiza-o-encontro-mulheres-e-liberdade\/cultura\/09\/05\/#primaryimage"},"thumbnailUrl":"https:\/\/algarve7.pt\/wp-content\/uploads\/2024\/11\/Cartaz-Encontro-de-Mulheres_2.png","keywords":["Algarve","Cultura","Fortaleza de Sagres","Sagres","Vila do Bispo"],"articleSection":["Cultura"],"inLanguage":"pt-PT"},{"@type":"WebPage","@id":"https:\/\/algarve7.pt\/index.php\/2024\/11\/a-fortaleza-de-sagres-da-a-conhecer-um-projeto-de-sensibilizacao-ambiental-organiza-o-encontro-mulheres-e-liberdade\/cultura\/09\/05\/","url":"https:\/\/algarve7.pt\/index.php\/2024\/11\/a-fortaleza-de-sagres-da-a-conhecer-um-projeto-de-sensibilizacao-ambiental-organiza-o-encontro-mulheres-e-liberdade\/cultura\/09\/05\/","name":"A Fortaleza de Sagres d\u00e1 a conhecer um projeto de sensibiliza\u00e7\u00e3o ambiental, organiza o Encontro \"Mulheres e Liberdade\"\u00a0 - Algarve 7","isPartOf":{"@id":"https:\/\/algarve7.pt\/#website"},"primaryImageOfPage":{"@id":"https:\/\/algarve7.pt\/index.php\/2024\/11\/a-fortaleza-de-sagres-da-a-conhecer-um-projeto-de-sensibilizacao-ambiental-organiza-o-encontro-mulheres-e-liberdade\/cultura\/09\/05\/#primaryimage"},"image":{"@id":"https:\/\/algarve7.pt\/index.php\/2024\/11\/a-fortaleza-de-sagres-da-a-conhecer-um-projeto-de-sensibilizacao-ambiental-organiza-o-encontro-mulheres-e-liberdade\/cultura\/09\/05\/#primaryimage"},"thumbnailUrl":"https:\/\/algarve7.pt\/wp-content\/uploads\/2024\/11\/Cartaz-Encontro-de-Mulheres_2.png","datePublished":"2024-11-13T09:05:00+00:00","description":"A Fortaleza de Sagres d\u00e1 a conhecer um projeto de sensibiliza\u00e7\u00e3o ambiental, organiza o Encontro \"Mulheres e Liberdade\"\u00a0 Cultura","breadcrumb":{"@id":"https:\/\/algarve7.pt\/index.php\/2024\/11\/a-fortaleza-de-sagres-da-a-conhecer-um-projeto-de-sensibilizacao-ambiental-organiza-o-encontro-mulheres-e-liberdade\/cultura\/09\/05\/#breadcrumb"},"inLanguage":"pt-PT","potentialAction":[{"@type":"ReadAction","target":["https:\/\/algarve7.pt\/index.php\/2024\/11\/a-fortaleza-de-sagres-da-a-conhecer-um-projeto-de-sensibilizacao-ambiental-organiza-o-encontro-mulheres-e-liberdade\/cultura\/09\/05\/"]}]},{"@type":"ImageObject","inLanguage":"pt-PT","@id":"https:\/\/algarve7.pt\/index.php\/2024\/11\/a-fortaleza-de-sagres-da-a-conhecer-um-projeto-de-sensibilizacao-ambiental-organiza-o-encontro-mulheres-e-liberdade\/cultura\/09\/05\/#primaryimage","url":"https:\/\/algarve7.pt\/wp-content\/uploads\/2024\/11\/Cartaz-Encontro-de-Mulheres_2.png","contentUrl":"https:\/\/algarve7.pt\/wp-content\/uploads\/2024\/11\/Cartaz-Encontro-de-Mulheres_2.png","width":800,"height":500},{"@type":"BreadcrumbList","@id":"https:\/\/algarve7.pt\/index.php\/2024\/11\/a-fortaleza-de-sagres-da-a-conhecer-um-projeto-de-sensibilizacao-ambiental-organiza-o-encontro-mulheres-e-liberdade\/cultura\/09\/05\/#breadcrumb","itemListElement":[{"@type":"ListItem","position":1,"name":"In\u00edcio","item":"https:\/\/algarve7.pt\/"},{"@type":"ListItem","position":2,"name":"A Fortaleza de Sagres d\u00e1 a conhecer um projeto de sensibiliza\u00e7\u00e3o ambiental, organiza o Encontro &#8220;Mulheres e Liberdade&#8221;\u00a0"}]},{"@type":"WebSite","@id":"https:\/\/algarve7.pt\/#website","url":"https:\/\/algarve7.pt\/","name":"Algarve 7","description":"Informa\u00e7\u00e3o sobre o Algarve","publisher":{"@id":"https:\/\/algarve7.pt\/#organization"},"potentialAction":[{"@type":"SearchAction","target":{"@type":"EntryPoint","urlTemplate":"https:\/\/algarve7.pt\/?s={search_term_string}"},"query-input":{"@type":"PropertyValueSpecification","valueRequired":true,"valueName":"search_term_string"}}],"inLanguage":"pt-PT"},{"@type":"Organization","@id":"https:\/\/algarve7.pt\/#organization","name":"Algarve 7","url":"https:\/\/algarve7.pt\/","logo":{"@type":"ImageObject","inLanguage":"pt-PT","@id":"https:\/\/algarve7.pt\/#\/schema\/logo\/image\/","url":"https:\/\/algarve7.pt\/wp-content\/uploads\/2020\/10\/Logo-8.jpg","contentUrl":"https:\/\/algarve7.pt\/wp-content\/uploads\/2020\/10\/Logo-8.jpg","width":1680,"height":1186,"caption":"Algarve 7"},"image":{"@id":"https:\/\/algarve7.pt\/#\/schema\/logo\/image\/"},"sameAs":["https:\/\/www.facebook.com\/algarve7","https:\/\/x.com\/Algarvesete","https:\/\/www.instagram.com\/jornalalgarve7\/","https:\/\/www.linkedin.com\/company\/algarve7","https:\/\/www.pinterest.pt\/geral0939\/_created\/"]},{"@type":"Person","@id":"https:\/\/algarve7.pt\/#\/schema\/person\/23fa70681308e7b319a3204bcea45e0c","name":"Algarve 7","sameAs":["https:\/\/algarve7.pt","https:\/\/www.facebook.com\/algarve7"],"url":"https:\/\/algarve7.pt\/index.php\/author\/geralalgarve7-pt\/"}]}},"jetpack_publicize_connections":[],"jetpack_featured_media_url":"https:\/\/algarve7.pt\/wp-content\/uploads\/2024\/11\/Cartaz-Encontro-de-Mulheres_2.png","jetpack_shortlink":"https:\/\/wp.me\/pcezmW-bwc","jetpack_sharing_enabled":true,"_links":{"self":[{"href":"https:\/\/algarve7.pt\/index.php\/wp-json\/wp\/v2\/posts\/44280","targetHints":{"allow":["GET"]}}],"collection":[{"href":"https:\/\/algarve7.pt\/index.php\/wp-json\/wp\/v2\/posts"}],"about":[{"href":"https:\/\/algarve7.pt\/index.php\/wp-json\/wp\/v2\/types\/post"}],"author":[{"embeddable":true,"href":"https:\/\/algarve7.pt\/index.php\/wp-json\/wp\/v2\/users\/1"}],"replies":[{"embeddable":true,"href":"https:\/\/algarve7.pt\/index.php\/wp-json\/wp\/v2\/comments?post=44280"}],"version-history":[{"count":0,"href":"https:\/\/algarve7.pt\/index.php\/wp-json\/wp\/v2\/posts\/44280\/revisions"}],"wp:featuredmedia":[{"embeddable":true,"href":"https:\/\/algarve7.pt\/index.php\/wp-json\/wp\/v2\/media\/44281"}],"wp:attachment":[{"href":"https:\/\/algarve7.pt\/index.php\/wp-json\/wp\/v2\/media?parent=44280"}],"wp:term":[{"taxonomy":"category","embeddable":true,"href":"https:\/\/algarve7.pt\/index.php\/wp-json\/wp\/v2\/categories?post=44280"},{"taxonomy":"post_tag","embeddable":true,"href":"https:\/\/algarve7.pt\/index.php\/wp-json\/wp\/v2\/tags?post=44280"}],"curies":[{"name":"wp","href":"https:\/\/api.w.org\/{rel}","templated":true}]}}