{"id":44155,"date":"2024-11-08T16:35:05","date_gmt":"2024-11-08T16:35:05","guid":{"rendered":"https:\/\/algarve7.pt\/?p=44155"},"modified":"2024-11-08T16:35:06","modified_gmt":"2024-11-08T16:35:06","slug":"albufeira-vence-candidatura-a-cidade-europeia-do-desporto-2026","status":"publish","type":"post","link":"https:\/\/algarve7.pt\/index.php\/2024\/11\/albufeira-vence-candidatura-a-cidade-europeia-do-desporto-2026\/desporto\/16\/35\/","title":{"rendered":"Albufeira vence candidatura a \u201ccidade europeia do desporto 2026\u201d"},"content":{"rendered":"\n<p>A not\u00edcia foi transmitida a 4 de novembro ao Munic\u00edpio de Albufeira, pela ACES-Europe, na pessoa do seu presidente, Gian Francesco Lupattelli e foi tornada p\u00fablica ao in\u00edcio da noite de ontem pelo Presidente da C\u00e2mara Municipal de Albufeira, Jos\u00e9 Carlos Rolo, no in\u00edcio da Gala do Desporto. Albufeira venceu a candidatura a Cidade Europeia do Desporto 2026. A not\u00edcia arrancou uma verdadeira apoteose de aplausos dos presentes, no Pal\u00e1cio de Congressos do Algarve.&nbsp;<\/p>\n\n\n\n<p>\u201cDesde h\u00e1 quase quatro anos que nos empenhamos nesta candidatura, mantendo apoios a clubes e associa\u00e7\u00f5es, investindo nos equipamentos desportivos e incentivando a pr\u00e1tica desportiva de modo formal e informal. Conseguimos!&nbsp;<\/p>\n\n\n\n<p>Esperamos poder contar com o contributo de todos os albufeirenses e de todas as estruturas desportivas locais, nacionais e internacionais para superar as expectativas deste novo t\u00edtulo alcan\u00e7ado para o nosso Munic\u00edpio de Albufeira.\u201d O edil assinalou tamb\u00e9m que \u201co movimento associativo \u00e9 muito din\u00e2mico em Albufeira e os apoios, quer financeiros, quer em esp\u00e9cie, n\u00e3o s\u00e3o uma despesa, mas sim um forte um investimento nas pessoas. O que aqui temos \u00e9 o resultado, a parte vis\u00edvel da consequ\u00eancia de todo este trabalho\u201d, mas, assinalou ainda Jos\u00e9 Carlos Rolo, h\u00e1 \u201ca parte da toler\u00e2ncia, da justi\u00e7a, do respeito e da amizade, dos valores que s\u00e3o transmitidos, que s\u00e3o invis\u00edveis, e que est\u00e3o l\u00e1\u201d, constituindo uma das grandes valias para sociedade.<\/p>\n\n\n\n<p>Chegada a vez de usar da palavra, Cristiano Cabrita, vice-presidente da C\u00e2mara Municipal e Vereador do pelouro da Juventude e Desporto, n\u00e3o escondeu o seu forte entusiasmo: \u201ca nossa vontade de sermos Cidade Europeia do Desportiva tem-nos guiado h\u00e1 mais de tr\u00eas anos para este t\u00edtulo, que a todos engrandece. Por isso, \u00e9 com muita satisfa\u00e7\u00e3o que digo: conseguimos, Albufeira! \u00c9 o reconhecimento da nossa excel\u00eancia! Aqui, temos tudo o que \u00e9 preciso para cumprirmos a nossa miss\u00e3o de \u201cDesporto para Todos!\u201d. Aquele respons\u00e1vel continuou, explicando: \u201cconseguimos porque acreditamos no Desporto, na cidadania\u201d, e porque \u201cfizemos muito investimento neste \u00faltimo ano e meio, um grande esfor\u00e7o na requalifica\u00e7\u00e3o dos equipamentos desportivos existentes, nos est\u00e1dios, nos polidesportivos, na ilumina\u00e7\u00e3o dos espa\u00e7os, nos parques e em outras estruturas. Nem tudo est\u00e1 bem, mas queremos melhorar para proporcionar melhores condi\u00e7\u00f5es para todos voc\u00eas, atletas formais ou n\u00e3o, de modo a que todos pais possam deixar com tranquilidade os seus filhos nas suas a\u00e7\u00f5es desportivas\u201d.<\/p>\n\n\n\n<p>Foram feitos agradecimentos a todos os atletas, clubes e associa\u00e7\u00f5es, t\u00e9cnico e dirigentes, aos familiares, aos embaixadores da candidatura e ainda ao respons\u00e1vel pelo IPDJ \u2013 Instituto do Desporto e Juventude, Cust\u00f3dio Moreno, assim como a todo o Executivo e demais convidados presentes.<\/p>\n","protected":false},"excerpt":{"rendered":"<p>A not\u00edcia foi transmitida a 4 de novembro ao Munic\u00edpio de Albufeira, pela ACES-Europe, na pessoa do seu presidente, Gian<\/p>\n","protected":false},"author":1,"featured_media":44156,"comment_status":"closed","ping_status":"closed","sticky":false,"template":"","format":"standard","meta":{"colormag_page_container_layout":"default_layout","colormag_page_sidebar_layout":"default_layout","_monsterinsights_skip_tracking":false,"_monsterinsights_sitenote_active":false,"_monsterinsights_sitenote_note":"","_monsterinsights_sitenote_category":0,"jetpack_post_was_ever_published":false,"_jetpack_newsletter_access":"","_jetpack_dont_email_post_to_subs":false,"_jetpack_newsletter_tier_id":0,"_jetpack_memberships_contains_paywalled_content":false,"_jetpack_memberships_contains_paid_content":false,"footnotes":"","jetpack_publicize_message":"","jetpack_publicize_feature_enabled":true,"jetpack_social_post_already_shared":false,"jetpack_social_options":{"image_generator_settings":{"template":"highway","default_image_id":0,"font":"","enabled":false},"version":2}},"categories":[15],"tags":[155,36,40],"class_list":["post-44155","post","type-post","status-publish","format-standard","has-post-thumbnail","hentry","category-desporto","tag-albufeira","tag-algarve","tag-desporto"],"yoast_head":"<!-- This site is optimized with the Yoast SEO plugin v27.5 - https:\/\/yoast.com\/product\/yoast-seo-wordpress\/ -->\n<title>Albufeira vence candidatura a \u201ccidade europeia do desporto 2026\u201d - Algarve 7<\/title>\n<meta name=\"description\" content=\"Albufeira vence candidatura a \u201ccidade europeia do desporto 2026\u201d Desporto\" \/>\n<meta name=\"robots\" content=\"index, follow, max-snippet:-1, max-image-preview:large, max-video-preview:-1\" \/>\n<link rel=\"canonical\" href=\"https:\/\/algarve7.pt\/index.php\/2024\/11\/albufeira-vence-candidatura-a-cidade-europeia-do-desporto-2026\/desporto\/16\/35\/\" \/>\n<meta property=\"og:locale\" content=\"pt_PT\" \/>\n<meta property=\"og:type\" content=\"article\" \/>\n<meta property=\"og:title\" content=\"Albufeira vence candidatura a \u201ccidade europeia do desporto 2026\u201d - Algarve 7\" \/>\n<meta property=\"og:description\" content=\"Albufeira vence candidatura a \u201ccidade europeia do desporto 2026\u201d Desporto\" \/>\n<meta property=\"og:url\" content=\"https:\/\/algarve7.pt\/index.php\/2024\/11\/albufeira-vence-candidatura-a-cidade-europeia-do-desporto-2026\/desporto\/16\/35\/\" \/>\n<meta property=\"og:site_name\" content=\"Algarve 7\" \/>\n<meta property=\"article:publisher\" content=\"https:\/\/www.facebook.com\/algarve7\" \/>\n<meta property=\"article:author\" content=\"https:\/\/www.facebook.com\/algarve7\" \/>\n<meta property=\"article:published_time\" content=\"2024-11-08T16:35:05+00:00\" \/>\n<meta property=\"article:modified_time\" content=\"2024-11-08T16:35:06+00:00\" \/>\n<meta property=\"og:image\" content=\"https:\/\/algarve7.pt\/wp-content\/uploads\/2024\/11\/1-CMA\u00a9RuiGregorio-6782.jpg\" \/>\n\t<meta property=\"og:image:width\" content=\"800\" \/>\n\t<meta property=\"og:image:height\" content=\"500\" \/>\n\t<meta property=\"og:image:type\" content=\"image\/jpeg\" \/>\n<meta name=\"author\" content=\"Algarve 7\" \/>\n<meta name=\"twitter:card\" content=\"summary_large_image\" \/>\n<meta name=\"twitter:creator\" content=\"@Algarvesete\" \/>\n<meta name=\"twitter:site\" content=\"@Algarvesete\" \/>\n<meta name=\"twitter:label1\" content=\"Escrito por\" \/>\n\t<meta name=\"twitter:data1\" content=\"Algarve 7\" \/>\n\t<meta name=\"twitter:label2\" content=\"Tempo estimado de leitura\" \/>\n\t<meta name=\"twitter:data2\" content=\"3 minutos\" \/>\n<script type=\"application\/ld+json\" class=\"yoast-schema-graph\">{\"@context\":\"https:\\\/\\\/schema.org\",\"@graph\":[{\"@type\":\"Article\",\"@id\":\"https:\\\/\\\/algarve7.pt\\\/index.php\\\/2024\\\/11\\\/albufeira-vence-candidatura-a-cidade-europeia-do-desporto-2026\\\/desporto\\\/16\\\/35\\\/#article\",\"isPartOf\":{\"@id\":\"https:\\\/\\\/algarve7.pt\\\/index.php\\\/2024\\\/11\\\/albufeira-vence-candidatura-a-cidade-europeia-do-desporto-2026\\\/desporto\\\/16\\\/35\\\/\"},\"author\":{\"name\":\"Algarve 7\",\"@id\":\"https:\\\/\\\/algarve7.pt\\\/#\\\/schema\\\/person\\\/23fa70681308e7b319a3204bcea45e0c\"},\"headline\":\"Albufeira vence candidatura a \u201ccidade europeia do desporto 2026\u201d\",\"datePublished\":\"2024-11-08T16:35:05+00:00\",\"dateModified\":\"2024-11-08T16:35:06+00:00\",\"mainEntityOfPage\":{\"@id\":\"https:\\\/\\\/algarve7.pt\\\/index.php\\\/2024\\\/11\\\/albufeira-vence-candidatura-a-cidade-europeia-do-desporto-2026\\\/desporto\\\/16\\\/35\\\/\"},\"wordCount\":478,\"publisher\":{\"@id\":\"https:\\\/\\\/algarve7.pt\\\/#organization\"},\"image\":{\"@id\":\"https:\\\/\\\/algarve7.pt\\\/index.php\\\/2024\\\/11\\\/albufeira-vence-candidatura-a-cidade-europeia-do-desporto-2026\\\/desporto\\\/16\\\/35\\\/#primaryimage\"},\"thumbnailUrl\":\"https:\\\/\\\/algarve7.pt\\\/wp-content\\\/uploads\\\/2024\\\/11\\\/1-CMA\u00a9RuiGregorio-6782.jpg\",\"keywords\":[\"Albufeira\",\"Algarve\",\"Desporto\"],\"articleSection\":[\"Desporto\"],\"inLanguage\":\"pt-PT\"},{\"@type\":\"WebPage\",\"@id\":\"https:\\\/\\\/algarve7.pt\\\/index.php\\\/2024\\\/11\\\/albufeira-vence-candidatura-a-cidade-europeia-do-desporto-2026\\\/desporto\\\/16\\\/35\\\/\",\"url\":\"https:\\\/\\\/algarve7.pt\\\/index.php\\\/2024\\\/11\\\/albufeira-vence-candidatura-a-cidade-europeia-do-desporto-2026\\\/desporto\\\/16\\\/35\\\/\",\"name\":\"Albufeira vence candidatura a \u201ccidade europeia do desporto 2026\u201d - Algarve 7\",\"isPartOf\":{\"@id\":\"https:\\\/\\\/algarve7.pt\\\/#website\"},\"primaryImageOfPage\":{\"@id\":\"https:\\\/\\\/algarve7.pt\\\/index.php\\\/2024\\\/11\\\/albufeira-vence-candidatura-a-cidade-europeia-do-desporto-2026\\\/desporto\\\/16\\\/35\\\/#primaryimage\"},\"image\":{\"@id\":\"https:\\\/\\\/algarve7.pt\\\/index.php\\\/2024\\\/11\\\/albufeira-vence-candidatura-a-cidade-europeia-do-desporto-2026\\\/desporto\\\/16\\\/35\\\/#primaryimage\"},\"thumbnailUrl\":\"https:\\\/\\\/algarve7.pt\\\/wp-content\\\/uploads\\\/2024\\\/11\\\/1-CMA\u00a9RuiGregorio-6782.jpg\",\"datePublished\":\"2024-11-08T16:35:05+00:00\",\"dateModified\":\"2024-11-08T16:35:06+00:00\",\"description\":\"Albufeira vence candidatura a \u201ccidade europeia do desporto 2026\u201d Desporto\",\"breadcrumb\":{\"@id\":\"https:\\\/\\\/algarve7.pt\\\/index.php\\\/2024\\\/11\\\/albufeira-vence-candidatura-a-cidade-europeia-do-desporto-2026\\\/desporto\\\/16\\\/35\\\/#breadcrumb\"},\"inLanguage\":\"pt-PT\",\"potentialAction\":[{\"@type\":\"ReadAction\",\"target\":[\"https:\\\/\\\/algarve7.pt\\\/index.php\\\/2024\\\/11\\\/albufeira-vence-candidatura-a-cidade-europeia-do-desporto-2026\\\/desporto\\\/16\\\/35\\\/\"]}]},{\"@type\":\"ImageObject\",\"inLanguage\":\"pt-PT\",\"@id\":\"https:\\\/\\\/algarve7.pt\\\/index.php\\\/2024\\\/11\\\/albufeira-vence-candidatura-a-cidade-europeia-do-desporto-2026\\\/desporto\\\/16\\\/35\\\/#primaryimage\",\"url\":\"https:\\\/\\\/algarve7.pt\\\/wp-content\\\/uploads\\\/2024\\\/11\\\/1-CMA\u00a9RuiGregorio-6782.jpg\",\"contentUrl\":\"https:\\\/\\\/algarve7.pt\\\/wp-content\\\/uploads\\\/2024\\\/11\\\/1-CMA\u00a9RuiGregorio-6782.jpg\",\"width\":800,\"height\":500},{\"@type\":\"BreadcrumbList\",\"@id\":\"https:\\\/\\\/algarve7.pt\\\/index.php\\\/2024\\\/11\\\/albufeira-vence-candidatura-a-cidade-europeia-do-desporto-2026\\\/desporto\\\/16\\\/35\\\/#breadcrumb\",\"itemListElement\":[{\"@type\":\"ListItem\",\"position\":1,\"name\":\"In\u00edcio\",\"item\":\"https:\\\/\\\/algarve7.pt\\\/\"},{\"@type\":\"ListItem\",\"position\":2,\"name\":\"Albufeira vence candidatura a \u201ccidade europeia do desporto 2026\u201d\"}]},{\"@type\":\"WebSite\",\"@id\":\"https:\\\/\\\/algarve7.pt\\\/#website\",\"url\":\"https:\\\/\\\/algarve7.pt\\\/\",\"name\":\"Algarve 7\",\"description\":\"Informa\u00e7\u00e3o sobre o Algarve\",\"publisher\":{\"@id\":\"https:\\\/\\\/algarve7.pt\\\/#organization\"},\"potentialAction\":[{\"@type\":\"SearchAction\",\"target\":{\"@type\":\"EntryPoint\",\"urlTemplate\":\"https:\\\/\\\/algarve7.pt\\\/?s={search_term_string}\"},\"query-input\":{\"@type\":\"PropertyValueSpecification\",\"valueRequired\":true,\"valueName\":\"search_term_string\"}}],\"inLanguage\":\"pt-PT\"},{\"@type\":\"Organization\",\"@id\":\"https:\\\/\\\/algarve7.pt\\\/#organization\",\"name\":\"Algarve 7\",\"url\":\"https:\\\/\\\/algarve7.pt\\\/\",\"logo\":{\"@type\":\"ImageObject\",\"inLanguage\":\"pt-PT\",\"@id\":\"https:\\\/\\\/algarve7.pt\\\/#\\\/schema\\\/logo\\\/image\\\/\",\"url\":\"https:\\\/\\\/algarve7.pt\\\/wp-content\\\/uploads\\\/2020\\\/10\\\/Logo-8.jpg\",\"contentUrl\":\"https:\\\/\\\/algarve7.pt\\\/wp-content\\\/uploads\\\/2020\\\/10\\\/Logo-8.jpg\",\"width\":1680,\"height\":1186,\"caption\":\"Algarve 7\"},\"image\":{\"@id\":\"https:\\\/\\\/algarve7.pt\\\/#\\\/schema\\\/logo\\\/image\\\/\"},\"sameAs\":[\"https:\\\/\\\/www.facebook.com\\\/algarve7\",\"https:\\\/\\\/x.com\\\/Algarvesete\",\"https:\\\/\\\/www.instagram.com\\\/jornalalgarve7\\\/\",\"https:\\\/\\\/www.linkedin.com\\\/company\\\/algarve7\",\"https:\\\/\\\/www.pinterest.pt\\\/geral0939\\\/_created\\\/\"]},{\"@type\":\"Person\",\"@id\":\"https:\\\/\\\/algarve7.pt\\\/#\\\/schema\\\/person\\\/23fa70681308e7b319a3204bcea45e0c\",\"name\":\"Algarve 7\",\"sameAs\":[\"https:\\\/\\\/algarve7.pt\",\"https:\\\/\\\/www.facebook.com\\\/algarve7\"],\"url\":\"https:\\\/\\\/algarve7.pt\\\/index.php\\\/author\\\/geralalgarve7-pt\\\/\"}]}<\/script>\n<!-- \/ Yoast SEO plugin. -->","yoast_head_json":{"title":"Albufeira vence candidatura a \u201ccidade europeia do desporto 2026\u201d - Algarve 7","description":"Albufeira vence candidatura a \u201ccidade europeia do desporto 2026\u201d Desporto","robots":{"index":"index","follow":"follow","max-snippet":"max-snippet:-1","max-image-preview":"max-image-preview:large","max-video-preview":"max-video-preview:-1"},"canonical":"https:\/\/algarve7.pt\/index.php\/2024\/11\/albufeira-vence-candidatura-a-cidade-europeia-do-desporto-2026\/desporto\/16\/35\/","og_locale":"pt_PT","og_type":"article","og_title":"Albufeira vence candidatura a \u201ccidade europeia do desporto 2026\u201d - Algarve 7","og_description":"Albufeira vence candidatura a \u201ccidade europeia do desporto 2026\u201d Desporto","og_url":"https:\/\/algarve7.pt\/index.php\/2024\/11\/albufeira-vence-candidatura-a-cidade-europeia-do-desporto-2026\/desporto\/16\/35\/","og_site_name":"Algarve 7","article_publisher":"https:\/\/www.facebook.com\/algarve7","article_author":"https:\/\/www.facebook.com\/algarve7","article_published_time":"2024-11-08T16:35:05+00:00","article_modified_time":"2024-11-08T16:35:06+00:00","og_image":[{"width":800,"height":500,"url":"https:\/\/algarve7.pt\/wp-content\/uploads\/2024\/11\/1-CMA\u00a9RuiGregorio-6782.jpg","type":"image\/jpeg"}],"author":"Algarve 7","twitter_card":"summary_large_image","twitter_creator":"@Algarvesete","twitter_site":"@Algarvesete","twitter_misc":{"Escrito por":"Algarve 7","Tempo estimado de leitura":"3 minutos"},"schema":{"@context":"https:\/\/schema.org","@graph":[{"@type":"Article","@id":"https:\/\/algarve7.pt\/index.php\/2024\/11\/albufeira-vence-candidatura-a-cidade-europeia-do-desporto-2026\/desporto\/16\/35\/#article","isPartOf":{"@id":"https:\/\/algarve7.pt\/index.php\/2024\/11\/albufeira-vence-candidatura-a-cidade-europeia-do-desporto-2026\/desporto\/16\/35\/"},"author":{"name":"Algarve 7","@id":"https:\/\/algarve7.pt\/#\/schema\/person\/23fa70681308e7b319a3204bcea45e0c"},"headline":"Albufeira vence candidatura a \u201ccidade europeia do desporto 2026\u201d","datePublished":"2024-11-08T16:35:05+00:00","dateModified":"2024-11-08T16:35:06+00:00","mainEntityOfPage":{"@id":"https:\/\/algarve7.pt\/index.php\/2024\/11\/albufeira-vence-candidatura-a-cidade-europeia-do-desporto-2026\/desporto\/16\/35\/"},"wordCount":478,"publisher":{"@id":"https:\/\/algarve7.pt\/#organization"},"image":{"@id":"https:\/\/algarve7.pt\/index.php\/2024\/11\/albufeira-vence-candidatura-a-cidade-europeia-do-desporto-2026\/desporto\/16\/35\/#primaryimage"},"thumbnailUrl":"https:\/\/algarve7.pt\/wp-content\/uploads\/2024\/11\/1-CMA\u00a9RuiGregorio-6782.jpg","keywords":["Albufeira","Algarve","Desporto"],"articleSection":["Desporto"],"inLanguage":"pt-PT"},{"@type":"WebPage","@id":"https:\/\/algarve7.pt\/index.php\/2024\/11\/albufeira-vence-candidatura-a-cidade-europeia-do-desporto-2026\/desporto\/16\/35\/","url":"https:\/\/algarve7.pt\/index.php\/2024\/11\/albufeira-vence-candidatura-a-cidade-europeia-do-desporto-2026\/desporto\/16\/35\/","name":"Albufeira vence candidatura a \u201ccidade europeia do desporto 2026\u201d - Algarve 7","isPartOf":{"@id":"https:\/\/algarve7.pt\/#website"},"primaryImageOfPage":{"@id":"https:\/\/algarve7.pt\/index.php\/2024\/11\/albufeira-vence-candidatura-a-cidade-europeia-do-desporto-2026\/desporto\/16\/35\/#primaryimage"},"image":{"@id":"https:\/\/algarve7.pt\/index.php\/2024\/11\/albufeira-vence-candidatura-a-cidade-europeia-do-desporto-2026\/desporto\/16\/35\/#primaryimage"},"thumbnailUrl":"https:\/\/algarve7.pt\/wp-content\/uploads\/2024\/11\/1-CMA\u00a9RuiGregorio-6782.jpg","datePublished":"2024-11-08T16:35:05+00:00","dateModified":"2024-11-08T16:35:06+00:00","description":"Albufeira vence candidatura a \u201ccidade europeia do desporto 2026\u201d Desporto","breadcrumb":{"@id":"https:\/\/algarve7.pt\/index.php\/2024\/11\/albufeira-vence-candidatura-a-cidade-europeia-do-desporto-2026\/desporto\/16\/35\/#breadcrumb"},"inLanguage":"pt-PT","potentialAction":[{"@type":"ReadAction","target":["https:\/\/algarve7.pt\/index.php\/2024\/11\/albufeira-vence-candidatura-a-cidade-europeia-do-desporto-2026\/desporto\/16\/35\/"]}]},{"@type":"ImageObject","inLanguage":"pt-PT","@id":"https:\/\/algarve7.pt\/index.php\/2024\/11\/albufeira-vence-candidatura-a-cidade-europeia-do-desporto-2026\/desporto\/16\/35\/#primaryimage","url":"https:\/\/algarve7.pt\/wp-content\/uploads\/2024\/11\/1-CMA\u00a9RuiGregorio-6782.jpg","contentUrl":"https:\/\/algarve7.pt\/wp-content\/uploads\/2024\/11\/1-CMA\u00a9RuiGregorio-6782.jpg","width":800,"height":500},{"@type":"BreadcrumbList","@id":"https:\/\/algarve7.pt\/index.php\/2024\/11\/albufeira-vence-candidatura-a-cidade-europeia-do-desporto-2026\/desporto\/16\/35\/#breadcrumb","itemListElement":[{"@type":"ListItem","position":1,"name":"In\u00edcio","item":"https:\/\/algarve7.pt\/"},{"@type":"ListItem","position":2,"name":"Albufeira vence candidatura a \u201ccidade europeia do desporto 2026\u201d"}]},{"@type":"WebSite","@id":"https:\/\/algarve7.pt\/#website","url":"https:\/\/algarve7.pt\/","name":"Algarve 7","description":"Informa\u00e7\u00e3o sobre o Algarve","publisher":{"@id":"https:\/\/algarve7.pt\/#organization"},"potentialAction":[{"@type":"SearchAction","target":{"@type":"EntryPoint","urlTemplate":"https:\/\/algarve7.pt\/?s={search_term_string}"},"query-input":{"@type":"PropertyValueSpecification","valueRequired":true,"valueName":"search_term_string"}}],"inLanguage":"pt-PT"},{"@type":"Organization","@id":"https:\/\/algarve7.pt\/#organization","name":"Algarve 7","url":"https:\/\/algarve7.pt\/","logo":{"@type":"ImageObject","inLanguage":"pt-PT","@id":"https:\/\/algarve7.pt\/#\/schema\/logo\/image\/","url":"https:\/\/algarve7.pt\/wp-content\/uploads\/2020\/10\/Logo-8.jpg","contentUrl":"https:\/\/algarve7.pt\/wp-content\/uploads\/2020\/10\/Logo-8.jpg","width":1680,"height":1186,"caption":"Algarve 7"},"image":{"@id":"https:\/\/algarve7.pt\/#\/schema\/logo\/image\/"},"sameAs":["https:\/\/www.facebook.com\/algarve7","https:\/\/x.com\/Algarvesete","https:\/\/www.instagram.com\/jornalalgarve7\/","https:\/\/www.linkedin.com\/company\/algarve7","https:\/\/www.pinterest.pt\/geral0939\/_created\/"]},{"@type":"Person","@id":"https:\/\/algarve7.pt\/#\/schema\/person\/23fa70681308e7b319a3204bcea45e0c","name":"Algarve 7","sameAs":["https:\/\/algarve7.pt","https:\/\/www.facebook.com\/algarve7"],"url":"https:\/\/algarve7.pt\/index.php\/author\/geralalgarve7-pt\/"}]}},"jetpack_publicize_connections":[],"jetpack_featured_media_url":"https:\/\/algarve7.pt\/wp-content\/uploads\/2024\/11\/1-CMA\u00a9RuiGregorio-6782.jpg","jetpack_shortlink":"https:\/\/wp.me\/pcezmW-bub","jetpack_sharing_enabled":true,"_links":{"self":[{"href":"https:\/\/algarve7.pt\/index.php\/wp-json\/wp\/v2\/posts\/44155","targetHints":{"allow":["GET"]}}],"collection":[{"href":"https:\/\/algarve7.pt\/index.php\/wp-json\/wp\/v2\/posts"}],"about":[{"href":"https:\/\/algarve7.pt\/index.php\/wp-json\/wp\/v2\/types\/post"}],"author":[{"embeddable":true,"href":"https:\/\/algarve7.pt\/index.php\/wp-json\/wp\/v2\/users\/1"}],"replies":[{"embeddable":true,"href":"https:\/\/algarve7.pt\/index.php\/wp-json\/wp\/v2\/comments?post=44155"}],"version-history":[{"count":0,"href":"https:\/\/algarve7.pt\/index.php\/wp-json\/wp\/v2\/posts\/44155\/revisions"}],"wp:featuredmedia":[{"embeddable":true,"href":"https:\/\/algarve7.pt\/index.php\/wp-json\/wp\/v2\/media\/44156"}],"wp:attachment":[{"href":"https:\/\/algarve7.pt\/index.php\/wp-json\/wp\/v2\/media?parent=44155"}],"wp:term":[{"taxonomy":"category","embeddable":true,"href":"https:\/\/algarve7.pt\/index.php\/wp-json\/wp\/v2\/categories?post=44155"},{"taxonomy":"post_tag","embeddable":true,"href":"https:\/\/algarve7.pt\/index.php\/wp-json\/wp\/v2\/tags?post=44155"}],"curies":[{"name":"wp","href":"https:\/\/api.w.org\/{rel}","templated":true}]}}