{"id":44021,"date":"2024-11-07T09:15:00","date_gmt":"2024-11-07T09:15:00","guid":{"rendered":"https:\/\/algarve7.pt\/?p=44021"},"modified":"2024-11-06T15:47:00","modified_gmt":"2024-11-06T15:47:00","slug":"ccdrs-do-algarve-e-do-alentejo-promovem-a-primeira-reuniao-do-conselho-consultivo-do-iti-agua-e-ecossistemas-de-paisagem","status":"publish","type":"post","link":"https:\/\/algarve7.pt\/index.php\/2024\/11\/ccdrs-do-algarve-e-do-alentejo-promovem-a-primeira-reuniao-do-conselho-consultivo-do-iti-agua-e-ecossistemas-de-paisagem\/ambiente\/09\/15\/","title":{"rendered":"CCDRs do Algarve e do Alentejo promovem a primeira reuni\u00e3o do Conselho Consultivo do ITI \u00c1gua e Ecossistemas de Paisagem"},"content":{"rendered":"\n<p><strong>As Comiss\u00f5es de Coordena\u00e7\u00e3o e Desenvolvimento Regional (CCDR) do Algarve e do Alentejo promoveram a 31 de outubro, no F\u00f3rum da C\u00e2mara Municipal de Castro Verde, a primeira reuni\u00e3o do Conselho Consultivo do ITI \u00c1gua e Ecossistemas de Paisagem- Algarve Alentejo.<\/strong><strong><\/strong><\/p>\n\n\n\n<p>No dia 31 de outubro realizou-se a primeira reuni\u00e3o do Conselho Consultivo em Castro Verde que contou com a presen\u00e7a da maioria dos membros do Conselho Consultivo, tendo sido aprovado o seu regimento de funcionamento e nomeados como Presidente, Vice-Presidente e Secret\u00e1rio deste \u00d3rg\u00e3o, o Presidente da C\u00e2mara Municipal de Almod\u00f4var, Ant\u00f3nio Bota, na qualidade de representante da Comunidade Intermunicipal do Baixo Alentejo (CIMBAL), o Presidente da Associa\u00e7\u00e3o de Benefici\u00e1rios do Plano de Rega do Sotavento Algarvio, Mac\u00e1rio Correia, na qualidade de representante das Associa\u00e7\u00f5es de Regantes do Algarve, e da Universidade do Algarve, Carla Antunes, na qualidade de representante das Institui\u00e7\u00f5es de Ensino Superior do Algarve, respetivamente.<\/p>\n\n\n\n<p>Procedeu-se igualmente \u00e0 cria\u00e7\u00e3o de seis grupos de trabalho tem\u00e1ticos, tendo sido designados os coordenadores e as entidades que os integram, com vista a dinamizarem a execu\u00e7\u00e3o das a\u00e7\u00f5es que constituem o Plano de A\u00e7\u00e3o do ITI, ou outras consideradas priorit\u00e1rias, gerando sinergias e promovendo a articula\u00e7\u00e3o entre entidades, para a prepara\u00e7\u00e3o das candidaturas a apresentar aos Programas de Financiamento em fun\u00e7\u00e3o da maturidade dos projetos identificados.<\/p>\n\n\n\n<p>Os referidos Grupos de Trabalho ir\u00e3o reunir-se e no pr\u00f3ximo dia 10 de novembro e ficou agendada nova reuni\u00e3o do Conselho Consultivo, a realizar em S\u00e3o Bartolomeu de Messines (Silves), para dar a conhecer as a\u00e7\u00f5es cuja prioridade e estado de maturidade permitam a apresenta\u00e7\u00e3o de candidaturas aos Avisos j\u00e1 publicados e se sistematizem orienta\u00e7\u00f5es a incluir em novos Avisos futuros.<\/p>\n\n\n\n<p>O Conselho Consultivo formalizado a 9 de outubro, em Ourique, integra um conjunto alargado de organiza\u00e7\u00f5es, como a Ag\u00eancia Portuguesa do Ambiente (APA) \u2013 Administra\u00e7\u00f5es das Regi\u00f5es Hidrogr\u00e1ficas do Algarve e do Alentejo, Instituto de Conserva\u00e7\u00e3o da Natureza e das Florestas (ICNF), tr\u00eas Comunidades Intermunicipais, Universidade do Algarve e Instituto Polit\u00e9cnico de Beja, Associa\u00e7\u00f5es para o Desenvolvimento Local (ADL), associa\u00e7\u00f5es de regantes e organiza\u00e7\u00f5es ambientais e ter\u00e1 como miss\u00e3o dinamizar projetos conjuntos, criar sinergias, apoiar e orientar a execu\u00e7\u00e3o das a\u00e7\u00f5es do Plano de A\u00e7\u00e3o, assegurando a sua conson\u00e2ncia com as melhores pr\u00e1ticas e as pol\u00edticas ambientais aplic\u00e1veis, al\u00e9m de garantir uma vis\u00e3o ampla e participativa para o alcance dos objetivos do Plano de A\u00e7\u00e3o.<\/p>\n\n\n\n<p>O\u00a0<strong>ITI \u00c1gua e Ecossistemas da Paisagem &#8211; Algarve e Alentejo<\/strong>\u00a0une duas NUTS, duas regi\u00f5es, duas CCDRs, dois Programas Regionais da pol\u00edtica de coes\u00e3o, numa coopera\u00e7\u00e3o que visa a promo\u00e7\u00e3o de estrat\u00e9gias integradas para a gest\u00e3o sustent\u00e1vel dos recursos h\u00eddricos e ecossistemas de paisagem, em territ\u00f3rios, onde se identificam desafios, necessidades e recursos comuns, e envolve dezassete concelhos e cinquenta e nove freguesias.<\/p>\n\n\n\n<p>O ITI, est\u00e1 enquadrado por uma Estrat\u00e9gia, compreende um Plano de A\u00e7\u00e3o, cuja elabora\u00e7\u00e3o resultou da colabora\u00e7\u00e3o de entidades e associa\u00e7\u00f5es que atuam no territ\u00f3rio, apresentando catorze projetos estruturantes que incidem sobre a prote\u00e7\u00e3o e a gest\u00e3o dos recursos h\u00eddricos e dos riscos associados \u00e0 \u00e1gua, e contribuem para aumentar a resili\u00eancia e reduzir as vulnerabilidades do territ\u00f3rio \u00e0s altera\u00e7\u00f5es clim\u00e1ticas, aprofundar o conhecimento e disseminar a informa\u00e7\u00e3o sobre os efeitos das altera\u00e7\u00f5es clim\u00e1ticas e seus impactes no territ\u00f3rio, nas pessoas e nos diversos setores de atividade.<\/p>\n\n\n\n<p>Foram j\u00e1 publicados os Avisos\u00a0<strong>Algarve-2024-35<\/strong>\u00a0e\u00a0<strong>AT2030-2024-39<\/strong>, designados \u201cGest\u00e3o de recursos h\u00eddricos. ITI \u00c1gua e Ecossistemas da Paisagem &#8211; Algarve e Alentejo\u201d, e a apresenta\u00e7\u00e3o de candidaturas \u00e9 agora o pr\u00f3ximo passo, sendo que a dota\u00e7\u00e3o afeta \u00e0 ITI \u00c1gua e Ecossistemas da Paisagem \u00e9 de 52,8 Milh\u00f5es de Euros (M\u20ac), provenientes do Fundo Europeu de Desenvolvimento Regional (FEDER), repartidos por cada um dos Programas Regionais da seguinte forma: Programa Regional ALGARVE 2030 32,5M\u20ac e Programa Regional Alentejo 20,3M\u20ac.<\/p>\n","protected":false},"excerpt":{"rendered":"<p>As Comiss\u00f5es de Coordena\u00e7\u00e3o e Desenvolvimento Regional (CCDR) do Algarve e do Alentejo promoveram a 31 de outubro, no F\u00f3rum<\/p>\n","protected":false},"author":1,"featured_media":44022,"comment_status":"closed","ping_status":"closed","sticky":false,"template":"","format":"standard","meta":{"colormag_page_container_layout":"default_layout","colormag_page_sidebar_layout":"default_layout","_monsterinsights_skip_tracking":false,"_monsterinsights_sitenote_active":false,"_monsterinsights_sitenote_note":"","_monsterinsights_sitenote_category":0,"jetpack_post_was_ever_published":false,"_jetpack_newsletter_access":"","_jetpack_dont_email_post_to_subs":false,"_jetpack_newsletter_tier_id":0,"_jetpack_memberships_contains_paywalled_content":false,"_jetpack_memberships_contains_paid_content":false,"footnotes":"","jetpack_publicize_message":"","jetpack_publicize_feature_enabled":true,"jetpack_social_post_already_shared":false,"jetpack_social_options":{"image_generator_settings":{"template":"highway","default_image_id":0,"font":"","enabled":false},"version":2}},"categories":[5],"tags":[36,32,143],"class_list":["post-44021","post","type-post","status-publish","format-standard","has-post-thumbnail","hentry","category-ambiente","tag-algarve","tag-ambiente","tag-ccdr-algarve"],"yoast_head":"<!-- This site is optimized with the Yoast SEO plugin v27.5 - https:\/\/yoast.com\/product\/yoast-seo-wordpress\/ -->\n<title>CCDRs do Algarve e do Alentejo promovem a primeira reuni\u00e3o do Conselho Consultivo do ITI \u00c1gua e Ecossistemas de Paisagem - Algarve 7<\/title>\n<meta name=\"description\" content=\"CCDRs do Algarve e do Alentejo promovem a primeira reuni\u00e3o do Conselho Consultivo do ITI \u00c1gua e Ecossistemas de Paisagem Ambiente\" \/>\n<meta name=\"robots\" content=\"index, follow, max-snippet:-1, max-image-preview:large, max-video-preview:-1\" \/>\n<link rel=\"canonical\" href=\"https:\/\/algarve7.pt\/index.php\/2024\/11\/ccdrs-do-algarve-e-do-alentejo-promovem-a-primeira-reuniao-do-conselho-consultivo-do-iti-agua-e-ecossistemas-de-paisagem\/ambiente\/09\/15\/\" \/>\n<meta property=\"og:locale\" content=\"pt_PT\" \/>\n<meta property=\"og:type\" content=\"article\" \/>\n<meta property=\"og:title\" content=\"CCDRs do Algarve e do Alentejo promovem a primeira reuni\u00e3o do Conselho Consultivo do ITI \u00c1gua e Ecossistemas de Paisagem - Algarve 7\" \/>\n<meta property=\"og:description\" content=\"CCDRs do Algarve e do Alentejo promovem a primeira reuni\u00e3o do Conselho Consultivo do ITI \u00c1gua e Ecossistemas de Paisagem Ambiente\" \/>\n<meta property=\"og:url\" content=\"https:\/\/algarve7.pt\/index.php\/2024\/11\/ccdrs-do-algarve-e-do-alentejo-promovem-a-primeira-reuniao-do-conselho-consultivo-do-iti-agua-e-ecossistemas-de-paisagem\/ambiente\/09\/15\/\" \/>\n<meta property=\"og:site_name\" content=\"Algarve 7\" \/>\n<meta property=\"article:publisher\" content=\"https:\/\/www.facebook.com\/algarve7\" \/>\n<meta property=\"article:author\" content=\"https:\/\/www.facebook.com\/algarve7\" \/>\n<meta property=\"article:published_time\" content=\"2024-11-07T09:15:00+00:00\" \/>\n<meta property=\"og:image\" content=\"https:\/\/algarve7.pt\/wp-content\/uploads\/2024\/11\/20241031_ITI-Agua_Conselho-Consultivo_Almodo-var.jpg\" \/>\n\t<meta property=\"og:image:width\" content=\"800\" \/>\n\t<meta property=\"og:image:height\" content=\"500\" \/>\n\t<meta property=\"og:image:type\" content=\"image\/jpeg\" \/>\n<meta name=\"author\" content=\"Algarve 7\" \/>\n<meta name=\"twitter:card\" content=\"summary_large_image\" \/>\n<meta name=\"twitter:creator\" content=\"@Algarvesete\" \/>\n<meta name=\"twitter:site\" content=\"@Algarvesete\" \/>\n<meta name=\"twitter:label1\" content=\"Escrito por\" \/>\n\t<meta name=\"twitter:data1\" content=\"Algarve 7\" \/>\n\t<meta name=\"twitter:label2\" content=\"Tempo estimado de leitura\" \/>\n\t<meta name=\"twitter:data2\" content=\"4 minutos\" \/>\n<script type=\"application\/ld+json\" class=\"yoast-schema-graph\">{\"@context\":\"https:\\\/\\\/schema.org\",\"@graph\":[{\"@type\":\"Article\",\"@id\":\"https:\\\/\\\/algarve7.pt\\\/index.php\\\/2024\\\/11\\\/ccdrs-do-algarve-e-do-alentejo-promovem-a-primeira-reuniao-do-conselho-consultivo-do-iti-agua-e-ecossistemas-de-paisagem\\\/ambiente\\\/09\\\/15\\\/#article\",\"isPartOf\":{\"@id\":\"https:\\\/\\\/algarve7.pt\\\/index.php\\\/2024\\\/11\\\/ccdrs-do-algarve-e-do-alentejo-promovem-a-primeira-reuniao-do-conselho-consultivo-do-iti-agua-e-ecossistemas-de-paisagem\\\/ambiente\\\/09\\\/15\\\/\"},\"author\":{\"name\":\"Algarve 7\",\"@id\":\"https:\\\/\\\/algarve7.pt\\\/#\\\/schema\\\/person\\\/23fa70681308e7b319a3204bcea45e0c\"},\"headline\":\"CCDRs do Algarve e do Alentejo promovem a primeira reuni\u00e3o do Conselho Consultivo do ITI \u00c1gua e Ecossistemas de Paisagem\",\"datePublished\":\"2024-11-07T09:15:00+00:00\",\"mainEntityOfPage\":{\"@id\":\"https:\\\/\\\/algarve7.pt\\\/index.php\\\/2024\\\/11\\\/ccdrs-do-algarve-e-do-alentejo-promovem-a-primeira-reuniao-do-conselho-consultivo-do-iti-agua-e-ecossistemas-de-paisagem\\\/ambiente\\\/09\\\/15\\\/\"},\"wordCount\":723,\"publisher\":{\"@id\":\"https:\\\/\\\/algarve7.pt\\\/#organization\"},\"image\":{\"@id\":\"https:\\\/\\\/algarve7.pt\\\/index.php\\\/2024\\\/11\\\/ccdrs-do-algarve-e-do-alentejo-promovem-a-primeira-reuniao-do-conselho-consultivo-do-iti-agua-e-ecossistemas-de-paisagem\\\/ambiente\\\/09\\\/15\\\/#primaryimage\"},\"thumbnailUrl\":\"https:\\\/\\\/algarve7.pt\\\/wp-content\\\/uploads\\\/2024\\\/11\\\/20241031_ITI-Agua_Conselho-Consultivo_Almodo-var.jpg\",\"keywords\":[\"Algarve\",\"Ambiente\",\"CCDR Algarve\"],\"articleSection\":[\"Ambiente\"],\"inLanguage\":\"pt-PT\"},{\"@type\":\"WebPage\",\"@id\":\"https:\\\/\\\/algarve7.pt\\\/index.php\\\/2024\\\/11\\\/ccdrs-do-algarve-e-do-alentejo-promovem-a-primeira-reuniao-do-conselho-consultivo-do-iti-agua-e-ecossistemas-de-paisagem\\\/ambiente\\\/09\\\/15\\\/\",\"url\":\"https:\\\/\\\/algarve7.pt\\\/index.php\\\/2024\\\/11\\\/ccdrs-do-algarve-e-do-alentejo-promovem-a-primeira-reuniao-do-conselho-consultivo-do-iti-agua-e-ecossistemas-de-paisagem\\\/ambiente\\\/09\\\/15\\\/\",\"name\":\"CCDRs do Algarve e do Alentejo promovem a primeira reuni\u00e3o do Conselho Consultivo do ITI \u00c1gua e Ecossistemas de Paisagem - Algarve 7\",\"isPartOf\":{\"@id\":\"https:\\\/\\\/algarve7.pt\\\/#website\"},\"primaryImageOfPage\":{\"@id\":\"https:\\\/\\\/algarve7.pt\\\/index.php\\\/2024\\\/11\\\/ccdrs-do-algarve-e-do-alentejo-promovem-a-primeira-reuniao-do-conselho-consultivo-do-iti-agua-e-ecossistemas-de-paisagem\\\/ambiente\\\/09\\\/15\\\/#primaryimage\"},\"image\":{\"@id\":\"https:\\\/\\\/algarve7.pt\\\/index.php\\\/2024\\\/11\\\/ccdrs-do-algarve-e-do-alentejo-promovem-a-primeira-reuniao-do-conselho-consultivo-do-iti-agua-e-ecossistemas-de-paisagem\\\/ambiente\\\/09\\\/15\\\/#primaryimage\"},\"thumbnailUrl\":\"https:\\\/\\\/algarve7.pt\\\/wp-content\\\/uploads\\\/2024\\\/11\\\/20241031_ITI-Agua_Conselho-Consultivo_Almodo-var.jpg\",\"datePublished\":\"2024-11-07T09:15:00+00:00\",\"description\":\"CCDRs do Algarve e do Alentejo promovem a primeira reuni\u00e3o do Conselho Consultivo do ITI \u00c1gua e Ecossistemas de Paisagem Ambiente\",\"breadcrumb\":{\"@id\":\"https:\\\/\\\/algarve7.pt\\\/index.php\\\/2024\\\/11\\\/ccdrs-do-algarve-e-do-alentejo-promovem-a-primeira-reuniao-do-conselho-consultivo-do-iti-agua-e-ecossistemas-de-paisagem\\\/ambiente\\\/09\\\/15\\\/#breadcrumb\"},\"inLanguage\":\"pt-PT\",\"potentialAction\":[{\"@type\":\"ReadAction\",\"target\":[\"https:\\\/\\\/algarve7.pt\\\/index.php\\\/2024\\\/11\\\/ccdrs-do-algarve-e-do-alentejo-promovem-a-primeira-reuniao-do-conselho-consultivo-do-iti-agua-e-ecossistemas-de-paisagem\\\/ambiente\\\/09\\\/15\\\/\"]}]},{\"@type\":\"ImageObject\",\"inLanguage\":\"pt-PT\",\"@id\":\"https:\\\/\\\/algarve7.pt\\\/index.php\\\/2024\\\/11\\\/ccdrs-do-algarve-e-do-alentejo-promovem-a-primeira-reuniao-do-conselho-consultivo-do-iti-agua-e-ecossistemas-de-paisagem\\\/ambiente\\\/09\\\/15\\\/#primaryimage\",\"url\":\"https:\\\/\\\/algarve7.pt\\\/wp-content\\\/uploads\\\/2024\\\/11\\\/20241031_ITI-Agua_Conselho-Consultivo_Almodo-var.jpg\",\"contentUrl\":\"https:\\\/\\\/algarve7.pt\\\/wp-content\\\/uploads\\\/2024\\\/11\\\/20241031_ITI-Agua_Conselho-Consultivo_Almodo-var.jpg\",\"width\":800,\"height\":500},{\"@type\":\"BreadcrumbList\",\"@id\":\"https:\\\/\\\/algarve7.pt\\\/index.php\\\/2024\\\/11\\\/ccdrs-do-algarve-e-do-alentejo-promovem-a-primeira-reuniao-do-conselho-consultivo-do-iti-agua-e-ecossistemas-de-paisagem\\\/ambiente\\\/09\\\/15\\\/#breadcrumb\",\"itemListElement\":[{\"@type\":\"ListItem\",\"position\":1,\"name\":\"In\u00edcio\",\"item\":\"https:\\\/\\\/algarve7.pt\\\/\"},{\"@type\":\"ListItem\",\"position\":2,\"name\":\"CCDRs do Algarve e do Alentejo promovem a primeira reuni\u00e3o do Conselho Consultivo do ITI \u00c1gua e Ecossistemas de Paisagem\"}]},{\"@type\":\"WebSite\",\"@id\":\"https:\\\/\\\/algarve7.pt\\\/#website\",\"url\":\"https:\\\/\\\/algarve7.pt\\\/\",\"name\":\"Algarve 7\",\"description\":\"Informa\u00e7\u00e3o sobre o Algarve\",\"publisher\":{\"@id\":\"https:\\\/\\\/algarve7.pt\\\/#organization\"},\"potentialAction\":[{\"@type\":\"SearchAction\",\"target\":{\"@type\":\"EntryPoint\",\"urlTemplate\":\"https:\\\/\\\/algarve7.pt\\\/?s={search_term_string}\"},\"query-input\":{\"@type\":\"PropertyValueSpecification\",\"valueRequired\":true,\"valueName\":\"search_term_string\"}}],\"inLanguage\":\"pt-PT\"},{\"@type\":\"Organization\",\"@id\":\"https:\\\/\\\/algarve7.pt\\\/#organization\",\"name\":\"Algarve 7\",\"url\":\"https:\\\/\\\/algarve7.pt\\\/\",\"logo\":{\"@type\":\"ImageObject\",\"inLanguage\":\"pt-PT\",\"@id\":\"https:\\\/\\\/algarve7.pt\\\/#\\\/schema\\\/logo\\\/image\\\/\",\"url\":\"https:\\\/\\\/algarve7.pt\\\/wp-content\\\/uploads\\\/2020\\\/10\\\/Logo-8.jpg\",\"contentUrl\":\"https:\\\/\\\/algarve7.pt\\\/wp-content\\\/uploads\\\/2020\\\/10\\\/Logo-8.jpg\",\"width\":1680,\"height\":1186,\"caption\":\"Algarve 7\"},\"image\":{\"@id\":\"https:\\\/\\\/algarve7.pt\\\/#\\\/schema\\\/logo\\\/image\\\/\"},\"sameAs\":[\"https:\\\/\\\/www.facebook.com\\\/algarve7\",\"https:\\\/\\\/x.com\\\/Algarvesete\",\"https:\\\/\\\/www.instagram.com\\\/jornalalgarve7\\\/\",\"https:\\\/\\\/www.linkedin.com\\\/company\\\/algarve7\",\"https:\\\/\\\/www.pinterest.pt\\\/geral0939\\\/_created\\\/\"]},{\"@type\":\"Person\",\"@id\":\"https:\\\/\\\/algarve7.pt\\\/#\\\/schema\\\/person\\\/23fa70681308e7b319a3204bcea45e0c\",\"name\":\"Algarve 7\",\"sameAs\":[\"https:\\\/\\\/algarve7.pt\",\"https:\\\/\\\/www.facebook.com\\\/algarve7\"],\"url\":\"https:\\\/\\\/algarve7.pt\\\/index.php\\\/author\\\/geralalgarve7-pt\\\/\"}]}<\/script>\n<!-- \/ Yoast SEO plugin. -->","yoast_head_json":{"title":"CCDRs do Algarve e do Alentejo promovem a primeira reuni\u00e3o do Conselho Consultivo do ITI \u00c1gua e Ecossistemas de Paisagem - Algarve 7","description":"CCDRs do Algarve e do Alentejo promovem a primeira reuni\u00e3o do Conselho Consultivo do ITI \u00c1gua e Ecossistemas de Paisagem Ambiente","robots":{"index":"index","follow":"follow","max-snippet":"max-snippet:-1","max-image-preview":"max-image-preview:large","max-video-preview":"max-video-preview:-1"},"canonical":"https:\/\/algarve7.pt\/index.php\/2024\/11\/ccdrs-do-algarve-e-do-alentejo-promovem-a-primeira-reuniao-do-conselho-consultivo-do-iti-agua-e-ecossistemas-de-paisagem\/ambiente\/09\/15\/","og_locale":"pt_PT","og_type":"article","og_title":"CCDRs do Algarve e do Alentejo promovem a primeira reuni\u00e3o do Conselho Consultivo do ITI \u00c1gua e Ecossistemas de Paisagem - Algarve 7","og_description":"CCDRs do Algarve e do Alentejo promovem a primeira reuni\u00e3o do Conselho Consultivo do ITI \u00c1gua e Ecossistemas de Paisagem Ambiente","og_url":"https:\/\/algarve7.pt\/index.php\/2024\/11\/ccdrs-do-algarve-e-do-alentejo-promovem-a-primeira-reuniao-do-conselho-consultivo-do-iti-agua-e-ecossistemas-de-paisagem\/ambiente\/09\/15\/","og_site_name":"Algarve 7","article_publisher":"https:\/\/www.facebook.com\/algarve7","article_author":"https:\/\/www.facebook.com\/algarve7","article_published_time":"2024-11-07T09:15:00+00:00","og_image":[{"width":800,"height":500,"url":"https:\/\/algarve7.pt\/wp-content\/uploads\/2024\/11\/20241031_ITI-Agua_Conselho-Consultivo_Almodo-var.jpg","type":"image\/jpeg"}],"author":"Algarve 7","twitter_card":"summary_large_image","twitter_creator":"@Algarvesete","twitter_site":"@Algarvesete","twitter_misc":{"Escrito por":"Algarve 7","Tempo estimado de leitura":"4 minutos"},"schema":{"@context":"https:\/\/schema.org","@graph":[{"@type":"Article","@id":"https:\/\/algarve7.pt\/index.php\/2024\/11\/ccdrs-do-algarve-e-do-alentejo-promovem-a-primeira-reuniao-do-conselho-consultivo-do-iti-agua-e-ecossistemas-de-paisagem\/ambiente\/09\/15\/#article","isPartOf":{"@id":"https:\/\/algarve7.pt\/index.php\/2024\/11\/ccdrs-do-algarve-e-do-alentejo-promovem-a-primeira-reuniao-do-conselho-consultivo-do-iti-agua-e-ecossistemas-de-paisagem\/ambiente\/09\/15\/"},"author":{"name":"Algarve 7","@id":"https:\/\/algarve7.pt\/#\/schema\/person\/23fa70681308e7b319a3204bcea45e0c"},"headline":"CCDRs do Algarve e do Alentejo promovem a primeira reuni\u00e3o do Conselho Consultivo do ITI \u00c1gua e Ecossistemas de Paisagem","datePublished":"2024-11-07T09:15:00+00:00","mainEntityOfPage":{"@id":"https:\/\/algarve7.pt\/index.php\/2024\/11\/ccdrs-do-algarve-e-do-alentejo-promovem-a-primeira-reuniao-do-conselho-consultivo-do-iti-agua-e-ecossistemas-de-paisagem\/ambiente\/09\/15\/"},"wordCount":723,"publisher":{"@id":"https:\/\/algarve7.pt\/#organization"},"image":{"@id":"https:\/\/algarve7.pt\/index.php\/2024\/11\/ccdrs-do-algarve-e-do-alentejo-promovem-a-primeira-reuniao-do-conselho-consultivo-do-iti-agua-e-ecossistemas-de-paisagem\/ambiente\/09\/15\/#primaryimage"},"thumbnailUrl":"https:\/\/algarve7.pt\/wp-content\/uploads\/2024\/11\/20241031_ITI-Agua_Conselho-Consultivo_Almodo-var.jpg","keywords":["Algarve","Ambiente","CCDR Algarve"],"articleSection":["Ambiente"],"inLanguage":"pt-PT"},{"@type":"WebPage","@id":"https:\/\/algarve7.pt\/index.php\/2024\/11\/ccdrs-do-algarve-e-do-alentejo-promovem-a-primeira-reuniao-do-conselho-consultivo-do-iti-agua-e-ecossistemas-de-paisagem\/ambiente\/09\/15\/","url":"https:\/\/algarve7.pt\/index.php\/2024\/11\/ccdrs-do-algarve-e-do-alentejo-promovem-a-primeira-reuniao-do-conselho-consultivo-do-iti-agua-e-ecossistemas-de-paisagem\/ambiente\/09\/15\/","name":"CCDRs do Algarve e do Alentejo promovem a primeira reuni\u00e3o do Conselho Consultivo do ITI \u00c1gua e Ecossistemas de Paisagem - Algarve 7","isPartOf":{"@id":"https:\/\/algarve7.pt\/#website"},"primaryImageOfPage":{"@id":"https:\/\/algarve7.pt\/index.php\/2024\/11\/ccdrs-do-algarve-e-do-alentejo-promovem-a-primeira-reuniao-do-conselho-consultivo-do-iti-agua-e-ecossistemas-de-paisagem\/ambiente\/09\/15\/#primaryimage"},"image":{"@id":"https:\/\/algarve7.pt\/index.php\/2024\/11\/ccdrs-do-algarve-e-do-alentejo-promovem-a-primeira-reuniao-do-conselho-consultivo-do-iti-agua-e-ecossistemas-de-paisagem\/ambiente\/09\/15\/#primaryimage"},"thumbnailUrl":"https:\/\/algarve7.pt\/wp-content\/uploads\/2024\/11\/20241031_ITI-Agua_Conselho-Consultivo_Almodo-var.jpg","datePublished":"2024-11-07T09:15:00+00:00","description":"CCDRs do Algarve e do Alentejo promovem a primeira reuni\u00e3o do Conselho Consultivo do ITI \u00c1gua e Ecossistemas de Paisagem Ambiente","breadcrumb":{"@id":"https:\/\/algarve7.pt\/index.php\/2024\/11\/ccdrs-do-algarve-e-do-alentejo-promovem-a-primeira-reuniao-do-conselho-consultivo-do-iti-agua-e-ecossistemas-de-paisagem\/ambiente\/09\/15\/#breadcrumb"},"inLanguage":"pt-PT","potentialAction":[{"@type":"ReadAction","target":["https:\/\/algarve7.pt\/index.php\/2024\/11\/ccdrs-do-algarve-e-do-alentejo-promovem-a-primeira-reuniao-do-conselho-consultivo-do-iti-agua-e-ecossistemas-de-paisagem\/ambiente\/09\/15\/"]}]},{"@type":"ImageObject","inLanguage":"pt-PT","@id":"https:\/\/algarve7.pt\/index.php\/2024\/11\/ccdrs-do-algarve-e-do-alentejo-promovem-a-primeira-reuniao-do-conselho-consultivo-do-iti-agua-e-ecossistemas-de-paisagem\/ambiente\/09\/15\/#primaryimage","url":"https:\/\/algarve7.pt\/wp-content\/uploads\/2024\/11\/20241031_ITI-Agua_Conselho-Consultivo_Almodo-var.jpg","contentUrl":"https:\/\/algarve7.pt\/wp-content\/uploads\/2024\/11\/20241031_ITI-Agua_Conselho-Consultivo_Almodo-var.jpg","width":800,"height":500},{"@type":"BreadcrumbList","@id":"https:\/\/algarve7.pt\/index.php\/2024\/11\/ccdrs-do-algarve-e-do-alentejo-promovem-a-primeira-reuniao-do-conselho-consultivo-do-iti-agua-e-ecossistemas-de-paisagem\/ambiente\/09\/15\/#breadcrumb","itemListElement":[{"@type":"ListItem","position":1,"name":"In\u00edcio","item":"https:\/\/algarve7.pt\/"},{"@type":"ListItem","position":2,"name":"CCDRs do Algarve e do Alentejo promovem a primeira reuni\u00e3o do Conselho Consultivo do ITI \u00c1gua e Ecossistemas de Paisagem"}]},{"@type":"WebSite","@id":"https:\/\/algarve7.pt\/#website","url":"https:\/\/algarve7.pt\/","name":"Algarve 7","description":"Informa\u00e7\u00e3o sobre o Algarve","publisher":{"@id":"https:\/\/algarve7.pt\/#organization"},"potentialAction":[{"@type":"SearchAction","target":{"@type":"EntryPoint","urlTemplate":"https:\/\/algarve7.pt\/?s={search_term_string}"},"query-input":{"@type":"PropertyValueSpecification","valueRequired":true,"valueName":"search_term_string"}}],"inLanguage":"pt-PT"},{"@type":"Organization","@id":"https:\/\/algarve7.pt\/#organization","name":"Algarve 7","url":"https:\/\/algarve7.pt\/","logo":{"@type":"ImageObject","inLanguage":"pt-PT","@id":"https:\/\/algarve7.pt\/#\/schema\/logo\/image\/","url":"https:\/\/algarve7.pt\/wp-content\/uploads\/2020\/10\/Logo-8.jpg","contentUrl":"https:\/\/algarve7.pt\/wp-content\/uploads\/2020\/10\/Logo-8.jpg","width":1680,"height":1186,"caption":"Algarve 7"},"image":{"@id":"https:\/\/algarve7.pt\/#\/schema\/logo\/image\/"},"sameAs":["https:\/\/www.facebook.com\/algarve7","https:\/\/x.com\/Algarvesete","https:\/\/www.instagram.com\/jornalalgarve7\/","https:\/\/www.linkedin.com\/company\/algarve7","https:\/\/www.pinterest.pt\/geral0939\/_created\/"]},{"@type":"Person","@id":"https:\/\/algarve7.pt\/#\/schema\/person\/23fa70681308e7b319a3204bcea45e0c","name":"Algarve 7","sameAs":["https:\/\/algarve7.pt","https:\/\/www.facebook.com\/algarve7"],"url":"https:\/\/algarve7.pt\/index.php\/author\/geralalgarve7-pt\/"}]}},"jetpack_publicize_connections":[],"jetpack_featured_media_url":"https:\/\/algarve7.pt\/wp-content\/uploads\/2024\/11\/20241031_ITI-Agua_Conselho-Consultivo_Almodo-var.jpg","jetpack_shortlink":"https:\/\/wp.me\/pcezmW-bs1","jetpack_sharing_enabled":true,"_links":{"self":[{"href":"https:\/\/algarve7.pt\/index.php\/wp-json\/wp\/v2\/posts\/44021","targetHints":{"allow":["GET"]}}],"collection":[{"href":"https:\/\/algarve7.pt\/index.php\/wp-json\/wp\/v2\/posts"}],"about":[{"href":"https:\/\/algarve7.pt\/index.php\/wp-json\/wp\/v2\/types\/post"}],"author":[{"embeddable":true,"href":"https:\/\/algarve7.pt\/index.php\/wp-json\/wp\/v2\/users\/1"}],"replies":[{"embeddable":true,"href":"https:\/\/algarve7.pt\/index.php\/wp-json\/wp\/v2\/comments?post=44021"}],"version-history":[{"count":0,"href":"https:\/\/algarve7.pt\/index.php\/wp-json\/wp\/v2\/posts\/44021\/revisions"}],"wp:featuredmedia":[{"embeddable":true,"href":"https:\/\/algarve7.pt\/index.php\/wp-json\/wp\/v2\/media\/44022"}],"wp:attachment":[{"href":"https:\/\/algarve7.pt\/index.php\/wp-json\/wp\/v2\/media?parent=44021"}],"wp:term":[{"taxonomy":"category","embeddable":true,"href":"https:\/\/algarve7.pt\/index.php\/wp-json\/wp\/v2\/categories?post=44021"},{"taxonomy":"post_tag","embeddable":true,"href":"https:\/\/algarve7.pt\/index.php\/wp-json\/wp\/v2\/tags?post=44021"}],"curies":[{"name":"wp","href":"https:\/\/api.w.org\/{rel}","templated":true}]}}