{"id":44009,"date":"2024-11-06T15:15:17","date_gmt":"2024-11-06T15:15:17","guid":{"rendered":"https:\/\/algarve7.pt\/?p=44009"},"modified":"2024-11-06T15:15:18","modified_gmt":"2024-11-06T15:15:18","slug":"o-lac-laboratorio-de-actividades-criativas-anuncia-a-sexta-edicao-do-projecto-roots-que-decorrera-em-lagos","status":"publish","type":"post","link":"https:\/\/algarve7.pt\/index.php\/2024\/11\/o-lac-laboratorio-de-actividades-criativas-anuncia-a-sexta-edicao-do-projecto-roots-que-decorrera-em-lagos\/cultura\/15\/15\/","title":{"rendered":"O LAC &#8211; Laborat\u00f3rio de Actividades Criativas anuncia a sexta edi\u00e7\u00e3o do Projecto ROOTS, que decorrer\u00e1 em Lagos"},"content":{"rendered":"\n<p>Esta edi\u00e7\u00e3o contempla resid\u00eancias art\u00edsticas e exposi\u00e7\u00e3o, sob a curadoria de A. Pedro Correia, bem como uma programa\u00e7\u00e3o paralela, aberta ao p\u00fablico, que inclui debates e confer\u00eancias em parceria com o Museu de Lagos, um ciclo de cinema sob a curadoria de Patr\u00edcia Leal e visitas mediadas \u00e0 exposi\u00e7\u00e3o, pelo servi\u00e7o educativo do LAC. Em Abril e Maio de 2025, a exposi\u00e7\u00e3o ir\u00e1 circular nas Caldas da Rainha e Guimar\u00e3es, em parceria com o Centro de Artes e o CAAA-Centro para os Assuntos de Arte e Arquitectura respectivamente, acompanhadas com actividades de media\u00e7\u00e3o.<\/p>\n\n\n\n<p>A resid\u00eancia art\u00edstica conta com a participa\u00e7\u00e3o dos artistas: Blackson Afonso (Angola), Eug\u00e9nia Mussa (Mo\u00e7ambique), Jos\u00e9 Miguel Gerv\u00e1sio (Portugal) e M\u00e1rcio Carvalho (Portugal). Ser\u00e1 realizada nas instala\u00e7\u00f5es do LAC e prop\u00f5e-se a explorar as m\u00faltiplas camadas da mem\u00f3ria cultural e ancestral, incentivando a cria\u00e7\u00e3o art\u00edstica que reflita sobre heran\u00e7as coletivas e pessoais.<\/p>\n\n\n\n<p>Programa\u00e7\u00e3o completa (Todas as actividades desta programa\u00e7\u00e3o s\u00e3o de entrada e participa\u00e7\u00e3o livre.)<\/p>\n\n\n\n<p>11 a 23 a Novembro &#8211; Resid\u00eancia Art\u00edstica<\/p>\n\n\n\n<p>\u2192 LAC<\/p>\n\n\n\n<p>11 de Novembro a 19 de Dezembro&nbsp;&nbsp;(10h00 &gt; 18h00) &#8211; Instala\u00e7\u00e3o \/ Exposi\u00e7\u00e3o<\/p>\n\n\n\n<p>\u2192 Pra\u00e7a do Infante<\/p>\n\n\n\n<p>17 de Novembro (16h00 &gt; 17h30) &#8211; Confer\u00eancia &#8220;Desconstru\u00e7\u00e3o de Narrativas e Mitos\u201d com \u00c2ngela Ferreira, Sofia Borges e Sara Albuquerque com modera\u00e7\u00e3o de Patr\u00edcia Leal e projec\u00e7\u00e3o do filme \u201cAdventures in Mozambique and the Portuguese Tendency to Forget\u201d de \u00c2ngela Ferreira<\/p>\n\n\n\n<p>\u2192 Armaz\u00e9m Regimental<\/p>\n\n\n\n<p>23 de Novembro a 30 de Dezembro &#8211; Exposi\u00e7\u00e3o ROOTS \/ Visitas mediadas &#8211; Inaugura\u00e7\u00e3o: 23 de Novembro \u00e0s 18h00<\/p>\n\n\n\n<p>\u2192 LAC<\/p>\n\n\n\n<p>27 de Novembro (21h00) &#8211; Ciclo de Cinema \u201cMaison Tropicale\u201d de Manthia Diawara, 2007 document\u00e1rio, 59 min.<\/p>\n\n\n\n<p>\u2192 Biblioteca Municipal J\u00falio Dantas<\/p>\n\n\n\n<p>28 de Novembro (21h00) &#8211; Ciclo de Cinema \u201cSankofa\u201d de Haile Gerima, 1993 fic\u00e7\u00e3o, 124 min.<\/p>\n\n\n\n<p>\u2192 Centro Cultural de Lagos<\/p>\n\n\n\n<p>05 a 30 de Abril 2025 &#8211; Exposi\u00e7\u00e3o ROOTS 2024 \u201cRa\u00edzes e P\u00f3s-Mem\u00f3ria\u201d \/ Ac\u00e7\u00f5es de media\u00e7\u00e3o<\/p>\n\n\n\n<p>\u2192 Centro de Artes &#8211; Caldas da Rainha<\/p>\n\n\n\n<p>10 a 31 de Maio 2025 &#8211; Exposi\u00e7\u00e3o ROOTS 2024 \u201cRa\u00edzes e P\u00f3s-Mem\u00f3ria\u201d\/ Ac\u00e7\u00f5es de media\u00e7\u00e3o<\/p>\n\n\n\n<p>\u2192 CAAA &#8211; Guimar\u00e3es<\/p>\n","protected":false},"excerpt":{"rendered":"<p>Esta edi\u00e7\u00e3o contempla resid\u00eancias art\u00edsticas e exposi\u00e7\u00e3o, sob a curadoria de A. Pedro Correia, bem como uma programa\u00e7\u00e3o paralela, aberta<\/p>\n","protected":false},"author":1,"featured_media":44010,"comment_status":"closed","ping_status":"closed","sticky":false,"template":"","format":"standard","meta":{"colormag_page_container_layout":"default_layout","colormag_page_sidebar_layout":"default_layout","_monsterinsights_skip_tracking":false,"_monsterinsights_sitenote_active":false,"_monsterinsights_sitenote_note":"","_monsterinsights_sitenote_category":0,"jetpack_post_was_ever_published":false,"_jetpack_newsletter_access":"","_jetpack_dont_email_post_to_subs":false,"_jetpack_newsletter_tier_id":0,"_jetpack_memberships_contains_paywalled_content":false,"_jetpack_memberships_contains_paid_content":false,"footnotes":"","jetpack_publicize_message":"","jetpack_publicize_feature_enabled":true,"jetpack_social_post_already_shared":false,"jetpack_social_options":{"image_generator_settings":{"template":"highway","default_image_id":0,"font":"","enabled":false},"version":2}},"categories":[14],"tags":[36,35,1138,68],"class_list":["post-44009","post","type-post","status-publish","format-standard","has-post-thumbnail","hentry","category-cultura","tag-algarve","tag-cultura","tag-lac-laboratorio-de-actividades-criativas","tag-lagos"],"yoast_head":"<!-- This site is optimized with the Yoast SEO plugin v27.5 - https:\/\/yoast.com\/product\/yoast-seo-wordpress\/ -->\n<title>O LAC - Laborat\u00f3rio de Actividades Criativas anuncia a sexta edi\u00e7\u00e3o do Projecto ROOTS, que decorrer\u00e1 em Lagos - Algarve 7<\/title>\n<meta name=\"description\" content=\"O LAC - Laborat\u00f3rio de Actividades Criativas anuncia a sexta edi\u00e7\u00e3o do Projecto ROOTS, que decorrer\u00e1 em Lagos Cultura\" \/>\n<meta name=\"robots\" content=\"index, follow, max-snippet:-1, max-image-preview:large, max-video-preview:-1\" \/>\n<link rel=\"canonical\" href=\"https:\/\/algarve7.pt\/index.php\/2024\/11\/o-lac-laboratorio-de-actividades-criativas-anuncia-a-sexta-edicao-do-projecto-roots-que-decorrera-em-lagos\/cultura\/15\/15\/\" \/>\n<meta property=\"og:locale\" content=\"pt_PT\" \/>\n<meta property=\"og:type\" content=\"article\" \/>\n<meta property=\"og:title\" content=\"O LAC - Laborat\u00f3rio de Actividades Criativas anuncia a sexta edi\u00e7\u00e3o do Projecto ROOTS, que decorrer\u00e1 em Lagos - Algarve 7\" \/>\n<meta property=\"og:description\" content=\"O LAC - Laborat\u00f3rio de Actividades Criativas anuncia a sexta edi\u00e7\u00e3o do Projecto ROOTS, que decorrer\u00e1 em Lagos Cultura\" \/>\n<meta property=\"og:url\" content=\"https:\/\/algarve7.pt\/index.php\/2024\/11\/o-lac-laboratorio-de-actividades-criativas-anuncia-a-sexta-edicao-do-projecto-roots-que-decorrera-em-lagos\/cultura\/15\/15\/\" \/>\n<meta property=\"og:site_name\" content=\"Algarve 7\" \/>\n<meta property=\"article:publisher\" content=\"https:\/\/www.facebook.com\/algarve7\" \/>\n<meta property=\"article:author\" content=\"https:\/\/www.facebook.com\/algarve7\" \/>\n<meta property=\"article:published_time\" content=\"2024-11-06T15:15:17+00:00\" \/>\n<meta property=\"article:modified_time\" content=\"2024-11-06T15:15:18+00:00\" \/>\n<meta property=\"og:image\" content=\"https:\/\/algarve7.pt\/wp-content\/uploads\/2024\/11\/Captura-de-ecra-2024-11-06-as-15.12.53.png\" \/>\n\t<meta property=\"og:image:width\" content=\"800\" \/>\n\t<meta property=\"og:image:height\" content=\"500\" \/>\n\t<meta property=\"og:image:type\" content=\"image\/png\" \/>\n<meta name=\"author\" content=\"Algarve 7\" \/>\n<meta name=\"twitter:card\" content=\"summary_large_image\" \/>\n<meta name=\"twitter:creator\" content=\"@Algarvesete\" \/>\n<meta name=\"twitter:site\" content=\"@Algarvesete\" \/>\n<meta name=\"twitter:label1\" content=\"Escrito por\" \/>\n\t<meta name=\"twitter:data1\" content=\"Algarve 7\" \/>\n\t<meta name=\"twitter:label2\" content=\"Tempo estimado de leitura\" \/>\n\t<meta name=\"twitter:data2\" content=\"3 minutos\" \/>\n<script type=\"application\/ld+json\" class=\"yoast-schema-graph\">{\"@context\":\"https:\\\/\\\/schema.org\",\"@graph\":[{\"@type\":\"Article\",\"@id\":\"https:\\\/\\\/algarve7.pt\\\/index.php\\\/2024\\\/11\\\/o-lac-laboratorio-de-actividades-criativas-anuncia-a-sexta-edicao-do-projecto-roots-que-decorrera-em-lagos\\\/cultura\\\/15\\\/15\\\/#article\",\"isPartOf\":{\"@id\":\"https:\\\/\\\/algarve7.pt\\\/index.php\\\/2024\\\/11\\\/o-lac-laboratorio-de-actividades-criativas-anuncia-a-sexta-edicao-do-projecto-roots-que-decorrera-em-lagos\\\/cultura\\\/15\\\/15\\\/\"},\"author\":{\"name\":\"Algarve 7\",\"@id\":\"https:\\\/\\\/algarve7.pt\\\/#\\\/schema\\\/person\\\/23fa70681308e7b319a3204bcea45e0c\"},\"headline\":\"O LAC &#8211; Laborat\u00f3rio de Actividades Criativas anuncia a sexta edi\u00e7\u00e3o do Projecto ROOTS, que decorrer\u00e1 em Lagos\",\"datePublished\":\"2024-11-06T15:15:17+00:00\",\"dateModified\":\"2024-11-06T15:15:18+00:00\",\"mainEntityOfPage\":{\"@id\":\"https:\\\/\\\/algarve7.pt\\\/index.php\\\/2024\\\/11\\\/o-lac-laboratorio-de-actividades-criativas-anuncia-a-sexta-edicao-do-projecto-roots-que-decorrera-em-lagos\\\/cultura\\\/15\\\/15\\\/\"},\"wordCount\":388,\"publisher\":{\"@id\":\"https:\\\/\\\/algarve7.pt\\\/#organization\"},\"image\":{\"@id\":\"https:\\\/\\\/algarve7.pt\\\/index.php\\\/2024\\\/11\\\/o-lac-laboratorio-de-actividades-criativas-anuncia-a-sexta-edicao-do-projecto-roots-que-decorrera-em-lagos\\\/cultura\\\/15\\\/15\\\/#primaryimage\"},\"thumbnailUrl\":\"https:\\\/\\\/algarve7.pt\\\/wp-content\\\/uploads\\\/2024\\\/11\\\/Captura-de-ecra-2024-11-06-as-15.12.53.png\",\"keywords\":[\"Algarve\",\"Cultura\",\"LAC - Laborat\u00f3rio de Actividades Criativas\",\"Lagos\"],\"articleSection\":[\"Cultura\"],\"inLanguage\":\"pt-PT\"},{\"@type\":\"WebPage\",\"@id\":\"https:\\\/\\\/algarve7.pt\\\/index.php\\\/2024\\\/11\\\/o-lac-laboratorio-de-actividades-criativas-anuncia-a-sexta-edicao-do-projecto-roots-que-decorrera-em-lagos\\\/cultura\\\/15\\\/15\\\/\",\"url\":\"https:\\\/\\\/algarve7.pt\\\/index.php\\\/2024\\\/11\\\/o-lac-laboratorio-de-actividades-criativas-anuncia-a-sexta-edicao-do-projecto-roots-que-decorrera-em-lagos\\\/cultura\\\/15\\\/15\\\/\",\"name\":\"O LAC - Laborat\u00f3rio de Actividades Criativas anuncia a sexta edi\u00e7\u00e3o do Projecto ROOTS, que decorrer\u00e1 em Lagos - Algarve 7\",\"isPartOf\":{\"@id\":\"https:\\\/\\\/algarve7.pt\\\/#website\"},\"primaryImageOfPage\":{\"@id\":\"https:\\\/\\\/algarve7.pt\\\/index.php\\\/2024\\\/11\\\/o-lac-laboratorio-de-actividades-criativas-anuncia-a-sexta-edicao-do-projecto-roots-que-decorrera-em-lagos\\\/cultura\\\/15\\\/15\\\/#primaryimage\"},\"image\":{\"@id\":\"https:\\\/\\\/algarve7.pt\\\/index.php\\\/2024\\\/11\\\/o-lac-laboratorio-de-actividades-criativas-anuncia-a-sexta-edicao-do-projecto-roots-que-decorrera-em-lagos\\\/cultura\\\/15\\\/15\\\/#primaryimage\"},\"thumbnailUrl\":\"https:\\\/\\\/algarve7.pt\\\/wp-content\\\/uploads\\\/2024\\\/11\\\/Captura-de-ecra-2024-11-06-as-15.12.53.png\",\"datePublished\":\"2024-11-06T15:15:17+00:00\",\"dateModified\":\"2024-11-06T15:15:18+00:00\",\"description\":\"O LAC - Laborat\u00f3rio de Actividades Criativas anuncia a sexta edi\u00e7\u00e3o do Projecto ROOTS, que decorrer\u00e1 em Lagos Cultura\",\"breadcrumb\":{\"@id\":\"https:\\\/\\\/algarve7.pt\\\/index.php\\\/2024\\\/11\\\/o-lac-laboratorio-de-actividades-criativas-anuncia-a-sexta-edicao-do-projecto-roots-que-decorrera-em-lagos\\\/cultura\\\/15\\\/15\\\/#breadcrumb\"},\"inLanguage\":\"pt-PT\",\"potentialAction\":[{\"@type\":\"ReadAction\",\"target\":[\"https:\\\/\\\/algarve7.pt\\\/index.php\\\/2024\\\/11\\\/o-lac-laboratorio-de-actividades-criativas-anuncia-a-sexta-edicao-do-projecto-roots-que-decorrera-em-lagos\\\/cultura\\\/15\\\/15\\\/\"]}]},{\"@type\":\"ImageObject\",\"inLanguage\":\"pt-PT\",\"@id\":\"https:\\\/\\\/algarve7.pt\\\/index.php\\\/2024\\\/11\\\/o-lac-laboratorio-de-actividades-criativas-anuncia-a-sexta-edicao-do-projecto-roots-que-decorrera-em-lagos\\\/cultura\\\/15\\\/15\\\/#primaryimage\",\"url\":\"https:\\\/\\\/algarve7.pt\\\/wp-content\\\/uploads\\\/2024\\\/11\\\/Captura-de-ecra-2024-11-06-as-15.12.53.png\",\"contentUrl\":\"https:\\\/\\\/algarve7.pt\\\/wp-content\\\/uploads\\\/2024\\\/11\\\/Captura-de-ecra-2024-11-06-as-15.12.53.png\",\"width\":800,\"height\":500},{\"@type\":\"BreadcrumbList\",\"@id\":\"https:\\\/\\\/algarve7.pt\\\/index.php\\\/2024\\\/11\\\/o-lac-laboratorio-de-actividades-criativas-anuncia-a-sexta-edicao-do-projecto-roots-que-decorrera-em-lagos\\\/cultura\\\/15\\\/15\\\/#breadcrumb\",\"itemListElement\":[{\"@type\":\"ListItem\",\"position\":1,\"name\":\"In\u00edcio\",\"item\":\"https:\\\/\\\/algarve7.pt\\\/\"},{\"@type\":\"ListItem\",\"position\":2,\"name\":\"O LAC &#8211; Laborat\u00f3rio de Actividades Criativas anuncia a sexta edi\u00e7\u00e3o do Projecto ROOTS, que decorrer\u00e1 em Lagos\"}]},{\"@type\":\"WebSite\",\"@id\":\"https:\\\/\\\/algarve7.pt\\\/#website\",\"url\":\"https:\\\/\\\/algarve7.pt\\\/\",\"name\":\"Algarve 7\",\"description\":\"Informa\u00e7\u00e3o sobre o Algarve\",\"publisher\":{\"@id\":\"https:\\\/\\\/algarve7.pt\\\/#organization\"},\"potentialAction\":[{\"@type\":\"SearchAction\",\"target\":{\"@type\":\"EntryPoint\",\"urlTemplate\":\"https:\\\/\\\/algarve7.pt\\\/?s={search_term_string}\"},\"query-input\":{\"@type\":\"PropertyValueSpecification\",\"valueRequired\":true,\"valueName\":\"search_term_string\"}}],\"inLanguage\":\"pt-PT\"},{\"@type\":\"Organization\",\"@id\":\"https:\\\/\\\/algarve7.pt\\\/#organization\",\"name\":\"Algarve 7\",\"url\":\"https:\\\/\\\/algarve7.pt\\\/\",\"logo\":{\"@type\":\"ImageObject\",\"inLanguage\":\"pt-PT\",\"@id\":\"https:\\\/\\\/algarve7.pt\\\/#\\\/schema\\\/logo\\\/image\\\/\",\"url\":\"https:\\\/\\\/algarve7.pt\\\/wp-content\\\/uploads\\\/2020\\\/10\\\/Logo-8.jpg\",\"contentUrl\":\"https:\\\/\\\/algarve7.pt\\\/wp-content\\\/uploads\\\/2020\\\/10\\\/Logo-8.jpg\",\"width\":1680,\"height\":1186,\"caption\":\"Algarve 7\"},\"image\":{\"@id\":\"https:\\\/\\\/algarve7.pt\\\/#\\\/schema\\\/logo\\\/image\\\/\"},\"sameAs\":[\"https:\\\/\\\/www.facebook.com\\\/algarve7\",\"https:\\\/\\\/x.com\\\/Algarvesete\",\"https:\\\/\\\/www.instagram.com\\\/jornalalgarve7\\\/\",\"https:\\\/\\\/www.linkedin.com\\\/company\\\/algarve7\",\"https:\\\/\\\/www.pinterest.pt\\\/geral0939\\\/_created\\\/\"]},{\"@type\":\"Person\",\"@id\":\"https:\\\/\\\/algarve7.pt\\\/#\\\/schema\\\/person\\\/23fa70681308e7b319a3204bcea45e0c\",\"name\":\"Algarve 7\",\"sameAs\":[\"https:\\\/\\\/algarve7.pt\",\"https:\\\/\\\/www.facebook.com\\\/algarve7\"],\"url\":\"https:\\\/\\\/algarve7.pt\\\/index.php\\\/author\\\/geralalgarve7-pt\\\/\"}]}<\/script>\n<!-- \/ Yoast SEO plugin. -->","yoast_head_json":{"title":"O LAC - Laborat\u00f3rio de Actividades Criativas anuncia a sexta edi\u00e7\u00e3o do Projecto ROOTS, que decorrer\u00e1 em Lagos - Algarve 7","description":"O LAC - Laborat\u00f3rio de Actividades Criativas anuncia a sexta edi\u00e7\u00e3o do Projecto ROOTS, que decorrer\u00e1 em Lagos Cultura","robots":{"index":"index","follow":"follow","max-snippet":"max-snippet:-1","max-image-preview":"max-image-preview:large","max-video-preview":"max-video-preview:-1"},"canonical":"https:\/\/algarve7.pt\/index.php\/2024\/11\/o-lac-laboratorio-de-actividades-criativas-anuncia-a-sexta-edicao-do-projecto-roots-que-decorrera-em-lagos\/cultura\/15\/15\/","og_locale":"pt_PT","og_type":"article","og_title":"O LAC - Laborat\u00f3rio de Actividades Criativas anuncia a sexta edi\u00e7\u00e3o do Projecto ROOTS, que decorrer\u00e1 em Lagos - Algarve 7","og_description":"O LAC - Laborat\u00f3rio de Actividades Criativas anuncia a sexta edi\u00e7\u00e3o do Projecto ROOTS, que decorrer\u00e1 em Lagos Cultura","og_url":"https:\/\/algarve7.pt\/index.php\/2024\/11\/o-lac-laboratorio-de-actividades-criativas-anuncia-a-sexta-edicao-do-projecto-roots-que-decorrera-em-lagos\/cultura\/15\/15\/","og_site_name":"Algarve 7","article_publisher":"https:\/\/www.facebook.com\/algarve7","article_author":"https:\/\/www.facebook.com\/algarve7","article_published_time":"2024-11-06T15:15:17+00:00","article_modified_time":"2024-11-06T15:15:18+00:00","og_image":[{"width":800,"height":500,"url":"https:\/\/algarve7.pt\/wp-content\/uploads\/2024\/11\/Captura-de-ecra-2024-11-06-as-15.12.53.png","type":"image\/png"}],"author":"Algarve 7","twitter_card":"summary_large_image","twitter_creator":"@Algarvesete","twitter_site":"@Algarvesete","twitter_misc":{"Escrito por":"Algarve 7","Tempo estimado de leitura":"3 minutos"},"schema":{"@context":"https:\/\/schema.org","@graph":[{"@type":"Article","@id":"https:\/\/algarve7.pt\/index.php\/2024\/11\/o-lac-laboratorio-de-actividades-criativas-anuncia-a-sexta-edicao-do-projecto-roots-que-decorrera-em-lagos\/cultura\/15\/15\/#article","isPartOf":{"@id":"https:\/\/algarve7.pt\/index.php\/2024\/11\/o-lac-laboratorio-de-actividades-criativas-anuncia-a-sexta-edicao-do-projecto-roots-que-decorrera-em-lagos\/cultura\/15\/15\/"},"author":{"name":"Algarve 7","@id":"https:\/\/algarve7.pt\/#\/schema\/person\/23fa70681308e7b319a3204bcea45e0c"},"headline":"O LAC &#8211; Laborat\u00f3rio de Actividades Criativas anuncia a sexta edi\u00e7\u00e3o do Projecto ROOTS, que decorrer\u00e1 em Lagos","datePublished":"2024-11-06T15:15:17+00:00","dateModified":"2024-11-06T15:15:18+00:00","mainEntityOfPage":{"@id":"https:\/\/algarve7.pt\/index.php\/2024\/11\/o-lac-laboratorio-de-actividades-criativas-anuncia-a-sexta-edicao-do-projecto-roots-que-decorrera-em-lagos\/cultura\/15\/15\/"},"wordCount":388,"publisher":{"@id":"https:\/\/algarve7.pt\/#organization"},"image":{"@id":"https:\/\/algarve7.pt\/index.php\/2024\/11\/o-lac-laboratorio-de-actividades-criativas-anuncia-a-sexta-edicao-do-projecto-roots-que-decorrera-em-lagos\/cultura\/15\/15\/#primaryimage"},"thumbnailUrl":"https:\/\/algarve7.pt\/wp-content\/uploads\/2024\/11\/Captura-de-ecra-2024-11-06-as-15.12.53.png","keywords":["Algarve","Cultura","LAC - Laborat\u00f3rio de Actividades Criativas","Lagos"],"articleSection":["Cultura"],"inLanguage":"pt-PT"},{"@type":"WebPage","@id":"https:\/\/algarve7.pt\/index.php\/2024\/11\/o-lac-laboratorio-de-actividades-criativas-anuncia-a-sexta-edicao-do-projecto-roots-que-decorrera-em-lagos\/cultura\/15\/15\/","url":"https:\/\/algarve7.pt\/index.php\/2024\/11\/o-lac-laboratorio-de-actividades-criativas-anuncia-a-sexta-edicao-do-projecto-roots-que-decorrera-em-lagos\/cultura\/15\/15\/","name":"O LAC - Laborat\u00f3rio de Actividades Criativas anuncia a sexta edi\u00e7\u00e3o do Projecto ROOTS, que decorrer\u00e1 em Lagos - Algarve 7","isPartOf":{"@id":"https:\/\/algarve7.pt\/#website"},"primaryImageOfPage":{"@id":"https:\/\/algarve7.pt\/index.php\/2024\/11\/o-lac-laboratorio-de-actividades-criativas-anuncia-a-sexta-edicao-do-projecto-roots-que-decorrera-em-lagos\/cultura\/15\/15\/#primaryimage"},"image":{"@id":"https:\/\/algarve7.pt\/index.php\/2024\/11\/o-lac-laboratorio-de-actividades-criativas-anuncia-a-sexta-edicao-do-projecto-roots-que-decorrera-em-lagos\/cultura\/15\/15\/#primaryimage"},"thumbnailUrl":"https:\/\/algarve7.pt\/wp-content\/uploads\/2024\/11\/Captura-de-ecra-2024-11-06-as-15.12.53.png","datePublished":"2024-11-06T15:15:17+00:00","dateModified":"2024-11-06T15:15:18+00:00","description":"O LAC - Laborat\u00f3rio de Actividades Criativas anuncia a sexta edi\u00e7\u00e3o do Projecto ROOTS, que decorrer\u00e1 em Lagos Cultura","breadcrumb":{"@id":"https:\/\/algarve7.pt\/index.php\/2024\/11\/o-lac-laboratorio-de-actividades-criativas-anuncia-a-sexta-edicao-do-projecto-roots-que-decorrera-em-lagos\/cultura\/15\/15\/#breadcrumb"},"inLanguage":"pt-PT","potentialAction":[{"@type":"ReadAction","target":["https:\/\/algarve7.pt\/index.php\/2024\/11\/o-lac-laboratorio-de-actividades-criativas-anuncia-a-sexta-edicao-do-projecto-roots-que-decorrera-em-lagos\/cultura\/15\/15\/"]}]},{"@type":"ImageObject","inLanguage":"pt-PT","@id":"https:\/\/algarve7.pt\/index.php\/2024\/11\/o-lac-laboratorio-de-actividades-criativas-anuncia-a-sexta-edicao-do-projecto-roots-que-decorrera-em-lagos\/cultura\/15\/15\/#primaryimage","url":"https:\/\/algarve7.pt\/wp-content\/uploads\/2024\/11\/Captura-de-ecra-2024-11-06-as-15.12.53.png","contentUrl":"https:\/\/algarve7.pt\/wp-content\/uploads\/2024\/11\/Captura-de-ecra-2024-11-06-as-15.12.53.png","width":800,"height":500},{"@type":"BreadcrumbList","@id":"https:\/\/algarve7.pt\/index.php\/2024\/11\/o-lac-laboratorio-de-actividades-criativas-anuncia-a-sexta-edicao-do-projecto-roots-que-decorrera-em-lagos\/cultura\/15\/15\/#breadcrumb","itemListElement":[{"@type":"ListItem","position":1,"name":"In\u00edcio","item":"https:\/\/algarve7.pt\/"},{"@type":"ListItem","position":2,"name":"O LAC &#8211; Laborat\u00f3rio de Actividades Criativas anuncia a sexta edi\u00e7\u00e3o do Projecto ROOTS, que decorrer\u00e1 em Lagos"}]},{"@type":"WebSite","@id":"https:\/\/algarve7.pt\/#website","url":"https:\/\/algarve7.pt\/","name":"Algarve 7","description":"Informa\u00e7\u00e3o sobre o Algarve","publisher":{"@id":"https:\/\/algarve7.pt\/#organization"},"potentialAction":[{"@type":"SearchAction","target":{"@type":"EntryPoint","urlTemplate":"https:\/\/algarve7.pt\/?s={search_term_string}"},"query-input":{"@type":"PropertyValueSpecification","valueRequired":true,"valueName":"search_term_string"}}],"inLanguage":"pt-PT"},{"@type":"Organization","@id":"https:\/\/algarve7.pt\/#organization","name":"Algarve 7","url":"https:\/\/algarve7.pt\/","logo":{"@type":"ImageObject","inLanguage":"pt-PT","@id":"https:\/\/algarve7.pt\/#\/schema\/logo\/image\/","url":"https:\/\/algarve7.pt\/wp-content\/uploads\/2020\/10\/Logo-8.jpg","contentUrl":"https:\/\/algarve7.pt\/wp-content\/uploads\/2020\/10\/Logo-8.jpg","width":1680,"height":1186,"caption":"Algarve 7"},"image":{"@id":"https:\/\/algarve7.pt\/#\/schema\/logo\/image\/"},"sameAs":["https:\/\/www.facebook.com\/algarve7","https:\/\/x.com\/Algarvesete","https:\/\/www.instagram.com\/jornalalgarve7\/","https:\/\/www.linkedin.com\/company\/algarve7","https:\/\/www.pinterest.pt\/geral0939\/_created\/"]},{"@type":"Person","@id":"https:\/\/algarve7.pt\/#\/schema\/person\/23fa70681308e7b319a3204bcea45e0c","name":"Algarve 7","sameAs":["https:\/\/algarve7.pt","https:\/\/www.facebook.com\/algarve7"],"url":"https:\/\/algarve7.pt\/index.php\/author\/geralalgarve7-pt\/"}]}},"jetpack_publicize_connections":[],"jetpack_featured_media_url":"https:\/\/algarve7.pt\/wp-content\/uploads\/2024\/11\/Captura-de-ecra-2024-11-06-as-15.12.53.png","jetpack_shortlink":"https:\/\/wp.me\/pcezmW-brP","jetpack_sharing_enabled":true,"_links":{"self":[{"href":"https:\/\/algarve7.pt\/index.php\/wp-json\/wp\/v2\/posts\/44009","targetHints":{"allow":["GET"]}}],"collection":[{"href":"https:\/\/algarve7.pt\/index.php\/wp-json\/wp\/v2\/posts"}],"about":[{"href":"https:\/\/algarve7.pt\/index.php\/wp-json\/wp\/v2\/types\/post"}],"author":[{"embeddable":true,"href":"https:\/\/algarve7.pt\/index.php\/wp-json\/wp\/v2\/users\/1"}],"replies":[{"embeddable":true,"href":"https:\/\/algarve7.pt\/index.php\/wp-json\/wp\/v2\/comments?post=44009"}],"version-history":[{"count":0,"href":"https:\/\/algarve7.pt\/index.php\/wp-json\/wp\/v2\/posts\/44009\/revisions"}],"wp:featuredmedia":[{"embeddable":true,"href":"https:\/\/algarve7.pt\/index.php\/wp-json\/wp\/v2\/media\/44010"}],"wp:attachment":[{"href":"https:\/\/algarve7.pt\/index.php\/wp-json\/wp\/v2\/media?parent=44009"}],"wp:term":[{"taxonomy":"category","embeddable":true,"href":"https:\/\/algarve7.pt\/index.php\/wp-json\/wp\/v2\/categories?post=44009"},{"taxonomy":"post_tag","embeddable":true,"href":"https:\/\/algarve7.pt\/index.php\/wp-json\/wp\/v2\/tags?post=44009"}],"curies":[{"name":"wp","href":"https:\/\/api.w.org\/{rel}","templated":true}]}}