{"id":44005,"date":"2024-11-06T15:03:11","date_gmt":"2024-11-06T15:03:11","guid":{"rendered":"https:\/\/algarve7.pt\/?p=44005"},"modified":"2024-11-06T15:03:13","modified_gmt":"2024-11-06T15:03:13","slug":"2a-edicao-do-nomad-world-fest-reforca-o-estatuto-de-albufeira-na-comunidade-dos-nomadas-digitais","status":"publish","type":"post","link":"https:\/\/algarve7.pt\/index.php\/2024\/11\/2a-edicao-do-nomad-world-fest-reforca-o-estatuto-de-albufeira-na-comunidade-dos-nomadas-digitais\/atualidade\/15\/03\/","title":{"rendered":"2\u00aa Edi\u00e7\u00e3o do \u201cNomad World Fest\u201d refor\u00e7a o estatuto de Albufeira na comunidade dos n\u00f3madas digitais"},"content":{"rendered":"\n<p>Em 2024 o \u201cNomad World Fest\u201d regressou a Albufeira para mais uma edi\u00e7\u00e3o de excel\u00eancia, onde pela primeira vez, o \u201cpalco\u201d escolhido foi uma tenda \u00e0 beira mar, propositadamente montada para acolher o evento, que se realizou tamb\u00e9m na sala azul, no edif\u00edcio do Inatel, aberta todos os dias do ano para acolher os n\u00f3madas digitais.<\/p>\n\n\n\n<p>O presidente da C\u00e2mara Municipal faz quest\u00e3o de real\u00e7ar que Albufeira n\u00e3o \u00e9 s\u00f3 um destino de sol e praia. Jos\u00e9 Carlos Rolo sublinha que \u201cAlbufeira n\u00e3o \u00e9 apenas um s\u00edtio de f\u00e9rias, \u00e9 tamb\u00e9m um concelho que tem todas as condi\u00e7\u00f5es para receber os chamados n\u00f3madas digitais, referindo que s\u00f3 este ano j\u00e1 passaram pela Sala Azul 1500 pessoas que frequentam aquele espa\u00e7o para trabalhar \u00e0 dist\u00e2ncia, trocar contactos e que, paralelamente, se inserem na vida da comunidade.&nbsp;<\/p>\n\n\n\n<p>O evento, organizado pela Digital Nomads Association de Portugal (DNA Portugal) com coorganiza\u00e7\u00e3o do Munic\u00edpio de Albufeira, integrou palestras com especialistas com larga experi\u00eancia em trabalho remoto, web3, co-living, co-working, IA \u2013 Intelig\u00eancia Artificial e o futuro do trabalho. Paralelamente \u00e0s palestras e workshops pr\u00e1ticos, o \u201cNomad World Fest\u201d incluiu um programa social: um sunset com m\u00fasica ao vivo na praia, passeio de barco pela costa para ver os golfinhos e as grutas, Acro Yoga, visita ao Zoomarine, prova de vinhos e dan\u00e7a, um Jantar de Gala com showcooking, pedy paper, festa de m\u00fasica eletr\u00f3nica e networking, aulas de padle, voleibol, caminhadas pelos bonitos trilhos da Praia da Fal\u00e9sia, entre outros momentos informais que tiveram por objetivo dar a conhecer Albufeira aos participantes do certame, promover o conv\u00edvio, a partilha de experi\u00eancias e a oportunidade para descontrair.&nbsp;<\/p>\n\n\n\n<p>Foram muitas as rea\u00e7\u00f5es positivas e os elogios ao evento, designadamente do copropriet\u00e1rio do maior Festival N\u00f3mada do Mundo, Philipp Alexander Weber, que referiu-se ao \u201cNomad World Fest\u201d como um evento \u00e9pico.<\/p>\n\n\n\n<p>A iniciativa, para al\u00e9m do impacto bastante positivo ao n\u00edvel da experi\u00eancia dos participantes, gerou uma enorme visibilidade nas redes sociais, o que refor\u00e7a o estatuto de Albufeira na comunidade de N\u00f3madas Digitais.<\/p>\n\n\n\n<p>Assim, nos \u00faltimos 90 dias (30 de julho a 27 de outubro) as publica\u00e7\u00f5es relacionadas com o evento obtiveram 106&nbsp;452 visualiza\u00e7\u00f5es, sendo que por tipo de conte\u00fados as story`s recolheram 36,6% de visualiza\u00e7\u00f5es, as publica\u00e7\u00f5es 37% e os Reels 24,4%, sendo de sublinhar que, apenas no per\u00edodo entre 12 de setembro e 22 de outubro, foram publicadas 7000 storys. Relativamente aos posts publicados entre 28 de junho e 26 de outubro, o alcance m\u00e9dio por publica\u00e7\u00e3o foi de 240,25 (+ 926,37%) por post, comparativamente aos \u00faltimos 12 meses. Quanto \u00e0s publica\u00e7\u00f5es realizadas entre 1 de maio e 7 de outubro, as estat\u00edsticas mostram que receberam um envolvimento de 168,26 (mais 476.68%), alcan\u00e7aram 862 intera\u00e7\u00f5es (mais 7736,36%), igualmente, em compara\u00e7\u00e3o com os \u00faltimos 12 meses das publica\u00e7\u00f5es efetuadas na p\u00e1gina de Facebook do evento. Refira-se que, no mesmo per\u00edodo em an\u00e1lise, as publica\u00e7\u00f5es sobre o evento tiveram um alcance m\u00e9dio por post de 240,25 (mais 926,37%) e 142 no total das publica\u00e7\u00f5es (mais 425,93%). Destaque-se, ainda, que no top 10 dos pa\u00edses que mais pesquisaram informa\u00e7\u00e3o sobre o Summit, Portugal aparece em primeiro lugar (26,88%), seguido dos Estados Unidos (12,10%), em terceiro aparece Espanha (11,83%), seguido do Reino Unido (6,72%), Alemanha (3,49%), It\u00e1lia (3,36%), Brasil (2,69%), Pa\u00edses Baixos (2,28%), Canad\u00e1 (2,15%) e Su\u00ed\u00e7a (2,02%). No top 10 das cidades temos: Lisboa (3,49%), Albufeira (3,35%), Nova Iorque (2,28%), Barcelona (2,02%), Londres (1,85%), Faro (1,61%), Funchal (1,48%), Olh\u00e3o (1,21%), Porto (1,21%) e Cascais (2,02%).&nbsp;<\/p>\n","protected":false},"excerpt":{"rendered":"<p>Em 2024 o \u201cNomad World Fest\u201d regressou a Albufeira para mais uma edi\u00e7\u00e3o de excel\u00eancia, onde pela primeira vez, o<\/p>\n","protected":false},"author":1,"featured_media":44007,"comment_status":"closed","ping_status":"closed","sticky":false,"template":"","format":"standard","meta":{"colormag_page_container_layout":"default_layout","colormag_page_sidebar_layout":"default_layout","_monsterinsights_skip_tracking":false,"_monsterinsights_sitenote_active":false,"_monsterinsights_sitenote_note":"","_monsterinsights_sitenote_category":0,"jetpack_post_was_ever_published":false,"_jetpack_newsletter_access":"","_jetpack_dont_email_post_to_subs":false,"_jetpack_newsletter_tier_id":0,"_jetpack_memberships_contains_paywalled_content":false,"_jetpack_memberships_contains_paid_content":false,"footnotes":"","jetpack_publicize_message":"","jetpack_publicize_feature_enabled":true,"jetpack_social_post_already_shared":false,"jetpack_social_options":{"image_generator_settings":{"template":"highway","default_image_id":0,"font":"","enabled":false},"version":2}},"categories":[11],"tags":[155,36,62],"class_list":["post-44005","post","type-post","status-publish","format-standard","has-post-thumbnail","hentry","category-atualidade","tag-albufeira","tag-algarve","tag-atualidade"],"yoast_head":"<!-- This site is optimized with the Yoast SEO plugin v27.5 - https:\/\/yoast.com\/product\/yoast-seo-wordpress\/ -->\n<title>2\u00aa Edi\u00e7\u00e3o do \u201cNomad World Fest\u201d refor\u00e7a o estatuto de Albufeira na comunidade dos n\u00f3madas digitais - Algarve 7<\/title>\n<meta name=\"description\" content=\"2\u00aa Edi\u00e7\u00e3o do \u201cNomad World Fest\u201d refor\u00e7a o estatuto de Albufeira na comunidade dos n\u00f3madas digitais Atualidade\" \/>\n<meta name=\"robots\" content=\"index, follow, max-snippet:-1, max-image-preview:large, max-video-preview:-1\" \/>\n<link rel=\"canonical\" href=\"https:\/\/algarve7.pt\/index.php\/2024\/11\/2a-edicao-do-nomad-world-fest-reforca-o-estatuto-de-albufeira-na-comunidade-dos-nomadas-digitais\/atualidade\/15\/03\/\" \/>\n<meta property=\"og:locale\" content=\"pt_PT\" \/>\n<meta property=\"og:type\" content=\"article\" \/>\n<meta property=\"og:title\" content=\"2\u00aa Edi\u00e7\u00e3o do \u201cNomad World Fest\u201d refor\u00e7a o estatuto de Albufeira na comunidade dos n\u00f3madas digitais - Algarve 7\" \/>\n<meta property=\"og:description\" content=\"2\u00aa Edi\u00e7\u00e3o do \u201cNomad World Fest\u201d refor\u00e7a o estatuto de Albufeira na comunidade dos n\u00f3madas digitais Atualidade\" \/>\n<meta property=\"og:url\" content=\"https:\/\/algarve7.pt\/index.php\/2024\/11\/2a-edicao-do-nomad-world-fest-reforca-o-estatuto-de-albufeira-na-comunidade-dos-nomadas-digitais\/atualidade\/15\/03\/\" \/>\n<meta property=\"og:site_name\" content=\"Algarve 7\" \/>\n<meta property=\"article:publisher\" content=\"https:\/\/www.facebook.com\/algarve7\" \/>\n<meta property=\"article:author\" content=\"https:\/\/www.facebook.com\/algarve7\" \/>\n<meta property=\"article:published_time\" content=\"2024-11-06T15:03:11+00:00\" \/>\n<meta property=\"article:modified_time\" content=\"2024-11-06T15:03:13+00:00\" \/>\n<meta property=\"og:image\" content=\"https:\/\/algarve7.pt\/wp-content\/uploads\/2024\/11\/Awards-Ceremony-117-Copia.jpg\" \/>\n\t<meta property=\"og:image:width\" content=\"800\" \/>\n\t<meta property=\"og:image:height\" content=\"470\" \/>\n\t<meta property=\"og:image:type\" content=\"image\/jpeg\" \/>\n<meta name=\"author\" content=\"Algarve 7\" \/>\n<meta name=\"twitter:card\" content=\"summary_large_image\" \/>\n<meta name=\"twitter:creator\" content=\"@Algarvesete\" \/>\n<meta name=\"twitter:site\" content=\"@Algarvesete\" \/>\n<meta name=\"twitter:label1\" content=\"Escrito por\" \/>\n\t<meta name=\"twitter:data1\" content=\"Algarve 7\" \/>\n\t<meta name=\"twitter:label2\" content=\"Tempo estimado de leitura\" \/>\n\t<meta name=\"twitter:data2\" content=\"4 minutos\" \/>\n<script type=\"application\/ld+json\" class=\"yoast-schema-graph\">{\"@context\":\"https:\\\/\\\/schema.org\",\"@graph\":[{\"@type\":\"Article\",\"@id\":\"https:\\\/\\\/algarve7.pt\\\/index.php\\\/2024\\\/11\\\/2a-edicao-do-nomad-world-fest-reforca-o-estatuto-de-albufeira-na-comunidade-dos-nomadas-digitais\\\/atualidade\\\/15\\\/03\\\/#article\",\"isPartOf\":{\"@id\":\"https:\\\/\\\/algarve7.pt\\\/index.php\\\/2024\\\/11\\\/2a-edicao-do-nomad-world-fest-reforca-o-estatuto-de-albufeira-na-comunidade-dos-nomadas-digitais\\\/atualidade\\\/15\\\/03\\\/\"},\"author\":{\"name\":\"Algarve 7\",\"@id\":\"https:\\\/\\\/algarve7.pt\\\/#\\\/schema\\\/person\\\/23fa70681308e7b319a3204bcea45e0c\"},\"headline\":\"2\u00aa Edi\u00e7\u00e3o do \u201cNomad World Fest\u201d refor\u00e7a o estatuto de Albufeira na comunidade dos n\u00f3madas digitais\",\"datePublished\":\"2024-11-06T15:03:11+00:00\",\"dateModified\":\"2024-11-06T15:03:13+00:00\",\"mainEntityOfPage\":{\"@id\":\"https:\\\/\\\/algarve7.pt\\\/index.php\\\/2024\\\/11\\\/2a-edicao-do-nomad-world-fest-reforca-o-estatuto-de-albufeira-na-comunidade-dos-nomadas-digitais\\\/atualidade\\\/15\\\/03\\\/\"},\"wordCount\":607,\"publisher\":{\"@id\":\"https:\\\/\\\/algarve7.pt\\\/#organization\"},\"image\":{\"@id\":\"https:\\\/\\\/algarve7.pt\\\/index.php\\\/2024\\\/11\\\/2a-edicao-do-nomad-world-fest-reforca-o-estatuto-de-albufeira-na-comunidade-dos-nomadas-digitais\\\/atualidade\\\/15\\\/03\\\/#primaryimage\"},\"thumbnailUrl\":\"https:\\\/\\\/algarve7.pt\\\/wp-content\\\/uploads\\\/2024\\\/11\\\/Awards-Ceremony-117-Copia.jpg\",\"keywords\":[\"Albufeira\",\"Algarve\",\"Atualidade\"],\"articleSection\":[\"Atualidade\"],\"inLanguage\":\"pt-PT\"},{\"@type\":\"WebPage\",\"@id\":\"https:\\\/\\\/algarve7.pt\\\/index.php\\\/2024\\\/11\\\/2a-edicao-do-nomad-world-fest-reforca-o-estatuto-de-albufeira-na-comunidade-dos-nomadas-digitais\\\/atualidade\\\/15\\\/03\\\/\",\"url\":\"https:\\\/\\\/algarve7.pt\\\/index.php\\\/2024\\\/11\\\/2a-edicao-do-nomad-world-fest-reforca-o-estatuto-de-albufeira-na-comunidade-dos-nomadas-digitais\\\/atualidade\\\/15\\\/03\\\/\",\"name\":\"2\u00aa Edi\u00e7\u00e3o do \u201cNomad World Fest\u201d refor\u00e7a o estatuto de Albufeira na comunidade dos n\u00f3madas digitais - Algarve 7\",\"isPartOf\":{\"@id\":\"https:\\\/\\\/algarve7.pt\\\/#website\"},\"primaryImageOfPage\":{\"@id\":\"https:\\\/\\\/algarve7.pt\\\/index.php\\\/2024\\\/11\\\/2a-edicao-do-nomad-world-fest-reforca-o-estatuto-de-albufeira-na-comunidade-dos-nomadas-digitais\\\/atualidade\\\/15\\\/03\\\/#primaryimage\"},\"image\":{\"@id\":\"https:\\\/\\\/algarve7.pt\\\/index.php\\\/2024\\\/11\\\/2a-edicao-do-nomad-world-fest-reforca-o-estatuto-de-albufeira-na-comunidade-dos-nomadas-digitais\\\/atualidade\\\/15\\\/03\\\/#primaryimage\"},\"thumbnailUrl\":\"https:\\\/\\\/algarve7.pt\\\/wp-content\\\/uploads\\\/2024\\\/11\\\/Awards-Ceremony-117-Copia.jpg\",\"datePublished\":\"2024-11-06T15:03:11+00:00\",\"dateModified\":\"2024-11-06T15:03:13+00:00\",\"description\":\"2\u00aa Edi\u00e7\u00e3o do \u201cNomad World Fest\u201d refor\u00e7a o estatuto de Albufeira na comunidade dos n\u00f3madas digitais Atualidade\",\"breadcrumb\":{\"@id\":\"https:\\\/\\\/algarve7.pt\\\/index.php\\\/2024\\\/11\\\/2a-edicao-do-nomad-world-fest-reforca-o-estatuto-de-albufeira-na-comunidade-dos-nomadas-digitais\\\/atualidade\\\/15\\\/03\\\/#breadcrumb\"},\"inLanguage\":\"pt-PT\",\"potentialAction\":[{\"@type\":\"ReadAction\",\"target\":[\"https:\\\/\\\/algarve7.pt\\\/index.php\\\/2024\\\/11\\\/2a-edicao-do-nomad-world-fest-reforca-o-estatuto-de-albufeira-na-comunidade-dos-nomadas-digitais\\\/atualidade\\\/15\\\/03\\\/\"]}]},{\"@type\":\"ImageObject\",\"inLanguage\":\"pt-PT\",\"@id\":\"https:\\\/\\\/algarve7.pt\\\/index.php\\\/2024\\\/11\\\/2a-edicao-do-nomad-world-fest-reforca-o-estatuto-de-albufeira-na-comunidade-dos-nomadas-digitais\\\/atualidade\\\/15\\\/03\\\/#primaryimage\",\"url\":\"https:\\\/\\\/algarve7.pt\\\/wp-content\\\/uploads\\\/2024\\\/11\\\/Awards-Ceremony-117-Copia.jpg\",\"contentUrl\":\"https:\\\/\\\/algarve7.pt\\\/wp-content\\\/uploads\\\/2024\\\/11\\\/Awards-Ceremony-117-Copia.jpg\",\"width\":800,\"height\":470},{\"@type\":\"BreadcrumbList\",\"@id\":\"https:\\\/\\\/algarve7.pt\\\/index.php\\\/2024\\\/11\\\/2a-edicao-do-nomad-world-fest-reforca-o-estatuto-de-albufeira-na-comunidade-dos-nomadas-digitais\\\/atualidade\\\/15\\\/03\\\/#breadcrumb\",\"itemListElement\":[{\"@type\":\"ListItem\",\"position\":1,\"name\":\"In\u00edcio\",\"item\":\"https:\\\/\\\/algarve7.pt\\\/\"},{\"@type\":\"ListItem\",\"position\":2,\"name\":\"2\u00aa Edi\u00e7\u00e3o do \u201cNomad World Fest\u201d refor\u00e7a o estatuto de Albufeira na comunidade dos n\u00f3madas digitais\"}]},{\"@type\":\"WebSite\",\"@id\":\"https:\\\/\\\/algarve7.pt\\\/#website\",\"url\":\"https:\\\/\\\/algarve7.pt\\\/\",\"name\":\"Algarve 7\",\"description\":\"Informa\u00e7\u00e3o sobre o Algarve\",\"publisher\":{\"@id\":\"https:\\\/\\\/algarve7.pt\\\/#organization\"},\"potentialAction\":[{\"@type\":\"SearchAction\",\"target\":{\"@type\":\"EntryPoint\",\"urlTemplate\":\"https:\\\/\\\/algarve7.pt\\\/?s={search_term_string}\"},\"query-input\":{\"@type\":\"PropertyValueSpecification\",\"valueRequired\":true,\"valueName\":\"search_term_string\"}}],\"inLanguage\":\"pt-PT\"},{\"@type\":\"Organization\",\"@id\":\"https:\\\/\\\/algarve7.pt\\\/#organization\",\"name\":\"Algarve 7\",\"url\":\"https:\\\/\\\/algarve7.pt\\\/\",\"logo\":{\"@type\":\"ImageObject\",\"inLanguage\":\"pt-PT\",\"@id\":\"https:\\\/\\\/algarve7.pt\\\/#\\\/schema\\\/logo\\\/image\\\/\",\"url\":\"https:\\\/\\\/algarve7.pt\\\/wp-content\\\/uploads\\\/2020\\\/10\\\/Logo-8.jpg\",\"contentUrl\":\"https:\\\/\\\/algarve7.pt\\\/wp-content\\\/uploads\\\/2020\\\/10\\\/Logo-8.jpg\",\"width\":1680,\"height\":1186,\"caption\":\"Algarve 7\"},\"image\":{\"@id\":\"https:\\\/\\\/algarve7.pt\\\/#\\\/schema\\\/logo\\\/image\\\/\"},\"sameAs\":[\"https:\\\/\\\/www.facebook.com\\\/algarve7\",\"https:\\\/\\\/x.com\\\/Algarvesete\",\"https:\\\/\\\/www.instagram.com\\\/jornalalgarve7\\\/\",\"https:\\\/\\\/www.linkedin.com\\\/company\\\/algarve7\",\"https:\\\/\\\/www.pinterest.pt\\\/geral0939\\\/_created\\\/\"]},{\"@type\":\"Person\",\"@id\":\"https:\\\/\\\/algarve7.pt\\\/#\\\/schema\\\/person\\\/23fa70681308e7b319a3204bcea45e0c\",\"name\":\"Algarve 7\",\"sameAs\":[\"https:\\\/\\\/algarve7.pt\",\"https:\\\/\\\/www.facebook.com\\\/algarve7\"],\"url\":\"https:\\\/\\\/algarve7.pt\\\/index.php\\\/author\\\/geralalgarve7-pt\\\/\"}]}<\/script>\n<!-- \/ Yoast SEO plugin. -->","yoast_head_json":{"title":"2\u00aa Edi\u00e7\u00e3o do \u201cNomad World Fest\u201d refor\u00e7a o estatuto de Albufeira na comunidade dos n\u00f3madas digitais - Algarve 7","description":"2\u00aa Edi\u00e7\u00e3o do \u201cNomad World Fest\u201d refor\u00e7a o estatuto de Albufeira na comunidade dos n\u00f3madas digitais Atualidade","robots":{"index":"index","follow":"follow","max-snippet":"max-snippet:-1","max-image-preview":"max-image-preview:large","max-video-preview":"max-video-preview:-1"},"canonical":"https:\/\/algarve7.pt\/index.php\/2024\/11\/2a-edicao-do-nomad-world-fest-reforca-o-estatuto-de-albufeira-na-comunidade-dos-nomadas-digitais\/atualidade\/15\/03\/","og_locale":"pt_PT","og_type":"article","og_title":"2\u00aa Edi\u00e7\u00e3o do \u201cNomad World Fest\u201d refor\u00e7a o estatuto de Albufeira na comunidade dos n\u00f3madas digitais - Algarve 7","og_description":"2\u00aa Edi\u00e7\u00e3o do \u201cNomad World Fest\u201d refor\u00e7a o estatuto de Albufeira na comunidade dos n\u00f3madas digitais Atualidade","og_url":"https:\/\/algarve7.pt\/index.php\/2024\/11\/2a-edicao-do-nomad-world-fest-reforca-o-estatuto-de-albufeira-na-comunidade-dos-nomadas-digitais\/atualidade\/15\/03\/","og_site_name":"Algarve 7","article_publisher":"https:\/\/www.facebook.com\/algarve7","article_author":"https:\/\/www.facebook.com\/algarve7","article_published_time":"2024-11-06T15:03:11+00:00","article_modified_time":"2024-11-06T15:03:13+00:00","og_image":[{"width":800,"height":470,"url":"https:\/\/algarve7.pt\/wp-content\/uploads\/2024\/11\/Awards-Ceremony-117-Copia.jpg","type":"image\/jpeg"}],"author":"Algarve 7","twitter_card":"summary_large_image","twitter_creator":"@Algarvesete","twitter_site":"@Algarvesete","twitter_misc":{"Escrito por":"Algarve 7","Tempo estimado de leitura":"4 minutos"},"schema":{"@context":"https:\/\/schema.org","@graph":[{"@type":"Article","@id":"https:\/\/algarve7.pt\/index.php\/2024\/11\/2a-edicao-do-nomad-world-fest-reforca-o-estatuto-de-albufeira-na-comunidade-dos-nomadas-digitais\/atualidade\/15\/03\/#article","isPartOf":{"@id":"https:\/\/algarve7.pt\/index.php\/2024\/11\/2a-edicao-do-nomad-world-fest-reforca-o-estatuto-de-albufeira-na-comunidade-dos-nomadas-digitais\/atualidade\/15\/03\/"},"author":{"name":"Algarve 7","@id":"https:\/\/algarve7.pt\/#\/schema\/person\/23fa70681308e7b319a3204bcea45e0c"},"headline":"2\u00aa Edi\u00e7\u00e3o do \u201cNomad World Fest\u201d refor\u00e7a o estatuto de Albufeira na comunidade dos n\u00f3madas digitais","datePublished":"2024-11-06T15:03:11+00:00","dateModified":"2024-11-06T15:03:13+00:00","mainEntityOfPage":{"@id":"https:\/\/algarve7.pt\/index.php\/2024\/11\/2a-edicao-do-nomad-world-fest-reforca-o-estatuto-de-albufeira-na-comunidade-dos-nomadas-digitais\/atualidade\/15\/03\/"},"wordCount":607,"publisher":{"@id":"https:\/\/algarve7.pt\/#organization"},"image":{"@id":"https:\/\/algarve7.pt\/index.php\/2024\/11\/2a-edicao-do-nomad-world-fest-reforca-o-estatuto-de-albufeira-na-comunidade-dos-nomadas-digitais\/atualidade\/15\/03\/#primaryimage"},"thumbnailUrl":"https:\/\/algarve7.pt\/wp-content\/uploads\/2024\/11\/Awards-Ceremony-117-Copia.jpg","keywords":["Albufeira","Algarve","Atualidade"],"articleSection":["Atualidade"],"inLanguage":"pt-PT"},{"@type":"WebPage","@id":"https:\/\/algarve7.pt\/index.php\/2024\/11\/2a-edicao-do-nomad-world-fest-reforca-o-estatuto-de-albufeira-na-comunidade-dos-nomadas-digitais\/atualidade\/15\/03\/","url":"https:\/\/algarve7.pt\/index.php\/2024\/11\/2a-edicao-do-nomad-world-fest-reforca-o-estatuto-de-albufeira-na-comunidade-dos-nomadas-digitais\/atualidade\/15\/03\/","name":"2\u00aa Edi\u00e7\u00e3o do \u201cNomad World Fest\u201d refor\u00e7a o estatuto de Albufeira na comunidade dos n\u00f3madas digitais - Algarve 7","isPartOf":{"@id":"https:\/\/algarve7.pt\/#website"},"primaryImageOfPage":{"@id":"https:\/\/algarve7.pt\/index.php\/2024\/11\/2a-edicao-do-nomad-world-fest-reforca-o-estatuto-de-albufeira-na-comunidade-dos-nomadas-digitais\/atualidade\/15\/03\/#primaryimage"},"image":{"@id":"https:\/\/algarve7.pt\/index.php\/2024\/11\/2a-edicao-do-nomad-world-fest-reforca-o-estatuto-de-albufeira-na-comunidade-dos-nomadas-digitais\/atualidade\/15\/03\/#primaryimage"},"thumbnailUrl":"https:\/\/algarve7.pt\/wp-content\/uploads\/2024\/11\/Awards-Ceremony-117-Copia.jpg","datePublished":"2024-11-06T15:03:11+00:00","dateModified":"2024-11-06T15:03:13+00:00","description":"2\u00aa Edi\u00e7\u00e3o do \u201cNomad World Fest\u201d refor\u00e7a o estatuto de Albufeira na comunidade dos n\u00f3madas digitais Atualidade","breadcrumb":{"@id":"https:\/\/algarve7.pt\/index.php\/2024\/11\/2a-edicao-do-nomad-world-fest-reforca-o-estatuto-de-albufeira-na-comunidade-dos-nomadas-digitais\/atualidade\/15\/03\/#breadcrumb"},"inLanguage":"pt-PT","potentialAction":[{"@type":"ReadAction","target":["https:\/\/algarve7.pt\/index.php\/2024\/11\/2a-edicao-do-nomad-world-fest-reforca-o-estatuto-de-albufeira-na-comunidade-dos-nomadas-digitais\/atualidade\/15\/03\/"]}]},{"@type":"ImageObject","inLanguage":"pt-PT","@id":"https:\/\/algarve7.pt\/index.php\/2024\/11\/2a-edicao-do-nomad-world-fest-reforca-o-estatuto-de-albufeira-na-comunidade-dos-nomadas-digitais\/atualidade\/15\/03\/#primaryimage","url":"https:\/\/algarve7.pt\/wp-content\/uploads\/2024\/11\/Awards-Ceremony-117-Copia.jpg","contentUrl":"https:\/\/algarve7.pt\/wp-content\/uploads\/2024\/11\/Awards-Ceremony-117-Copia.jpg","width":800,"height":470},{"@type":"BreadcrumbList","@id":"https:\/\/algarve7.pt\/index.php\/2024\/11\/2a-edicao-do-nomad-world-fest-reforca-o-estatuto-de-albufeira-na-comunidade-dos-nomadas-digitais\/atualidade\/15\/03\/#breadcrumb","itemListElement":[{"@type":"ListItem","position":1,"name":"In\u00edcio","item":"https:\/\/algarve7.pt\/"},{"@type":"ListItem","position":2,"name":"2\u00aa Edi\u00e7\u00e3o do \u201cNomad World Fest\u201d refor\u00e7a o estatuto de Albufeira na comunidade dos n\u00f3madas digitais"}]},{"@type":"WebSite","@id":"https:\/\/algarve7.pt\/#website","url":"https:\/\/algarve7.pt\/","name":"Algarve 7","description":"Informa\u00e7\u00e3o sobre o Algarve","publisher":{"@id":"https:\/\/algarve7.pt\/#organization"},"potentialAction":[{"@type":"SearchAction","target":{"@type":"EntryPoint","urlTemplate":"https:\/\/algarve7.pt\/?s={search_term_string}"},"query-input":{"@type":"PropertyValueSpecification","valueRequired":true,"valueName":"search_term_string"}}],"inLanguage":"pt-PT"},{"@type":"Organization","@id":"https:\/\/algarve7.pt\/#organization","name":"Algarve 7","url":"https:\/\/algarve7.pt\/","logo":{"@type":"ImageObject","inLanguage":"pt-PT","@id":"https:\/\/algarve7.pt\/#\/schema\/logo\/image\/","url":"https:\/\/algarve7.pt\/wp-content\/uploads\/2020\/10\/Logo-8.jpg","contentUrl":"https:\/\/algarve7.pt\/wp-content\/uploads\/2020\/10\/Logo-8.jpg","width":1680,"height":1186,"caption":"Algarve 7"},"image":{"@id":"https:\/\/algarve7.pt\/#\/schema\/logo\/image\/"},"sameAs":["https:\/\/www.facebook.com\/algarve7","https:\/\/x.com\/Algarvesete","https:\/\/www.instagram.com\/jornalalgarve7\/","https:\/\/www.linkedin.com\/company\/algarve7","https:\/\/www.pinterest.pt\/geral0939\/_created\/"]},{"@type":"Person","@id":"https:\/\/algarve7.pt\/#\/schema\/person\/23fa70681308e7b319a3204bcea45e0c","name":"Algarve 7","sameAs":["https:\/\/algarve7.pt","https:\/\/www.facebook.com\/algarve7"],"url":"https:\/\/algarve7.pt\/index.php\/author\/geralalgarve7-pt\/"}]}},"jetpack_publicize_connections":[],"jetpack_featured_media_url":"https:\/\/algarve7.pt\/wp-content\/uploads\/2024\/11\/Awards-Ceremony-117-Copia.jpg","jetpack_shortlink":"https:\/\/wp.me\/pcezmW-brL","jetpack_sharing_enabled":true,"_links":{"self":[{"href":"https:\/\/algarve7.pt\/index.php\/wp-json\/wp\/v2\/posts\/44005","targetHints":{"allow":["GET"]}}],"collection":[{"href":"https:\/\/algarve7.pt\/index.php\/wp-json\/wp\/v2\/posts"}],"about":[{"href":"https:\/\/algarve7.pt\/index.php\/wp-json\/wp\/v2\/types\/post"}],"author":[{"embeddable":true,"href":"https:\/\/algarve7.pt\/index.php\/wp-json\/wp\/v2\/users\/1"}],"replies":[{"embeddable":true,"href":"https:\/\/algarve7.pt\/index.php\/wp-json\/wp\/v2\/comments?post=44005"}],"version-history":[{"count":0,"href":"https:\/\/algarve7.pt\/index.php\/wp-json\/wp\/v2\/posts\/44005\/revisions"}],"wp:featuredmedia":[{"embeddable":true,"href":"https:\/\/algarve7.pt\/index.php\/wp-json\/wp\/v2\/media\/44007"}],"wp:attachment":[{"href":"https:\/\/algarve7.pt\/index.php\/wp-json\/wp\/v2\/media?parent=44005"}],"wp:term":[{"taxonomy":"category","embeddable":true,"href":"https:\/\/algarve7.pt\/index.php\/wp-json\/wp\/v2\/categories?post=44005"},{"taxonomy":"post_tag","embeddable":true,"href":"https:\/\/algarve7.pt\/index.php\/wp-json\/wp\/v2\/tags?post=44005"}],"curies":[{"name":"wp","href":"https:\/\/api.w.org\/{rel}","templated":true}]}}