{"id":43937,"date":"2024-11-05T10:45:00","date_gmt":"2024-11-05T10:45:00","guid":{"rendered":"https:\/\/algarve7.pt\/?p=43937"},"modified":"2024-11-04T19:42:09","modified_gmt":"2024-11-04T19:42:09","slug":"o-pedra-dura-festival-de-danca-do-algarve-arranca-esta-quinta-feira","status":"publish","type":"post","link":"https:\/\/algarve7.pt\/index.php\/2024\/11\/o-pedra-dura-festival-de-danca-do-algarve-arranca-esta-quinta-feira\/cultura\/10\/45\/","title":{"rendered":"O Pedra Dura &#8211; Festival de Dan\u00e7a do Algarve arranca esta quinta-feira"},"content":{"rendered":"\n<p><strong>\u00c9 j\u00e1 esta quinta-feira o arranque da terceira edi\u00e7\u00e3o do Pedra Dura &#8211; Festival de\u00a0Dan\u00e7a do Algarve. Chegam a Lagos 37 propostas nacionais e internacionais, que incluem espet\u00e1culos, concertos, exposi\u00e7\u00f5es, filmes, masterclasses e noites com DJ\u2019s, que prometem estender a dan\u00e7a do palco para as pistas. At\u00e9 16 de novembro, o p\u00fablico \u00e9 convidado a explorar um programa que re\u00fane diversas possibilidades para pensar o mundo atrav\u00e9s da dan\u00e7a.\u00a0<\/strong><br><br>O programa do festival arranca nas escolas, com a apresenta\u00e7\u00e3o do espet\u00e1culo\u00a0<em>Coreografia em sala de aula,<\/em>\u00a0de Jo\u00e3o dos Santos Martins. Depois, o Pedra Dura orbita em torno do Centro Cultural de Lagos, onde \u00e9 apresentado o espet\u00e1culo \u00a0<em>L\u2019apr\u00e8s-midi d\u2019un foehn &#8211; Vers\u00e3o 1 de\u00a0<\/em>La Compagnie Non Nova \u2013 Phia M\u00e9nard. No mesmo dia, \u00e9 exibido o filme\u00a0<em><s>Darktraces<\/s>: on ghosts and spectral dances<\/em>\u00a0de Jo Castro &amp; Jo\u00e3o Catarino e inaugura a instala\u00e7\u00e3o\u00a0<em>Cisnografia: a reescrita do cisne<\/em>\u00a0de Luiz Antunes, bem como a exposi\u00e7\u00e3o do CenDDA &#8211; Centro de Documenta\u00e7\u00e3o de Dan\u00e7a do Algarve.\u00a0<br><br>Ao longo das duas semanas seguintes, as propostas ser\u00e3o t\u00e3o variadas quanto quem as protagoniza. Vera Mantero apresenta ___<em>ch\u00e3oc\u00e9u<\/em>| com Henrique Furtado Vieira e Jo\u00e3o Bento. Os Papillons d&#8217;\u00e9ternit\u00e9 (Matthieu Ehrlacher &amp; T\u00e2nia Carvalho) \u00a0fazem a estreia nacional do concerto\u00a0<em>Greta Oto<\/em>. E do Louvre para Lagos, o core\u00f3grafo brasileiro Volmir Cordeiro apresenta\u00a0<em>Rua<\/em>\u00a0com Washington Timb\u00f3 e\u00a0<em>Outrar.<\/em>\u00a0Mas h\u00e1 mais.<\/p>\n\n\n\n<p>Novidade desta edi\u00e7\u00e3o \u00e9 a aposta nas resid\u00eancias art\u00edsticas. O objetivo \u00e9 criar v\u00ednculos mais duradouros entre artistas e comunidade. Do Brasil, Andrei Bessa e Izabel Nejur partilham os seus processos de cria\u00e7\u00e3o, no contexto da Queer Art Lab, projeto que promove a diversidade art\u00edstica e cultural, incentivando propostas inovadoras e colaborativas que refletem a pluralidade de vozes e experi\u00eancias da comunidade LGBTQIA+. De It\u00e1lia, Matteo Sedda desenvolve a experi\u00eancia hipn\u00f3tica de&nbsp;<em>Fuck me blind&nbsp;<\/em>e interpreta&nbsp;<em>neverstopscrollingbaby&nbsp;<\/em>de Vitamina<em>.&nbsp;<\/em>E Beatriz Marques Dias e Alexandre Moniz mergulham durante 15 dias no Centro Ci\u00eancia Viva de Lagos para encontrar um&nbsp;<em>Universo no c\u00e9u da boca<\/em>.&nbsp;<\/p>\n\n\n\n<p>As novidades continuam com M\u00e1rcia Lan\u00e7a a apresentar o solo&nbsp;<em>Cavala<\/em>. Os Palcos Inst\u00e1veis Segunda Casa trazem performances de Maria R. Soares &amp; Antonio Marotta e Margarida Constantino. E F\u00e1bio (Krayze) Janu\u00e1rio revisita o passado de guerra civil em Angola para desvendar a for\u00e7a de resist\u00eancia do kuduro, em&nbsp;<em>Musseque.&nbsp;<\/em><\/p>\n\n\n\n<p>De regresso ao Pedra Dura, est\u00e3o Ana Borralho &amp; Jo\u00e3o Galante, que tinham marcado presen\u00e7a na primeira edi\u00e7\u00e3o e apresentam agora&nbsp;<em>O centro do mundo<\/em>, Silvana Ivaldi, que apresenta<em>&nbsp;Icona&nbsp;<\/em>a partir do cap\u00edtulo Para\u00edso da<em>&nbsp;Divina Com\u00e9dia<\/em>&nbsp;de Dante, e Von-Cente, que aquecer\u00e1 o final da primeira semana com um Dj set de sonoridades forradas a sofistica\u00e7\u00e3o.&nbsp;<\/p>\n\n\n\n<p>Para os amantes de imagens em movimento, o festival conta ainda com proje\u00e7\u00e3o de&nbsp;<em>Obcecada com a Luz<\/em>, um filme sobre a bailarina Lo\u00efe Fuller e&nbsp;<em>Crying Cycle 1<\/em>, a estreia do primeiro cap\u00edtulo de uma trilogia de v\u00eddeo-dan\u00e7a de Daniel Matos &amp; Jo\u00e3o Catarino. Aos mais novos, est\u00e1 reservada a mostra de v\u00eddeo-dan\u00e7a,&nbsp;<em>Little Shadow<\/em>.<\/p>\n\n\n\n<p>No universo da m\u00fasica, Violeta Azevedo faz-se acompanhar de uma orquestra eletr\u00f3nica em&nbsp;<em>Can\u00e7\u00e3o para Caranguejes&nbsp;<\/em>e Lana Gasparotti \u00e9 a repons\u00e1vel pela instala\u00e7\u00e3o sonora e live act,&nbsp;<em>L \u00cd Q U I D A<\/em>, na Taberna do Guerreiro. A encerrar o festival, o Armaz\u00e9m Regimental de Lagos vai encher-se ao som daquele que \u00e9 j\u00e1 uma lenda urbana e suburbana, o DJ Marfox.<\/p>\n\n\n\n<p>Para ficar a conhecer todos os detalhes deste programa, que conta ainda com uma jam session de Rina Marques, com a&nbsp;<em>F.E.R.A. &#8211; Feira de edi\u00e7\u00f5es realizadas por artistas&nbsp;<\/em>da Apneia Colectiva, com o lan\u00e7amento do jornal&nbsp;<em>Coreia 11# x S\u00e2lmon<\/em>,&nbsp;com masterclasses de Silvana Ivaldi, Sylvia Rijmer &amp; Cl\u00e1udia Sevivas, Connor Scott e Pedro Sena Nunes, com propostas do Centro Ci\u00eancia Viva de Lagos e com um podcast e conversas com artistas conduzidas por Tiago Mansilha, aceda ao site do festival:&nbsp;<a href=\"https:\/\/festivalpedradura.us21.list-manage.com\/track\/click?u=ac0fa02c8083171155d2104e4&amp;id=1e18766318&amp;e=f99d53bcd3\" target=\"_blank\" rel=\"noreferrer noopener\">www.festivalpedradura.com<\/a>.<\/p>\n\n\n\n<p>O Pedra Dura conta com a dire\u00e7\u00e3o art\u00edstica de Daniel Matos e Joana Flor Duarte. Uma coprodu\u00e7\u00e3o da Cama \u2013 Associa\u00e7\u00e3o Cultural e do Munic\u00edpio de Lagos, com o apoio da Rep\u00fablica Portuguesa \/ Dire\u00e7\u00e3o Geral das Artes.<\/p>\n","protected":false},"excerpt":{"rendered":"<p>\u00c9 j\u00e1 esta quinta-feira o arranque da terceira edi\u00e7\u00e3o do Pedra Dura &#8211; Festival de\u00a0Dan\u00e7a do Algarve. Chegam a Lagos<\/p>\n","protected":false},"author":1,"featured_media":43938,"comment_status":"closed","ping_status":"closed","sticky":false,"template":"","format":"standard","meta":{"colormag_page_container_layout":"default_layout","colormag_page_sidebar_layout":"default_layout","_monsterinsights_skip_tracking":false,"_monsterinsights_sitenote_active":false,"_monsterinsights_sitenote_note":"","_monsterinsights_sitenote_category":0,"jetpack_post_was_ever_published":false,"_jetpack_newsletter_access":"","_jetpack_dont_email_post_to_subs":false,"_jetpack_newsletter_tier_id":0,"_jetpack_memberships_contains_paywalled_content":false,"_jetpack_memberships_contains_paid_content":false,"footnotes":"","jetpack_publicize_message":"","jetpack_publicize_feature_enabled":true,"jetpack_social_post_already_shared":false,"jetpack_social_options":{"image_generator_settings":{"template":"highway","default_image_id":0,"font":"","enabled":false},"version":2}},"categories":[14],"tags":[36,35,68],"class_list":["post-43937","post","type-post","status-publish","format-standard","has-post-thumbnail","hentry","category-cultura","tag-algarve","tag-cultura","tag-lagos"],"yoast_head":"<!-- This site is optimized with the Yoast SEO plugin v27.5 - https:\/\/yoast.com\/product\/yoast-seo-wordpress\/ -->\n<title>O Pedra Dura - Festival de Dan\u00e7a do Algarve arranca esta quinta-feira - Algarve 7<\/title>\n<meta name=\"description\" content=\"O Pedra Dura - Festival de Dan\u00e7a do Algarve arranca esta quinta-feira Cultura\" \/>\n<meta name=\"robots\" content=\"index, follow, max-snippet:-1, max-image-preview:large, max-video-preview:-1\" \/>\n<link rel=\"canonical\" href=\"https:\/\/algarve7.pt\/index.php\/2024\/11\/o-pedra-dura-festival-de-danca-do-algarve-arranca-esta-quinta-feira\/cultura\/10\/45\/\" \/>\n<meta property=\"og:locale\" content=\"pt_PT\" \/>\n<meta property=\"og:type\" content=\"article\" \/>\n<meta property=\"og:title\" content=\"O Pedra Dura - Festival de Dan\u00e7a do Algarve arranca esta quinta-feira - Algarve 7\" \/>\n<meta property=\"og:description\" content=\"O Pedra Dura - Festival de Dan\u00e7a do Algarve arranca esta quinta-feira Cultura\" \/>\n<meta property=\"og:url\" content=\"https:\/\/algarve7.pt\/index.php\/2024\/11\/o-pedra-dura-festival-de-danca-do-algarve-arranca-esta-quinta-feira\/cultura\/10\/45\/\" \/>\n<meta property=\"og:site_name\" content=\"Algarve 7\" \/>\n<meta property=\"article:publisher\" content=\"https:\/\/www.facebook.com\/algarve7\" \/>\n<meta property=\"article:author\" content=\"https:\/\/www.facebook.com\/algarve7\" \/>\n<meta property=\"article:published_time\" content=\"2024-11-05T10:45:00+00:00\" \/>\n<meta property=\"og:image\" content=\"https:\/\/algarve7.pt\/wp-content\/uploads\/2024\/11\/Cartaz-Pedra-Dura.jpg\" \/>\n\t<meta property=\"og:image:width\" content=\"800\" \/>\n\t<meta property=\"og:image:height\" content=\"500\" \/>\n\t<meta property=\"og:image:type\" content=\"image\/jpeg\" \/>\n<meta name=\"author\" content=\"Algarve 7\" \/>\n<meta name=\"twitter:card\" content=\"summary_large_image\" \/>\n<meta name=\"twitter:creator\" content=\"@Algarvesete\" \/>\n<meta name=\"twitter:site\" content=\"@Algarvesete\" \/>\n<meta name=\"twitter:label1\" content=\"Escrito por\" \/>\n\t<meta name=\"twitter:data1\" content=\"Algarve 7\" \/>\n\t<meta name=\"twitter:label2\" content=\"Tempo estimado de leitura\" \/>\n\t<meta name=\"twitter:data2\" content=\"4 minutos\" \/>\n<script type=\"application\/ld+json\" class=\"yoast-schema-graph\">{\"@context\":\"https:\\\/\\\/schema.org\",\"@graph\":[{\"@type\":\"Article\",\"@id\":\"https:\\\/\\\/algarve7.pt\\\/index.php\\\/2024\\\/11\\\/o-pedra-dura-festival-de-danca-do-algarve-arranca-esta-quinta-feira\\\/cultura\\\/10\\\/45\\\/#article\",\"isPartOf\":{\"@id\":\"https:\\\/\\\/algarve7.pt\\\/index.php\\\/2024\\\/11\\\/o-pedra-dura-festival-de-danca-do-algarve-arranca-esta-quinta-feira\\\/cultura\\\/10\\\/45\\\/\"},\"author\":{\"name\":\"Algarve 7\",\"@id\":\"https:\\\/\\\/algarve7.pt\\\/#\\\/schema\\\/person\\\/23fa70681308e7b319a3204bcea45e0c\"},\"headline\":\"O Pedra Dura &#8211; Festival de Dan\u00e7a do Algarve arranca esta quinta-feira\",\"datePublished\":\"2024-11-05T10:45:00+00:00\",\"mainEntityOfPage\":{\"@id\":\"https:\\\/\\\/algarve7.pt\\\/index.php\\\/2024\\\/11\\\/o-pedra-dura-festival-de-danca-do-algarve-arranca-esta-quinta-feira\\\/cultura\\\/10\\\/45\\\/\"},\"wordCount\":796,\"publisher\":{\"@id\":\"https:\\\/\\\/algarve7.pt\\\/#organization\"},\"image\":{\"@id\":\"https:\\\/\\\/algarve7.pt\\\/index.php\\\/2024\\\/11\\\/o-pedra-dura-festival-de-danca-do-algarve-arranca-esta-quinta-feira\\\/cultura\\\/10\\\/45\\\/#primaryimage\"},\"thumbnailUrl\":\"https:\\\/\\\/algarve7.pt\\\/wp-content\\\/uploads\\\/2024\\\/11\\\/Cartaz-Pedra-Dura.jpg\",\"keywords\":[\"Algarve\",\"Cultura\",\"Lagos\"],\"articleSection\":[\"Cultura\"],\"inLanguage\":\"pt-PT\"},{\"@type\":\"WebPage\",\"@id\":\"https:\\\/\\\/algarve7.pt\\\/index.php\\\/2024\\\/11\\\/o-pedra-dura-festival-de-danca-do-algarve-arranca-esta-quinta-feira\\\/cultura\\\/10\\\/45\\\/\",\"url\":\"https:\\\/\\\/algarve7.pt\\\/index.php\\\/2024\\\/11\\\/o-pedra-dura-festival-de-danca-do-algarve-arranca-esta-quinta-feira\\\/cultura\\\/10\\\/45\\\/\",\"name\":\"O Pedra Dura - Festival de Dan\u00e7a do Algarve arranca esta quinta-feira - Algarve 7\",\"isPartOf\":{\"@id\":\"https:\\\/\\\/algarve7.pt\\\/#website\"},\"primaryImageOfPage\":{\"@id\":\"https:\\\/\\\/algarve7.pt\\\/index.php\\\/2024\\\/11\\\/o-pedra-dura-festival-de-danca-do-algarve-arranca-esta-quinta-feira\\\/cultura\\\/10\\\/45\\\/#primaryimage\"},\"image\":{\"@id\":\"https:\\\/\\\/algarve7.pt\\\/index.php\\\/2024\\\/11\\\/o-pedra-dura-festival-de-danca-do-algarve-arranca-esta-quinta-feira\\\/cultura\\\/10\\\/45\\\/#primaryimage\"},\"thumbnailUrl\":\"https:\\\/\\\/algarve7.pt\\\/wp-content\\\/uploads\\\/2024\\\/11\\\/Cartaz-Pedra-Dura.jpg\",\"datePublished\":\"2024-11-05T10:45:00+00:00\",\"description\":\"O Pedra Dura - Festival de Dan\u00e7a do Algarve arranca esta quinta-feira Cultura\",\"breadcrumb\":{\"@id\":\"https:\\\/\\\/algarve7.pt\\\/index.php\\\/2024\\\/11\\\/o-pedra-dura-festival-de-danca-do-algarve-arranca-esta-quinta-feira\\\/cultura\\\/10\\\/45\\\/#breadcrumb\"},\"inLanguage\":\"pt-PT\",\"potentialAction\":[{\"@type\":\"ReadAction\",\"target\":[\"https:\\\/\\\/algarve7.pt\\\/index.php\\\/2024\\\/11\\\/o-pedra-dura-festival-de-danca-do-algarve-arranca-esta-quinta-feira\\\/cultura\\\/10\\\/45\\\/\"]}]},{\"@type\":\"ImageObject\",\"inLanguage\":\"pt-PT\",\"@id\":\"https:\\\/\\\/algarve7.pt\\\/index.php\\\/2024\\\/11\\\/o-pedra-dura-festival-de-danca-do-algarve-arranca-esta-quinta-feira\\\/cultura\\\/10\\\/45\\\/#primaryimage\",\"url\":\"https:\\\/\\\/algarve7.pt\\\/wp-content\\\/uploads\\\/2024\\\/11\\\/Cartaz-Pedra-Dura.jpg\",\"contentUrl\":\"https:\\\/\\\/algarve7.pt\\\/wp-content\\\/uploads\\\/2024\\\/11\\\/Cartaz-Pedra-Dura.jpg\",\"width\":800,\"height\":500},{\"@type\":\"BreadcrumbList\",\"@id\":\"https:\\\/\\\/algarve7.pt\\\/index.php\\\/2024\\\/11\\\/o-pedra-dura-festival-de-danca-do-algarve-arranca-esta-quinta-feira\\\/cultura\\\/10\\\/45\\\/#breadcrumb\",\"itemListElement\":[{\"@type\":\"ListItem\",\"position\":1,\"name\":\"In\u00edcio\",\"item\":\"https:\\\/\\\/algarve7.pt\\\/\"},{\"@type\":\"ListItem\",\"position\":2,\"name\":\"O Pedra Dura &#8211; Festival de Dan\u00e7a do Algarve arranca esta quinta-feira\"}]},{\"@type\":\"WebSite\",\"@id\":\"https:\\\/\\\/algarve7.pt\\\/#website\",\"url\":\"https:\\\/\\\/algarve7.pt\\\/\",\"name\":\"Algarve 7\",\"description\":\"Informa\u00e7\u00e3o sobre o Algarve\",\"publisher\":{\"@id\":\"https:\\\/\\\/algarve7.pt\\\/#organization\"},\"potentialAction\":[{\"@type\":\"SearchAction\",\"target\":{\"@type\":\"EntryPoint\",\"urlTemplate\":\"https:\\\/\\\/algarve7.pt\\\/?s={search_term_string}\"},\"query-input\":{\"@type\":\"PropertyValueSpecification\",\"valueRequired\":true,\"valueName\":\"search_term_string\"}}],\"inLanguage\":\"pt-PT\"},{\"@type\":\"Organization\",\"@id\":\"https:\\\/\\\/algarve7.pt\\\/#organization\",\"name\":\"Algarve 7\",\"url\":\"https:\\\/\\\/algarve7.pt\\\/\",\"logo\":{\"@type\":\"ImageObject\",\"inLanguage\":\"pt-PT\",\"@id\":\"https:\\\/\\\/algarve7.pt\\\/#\\\/schema\\\/logo\\\/image\\\/\",\"url\":\"https:\\\/\\\/algarve7.pt\\\/wp-content\\\/uploads\\\/2020\\\/10\\\/Logo-8.jpg\",\"contentUrl\":\"https:\\\/\\\/algarve7.pt\\\/wp-content\\\/uploads\\\/2020\\\/10\\\/Logo-8.jpg\",\"width\":1680,\"height\":1186,\"caption\":\"Algarve 7\"},\"image\":{\"@id\":\"https:\\\/\\\/algarve7.pt\\\/#\\\/schema\\\/logo\\\/image\\\/\"},\"sameAs\":[\"https:\\\/\\\/www.facebook.com\\\/algarve7\",\"https:\\\/\\\/x.com\\\/Algarvesete\",\"https:\\\/\\\/www.instagram.com\\\/jornalalgarve7\\\/\",\"https:\\\/\\\/www.linkedin.com\\\/company\\\/algarve7\",\"https:\\\/\\\/www.pinterest.pt\\\/geral0939\\\/_created\\\/\"]},{\"@type\":\"Person\",\"@id\":\"https:\\\/\\\/algarve7.pt\\\/#\\\/schema\\\/person\\\/23fa70681308e7b319a3204bcea45e0c\",\"name\":\"Algarve 7\",\"sameAs\":[\"https:\\\/\\\/algarve7.pt\",\"https:\\\/\\\/www.facebook.com\\\/algarve7\"],\"url\":\"https:\\\/\\\/algarve7.pt\\\/index.php\\\/author\\\/geralalgarve7-pt\\\/\"}]}<\/script>\n<!-- \/ Yoast SEO plugin. -->","yoast_head_json":{"title":"O Pedra Dura - Festival de Dan\u00e7a do Algarve arranca esta quinta-feira - Algarve 7","description":"O Pedra Dura - Festival de Dan\u00e7a do Algarve arranca esta quinta-feira Cultura","robots":{"index":"index","follow":"follow","max-snippet":"max-snippet:-1","max-image-preview":"max-image-preview:large","max-video-preview":"max-video-preview:-1"},"canonical":"https:\/\/algarve7.pt\/index.php\/2024\/11\/o-pedra-dura-festival-de-danca-do-algarve-arranca-esta-quinta-feira\/cultura\/10\/45\/","og_locale":"pt_PT","og_type":"article","og_title":"O Pedra Dura - Festival de Dan\u00e7a do Algarve arranca esta quinta-feira - Algarve 7","og_description":"O Pedra Dura - Festival de Dan\u00e7a do Algarve arranca esta quinta-feira Cultura","og_url":"https:\/\/algarve7.pt\/index.php\/2024\/11\/o-pedra-dura-festival-de-danca-do-algarve-arranca-esta-quinta-feira\/cultura\/10\/45\/","og_site_name":"Algarve 7","article_publisher":"https:\/\/www.facebook.com\/algarve7","article_author":"https:\/\/www.facebook.com\/algarve7","article_published_time":"2024-11-05T10:45:00+00:00","og_image":[{"width":800,"height":500,"url":"https:\/\/algarve7.pt\/wp-content\/uploads\/2024\/11\/Cartaz-Pedra-Dura.jpg","type":"image\/jpeg"}],"author":"Algarve 7","twitter_card":"summary_large_image","twitter_creator":"@Algarvesete","twitter_site":"@Algarvesete","twitter_misc":{"Escrito por":"Algarve 7","Tempo estimado de leitura":"4 minutos"},"schema":{"@context":"https:\/\/schema.org","@graph":[{"@type":"Article","@id":"https:\/\/algarve7.pt\/index.php\/2024\/11\/o-pedra-dura-festival-de-danca-do-algarve-arranca-esta-quinta-feira\/cultura\/10\/45\/#article","isPartOf":{"@id":"https:\/\/algarve7.pt\/index.php\/2024\/11\/o-pedra-dura-festival-de-danca-do-algarve-arranca-esta-quinta-feira\/cultura\/10\/45\/"},"author":{"name":"Algarve 7","@id":"https:\/\/algarve7.pt\/#\/schema\/person\/23fa70681308e7b319a3204bcea45e0c"},"headline":"O Pedra Dura &#8211; Festival de Dan\u00e7a do Algarve arranca esta quinta-feira","datePublished":"2024-11-05T10:45:00+00:00","mainEntityOfPage":{"@id":"https:\/\/algarve7.pt\/index.php\/2024\/11\/o-pedra-dura-festival-de-danca-do-algarve-arranca-esta-quinta-feira\/cultura\/10\/45\/"},"wordCount":796,"publisher":{"@id":"https:\/\/algarve7.pt\/#organization"},"image":{"@id":"https:\/\/algarve7.pt\/index.php\/2024\/11\/o-pedra-dura-festival-de-danca-do-algarve-arranca-esta-quinta-feira\/cultura\/10\/45\/#primaryimage"},"thumbnailUrl":"https:\/\/algarve7.pt\/wp-content\/uploads\/2024\/11\/Cartaz-Pedra-Dura.jpg","keywords":["Algarve","Cultura","Lagos"],"articleSection":["Cultura"],"inLanguage":"pt-PT"},{"@type":"WebPage","@id":"https:\/\/algarve7.pt\/index.php\/2024\/11\/o-pedra-dura-festival-de-danca-do-algarve-arranca-esta-quinta-feira\/cultura\/10\/45\/","url":"https:\/\/algarve7.pt\/index.php\/2024\/11\/o-pedra-dura-festival-de-danca-do-algarve-arranca-esta-quinta-feira\/cultura\/10\/45\/","name":"O Pedra Dura - Festival de Dan\u00e7a do Algarve arranca esta quinta-feira - Algarve 7","isPartOf":{"@id":"https:\/\/algarve7.pt\/#website"},"primaryImageOfPage":{"@id":"https:\/\/algarve7.pt\/index.php\/2024\/11\/o-pedra-dura-festival-de-danca-do-algarve-arranca-esta-quinta-feira\/cultura\/10\/45\/#primaryimage"},"image":{"@id":"https:\/\/algarve7.pt\/index.php\/2024\/11\/o-pedra-dura-festival-de-danca-do-algarve-arranca-esta-quinta-feira\/cultura\/10\/45\/#primaryimage"},"thumbnailUrl":"https:\/\/algarve7.pt\/wp-content\/uploads\/2024\/11\/Cartaz-Pedra-Dura.jpg","datePublished":"2024-11-05T10:45:00+00:00","description":"O Pedra Dura - Festival de Dan\u00e7a do Algarve arranca esta quinta-feira Cultura","breadcrumb":{"@id":"https:\/\/algarve7.pt\/index.php\/2024\/11\/o-pedra-dura-festival-de-danca-do-algarve-arranca-esta-quinta-feira\/cultura\/10\/45\/#breadcrumb"},"inLanguage":"pt-PT","potentialAction":[{"@type":"ReadAction","target":["https:\/\/algarve7.pt\/index.php\/2024\/11\/o-pedra-dura-festival-de-danca-do-algarve-arranca-esta-quinta-feira\/cultura\/10\/45\/"]}]},{"@type":"ImageObject","inLanguage":"pt-PT","@id":"https:\/\/algarve7.pt\/index.php\/2024\/11\/o-pedra-dura-festival-de-danca-do-algarve-arranca-esta-quinta-feira\/cultura\/10\/45\/#primaryimage","url":"https:\/\/algarve7.pt\/wp-content\/uploads\/2024\/11\/Cartaz-Pedra-Dura.jpg","contentUrl":"https:\/\/algarve7.pt\/wp-content\/uploads\/2024\/11\/Cartaz-Pedra-Dura.jpg","width":800,"height":500},{"@type":"BreadcrumbList","@id":"https:\/\/algarve7.pt\/index.php\/2024\/11\/o-pedra-dura-festival-de-danca-do-algarve-arranca-esta-quinta-feira\/cultura\/10\/45\/#breadcrumb","itemListElement":[{"@type":"ListItem","position":1,"name":"In\u00edcio","item":"https:\/\/algarve7.pt\/"},{"@type":"ListItem","position":2,"name":"O Pedra Dura &#8211; Festival de Dan\u00e7a do Algarve arranca esta quinta-feira"}]},{"@type":"WebSite","@id":"https:\/\/algarve7.pt\/#website","url":"https:\/\/algarve7.pt\/","name":"Algarve 7","description":"Informa\u00e7\u00e3o sobre o Algarve","publisher":{"@id":"https:\/\/algarve7.pt\/#organization"},"potentialAction":[{"@type":"SearchAction","target":{"@type":"EntryPoint","urlTemplate":"https:\/\/algarve7.pt\/?s={search_term_string}"},"query-input":{"@type":"PropertyValueSpecification","valueRequired":true,"valueName":"search_term_string"}}],"inLanguage":"pt-PT"},{"@type":"Organization","@id":"https:\/\/algarve7.pt\/#organization","name":"Algarve 7","url":"https:\/\/algarve7.pt\/","logo":{"@type":"ImageObject","inLanguage":"pt-PT","@id":"https:\/\/algarve7.pt\/#\/schema\/logo\/image\/","url":"https:\/\/algarve7.pt\/wp-content\/uploads\/2020\/10\/Logo-8.jpg","contentUrl":"https:\/\/algarve7.pt\/wp-content\/uploads\/2020\/10\/Logo-8.jpg","width":1680,"height":1186,"caption":"Algarve 7"},"image":{"@id":"https:\/\/algarve7.pt\/#\/schema\/logo\/image\/"},"sameAs":["https:\/\/www.facebook.com\/algarve7","https:\/\/x.com\/Algarvesete","https:\/\/www.instagram.com\/jornalalgarve7\/","https:\/\/www.linkedin.com\/company\/algarve7","https:\/\/www.pinterest.pt\/geral0939\/_created\/"]},{"@type":"Person","@id":"https:\/\/algarve7.pt\/#\/schema\/person\/23fa70681308e7b319a3204bcea45e0c","name":"Algarve 7","sameAs":["https:\/\/algarve7.pt","https:\/\/www.facebook.com\/algarve7"],"url":"https:\/\/algarve7.pt\/index.php\/author\/geralalgarve7-pt\/"}]}},"jetpack_publicize_connections":[],"jetpack_featured_media_url":"https:\/\/algarve7.pt\/wp-content\/uploads\/2024\/11\/Cartaz-Pedra-Dura.jpg","jetpack_shortlink":"https:\/\/wp.me\/pcezmW-bqF","jetpack_sharing_enabled":true,"_links":{"self":[{"href":"https:\/\/algarve7.pt\/index.php\/wp-json\/wp\/v2\/posts\/43937","targetHints":{"allow":["GET"]}}],"collection":[{"href":"https:\/\/algarve7.pt\/index.php\/wp-json\/wp\/v2\/posts"}],"about":[{"href":"https:\/\/algarve7.pt\/index.php\/wp-json\/wp\/v2\/types\/post"}],"author":[{"embeddable":true,"href":"https:\/\/algarve7.pt\/index.php\/wp-json\/wp\/v2\/users\/1"}],"replies":[{"embeddable":true,"href":"https:\/\/algarve7.pt\/index.php\/wp-json\/wp\/v2\/comments?post=43937"}],"version-history":[{"count":0,"href":"https:\/\/algarve7.pt\/index.php\/wp-json\/wp\/v2\/posts\/43937\/revisions"}],"wp:featuredmedia":[{"embeddable":true,"href":"https:\/\/algarve7.pt\/index.php\/wp-json\/wp\/v2\/media\/43938"}],"wp:attachment":[{"href":"https:\/\/algarve7.pt\/index.php\/wp-json\/wp\/v2\/media?parent=43937"}],"wp:term":[{"taxonomy":"category","embeddable":true,"href":"https:\/\/algarve7.pt\/index.php\/wp-json\/wp\/v2\/categories?post=43937"},{"taxonomy":"post_tag","embeddable":true,"href":"https:\/\/algarve7.pt\/index.php\/wp-json\/wp\/v2\/tags?post=43937"}],"curies":[{"name":"wp","href":"https:\/\/api.w.org\/{rel}","templated":true}]}}