{"id":4391,"date":"2020-12-05T12:25:43","date_gmt":"2020-12-05T12:25:43","guid":{"rendered":"https:\/\/algarve7.pt\/?p=4391"},"modified":"2020-12-05T12:25:43","modified_gmt":"2020-12-05T12:25:43","slug":"premio-municipal-do-voluntariado-volta-a-distinguir-e-incentivar-projetos-inovadores-na-area-social-de-portimao","status":"publish","type":"post","link":"https:\/\/algarve7.pt\/index.php\/2020\/12\/premio-municipal-do-voluntariado-volta-a-distinguir-e-incentivar-projetos-inovadores-na-area-social-de-portimao\/atualidade\/12\/25\/","title":{"rendered":"Pr\u00e9mio Municipal do Voluntariado volta a distinguir e incentivar projetos inovadores na \u00e1rea social de Portim\u00e3o"},"content":{"rendered":"\n<p>A 5 de dezembro assinala-se o Dia Internacional do Voluntariado e Portim\u00e3o regista a efem\u00e9ride revelando os vencedores do Pr\u00e9mio Municipal de Voluntariado, criado em dezembro de 2018 pela autarquia local com o objetivo de distinguir projetos nas \u00e1reas da solidariedade, sa\u00fade, ambiente, economia social, educa\u00e7\u00e3o e forma\u00e7\u00e3o, que promovam a melhoria da qualidade de vida de crian\u00e7as, jovens, idosos, cidad\u00e3os portadores de defici\u00eancia ou outras pessoas em situa\u00e7\u00e3o vulner\u00e1vel.<\/p>\n\n\n\n<p>Nesta segunda edi\u00e7\u00e3o, o j\u00fari atribuiu o pr\u00e9mio na categoria coletiva ao projeto \u201cNutri\u00e7\u00e3o Ent\u00e9rica\u201d, apresentado pela C\u00e1ritas Paroquial Nossa Senhora da Concei\u00e7\u00e3o \u2013 Matriz de Portim\u00e3o, ao passo que na categoria singular venceu o projeto \u201cD\u00b4Ar_te\u201d, proposto por Vanessa C\u00e2ndido Guimar\u00e3es.&nbsp;De entre as dez candidaturas admitidas a concurso, o j\u00fari decidiu ainda atribuir uma men\u00e7\u00e3o honrosa na categoria coletiva, ao projeto \u201cAs Lavadeiras de Portim\u00e3o\u201d, apresentado pelo MAPS.<\/p>\n\n\n\n<p>Os projetos vencedores receber\u00e3o um pr\u00e9mio pecuni\u00e1rio no valor de 6.500 euros cada e ser\u00e3o distinguidos numa cerim\u00f3nia agendada para dia 7 de dezembro, pelas 18h00, no sal\u00e3o nobre dos Pa\u00e7os do Concelho, e que marcar\u00e1 o in\u00edcio das comemora\u00e7\u00f5es do 96\u00ba anivers\u00e1rio de eleva\u00e7\u00e3o de Portim\u00e3o a cidade, que este ano &#8211; devido \u00e0 pandemia &#8211; ter\u00e1 uma programa\u00e7\u00e3o exclusivamente online, a qual poder\u00e1 ser seguida a par e passo nas redes sociais do Munic\u00edpio, atrav\u00e9s dos seguintes endere\u00e7os:&nbsp;<a href=\"https:\/\/vivaportimao.pt\/\">https:\/\/vivaportimao.pt\/<\/a>&nbsp;e&nbsp;<a href=\"https:\/\/www.facebook.com\/portimaomunicipio\">https:\/\/www.facebook.com\/portimaomunicipio<\/a><\/p>\n\n\n\n<p><strong>Os projetos vencedores<\/strong><\/p>\n\n\n\n<p>\u200bCom o projeto \u201cNutri\u00e7\u00e3o Ent\u00e9rica\u201d, a C\u00e1ritas pretende apoiar as pessoas com necessidade de nutri\u00e7\u00e3o artificial por perda da via oral, requerendo f\u00f3rmulas comerciais para nutri\u00e7\u00e3o ent\u00e9rica. O objetivo \u00e9 adquirir produtos de f\u00f3rmulas de dieta industrial com composi\u00e7\u00e3o completa padronizada, hiperenerg\u00e9tica ou hiperproteica, f\u00f3rmulas de dieta suplementar e produtos de modifica\u00e7\u00e3o da consist\u00eancia da dieta, com o intuito de apoiar fam\u00edlias que t\u00eam parcos recursos financeiros e que n\u00e3o conseguem adquirir esta alimenta\u00e7\u00e3o de forma mais acess\u00edvel.<\/p>\n\n\n\n<p>O projeto ser\u00e1 trabalhado em articula\u00e7\u00e3o com o Servi\u00e7o de Gastrenterologia do Centro Hospitalar Universit\u00e1rio do Algarve \u2013 Unidade de Portim\u00e3o, que detetar\u00e1 pacientes nesta situa\u00e7\u00e3o e os encaminhar\u00e1 para a C\u00e1ritas, que servir\u00e1 de facilitadora\/mediadora neste processo.<\/p>\n\n\n\n<p>O pr\u00e9mio singular, destinado ao projeto \u201cD&#8217;Ar_te\u201d, de Vanessa C\u00e2ndido Guimar\u00e3es, envolve teatro, dan\u00e7a, m\u00fasica, voz, express\u00e3o corporal e comunica\u00e7\u00e3o, visando promover um ensino mais divertido, estimulador e desafiante. Para o efeito, ser\u00e3o recolhidas ideias e encontradas solu\u00e7\u00f5es com os mais jovens, no sentido de os incentivar para que contribuam por um mundo mais ativo no \u00e2mbito da solidariedade, ao mesmo tempo que lhes ser\u00e1 incutido o dever c\u00edvico.<\/p>\n\n\n\n<p>Todas as iniciativas v\u00e3o ser finalizadas com trabalhos de reportagem, fotografia e v\u00eddeo, sendo ensinado aos participantes como usar de maneira ben\u00e9fica as redes sociais, criando desafios divertidos e motivacionais.<\/p>\n\n\n\n<p>Recorde-se que na sua primeira edi\u00e7\u00e3o, em 2019, o Pr\u00e9mio Municipal do Voluntariado coube&nbsp;ao projeto Barbearia Social, uma ideia do jovem barbeiro portimonense Bruno Santos acarinhada pela C\u00e1ritas da Matriz de Portim\u00e3o e que tem como&nbsp;principal objetivo fomentar a integra\u00e7\u00e3o social dos menos favorecidos atrav\u00e9s da mudan\u00e7a de visual, facilitando a sua integra\u00e7\u00e3o no mercado de trabalho,&nbsp;a pensar em especial nas pessoas&nbsp;com necessidades e sem-abrigo.&nbsp;A funcionar desde 15 de setembro \u00faltimo, a barbearia j\u00e1 atendeu,&nbsp;a custo zero,&nbsp;31 utentes dos 10 aos 75 anos,&nbsp;sendo que todos os utilizadores devem estar inscritos na C\u00e1ritas ou noutra institui\u00e7\u00e3o sem fins lucrativos da Rede de Emerg\u00eancia Social de Portim\u00e3o.<\/p>\n\n\n\n<p><strong>Plataforma Voluntariado Portim\u00e3o para breve<\/strong><\/p>\n\n\n\n<p>Encontra-se em fase final de desenvolvimento, por parte do Munic\u00edpio, uma plataforma Voluntariado Portim\u00e3o, que visa sistematizar a informa\u00e7\u00e3o relativa \u00e0 oferta e \u00e0 procura do voluntariado, mediante a inscri\u00e7\u00e3o de entidades promotoras de voluntariado e de volunt\u00e1rios\/as e a submiss\u00e3o de projetos de voluntariado.&nbsp;<\/p>\n\n\n\n<p>A plataforma Voluntariado Portim\u00e3o, que em breve estar\u00e1 dispon\u00edvel no site oficial da autarquia, destina-se a todas as pessoas individuais interessadas em serem volunt\u00e1rios e \u00e0s entidades locais promotoras de a\u00e7\u00f5es de voluntariado previamente acreditadas, que passar\u00e3o tamb\u00e9m, atrav\u00e9s desta plataforma, a dar a conhecer n\u00e3o s\u00f3 a sua miss\u00e3o, como os diferentes projetos de voluntariado que t\u00eam em curso e que precisam de volunt\u00e1rios.<\/p>\n\n\n\n<p>A cria\u00e7\u00e3o desta plataforma vem, atrav\u00e9s da inscri\u00e7\u00e3o de volunt\u00e1rios\/as e a\u00e7\u00f5es de voluntariado, facilitar o contacto e promover a participa\u00e7\u00e3o e a visibilidade do trabalho volunt\u00e1rio e permite valorizar um voluntariado qualificado, respons\u00e1vel e din\u00e2mico.&nbsp;<\/p>\n","protected":false},"excerpt":{"rendered":"<p>A 5 de dezembro assinala-se o Dia Internacional do Voluntariado e Portim\u00e3o regista a efem\u00e9ride revelando os vencedores do Pr\u00e9mio<\/p>\n","protected":false},"author":1,"featured_media":4392,"comment_status":"closed","ping_status":"open","sticky":false,"template":"","format":"standard","meta":{"colormag_page_container_layout":"default_layout","colormag_page_sidebar_layout":"default_layout","_monsterinsights_skip_tracking":false,"_monsterinsights_sitenote_active":false,"_monsterinsights_sitenote_note":"","_monsterinsights_sitenote_category":0,"jetpack_post_was_ever_published":false,"_jetpack_newsletter_access":"","_jetpack_dont_email_post_to_subs":false,"_jetpack_newsletter_tier_id":0,"_jetpack_memberships_contains_paywalled_content":false,"_jetpack_memberships_contains_paid_content":false,"footnotes":"","jetpack_publicize_message":"","jetpack_publicize_feature_enabled":true,"jetpack_social_post_already_shared":true,"jetpack_social_options":{"image_generator_settings":{"template":"highway","default_image_id":0,"font":"","enabled":false},"version":2}},"categories":[11],"tags":[36,62,72],"class_list":["post-4391","post","type-post","status-publish","format-standard","has-post-thumbnail","hentry","category-atualidade","tag-algarve","tag-atualidade","tag-portimao"],"yoast_head":"<!-- This site is optimized with the Yoast SEO plugin v27.5 - https:\/\/yoast.com\/product\/yoast-seo-wordpress\/ -->\n<title>Pr\u00e9mio Municipal do Voluntariado volta a distinguir e incentivar projetos inovadores na \u00e1rea social de Portim\u00e3o - Algarve 7<\/title>\n<meta name=\"description\" content=\"Pr\u00e9mio Municipal do Voluntariado volta a distinguir e incentivar projetos inovadores na \u00e1rea social de Portim\u00e3o\" \/>\n<meta name=\"robots\" content=\"index, follow, max-snippet:-1, max-image-preview:large, max-video-preview:-1\" \/>\n<link rel=\"canonical\" href=\"https:\/\/algarve7.pt\/index.php\/2020\/12\/premio-municipal-do-voluntariado-volta-a-distinguir-e-incentivar-projetos-inovadores-na-area-social-de-portimao\/atualidade\/12\/25\/\" \/>\n<meta property=\"og:locale\" content=\"pt_PT\" \/>\n<meta property=\"og:type\" content=\"article\" \/>\n<meta property=\"og:title\" content=\"Pr\u00e9mio Municipal do Voluntariado volta a distinguir e incentivar projetos inovadores na \u00e1rea social de Portim\u00e3o - Algarve 7\" \/>\n<meta property=\"og:description\" content=\"Pr\u00e9mio Municipal do Voluntariado volta a distinguir e incentivar projetos inovadores na \u00e1rea social de Portim\u00e3o\" \/>\n<meta property=\"og:url\" content=\"https:\/\/algarve7.pt\/index.php\/2020\/12\/premio-municipal-do-voluntariado-volta-a-distinguir-e-incentivar-projetos-inovadores-na-area-social-de-portimao\/atualidade\/12\/25\/\" \/>\n<meta property=\"og:site_name\" content=\"Algarve 7\" \/>\n<meta property=\"article:publisher\" content=\"https:\/\/www.facebook.com\/algarve7\" \/>\n<meta property=\"article:author\" content=\"https:\/\/www.facebook.com\/algarve7\" \/>\n<meta property=\"article:published_time\" content=\"2020-12-05T12:25:43+00:00\" \/>\n<meta property=\"og:image\" content=\"https:\/\/algarve7.pt\/wp-content\/uploads\/2020\/12\/thumbnail.jpeg\" \/>\n\t<meta property=\"og:image:width\" content=\"924\" \/>\n\t<meta property=\"og:image:height\" content=\"468\" \/>\n\t<meta property=\"og:image:type\" content=\"image\/jpeg\" \/>\n<meta name=\"author\" content=\"Algarve 7\" \/>\n<meta name=\"twitter:card\" content=\"summary_large_image\" \/>\n<meta name=\"twitter:creator\" content=\"@Algarvesete\" \/>\n<meta name=\"twitter:site\" content=\"@Algarvesete\" \/>\n<meta name=\"twitter:label1\" content=\"Escrito por\" \/>\n\t<meta name=\"twitter:data1\" content=\"Algarve 7\" \/>\n\t<meta name=\"twitter:label2\" content=\"Tempo estimado de leitura\" \/>\n\t<meta name=\"twitter:data2\" content=\"4 minutos\" \/>\n<script type=\"application\/ld+json\" class=\"yoast-schema-graph\">{\"@context\":\"https:\\\/\\\/schema.org\",\"@graph\":[{\"@type\":\"Article\",\"@id\":\"https:\\\/\\\/algarve7.pt\\\/index.php\\\/2020\\\/12\\\/premio-municipal-do-voluntariado-volta-a-distinguir-e-incentivar-projetos-inovadores-na-area-social-de-portimao\\\/atualidade\\\/12\\\/25\\\/#article\",\"isPartOf\":{\"@id\":\"https:\\\/\\\/algarve7.pt\\\/index.php\\\/2020\\\/12\\\/premio-municipal-do-voluntariado-volta-a-distinguir-e-incentivar-projetos-inovadores-na-area-social-de-portimao\\\/atualidade\\\/12\\\/25\\\/\"},\"author\":{\"name\":\"Algarve 7\",\"@id\":\"https:\\\/\\\/algarve7.pt\\\/#\\\/schema\\\/person\\\/23fa70681308e7b319a3204bcea45e0c\"},\"headline\":\"Pr\u00e9mio Municipal do Voluntariado volta a distinguir e incentivar projetos inovadores na \u00e1rea social de Portim\u00e3o\",\"datePublished\":\"2020-12-05T12:25:43+00:00\",\"mainEntityOfPage\":{\"@id\":\"https:\\\/\\\/algarve7.pt\\\/index.php\\\/2020\\\/12\\\/premio-municipal-do-voluntariado-volta-a-distinguir-e-incentivar-projetos-inovadores-na-area-social-de-portimao\\\/atualidade\\\/12\\\/25\\\/\"},\"wordCount\":850,\"publisher\":{\"@id\":\"https:\\\/\\\/algarve7.pt\\\/#organization\"},\"image\":{\"@id\":\"https:\\\/\\\/algarve7.pt\\\/index.php\\\/2020\\\/12\\\/premio-municipal-do-voluntariado-volta-a-distinguir-e-incentivar-projetos-inovadores-na-area-social-de-portimao\\\/atualidade\\\/12\\\/25\\\/#primaryimage\"},\"thumbnailUrl\":\"https:\\\/\\\/algarve7.pt\\\/wp-content\\\/uploads\\\/2020\\\/12\\\/thumbnail.jpeg\",\"keywords\":[\"Algarve\",\"Atualidade\",\"Portim\u00e3o\"],\"articleSection\":[\"Atualidade\"],\"inLanguage\":\"pt-PT\"},{\"@type\":\"WebPage\",\"@id\":\"https:\\\/\\\/algarve7.pt\\\/index.php\\\/2020\\\/12\\\/premio-municipal-do-voluntariado-volta-a-distinguir-e-incentivar-projetos-inovadores-na-area-social-de-portimao\\\/atualidade\\\/12\\\/25\\\/\",\"url\":\"https:\\\/\\\/algarve7.pt\\\/index.php\\\/2020\\\/12\\\/premio-municipal-do-voluntariado-volta-a-distinguir-e-incentivar-projetos-inovadores-na-area-social-de-portimao\\\/atualidade\\\/12\\\/25\\\/\",\"name\":\"Pr\u00e9mio Municipal do Voluntariado volta a distinguir e incentivar projetos inovadores na \u00e1rea social de Portim\u00e3o - Algarve 7\",\"isPartOf\":{\"@id\":\"https:\\\/\\\/algarve7.pt\\\/#website\"},\"primaryImageOfPage\":{\"@id\":\"https:\\\/\\\/algarve7.pt\\\/index.php\\\/2020\\\/12\\\/premio-municipal-do-voluntariado-volta-a-distinguir-e-incentivar-projetos-inovadores-na-area-social-de-portimao\\\/atualidade\\\/12\\\/25\\\/#primaryimage\"},\"image\":{\"@id\":\"https:\\\/\\\/algarve7.pt\\\/index.php\\\/2020\\\/12\\\/premio-municipal-do-voluntariado-volta-a-distinguir-e-incentivar-projetos-inovadores-na-area-social-de-portimao\\\/atualidade\\\/12\\\/25\\\/#primaryimage\"},\"thumbnailUrl\":\"https:\\\/\\\/algarve7.pt\\\/wp-content\\\/uploads\\\/2020\\\/12\\\/thumbnail.jpeg\",\"datePublished\":\"2020-12-05T12:25:43+00:00\",\"description\":\"Pr\u00e9mio Municipal do Voluntariado volta a distinguir e incentivar projetos inovadores na \u00e1rea social de Portim\u00e3o\",\"breadcrumb\":{\"@id\":\"https:\\\/\\\/algarve7.pt\\\/index.php\\\/2020\\\/12\\\/premio-municipal-do-voluntariado-volta-a-distinguir-e-incentivar-projetos-inovadores-na-area-social-de-portimao\\\/atualidade\\\/12\\\/25\\\/#breadcrumb\"},\"inLanguage\":\"pt-PT\",\"potentialAction\":[{\"@type\":\"ReadAction\",\"target\":[\"https:\\\/\\\/algarve7.pt\\\/index.php\\\/2020\\\/12\\\/premio-municipal-do-voluntariado-volta-a-distinguir-e-incentivar-projetos-inovadores-na-area-social-de-portimao\\\/atualidade\\\/12\\\/25\\\/\"]}]},{\"@type\":\"ImageObject\",\"inLanguage\":\"pt-PT\",\"@id\":\"https:\\\/\\\/algarve7.pt\\\/index.php\\\/2020\\\/12\\\/premio-municipal-do-voluntariado-volta-a-distinguir-e-incentivar-projetos-inovadores-na-area-social-de-portimao\\\/atualidade\\\/12\\\/25\\\/#primaryimage\",\"url\":\"https:\\\/\\\/algarve7.pt\\\/wp-content\\\/uploads\\\/2020\\\/12\\\/thumbnail.jpeg\",\"contentUrl\":\"https:\\\/\\\/algarve7.pt\\\/wp-content\\\/uploads\\\/2020\\\/12\\\/thumbnail.jpeg\",\"width\":924,\"height\":468},{\"@type\":\"BreadcrumbList\",\"@id\":\"https:\\\/\\\/algarve7.pt\\\/index.php\\\/2020\\\/12\\\/premio-municipal-do-voluntariado-volta-a-distinguir-e-incentivar-projetos-inovadores-na-area-social-de-portimao\\\/atualidade\\\/12\\\/25\\\/#breadcrumb\",\"itemListElement\":[{\"@type\":\"ListItem\",\"position\":1,\"name\":\"In\u00edcio\",\"item\":\"https:\\\/\\\/algarve7.pt\\\/\"},{\"@type\":\"ListItem\",\"position\":2,\"name\":\"Pr\u00e9mio Municipal do Voluntariado volta a distinguir e incentivar projetos inovadores na \u00e1rea social de Portim\u00e3o\"}]},{\"@type\":\"WebSite\",\"@id\":\"https:\\\/\\\/algarve7.pt\\\/#website\",\"url\":\"https:\\\/\\\/algarve7.pt\\\/\",\"name\":\"Algarve 7\",\"description\":\"Informa\u00e7\u00e3o sobre o Algarve\",\"publisher\":{\"@id\":\"https:\\\/\\\/algarve7.pt\\\/#organization\"},\"potentialAction\":[{\"@type\":\"SearchAction\",\"target\":{\"@type\":\"EntryPoint\",\"urlTemplate\":\"https:\\\/\\\/algarve7.pt\\\/?s={search_term_string}\"},\"query-input\":{\"@type\":\"PropertyValueSpecification\",\"valueRequired\":true,\"valueName\":\"search_term_string\"}}],\"inLanguage\":\"pt-PT\"},{\"@type\":\"Organization\",\"@id\":\"https:\\\/\\\/algarve7.pt\\\/#organization\",\"name\":\"Algarve 7\",\"url\":\"https:\\\/\\\/algarve7.pt\\\/\",\"logo\":{\"@type\":\"ImageObject\",\"inLanguage\":\"pt-PT\",\"@id\":\"https:\\\/\\\/algarve7.pt\\\/#\\\/schema\\\/logo\\\/image\\\/\",\"url\":\"https:\\\/\\\/algarve7.pt\\\/wp-content\\\/uploads\\\/2020\\\/10\\\/Logo-8.jpg\",\"contentUrl\":\"https:\\\/\\\/algarve7.pt\\\/wp-content\\\/uploads\\\/2020\\\/10\\\/Logo-8.jpg\",\"width\":1680,\"height\":1186,\"caption\":\"Algarve 7\"},\"image\":{\"@id\":\"https:\\\/\\\/algarve7.pt\\\/#\\\/schema\\\/logo\\\/image\\\/\"},\"sameAs\":[\"https:\\\/\\\/www.facebook.com\\\/algarve7\",\"https:\\\/\\\/x.com\\\/Algarvesete\",\"https:\\\/\\\/www.instagram.com\\\/jornalalgarve7\\\/\",\"https:\\\/\\\/www.linkedin.com\\\/company\\\/algarve7\",\"https:\\\/\\\/www.pinterest.pt\\\/geral0939\\\/_created\\\/\"]},{\"@type\":\"Person\",\"@id\":\"https:\\\/\\\/algarve7.pt\\\/#\\\/schema\\\/person\\\/23fa70681308e7b319a3204bcea45e0c\",\"name\":\"Algarve 7\",\"sameAs\":[\"https:\\\/\\\/algarve7.pt\",\"https:\\\/\\\/www.facebook.com\\\/algarve7\"],\"url\":\"https:\\\/\\\/algarve7.pt\\\/index.php\\\/author\\\/geralalgarve7-pt\\\/\"}]}<\/script>\n<!-- \/ Yoast SEO plugin. -->","yoast_head_json":{"title":"Pr\u00e9mio Municipal do Voluntariado volta a distinguir e incentivar projetos inovadores na \u00e1rea social de Portim\u00e3o - Algarve 7","description":"Pr\u00e9mio Municipal do Voluntariado volta a distinguir e incentivar projetos inovadores na \u00e1rea social de Portim\u00e3o","robots":{"index":"index","follow":"follow","max-snippet":"max-snippet:-1","max-image-preview":"max-image-preview:large","max-video-preview":"max-video-preview:-1"},"canonical":"https:\/\/algarve7.pt\/index.php\/2020\/12\/premio-municipal-do-voluntariado-volta-a-distinguir-e-incentivar-projetos-inovadores-na-area-social-de-portimao\/atualidade\/12\/25\/","og_locale":"pt_PT","og_type":"article","og_title":"Pr\u00e9mio Municipal do Voluntariado volta a distinguir e incentivar projetos inovadores na \u00e1rea social de Portim\u00e3o - Algarve 7","og_description":"Pr\u00e9mio Municipal do Voluntariado volta a distinguir e incentivar projetos inovadores na \u00e1rea social de Portim\u00e3o","og_url":"https:\/\/algarve7.pt\/index.php\/2020\/12\/premio-municipal-do-voluntariado-volta-a-distinguir-e-incentivar-projetos-inovadores-na-area-social-de-portimao\/atualidade\/12\/25\/","og_site_name":"Algarve 7","article_publisher":"https:\/\/www.facebook.com\/algarve7","article_author":"https:\/\/www.facebook.com\/algarve7","article_published_time":"2020-12-05T12:25:43+00:00","og_image":[{"width":924,"height":468,"url":"https:\/\/algarve7.pt\/wp-content\/uploads\/2020\/12\/thumbnail.jpeg","type":"image\/jpeg"}],"author":"Algarve 7","twitter_card":"summary_large_image","twitter_creator":"@Algarvesete","twitter_site":"@Algarvesete","twitter_misc":{"Escrito por":"Algarve 7","Tempo estimado de leitura":"4 minutos"},"schema":{"@context":"https:\/\/schema.org","@graph":[{"@type":"Article","@id":"https:\/\/algarve7.pt\/index.php\/2020\/12\/premio-municipal-do-voluntariado-volta-a-distinguir-e-incentivar-projetos-inovadores-na-area-social-de-portimao\/atualidade\/12\/25\/#article","isPartOf":{"@id":"https:\/\/algarve7.pt\/index.php\/2020\/12\/premio-municipal-do-voluntariado-volta-a-distinguir-e-incentivar-projetos-inovadores-na-area-social-de-portimao\/atualidade\/12\/25\/"},"author":{"name":"Algarve 7","@id":"https:\/\/algarve7.pt\/#\/schema\/person\/23fa70681308e7b319a3204bcea45e0c"},"headline":"Pr\u00e9mio Municipal do Voluntariado volta a distinguir e incentivar projetos inovadores na \u00e1rea social de Portim\u00e3o","datePublished":"2020-12-05T12:25:43+00:00","mainEntityOfPage":{"@id":"https:\/\/algarve7.pt\/index.php\/2020\/12\/premio-municipal-do-voluntariado-volta-a-distinguir-e-incentivar-projetos-inovadores-na-area-social-de-portimao\/atualidade\/12\/25\/"},"wordCount":850,"publisher":{"@id":"https:\/\/algarve7.pt\/#organization"},"image":{"@id":"https:\/\/algarve7.pt\/index.php\/2020\/12\/premio-municipal-do-voluntariado-volta-a-distinguir-e-incentivar-projetos-inovadores-na-area-social-de-portimao\/atualidade\/12\/25\/#primaryimage"},"thumbnailUrl":"https:\/\/algarve7.pt\/wp-content\/uploads\/2020\/12\/thumbnail.jpeg","keywords":["Algarve","Atualidade","Portim\u00e3o"],"articleSection":["Atualidade"],"inLanguage":"pt-PT"},{"@type":"WebPage","@id":"https:\/\/algarve7.pt\/index.php\/2020\/12\/premio-municipal-do-voluntariado-volta-a-distinguir-e-incentivar-projetos-inovadores-na-area-social-de-portimao\/atualidade\/12\/25\/","url":"https:\/\/algarve7.pt\/index.php\/2020\/12\/premio-municipal-do-voluntariado-volta-a-distinguir-e-incentivar-projetos-inovadores-na-area-social-de-portimao\/atualidade\/12\/25\/","name":"Pr\u00e9mio Municipal do Voluntariado volta a distinguir e incentivar projetos inovadores na \u00e1rea social de Portim\u00e3o - Algarve 7","isPartOf":{"@id":"https:\/\/algarve7.pt\/#website"},"primaryImageOfPage":{"@id":"https:\/\/algarve7.pt\/index.php\/2020\/12\/premio-municipal-do-voluntariado-volta-a-distinguir-e-incentivar-projetos-inovadores-na-area-social-de-portimao\/atualidade\/12\/25\/#primaryimage"},"image":{"@id":"https:\/\/algarve7.pt\/index.php\/2020\/12\/premio-municipal-do-voluntariado-volta-a-distinguir-e-incentivar-projetos-inovadores-na-area-social-de-portimao\/atualidade\/12\/25\/#primaryimage"},"thumbnailUrl":"https:\/\/algarve7.pt\/wp-content\/uploads\/2020\/12\/thumbnail.jpeg","datePublished":"2020-12-05T12:25:43+00:00","description":"Pr\u00e9mio Municipal do Voluntariado volta a distinguir e incentivar projetos inovadores na \u00e1rea social de Portim\u00e3o","breadcrumb":{"@id":"https:\/\/algarve7.pt\/index.php\/2020\/12\/premio-municipal-do-voluntariado-volta-a-distinguir-e-incentivar-projetos-inovadores-na-area-social-de-portimao\/atualidade\/12\/25\/#breadcrumb"},"inLanguage":"pt-PT","potentialAction":[{"@type":"ReadAction","target":["https:\/\/algarve7.pt\/index.php\/2020\/12\/premio-municipal-do-voluntariado-volta-a-distinguir-e-incentivar-projetos-inovadores-na-area-social-de-portimao\/atualidade\/12\/25\/"]}]},{"@type":"ImageObject","inLanguage":"pt-PT","@id":"https:\/\/algarve7.pt\/index.php\/2020\/12\/premio-municipal-do-voluntariado-volta-a-distinguir-e-incentivar-projetos-inovadores-na-area-social-de-portimao\/atualidade\/12\/25\/#primaryimage","url":"https:\/\/algarve7.pt\/wp-content\/uploads\/2020\/12\/thumbnail.jpeg","contentUrl":"https:\/\/algarve7.pt\/wp-content\/uploads\/2020\/12\/thumbnail.jpeg","width":924,"height":468},{"@type":"BreadcrumbList","@id":"https:\/\/algarve7.pt\/index.php\/2020\/12\/premio-municipal-do-voluntariado-volta-a-distinguir-e-incentivar-projetos-inovadores-na-area-social-de-portimao\/atualidade\/12\/25\/#breadcrumb","itemListElement":[{"@type":"ListItem","position":1,"name":"In\u00edcio","item":"https:\/\/algarve7.pt\/"},{"@type":"ListItem","position":2,"name":"Pr\u00e9mio Municipal do Voluntariado volta a distinguir e incentivar projetos inovadores na \u00e1rea social de Portim\u00e3o"}]},{"@type":"WebSite","@id":"https:\/\/algarve7.pt\/#website","url":"https:\/\/algarve7.pt\/","name":"Algarve 7","description":"Informa\u00e7\u00e3o sobre o Algarve","publisher":{"@id":"https:\/\/algarve7.pt\/#organization"},"potentialAction":[{"@type":"SearchAction","target":{"@type":"EntryPoint","urlTemplate":"https:\/\/algarve7.pt\/?s={search_term_string}"},"query-input":{"@type":"PropertyValueSpecification","valueRequired":true,"valueName":"search_term_string"}}],"inLanguage":"pt-PT"},{"@type":"Organization","@id":"https:\/\/algarve7.pt\/#organization","name":"Algarve 7","url":"https:\/\/algarve7.pt\/","logo":{"@type":"ImageObject","inLanguage":"pt-PT","@id":"https:\/\/algarve7.pt\/#\/schema\/logo\/image\/","url":"https:\/\/algarve7.pt\/wp-content\/uploads\/2020\/10\/Logo-8.jpg","contentUrl":"https:\/\/algarve7.pt\/wp-content\/uploads\/2020\/10\/Logo-8.jpg","width":1680,"height":1186,"caption":"Algarve 7"},"image":{"@id":"https:\/\/algarve7.pt\/#\/schema\/logo\/image\/"},"sameAs":["https:\/\/www.facebook.com\/algarve7","https:\/\/x.com\/Algarvesete","https:\/\/www.instagram.com\/jornalalgarve7\/","https:\/\/www.linkedin.com\/company\/algarve7","https:\/\/www.pinterest.pt\/geral0939\/_created\/"]},{"@type":"Person","@id":"https:\/\/algarve7.pt\/#\/schema\/person\/23fa70681308e7b319a3204bcea45e0c","name":"Algarve 7","sameAs":["https:\/\/algarve7.pt","https:\/\/www.facebook.com\/algarve7"],"url":"https:\/\/algarve7.pt\/index.php\/author\/geralalgarve7-pt\/"}]}},"jetpack_publicize_connections":[],"jetpack_featured_media_url":"https:\/\/algarve7.pt\/wp-content\/uploads\/2020\/12\/thumbnail.jpeg","jetpack_shortlink":"https:\/\/wp.me\/pcezmW-18P","jetpack_sharing_enabled":true,"_links":{"self":[{"href":"https:\/\/algarve7.pt\/index.php\/wp-json\/wp\/v2\/posts\/4391","targetHints":{"allow":["GET"]}}],"collection":[{"href":"https:\/\/algarve7.pt\/index.php\/wp-json\/wp\/v2\/posts"}],"about":[{"href":"https:\/\/algarve7.pt\/index.php\/wp-json\/wp\/v2\/types\/post"}],"author":[{"embeddable":true,"href":"https:\/\/algarve7.pt\/index.php\/wp-json\/wp\/v2\/users\/1"}],"replies":[{"embeddable":true,"href":"https:\/\/algarve7.pt\/index.php\/wp-json\/wp\/v2\/comments?post=4391"}],"version-history":[{"count":0,"href":"https:\/\/algarve7.pt\/index.php\/wp-json\/wp\/v2\/posts\/4391\/revisions"}],"wp:featuredmedia":[{"embeddable":true,"href":"https:\/\/algarve7.pt\/index.php\/wp-json\/wp\/v2\/media\/4392"}],"wp:attachment":[{"href":"https:\/\/algarve7.pt\/index.php\/wp-json\/wp\/v2\/media?parent=4391"}],"wp:term":[{"taxonomy":"category","embeddable":true,"href":"https:\/\/algarve7.pt\/index.php\/wp-json\/wp\/v2\/categories?post=4391"},{"taxonomy":"post_tag","embeddable":true,"href":"https:\/\/algarve7.pt\/index.php\/wp-json\/wp\/v2\/tags?post=4391"}],"curies":[{"name":"wp","href":"https:\/\/api.w.org\/{rel}","templated":true}]}}