{"id":43864,"date":"2024-11-01T12:25:51","date_gmt":"2024-11-01T12:25:51","guid":{"rendered":"https:\/\/algarve7.pt\/?p=43864"},"modified":"2024-11-01T12:25:53","modified_gmt":"2024-11-01T12:25:53","slug":"algarve-challenge-afa-organiza-primeira-competicao-de-futebol-virtual","status":"publish","type":"post","link":"https:\/\/algarve7.pt\/index.php\/2024\/11\/algarve-challenge-afa-organiza-primeira-competicao-de-futebol-virtual\/desporto\/12\/25\/","title":{"rendered":"Algarve Challenge: AFA organiza primeira competi\u00e7\u00e3o de Futebol Virtual"},"content":{"rendered":"\n<p>A Associa\u00e7\u00e3o de Futebol do Algarve (AFA) vai organizar, j\u00e1 este s\u00e1bado, dia 2 de novembro, a partir das 10 horas, no seu audit\u00f3rio, a primeira competi\u00e7\u00e3o de futebol virtual da sua hist\u00f3ria, com o apoio da Federa\u00e7\u00e3o Portuguesa de Futebol.<\/p>\n\n\n\n<p>A primeira edi\u00e7\u00e3o do Algarve Challenge Futebol Virtual vai juntar AC Salir, AEF Faro, CD Montenegro, CD Odi\u00e1xere, CF \u201cOs Armacenenses\u201d, CU Culatrense, GD Lagoa, GDC Jograis, GEJUPCE, Imortal DC, Inter-Vivos AJNA e UD Castromarinense, os 12 clubes pioneiros na nova modalidade da AFA, que, com este evento, \u00e9 tamb\u00e9m pioneira entre as vinte e duas associa\u00e7\u00f5es distritais e regionais (ADR) de futebol do Pa\u00eds.<\/p>\n\n\n\n<p>O vencedor do Algarve Challenge Futebol Virtual representar\u00e1 a AFA no torneio interassocia\u00e7\u00f5es que ir\u00e1 decorrer no dia 28 de novembro, na Cidade do Futebol.<\/p>\n\n\n\n<p>O torneio ser\u00e1 disputado em 1 para 1, no jogo EA Sports FC 25 (antigo FIFA), na plataforma PlayStation 5.<\/p>\n\n\n\n<p>O evento \u00e9 aberto ao p\u00fablico e tem entrada livre.<\/p>\n\n\n\n<p>Saiba mais:&nbsp;<a href=\"https:\/\/tinyurl.com\/3t32yfe6?fbclid=IwZXh0bgNhZW0CMTAAAR1AxFyvegSH_8dLZM1vZQZpcHreLejKLxXdlrkE2CDT-SmEFAhF-LEGsk0_aem_fVsCrThn-ngP9Q6KkHqEAA\" target=\"_blank\" rel=\"noreferrer noopener\">https:\/\/tinyurl.com\/3t32yfe6<\/a>.<\/p>\n","protected":false},"excerpt":{"rendered":"<p>A Associa\u00e7\u00e3o de Futebol do Algarve (AFA) vai organizar, j\u00e1 este s\u00e1bado, dia 2 de novembro, a partir das 10<\/p>\n","protected":false},"author":1,"featured_media":43865,"comment_status":"closed","ping_status":"closed","sticky":false,"template":"","format":"standard","meta":{"colormag_page_container_layout":"default_layout","colormag_page_sidebar_layout":"default_layout","_monsterinsights_skip_tracking":false,"_monsterinsights_sitenote_active":false,"_monsterinsights_sitenote_note":"","_monsterinsights_sitenote_category":0,"jetpack_post_was_ever_published":false,"_jetpack_newsletter_access":"","_jetpack_dont_email_post_to_subs":false,"_jetpack_newsletter_tier_id":0,"_jetpack_memberships_contains_paywalled_content":false,"_jetpack_memberships_contains_paid_content":false,"footnotes":"","jetpack_publicize_message":"","jetpack_publicize_feature_enabled":true,"jetpack_social_post_already_shared":false,"jetpack_social_options":{"image_generator_settings":{"template":"highway","default_image_id":0,"font":"","enabled":false},"version":2}},"categories":[15],"tags":[36,543,40],"class_list":["post-43864","post","type-post","status-publish","format-standard","has-post-thumbnail","hentry","category-desporto","tag-algarve","tag-associacao-de-futebol-do-algarve","tag-desporto"],"yoast_head":"<!-- This site is optimized with the Yoast SEO plugin v27.5 - https:\/\/yoast.com\/product\/yoast-seo-wordpress\/ -->\n<title>Algarve Challenge: AFA organiza primeira competi\u00e7\u00e3o de Futebol Virtual - Algarve 7<\/title>\n<meta name=\"description\" content=\"Algarve Challenge: AFA organiza primeira competi\u00e7\u00e3o de Futebol Virtual Desporto\" \/>\n<meta name=\"robots\" content=\"index, follow, max-snippet:-1, max-image-preview:large, max-video-preview:-1\" \/>\n<link rel=\"canonical\" href=\"https:\/\/algarve7.pt\/index.php\/2024\/11\/algarve-challenge-afa-organiza-primeira-competicao-de-futebol-virtual\/desporto\/12\/25\/\" \/>\n<meta property=\"og:locale\" content=\"pt_PT\" \/>\n<meta property=\"og:type\" content=\"article\" \/>\n<meta property=\"og:title\" content=\"Algarve Challenge: AFA organiza primeira competi\u00e7\u00e3o de Futebol Virtual - Algarve 7\" \/>\n<meta property=\"og:description\" content=\"Algarve Challenge: AFA organiza primeira competi\u00e7\u00e3o de Futebol Virtual Desporto\" \/>\n<meta property=\"og:url\" content=\"https:\/\/algarve7.pt\/index.php\/2024\/11\/algarve-challenge-afa-organiza-primeira-competicao-de-futebol-virtual\/desporto\/12\/25\/\" \/>\n<meta property=\"og:site_name\" content=\"Algarve 7\" \/>\n<meta property=\"article:publisher\" content=\"https:\/\/www.facebook.com\/algarve7\" \/>\n<meta property=\"article:author\" content=\"https:\/\/www.facebook.com\/algarve7\" \/>\n<meta property=\"article:published_time\" content=\"2024-11-01T12:25:51+00:00\" \/>\n<meta property=\"article:modified_time\" content=\"2024-11-01T12:25:53+00:00\" \/>\n<meta property=\"og:image\" content=\"https:\/\/algarve7.pt\/wp-content\/uploads\/2024\/11\/Captura-de-ecra-2024-11-01-as-12.23.21.png\" \/>\n\t<meta property=\"og:image:width\" content=\"800\" \/>\n\t<meta property=\"og:image:height\" content=\"470\" \/>\n\t<meta property=\"og:image:type\" content=\"image\/png\" \/>\n<meta name=\"author\" content=\"Algarve 7\" \/>\n<meta name=\"twitter:card\" content=\"summary_large_image\" \/>\n<meta name=\"twitter:creator\" content=\"@Algarvesete\" \/>\n<meta name=\"twitter:site\" content=\"@Algarvesete\" \/>\n<meta name=\"twitter:label1\" content=\"Escrito por\" \/>\n\t<meta name=\"twitter:data1\" content=\"Algarve 7\" \/>\n\t<meta name=\"twitter:label2\" content=\"Tempo estimado de leitura\" \/>\n\t<meta name=\"twitter:data2\" content=\"2 minutos\" \/>\n<script type=\"application\/ld+json\" class=\"yoast-schema-graph\">{\"@context\":\"https:\\\/\\\/schema.org\",\"@graph\":[{\"@type\":\"Article\",\"@id\":\"https:\\\/\\\/algarve7.pt\\\/index.php\\\/2024\\\/11\\\/algarve-challenge-afa-organiza-primeira-competicao-de-futebol-virtual\\\/desporto\\\/12\\\/25\\\/#article\",\"isPartOf\":{\"@id\":\"https:\\\/\\\/algarve7.pt\\\/index.php\\\/2024\\\/11\\\/algarve-challenge-afa-organiza-primeira-competicao-de-futebol-virtual\\\/desporto\\\/12\\\/25\\\/\"},\"author\":{\"name\":\"Algarve 7\",\"@id\":\"https:\\\/\\\/algarve7.pt\\\/#\\\/schema\\\/person\\\/23fa70681308e7b319a3204bcea45e0c\"},\"headline\":\"Algarve Challenge: AFA organiza primeira competi\u00e7\u00e3o de Futebol Virtual\",\"datePublished\":\"2024-11-01T12:25:51+00:00\",\"dateModified\":\"2024-11-01T12:25:53+00:00\",\"mainEntityOfPage\":{\"@id\":\"https:\\\/\\\/algarve7.pt\\\/index.php\\\/2024\\\/11\\\/algarve-challenge-afa-organiza-primeira-competicao-de-futebol-virtual\\\/desporto\\\/12\\\/25\\\/\"},\"wordCount\":182,\"publisher\":{\"@id\":\"https:\\\/\\\/algarve7.pt\\\/#organization\"},\"image\":{\"@id\":\"https:\\\/\\\/algarve7.pt\\\/index.php\\\/2024\\\/11\\\/algarve-challenge-afa-organiza-primeira-competicao-de-futebol-virtual\\\/desporto\\\/12\\\/25\\\/#primaryimage\"},\"thumbnailUrl\":\"https:\\\/\\\/algarve7.pt\\\/wp-content\\\/uploads\\\/2024\\\/11\\\/Captura-de-ecra-2024-11-01-as-12.23.21.png\",\"keywords\":[\"Algarve\",\"Associa\u00e7\u00e3o de futebol do Algarve\",\"Desporto\"],\"articleSection\":[\"Desporto\"],\"inLanguage\":\"pt-PT\"},{\"@type\":\"WebPage\",\"@id\":\"https:\\\/\\\/algarve7.pt\\\/index.php\\\/2024\\\/11\\\/algarve-challenge-afa-organiza-primeira-competicao-de-futebol-virtual\\\/desporto\\\/12\\\/25\\\/\",\"url\":\"https:\\\/\\\/algarve7.pt\\\/index.php\\\/2024\\\/11\\\/algarve-challenge-afa-organiza-primeira-competicao-de-futebol-virtual\\\/desporto\\\/12\\\/25\\\/\",\"name\":\"Algarve Challenge: AFA organiza primeira competi\u00e7\u00e3o de Futebol Virtual - Algarve 7\",\"isPartOf\":{\"@id\":\"https:\\\/\\\/algarve7.pt\\\/#website\"},\"primaryImageOfPage\":{\"@id\":\"https:\\\/\\\/algarve7.pt\\\/index.php\\\/2024\\\/11\\\/algarve-challenge-afa-organiza-primeira-competicao-de-futebol-virtual\\\/desporto\\\/12\\\/25\\\/#primaryimage\"},\"image\":{\"@id\":\"https:\\\/\\\/algarve7.pt\\\/index.php\\\/2024\\\/11\\\/algarve-challenge-afa-organiza-primeira-competicao-de-futebol-virtual\\\/desporto\\\/12\\\/25\\\/#primaryimage\"},\"thumbnailUrl\":\"https:\\\/\\\/algarve7.pt\\\/wp-content\\\/uploads\\\/2024\\\/11\\\/Captura-de-ecra-2024-11-01-as-12.23.21.png\",\"datePublished\":\"2024-11-01T12:25:51+00:00\",\"dateModified\":\"2024-11-01T12:25:53+00:00\",\"description\":\"Algarve Challenge: AFA organiza primeira competi\u00e7\u00e3o de Futebol Virtual Desporto\",\"breadcrumb\":{\"@id\":\"https:\\\/\\\/algarve7.pt\\\/index.php\\\/2024\\\/11\\\/algarve-challenge-afa-organiza-primeira-competicao-de-futebol-virtual\\\/desporto\\\/12\\\/25\\\/#breadcrumb\"},\"inLanguage\":\"pt-PT\",\"potentialAction\":[{\"@type\":\"ReadAction\",\"target\":[\"https:\\\/\\\/algarve7.pt\\\/index.php\\\/2024\\\/11\\\/algarve-challenge-afa-organiza-primeira-competicao-de-futebol-virtual\\\/desporto\\\/12\\\/25\\\/\"]}]},{\"@type\":\"ImageObject\",\"inLanguage\":\"pt-PT\",\"@id\":\"https:\\\/\\\/algarve7.pt\\\/index.php\\\/2024\\\/11\\\/algarve-challenge-afa-organiza-primeira-competicao-de-futebol-virtual\\\/desporto\\\/12\\\/25\\\/#primaryimage\",\"url\":\"https:\\\/\\\/algarve7.pt\\\/wp-content\\\/uploads\\\/2024\\\/11\\\/Captura-de-ecra-2024-11-01-as-12.23.21.png\",\"contentUrl\":\"https:\\\/\\\/algarve7.pt\\\/wp-content\\\/uploads\\\/2024\\\/11\\\/Captura-de-ecra-2024-11-01-as-12.23.21.png\",\"width\":800,\"height\":470},{\"@type\":\"BreadcrumbList\",\"@id\":\"https:\\\/\\\/algarve7.pt\\\/index.php\\\/2024\\\/11\\\/algarve-challenge-afa-organiza-primeira-competicao-de-futebol-virtual\\\/desporto\\\/12\\\/25\\\/#breadcrumb\",\"itemListElement\":[{\"@type\":\"ListItem\",\"position\":1,\"name\":\"In\u00edcio\",\"item\":\"https:\\\/\\\/algarve7.pt\\\/\"},{\"@type\":\"ListItem\",\"position\":2,\"name\":\"Algarve Challenge: AFA organiza primeira competi\u00e7\u00e3o de Futebol Virtual\"}]},{\"@type\":\"WebSite\",\"@id\":\"https:\\\/\\\/algarve7.pt\\\/#website\",\"url\":\"https:\\\/\\\/algarve7.pt\\\/\",\"name\":\"Algarve 7\",\"description\":\"Informa\u00e7\u00e3o sobre o Algarve\",\"publisher\":{\"@id\":\"https:\\\/\\\/algarve7.pt\\\/#organization\"},\"potentialAction\":[{\"@type\":\"SearchAction\",\"target\":{\"@type\":\"EntryPoint\",\"urlTemplate\":\"https:\\\/\\\/algarve7.pt\\\/?s={search_term_string}\"},\"query-input\":{\"@type\":\"PropertyValueSpecification\",\"valueRequired\":true,\"valueName\":\"search_term_string\"}}],\"inLanguage\":\"pt-PT\"},{\"@type\":\"Organization\",\"@id\":\"https:\\\/\\\/algarve7.pt\\\/#organization\",\"name\":\"Algarve 7\",\"url\":\"https:\\\/\\\/algarve7.pt\\\/\",\"logo\":{\"@type\":\"ImageObject\",\"inLanguage\":\"pt-PT\",\"@id\":\"https:\\\/\\\/algarve7.pt\\\/#\\\/schema\\\/logo\\\/image\\\/\",\"url\":\"https:\\\/\\\/algarve7.pt\\\/wp-content\\\/uploads\\\/2020\\\/10\\\/Logo-8.jpg\",\"contentUrl\":\"https:\\\/\\\/algarve7.pt\\\/wp-content\\\/uploads\\\/2020\\\/10\\\/Logo-8.jpg\",\"width\":1680,\"height\":1186,\"caption\":\"Algarve 7\"},\"image\":{\"@id\":\"https:\\\/\\\/algarve7.pt\\\/#\\\/schema\\\/logo\\\/image\\\/\"},\"sameAs\":[\"https:\\\/\\\/www.facebook.com\\\/algarve7\",\"https:\\\/\\\/x.com\\\/Algarvesete\",\"https:\\\/\\\/www.instagram.com\\\/jornalalgarve7\\\/\",\"https:\\\/\\\/www.linkedin.com\\\/company\\\/algarve7\",\"https:\\\/\\\/www.pinterest.pt\\\/geral0939\\\/_created\\\/\"]},{\"@type\":\"Person\",\"@id\":\"https:\\\/\\\/algarve7.pt\\\/#\\\/schema\\\/person\\\/23fa70681308e7b319a3204bcea45e0c\",\"name\":\"Algarve 7\",\"sameAs\":[\"https:\\\/\\\/algarve7.pt\",\"https:\\\/\\\/www.facebook.com\\\/algarve7\"],\"url\":\"https:\\\/\\\/algarve7.pt\\\/index.php\\\/author\\\/geralalgarve7-pt\\\/\"}]}<\/script>\n<!-- \/ Yoast SEO plugin. -->","yoast_head_json":{"title":"Algarve Challenge: AFA organiza primeira competi\u00e7\u00e3o de Futebol Virtual - Algarve 7","description":"Algarve Challenge: AFA organiza primeira competi\u00e7\u00e3o de Futebol Virtual Desporto","robots":{"index":"index","follow":"follow","max-snippet":"max-snippet:-1","max-image-preview":"max-image-preview:large","max-video-preview":"max-video-preview:-1"},"canonical":"https:\/\/algarve7.pt\/index.php\/2024\/11\/algarve-challenge-afa-organiza-primeira-competicao-de-futebol-virtual\/desporto\/12\/25\/","og_locale":"pt_PT","og_type":"article","og_title":"Algarve Challenge: AFA organiza primeira competi\u00e7\u00e3o de Futebol Virtual - Algarve 7","og_description":"Algarve Challenge: AFA organiza primeira competi\u00e7\u00e3o de Futebol Virtual Desporto","og_url":"https:\/\/algarve7.pt\/index.php\/2024\/11\/algarve-challenge-afa-organiza-primeira-competicao-de-futebol-virtual\/desporto\/12\/25\/","og_site_name":"Algarve 7","article_publisher":"https:\/\/www.facebook.com\/algarve7","article_author":"https:\/\/www.facebook.com\/algarve7","article_published_time":"2024-11-01T12:25:51+00:00","article_modified_time":"2024-11-01T12:25:53+00:00","og_image":[{"width":800,"height":470,"url":"https:\/\/algarve7.pt\/wp-content\/uploads\/2024\/11\/Captura-de-ecra-2024-11-01-as-12.23.21.png","type":"image\/png"}],"author":"Algarve 7","twitter_card":"summary_large_image","twitter_creator":"@Algarvesete","twitter_site":"@Algarvesete","twitter_misc":{"Escrito por":"Algarve 7","Tempo estimado de leitura":"2 minutos"},"schema":{"@context":"https:\/\/schema.org","@graph":[{"@type":"Article","@id":"https:\/\/algarve7.pt\/index.php\/2024\/11\/algarve-challenge-afa-organiza-primeira-competicao-de-futebol-virtual\/desporto\/12\/25\/#article","isPartOf":{"@id":"https:\/\/algarve7.pt\/index.php\/2024\/11\/algarve-challenge-afa-organiza-primeira-competicao-de-futebol-virtual\/desporto\/12\/25\/"},"author":{"name":"Algarve 7","@id":"https:\/\/algarve7.pt\/#\/schema\/person\/23fa70681308e7b319a3204bcea45e0c"},"headline":"Algarve Challenge: AFA organiza primeira competi\u00e7\u00e3o de Futebol Virtual","datePublished":"2024-11-01T12:25:51+00:00","dateModified":"2024-11-01T12:25:53+00:00","mainEntityOfPage":{"@id":"https:\/\/algarve7.pt\/index.php\/2024\/11\/algarve-challenge-afa-organiza-primeira-competicao-de-futebol-virtual\/desporto\/12\/25\/"},"wordCount":182,"publisher":{"@id":"https:\/\/algarve7.pt\/#organization"},"image":{"@id":"https:\/\/algarve7.pt\/index.php\/2024\/11\/algarve-challenge-afa-organiza-primeira-competicao-de-futebol-virtual\/desporto\/12\/25\/#primaryimage"},"thumbnailUrl":"https:\/\/algarve7.pt\/wp-content\/uploads\/2024\/11\/Captura-de-ecra-2024-11-01-as-12.23.21.png","keywords":["Algarve","Associa\u00e7\u00e3o de futebol do Algarve","Desporto"],"articleSection":["Desporto"],"inLanguage":"pt-PT"},{"@type":"WebPage","@id":"https:\/\/algarve7.pt\/index.php\/2024\/11\/algarve-challenge-afa-organiza-primeira-competicao-de-futebol-virtual\/desporto\/12\/25\/","url":"https:\/\/algarve7.pt\/index.php\/2024\/11\/algarve-challenge-afa-organiza-primeira-competicao-de-futebol-virtual\/desporto\/12\/25\/","name":"Algarve Challenge: AFA organiza primeira competi\u00e7\u00e3o de Futebol Virtual - Algarve 7","isPartOf":{"@id":"https:\/\/algarve7.pt\/#website"},"primaryImageOfPage":{"@id":"https:\/\/algarve7.pt\/index.php\/2024\/11\/algarve-challenge-afa-organiza-primeira-competicao-de-futebol-virtual\/desporto\/12\/25\/#primaryimage"},"image":{"@id":"https:\/\/algarve7.pt\/index.php\/2024\/11\/algarve-challenge-afa-organiza-primeira-competicao-de-futebol-virtual\/desporto\/12\/25\/#primaryimage"},"thumbnailUrl":"https:\/\/algarve7.pt\/wp-content\/uploads\/2024\/11\/Captura-de-ecra-2024-11-01-as-12.23.21.png","datePublished":"2024-11-01T12:25:51+00:00","dateModified":"2024-11-01T12:25:53+00:00","description":"Algarve Challenge: AFA organiza primeira competi\u00e7\u00e3o de Futebol Virtual Desporto","breadcrumb":{"@id":"https:\/\/algarve7.pt\/index.php\/2024\/11\/algarve-challenge-afa-organiza-primeira-competicao-de-futebol-virtual\/desporto\/12\/25\/#breadcrumb"},"inLanguage":"pt-PT","potentialAction":[{"@type":"ReadAction","target":["https:\/\/algarve7.pt\/index.php\/2024\/11\/algarve-challenge-afa-organiza-primeira-competicao-de-futebol-virtual\/desporto\/12\/25\/"]}]},{"@type":"ImageObject","inLanguage":"pt-PT","@id":"https:\/\/algarve7.pt\/index.php\/2024\/11\/algarve-challenge-afa-organiza-primeira-competicao-de-futebol-virtual\/desporto\/12\/25\/#primaryimage","url":"https:\/\/algarve7.pt\/wp-content\/uploads\/2024\/11\/Captura-de-ecra-2024-11-01-as-12.23.21.png","contentUrl":"https:\/\/algarve7.pt\/wp-content\/uploads\/2024\/11\/Captura-de-ecra-2024-11-01-as-12.23.21.png","width":800,"height":470},{"@type":"BreadcrumbList","@id":"https:\/\/algarve7.pt\/index.php\/2024\/11\/algarve-challenge-afa-organiza-primeira-competicao-de-futebol-virtual\/desporto\/12\/25\/#breadcrumb","itemListElement":[{"@type":"ListItem","position":1,"name":"In\u00edcio","item":"https:\/\/algarve7.pt\/"},{"@type":"ListItem","position":2,"name":"Algarve Challenge: AFA organiza primeira competi\u00e7\u00e3o de Futebol Virtual"}]},{"@type":"WebSite","@id":"https:\/\/algarve7.pt\/#website","url":"https:\/\/algarve7.pt\/","name":"Algarve 7","description":"Informa\u00e7\u00e3o sobre o Algarve","publisher":{"@id":"https:\/\/algarve7.pt\/#organization"},"potentialAction":[{"@type":"SearchAction","target":{"@type":"EntryPoint","urlTemplate":"https:\/\/algarve7.pt\/?s={search_term_string}"},"query-input":{"@type":"PropertyValueSpecification","valueRequired":true,"valueName":"search_term_string"}}],"inLanguage":"pt-PT"},{"@type":"Organization","@id":"https:\/\/algarve7.pt\/#organization","name":"Algarve 7","url":"https:\/\/algarve7.pt\/","logo":{"@type":"ImageObject","inLanguage":"pt-PT","@id":"https:\/\/algarve7.pt\/#\/schema\/logo\/image\/","url":"https:\/\/algarve7.pt\/wp-content\/uploads\/2020\/10\/Logo-8.jpg","contentUrl":"https:\/\/algarve7.pt\/wp-content\/uploads\/2020\/10\/Logo-8.jpg","width":1680,"height":1186,"caption":"Algarve 7"},"image":{"@id":"https:\/\/algarve7.pt\/#\/schema\/logo\/image\/"},"sameAs":["https:\/\/www.facebook.com\/algarve7","https:\/\/x.com\/Algarvesete","https:\/\/www.instagram.com\/jornalalgarve7\/","https:\/\/www.linkedin.com\/company\/algarve7","https:\/\/www.pinterest.pt\/geral0939\/_created\/"]},{"@type":"Person","@id":"https:\/\/algarve7.pt\/#\/schema\/person\/23fa70681308e7b319a3204bcea45e0c","name":"Algarve 7","sameAs":["https:\/\/algarve7.pt","https:\/\/www.facebook.com\/algarve7"],"url":"https:\/\/algarve7.pt\/index.php\/author\/geralalgarve7-pt\/"}]}},"jetpack_publicize_connections":[],"jetpack_featured_media_url":"https:\/\/algarve7.pt\/wp-content\/uploads\/2024\/11\/Captura-de-ecra-2024-11-01-as-12.23.21.png","jetpack_shortlink":"https:\/\/wp.me\/pcezmW-bpu","jetpack_sharing_enabled":true,"_links":{"self":[{"href":"https:\/\/algarve7.pt\/index.php\/wp-json\/wp\/v2\/posts\/43864","targetHints":{"allow":["GET"]}}],"collection":[{"href":"https:\/\/algarve7.pt\/index.php\/wp-json\/wp\/v2\/posts"}],"about":[{"href":"https:\/\/algarve7.pt\/index.php\/wp-json\/wp\/v2\/types\/post"}],"author":[{"embeddable":true,"href":"https:\/\/algarve7.pt\/index.php\/wp-json\/wp\/v2\/users\/1"}],"replies":[{"embeddable":true,"href":"https:\/\/algarve7.pt\/index.php\/wp-json\/wp\/v2\/comments?post=43864"}],"version-history":[{"count":0,"href":"https:\/\/algarve7.pt\/index.php\/wp-json\/wp\/v2\/posts\/43864\/revisions"}],"wp:featuredmedia":[{"embeddable":true,"href":"https:\/\/algarve7.pt\/index.php\/wp-json\/wp\/v2\/media\/43865"}],"wp:attachment":[{"href":"https:\/\/algarve7.pt\/index.php\/wp-json\/wp\/v2\/media?parent=43864"}],"wp:term":[{"taxonomy":"category","embeddable":true,"href":"https:\/\/algarve7.pt\/index.php\/wp-json\/wp\/v2\/categories?post=43864"},{"taxonomy":"post_tag","embeddable":true,"href":"https:\/\/algarve7.pt\/index.php\/wp-json\/wp\/v2\/tags?post=43864"}],"curies":[{"name":"wp","href":"https:\/\/api.w.org\/{rel}","templated":true}]}}