{"id":43848,"date":"2024-11-01T09:05:00","date_gmt":"2024-11-01T09:05:00","guid":{"rendered":"https:\/\/algarve7.pt\/?p=43848"},"modified":"2024-10-31T13:07:49","modified_gmt":"2024-10-31T13:07:49","slug":"iv-capitulo-da-confraria-dos-amigos-da-guia-e-do-frango-da-freguesia-celebrou-cultura-e-tradicao","status":"publish","type":"post","link":"https:\/\/algarve7.pt\/index.php\/2024\/11\/iv-capitulo-da-confraria-dos-amigos-da-guia-e-do-frango-da-freguesia-celebrou-cultura-e-tradicao\/atualidade\/09\/05\/","title":{"rendered":"IV Cap\u00edtulo da Confraria dos Amigos da Guia e do Frango da Freguesia celebrou cultura e tradi\u00e7\u00e3o\u00a0"},"content":{"rendered":"\n<p>No dia 26 de outubro, a Confraria dos Amigos da Guia e do Frango da Freguesia realizou o seu IV Cap\u00edtulo, reunindo cerca de 300 participantes. O evento teve como objetivo promover a valoriza\u00e7\u00e3o do famoso Frango da Guia, uma especialidade culin\u00e1ria local de renome, e refor\u00e7ar o papel da Confraria enquanto embaixadora desta tradi\u00e7\u00e3o gastron\u00f3mica.\u00a0<br><br>Com a presen\u00e7a de 62 confrarias, incluindo uma representa\u00e7\u00e3o internacional de Espanha, o evento destacou-se pela sua atmosfera de partilha cultural e pelo forte esp\u00edrito de confraterniza\u00e7\u00e3o. Durante a cerim\u00f3nia foram entronizados 12 novos Confrades efetivos e um Confrade de Honra \u2013 a Sociedade Agr\u00edcola Quinta da Malaca \u2013 aumentando para 77 o n\u00famero total de membros que atuam como \u00abEmbaixadores\u00bb do Frango da Guia.\u00a0<br><br>O programa iniciou-se no Hotel Cerro Mar com um pequeno-almo\u00e7o, tendo a cerim\u00f3nia de entroniza\u00e7\u00e3o decorrido no Audit\u00f3rio Municipal de Albufeira e contado com as atua\u00e7\u00f5es de Filipa Sousa e do Rancho Folcl\u00f3rico de Albufeira. A comitiva visitou ainda a Guia onde, face \u00e0s condi\u00e7\u00f5es climat\u00e9ricas, o tradicional desfile foi substitu\u00eddo por um conv\u00edvio no Sal\u00e3o Cultural e Desportivo da Junta de Freguesia. O almo\u00e7o conv\u00edvio que se seguiu foi tamb\u00e9m servido no Hotel Cerro Mar e contou com a atua\u00e7\u00e3o de S\u00e9rgio Guerreiro.\u00a0<br><br>A Confraria dos Amigos da Guia e do Frango da Freguesia, fundada na Freguesia da Guia e com uma atua\u00e7\u00e3o a n\u00edvel nacional e internacional, consolida-se como uma entidade de refer\u00eancia na preserva\u00e7\u00e3o e divulga\u00e7\u00e3o desta iguaria, reconhecendo os valores de tradi\u00e7\u00e3o e autenticidade que enriquecem a identidade local. O IV Cap\u00edtulo da Confraria celebrou, assim, mais um passo importante na promo\u00e7\u00e3o do Frango da Guia, refor\u00e7ando os la\u00e7os culturais e culin\u00e1rios da comunidade, bem como o prest\u00edgio desta especialidade que \u00e9 s\u00edmbolo da Freguesia da Guia e do Algarve.\u00a0<br><br>A iniciativa contou com o apoio da Junta de Freguesia da Guia e da C\u00e2mara Municipal de Albufeira.<\/p>\n","protected":false},"excerpt":{"rendered":"<p>No dia 26 de outubro, a Confraria dos Amigos da Guia e do Frango da Freguesia realizou o seu IV<\/p>\n","protected":false},"author":1,"featured_media":43849,"comment_status":"closed","ping_status":"closed","sticky":false,"template":"","format":"standard","meta":{"colormag_page_container_layout":"default_layout","colormag_page_sidebar_layout":"default_layout","_monsterinsights_skip_tracking":false,"_monsterinsights_sitenote_active":false,"_monsterinsights_sitenote_note":"","_monsterinsights_sitenote_category":0,"jetpack_post_was_ever_published":false,"_jetpack_newsletter_access":"","_jetpack_dont_email_post_to_subs":false,"_jetpack_newsletter_tier_id":0,"_jetpack_memberships_contains_paywalled_content":false,"_jetpack_memberships_contains_paid_content":false,"footnotes":"","jetpack_publicize_message":"","jetpack_publicize_feature_enabled":true,"jetpack_social_post_already_shared":false,"jetpack_social_options":{"image_generator_settings":{"template":"highway","default_image_id":0,"font":"","enabled":false},"version":2}},"categories":[11],"tags":[155,36,62,957],"class_list":["post-43848","post","type-post","status-publish","format-standard","has-post-thumbnail","hentry","category-atualidade","tag-albufeira","tag-algarve","tag-atualidade","tag-guia"],"yoast_head":"<!-- This site is optimized with the Yoast SEO plugin v27.5 - https:\/\/yoast.com\/product\/yoast-seo-wordpress\/ -->\n<title>IV Cap\u00edtulo da Confraria dos Amigos da Guia e do Frango da Freguesia celebrou cultura e tradi\u00e7\u00e3o\u00a0 - Algarve 7<\/title>\n<meta name=\"description\" content=\"IV Cap\u00edtulo da Confraria dos Amigos da Guia e do Frango da Freguesia celebrou cultura e tradi\u00e7\u00e3o\u00a0 Atualidade\" \/>\n<meta name=\"robots\" content=\"index, follow, max-snippet:-1, max-image-preview:large, max-video-preview:-1\" \/>\n<link rel=\"canonical\" href=\"https:\/\/algarve7.pt\/index.php\/2024\/11\/iv-capitulo-da-confraria-dos-amigos-da-guia-e-do-frango-da-freguesia-celebrou-cultura-e-tradicao\/atualidade\/09\/05\/\" \/>\n<meta property=\"og:locale\" content=\"pt_PT\" \/>\n<meta property=\"og:type\" content=\"article\" \/>\n<meta property=\"og:title\" content=\"IV Cap\u00edtulo da Confraria dos Amigos da Guia e do Frango da Freguesia celebrou cultura e tradi\u00e7\u00e3o\u00a0 - Algarve 7\" \/>\n<meta property=\"og:description\" content=\"IV Cap\u00edtulo da Confraria dos Amigos da Guia e do Frango da Freguesia celebrou cultura e tradi\u00e7\u00e3o\u00a0 Atualidade\" \/>\n<meta property=\"og:url\" content=\"https:\/\/algarve7.pt\/index.php\/2024\/11\/iv-capitulo-da-confraria-dos-amigos-da-guia-e-do-frango-da-freguesia-celebrou-cultura-e-tradicao\/atualidade\/09\/05\/\" \/>\n<meta property=\"og:site_name\" content=\"Algarve 7\" \/>\n<meta property=\"article:publisher\" content=\"https:\/\/www.facebook.com\/algarve7\" \/>\n<meta property=\"article:author\" content=\"https:\/\/www.facebook.com\/algarve7\" \/>\n<meta property=\"article:published_time\" content=\"2024-11-01T09:05:00+00:00\" \/>\n<meta property=\"og:image\" content=\"https:\/\/algarve7.pt\/wp-content\/uploads\/2024\/10\/Confraria-015.jpg\" \/>\n\t<meta property=\"og:image:width\" content=\"800\" \/>\n\t<meta property=\"og:image:height\" content=\"470\" \/>\n\t<meta property=\"og:image:type\" content=\"image\/jpeg\" \/>\n<meta name=\"author\" content=\"Algarve 7\" \/>\n<meta name=\"twitter:card\" content=\"summary_large_image\" \/>\n<meta name=\"twitter:creator\" content=\"@Algarvesete\" \/>\n<meta name=\"twitter:site\" content=\"@Algarvesete\" \/>\n<meta name=\"twitter:label1\" content=\"Escrito por\" \/>\n\t<meta name=\"twitter:data1\" content=\"Algarve 7\" \/>\n\t<meta name=\"twitter:label2\" content=\"Tempo estimado de leitura\" \/>\n\t<meta name=\"twitter:data2\" content=\"2 minutos\" \/>\n<script type=\"application\/ld+json\" class=\"yoast-schema-graph\">{\"@context\":\"https:\\\/\\\/schema.org\",\"@graph\":[{\"@type\":\"Article\",\"@id\":\"https:\\\/\\\/algarve7.pt\\\/index.php\\\/2024\\\/11\\\/iv-capitulo-da-confraria-dos-amigos-da-guia-e-do-frango-da-freguesia-celebrou-cultura-e-tradicao\\\/atualidade\\\/09\\\/05\\\/#article\",\"isPartOf\":{\"@id\":\"https:\\\/\\\/algarve7.pt\\\/index.php\\\/2024\\\/11\\\/iv-capitulo-da-confraria-dos-amigos-da-guia-e-do-frango-da-freguesia-celebrou-cultura-e-tradicao\\\/atualidade\\\/09\\\/05\\\/\"},\"author\":{\"name\":\"Algarve 7\",\"@id\":\"https:\\\/\\\/algarve7.pt\\\/#\\\/schema\\\/person\\\/23fa70681308e7b319a3204bcea45e0c\"},\"headline\":\"IV Cap\u00edtulo da Confraria dos Amigos da Guia e do Frango da Freguesia celebrou cultura e tradi\u00e7\u00e3o\u00a0\",\"datePublished\":\"2024-11-01T09:05:00+00:00\",\"mainEntityOfPage\":{\"@id\":\"https:\\\/\\\/algarve7.pt\\\/index.php\\\/2024\\\/11\\\/iv-capitulo-da-confraria-dos-amigos-da-guia-e-do-frango-da-freguesia-celebrou-cultura-e-tradicao\\\/atualidade\\\/09\\\/05\\\/\"},\"wordCount\":367,\"publisher\":{\"@id\":\"https:\\\/\\\/algarve7.pt\\\/#organization\"},\"image\":{\"@id\":\"https:\\\/\\\/algarve7.pt\\\/index.php\\\/2024\\\/11\\\/iv-capitulo-da-confraria-dos-amigos-da-guia-e-do-frango-da-freguesia-celebrou-cultura-e-tradicao\\\/atualidade\\\/09\\\/05\\\/#primaryimage\"},\"thumbnailUrl\":\"https:\\\/\\\/algarve7.pt\\\/wp-content\\\/uploads\\\/2024\\\/10\\\/Confraria-015.jpg\",\"keywords\":[\"Albufeira\",\"Algarve\",\"Atualidade\",\"Guia\"],\"articleSection\":[\"Atualidade\"],\"inLanguage\":\"pt-PT\"},{\"@type\":\"WebPage\",\"@id\":\"https:\\\/\\\/algarve7.pt\\\/index.php\\\/2024\\\/11\\\/iv-capitulo-da-confraria-dos-amigos-da-guia-e-do-frango-da-freguesia-celebrou-cultura-e-tradicao\\\/atualidade\\\/09\\\/05\\\/\",\"url\":\"https:\\\/\\\/algarve7.pt\\\/index.php\\\/2024\\\/11\\\/iv-capitulo-da-confraria-dos-amigos-da-guia-e-do-frango-da-freguesia-celebrou-cultura-e-tradicao\\\/atualidade\\\/09\\\/05\\\/\",\"name\":\"IV Cap\u00edtulo da Confraria dos Amigos da Guia e do Frango da Freguesia celebrou cultura e tradi\u00e7\u00e3o\u00a0 - Algarve 7\",\"isPartOf\":{\"@id\":\"https:\\\/\\\/algarve7.pt\\\/#website\"},\"primaryImageOfPage\":{\"@id\":\"https:\\\/\\\/algarve7.pt\\\/index.php\\\/2024\\\/11\\\/iv-capitulo-da-confraria-dos-amigos-da-guia-e-do-frango-da-freguesia-celebrou-cultura-e-tradicao\\\/atualidade\\\/09\\\/05\\\/#primaryimage\"},\"image\":{\"@id\":\"https:\\\/\\\/algarve7.pt\\\/index.php\\\/2024\\\/11\\\/iv-capitulo-da-confraria-dos-amigos-da-guia-e-do-frango-da-freguesia-celebrou-cultura-e-tradicao\\\/atualidade\\\/09\\\/05\\\/#primaryimage\"},\"thumbnailUrl\":\"https:\\\/\\\/algarve7.pt\\\/wp-content\\\/uploads\\\/2024\\\/10\\\/Confraria-015.jpg\",\"datePublished\":\"2024-11-01T09:05:00+00:00\",\"description\":\"IV Cap\u00edtulo da Confraria dos Amigos da Guia e do Frango da Freguesia celebrou cultura e tradi\u00e7\u00e3o\u00a0 Atualidade\",\"breadcrumb\":{\"@id\":\"https:\\\/\\\/algarve7.pt\\\/index.php\\\/2024\\\/11\\\/iv-capitulo-da-confraria-dos-amigos-da-guia-e-do-frango-da-freguesia-celebrou-cultura-e-tradicao\\\/atualidade\\\/09\\\/05\\\/#breadcrumb\"},\"inLanguage\":\"pt-PT\",\"potentialAction\":[{\"@type\":\"ReadAction\",\"target\":[\"https:\\\/\\\/algarve7.pt\\\/index.php\\\/2024\\\/11\\\/iv-capitulo-da-confraria-dos-amigos-da-guia-e-do-frango-da-freguesia-celebrou-cultura-e-tradicao\\\/atualidade\\\/09\\\/05\\\/\"]}]},{\"@type\":\"ImageObject\",\"inLanguage\":\"pt-PT\",\"@id\":\"https:\\\/\\\/algarve7.pt\\\/index.php\\\/2024\\\/11\\\/iv-capitulo-da-confraria-dos-amigos-da-guia-e-do-frango-da-freguesia-celebrou-cultura-e-tradicao\\\/atualidade\\\/09\\\/05\\\/#primaryimage\",\"url\":\"https:\\\/\\\/algarve7.pt\\\/wp-content\\\/uploads\\\/2024\\\/10\\\/Confraria-015.jpg\",\"contentUrl\":\"https:\\\/\\\/algarve7.pt\\\/wp-content\\\/uploads\\\/2024\\\/10\\\/Confraria-015.jpg\",\"width\":800,\"height\":470},{\"@type\":\"BreadcrumbList\",\"@id\":\"https:\\\/\\\/algarve7.pt\\\/index.php\\\/2024\\\/11\\\/iv-capitulo-da-confraria-dos-amigos-da-guia-e-do-frango-da-freguesia-celebrou-cultura-e-tradicao\\\/atualidade\\\/09\\\/05\\\/#breadcrumb\",\"itemListElement\":[{\"@type\":\"ListItem\",\"position\":1,\"name\":\"In\u00edcio\",\"item\":\"https:\\\/\\\/algarve7.pt\\\/\"},{\"@type\":\"ListItem\",\"position\":2,\"name\":\"IV Cap\u00edtulo da Confraria dos Amigos da Guia e do Frango da Freguesia celebrou cultura e tradi\u00e7\u00e3o\u00a0\"}]},{\"@type\":\"WebSite\",\"@id\":\"https:\\\/\\\/algarve7.pt\\\/#website\",\"url\":\"https:\\\/\\\/algarve7.pt\\\/\",\"name\":\"Algarve 7\",\"description\":\"Informa\u00e7\u00e3o sobre o Algarve\",\"publisher\":{\"@id\":\"https:\\\/\\\/algarve7.pt\\\/#organization\"},\"potentialAction\":[{\"@type\":\"SearchAction\",\"target\":{\"@type\":\"EntryPoint\",\"urlTemplate\":\"https:\\\/\\\/algarve7.pt\\\/?s={search_term_string}\"},\"query-input\":{\"@type\":\"PropertyValueSpecification\",\"valueRequired\":true,\"valueName\":\"search_term_string\"}}],\"inLanguage\":\"pt-PT\"},{\"@type\":\"Organization\",\"@id\":\"https:\\\/\\\/algarve7.pt\\\/#organization\",\"name\":\"Algarve 7\",\"url\":\"https:\\\/\\\/algarve7.pt\\\/\",\"logo\":{\"@type\":\"ImageObject\",\"inLanguage\":\"pt-PT\",\"@id\":\"https:\\\/\\\/algarve7.pt\\\/#\\\/schema\\\/logo\\\/image\\\/\",\"url\":\"https:\\\/\\\/algarve7.pt\\\/wp-content\\\/uploads\\\/2020\\\/10\\\/Logo-8.jpg\",\"contentUrl\":\"https:\\\/\\\/algarve7.pt\\\/wp-content\\\/uploads\\\/2020\\\/10\\\/Logo-8.jpg\",\"width\":1680,\"height\":1186,\"caption\":\"Algarve 7\"},\"image\":{\"@id\":\"https:\\\/\\\/algarve7.pt\\\/#\\\/schema\\\/logo\\\/image\\\/\"},\"sameAs\":[\"https:\\\/\\\/www.facebook.com\\\/algarve7\",\"https:\\\/\\\/x.com\\\/Algarvesete\",\"https:\\\/\\\/www.instagram.com\\\/jornalalgarve7\\\/\",\"https:\\\/\\\/www.linkedin.com\\\/company\\\/algarve7\",\"https:\\\/\\\/www.pinterest.pt\\\/geral0939\\\/_created\\\/\"]},{\"@type\":\"Person\",\"@id\":\"https:\\\/\\\/algarve7.pt\\\/#\\\/schema\\\/person\\\/23fa70681308e7b319a3204bcea45e0c\",\"name\":\"Algarve 7\",\"sameAs\":[\"https:\\\/\\\/algarve7.pt\",\"https:\\\/\\\/www.facebook.com\\\/algarve7\"],\"url\":\"https:\\\/\\\/algarve7.pt\\\/index.php\\\/author\\\/geralalgarve7-pt\\\/\"}]}<\/script>\n<!-- \/ Yoast SEO plugin. -->","yoast_head_json":{"title":"IV Cap\u00edtulo da Confraria dos Amigos da Guia e do Frango da Freguesia celebrou cultura e tradi\u00e7\u00e3o\u00a0 - Algarve 7","description":"IV Cap\u00edtulo da Confraria dos Amigos da Guia e do Frango da Freguesia celebrou cultura e tradi\u00e7\u00e3o\u00a0 Atualidade","robots":{"index":"index","follow":"follow","max-snippet":"max-snippet:-1","max-image-preview":"max-image-preview:large","max-video-preview":"max-video-preview:-1"},"canonical":"https:\/\/algarve7.pt\/index.php\/2024\/11\/iv-capitulo-da-confraria-dos-amigos-da-guia-e-do-frango-da-freguesia-celebrou-cultura-e-tradicao\/atualidade\/09\/05\/","og_locale":"pt_PT","og_type":"article","og_title":"IV Cap\u00edtulo da Confraria dos Amigos da Guia e do Frango da Freguesia celebrou cultura e tradi\u00e7\u00e3o\u00a0 - Algarve 7","og_description":"IV Cap\u00edtulo da Confraria dos Amigos da Guia e do Frango da Freguesia celebrou cultura e tradi\u00e7\u00e3o\u00a0 Atualidade","og_url":"https:\/\/algarve7.pt\/index.php\/2024\/11\/iv-capitulo-da-confraria-dos-amigos-da-guia-e-do-frango-da-freguesia-celebrou-cultura-e-tradicao\/atualidade\/09\/05\/","og_site_name":"Algarve 7","article_publisher":"https:\/\/www.facebook.com\/algarve7","article_author":"https:\/\/www.facebook.com\/algarve7","article_published_time":"2024-11-01T09:05:00+00:00","og_image":[{"width":800,"height":470,"url":"https:\/\/algarve7.pt\/wp-content\/uploads\/2024\/10\/Confraria-015.jpg","type":"image\/jpeg"}],"author":"Algarve 7","twitter_card":"summary_large_image","twitter_creator":"@Algarvesete","twitter_site":"@Algarvesete","twitter_misc":{"Escrito por":"Algarve 7","Tempo estimado de leitura":"2 minutos"},"schema":{"@context":"https:\/\/schema.org","@graph":[{"@type":"Article","@id":"https:\/\/algarve7.pt\/index.php\/2024\/11\/iv-capitulo-da-confraria-dos-amigos-da-guia-e-do-frango-da-freguesia-celebrou-cultura-e-tradicao\/atualidade\/09\/05\/#article","isPartOf":{"@id":"https:\/\/algarve7.pt\/index.php\/2024\/11\/iv-capitulo-da-confraria-dos-amigos-da-guia-e-do-frango-da-freguesia-celebrou-cultura-e-tradicao\/atualidade\/09\/05\/"},"author":{"name":"Algarve 7","@id":"https:\/\/algarve7.pt\/#\/schema\/person\/23fa70681308e7b319a3204bcea45e0c"},"headline":"IV Cap\u00edtulo da Confraria dos Amigos da Guia e do Frango da Freguesia celebrou cultura e tradi\u00e7\u00e3o\u00a0","datePublished":"2024-11-01T09:05:00+00:00","mainEntityOfPage":{"@id":"https:\/\/algarve7.pt\/index.php\/2024\/11\/iv-capitulo-da-confraria-dos-amigos-da-guia-e-do-frango-da-freguesia-celebrou-cultura-e-tradicao\/atualidade\/09\/05\/"},"wordCount":367,"publisher":{"@id":"https:\/\/algarve7.pt\/#organization"},"image":{"@id":"https:\/\/algarve7.pt\/index.php\/2024\/11\/iv-capitulo-da-confraria-dos-amigos-da-guia-e-do-frango-da-freguesia-celebrou-cultura-e-tradicao\/atualidade\/09\/05\/#primaryimage"},"thumbnailUrl":"https:\/\/algarve7.pt\/wp-content\/uploads\/2024\/10\/Confraria-015.jpg","keywords":["Albufeira","Algarve","Atualidade","Guia"],"articleSection":["Atualidade"],"inLanguage":"pt-PT"},{"@type":"WebPage","@id":"https:\/\/algarve7.pt\/index.php\/2024\/11\/iv-capitulo-da-confraria-dos-amigos-da-guia-e-do-frango-da-freguesia-celebrou-cultura-e-tradicao\/atualidade\/09\/05\/","url":"https:\/\/algarve7.pt\/index.php\/2024\/11\/iv-capitulo-da-confraria-dos-amigos-da-guia-e-do-frango-da-freguesia-celebrou-cultura-e-tradicao\/atualidade\/09\/05\/","name":"IV Cap\u00edtulo da Confraria dos Amigos da Guia e do Frango da Freguesia celebrou cultura e tradi\u00e7\u00e3o\u00a0 - Algarve 7","isPartOf":{"@id":"https:\/\/algarve7.pt\/#website"},"primaryImageOfPage":{"@id":"https:\/\/algarve7.pt\/index.php\/2024\/11\/iv-capitulo-da-confraria-dos-amigos-da-guia-e-do-frango-da-freguesia-celebrou-cultura-e-tradicao\/atualidade\/09\/05\/#primaryimage"},"image":{"@id":"https:\/\/algarve7.pt\/index.php\/2024\/11\/iv-capitulo-da-confraria-dos-amigos-da-guia-e-do-frango-da-freguesia-celebrou-cultura-e-tradicao\/atualidade\/09\/05\/#primaryimage"},"thumbnailUrl":"https:\/\/algarve7.pt\/wp-content\/uploads\/2024\/10\/Confraria-015.jpg","datePublished":"2024-11-01T09:05:00+00:00","description":"IV Cap\u00edtulo da Confraria dos Amigos da Guia e do Frango da Freguesia celebrou cultura e tradi\u00e7\u00e3o\u00a0 Atualidade","breadcrumb":{"@id":"https:\/\/algarve7.pt\/index.php\/2024\/11\/iv-capitulo-da-confraria-dos-amigos-da-guia-e-do-frango-da-freguesia-celebrou-cultura-e-tradicao\/atualidade\/09\/05\/#breadcrumb"},"inLanguage":"pt-PT","potentialAction":[{"@type":"ReadAction","target":["https:\/\/algarve7.pt\/index.php\/2024\/11\/iv-capitulo-da-confraria-dos-amigos-da-guia-e-do-frango-da-freguesia-celebrou-cultura-e-tradicao\/atualidade\/09\/05\/"]}]},{"@type":"ImageObject","inLanguage":"pt-PT","@id":"https:\/\/algarve7.pt\/index.php\/2024\/11\/iv-capitulo-da-confraria-dos-amigos-da-guia-e-do-frango-da-freguesia-celebrou-cultura-e-tradicao\/atualidade\/09\/05\/#primaryimage","url":"https:\/\/algarve7.pt\/wp-content\/uploads\/2024\/10\/Confraria-015.jpg","contentUrl":"https:\/\/algarve7.pt\/wp-content\/uploads\/2024\/10\/Confraria-015.jpg","width":800,"height":470},{"@type":"BreadcrumbList","@id":"https:\/\/algarve7.pt\/index.php\/2024\/11\/iv-capitulo-da-confraria-dos-amigos-da-guia-e-do-frango-da-freguesia-celebrou-cultura-e-tradicao\/atualidade\/09\/05\/#breadcrumb","itemListElement":[{"@type":"ListItem","position":1,"name":"In\u00edcio","item":"https:\/\/algarve7.pt\/"},{"@type":"ListItem","position":2,"name":"IV Cap\u00edtulo da Confraria dos Amigos da Guia e do Frango da Freguesia celebrou cultura e tradi\u00e7\u00e3o\u00a0"}]},{"@type":"WebSite","@id":"https:\/\/algarve7.pt\/#website","url":"https:\/\/algarve7.pt\/","name":"Algarve 7","description":"Informa\u00e7\u00e3o sobre o Algarve","publisher":{"@id":"https:\/\/algarve7.pt\/#organization"},"potentialAction":[{"@type":"SearchAction","target":{"@type":"EntryPoint","urlTemplate":"https:\/\/algarve7.pt\/?s={search_term_string}"},"query-input":{"@type":"PropertyValueSpecification","valueRequired":true,"valueName":"search_term_string"}}],"inLanguage":"pt-PT"},{"@type":"Organization","@id":"https:\/\/algarve7.pt\/#organization","name":"Algarve 7","url":"https:\/\/algarve7.pt\/","logo":{"@type":"ImageObject","inLanguage":"pt-PT","@id":"https:\/\/algarve7.pt\/#\/schema\/logo\/image\/","url":"https:\/\/algarve7.pt\/wp-content\/uploads\/2020\/10\/Logo-8.jpg","contentUrl":"https:\/\/algarve7.pt\/wp-content\/uploads\/2020\/10\/Logo-8.jpg","width":1680,"height":1186,"caption":"Algarve 7"},"image":{"@id":"https:\/\/algarve7.pt\/#\/schema\/logo\/image\/"},"sameAs":["https:\/\/www.facebook.com\/algarve7","https:\/\/x.com\/Algarvesete","https:\/\/www.instagram.com\/jornalalgarve7\/","https:\/\/www.linkedin.com\/company\/algarve7","https:\/\/www.pinterest.pt\/geral0939\/_created\/"]},{"@type":"Person","@id":"https:\/\/algarve7.pt\/#\/schema\/person\/23fa70681308e7b319a3204bcea45e0c","name":"Algarve 7","sameAs":["https:\/\/algarve7.pt","https:\/\/www.facebook.com\/algarve7"],"url":"https:\/\/algarve7.pt\/index.php\/author\/geralalgarve7-pt\/"}]}},"jetpack_publicize_connections":[],"jetpack_featured_media_url":"https:\/\/algarve7.pt\/wp-content\/uploads\/2024\/10\/Confraria-015.jpg","jetpack_shortlink":"https:\/\/wp.me\/pcezmW-bpe","jetpack_sharing_enabled":true,"_links":{"self":[{"href":"https:\/\/algarve7.pt\/index.php\/wp-json\/wp\/v2\/posts\/43848","targetHints":{"allow":["GET"]}}],"collection":[{"href":"https:\/\/algarve7.pt\/index.php\/wp-json\/wp\/v2\/posts"}],"about":[{"href":"https:\/\/algarve7.pt\/index.php\/wp-json\/wp\/v2\/types\/post"}],"author":[{"embeddable":true,"href":"https:\/\/algarve7.pt\/index.php\/wp-json\/wp\/v2\/users\/1"}],"replies":[{"embeddable":true,"href":"https:\/\/algarve7.pt\/index.php\/wp-json\/wp\/v2\/comments?post=43848"}],"version-history":[{"count":0,"href":"https:\/\/algarve7.pt\/index.php\/wp-json\/wp\/v2\/posts\/43848\/revisions"}],"wp:featuredmedia":[{"embeddable":true,"href":"https:\/\/algarve7.pt\/index.php\/wp-json\/wp\/v2\/media\/43849"}],"wp:attachment":[{"href":"https:\/\/algarve7.pt\/index.php\/wp-json\/wp\/v2\/media?parent=43848"}],"wp:term":[{"taxonomy":"category","embeddable":true,"href":"https:\/\/algarve7.pt\/index.php\/wp-json\/wp\/v2\/categories?post=43848"},{"taxonomy":"post_tag","embeddable":true,"href":"https:\/\/algarve7.pt\/index.php\/wp-json\/wp\/v2\/tags?post=43848"}],"curies":[{"name":"wp","href":"https:\/\/api.w.org\/{rel}","templated":true}]}}