{"id":43817,"date":"2024-10-30T17:45:23","date_gmt":"2024-10-30T17:45:23","guid":{"rendered":"https:\/\/algarve7.pt\/?p=43817"},"modified":"2024-10-30T17:45:25","modified_gmt":"2024-10-30T17:45:25","slug":"apresentacao-e-esclarecimentos-programa-de-mar-2030-aviso-no-230-2024-23-execucao-da-edl-do-gal-costeiro-do-barlavento-do-algarve","status":"publish","type":"post","link":"https:\/\/algarve7.pt\/index.php\/2024\/10\/apresentacao-e-esclarecimentos-programa-de-mar-2030-aviso-no-230-2024-23-execucao-da-edl-do-gal-costeiro-do-barlavento-do-algarve\/atualidade\/17\/45\/","title":{"rendered":"Apresenta\u00e7\u00e3o e Esclarecimentos &#8211; Programa de MAR 2030 &#8211; aviso n\u00ba 230-2024-23 Execu\u00e7\u00e3o da EDL do GAL Costeiro do Barlavento do Algarve"},"content":{"rendered":"\n<p>A Agencia de Desenvolvimento do Barlavento promove, no pr\u00f3ximo dia 6 de novembro, pelas 15h00, no Centro de Interpreta\u00e7\u00e3o da Lota de Sagres, Porto da Baleeira, &nbsp;uma apresenta\u00e7\u00e3o sobre &nbsp;o concurso que se encontra a decorrer referente ao aviso n\u00ba 230-2024-23 &nbsp;Execu\u00e7\u00e3o da EDL do GAL Costeiro do Barlavento do Algarve, no \u00e2mbito da Prioridade 3 do MAR 2030 &#8211; Promo\u00e7\u00e3o do desenvolvimento de uma economia azul sustent\u00e1vel nas regi\u00f5es costeiras, insulares e interiores e fomento do desenvolvimento das comunidades piscat\u00f3rias e de aquicultura.<\/p>\n\n\n\n<p>A\u00e7\u00f5es abrangidas por este aviso:<\/p>\n\n\n\n<p>Empreendedorismo, emprego e desenvolvimento econ\u00f3mico<\/p>\n\n\n\n<p>Capacita\u00e7\u00e3o de atores: sensibiliza\u00e7\u00e3o, qualifica\u00e7\u00e3o, educa\u00e7\u00e3o, forma\u00e7\u00e3o profissional<\/p>\n\n\n\n<p>Preserva\u00e7\u00e3o, valoriza\u00e7\u00e3o e dinamiza\u00e7\u00e3o do patrim\u00f3nio<\/p>\n\n\n\n<p>Sustentabilidade ambiental e a\u00e7\u00e3o clim\u00e1tica (sistemas de energia renov\u00e1vel, descarboniza\u00e7\u00e3o, efici\u00eancia energ\u00e9tica e economia circular)<\/p>\n\n\n\n<p>Inova\u00e7\u00e3o e conhecimento cient\u00edfico e tecnol\u00f3gico (material e imaterial)<\/p>\n\n\n\n<p>Parcerias, coopera\u00e7\u00e3o, redes colaborativas<\/p>\n\n\n\n<p>Desenvolvimento s\u00f3cio cultural e inclus\u00e3o social<\/p>\n\n\n\n<p>Desenvolvimento e valoriza\u00e7\u00e3o dos produtos e recursos end\u00f3genos e infraestruturas locais<\/p>\n\n\n\n<p>Esta iniciativa conta com o apoio do munic\u00edpio de Vila do Bispo.<\/p>\n","protected":false},"excerpt":{"rendered":"<p>A Agencia de Desenvolvimento do Barlavento promove, no pr\u00f3ximo dia 6 de novembro, pelas 15h00, no Centro de Interpreta\u00e7\u00e3o da<\/p>\n","protected":false},"author":1,"featured_media":43818,"comment_status":"closed","ping_status":"closed","sticky":false,"template":"","format":"standard","meta":{"colormag_page_container_layout":"default_layout","colormag_page_sidebar_layout":"default_layout","_monsterinsights_skip_tracking":false,"_monsterinsights_sitenote_active":false,"_monsterinsights_sitenote_note":"","_monsterinsights_sitenote_category":0,"jetpack_post_was_ever_published":false,"_jetpack_newsletter_access":"","_jetpack_dont_email_post_to_subs":false,"_jetpack_newsletter_tier_id":0,"_jetpack_memberships_contains_paywalled_content":false,"_jetpack_memberships_contains_paid_content":false,"footnotes":"","jetpack_publicize_message":"","jetpack_publicize_feature_enabled":true,"jetpack_social_post_already_shared":false,"jetpack_social_options":{"image_generator_settings":{"template":"highway","default_image_id":0,"font":"","enabled":false},"version":2}},"categories":[11],"tags":[36,62,84],"class_list":["post-43817","post","type-post","status-publish","format-standard","has-post-thumbnail","hentry","category-atualidade","tag-algarve","tag-atualidade","tag-vila-do-bispo"],"yoast_head":"<!-- This site is optimized with the Yoast SEO plugin v27.5 - https:\/\/yoast.com\/product\/yoast-seo-wordpress\/ -->\n<title>Apresenta\u00e7\u00e3o e Esclarecimentos - Programa de MAR 2030 - aviso n\u00ba 230-2024-23 Execu\u00e7\u00e3o da EDL do GAL Costeiro do Barlavento do Algarve - Algarve 7<\/title>\n<meta name=\"description\" content=\"Apresenta\u00e7\u00e3o e Esclarecimentos - Programa de MAR 2030 - aviso n\u00ba 230-2024-23 Execu\u00e7\u00e3o da EDL do GAL Costeiro do Barlavento do Algarve Atualidade\" \/>\n<meta name=\"robots\" content=\"index, follow, max-snippet:-1, max-image-preview:large, max-video-preview:-1\" \/>\n<link rel=\"canonical\" href=\"https:\/\/algarve7.pt\/index.php\/2024\/10\/apresentacao-e-esclarecimentos-programa-de-mar-2030-aviso-no-230-2024-23-execucao-da-edl-do-gal-costeiro-do-barlavento-do-algarve\/atualidade\/17\/45\/\" \/>\n<meta property=\"og:locale\" content=\"pt_PT\" \/>\n<meta property=\"og:type\" content=\"article\" \/>\n<meta property=\"og:title\" content=\"Apresenta\u00e7\u00e3o e Esclarecimentos - Programa de MAR 2030 - aviso n\u00ba 230-2024-23 Execu\u00e7\u00e3o da EDL do GAL Costeiro do Barlavento do Algarve - Algarve 7\" \/>\n<meta property=\"og:description\" content=\"Apresenta\u00e7\u00e3o e Esclarecimentos - Programa de MAR 2030 - aviso n\u00ba 230-2024-23 Execu\u00e7\u00e3o da EDL do GAL Costeiro do Barlavento do Algarve Atualidade\" \/>\n<meta property=\"og:url\" content=\"https:\/\/algarve7.pt\/index.php\/2024\/10\/apresentacao-e-esclarecimentos-programa-de-mar-2030-aviso-no-230-2024-23-execucao-da-edl-do-gal-costeiro-do-barlavento-do-algarve\/atualidade\/17\/45\/\" \/>\n<meta property=\"og:site_name\" content=\"Algarve 7\" \/>\n<meta property=\"article:publisher\" content=\"https:\/\/www.facebook.com\/algarve7\" \/>\n<meta property=\"article:author\" content=\"https:\/\/www.facebook.com\/algarve7\" \/>\n<meta property=\"article:published_time\" content=\"2024-10-30T17:45:23+00:00\" \/>\n<meta property=\"article:modified_time\" content=\"2024-10-30T17:45:25+00:00\" \/>\n<meta property=\"og:image\" content=\"https:\/\/algarve7.pt\/wp-content\/uploads\/2024\/10\/cartaz.jpg\" \/>\n\t<meta property=\"og:image:width\" content=\"800\" \/>\n\t<meta property=\"og:image:height\" content=\"470\" \/>\n\t<meta property=\"og:image:type\" content=\"image\/jpeg\" \/>\n<meta name=\"author\" content=\"Algarve 7\" \/>\n<meta name=\"twitter:card\" content=\"summary_large_image\" \/>\n<meta name=\"twitter:creator\" content=\"@Algarvesete\" \/>\n<meta name=\"twitter:site\" content=\"@Algarvesete\" \/>\n<meta name=\"twitter:label1\" content=\"Escrito por\" \/>\n\t<meta name=\"twitter:data1\" content=\"Algarve 7\" \/>\n\t<meta name=\"twitter:label2\" content=\"Tempo estimado de leitura\" \/>\n\t<meta name=\"twitter:data2\" content=\"2 minutos\" \/>\n<script type=\"application\/ld+json\" class=\"yoast-schema-graph\">{\"@context\":\"https:\\\/\\\/schema.org\",\"@graph\":[{\"@type\":\"Article\",\"@id\":\"https:\\\/\\\/algarve7.pt\\\/index.php\\\/2024\\\/10\\\/apresentacao-e-esclarecimentos-programa-de-mar-2030-aviso-no-230-2024-23-execucao-da-edl-do-gal-costeiro-do-barlavento-do-algarve\\\/atualidade\\\/17\\\/45\\\/#article\",\"isPartOf\":{\"@id\":\"https:\\\/\\\/algarve7.pt\\\/index.php\\\/2024\\\/10\\\/apresentacao-e-esclarecimentos-programa-de-mar-2030-aviso-no-230-2024-23-execucao-da-edl-do-gal-costeiro-do-barlavento-do-algarve\\\/atualidade\\\/17\\\/45\\\/\"},\"author\":{\"name\":\"Algarve 7\",\"@id\":\"https:\\\/\\\/algarve7.pt\\\/#\\\/schema\\\/person\\\/23fa70681308e7b319a3204bcea45e0c\"},\"headline\":\"Apresenta\u00e7\u00e3o e Esclarecimentos &#8211; Programa de MAR 2030 &#8211; aviso n\u00ba 230-2024-23 Execu\u00e7\u00e3o da EDL do GAL Costeiro do Barlavento do Algarve\",\"datePublished\":\"2024-10-30T17:45:23+00:00\",\"dateModified\":\"2024-10-30T17:45:25+00:00\",\"mainEntityOfPage\":{\"@id\":\"https:\\\/\\\/algarve7.pt\\\/index.php\\\/2024\\\/10\\\/apresentacao-e-esclarecimentos-programa-de-mar-2030-aviso-no-230-2024-23-execucao-da-edl-do-gal-costeiro-do-barlavento-do-algarve\\\/atualidade\\\/17\\\/45\\\/\"},\"wordCount\":224,\"publisher\":{\"@id\":\"https:\\\/\\\/algarve7.pt\\\/#organization\"},\"image\":{\"@id\":\"https:\\\/\\\/algarve7.pt\\\/index.php\\\/2024\\\/10\\\/apresentacao-e-esclarecimentos-programa-de-mar-2030-aviso-no-230-2024-23-execucao-da-edl-do-gal-costeiro-do-barlavento-do-algarve\\\/atualidade\\\/17\\\/45\\\/#primaryimage\"},\"thumbnailUrl\":\"https:\\\/\\\/algarve7.pt\\\/wp-content\\\/uploads\\\/2024\\\/10\\\/cartaz.jpg\",\"keywords\":[\"Algarve\",\"Atualidade\",\"Vila do Bispo\"],\"articleSection\":[\"Atualidade\"],\"inLanguage\":\"pt-PT\"},{\"@type\":\"WebPage\",\"@id\":\"https:\\\/\\\/algarve7.pt\\\/index.php\\\/2024\\\/10\\\/apresentacao-e-esclarecimentos-programa-de-mar-2030-aviso-no-230-2024-23-execucao-da-edl-do-gal-costeiro-do-barlavento-do-algarve\\\/atualidade\\\/17\\\/45\\\/\",\"url\":\"https:\\\/\\\/algarve7.pt\\\/index.php\\\/2024\\\/10\\\/apresentacao-e-esclarecimentos-programa-de-mar-2030-aviso-no-230-2024-23-execucao-da-edl-do-gal-costeiro-do-barlavento-do-algarve\\\/atualidade\\\/17\\\/45\\\/\",\"name\":\"Apresenta\u00e7\u00e3o e Esclarecimentos - Programa de MAR 2030 - aviso n\u00ba 230-2024-23 Execu\u00e7\u00e3o da EDL do GAL Costeiro do Barlavento do Algarve - Algarve 7\",\"isPartOf\":{\"@id\":\"https:\\\/\\\/algarve7.pt\\\/#website\"},\"primaryImageOfPage\":{\"@id\":\"https:\\\/\\\/algarve7.pt\\\/index.php\\\/2024\\\/10\\\/apresentacao-e-esclarecimentos-programa-de-mar-2030-aviso-no-230-2024-23-execucao-da-edl-do-gal-costeiro-do-barlavento-do-algarve\\\/atualidade\\\/17\\\/45\\\/#primaryimage\"},\"image\":{\"@id\":\"https:\\\/\\\/algarve7.pt\\\/index.php\\\/2024\\\/10\\\/apresentacao-e-esclarecimentos-programa-de-mar-2030-aviso-no-230-2024-23-execucao-da-edl-do-gal-costeiro-do-barlavento-do-algarve\\\/atualidade\\\/17\\\/45\\\/#primaryimage\"},\"thumbnailUrl\":\"https:\\\/\\\/algarve7.pt\\\/wp-content\\\/uploads\\\/2024\\\/10\\\/cartaz.jpg\",\"datePublished\":\"2024-10-30T17:45:23+00:00\",\"dateModified\":\"2024-10-30T17:45:25+00:00\",\"description\":\"Apresenta\u00e7\u00e3o e Esclarecimentos - Programa de MAR 2030 - aviso n\u00ba 230-2024-23 Execu\u00e7\u00e3o da EDL do GAL Costeiro do Barlavento do Algarve Atualidade\",\"breadcrumb\":{\"@id\":\"https:\\\/\\\/algarve7.pt\\\/index.php\\\/2024\\\/10\\\/apresentacao-e-esclarecimentos-programa-de-mar-2030-aviso-no-230-2024-23-execucao-da-edl-do-gal-costeiro-do-barlavento-do-algarve\\\/atualidade\\\/17\\\/45\\\/#breadcrumb\"},\"inLanguage\":\"pt-PT\",\"potentialAction\":[{\"@type\":\"ReadAction\",\"target\":[\"https:\\\/\\\/algarve7.pt\\\/index.php\\\/2024\\\/10\\\/apresentacao-e-esclarecimentos-programa-de-mar-2030-aviso-no-230-2024-23-execucao-da-edl-do-gal-costeiro-do-barlavento-do-algarve\\\/atualidade\\\/17\\\/45\\\/\"]}]},{\"@type\":\"ImageObject\",\"inLanguage\":\"pt-PT\",\"@id\":\"https:\\\/\\\/algarve7.pt\\\/index.php\\\/2024\\\/10\\\/apresentacao-e-esclarecimentos-programa-de-mar-2030-aviso-no-230-2024-23-execucao-da-edl-do-gal-costeiro-do-barlavento-do-algarve\\\/atualidade\\\/17\\\/45\\\/#primaryimage\",\"url\":\"https:\\\/\\\/algarve7.pt\\\/wp-content\\\/uploads\\\/2024\\\/10\\\/cartaz.jpg\",\"contentUrl\":\"https:\\\/\\\/algarve7.pt\\\/wp-content\\\/uploads\\\/2024\\\/10\\\/cartaz.jpg\",\"width\":800,\"height\":470},{\"@type\":\"BreadcrumbList\",\"@id\":\"https:\\\/\\\/algarve7.pt\\\/index.php\\\/2024\\\/10\\\/apresentacao-e-esclarecimentos-programa-de-mar-2030-aviso-no-230-2024-23-execucao-da-edl-do-gal-costeiro-do-barlavento-do-algarve\\\/atualidade\\\/17\\\/45\\\/#breadcrumb\",\"itemListElement\":[{\"@type\":\"ListItem\",\"position\":1,\"name\":\"In\u00edcio\",\"item\":\"https:\\\/\\\/algarve7.pt\\\/\"},{\"@type\":\"ListItem\",\"position\":2,\"name\":\"Apresenta\u00e7\u00e3o e Esclarecimentos &#8211; Programa de MAR 2030 &#8211; aviso n\u00ba 230-2024-23 Execu\u00e7\u00e3o da EDL do GAL Costeiro do Barlavento do Algarve\"}]},{\"@type\":\"WebSite\",\"@id\":\"https:\\\/\\\/algarve7.pt\\\/#website\",\"url\":\"https:\\\/\\\/algarve7.pt\\\/\",\"name\":\"Algarve 7\",\"description\":\"Informa\u00e7\u00e3o sobre o Algarve\",\"publisher\":{\"@id\":\"https:\\\/\\\/algarve7.pt\\\/#organization\"},\"potentialAction\":[{\"@type\":\"SearchAction\",\"target\":{\"@type\":\"EntryPoint\",\"urlTemplate\":\"https:\\\/\\\/algarve7.pt\\\/?s={search_term_string}\"},\"query-input\":{\"@type\":\"PropertyValueSpecification\",\"valueRequired\":true,\"valueName\":\"search_term_string\"}}],\"inLanguage\":\"pt-PT\"},{\"@type\":\"Organization\",\"@id\":\"https:\\\/\\\/algarve7.pt\\\/#organization\",\"name\":\"Algarve 7\",\"url\":\"https:\\\/\\\/algarve7.pt\\\/\",\"logo\":{\"@type\":\"ImageObject\",\"inLanguage\":\"pt-PT\",\"@id\":\"https:\\\/\\\/algarve7.pt\\\/#\\\/schema\\\/logo\\\/image\\\/\",\"url\":\"https:\\\/\\\/algarve7.pt\\\/wp-content\\\/uploads\\\/2020\\\/10\\\/Logo-8.jpg\",\"contentUrl\":\"https:\\\/\\\/algarve7.pt\\\/wp-content\\\/uploads\\\/2020\\\/10\\\/Logo-8.jpg\",\"width\":1680,\"height\":1186,\"caption\":\"Algarve 7\"},\"image\":{\"@id\":\"https:\\\/\\\/algarve7.pt\\\/#\\\/schema\\\/logo\\\/image\\\/\"},\"sameAs\":[\"https:\\\/\\\/www.facebook.com\\\/algarve7\",\"https:\\\/\\\/x.com\\\/Algarvesete\",\"https:\\\/\\\/www.instagram.com\\\/jornalalgarve7\\\/\",\"https:\\\/\\\/www.linkedin.com\\\/company\\\/algarve7\",\"https:\\\/\\\/www.pinterest.pt\\\/geral0939\\\/_created\\\/\"]},{\"@type\":\"Person\",\"@id\":\"https:\\\/\\\/algarve7.pt\\\/#\\\/schema\\\/person\\\/23fa70681308e7b319a3204bcea45e0c\",\"name\":\"Algarve 7\",\"sameAs\":[\"https:\\\/\\\/algarve7.pt\",\"https:\\\/\\\/www.facebook.com\\\/algarve7\"],\"url\":\"https:\\\/\\\/algarve7.pt\\\/index.php\\\/author\\\/geralalgarve7-pt\\\/\"}]}<\/script>\n<!-- \/ Yoast SEO plugin. -->","yoast_head_json":{"title":"Apresenta\u00e7\u00e3o e Esclarecimentos - Programa de MAR 2030 - aviso n\u00ba 230-2024-23 Execu\u00e7\u00e3o da EDL do GAL Costeiro do Barlavento do Algarve - Algarve 7","description":"Apresenta\u00e7\u00e3o e Esclarecimentos - Programa de MAR 2030 - aviso n\u00ba 230-2024-23 Execu\u00e7\u00e3o da EDL do GAL Costeiro do Barlavento do Algarve Atualidade","robots":{"index":"index","follow":"follow","max-snippet":"max-snippet:-1","max-image-preview":"max-image-preview:large","max-video-preview":"max-video-preview:-1"},"canonical":"https:\/\/algarve7.pt\/index.php\/2024\/10\/apresentacao-e-esclarecimentos-programa-de-mar-2030-aviso-no-230-2024-23-execucao-da-edl-do-gal-costeiro-do-barlavento-do-algarve\/atualidade\/17\/45\/","og_locale":"pt_PT","og_type":"article","og_title":"Apresenta\u00e7\u00e3o e Esclarecimentos - Programa de MAR 2030 - aviso n\u00ba 230-2024-23 Execu\u00e7\u00e3o da EDL do GAL Costeiro do Barlavento do Algarve - Algarve 7","og_description":"Apresenta\u00e7\u00e3o e Esclarecimentos - Programa de MAR 2030 - aviso n\u00ba 230-2024-23 Execu\u00e7\u00e3o da EDL do GAL Costeiro do Barlavento do Algarve Atualidade","og_url":"https:\/\/algarve7.pt\/index.php\/2024\/10\/apresentacao-e-esclarecimentos-programa-de-mar-2030-aviso-no-230-2024-23-execucao-da-edl-do-gal-costeiro-do-barlavento-do-algarve\/atualidade\/17\/45\/","og_site_name":"Algarve 7","article_publisher":"https:\/\/www.facebook.com\/algarve7","article_author":"https:\/\/www.facebook.com\/algarve7","article_published_time":"2024-10-30T17:45:23+00:00","article_modified_time":"2024-10-30T17:45:25+00:00","og_image":[{"width":800,"height":470,"url":"https:\/\/algarve7.pt\/wp-content\/uploads\/2024\/10\/cartaz.jpg","type":"image\/jpeg"}],"author":"Algarve 7","twitter_card":"summary_large_image","twitter_creator":"@Algarvesete","twitter_site":"@Algarvesete","twitter_misc":{"Escrito por":"Algarve 7","Tempo estimado de leitura":"2 minutos"},"schema":{"@context":"https:\/\/schema.org","@graph":[{"@type":"Article","@id":"https:\/\/algarve7.pt\/index.php\/2024\/10\/apresentacao-e-esclarecimentos-programa-de-mar-2030-aviso-no-230-2024-23-execucao-da-edl-do-gal-costeiro-do-barlavento-do-algarve\/atualidade\/17\/45\/#article","isPartOf":{"@id":"https:\/\/algarve7.pt\/index.php\/2024\/10\/apresentacao-e-esclarecimentos-programa-de-mar-2030-aviso-no-230-2024-23-execucao-da-edl-do-gal-costeiro-do-barlavento-do-algarve\/atualidade\/17\/45\/"},"author":{"name":"Algarve 7","@id":"https:\/\/algarve7.pt\/#\/schema\/person\/23fa70681308e7b319a3204bcea45e0c"},"headline":"Apresenta\u00e7\u00e3o e Esclarecimentos &#8211; Programa de MAR 2030 &#8211; aviso n\u00ba 230-2024-23 Execu\u00e7\u00e3o da EDL do GAL Costeiro do Barlavento do Algarve","datePublished":"2024-10-30T17:45:23+00:00","dateModified":"2024-10-30T17:45:25+00:00","mainEntityOfPage":{"@id":"https:\/\/algarve7.pt\/index.php\/2024\/10\/apresentacao-e-esclarecimentos-programa-de-mar-2030-aviso-no-230-2024-23-execucao-da-edl-do-gal-costeiro-do-barlavento-do-algarve\/atualidade\/17\/45\/"},"wordCount":224,"publisher":{"@id":"https:\/\/algarve7.pt\/#organization"},"image":{"@id":"https:\/\/algarve7.pt\/index.php\/2024\/10\/apresentacao-e-esclarecimentos-programa-de-mar-2030-aviso-no-230-2024-23-execucao-da-edl-do-gal-costeiro-do-barlavento-do-algarve\/atualidade\/17\/45\/#primaryimage"},"thumbnailUrl":"https:\/\/algarve7.pt\/wp-content\/uploads\/2024\/10\/cartaz.jpg","keywords":["Algarve","Atualidade","Vila do Bispo"],"articleSection":["Atualidade"],"inLanguage":"pt-PT"},{"@type":"WebPage","@id":"https:\/\/algarve7.pt\/index.php\/2024\/10\/apresentacao-e-esclarecimentos-programa-de-mar-2030-aviso-no-230-2024-23-execucao-da-edl-do-gal-costeiro-do-barlavento-do-algarve\/atualidade\/17\/45\/","url":"https:\/\/algarve7.pt\/index.php\/2024\/10\/apresentacao-e-esclarecimentos-programa-de-mar-2030-aviso-no-230-2024-23-execucao-da-edl-do-gal-costeiro-do-barlavento-do-algarve\/atualidade\/17\/45\/","name":"Apresenta\u00e7\u00e3o e Esclarecimentos - Programa de MAR 2030 - aviso n\u00ba 230-2024-23 Execu\u00e7\u00e3o da EDL do GAL Costeiro do Barlavento do Algarve - Algarve 7","isPartOf":{"@id":"https:\/\/algarve7.pt\/#website"},"primaryImageOfPage":{"@id":"https:\/\/algarve7.pt\/index.php\/2024\/10\/apresentacao-e-esclarecimentos-programa-de-mar-2030-aviso-no-230-2024-23-execucao-da-edl-do-gal-costeiro-do-barlavento-do-algarve\/atualidade\/17\/45\/#primaryimage"},"image":{"@id":"https:\/\/algarve7.pt\/index.php\/2024\/10\/apresentacao-e-esclarecimentos-programa-de-mar-2030-aviso-no-230-2024-23-execucao-da-edl-do-gal-costeiro-do-barlavento-do-algarve\/atualidade\/17\/45\/#primaryimage"},"thumbnailUrl":"https:\/\/algarve7.pt\/wp-content\/uploads\/2024\/10\/cartaz.jpg","datePublished":"2024-10-30T17:45:23+00:00","dateModified":"2024-10-30T17:45:25+00:00","description":"Apresenta\u00e7\u00e3o e Esclarecimentos - Programa de MAR 2030 - aviso n\u00ba 230-2024-23 Execu\u00e7\u00e3o da EDL do GAL Costeiro do Barlavento do Algarve Atualidade","breadcrumb":{"@id":"https:\/\/algarve7.pt\/index.php\/2024\/10\/apresentacao-e-esclarecimentos-programa-de-mar-2030-aviso-no-230-2024-23-execucao-da-edl-do-gal-costeiro-do-barlavento-do-algarve\/atualidade\/17\/45\/#breadcrumb"},"inLanguage":"pt-PT","potentialAction":[{"@type":"ReadAction","target":["https:\/\/algarve7.pt\/index.php\/2024\/10\/apresentacao-e-esclarecimentos-programa-de-mar-2030-aviso-no-230-2024-23-execucao-da-edl-do-gal-costeiro-do-barlavento-do-algarve\/atualidade\/17\/45\/"]}]},{"@type":"ImageObject","inLanguage":"pt-PT","@id":"https:\/\/algarve7.pt\/index.php\/2024\/10\/apresentacao-e-esclarecimentos-programa-de-mar-2030-aviso-no-230-2024-23-execucao-da-edl-do-gal-costeiro-do-barlavento-do-algarve\/atualidade\/17\/45\/#primaryimage","url":"https:\/\/algarve7.pt\/wp-content\/uploads\/2024\/10\/cartaz.jpg","contentUrl":"https:\/\/algarve7.pt\/wp-content\/uploads\/2024\/10\/cartaz.jpg","width":800,"height":470},{"@type":"BreadcrumbList","@id":"https:\/\/algarve7.pt\/index.php\/2024\/10\/apresentacao-e-esclarecimentos-programa-de-mar-2030-aviso-no-230-2024-23-execucao-da-edl-do-gal-costeiro-do-barlavento-do-algarve\/atualidade\/17\/45\/#breadcrumb","itemListElement":[{"@type":"ListItem","position":1,"name":"In\u00edcio","item":"https:\/\/algarve7.pt\/"},{"@type":"ListItem","position":2,"name":"Apresenta\u00e7\u00e3o e Esclarecimentos &#8211; Programa de MAR 2030 &#8211; aviso n\u00ba 230-2024-23 Execu\u00e7\u00e3o da EDL do GAL Costeiro do Barlavento do Algarve"}]},{"@type":"WebSite","@id":"https:\/\/algarve7.pt\/#website","url":"https:\/\/algarve7.pt\/","name":"Algarve 7","description":"Informa\u00e7\u00e3o sobre o Algarve","publisher":{"@id":"https:\/\/algarve7.pt\/#organization"},"potentialAction":[{"@type":"SearchAction","target":{"@type":"EntryPoint","urlTemplate":"https:\/\/algarve7.pt\/?s={search_term_string}"},"query-input":{"@type":"PropertyValueSpecification","valueRequired":true,"valueName":"search_term_string"}}],"inLanguage":"pt-PT"},{"@type":"Organization","@id":"https:\/\/algarve7.pt\/#organization","name":"Algarve 7","url":"https:\/\/algarve7.pt\/","logo":{"@type":"ImageObject","inLanguage":"pt-PT","@id":"https:\/\/algarve7.pt\/#\/schema\/logo\/image\/","url":"https:\/\/algarve7.pt\/wp-content\/uploads\/2020\/10\/Logo-8.jpg","contentUrl":"https:\/\/algarve7.pt\/wp-content\/uploads\/2020\/10\/Logo-8.jpg","width":1680,"height":1186,"caption":"Algarve 7"},"image":{"@id":"https:\/\/algarve7.pt\/#\/schema\/logo\/image\/"},"sameAs":["https:\/\/www.facebook.com\/algarve7","https:\/\/x.com\/Algarvesete","https:\/\/www.instagram.com\/jornalalgarve7\/","https:\/\/www.linkedin.com\/company\/algarve7","https:\/\/www.pinterest.pt\/geral0939\/_created\/"]},{"@type":"Person","@id":"https:\/\/algarve7.pt\/#\/schema\/person\/23fa70681308e7b319a3204bcea45e0c","name":"Algarve 7","sameAs":["https:\/\/algarve7.pt","https:\/\/www.facebook.com\/algarve7"],"url":"https:\/\/algarve7.pt\/index.php\/author\/geralalgarve7-pt\/"}]}},"jetpack_publicize_connections":[],"jetpack_featured_media_url":"https:\/\/algarve7.pt\/wp-content\/uploads\/2024\/10\/cartaz.jpg","jetpack_shortlink":"https:\/\/wp.me\/pcezmW-boJ","jetpack_sharing_enabled":true,"_links":{"self":[{"href":"https:\/\/algarve7.pt\/index.php\/wp-json\/wp\/v2\/posts\/43817","targetHints":{"allow":["GET"]}}],"collection":[{"href":"https:\/\/algarve7.pt\/index.php\/wp-json\/wp\/v2\/posts"}],"about":[{"href":"https:\/\/algarve7.pt\/index.php\/wp-json\/wp\/v2\/types\/post"}],"author":[{"embeddable":true,"href":"https:\/\/algarve7.pt\/index.php\/wp-json\/wp\/v2\/users\/1"}],"replies":[{"embeddable":true,"href":"https:\/\/algarve7.pt\/index.php\/wp-json\/wp\/v2\/comments?post=43817"}],"version-history":[{"count":0,"href":"https:\/\/algarve7.pt\/index.php\/wp-json\/wp\/v2\/posts\/43817\/revisions"}],"wp:featuredmedia":[{"embeddable":true,"href":"https:\/\/algarve7.pt\/index.php\/wp-json\/wp\/v2\/media\/43818"}],"wp:attachment":[{"href":"https:\/\/algarve7.pt\/index.php\/wp-json\/wp\/v2\/media?parent=43817"}],"wp:term":[{"taxonomy":"category","embeddable":true,"href":"https:\/\/algarve7.pt\/index.php\/wp-json\/wp\/v2\/categories?post=43817"},{"taxonomy":"post_tag","embeddable":true,"href":"https:\/\/algarve7.pt\/index.php\/wp-json\/wp\/v2\/tags?post=43817"}],"curies":[{"name":"wp","href":"https:\/\/api.w.org\/{rel}","templated":true}]}}