{"id":43814,"date":"2024-10-30T17:37:19","date_gmt":"2024-10-30T17:37:19","guid":{"rendered":"https:\/\/algarve7.pt\/?p=43814"},"modified":"2024-10-30T17:37:21","modified_gmt":"2024-10-30T17:37:21","slug":"1oencontro-agua-ao-servico-do-futuro-30-entidades-assinam-manifesto-pela-disponibilidade-de-agua-no-sudoeste-alentejano-e-no-algarve","status":"publish","type":"post","link":"https:\/\/algarve7.pt\/index.php\/2024\/10\/1oencontro-agua-ao-servico-do-futuro-30-entidades-assinam-manifesto-pela-disponibilidade-de-agua-no-sudoeste-alentejano-e-no-algarve\/ambiente\/17\/37\/","title":{"rendered":"1\u00baEncontro \u201c\u00c1GUA AO SERVI\u00c7O DO FUTURO\u201d\u00a030 entidades assinam manifesto\u00a0pela disponibilidade de \u00e1gua no Sudoeste Alentejano e no Algarve"},"content":{"rendered":"\n<p>A C\u00e2mara Municipal de Odemira, a C\u00e2mara Municipal de Aljezur e a C\u00e2mara Municipal de Ourique, em parceria com a Lusomorango, promovem, no pr\u00f3ximo dia&nbsp;5 de novembro, pelas 10h00, o&nbsp;primeiro encontro do Movimento \u201c\u00c1gua ao Servi\u00e7o de Futuro\u201d. Este movimento \u00e9 uma iniciativa multisetorial que tem como principal objetivo evidenciar a mobiliza\u00e7\u00e3o dos agentes econ\u00f3micos destas regi\u00f5es para a urg\u00eancia de concretizar solu\u00e7\u00f5es que assegurem a disponibilidade de \u00e1gua para os seus diversos usos, garantindo a sustentabilidade destes territ\u00f3rios e das suas popula\u00e7\u00f5es.<\/p>\n\n\n\n<p>O encontro ser\u00e1 marcado pela&nbsp;apresenta\u00e7\u00e3o do Manifesto \u201c\u00c1gua ao Servi\u00e7o do Futuro&nbsp;\u201cque ser\u00e1 assinado por cerca de tr\u00eas dezenas de entidades &#8211; entre as quais&nbsp;C\u00e2maras Municipais, empresas e associa\u00e7\u00f5es empresariais de setores como ind\u00fastria, turismo e agricultura, das regi\u00f5es do Sudoeste Alentejano e do Algarve e, tamb\u00e9m, associa\u00e7\u00f5es setoriais nacionais&nbsp;\u2013 e ter\u00e1 lugar no Santa Clara Country Hotel.<\/p>\n\n\n\n<p>Durante a sess\u00e3o ser\u00e1 apresentado o estudo&nbsp;\u201cInterliga\u00e7\u00e3o Alqueva \u2013 Santa Clara \u2013 Odelouca: Refor\u00e7o do abastecimento do Sudoeste alentejano e do Algarve com base em caudais derivados do sistema do Alqueva\u201d, documento que consubstancia as propostas e reinvindica\u00e7\u00f5es do movimento.<\/p>\n\n\n\n<p><strong>Data:<\/strong> 5 de novembro, ter\u00e7a-feira<\/p>\n\n\n\n<p><strong>Local:<\/strong>\u00a0Santa Clara Country Hotel<\/p>\n\n\n\n<p><strong>Programa<\/strong>:<\/p>\n\n\n\n<p>10h00 &#8211; Sess\u00e3o de Abertura<\/p>\n\n\n\n<p>Lo\u00efc Oliveira \u2013 Presidente da Lusomorango<\/p>\n\n\n\n<p>\u00c1lvaro Mendon\u00e7a e Moura \u2013 Presidente da CAP \u2013 Agricultores de Portugal<\/p>\n\n\n\n<p>H\u00e9lder Guerreiro \u2013 Presidente da C\u00e2mara Municipal de Odemira<\/p>\n\n\n\n<p>10h30 &#8211; Apresenta\u00e7\u00e3o \u2013 Perspetivas climatol\u00f3gicas para o Sudoeste Alentejano e Algarve<\/p>\n\n\n\n<p>Miguel Miranda, Ex-Presidente do IPMA \u2013 Instituto Portugu\u00eas do Mar e da Atmosfera<\/p>\n\n\n\n<p>11h00 &#8211; Apresenta\u00e7\u00e3o do estudo e sess\u00e3o de perguntas e respostas<\/p>\n\n\n\n<p>\u201cInterliga\u00e7\u00e3o Alqueva \u2013 Santa Clara \u2013 Odelouca: Refor\u00e7o do abastecimento do Sudoeste alentejano e do Algarve com base em caudais derivados do sistema do Alqueva\u201d<\/p>\n\n\n\n<p>Jorge Froes, Engenheiro agr\u00f3nomo e especialista em Engenharia Rural<\/p>\n\n\n\n<p>12h00 &#8211; Apresenta\u00e7\u00e3o do Manifesto \u201c\u00c1gua ao Servi\u00e7o do Futuro\u201d<\/p>\n\n\n\n<p>Jos\u00e9 Gon\u00e7alves, Presidente da C\u00e2mara Municipal de Aljezur<\/p>\n\n\n\n<p>12h30 &#8211; Sess\u00e3o de Encerramento<\/p>\n\n\n\n<p>Representante da Somincor<\/p>\n\n\n\n<p>Representante da AHRESP &#8211; Associa\u00e7\u00e3o da Hotelaria, Restaura\u00e7\u00e3o e Similares de Portugal*<\/p>\n\n\n\n<p>Jos\u00e9 Apolin\u00e1rio, Presidente da CCDR Algarve<\/p>\n\n\n\n<p>Ant\u00f3nio Ceia da Silva, Presidente da CCDR Alentejo<\/p>\n\n\n\n<p>13h15 \u2013 Assinatura do Manifesto<\/p>\n","protected":false},"excerpt":{"rendered":"<p>A C\u00e2mara Municipal de Odemira, a C\u00e2mara Municipal de Aljezur e a C\u00e2mara Municipal de Ourique, em parceria com a<\/p>\n","protected":false},"author":1,"featured_media":43815,"comment_status":"closed","ping_status":"closed","sticky":false,"template":"","format":"standard","meta":{"colormag_page_container_layout":"default_layout","colormag_page_sidebar_layout":"default_layout","_monsterinsights_skip_tracking":false,"_monsterinsights_sitenote_active":false,"_monsterinsights_sitenote_note":"","_monsterinsights_sitenote_category":0,"jetpack_post_was_ever_published":false,"_jetpack_newsletter_access":"","_jetpack_dont_email_post_to_subs":false,"_jetpack_newsletter_tier_id":0,"_jetpack_memberships_contains_paywalled_content":false,"_jetpack_memberships_contains_paid_content":false,"footnotes":"","jetpack_publicize_message":"","jetpack_publicize_feature_enabled":true,"jetpack_social_post_already_shared":false,"jetpack_social_options":{"image_generator_settings":{"template":"highway","default_image_id":0,"font":"","enabled":false},"version":2}},"categories":[5],"tags":[36,73,32],"class_list":["post-43814","post","type-post","status-publish","format-standard","has-post-thumbnail","hentry","category-ambiente","tag-algarve","tag-aljezur","tag-ambiente"],"yoast_head":"<!-- This site is optimized with the Yoast SEO plugin v27.5 - https:\/\/yoast.com\/product\/yoast-seo-wordpress\/ -->\n<title>1\u00baEncontro \u201c\u00c1GUA AO SERVI\u00c7O DO FUTURO\u201d\u00a030 entidades assinam manifesto\u00a0pela disponibilidade de \u00e1gua no Sudoeste Alentejano e no Algarve - Algarve 7<\/title>\n<meta name=\"description\" content=\"1\u00baEncontro \u201c\u00c1GUA AO SERVI\u00c7O DO FUTURO\u201d\u00a030 entidades assinam manifesto\u00a0pela disponibilidade de \u00e1gua no Sudoeste Alentejano e no Algarve Ambiente\" \/>\n<meta name=\"robots\" content=\"index, follow, max-snippet:-1, max-image-preview:large, max-video-preview:-1\" \/>\n<link rel=\"canonical\" href=\"https:\/\/algarve7.pt\/index.php\/2024\/10\/1oencontro-agua-ao-servico-do-futuro-30-entidades-assinam-manifesto-pela-disponibilidade-de-agua-no-sudoeste-alentejano-e-no-algarve\/ambiente\/17\/37\/\" \/>\n<meta property=\"og:locale\" content=\"pt_PT\" \/>\n<meta property=\"og:type\" content=\"article\" \/>\n<meta property=\"og:title\" content=\"1\u00baEncontro \u201c\u00c1GUA AO SERVI\u00c7O DO FUTURO\u201d\u00a030 entidades assinam manifesto\u00a0pela disponibilidade de \u00e1gua no Sudoeste Alentejano e no Algarve - Algarve 7\" \/>\n<meta property=\"og:description\" content=\"1\u00baEncontro \u201c\u00c1GUA AO SERVI\u00c7O DO FUTURO\u201d\u00a030 entidades assinam manifesto\u00a0pela disponibilidade de \u00e1gua no Sudoeste Alentejano e no Algarve Ambiente\" \/>\n<meta property=\"og:url\" content=\"https:\/\/algarve7.pt\/index.php\/2024\/10\/1oencontro-agua-ao-servico-do-futuro-30-entidades-assinam-manifesto-pela-disponibilidade-de-agua-no-sudoeste-alentejano-e-no-algarve\/ambiente\/17\/37\/\" \/>\n<meta property=\"og:site_name\" content=\"Algarve 7\" \/>\n<meta property=\"article:publisher\" content=\"https:\/\/www.facebook.com\/algarve7\" \/>\n<meta property=\"article:author\" content=\"https:\/\/www.facebook.com\/algarve7\" \/>\n<meta property=\"article:published_time\" content=\"2024-10-30T17:37:19+00:00\" \/>\n<meta property=\"article:modified_time\" content=\"2024-10-30T17:37:21+00:00\" \/>\n<meta property=\"og:image\" content=\"https:\/\/algarve7.pt\/wp-content\/uploads\/2024\/10\/Captura-de-ecra-2024-10-30-as-17.34.57.png\" \/>\n\t<meta property=\"og:image:width\" content=\"800\" \/>\n\t<meta property=\"og:image:height\" content=\"525\" \/>\n\t<meta property=\"og:image:type\" content=\"image\/png\" \/>\n<meta name=\"author\" content=\"Algarve 7\" \/>\n<meta name=\"twitter:card\" content=\"summary_large_image\" \/>\n<meta name=\"twitter:creator\" content=\"@Algarvesete\" \/>\n<meta name=\"twitter:site\" content=\"@Algarvesete\" \/>\n<meta name=\"twitter:label1\" content=\"Escrito por\" \/>\n\t<meta name=\"twitter:data1\" content=\"Algarve 7\" \/>\n\t<meta name=\"twitter:label2\" content=\"Tempo estimado de leitura\" \/>\n\t<meta name=\"twitter:data2\" content=\"3 minutos\" \/>\n<script type=\"application\/ld+json\" class=\"yoast-schema-graph\">{\"@context\":\"https:\\\/\\\/schema.org\",\"@graph\":[{\"@type\":\"Article\",\"@id\":\"https:\\\/\\\/algarve7.pt\\\/index.php\\\/2024\\\/10\\\/1oencontro-agua-ao-servico-do-futuro-30-entidades-assinam-manifesto-pela-disponibilidade-de-agua-no-sudoeste-alentejano-e-no-algarve\\\/ambiente\\\/17\\\/37\\\/#article\",\"isPartOf\":{\"@id\":\"https:\\\/\\\/algarve7.pt\\\/index.php\\\/2024\\\/10\\\/1oencontro-agua-ao-servico-do-futuro-30-entidades-assinam-manifesto-pela-disponibilidade-de-agua-no-sudoeste-alentejano-e-no-algarve\\\/ambiente\\\/17\\\/37\\\/\"},\"author\":{\"name\":\"Algarve 7\",\"@id\":\"https:\\\/\\\/algarve7.pt\\\/#\\\/schema\\\/person\\\/23fa70681308e7b319a3204bcea45e0c\"},\"headline\":\"1\u00baEncontro \u201c\u00c1GUA AO SERVI\u00c7O DO FUTURO\u201d\u00a030 entidades assinam manifesto\u00a0pela disponibilidade de \u00e1gua no Sudoeste Alentejano e no Algarve\",\"datePublished\":\"2024-10-30T17:37:19+00:00\",\"dateModified\":\"2024-10-30T17:37:21+00:00\",\"mainEntityOfPage\":{\"@id\":\"https:\\\/\\\/algarve7.pt\\\/index.php\\\/2024\\\/10\\\/1oencontro-agua-ao-servico-do-futuro-30-entidades-assinam-manifesto-pela-disponibilidade-de-agua-no-sudoeste-alentejano-e-no-algarve\\\/ambiente\\\/17\\\/37\\\/\"},\"wordCount\":418,\"publisher\":{\"@id\":\"https:\\\/\\\/algarve7.pt\\\/#organization\"},\"image\":{\"@id\":\"https:\\\/\\\/algarve7.pt\\\/index.php\\\/2024\\\/10\\\/1oencontro-agua-ao-servico-do-futuro-30-entidades-assinam-manifesto-pela-disponibilidade-de-agua-no-sudoeste-alentejano-e-no-algarve\\\/ambiente\\\/17\\\/37\\\/#primaryimage\"},\"thumbnailUrl\":\"https:\\\/\\\/algarve7.pt\\\/wp-content\\\/uploads\\\/2024\\\/10\\\/Captura-de-ecra-2024-10-30-as-17.34.57.png\",\"keywords\":[\"Algarve\",\"Aljezur\",\"Ambiente\"],\"articleSection\":[\"Ambiente\"],\"inLanguage\":\"pt-PT\"},{\"@type\":\"WebPage\",\"@id\":\"https:\\\/\\\/algarve7.pt\\\/index.php\\\/2024\\\/10\\\/1oencontro-agua-ao-servico-do-futuro-30-entidades-assinam-manifesto-pela-disponibilidade-de-agua-no-sudoeste-alentejano-e-no-algarve\\\/ambiente\\\/17\\\/37\\\/\",\"url\":\"https:\\\/\\\/algarve7.pt\\\/index.php\\\/2024\\\/10\\\/1oencontro-agua-ao-servico-do-futuro-30-entidades-assinam-manifesto-pela-disponibilidade-de-agua-no-sudoeste-alentejano-e-no-algarve\\\/ambiente\\\/17\\\/37\\\/\",\"name\":\"1\u00baEncontro \u201c\u00c1GUA AO SERVI\u00c7O DO FUTURO\u201d\u00a030 entidades assinam manifesto\u00a0pela disponibilidade de \u00e1gua no Sudoeste Alentejano e no Algarve - Algarve 7\",\"isPartOf\":{\"@id\":\"https:\\\/\\\/algarve7.pt\\\/#website\"},\"primaryImageOfPage\":{\"@id\":\"https:\\\/\\\/algarve7.pt\\\/index.php\\\/2024\\\/10\\\/1oencontro-agua-ao-servico-do-futuro-30-entidades-assinam-manifesto-pela-disponibilidade-de-agua-no-sudoeste-alentejano-e-no-algarve\\\/ambiente\\\/17\\\/37\\\/#primaryimage\"},\"image\":{\"@id\":\"https:\\\/\\\/algarve7.pt\\\/index.php\\\/2024\\\/10\\\/1oencontro-agua-ao-servico-do-futuro-30-entidades-assinam-manifesto-pela-disponibilidade-de-agua-no-sudoeste-alentejano-e-no-algarve\\\/ambiente\\\/17\\\/37\\\/#primaryimage\"},\"thumbnailUrl\":\"https:\\\/\\\/algarve7.pt\\\/wp-content\\\/uploads\\\/2024\\\/10\\\/Captura-de-ecra-2024-10-30-as-17.34.57.png\",\"datePublished\":\"2024-10-30T17:37:19+00:00\",\"dateModified\":\"2024-10-30T17:37:21+00:00\",\"description\":\"1\u00baEncontro \u201c\u00c1GUA AO SERVI\u00c7O DO FUTURO\u201d\u00a030 entidades assinam manifesto\u00a0pela disponibilidade de \u00e1gua no Sudoeste Alentejano e no Algarve Ambiente\",\"breadcrumb\":{\"@id\":\"https:\\\/\\\/algarve7.pt\\\/index.php\\\/2024\\\/10\\\/1oencontro-agua-ao-servico-do-futuro-30-entidades-assinam-manifesto-pela-disponibilidade-de-agua-no-sudoeste-alentejano-e-no-algarve\\\/ambiente\\\/17\\\/37\\\/#breadcrumb\"},\"inLanguage\":\"pt-PT\",\"potentialAction\":[{\"@type\":\"ReadAction\",\"target\":[\"https:\\\/\\\/algarve7.pt\\\/index.php\\\/2024\\\/10\\\/1oencontro-agua-ao-servico-do-futuro-30-entidades-assinam-manifesto-pela-disponibilidade-de-agua-no-sudoeste-alentejano-e-no-algarve\\\/ambiente\\\/17\\\/37\\\/\"]}]},{\"@type\":\"ImageObject\",\"inLanguage\":\"pt-PT\",\"@id\":\"https:\\\/\\\/algarve7.pt\\\/index.php\\\/2024\\\/10\\\/1oencontro-agua-ao-servico-do-futuro-30-entidades-assinam-manifesto-pela-disponibilidade-de-agua-no-sudoeste-alentejano-e-no-algarve\\\/ambiente\\\/17\\\/37\\\/#primaryimage\",\"url\":\"https:\\\/\\\/algarve7.pt\\\/wp-content\\\/uploads\\\/2024\\\/10\\\/Captura-de-ecra-2024-10-30-as-17.34.57.png\",\"contentUrl\":\"https:\\\/\\\/algarve7.pt\\\/wp-content\\\/uploads\\\/2024\\\/10\\\/Captura-de-ecra-2024-10-30-as-17.34.57.png\",\"width\":800,\"height\":525},{\"@type\":\"BreadcrumbList\",\"@id\":\"https:\\\/\\\/algarve7.pt\\\/index.php\\\/2024\\\/10\\\/1oencontro-agua-ao-servico-do-futuro-30-entidades-assinam-manifesto-pela-disponibilidade-de-agua-no-sudoeste-alentejano-e-no-algarve\\\/ambiente\\\/17\\\/37\\\/#breadcrumb\",\"itemListElement\":[{\"@type\":\"ListItem\",\"position\":1,\"name\":\"In\u00edcio\",\"item\":\"https:\\\/\\\/algarve7.pt\\\/\"},{\"@type\":\"ListItem\",\"position\":2,\"name\":\"1\u00baEncontro \u201c\u00c1GUA AO SERVI\u00c7O DO FUTURO\u201d\u00a030 entidades assinam manifesto\u00a0pela disponibilidade de \u00e1gua no Sudoeste Alentejano e no Algarve\"}]},{\"@type\":\"WebSite\",\"@id\":\"https:\\\/\\\/algarve7.pt\\\/#website\",\"url\":\"https:\\\/\\\/algarve7.pt\\\/\",\"name\":\"Algarve 7\",\"description\":\"Informa\u00e7\u00e3o sobre o Algarve\",\"publisher\":{\"@id\":\"https:\\\/\\\/algarve7.pt\\\/#organization\"},\"potentialAction\":[{\"@type\":\"SearchAction\",\"target\":{\"@type\":\"EntryPoint\",\"urlTemplate\":\"https:\\\/\\\/algarve7.pt\\\/?s={search_term_string}\"},\"query-input\":{\"@type\":\"PropertyValueSpecification\",\"valueRequired\":true,\"valueName\":\"search_term_string\"}}],\"inLanguage\":\"pt-PT\"},{\"@type\":\"Organization\",\"@id\":\"https:\\\/\\\/algarve7.pt\\\/#organization\",\"name\":\"Algarve 7\",\"url\":\"https:\\\/\\\/algarve7.pt\\\/\",\"logo\":{\"@type\":\"ImageObject\",\"inLanguage\":\"pt-PT\",\"@id\":\"https:\\\/\\\/algarve7.pt\\\/#\\\/schema\\\/logo\\\/image\\\/\",\"url\":\"https:\\\/\\\/algarve7.pt\\\/wp-content\\\/uploads\\\/2020\\\/10\\\/Logo-8.jpg\",\"contentUrl\":\"https:\\\/\\\/algarve7.pt\\\/wp-content\\\/uploads\\\/2020\\\/10\\\/Logo-8.jpg\",\"width\":1680,\"height\":1186,\"caption\":\"Algarve 7\"},\"image\":{\"@id\":\"https:\\\/\\\/algarve7.pt\\\/#\\\/schema\\\/logo\\\/image\\\/\"},\"sameAs\":[\"https:\\\/\\\/www.facebook.com\\\/algarve7\",\"https:\\\/\\\/x.com\\\/Algarvesete\",\"https:\\\/\\\/www.instagram.com\\\/jornalalgarve7\\\/\",\"https:\\\/\\\/www.linkedin.com\\\/company\\\/algarve7\",\"https:\\\/\\\/www.pinterest.pt\\\/geral0939\\\/_created\\\/\"]},{\"@type\":\"Person\",\"@id\":\"https:\\\/\\\/algarve7.pt\\\/#\\\/schema\\\/person\\\/23fa70681308e7b319a3204bcea45e0c\",\"name\":\"Algarve 7\",\"sameAs\":[\"https:\\\/\\\/algarve7.pt\",\"https:\\\/\\\/www.facebook.com\\\/algarve7\"],\"url\":\"https:\\\/\\\/algarve7.pt\\\/index.php\\\/author\\\/geralalgarve7-pt\\\/\"}]}<\/script>\n<!-- \/ Yoast SEO plugin. -->","yoast_head_json":{"title":"1\u00baEncontro \u201c\u00c1GUA AO SERVI\u00c7O DO FUTURO\u201d\u00a030 entidades assinam manifesto\u00a0pela disponibilidade de \u00e1gua no Sudoeste Alentejano e no Algarve - Algarve 7","description":"1\u00baEncontro \u201c\u00c1GUA AO SERVI\u00c7O DO FUTURO\u201d\u00a030 entidades assinam manifesto\u00a0pela disponibilidade de \u00e1gua no Sudoeste Alentejano e no Algarve Ambiente","robots":{"index":"index","follow":"follow","max-snippet":"max-snippet:-1","max-image-preview":"max-image-preview:large","max-video-preview":"max-video-preview:-1"},"canonical":"https:\/\/algarve7.pt\/index.php\/2024\/10\/1oencontro-agua-ao-servico-do-futuro-30-entidades-assinam-manifesto-pela-disponibilidade-de-agua-no-sudoeste-alentejano-e-no-algarve\/ambiente\/17\/37\/","og_locale":"pt_PT","og_type":"article","og_title":"1\u00baEncontro \u201c\u00c1GUA AO SERVI\u00c7O DO FUTURO\u201d\u00a030 entidades assinam manifesto\u00a0pela disponibilidade de \u00e1gua no Sudoeste Alentejano e no Algarve - Algarve 7","og_description":"1\u00baEncontro \u201c\u00c1GUA AO SERVI\u00c7O DO FUTURO\u201d\u00a030 entidades assinam manifesto\u00a0pela disponibilidade de \u00e1gua no Sudoeste Alentejano e no Algarve Ambiente","og_url":"https:\/\/algarve7.pt\/index.php\/2024\/10\/1oencontro-agua-ao-servico-do-futuro-30-entidades-assinam-manifesto-pela-disponibilidade-de-agua-no-sudoeste-alentejano-e-no-algarve\/ambiente\/17\/37\/","og_site_name":"Algarve 7","article_publisher":"https:\/\/www.facebook.com\/algarve7","article_author":"https:\/\/www.facebook.com\/algarve7","article_published_time":"2024-10-30T17:37:19+00:00","article_modified_time":"2024-10-30T17:37:21+00:00","og_image":[{"width":800,"height":525,"url":"https:\/\/algarve7.pt\/wp-content\/uploads\/2024\/10\/Captura-de-ecra-2024-10-30-as-17.34.57.png","type":"image\/png"}],"author":"Algarve 7","twitter_card":"summary_large_image","twitter_creator":"@Algarvesete","twitter_site":"@Algarvesete","twitter_misc":{"Escrito por":"Algarve 7","Tempo estimado de leitura":"3 minutos"},"schema":{"@context":"https:\/\/schema.org","@graph":[{"@type":"Article","@id":"https:\/\/algarve7.pt\/index.php\/2024\/10\/1oencontro-agua-ao-servico-do-futuro-30-entidades-assinam-manifesto-pela-disponibilidade-de-agua-no-sudoeste-alentejano-e-no-algarve\/ambiente\/17\/37\/#article","isPartOf":{"@id":"https:\/\/algarve7.pt\/index.php\/2024\/10\/1oencontro-agua-ao-servico-do-futuro-30-entidades-assinam-manifesto-pela-disponibilidade-de-agua-no-sudoeste-alentejano-e-no-algarve\/ambiente\/17\/37\/"},"author":{"name":"Algarve 7","@id":"https:\/\/algarve7.pt\/#\/schema\/person\/23fa70681308e7b319a3204bcea45e0c"},"headline":"1\u00baEncontro \u201c\u00c1GUA AO SERVI\u00c7O DO FUTURO\u201d\u00a030 entidades assinam manifesto\u00a0pela disponibilidade de \u00e1gua no Sudoeste Alentejano e no Algarve","datePublished":"2024-10-30T17:37:19+00:00","dateModified":"2024-10-30T17:37:21+00:00","mainEntityOfPage":{"@id":"https:\/\/algarve7.pt\/index.php\/2024\/10\/1oencontro-agua-ao-servico-do-futuro-30-entidades-assinam-manifesto-pela-disponibilidade-de-agua-no-sudoeste-alentejano-e-no-algarve\/ambiente\/17\/37\/"},"wordCount":418,"publisher":{"@id":"https:\/\/algarve7.pt\/#organization"},"image":{"@id":"https:\/\/algarve7.pt\/index.php\/2024\/10\/1oencontro-agua-ao-servico-do-futuro-30-entidades-assinam-manifesto-pela-disponibilidade-de-agua-no-sudoeste-alentejano-e-no-algarve\/ambiente\/17\/37\/#primaryimage"},"thumbnailUrl":"https:\/\/algarve7.pt\/wp-content\/uploads\/2024\/10\/Captura-de-ecra-2024-10-30-as-17.34.57.png","keywords":["Algarve","Aljezur","Ambiente"],"articleSection":["Ambiente"],"inLanguage":"pt-PT"},{"@type":"WebPage","@id":"https:\/\/algarve7.pt\/index.php\/2024\/10\/1oencontro-agua-ao-servico-do-futuro-30-entidades-assinam-manifesto-pela-disponibilidade-de-agua-no-sudoeste-alentejano-e-no-algarve\/ambiente\/17\/37\/","url":"https:\/\/algarve7.pt\/index.php\/2024\/10\/1oencontro-agua-ao-servico-do-futuro-30-entidades-assinam-manifesto-pela-disponibilidade-de-agua-no-sudoeste-alentejano-e-no-algarve\/ambiente\/17\/37\/","name":"1\u00baEncontro \u201c\u00c1GUA AO SERVI\u00c7O DO FUTURO\u201d\u00a030 entidades assinam manifesto\u00a0pela disponibilidade de \u00e1gua no Sudoeste Alentejano e no Algarve - Algarve 7","isPartOf":{"@id":"https:\/\/algarve7.pt\/#website"},"primaryImageOfPage":{"@id":"https:\/\/algarve7.pt\/index.php\/2024\/10\/1oencontro-agua-ao-servico-do-futuro-30-entidades-assinam-manifesto-pela-disponibilidade-de-agua-no-sudoeste-alentejano-e-no-algarve\/ambiente\/17\/37\/#primaryimage"},"image":{"@id":"https:\/\/algarve7.pt\/index.php\/2024\/10\/1oencontro-agua-ao-servico-do-futuro-30-entidades-assinam-manifesto-pela-disponibilidade-de-agua-no-sudoeste-alentejano-e-no-algarve\/ambiente\/17\/37\/#primaryimage"},"thumbnailUrl":"https:\/\/algarve7.pt\/wp-content\/uploads\/2024\/10\/Captura-de-ecra-2024-10-30-as-17.34.57.png","datePublished":"2024-10-30T17:37:19+00:00","dateModified":"2024-10-30T17:37:21+00:00","description":"1\u00baEncontro \u201c\u00c1GUA AO SERVI\u00c7O DO FUTURO\u201d\u00a030 entidades assinam manifesto\u00a0pela disponibilidade de \u00e1gua no Sudoeste Alentejano e no Algarve Ambiente","breadcrumb":{"@id":"https:\/\/algarve7.pt\/index.php\/2024\/10\/1oencontro-agua-ao-servico-do-futuro-30-entidades-assinam-manifesto-pela-disponibilidade-de-agua-no-sudoeste-alentejano-e-no-algarve\/ambiente\/17\/37\/#breadcrumb"},"inLanguage":"pt-PT","potentialAction":[{"@type":"ReadAction","target":["https:\/\/algarve7.pt\/index.php\/2024\/10\/1oencontro-agua-ao-servico-do-futuro-30-entidades-assinam-manifesto-pela-disponibilidade-de-agua-no-sudoeste-alentejano-e-no-algarve\/ambiente\/17\/37\/"]}]},{"@type":"ImageObject","inLanguage":"pt-PT","@id":"https:\/\/algarve7.pt\/index.php\/2024\/10\/1oencontro-agua-ao-servico-do-futuro-30-entidades-assinam-manifesto-pela-disponibilidade-de-agua-no-sudoeste-alentejano-e-no-algarve\/ambiente\/17\/37\/#primaryimage","url":"https:\/\/algarve7.pt\/wp-content\/uploads\/2024\/10\/Captura-de-ecra-2024-10-30-as-17.34.57.png","contentUrl":"https:\/\/algarve7.pt\/wp-content\/uploads\/2024\/10\/Captura-de-ecra-2024-10-30-as-17.34.57.png","width":800,"height":525},{"@type":"BreadcrumbList","@id":"https:\/\/algarve7.pt\/index.php\/2024\/10\/1oencontro-agua-ao-servico-do-futuro-30-entidades-assinam-manifesto-pela-disponibilidade-de-agua-no-sudoeste-alentejano-e-no-algarve\/ambiente\/17\/37\/#breadcrumb","itemListElement":[{"@type":"ListItem","position":1,"name":"In\u00edcio","item":"https:\/\/algarve7.pt\/"},{"@type":"ListItem","position":2,"name":"1\u00baEncontro \u201c\u00c1GUA AO SERVI\u00c7O DO FUTURO\u201d\u00a030 entidades assinam manifesto\u00a0pela disponibilidade de \u00e1gua no Sudoeste Alentejano e no Algarve"}]},{"@type":"WebSite","@id":"https:\/\/algarve7.pt\/#website","url":"https:\/\/algarve7.pt\/","name":"Algarve 7","description":"Informa\u00e7\u00e3o sobre o Algarve","publisher":{"@id":"https:\/\/algarve7.pt\/#organization"},"potentialAction":[{"@type":"SearchAction","target":{"@type":"EntryPoint","urlTemplate":"https:\/\/algarve7.pt\/?s={search_term_string}"},"query-input":{"@type":"PropertyValueSpecification","valueRequired":true,"valueName":"search_term_string"}}],"inLanguage":"pt-PT"},{"@type":"Organization","@id":"https:\/\/algarve7.pt\/#organization","name":"Algarve 7","url":"https:\/\/algarve7.pt\/","logo":{"@type":"ImageObject","inLanguage":"pt-PT","@id":"https:\/\/algarve7.pt\/#\/schema\/logo\/image\/","url":"https:\/\/algarve7.pt\/wp-content\/uploads\/2020\/10\/Logo-8.jpg","contentUrl":"https:\/\/algarve7.pt\/wp-content\/uploads\/2020\/10\/Logo-8.jpg","width":1680,"height":1186,"caption":"Algarve 7"},"image":{"@id":"https:\/\/algarve7.pt\/#\/schema\/logo\/image\/"},"sameAs":["https:\/\/www.facebook.com\/algarve7","https:\/\/x.com\/Algarvesete","https:\/\/www.instagram.com\/jornalalgarve7\/","https:\/\/www.linkedin.com\/company\/algarve7","https:\/\/www.pinterest.pt\/geral0939\/_created\/"]},{"@type":"Person","@id":"https:\/\/algarve7.pt\/#\/schema\/person\/23fa70681308e7b319a3204bcea45e0c","name":"Algarve 7","sameAs":["https:\/\/algarve7.pt","https:\/\/www.facebook.com\/algarve7"],"url":"https:\/\/algarve7.pt\/index.php\/author\/geralalgarve7-pt\/"}]}},"jetpack_publicize_connections":[],"jetpack_featured_media_url":"https:\/\/algarve7.pt\/wp-content\/uploads\/2024\/10\/Captura-de-ecra-2024-10-30-as-17.34.57.png","jetpack_shortlink":"https:\/\/wp.me\/pcezmW-boG","jetpack_sharing_enabled":true,"_links":{"self":[{"href":"https:\/\/algarve7.pt\/index.php\/wp-json\/wp\/v2\/posts\/43814","targetHints":{"allow":["GET"]}}],"collection":[{"href":"https:\/\/algarve7.pt\/index.php\/wp-json\/wp\/v2\/posts"}],"about":[{"href":"https:\/\/algarve7.pt\/index.php\/wp-json\/wp\/v2\/types\/post"}],"author":[{"embeddable":true,"href":"https:\/\/algarve7.pt\/index.php\/wp-json\/wp\/v2\/users\/1"}],"replies":[{"embeddable":true,"href":"https:\/\/algarve7.pt\/index.php\/wp-json\/wp\/v2\/comments?post=43814"}],"version-history":[{"count":0,"href":"https:\/\/algarve7.pt\/index.php\/wp-json\/wp\/v2\/posts\/43814\/revisions"}],"wp:featuredmedia":[{"embeddable":true,"href":"https:\/\/algarve7.pt\/index.php\/wp-json\/wp\/v2\/media\/43815"}],"wp:attachment":[{"href":"https:\/\/algarve7.pt\/index.php\/wp-json\/wp\/v2\/media?parent=43814"}],"wp:term":[{"taxonomy":"category","embeddable":true,"href":"https:\/\/algarve7.pt\/index.php\/wp-json\/wp\/v2\/categories?post=43814"},{"taxonomy":"post_tag","embeddable":true,"href":"https:\/\/algarve7.pt\/index.php\/wp-json\/wp\/v2\/tags?post=43814"}],"curies":[{"name":"wp","href":"https:\/\/api.w.org\/{rel}","templated":true}]}}