{"id":4376,"date":"2020-12-05T16:00:04","date_gmt":"2020-12-05T16:00:04","guid":{"rendered":"https:\/\/algarve7.pt\/?p=4376"},"modified":"2020-12-04T17:38:41","modified_gmt":"2020-12-04T17:38:41","slug":"lagoa-felicita-a-regiao-do-algarve-pela-distincao-de-melhor-destino-de-praia-do-mundo","status":"publish","type":"post","link":"https:\/\/algarve7.pt\/index.php\/2020\/12\/lagoa-felicita-a-regiao-do-algarve-pela-distincao-de-melhor-destino-de-praia-do-mundo\/atualidade\/16\/00\/","title":{"rendered":"Lagoa felicita a Regi\u00e3o do Algarve pela distin\u00e7\u00e3o de melhor destino de Praia do Mundo."},"content":{"rendered":"\n<p>O Algarve acaba de ser premiado como o melhor destino de Praia do mundo de 2020.\u00a0<\/p>\n\n\n\n<p>Depois de j\u00e1 ter sido reconhecido ao n\u00edvel da Europa sete vezes, neste ano exigente recebe pela primeira vez a distin\u00e7\u00e3o a n\u00edvel mundial.<\/p>\n\n\n\n<p>A distin\u00e7\u00e3o foi entregue a 27 de novembro\u00a0na Grande Final dos World Travel Awards 2020, a mais concorrida de sempre e que teve lugar em Moscovo<strong>.<\/strong>\u00a0Coube aos principais l\u00edderes da ind\u00fastria de turismo e viagens de todo o mundo votarem para eleger a melhor oferta tur\u00edstica, atribuindo o pr\u00e9mio que\u00a0equivale a um selo de prest\u00edgio e de qualidade reconhecido a n\u00edvel global.<\/p>\n\n\n\n<p>\u00ab\u00c9 com grande orgulho que vimos v\u00e1rias praias do concelho de Lagoa integrarem o excecional conjunto de praias pelo qual a regi\u00e3o do Algarve \u00e9 agora premiada. Neste ano particularmente exigente torna-se ainda mais gratificante receber um pr\u00e9mio que \u00e9, tamb\u00e9m, para todos os que diariamente se empenham em acrescentar seguran\u00e7a e qualidade de vida a este magnifico territ\u00f3rio. Paralelamente um t\u00e3o elevado reconhecimento, aumenta a responsabilidade de habitar e de partilhar com quem nos visita os melhores ambientes de praia do mundo\u00bb, reagiu Lu\u00eds Encarna\u00e7\u00e3o, presidente do Munic\u00edpio de Lagoa.<\/p>\n\n\n\n<p>A edi\u00e7\u00e3o 2020 dos pr\u00e9mios&nbsp;World Travel Awards&nbsp;registou um n\u00famero recorde de votos expressos pelos principais produtores e consumidores de turismo, o que constitui um indicador promissor j\u00e1 que \u00abapesar dos dif\u00edceis desafios com que o setor tem vindo a lidar ao longo deste ano, percebemos que a vontade de viajar permanece mais viva do que nunca, o que representa para as empresas e profissionais do Turismo, um sentimento de esperan\u00e7a e um grande incentivo para continuarmos a trabalhar e a acreditar que o turismo vai renascer e voltar ainda mais forte\u00bb, afirmou Jo\u00e3o Fernandes, presidente da Regi\u00e3o de Turismo do Algarve.<\/p>\n","protected":false},"excerpt":{"rendered":"<p>O Algarve acaba de ser premiado como o melhor destino de Praia do mundo de 2020.\u00a0 Depois de j\u00e1 ter<\/p>\n","protected":false},"author":1,"featured_media":4377,"comment_status":"closed","ping_status":"open","sticky":false,"template":"","format":"standard","meta":{"colormag_page_container_layout":"default_layout","colormag_page_sidebar_layout":"default_layout","_monsterinsights_skip_tracking":false,"_monsterinsights_sitenote_active":false,"_monsterinsights_sitenote_note":"","_monsterinsights_sitenote_category":0,"jetpack_post_was_ever_published":false,"_jetpack_newsletter_access":"","_jetpack_dont_email_post_to_subs":false,"_jetpack_newsletter_tier_id":0,"_jetpack_memberships_contains_paywalled_content":false,"_jetpack_memberships_contains_paid_content":false,"footnotes":"","jetpack_publicize_message":"","jetpack_publicize_feature_enabled":true,"jetpack_social_post_already_shared":true,"jetpack_social_options":{"image_generator_settings":{"template":"highway","default_image_id":0,"font":"","enabled":false},"version":2}},"categories":[11],"tags":[62,48],"class_list":["post-4376","post","type-post","status-publish","format-standard","has-post-thumbnail","hentry","category-atualidade","tag-atualidade","tag-lagoa"],"yoast_head":"<!-- This site is optimized with the Yoast SEO plugin v27.4 - https:\/\/yoast.com\/product\/yoast-seo-wordpress\/ -->\n<title>Lagoa felicita a Regi\u00e3o do Algarve pela distin\u00e7\u00e3o de melhor destino de Praia do Mundo. - Algarve 7<\/title>\n<meta name=\"description\" content=\"Lagoa felicita a Regi\u00e3o do Algarve pela distin\u00e7\u00e3o de melhor destino de Praia do Mundo. Atualidade\" \/>\n<meta name=\"robots\" content=\"index, follow, max-snippet:-1, max-image-preview:large, max-video-preview:-1\" \/>\n<link rel=\"canonical\" href=\"https:\/\/algarve7.pt\/index.php\/2020\/12\/lagoa-felicita-a-regiao-do-algarve-pela-distincao-de-melhor-destino-de-praia-do-mundo\/atualidade\/16\/00\/\" \/>\n<meta property=\"og:locale\" content=\"pt_PT\" \/>\n<meta property=\"og:type\" content=\"article\" \/>\n<meta property=\"og:title\" content=\"Lagoa felicita a Regi\u00e3o do Algarve pela distin\u00e7\u00e3o de melhor destino de Praia do Mundo. - Algarve 7\" \/>\n<meta property=\"og:description\" content=\"Lagoa felicita a Regi\u00e3o do Algarve pela distin\u00e7\u00e3o de melhor destino de Praia do Mundo. Atualidade\" \/>\n<meta property=\"og:url\" content=\"https:\/\/algarve7.pt\/index.php\/2020\/12\/lagoa-felicita-a-regiao-do-algarve-pela-distincao-de-melhor-destino-de-praia-do-mundo\/atualidade\/16\/00\/\" \/>\n<meta property=\"og:site_name\" content=\"Algarve 7\" \/>\n<meta property=\"article:publisher\" content=\"https:\/\/www.facebook.com\/algarve7\" \/>\n<meta property=\"article:author\" content=\"https:\/\/www.facebook.com\/algarve7\" \/>\n<meta property=\"article:published_time\" content=\"2020-12-05T16:00:04+00:00\" \/>\n<meta property=\"og:image\" content=\"https:\/\/algarve7.pt\/wp-content\/uploads\/2020\/12\/Praia-da-Marinha-.jpg\" \/>\n\t<meta property=\"og:image:width\" content=\"660\" \/>\n\t<meta property=\"og:image:height\" content=\"371\" \/>\n\t<meta property=\"og:image:type\" content=\"image\/jpeg\" \/>\n<meta name=\"author\" content=\"Algarve 7\" \/>\n<meta name=\"twitter:card\" content=\"summary_large_image\" \/>\n<meta name=\"twitter:creator\" content=\"@Algarvesete\" \/>\n<meta name=\"twitter:site\" content=\"@Algarvesete\" \/>\n<meta name=\"twitter:label1\" content=\"Escrito por\" \/>\n\t<meta name=\"twitter:data1\" content=\"Algarve 7\" \/>\n\t<meta name=\"twitter:label2\" content=\"Tempo estimado de leitura\" \/>\n\t<meta name=\"twitter:data2\" content=\"2 minutos\" \/>\n<script type=\"application\/ld+json\" class=\"yoast-schema-graph\">{\"@context\":\"https:\\\/\\\/schema.org\",\"@graph\":[{\"@type\":\"Article\",\"@id\":\"https:\\\/\\\/algarve7.pt\\\/index.php\\\/2020\\\/12\\\/lagoa-felicita-a-regiao-do-algarve-pela-distincao-de-melhor-destino-de-praia-do-mundo\\\/atualidade\\\/16\\\/00\\\/#article\",\"isPartOf\":{\"@id\":\"https:\\\/\\\/algarve7.pt\\\/index.php\\\/2020\\\/12\\\/lagoa-felicita-a-regiao-do-algarve-pela-distincao-de-melhor-destino-de-praia-do-mundo\\\/atualidade\\\/16\\\/00\\\/\"},\"author\":{\"name\":\"Algarve 7\",\"@id\":\"https:\\\/\\\/algarve7.pt\\\/#\\\/schema\\\/person\\\/23fa70681308e7b319a3204bcea45e0c\"},\"headline\":\"Lagoa felicita a Regi\u00e3o do Algarve pela distin\u00e7\u00e3o de melhor destino de Praia do Mundo.\",\"datePublished\":\"2020-12-05T16:00:04+00:00\",\"mainEntityOfPage\":{\"@id\":\"https:\\\/\\\/algarve7.pt\\\/index.php\\\/2020\\\/12\\\/lagoa-felicita-a-regiao-do-algarve-pela-distincao-de-melhor-destino-de-praia-do-mundo\\\/atualidade\\\/16\\\/00\\\/\"},\"wordCount\":338,\"publisher\":{\"@id\":\"https:\\\/\\\/algarve7.pt\\\/#organization\"},\"image\":{\"@id\":\"https:\\\/\\\/algarve7.pt\\\/index.php\\\/2020\\\/12\\\/lagoa-felicita-a-regiao-do-algarve-pela-distincao-de-melhor-destino-de-praia-do-mundo\\\/atualidade\\\/16\\\/00\\\/#primaryimage\"},\"thumbnailUrl\":\"https:\\\/\\\/algarve7.pt\\\/wp-content\\\/uploads\\\/2020\\\/12\\\/Praia-da-Marinha-.jpg\",\"keywords\":[\"Atualidade\",\"Lagoa\"],\"articleSection\":[\"Atualidade\"],\"inLanguage\":\"pt-PT\"},{\"@type\":\"WebPage\",\"@id\":\"https:\\\/\\\/algarve7.pt\\\/index.php\\\/2020\\\/12\\\/lagoa-felicita-a-regiao-do-algarve-pela-distincao-de-melhor-destino-de-praia-do-mundo\\\/atualidade\\\/16\\\/00\\\/\",\"url\":\"https:\\\/\\\/algarve7.pt\\\/index.php\\\/2020\\\/12\\\/lagoa-felicita-a-regiao-do-algarve-pela-distincao-de-melhor-destino-de-praia-do-mundo\\\/atualidade\\\/16\\\/00\\\/\",\"name\":\"Lagoa felicita a Regi\u00e3o do Algarve pela distin\u00e7\u00e3o de melhor destino de Praia do Mundo. - Algarve 7\",\"isPartOf\":{\"@id\":\"https:\\\/\\\/algarve7.pt\\\/#website\"},\"primaryImageOfPage\":{\"@id\":\"https:\\\/\\\/algarve7.pt\\\/index.php\\\/2020\\\/12\\\/lagoa-felicita-a-regiao-do-algarve-pela-distincao-de-melhor-destino-de-praia-do-mundo\\\/atualidade\\\/16\\\/00\\\/#primaryimage\"},\"image\":{\"@id\":\"https:\\\/\\\/algarve7.pt\\\/index.php\\\/2020\\\/12\\\/lagoa-felicita-a-regiao-do-algarve-pela-distincao-de-melhor-destino-de-praia-do-mundo\\\/atualidade\\\/16\\\/00\\\/#primaryimage\"},\"thumbnailUrl\":\"https:\\\/\\\/algarve7.pt\\\/wp-content\\\/uploads\\\/2020\\\/12\\\/Praia-da-Marinha-.jpg\",\"datePublished\":\"2020-12-05T16:00:04+00:00\",\"description\":\"Lagoa felicita a Regi\u00e3o do Algarve pela distin\u00e7\u00e3o de melhor destino de Praia do Mundo. Atualidade\",\"breadcrumb\":{\"@id\":\"https:\\\/\\\/algarve7.pt\\\/index.php\\\/2020\\\/12\\\/lagoa-felicita-a-regiao-do-algarve-pela-distincao-de-melhor-destino-de-praia-do-mundo\\\/atualidade\\\/16\\\/00\\\/#breadcrumb\"},\"inLanguage\":\"pt-PT\",\"potentialAction\":[{\"@type\":\"ReadAction\",\"target\":[\"https:\\\/\\\/algarve7.pt\\\/index.php\\\/2020\\\/12\\\/lagoa-felicita-a-regiao-do-algarve-pela-distincao-de-melhor-destino-de-praia-do-mundo\\\/atualidade\\\/16\\\/00\\\/\"]}]},{\"@type\":\"ImageObject\",\"inLanguage\":\"pt-PT\",\"@id\":\"https:\\\/\\\/algarve7.pt\\\/index.php\\\/2020\\\/12\\\/lagoa-felicita-a-regiao-do-algarve-pela-distincao-de-melhor-destino-de-praia-do-mundo\\\/atualidade\\\/16\\\/00\\\/#primaryimage\",\"url\":\"https:\\\/\\\/algarve7.pt\\\/wp-content\\\/uploads\\\/2020\\\/12\\\/Praia-da-Marinha-.jpg\",\"contentUrl\":\"https:\\\/\\\/algarve7.pt\\\/wp-content\\\/uploads\\\/2020\\\/12\\\/Praia-da-Marinha-.jpg\",\"width\":660,\"height\":371},{\"@type\":\"BreadcrumbList\",\"@id\":\"https:\\\/\\\/algarve7.pt\\\/index.php\\\/2020\\\/12\\\/lagoa-felicita-a-regiao-do-algarve-pela-distincao-de-melhor-destino-de-praia-do-mundo\\\/atualidade\\\/16\\\/00\\\/#breadcrumb\",\"itemListElement\":[{\"@type\":\"ListItem\",\"position\":1,\"name\":\"In\u00edcio\",\"item\":\"https:\\\/\\\/algarve7.pt\\\/\"},{\"@type\":\"ListItem\",\"position\":2,\"name\":\"Lagoa felicita a Regi\u00e3o do Algarve pela distin\u00e7\u00e3o de melhor destino de Praia do Mundo.\"}]},{\"@type\":\"WebSite\",\"@id\":\"https:\\\/\\\/algarve7.pt\\\/#website\",\"url\":\"https:\\\/\\\/algarve7.pt\\\/\",\"name\":\"Algarve 7\",\"description\":\"Informa\u00e7\u00e3o sobre o Algarve\",\"publisher\":{\"@id\":\"https:\\\/\\\/algarve7.pt\\\/#organization\"},\"potentialAction\":[{\"@type\":\"SearchAction\",\"target\":{\"@type\":\"EntryPoint\",\"urlTemplate\":\"https:\\\/\\\/algarve7.pt\\\/?s={search_term_string}\"},\"query-input\":{\"@type\":\"PropertyValueSpecification\",\"valueRequired\":true,\"valueName\":\"search_term_string\"}}],\"inLanguage\":\"pt-PT\"},{\"@type\":\"Organization\",\"@id\":\"https:\\\/\\\/algarve7.pt\\\/#organization\",\"name\":\"Algarve 7\",\"url\":\"https:\\\/\\\/algarve7.pt\\\/\",\"logo\":{\"@type\":\"ImageObject\",\"inLanguage\":\"pt-PT\",\"@id\":\"https:\\\/\\\/algarve7.pt\\\/#\\\/schema\\\/logo\\\/image\\\/\",\"url\":\"https:\\\/\\\/algarve7.pt\\\/wp-content\\\/uploads\\\/2020\\\/10\\\/Logo-8.jpg\",\"contentUrl\":\"https:\\\/\\\/algarve7.pt\\\/wp-content\\\/uploads\\\/2020\\\/10\\\/Logo-8.jpg\",\"width\":1680,\"height\":1186,\"caption\":\"Algarve 7\"},\"image\":{\"@id\":\"https:\\\/\\\/algarve7.pt\\\/#\\\/schema\\\/logo\\\/image\\\/\"},\"sameAs\":[\"https:\\\/\\\/www.facebook.com\\\/algarve7\",\"https:\\\/\\\/x.com\\\/Algarvesete\",\"https:\\\/\\\/www.instagram.com\\\/jornalalgarve7\\\/\",\"https:\\\/\\\/www.linkedin.com\\\/company\\\/algarve7\",\"https:\\\/\\\/www.pinterest.pt\\\/geral0939\\\/_created\\\/\"]},{\"@type\":\"Person\",\"@id\":\"https:\\\/\\\/algarve7.pt\\\/#\\\/schema\\\/person\\\/23fa70681308e7b319a3204bcea45e0c\",\"name\":\"Algarve 7\",\"sameAs\":[\"https:\\\/\\\/algarve7.pt\",\"https:\\\/\\\/www.facebook.com\\\/algarve7\"],\"url\":\"https:\\\/\\\/algarve7.pt\\\/index.php\\\/author\\\/geralalgarve7-pt\\\/\"}]}<\/script>\n<!-- \/ Yoast SEO plugin. -->","yoast_head_json":{"title":"Lagoa felicita a Regi\u00e3o do Algarve pela distin\u00e7\u00e3o de melhor destino de Praia do Mundo. - Algarve 7","description":"Lagoa felicita a Regi\u00e3o do Algarve pela distin\u00e7\u00e3o de melhor destino de Praia do Mundo. Atualidade","robots":{"index":"index","follow":"follow","max-snippet":"max-snippet:-1","max-image-preview":"max-image-preview:large","max-video-preview":"max-video-preview:-1"},"canonical":"https:\/\/algarve7.pt\/index.php\/2020\/12\/lagoa-felicita-a-regiao-do-algarve-pela-distincao-de-melhor-destino-de-praia-do-mundo\/atualidade\/16\/00\/","og_locale":"pt_PT","og_type":"article","og_title":"Lagoa felicita a Regi\u00e3o do Algarve pela distin\u00e7\u00e3o de melhor destino de Praia do Mundo. - Algarve 7","og_description":"Lagoa felicita a Regi\u00e3o do Algarve pela distin\u00e7\u00e3o de melhor destino de Praia do Mundo. Atualidade","og_url":"https:\/\/algarve7.pt\/index.php\/2020\/12\/lagoa-felicita-a-regiao-do-algarve-pela-distincao-de-melhor-destino-de-praia-do-mundo\/atualidade\/16\/00\/","og_site_name":"Algarve 7","article_publisher":"https:\/\/www.facebook.com\/algarve7","article_author":"https:\/\/www.facebook.com\/algarve7","article_published_time":"2020-12-05T16:00:04+00:00","og_image":[{"width":660,"height":371,"url":"https:\/\/algarve7.pt\/wp-content\/uploads\/2020\/12\/Praia-da-Marinha-.jpg","type":"image\/jpeg"}],"author":"Algarve 7","twitter_card":"summary_large_image","twitter_creator":"@Algarvesete","twitter_site":"@Algarvesete","twitter_misc":{"Escrito por":"Algarve 7","Tempo estimado de leitura":"2 minutos"},"schema":{"@context":"https:\/\/schema.org","@graph":[{"@type":"Article","@id":"https:\/\/algarve7.pt\/index.php\/2020\/12\/lagoa-felicita-a-regiao-do-algarve-pela-distincao-de-melhor-destino-de-praia-do-mundo\/atualidade\/16\/00\/#article","isPartOf":{"@id":"https:\/\/algarve7.pt\/index.php\/2020\/12\/lagoa-felicita-a-regiao-do-algarve-pela-distincao-de-melhor-destino-de-praia-do-mundo\/atualidade\/16\/00\/"},"author":{"name":"Algarve 7","@id":"https:\/\/algarve7.pt\/#\/schema\/person\/23fa70681308e7b319a3204bcea45e0c"},"headline":"Lagoa felicita a Regi\u00e3o do Algarve pela distin\u00e7\u00e3o de melhor destino de Praia do Mundo.","datePublished":"2020-12-05T16:00:04+00:00","mainEntityOfPage":{"@id":"https:\/\/algarve7.pt\/index.php\/2020\/12\/lagoa-felicita-a-regiao-do-algarve-pela-distincao-de-melhor-destino-de-praia-do-mundo\/atualidade\/16\/00\/"},"wordCount":338,"publisher":{"@id":"https:\/\/algarve7.pt\/#organization"},"image":{"@id":"https:\/\/algarve7.pt\/index.php\/2020\/12\/lagoa-felicita-a-regiao-do-algarve-pela-distincao-de-melhor-destino-de-praia-do-mundo\/atualidade\/16\/00\/#primaryimage"},"thumbnailUrl":"https:\/\/algarve7.pt\/wp-content\/uploads\/2020\/12\/Praia-da-Marinha-.jpg","keywords":["Atualidade","Lagoa"],"articleSection":["Atualidade"],"inLanguage":"pt-PT"},{"@type":"WebPage","@id":"https:\/\/algarve7.pt\/index.php\/2020\/12\/lagoa-felicita-a-regiao-do-algarve-pela-distincao-de-melhor-destino-de-praia-do-mundo\/atualidade\/16\/00\/","url":"https:\/\/algarve7.pt\/index.php\/2020\/12\/lagoa-felicita-a-regiao-do-algarve-pela-distincao-de-melhor-destino-de-praia-do-mundo\/atualidade\/16\/00\/","name":"Lagoa felicita a Regi\u00e3o do Algarve pela distin\u00e7\u00e3o de melhor destino de Praia do Mundo. - Algarve 7","isPartOf":{"@id":"https:\/\/algarve7.pt\/#website"},"primaryImageOfPage":{"@id":"https:\/\/algarve7.pt\/index.php\/2020\/12\/lagoa-felicita-a-regiao-do-algarve-pela-distincao-de-melhor-destino-de-praia-do-mundo\/atualidade\/16\/00\/#primaryimage"},"image":{"@id":"https:\/\/algarve7.pt\/index.php\/2020\/12\/lagoa-felicita-a-regiao-do-algarve-pela-distincao-de-melhor-destino-de-praia-do-mundo\/atualidade\/16\/00\/#primaryimage"},"thumbnailUrl":"https:\/\/algarve7.pt\/wp-content\/uploads\/2020\/12\/Praia-da-Marinha-.jpg","datePublished":"2020-12-05T16:00:04+00:00","description":"Lagoa felicita a Regi\u00e3o do Algarve pela distin\u00e7\u00e3o de melhor destino de Praia do Mundo. Atualidade","breadcrumb":{"@id":"https:\/\/algarve7.pt\/index.php\/2020\/12\/lagoa-felicita-a-regiao-do-algarve-pela-distincao-de-melhor-destino-de-praia-do-mundo\/atualidade\/16\/00\/#breadcrumb"},"inLanguage":"pt-PT","potentialAction":[{"@type":"ReadAction","target":["https:\/\/algarve7.pt\/index.php\/2020\/12\/lagoa-felicita-a-regiao-do-algarve-pela-distincao-de-melhor-destino-de-praia-do-mundo\/atualidade\/16\/00\/"]}]},{"@type":"ImageObject","inLanguage":"pt-PT","@id":"https:\/\/algarve7.pt\/index.php\/2020\/12\/lagoa-felicita-a-regiao-do-algarve-pela-distincao-de-melhor-destino-de-praia-do-mundo\/atualidade\/16\/00\/#primaryimage","url":"https:\/\/algarve7.pt\/wp-content\/uploads\/2020\/12\/Praia-da-Marinha-.jpg","contentUrl":"https:\/\/algarve7.pt\/wp-content\/uploads\/2020\/12\/Praia-da-Marinha-.jpg","width":660,"height":371},{"@type":"BreadcrumbList","@id":"https:\/\/algarve7.pt\/index.php\/2020\/12\/lagoa-felicita-a-regiao-do-algarve-pela-distincao-de-melhor-destino-de-praia-do-mundo\/atualidade\/16\/00\/#breadcrumb","itemListElement":[{"@type":"ListItem","position":1,"name":"In\u00edcio","item":"https:\/\/algarve7.pt\/"},{"@type":"ListItem","position":2,"name":"Lagoa felicita a Regi\u00e3o do Algarve pela distin\u00e7\u00e3o de melhor destino de Praia do Mundo."}]},{"@type":"WebSite","@id":"https:\/\/algarve7.pt\/#website","url":"https:\/\/algarve7.pt\/","name":"Algarve 7","description":"Informa\u00e7\u00e3o sobre o Algarve","publisher":{"@id":"https:\/\/algarve7.pt\/#organization"},"potentialAction":[{"@type":"SearchAction","target":{"@type":"EntryPoint","urlTemplate":"https:\/\/algarve7.pt\/?s={search_term_string}"},"query-input":{"@type":"PropertyValueSpecification","valueRequired":true,"valueName":"search_term_string"}}],"inLanguage":"pt-PT"},{"@type":"Organization","@id":"https:\/\/algarve7.pt\/#organization","name":"Algarve 7","url":"https:\/\/algarve7.pt\/","logo":{"@type":"ImageObject","inLanguage":"pt-PT","@id":"https:\/\/algarve7.pt\/#\/schema\/logo\/image\/","url":"https:\/\/algarve7.pt\/wp-content\/uploads\/2020\/10\/Logo-8.jpg","contentUrl":"https:\/\/algarve7.pt\/wp-content\/uploads\/2020\/10\/Logo-8.jpg","width":1680,"height":1186,"caption":"Algarve 7"},"image":{"@id":"https:\/\/algarve7.pt\/#\/schema\/logo\/image\/"},"sameAs":["https:\/\/www.facebook.com\/algarve7","https:\/\/x.com\/Algarvesete","https:\/\/www.instagram.com\/jornalalgarve7\/","https:\/\/www.linkedin.com\/company\/algarve7","https:\/\/www.pinterest.pt\/geral0939\/_created\/"]},{"@type":"Person","@id":"https:\/\/algarve7.pt\/#\/schema\/person\/23fa70681308e7b319a3204bcea45e0c","name":"Algarve 7","sameAs":["https:\/\/algarve7.pt","https:\/\/www.facebook.com\/algarve7"],"url":"https:\/\/algarve7.pt\/index.php\/author\/geralalgarve7-pt\/"}]}},"jetpack_publicize_connections":[],"jetpack_featured_media_url":"https:\/\/algarve7.pt\/wp-content\/uploads\/2020\/12\/Praia-da-Marinha-.jpg","jetpack_shortlink":"https:\/\/wp.me\/pcezmW-18A","jetpack_sharing_enabled":true,"_links":{"self":[{"href":"https:\/\/algarve7.pt\/index.php\/wp-json\/wp\/v2\/posts\/4376","targetHints":{"allow":["GET"]}}],"collection":[{"href":"https:\/\/algarve7.pt\/index.php\/wp-json\/wp\/v2\/posts"}],"about":[{"href":"https:\/\/algarve7.pt\/index.php\/wp-json\/wp\/v2\/types\/post"}],"author":[{"embeddable":true,"href":"https:\/\/algarve7.pt\/index.php\/wp-json\/wp\/v2\/users\/1"}],"replies":[{"embeddable":true,"href":"https:\/\/algarve7.pt\/index.php\/wp-json\/wp\/v2\/comments?post=4376"}],"version-history":[{"count":0,"href":"https:\/\/algarve7.pt\/index.php\/wp-json\/wp\/v2\/posts\/4376\/revisions"}],"wp:featuredmedia":[{"embeddable":true,"href":"https:\/\/algarve7.pt\/index.php\/wp-json\/wp\/v2\/media\/4377"}],"wp:attachment":[{"href":"https:\/\/algarve7.pt\/index.php\/wp-json\/wp\/v2\/media?parent=4376"}],"wp:term":[{"taxonomy":"category","embeddable":true,"href":"https:\/\/algarve7.pt\/index.php\/wp-json\/wp\/v2\/categories?post=4376"},{"taxonomy":"post_tag","embeddable":true,"href":"https:\/\/algarve7.pt\/index.php\/wp-json\/wp\/v2\/tags?post=4376"}],"curies":[{"name":"wp","href":"https:\/\/api.w.org\/{rel}","templated":true}]}}