{"id":4373,"date":"2020-12-05T15:30:17","date_gmt":"2020-12-05T15:30:17","guid":{"rendered":"https:\/\/algarve7.pt\/?p=4373"},"modified":"2020-12-04T17:35:03","modified_gmt":"2020-12-04T17:35:03","slug":"covid-19-e-amalia-inspiram-proximas-exposicoes-do-museu-de-portimao","status":"publish","type":"post","link":"https:\/\/algarve7.pt\/index.php\/2020\/12\/covid-19-e-amalia-inspiram-proximas-exposicoes-do-museu-de-portimao\/cultura\/15\/30\/","title":{"rendered":"Covid-19 e Am\u00e1lia inspiram pr\u00f3ximas exposi\u00e7\u00f5es do Museu de Portim\u00e3o"},"content":{"rendered":"\n<p>Organizada desde 2001 pelo Museu de Portim\u00e3o, este ano a 20\u00aa Corrida Fotogr\u00e1fica de Portim\u00e3o sofreu uma profunda altera\u00e7\u00e3o e optou por uma edi\u00e7\u00e3o designada \u201cEspecial Covid-19\u201d, face ao atual e inesperado contexto viral e \u00e0 necessidade do cumprimento rigoroso de regras sanit\u00e1rias, de distanciamento e confinamento.<\/p>\n\n\n\n<p>N\u00e3o sendo oportuno o envolvimento individual e presencial de um grupo numeroso de participantes numa prova tradicionalmente circunscrita a Portim\u00e3o, a Corrida Fotogr\u00e1fica de 2020 abriu-se \u00e0 possibilidade de participa\u00e7\u00e3o \u00e0 dist\u00e2ncia via eletr\u00f3nica de fot\u00f3grafos de qualquer ponto do pa\u00eds, tendo-se registado a inscri\u00e7\u00e3o de 138 interessados de dez nacionalidades, provenientes de 25 cidades, e o posterior envio digital de imagens entre 22 de maio e 28 de junho.<\/p>\n\n\n\n<p>A exposi\u00e7\u00e3o, integrada nas comemora\u00e7\u00f5es do Dia da Cidade de Portim\u00e3o, apresentar\u00e1 os melhores trabalhos premiados e abrir\u00e1 no dia 12 de dezembro, a partir das 10h00, at\u00e9 25 de abril pr\u00f3ximo, podendo igualmente ser apreciada no site do Museu de Portim\u00e3o.&nbsp;<\/p>\n\n\n\n<p>Tempos Estranhos, Sinais de Dist\u00e2ncia, Lugares de Esperan\u00e7a e Solidariedade, constitu\u00edram os quatro temas que estimularam e desafiaram o olhar atento e criativo dos participantes, num per\u00edodo de t\u00e3o dif\u00edcil e forte constrangimento social, assumindo-se simultaneamente esta iniciativa do Museu de Portim\u00e3o como um importante contributo visual na recolha de testemunhos de um momento singular, para mem\u00f3ria futura.<\/p>\n\n\n\n<p>Os vencedores desta edi\u00e7\u00e3o s\u00e3o: 1\u00ba &#8211; Pr\u00e9mio Francisco Martins; 2\u00ba &#8211; Pr\u00e9mio Elsa Martins; 3\u00ba Pr\u00e9mio &#8211; Jos\u00e9 Oliveira; 4\u00ba Pr\u00e9mio &#8211; Hugo Esteves; \u201cPr\u00e9mio Jovem\u201d &#8211; Matilde Gon\u00e7alves. Al\u00e9m destas categorias, a exposi\u00e7\u00e3o integrar\u00e1 o \u201cPr\u00e9mio Especial do J\u00fari\u201d, atribu\u00eddo a Gon\u00e7alo Caetano, bem como as duas melhores fotos de cada um dos quatro temas referidos.<\/p>\n\n\n\n<p>Desta forma foram igualmente seguidas as indica\u00e7\u00f5es da Unesco e do ICOM-Conselho Internacional de Museus, no sentido da recolha de refer\u00eancias hist\u00f3ricas, culturais e sociais, neste caso fotogr\u00e1ficas, representativos do impacto da pandemia no quotidiano das diversas comunidades.<\/p>\n\n\n\n<p>Esta iniciativa contou com o apoio de Ocean Revival, do Grupo de Amigos do Museu de Portim\u00e3o, da ETIC-Algarve, da CLCC, Ana-Ana, Restinga, e o Sul Informa\u00e7\u00e3o como parceiro da imprensa regional.<\/p>\n\n\n\n<p><strong>Am\u00e1lia em toda a plenitude<\/strong><\/p>\n\n\n\n<p>Por seu turno, \u201cBem-Vinda Sejas Am\u00e1lia\u201d, exposi\u00e7\u00e3o de homenagem \u00e0 fadista Am\u00e1lia Rodrigues, tamb\u00e9m abrir\u00e1 \u00e0s 10h00 de 12 de dezembro, ficando igualmente dispon\u00edvel online no site do Museu de Portim\u00e3o, onde poder\u00e1 ser vista at\u00e9 10 de janeiro de 2021.<\/p>\n\n\n\n<p>Produzida pela Funda\u00e7\u00e3o Am\u00e1lia Rodrigues para celebrar o centen\u00e1rio do nascimento de uma das mais importantes figuras da cultura portuguesa do \u00faltimo s\u00e9culo, esta mostra itinerante d\u00e1 a conhecer aos portugueses, de norte a sul, a singularidade de Am\u00e1lia enquanto mulher e artista, uma pessoa cosmopolita \u2013 presen\u00e7a ass\u00eddua nas mais importantes salas de espet\u00e1culo do mundo \u2013 e popular no conv\u00edvio com aqueles que a pretendiam conhecer.<\/p>\n\n\n\n<p>Desenvolvida em quatro m\u00f3dulos, \u201cBem-Vinda Sejas Am\u00e1lia\u201d d\u00e1 a conhecer as diversas facetas de Am\u00e1lia, do eco do sucesso mundial, pelo seu vanguardismo e arrojo art\u00edstico, ao recato do seu camarim, n\u00e3o esquecendo as curiosidades menos conhecidas da sua vasta carreira.<\/p>\n\n\n\n<p>Esta iniciativa, patrocinada pela Delta Caf\u00e9s, est\u00e1 inclu\u00edda no programa nacional de Comemora\u00e7\u00f5es do Centen\u00e1rio do Nascimento de Am\u00e1lia, que conta com o Alto Patroc\u00ednio do Presidente da Rep\u00fablica.&nbsp;<\/p>\n\n\n\n<p>\u201cBem-Vinda Sejas Am\u00e1lia\u201d inaugurou em Braga, passou pela Maia, Viana do Castelo, Odemira, Our\u00e9m, Lagoa, Alter do Ch\u00e3o e Crato, estando agendada tamb\u00e9m para Barcelos, Alcochete e Montemor-o-Velho, entre outros munic\u00edpios.<\/p>\n\n\n\n<p>As duas exposi\u00e7\u00f5es podem ser visitadas no seguinte hor\u00e1rio: ter\u00e7a-feira das 14h30 \u00e0s 18h00; de quarta-feira a domingo das 10h00 \u00e0s 18h00. Ficar\u00e3o igualmente dispon\u00edveis online no site do Museu de Portim\u00e3o, em:&nbsp;<\/p>\n\n\n\n<p><a href=\"https:\/\/www.museudeportimao.pt\/\" target=\"_blank\" rel=\"noreferrer noopener\">https:\/\/www.museudeportimao.pt\/<\/a><\/p>\n","protected":false},"excerpt":{"rendered":"<p>Organizada desde 2001 pelo Museu de Portim\u00e3o, este ano a 20\u00aa Corrida Fotogr\u00e1fica de Portim\u00e3o sofreu uma profunda altera\u00e7\u00e3o e<\/p>\n","protected":false},"author":1,"featured_media":4374,"comment_status":"closed","ping_status":"open","sticky":false,"template":"","format":"standard","meta":{"colormag_page_container_layout":"default_layout","colormag_page_sidebar_layout":"default_layout","_monsterinsights_skip_tracking":false,"_monsterinsights_sitenote_active":false,"_monsterinsights_sitenote_note":"","_monsterinsights_sitenote_category":0,"jetpack_post_was_ever_published":false,"_jetpack_newsletter_access":"","_jetpack_dont_email_post_to_subs":false,"_jetpack_newsletter_tier_id":0,"_jetpack_memberships_contains_paywalled_content":false,"_jetpack_memberships_contains_paid_content":false,"footnotes":"","jetpack_publicize_message":"","jetpack_publicize_feature_enabled":true,"jetpack_social_post_already_shared":true,"jetpack_social_options":{"image_generator_settings":{"template":"highway","default_image_id":0,"font":"","enabled":false},"version":2}},"categories":[14],"tags":[36,35,66,65,72],"class_list":["post-4373","post","type-post","status-publish","format-standard","has-post-thumbnail","hentry","category-cultura","tag-algarve","tag-cultura","tag-exposicao","tag-fotografia","tag-portimao"],"yoast_head":"<!-- This site is optimized with the Yoast SEO plugin v27.4 - https:\/\/yoast.com\/product\/yoast-seo-wordpress\/ -->\n<title>Covid-19 e Am\u00e1lia inspiram pr\u00f3ximas exposi\u00e7\u00f5es do Museu de Portim\u00e3o - Algarve 7<\/title>\n<meta name=\"description\" content=\"Covid-19 e Am\u00e1lia inspiram pr\u00f3ximas exposi\u00e7\u00f5es do Museu de Portim\u00e3o Cultura\" \/>\n<meta name=\"robots\" content=\"index, follow, max-snippet:-1, max-image-preview:large, max-video-preview:-1\" \/>\n<link rel=\"canonical\" href=\"https:\/\/algarve7.pt\/index.php\/2020\/12\/covid-19-e-amalia-inspiram-proximas-exposicoes-do-museu-de-portimao\/cultura\/15\/30\/\" \/>\n<meta property=\"og:locale\" content=\"pt_PT\" \/>\n<meta property=\"og:type\" content=\"article\" \/>\n<meta property=\"og:title\" content=\"Covid-19 e Am\u00e1lia inspiram pr\u00f3ximas exposi\u00e7\u00f5es do Museu de Portim\u00e3o - Algarve 7\" \/>\n<meta property=\"og:description\" content=\"Covid-19 e Am\u00e1lia inspiram pr\u00f3ximas exposi\u00e7\u00f5es do Museu de Portim\u00e3o Cultura\" \/>\n<meta property=\"og:url\" content=\"https:\/\/algarve7.pt\/index.php\/2020\/12\/covid-19-e-amalia-inspiram-proximas-exposicoes-do-museu-de-portimao\/cultura\/15\/30\/\" \/>\n<meta property=\"og:site_name\" content=\"Algarve 7\" \/>\n<meta property=\"article:publisher\" content=\"https:\/\/www.facebook.com\/algarve7\" \/>\n<meta property=\"article:author\" content=\"https:\/\/www.facebook.com\/algarve7\" \/>\n<meta property=\"article:published_time\" content=\"2020-12-05T15:30:17+00:00\" \/>\n<meta property=\"og:image\" content=\"https:\/\/algarve7.pt\/wp-content\/uploads\/2020\/12\/2o_Tema_Sinais-de-Distancia.jpg\" \/>\n\t<meta property=\"og:image:width\" content=\"1800\" \/>\n\t<meta property=\"og:image:height\" content=\"1200\" \/>\n\t<meta property=\"og:image:type\" content=\"image\/jpeg\" \/>\n<meta name=\"author\" content=\"Algarve 7\" \/>\n<meta name=\"twitter:card\" content=\"summary_large_image\" \/>\n<meta name=\"twitter:creator\" content=\"@Algarvesete\" \/>\n<meta name=\"twitter:site\" content=\"@Algarvesete\" \/>\n<meta name=\"twitter:label1\" content=\"Escrito por\" \/>\n\t<meta name=\"twitter:data1\" content=\"Algarve 7\" \/>\n\t<meta name=\"twitter:label2\" content=\"Tempo estimado de leitura\" \/>\n\t<meta name=\"twitter:data2\" content=\"3 minutos\" \/>\n<script type=\"application\/ld+json\" class=\"yoast-schema-graph\">{\"@context\":\"https:\\\/\\\/schema.org\",\"@graph\":[{\"@type\":\"Article\",\"@id\":\"https:\\\/\\\/algarve7.pt\\\/index.php\\\/2020\\\/12\\\/covid-19-e-amalia-inspiram-proximas-exposicoes-do-museu-de-portimao\\\/cultura\\\/15\\\/30\\\/#article\",\"isPartOf\":{\"@id\":\"https:\\\/\\\/algarve7.pt\\\/index.php\\\/2020\\\/12\\\/covid-19-e-amalia-inspiram-proximas-exposicoes-do-museu-de-portimao\\\/cultura\\\/15\\\/30\\\/\"},\"author\":{\"name\":\"Algarve 7\",\"@id\":\"https:\\\/\\\/algarve7.pt\\\/#\\\/schema\\\/person\\\/23fa70681308e7b319a3204bcea45e0c\"},\"headline\":\"Covid-19 e Am\u00e1lia inspiram pr\u00f3ximas exposi\u00e7\u00f5es do Museu de Portim\u00e3o\",\"datePublished\":\"2020-12-05T15:30:17+00:00\",\"mainEntityOfPage\":{\"@id\":\"https:\\\/\\\/algarve7.pt\\\/index.php\\\/2020\\\/12\\\/covid-19-e-amalia-inspiram-proximas-exposicoes-do-museu-de-portimao\\\/cultura\\\/15\\\/30\\\/\"},\"wordCount\":679,\"publisher\":{\"@id\":\"https:\\\/\\\/algarve7.pt\\\/#organization\"},\"image\":{\"@id\":\"https:\\\/\\\/algarve7.pt\\\/index.php\\\/2020\\\/12\\\/covid-19-e-amalia-inspiram-proximas-exposicoes-do-museu-de-portimao\\\/cultura\\\/15\\\/30\\\/#primaryimage\"},\"thumbnailUrl\":\"https:\\\/\\\/algarve7.pt\\\/wp-content\\\/uploads\\\/2020\\\/12\\\/2o_Tema_Sinais-de-Distancia.jpg\",\"keywords\":[\"Algarve\",\"Cultura\",\"Exposi\u00e7\u00e3o\",\"Fotografia\",\"Portim\u00e3o\"],\"articleSection\":[\"Cultura\"],\"inLanguage\":\"pt-PT\"},{\"@type\":\"WebPage\",\"@id\":\"https:\\\/\\\/algarve7.pt\\\/index.php\\\/2020\\\/12\\\/covid-19-e-amalia-inspiram-proximas-exposicoes-do-museu-de-portimao\\\/cultura\\\/15\\\/30\\\/\",\"url\":\"https:\\\/\\\/algarve7.pt\\\/index.php\\\/2020\\\/12\\\/covid-19-e-amalia-inspiram-proximas-exposicoes-do-museu-de-portimao\\\/cultura\\\/15\\\/30\\\/\",\"name\":\"Covid-19 e Am\u00e1lia inspiram pr\u00f3ximas exposi\u00e7\u00f5es do Museu de Portim\u00e3o - Algarve 7\",\"isPartOf\":{\"@id\":\"https:\\\/\\\/algarve7.pt\\\/#website\"},\"primaryImageOfPage\":{\"@id\":\"https:\\\/\\\/algarve7.pt\\\/index.php\\\/2020\\\/12\\\/covid-19-e-amalia-inspiram-proximas-exposicoes-do-museu-de-portimao\\\/cultura\\\/15\\\/30\\\/#primaryimage\"},\"image\":{\"@id\":\"https:\\\/\\\/algarve7.pt\\\/index.php\\\/2020\\\/12\\\/covid-19-e-amalia-inspiram-proximas-exposicoes-do-museu-de-portimao\\\/cultura\\\/15\\\/30\\\/#primaryimage\"},\"thumbnailUrl\":\"https:\\\/\\\/algarve7.pt\\\/wp-content\\\/uploads\\\/2020\\\/12\\\/2o_Tema_Sinais-de-Distancia.jpg\",\"datePublished\":\"2020-12-05T15:30:17+00:00\",\"description\":\"Covid-19 e Am\u00e1lia inspiram pr\u00f3ximas exposi\u00e7\u00f5es do Museu de Portim\u00e3o Cultura\",\"breadcrumb\":{\"@id\":\"https:\\\/\\\/algarve7.pt\\\/index.php\\\/2020\\\/12\\\/covid-19-e-amalia-inspiram-proximas-exposicoes-do-museu-de-portimao\\\/cultura\\\/15\\\/30\\\/#breadcrumb\"},\"inLanguage\":\"pt-PT\",\"potentialAction\":[{\"@type\":\"ReadAction\",\"target\":[\"https:\\\/\\\/algarve7.pt\\\/index.php\\\/2020\\\/12\\\/covid-19-e-amalia-inspiram-proximas-exposicoes-do-museu-de-portimao\\\/cultura\\\/15\\\/30\\\/\"]}]},{\"@type\":\"ImageObject\",\"inLanguage\":\"pt-PT\",\"@id\":\"https:\\\/\\\/algarve7.pt\\\/index.php\\\/2020\\\/12\\\/covid-19-e-amalia-inspiram-proximas-exposicoes-do-museu-de-portimao\\\/cultura\\\/15\\\/30\\\/#primaryimage\",\"url\":\"https:\\\/\\\/algarve7.pt\\\/wp-content\\\/uploads\\\/2020\\\/12\\\/2o_Tema_Sinais-de-Distancia.jpg\",\"contentUrl\":\"https:\\\/\\\/algarve7.pt\\\/wp-content\\\/uploads\\\/2020\\\/12\\\/2o_Tema_Sinais-de-Distancia.jpg\",\"width\":1800,\"height\":1200},{\"@type\":\"BreadcrumbList\",\"@id\":\"https:\\\/\\\/algarve7.pt\\\/index.php\\\/2020\\\/12\\\/covid-19-e-amalia-inspiram-proximas-exposicoes-do-museu-de-portimao\\\/cultura\\\/15\\\/30\\\/#breadcrumb\",\"itemListElement\":[{\"@type\":\"ListItem\",\"position\":1,\"name\":\"In\u00edcio\",\"item\":\"https:\\\/\\\/algarve7.pt\\\/\"},{\"@type\":\"ListItem\",\"position\":2,\"name\":\"Covid-19 e Am\u00e1lia inspiram pr\u00f3ximas exposi\u00e7\u00f5es do Museu de Portim\u00e3o\"}]},{\"@type\":\"WebSite\",\"@id\":\"https:\\\/\\\/algarve7.pt\\\/#website\",\"url\":\"https:\\\/\\\/algarve7.pt\\\/\",\"name\":\"Algarve 7\",\"description\":\"Informa\u00e7\u00e3o sobre o Algarve\",\"publisher\":{\"@id\":\"https:\\\/\\\/algarve7.pt\\\/#organization\"},\"potentialAction\":[{\"@type\":\"SearchAction\",\"target\":{\"@type\":\"EntryPoint\",\"urlTemplate\":\"https:\\\/\\\/algarve7.pt\\\/?s={search_term_string}\"},\"query-input\":{\"@type\":\"PropertyValueSpecification\",\"valueRequired\":true,\"valueName\":\"search_term_string\"}}],\"inLanguage\":\"pt-PT\"},{\"@type\":\"Organization\",\"@id\":\"https:\\\/\\\/algarve7.pt\\\/#organization\",\"name\":\"Algarve 7\",\"url\":\"https:\\\/\\\/algarve7.pt\\\/\",\"logo\":{\"@type\":\"ImageObject\",\"inLanguage\":\"pt-PT\",\"@id\":\"https:\\\/\\\/algarve7.pt\\\/#\\\/schema\\\/logo\\\/image\\\/\",\"url\":\"https:\\\/\\\/algarve7.pt\\\/wp-content\\\/uploads\\\/2020\\\/10\\\/Logo-8.jpg\",\"contentUrl\":\"https:\\\/\\\/algarve7.pt\\\/wp-content\\\/uploads\\\/2020\\\/10\\\/Logo-8.jpg\",\"width\":1680,\"height\":1186,\"caption\":\"Algarve 7\"},\"image\":{\"@id\":\"https:\\\/\\\/algarve7.pt\\\/#\\\/schema\\\/logo\\\/image\\\/\"},\"sameAs\":[\"https:\\\/\\\/www.facebook.com\\\/algarve7\",\"https:\\\/\\\/x.com\\\/Algarvesete\",\"https:\\\/\\\/www.instagram.com\\\/jornalalgarve7\\\/\",\"https:\\\/\\\/www.linkedin.com\\\/company\\\/algarve7\",\"https:\\\/\\\/www.pinterest.pt\\\/geral0939\\\/_created\\\/\"]},{\"@type\":\"Person\",\"@id\":\"https:\\\/\\\/algarve7.pt\\\/#\\\/schema\\\/person\\\/23fa70681308e7b319a3204bcea45e0c\",\"name\":\"Algarve 7\",\"sameAs\":[\"https:\\\/\\\/algarve7.pt\",\"https:\\\/\\\/www.facebook.com\\\/algarve7\"],\"url\":\"https:\\\/\\\/algarve7.pt\\\/index.php\\\/author\\\/geralalgarve7-pt\\\/\"}]}<\/script>\n<!-- \/ Yoast SEO plugin. -->","yoast_head_json":{"title":"Covid-19 e Am\u00e1lia inspiram pr\u00f3ximas exposi\u00e7\u00f5es do Museu de Portim\u00e3o - Algarve 7","description":"Covid-19 e Am\u00e1lia inspiram pr\u00f3ximas exposi\u00e7\u00f5es do Museu de Portim\u00e3o Cultura","robots":{"index":"index","follow":"follow","max-snippet":"max-snippet:-1","max-image-preview":"max-image-preview:large","max-video-preview":"max-video-preview:-1"},"canonical":"https:\/\/algarve7.pt\/index.php\/2020\/12\/covid-19-e-amalia-inspiram-proximas-exposicoes-do-museu-de-portimao\/cultura\/15\/30\/","og_locale":"pt_PT","og_type":"article","og_title":"Covid-19 e Am\u00e1lia inspiram pr\u00f3ximas exposi\u00e7\u00f5es do Museu de Portim\u00e3o - Algarve 7","og_description":"Covid-19 e Am\u00e1lia inspiram pr\u00f3ximas exposi\u00e7\u00f5es do Museu de Portim\u00e3o Cultura","og_url":"https:\/\/algarve7.pt\/index.php\/2020\/12\/covid-19-e-amalia-inspiram-proximas-exposicoes-do-museu-de-portimao\/cultura\/15\/30\/","og_site_name":"Algarve 7","article_publisher":"https:\/\/www.facebook.com\/algarve7","article_author":"https:\/\/www.facebook.com\/algarve7","article_published_time":"2020-12-05T15:30:17+00:00","og_image":[{"width":1800,"height":1200,"url":"https:\/\/algarve7.pt\/wp-content\/uploads\/2020\/12\/2o_Tema_Sinais-de-Distancia.jpg","type":"image\/jpeg"}],"author":"Algarve 7","twitter_card":"summary_large_image","twitter_creator":"@Algarvesete","twitter_site":"@Algarvesete","twitter_misc":{"Escrito por":"Algarve 7","Tempo estimado de leitura":"3 minutos"},"schema":{"@context":"https:\/\/schema.org","@graph":[{"@type":"Article","@id":"https:\/\/algarve7.pt\/index.php\/2020\/12\/covid-19-e-amalia-inspiram-proximas-exposicoes-do-museu-de-portimao\/cultura\/15\/30\/#article","isPartOf":{"@id":"https:\/\/algarve7.pt\/index.php\/2020\/12\/covid-19-e-amalia-inspiram-proximas-exposicoes-do-museu-de-portimao\/cultura\/15\/30\/"},"author":{"name":"Algarve 7","@id":"https:\/\/algarve7.pt\/#\/schema\/person\/23fa70681308e7b319a3204bcea45e0c"},"headline":"Covid-19 e Am\u00e1lia inspiram pr\u00f3ximas exposi\u00e7\u00f5es do Museu de Portim\u00e3o","datePublished":"2020-12-05T15:30:17+00:00","mainEntityOfPage":{"@id":"https:\/\/algarve7.pt\/index.php\/2020\/12\/covid-19-e-amalia-inspiram-proximas-exposicoes-do-museu-de-portimao\/cultura\/15\/30\/"},"wordCount":679,"publisher":{"@id":"https:\/\/algarve7.pt\/#organization"},"image":{"@id":"https:\/\/algarve7.pt\/index.php\/2020\/12\/covid-19-e-amalia-inspiram-proximas-exposicoes-do-museu-de-portimao\/cultura\/15\/30\/#primaryimage"},"thumbnailUrl":"https:\/\/algarve7.pt\/wp-content\/uploads\/2020\/12\/2o_Tema_Sinais-de-Distancia.jpg","keywords":["Algarve","Cultura","Exposi\u00e7\u00e3o","Fotografia","Portim\u00e3o"],"articleSection":["Cultura"],"inLanguage":"pt-PT"},{"@type":"WebPage","@id":"https:\/\/algarve7.pt\/index.php\/2020\/12\/covid-19-e-amalia-inspiram-proximas-exposicoes-do-museu-de-portimao\/cultura\/15\/30\/","url":"https:\/\/algarve7.pt\/index.php\/2020\/12\/covid-19-e-amalia-inspiram-proximas-exposicoes-do-museu-de-portimao\/cultura\/15\/30\/","name":"Covid-19 e Am\u00e1lia inspiram pr\u00f3ximas exposi\u00e7\u00f5es do Museu de Portim\u00e3o - Algarve 7","isPartOf":{"@id":"https:\/\/algarve7.pt\/#website"},"primaryImageOfPage":{"@id":"https:\/\/algarve7.pt\/index.php\/2020\/12\/covid-19-e-amalia-inspiram-proximas-exposicoes-do-museu-de-portimao\/cultura\/15\/30\/#primaryimage"},"image":{"@id":"https:\/\/algarve7.pt\/index.php\/2020\/12\/covid-19-e-amalia-inspiram-proximas-exposicoes-do-museu-de-portimao\/cultura\/15\/30\/#primaryimage"},"thumbnailUrl":"https:\/\/algarve7.pt\/wp-content\/uploads\/2020\/12\/2o_Tema_Sinais-de-Distancia.jpg","datePublished":"2020-12-05T15:30:17+00:00","description":"Covid-19 e Am\u00e1lia inspiram pr\u00f3ximas exposi\u00e7\u00f5es do Museu de Portim\u00e3o Cultura","breadcrumb":{"@id":"https:\/\/algarve7.pt\/index.php\/2020\/12\/covid-19-e-amalia-inspiram-proximas-exposicoes-do-museu-de-portimao\/cultura\/15\/30\/#breadcrumb"},"inLanguage":"pt-PT","potentialAction":[{"@type":"ReadAction","target":["https:\/\/algarve7.pt\/index.php\/2020\/12\/covid-19-e-amalia-inspiram-proximas-exposicoes-do-museu-de-portimao\/cultura\/15\/30\/"]}]},{"@type":"ImageObject","inLanguage":"pt-PT","@id":"https:\/\/algarve7.pt\/index.php\/2020\/12\/covid-19-e-amalia-inspiram-proximas-exposicoes-do-museu-de-portimao\/cultura\/15\/30\/#primaryimage","url":"https:\/\/algarve7.pt\/wp-content\/uploads\/2020\/12\/2o_Tema_Sinais-de-Distancia.jpg","contentUrl":"https:\/\/algarve7.pt\/wp-content\/uploads\/2020\/12\/2o_Tema_Sinais-de-Distancia.jpg","width":1800,"height":1200},{"@type":"BreadcrumbList","@id":"https:\/\/algarve7.pt\/index.php\/2020\/12\/covid-19-e-amalia-inspiram-proximas-exposicoes-do-museu-de-portimao\/cultura\/15\/30\/#breadcrumb","itemListElement":[{"@type":"ListItem","position":1,"name":"In\u00edcio","item":"https:\/\/algarve7.pt\/"},{"@type":"ListItem","position":2,"name":"Covid-19 e Am\u00e1lia inspiram pr\u00f3ximas exposi\u00e7\u00f5es do Museu de Portim\u00e3o"}]},{"@type":"WebSite","@id":"https:\/\/algarve7.pt\/#website","url":"https:\/\/algarve7.pt\/","name":"Algarve 7","description":"Informa\u00e7\u00e3o sobre o Algarve","publisher":{"@id":"https:\/\/algarve7.pt\/#organization"},"potentialAction":[{"@type":"SearchAction","target":{"@type":"EntryPoint","urlTemplate":"https:\/\/algarve7.pt\/?s={search_term_string}"},"query-input":{"@type":"PropertyValueSpecification","valueRequired":true,"valueName":"search_term_string"}}],"inLanguage":"pt-PT"},{"@type":"Organization","@id":"https:\/\/algarve7.pt\/#organization","name":"Algarve 7","url":"https:\/\/algarve7.pt\/","logo":{"@type":"ImageObject","inLanguage":"pt-PT","@id":"https:\/\/algarve7.pt\/#\/schema\/logo\/image\/","url":"https:\/\/algarve7.pt\/wp-content\/uploads\/2020\/10\/Logo-8.jpg","contentUrl":"https:\/\/algarve7.pt\/wp-content\/uploads\/2020\/10\/Logo-8.jpg","width":1680,"height":1186,"caption":"Algarve 7"},"image":{"@id":"https:\/\/algarve7.pt\/#\/schema\/logo\/image\/"},"sameAs":["https:\/\/www.facebook.com\/algarve7","https:\/\/x.com\/Algarvesete","https:\/\/www.instagram.com\/jornalalgarve7\/","https:\/\/www.linkedin.com\/company\/algarve7","https:\/\/www.pinterest.pt\/geral0939\/_created\/"]},{"@type":"Person","@id":"https:\/\/algarve7.pt\/#\/schema\/person\/23fa70681308e7b319a3204bcea45e0c","name":"Algarve 7","sameAs":["https:\/\/algarve7.pt","https:\/\/www.facebook.com\/algarve7"],"url":"https:\/\/algarve7.pt\/index.php\/author\/geralalgarve7-pt\/"}]}},"jetpack_publicize_connections":[],"jetpack_featured_media_url":"https:\/\/algarve7.pt\/wp-content\/uploads\/2020\/12\/2o_Tema_Sinais-de-Distancia.jpg","jetpack_shortlink":"https:\/\/wp.me\/pcezmW-18x","jetpack_sharing_enabled":true,"_links":{"self":[{"href":"https:\/\/algarve7.pt\/index.php\/wp-json\/wp\/v2\/posts\/4373","targetHints":{"allow":["GET"]}}],"collection":[{"href":"https:\/\/algarve7.pt\/index.php\/wp-json\/wp\/v2\/posts"}],"about":[{"href":"https:\/\/algarve7.pt\/index.php\/wp-json\/wp\/v2\/types\/post"}],"author":[{"embeddable":true,"href":"https:\/\/algarve7.pt\/index.php\/wp-json\/wp\/v2\/users\/1"}],"replies":[{"embeddable":true,"href":"https:\/\/algarve7.pt\/index.php\/wp-json\/wp\/v2\/comments?post=4373"}],"version-history":[{"count":0,"href":"https:\/\/algarve7.pt\/index.php\/wp-json\/wp\/v2\/posts\/4373\/revisions"}],"wp:featuredmedia":[{"embeddable":true,"href":"https:\/\/algarve7.pt\/index.php\/wp-json\/wp\/v2\/media\/4374"}],"wp:attachment":[{"href":"https:\/\/algarve7.pt\/index.php\/wp-json\/wp\/v2\/media?parent=4373"}],"wp:term":[{"taxonomy":"category","embeddable":true,"href":"https:\/\/algarve7.pt\/index.php\/wp-json\/wp\/v2\/categories?post=4373"},{"taxonomy":"post_tag","embeddable":true,"href":"https:\/\/algarve7.pt\/index.php\/wp-json\/wp\/v2\/tags?post=4373"}],"curies":[{"name":"wp","href":"https:\/\/api.w.org\/{rel}","templated":true}]}}