{"id":43497,"date":"2024-10-19T19:26:38","date_gmt":"2024-10-19T18:26:38","guid":{"rendered":"https:\/\/algarve7.pt\/?p=43497"},"modified":"2024-10-19T19:26:40","modified_gmt":"2024-10-19T18:26:40","slug":"matilde-jorge-brilha-rumo-a-final-do-faro-ladies-open","status":"publish","type":"post","link":"https:\/\/algarve7.pt\/index.php\/2024\/10\/matilde-jorge-brilha-rumo-a-final-do-faro-ladies-open\/desporto\/19\/26\/","title":{"rendered":"Matilde Jorge brilha rumo \u00e0 final do Faro Ladies Open"},"content":{"rendered":"\n<p><strong>Matilde Jorge<\/strong>&nbsp;continua a vencer no Centro de T\u00e9nis e Padel de Faro e este s\u00e1bado eliminou a primeira cabe\u00e7a de s\u00e9rie para chegar \u00e0 final de singulares da 13.\u00aa edi\u00e7\u00e3o do Faro Ladies Open, ITF W35 organizado entre os dias 13 e 20 de outubro com os apoios da C\u00e2mara Municipal de Faro e da Federa\u00e7\u00e3o Portuguesa de T\u00e9nis.<\/p>\n\n\n\n<p>A atravessar a melhor fase da carreira, Matilde Jorge (366.\u00aa classificada no&nbsp;<em>ranking<\/em>&nbsp;WTA) voltou a destacar-se e surpreendeu a jogadora mais cotada do torneio, a austr\u00edaca&nbsp;<strong>Sinja Kraus<\/strong>(209.\u00aa), em duas partidas, com os parciais de 6-2 e 6-2 ao cabo de 2h02.<\/p>\n\n\n\n<p>\u00c0 semelhan\u00e7a do que aconteceu nos dias anteriores, a vimaranense de 20 anos lidou bem com as condi\u00e7\u00f5es ventosas e foi melhor nos momentos importantes, com destaque para o sexto jogo do encontro \u2014 sobreviveu a 12 vantagens e segurou o servi\u00e7o para consolidar o&nbsp;<em>break<\/em>&nbsp;anterior e agarrar o ascendente da\u00ed em diante.<\/p>\n\n\n\n<p>Kraus nunca esteve confort\u00e1vel, n\u00e3o lidou bem com a frustra\u00e7\u00e3o e apesar de ter devolvido as primeiras quebras de servi\u00e7o de cada parcial viu-se sempre obrigada a correr atr\u00e1s de Jorge, que realizou a exibi\u00e7\u00e3o mais autorit\u00e1ria da semana.<\/p>\n\n\n\n<p><strong>&#8220;Estou muito feliz com a minha presta\u00e7\u00e3o at\u00e9 agora. Acho que hoje fiz um belo jogo, estive bastante est\u00e1vel e isso ajudou-me a conseguir a vit\u00f3ria&#8221;<\/strong>, reconheceu logo ap\u00f3s avan\u00e7ar para a final.&nbsp;<strong>&#8220;O jogo do 3-2 foi bastante logo e acabou por definir o primeiro&nbsp;<em>set<\/em>. Teve muitas vantagens, deve ter demorado mais de 20 minutos e o facto de eu ter segurado esse jogo fez com que ela ficasse ainda mais frustrada e eu me mantivesse por cima. No segundo consegui manter-me est\u00e1vel e passei-lhe sempre a mensagem de que estava l\u00e1 e que para me ganhar tinha de lutar e ser bem dura.&#8221;<\/strong><\/p>\n\n\n\n<p>Um m\u00eas e meio depois de inaugurar o palmar\u00e9s individual com um t\u00edtulo em Leiria, Matilde Jorge vai jogar, em Faro, a segunda final de singulares da carreira.<\/p>\n\n\n\n<p>A derradeira advers\u00e1ria ser\u00e1 a polaca&nbsp;<strong>Monika<\/strong>&nbsp;<strong>Stankiewicz<\/strong>&nbsp;(974.\u00aa), que aos 17 anos joga apenas o sexto torneio profissional \u2014 \u00e9, em simult\u00e2neo, a n\u00famero 20 do&nbsp;<em>ranking<\/em>&nbsp;mundial de juniores.<\/p>\n\n\n\n<p>Vinda do&nbsp;<em>qualifying<\/em>, a tenista sensa\u00e7\u00e3o da semana ainda n\u00e3o perdeu qualquer set (seis vit\u00f3rias em parciais diretos) e este s\u00e1bado &#8220;despachou&#8221; a francesa&nbsp;<strong>Yasmine<\/strong>&nbsp;<strong>Mansouri<\/strong>&nbsp;(347.\u00aa), finalista na Quinta do Lago h\u00e1 uma semana, com os parciais de 6-1 e 6-2 em 1h15 para alcan\u00e7ar a primeira final profissional da carreira.<\/p>\n\n\n\n<p><strong>&#8220;Por agora ainda n\u00e3o acredito, sobretudo porque vim para c\u00e1 sozinha e tenho de tratar de tudo por mim pr\u00f3pria. Est\u00e1 a ser incr\u00edvel, mas ainda n\u00e3o acabou e vou dar tudo amanh\u00e3&#8221;<\/strong>, afirmou, ainda incr\u00e9dula, assim que resolveu a primeira meia-final.<\/p>\n\n\n\n<p>De telem\u00f3vel na m\u00e3o logo ap\u00f3s falar com os pais, a polaca explicou que a decis\u00e3o de viajar sozinha&nbsp;<strong>&#8220;foi tomada pelos treinadores para me tornar mais madura&#8221;<\/strong>&nbsp;e apontou como maiores dificuldades<strong>&nbsp;&#8220;motivar-me a mim pr\u00f3pria e encontrar solu\u00e7\u00f5es sem poder contar com ajuda.\u201d<\/strong><\/p>\n\n\n\n<p>Na altura de antever a primeira final profissional da carreira a derradeira advers\u00e1ria ainda n\u00e3o estava definida, mas Stankiewicz garantiu que, quer fosse a primeira cabe\u00e7a de s\u00e9rie ou a favorita &#8220;da casa&#8221;, o objetivo para domingo seria&nbsp;<strong>&#8220;aproveitar o facto de estar sem press\u00e3o para me focar no meu t\u00e9nis e dar o meu melhor.&#8221;<\/strong><\/p>\n\n\n\n<p>Matilde Jorge j\u00e1 fez a antevis\u00e3o \u00e0 final conhecendo a identidade de uma oponente&nbsp;<strong>\u201cbastante s\u00f3lida e que chegou aqui um bocadinho despercebida\u201d<\/strong>, destacando a experi\u00eancia da final e do t\u00edtulo em Leiria como um fator importante para a abordagem ao embate de domingo, marcado para as 11 horas.<\/p>\n\n\n\n<p>A vencedora do embate entre Matilde Jorge e Monika Stankiewicz juntar\u00e1 o nome a uma galeria de campe\u00e3s que foi inaugurada este s\u00e1bado com a vit\u00f3ria de&nbsp;<strong>Weronika<\/strong>&nbsp;<strong>Falkowska<\/strong>&nbsp;e&nbsp;<strong>Stephanie Visscher<\/strong>&nbsp;na variante de pares.<\/p>\n\n\n\n<p>As segundas cabe\u00e7as de s\u00e9rie levaram a melhor sobre a b\u00falgara&nbsp;<strong>Lia Karatancheva<\/strong>&nbsp;e a let\u00e3&nbsp;<strong>Diana Marcinkevica<\/strong>&nbsp;logo de manh\u00e3, com os parciais de 6-4, 2-6 e 10-5, e celebraram um t\u00edtulo pela segunda vez lado a lado.<\/p>\n","protected":false},"excerpt":{"rendered":"<p>Matilde Jorge&nbsp;continua a vencer no Centro de T\u00e9nis e Padel de Faro e este s\u00e1bado eliminou a primeira cabe\u00e7a de<\/p>\n","protected":false},"author":1,"featured_media":43498,"comment_status":"open","ping_status":"open","sticky":false,"template":"","format":"standard","meta":{"colormag_page_container_layout":"default_layout","colormag_page_sidebar_layout":"default_layout","_monsterinsights_skip_tracking":false,"_monsterinsights_sitenote_active":false,"_monsterinsights_sitenote_note":"","_monsterinsights_sitenote_category":0,"jetpack_post_was_ever_published":false,"_jetpack_newsletter_access":"","_jetpack_dont_email_post_to_subs":false,"_jetpack_newsletter_tier_id":0,"_jetpack_memberships_contains_paywalled_content":false,"_jetpack_memberships_contains_paid_content":false,"footnotes":"","jetpack_publicize_message":"","jetpack_publicize_feature_enabled":true,"jetpack_social_post_already_shared":false,"jetpack_social_options":{"image_generator_settings":{"template":"highway","default_image_id":0,"font":"","enabled":false},"version":2}},"categories":[15],"tags":[36,40,57,1131],"class_list":["post-43497","post","type-post","status-publish","format-standard","has-post-thumbnail","hentry","category-desporto","tag-algarve","tag-desporto","tag-faro","tag-faro-ladies-open"],"yoast_head":"<!-- This site is optimized with the Yoast SEO plugin v27.5 - https:\/\/yoast.com\/product\/yoast-seo-wordpress\/ -->\n<title>Matilde Jorge brilha rumo \u00e0 final do Faro Ladies Open - Algarve 7<\/title>\n<meta name=\"description\" content=\"Matilde Jorge brilha rumo \u00e0 final do Faro Ladies Open Desporto\" \/>\n<meta name=\"robots\" content=\"index, follow, max-snippet:-1, max-image-preview:large, max-video-preview:-1\" \/>\n<link rel=\"canonical\" href=\"https:\/\/algarve7.pt\/index.php\/2024\/10\/matilde-jorge-brilha-rumo-a-final-do-faro-ladies-open\/desporto\/19\/26\/\" \/>\n<meta property=\"og:locale\" content=\"pt_PT\" \/>\n<meta property=\"og:type\" content=\"article\" \/>\n<meta property=\"og:title\" content=\"Matilde Jorge brilha rumo \u00e0 final do Faro Ladies Open - Algarve 7\" \/>\n<meta property=\"og:description\" content=\"Matilde Jorge brilha rumo \u00e0 final do Faro Ladies Open Desporto\" \/>\n<meta property=\"og:url\" content=\"https:\/\/algarve7.pt\/index.php\/2024\/10\/matilde-jorge-brilha-rumo-a-final-do-faro-ladies-open\/desporto\/19\/26\/\" \/>\n<meta property=\"og:site_name\" content=\"Algarve 7\" \/>\n<meta property=\"article:publisher\" content=\"https:\/\/www.facebook.com\/algarve7\" \/>\n<meta property=\"article:author\" content=\"https:\/\/www.facebook.com\/algarve7\" \/>\n<meta property=\"article:published_time\" content=\"2024-10-19T18:26:38+00:00\" \/>\n<meta property=\"article:modified_time\" content=\"2024-10-19T18:26:40+00:00\" \/>\n<meta property=\"og:image\" content=\"https:\/\/algarve7.pt\/wp-content\/uploads\/2024\/10\/Matilde-Jorge-1-1.jpg\" \/>\n\t<meta property=\"og:image:width\" content=\"800\" \/>\n\t<meta property=\"og:image:height\" content=\"470\" \/>\n\t<meta property=\"og:image:type\" content=\"image\/jpeg\" \/>\n<meta name=\"author\" content=\"Algarve 7\" \/>\n<meta name=\"twitter:card\" content=\"summary_large_image\" \/>\n<meta name=\"twitter:creator\" content=\"@Algarvesete\" \/>\n<meta name=\"twitter:site\" content=\"@Algarvesete\" \/>\n<meta name=\"twitter:label1\" content=\"Escrito por\" \/>\n\t<meta name=\"twitter:data1\" content=\"Algarve 7\" \/>\n\t<meta name=\"twitter:label2\" content=\"Tempo estimado de leitura\" \/>\n\t<meta name=\"twitter:data2\" content=\"4 minutos\" \/>\n<script type=\"application\/ld+json\" class=\"yoast-schema-graph\">{\"@context\":\"https:\\\/\\\/schema.org\",\"@graph\":[{\"@type\":\"Article\",\"@id\":\"https:\\\/\\\/algarve7.pt\\\/index.php\\\/2024\\\/10\\\/matilde-jorge-brilha-rumo-a-final-do-faro-ladies-open\\\/desporto\\\/19\\\/26\\\/#article\",\"isPartOf\":{\"@id\":\"https:\\\/\\\/algarve7.pt\\\/index.php\\\/2024\\\/10\\\/matilde-jorge-brilha-rumo-a-final-do-faro-ladies-open\\\/desporto\\\/19\\\/26\\\/\"},\"author\":{\"name\":\"Algarve 7\",\"@id\":\"https:\\\/\\\/algarve7.pt\\\/#\\\/schema\\\/person\\\/23fa70681308e7b319a3204bcea45e0c\"},\"headline\":\"Matilde Jorge brilha rumo \u00e0 final do Faro Ladies Open\",\"datePublished\":\"2024-10-19T18:26:38+00:00\",\"dateModified\":\"2024-10-19T18:26:40+00:00\",\"mainEntityOfPage\":{\"@id\":\"https:\\\/\\\/algarve7.pt\\\/index.php\\\/2024\\\/10\\\/matilde-jorge-brilha-rumo-a-final-do-faro-ladies-open\\\/desporto\\\/19\\\/26\\\/\"},\"wordCount\":766,\"commentCount\":0,\"publisher\":{\"@id\":\"https:\\\/\\\/algarve7.pt\\\/#organization\"},\"image\":{\"@id\":\"https:\\\/\\\/algarve7.pt\\\/index.php\\\/2024\\\/10\\\/matilde-jorge-brilha-rumo-a-final-do-faro-ladies-open\\\/desporto\\\/19\\\/26\\\/#primaryimage\"},\"thumbnailUrl\":\"https:\\\/\\\/algarve7.pt\\\/wp-content\\\/uploads\\\/2024\\\/10\\\/Matilde-Jorge-1-1.jpg\",\"keywords\":[\"Algarve\",\"Desporto\",\"Faro\",\"Faro Ladies Open\"],\"articleSection\":[\"Desporto\"],\"inLanguage\":\"pt-PT\",\"potentialAction\":[{\"@type\":\"CommentAction\",\"name\":\"Comment\",\"target\":[\"https:\\\/\\\/algarve7.pt\\\/index.php\\\/2024\\\/10\\\/matilde-jorge-brilha-rumo-a-final-do-faro-ladies-open\\\/desporto\\\/19\\\/26\\\/#respond\"]}]},{\"@type\":\"WebPage\",\"@id\":\"https:\\\/\\\/algarve7.pt\\\/index.php\\\/2024\\\/10\\\/matilde-jorge-brilha-rumo-a-final-do-faro-ladies-open\\\/desporto\\\/19\\\/26\\\/\",\"url\":\"https:\\\/\\\/algarve7.pt\\\/index.php\\\/2024\\\/10\\\/matilde-jorge-brilha-rumo-a-final-do-faro-ladies-open\\\/desporto\\\/19\\\/26\\\/\",\"name\":\"Matilde Jorge brilha rumo \u00e0 final do Faro Ladies Open - Algarve 7\",\"isPartOf\":{\"@id\":\"https:\\\/\\\/algarve7.pt\\\/#website\"},\"primaryImageOfPage\":{\"@id\":\"https:\\\/\\\/algarve7.pt\\\/index.php\\\/2024\\\/10\\\/matilde-jorge-brilha-rumo-a-final-do-faro-ladies-open\\\/desporto\\\/19\\\/26\\\/#primaryimage\"},\"image\":{\"@id\":\"https:\\\/\\\/algarve7.pt\\\/index.php\\\/2024\\\/10\\\/matilde-jorge-brilha-rumo-a-final-do-faro-ladies-open\\\/desporto\\\/19\\\/26\\\/#primaryimage\"},\"thumbnailUrl\":\"https:\\\/\\\/algarve7.pt\\\/wp-content\\\/uploads\\\/2024\\\/10\\\/Matilde-Jorge-1-1.jpg\",\"datePublished\":\"2024-10-19T18:26:38+00:00\",\"dateModified\":\"2024-10-19T18:26:40+00:00\",\"description\":\"Matilde Jorge brilha rumo \u00e0 final do Faro Ladies Open Desporto\",\"breadcrumb\":{\"@id\":\"https:\\\/\\\/algarve7.pt\\\/index.php\\\/2024\\\/10\\\/matilde-jorge-brilha-rumo-a-final-do-faro-ladies-open\\\/desporto\\\/19\\\/26\\\/#breadcrumb\"},\"inLanguage\":\"pt-PT\",\"potentialAction\":[{\"@type\":\"ReadAction\",\"target\":[\"https:\\\/\\\/algarve7.pt\\\/index.php\\\/2024\\\/10\\\/matilde-jorge-brilha-rumo-a-final-do-faro-ladies-open\\\/desporto\\\/19\\\/26\\\/\"]}]},{\"@type\":\"ImageObject\",\"inLanguage\":\"pt-PT\",\"@id\":\"https:\\\/\\\/algarve7.pt\\\/index.php\\\/2024\\\/10\\\/matilde-jorge-brilha-rumo-a-final-do-faro-ladies-open\\\/desporto\\\/19\\\/26\\\/#primaryimage\",\"url\":\"https:\\\/\\\/algarve7.pt\\\/wp-content\\\/uploads\\\/2024\\\/10\\\/Matilde-Jorge-1-1.jpg\",\"contentUrl\":\"https:\\\/\\\/algarve7.pt\\\/wp-content\\\/uploads\\\/2024\\\/10\\\/Matilde-Jorge-1-1.jpg\",\"width\":800,\"height\":470},{\"@type\":\"BreadcrumbList\",\"@id\":\"https:\\\/\\\/algarve7.pt\\\/index.php\\\/2024\\\/10\\\/matilde-jorge-brilha-rumo-a-final-do-faro-ladies-open\\\/desporto\\\/19\\\/26\\\/#breadcrumb\",\"itemListElement\":[{\"@type\":\"ListItem\",\"position\":1,\"name\":\"In\u00edcio\",\"item\":\"https:\\\/\\\/algarve7.pt\\\/\"},{\"@type\":\"ListItem\",\"position\":2,\"name\":\"Matilde Jorge brilha rumo \u00e0 final do Faro Ladies Open\"}]},{\"@type\":\"WebSite\",\"@id\":\"https:\\\/\\\/algarve7.pt\\\/#website\",\"url\":\"https:\\\/\\\/algarve7.pt\\\/\",\"name\":\"Algarve 7\",\"description\":\"Informa\u00e7\u00e3o sobre o Algarve\",\"publisher\":{\"@id\":\"https:\\\/\\\/algarve7.pt\\\/#organization\"},\"potentialAction\":[{\"@type\":\"SearchAction\",\"target\":{\"@type\":\"EntryPoint\",\"urlTemplate\":\"https:\\\/\\\/algarve7.pt\\\/?s={search_term_string}\"},\"query-input\":{\"@type\":\"PropertyValueSpecification\",\"valueRequired\":true,\"valueName\":\"search_term_string\"}}],\"inLanguage\":\"pt-PT\"},{\"@type\":\"Organization\",\"@id\":\"https:\\\/\\\/algarve7.pt\\\/#organization\",\"name\":\"Algarve 7\",\"url\":\"https:\\\/\\\/algarve7.pt\\\/\",\"logo\":{\"@type\":\"ImageObject\",\"inLanguage\":\"pt-PT\",\"@id\":\"https:\\\/\\\/algarve7.pt\\\/#\\\/schema\\\/logo\\\/image\\\/\",\"url\":\"https:\\\/\\\/algarve7.pt\\\/wp-content\\\/uploads\\\/2020\\\/10\\\/Logo-8.jpg\",\"contentUrl\":\"https:\\\/\\\/algarve7.pt\\\/wp-content\\\/uploads\\\/2020\\\/10\\\/Logo-8.jpg\",\"width\":1680,\"height\":1186,\"caption\":\"Algarve 7\"},\"image\":{\"@id\":\"https:\\\/\\\/algarve7.pt\\\/#\\\/schema\\\/logo\\\/image\\\/\"},\"sameAs\":[\"https:\\\/\\\/www.facebook.com\\\/algarve7\",\"https:\\\/\\\/x.com\\\/Algarvesete\",\"https:\\\/\\\/www.instagram.com\\\/jornalalgarve7\\\/\",\"https:\\\/\\\/www.linkedin.com\\\/company\\\/algarve7\",\"https:\\\/\\\/www.pinterest.pt\\\/geral0939\\\/_created\\\/\"]},{\"@type\":\"Person\",\"@id\":\"https:\\\/\\\/algarve7.pt\\\/#\\\/schema\\\/person\\\/23fa70681308e7b319a3204bcea45e0c\",\"name\":\"Algarve 7\",\"sameAs\":[\"https:\\\/\\\/algarve7.pt\",\"https:\\\/\\\/www.facebook.com\\\/algarve7\"],\"url\":\"https:\\\/\\\/algarve7.pt\\\/index.php\\\/author\\\/geralalgarve7-pt\\\/\"}]}<\/script>\n<!-- \/ Yoast SEO plugin. -->","yoast_head_json":{"title":"Matilde Jorge brilha rumo \u00e0 final do Faro Ladies Open - Algarve 7","description":"Matilde Jorge brilha rumo \u00e0 final do Faro Ladies Open Desporto","robots":{"index":"index","follow":"follow","max-snippet":"max-snippet:-1","max-image-preview":"max-image-preview:large","max-video-preview":"max-video-preview:-1"},"canonical":"https:\/\/algarve7.pt\/index.php\/2024\/10\/matilde-jorge-brilha-rumo-a-final-do-faro-ladies-open\/desporto\/19\/26\/","og_locale":"pt_PT","og_type":"article","og_title":"Matilde Jorge brilha rumo \u00e0 final do Faro Ladies Open - Algarve 7","og_description":"Matilde Jorge brilha rumo \u00e0 final do Faro Ladies Open Desporto","og_url":"https:\/\/algarve7.pt\/index.php\/2024\/10\/matilde-jorge-brilha-rumo-a-final-do-faro-ladies-open\/desporto\/19\/26\/","og_site_name":"Algarve 7","article_publisher":"https:\/\/www.facebook.com\/algarve7","article_author":"https:\/\/www.facebook.com\/algarve7","article_published_time":"2024-10-19T18:26:38+00:00","article_modified_time":"2024-10-19T18:26:40+00:00","og_image":[{"width":800,"height":470,"url":"https:\/\/algarve7.pt\/wp-content\/uploads\/2024\/10\/Matilde-Jorge-1-1.jpg","type":"image\/jpeg"}],"author":"Algarve 7","twitter_card":"summary_large_image","twitter_creator":"@Algarvesete","twitter_site":"@Algarvesete","twitter_misc":{"Escrito por":"Algarve 7","Tempo estimado de leitura":"4 minutos"},"schema":{"@context":"https:\/\/schema.org","@graph":[{"@type":"Article","@id":"https:\/\/algarve7.pt\/index.php\/2024\/10\/matilde-jorge-brilha-rumo-a-final-do-faro-ladies-open\/desporto\/19\/26\/#article","isPartOf":{"@id":"https:\/\/algarve7.pt\/index.php\/2024\/10\/matilde-jorge-brilha-rumo-a-final-do-faro-ladies-open\/desporto\/19\/26\/"},"author":{"name":"Algarve 7","@id":"https:\/\/algarve7.pt\/#\/schema\/person\/23fa70681308e7b319a3204bcea45e0c"},"headline":"Matilde Jorge brilha rumo \u00e0 final do Faro Ladies Open","datePublished":"2024-10-19T18:26:38+00:00","dateModified":"2024-10-19T18:26:40+00:00","mainEntityOfPage":{"@id":"https:\/\/algarve7.pt\/index.php\/2024\/10\/matilde-jorge-brilha-rumo-a-final-do-faro-ladies-open\/desporto\/19\/26\/"},"wordCount":766,"commentCount":0,"publisher":{"@id":"https:\/\/algarve7.pt\/#organization"},"image":{"@id":"https:\/\/algarve7.pt\/index.php\/2024\/10\/matilde-jorge-brilha-rumo-a-final-do-faro-ladies-open\/desporto\/19\/26\/#primaryimage"},"thumbnailUrl":"https:\/\/algarve7.pt\/wp-content\/uploads\/2024\/10\/Matilde-Jorge-1-1.jpg","keywords":["Algarve","Desporto","Faro","Faro Ladies Open"],"articleSection":["Desporto"],"inLanguage":"pt-PT","potentialAction":[{"@type":"CommentAction","name":"Comment","target":["https:\/\/algarve7.pt\/index.php\/2024\/10\/matilde-jorge-brilha-rumo-a-final-do-faro-ladies-open\/desporto\/19\/26\/#respond"]}]},{"@type":"WebPage","@id":"https:\/\/algarve7.pt\/index.php\/2024\/10\/matilde-jorge-brilha-rumo-a-final-do-faro-ladies-open\/desporto\/19\/26\/","url":"https:\/\/algarve7.pt\/index.php\/2024\/10\/matilde-jorge-brilha-rumo-a-final-do-faro-ladies-open\/desporto\/19\/26\/","name":"Matilde Jorge brilha rumo \u00e0 final do Faro Ladies Open - Algarve 7","isPartOf":{"@id":"https:\/\/algarve7.pt\/#website"},"primaryImageOfPage":{"@id":"https:\/\/algarve7.pt\/index.php\/2024\/10\/matilde-jorge-brilha-rumo-a-final-do-faro-ladies-open\/desporto\/19\/26\/#primaryimage"},"image":{"@id":"https:\/\/algarve7.pt\/index.php\/2024\/10\/matilde-jorge-brilha-rumo-a-final-do-faro-ladies-open\/desporto\/19\/26\/#primaryimage"},"thumbnailUrl":"https:\/\/algarve7.pt\/wp-content\/uploads\/2024\/10\/Matilde-Jorge-1-1.jpg","datePublished":"2024-10-19T18:26:38+00:00","dateModified":"2024-10-19T18:26:40+00:00","description":"Matilde Jorge brilha rumo \u00e0 final do Faro Ladies Open Desporto","breadcrumb":{"@id":"https:\/\/algarve7.pt\/index.php\/2024\/10\/matilde-jorge-brilha-rumo-a-final-do-faro-ladies-open\/desporto\/19\/26\/#breadcrumb"},"inLanguage":"pt-PT","potentialAction":[{"@type":"ReadAction","target":["https:\/\/algarve7.pt\/index.php\/2024\/10\/matilde-jorge-brilha-rumo-a-final-do-faro-ladies-open\/desporto\/19\/26\/"]}]},{"@type":"ImageObject","inLanguage":"pt-PT","@id":"https:\/\/algarve7.pt\/index.php\/2024\/10\/matilde-jorge-brilha-rumo-a-final-do-faro-ladies-open\/desporto\/19\/26\/#primaryimage","url":"https:\/\/algarve7.pt\/wp-content\/uploads\/2024\/10\/Matilde-Jorge-1-1.jpg","contentUrl":"https:\/\/algarve7.pt\/wp-content\/uploads\/2024\/10\/Matilde-Jorge-1-1.jpg","width":800,"height":470},{"@type":"BreadcrumbList","@id":"https:\/\/algarve7.pt\/index.php\/2024\/10\/matilde-jorge-brilha-rumo-a-final-do-faro-ladies-open\/desporto\/19\/26\/#breadcrumb","itemListElement":[{"@type":"ListItem","position":1,"name":"In\u00edcio","item":"https:\/\/algarve7.pt\/"},{"@type":"ListItem","position":2,"name":"Matilde Jorge brilha rumo \u00e0 final do Faro Ladies Open"}]},{"@type":"WebSite","@id":"https:\/\/algarve7.pt\/#website","url":"https:\/\/algarve7.pt\/","name":"Algarve 7","description":"Informa\u00e7\u00e3o sobre o Algarve","publisher":{"@id":"https:\/\/algarve7.pt\/#organization"},"potentialAction":[{"@type":"SearchAction","target":{"@type":"EntryPoint","urlTemplate":"https:\/\/algarve7.pt\/?s={search_term_string}"},"query-input":{"@type":"PropertyValueSpecification","valueRequired":true,"valueName":"search_term_string"}}],"inLanguage":"pt-PT"},{"@type":"Organization","@id":"https:\/\/algarve7.pt\/#organization","name":"Algarve 7","url":"https:\/\/algarve7.pt\/","logo":{"@type":"ImageObject","inLanguage":"pt-PT","@id":"https:\/\/algarve7.pt\/#\/schema\/logo\/image\/","url":"https:\/\/algarve7.pt\/wp-content\/uploads\/2020\/10\/Logo-8.jpg","contentUrl":"https:\/\/algarve7.pt\/wp-content\/uploads\/2020\/10\/Logo-8.jpg","width":1680,"height":1186,"caption":"Algarve 7"},"image":{"@id":"https:\/\/algarve7.pt\/#\/schema\/logo\/image\/"},"sameAs":["https:\/\/www.facebook.com\/algarve7","https:\/\/x.com\/Algarvesete","https:\/\/www.instagram.com\/jornalalgarve7\/","https:\/\/www.linkedin.com\/company\/algarve7","https:\/\/www.pinterest.pt\/geral0939\/_created\/"]},{"@type":"Person","@id":"https:\/\/algarve7.pt\/#\/schema\/person\/23fa70681308e7b319a3204bcea45e0c","name":"Algarve 7","sameAs":["https:\/\/algarve7.pt","https:\/\/www.facebook.com\/algarve7"],"url":"https:\/\/algarve7.pt\/index.php\/author\/geralalgarve7-pt\/"}]}},"jetpack_publicize_connections":[],"jetpack_featured_media_url":"https:\/\/algarve7.pt\/wp-content\/uploads\/2024\/10\/Matilde-Jorge-1-1.jpg","jetpack_shortlink":"https:\/\/wp.me\/pcezmW-bjz","jetpack_sharing_enabled":true,"_links":{"self":[{"href":"https:\/\/algarve7.pt\/index.php\/wp-json\/wp\/v2\/posts\/43497","targetHints":{"allow":["GET"]}}],"collection":[{"href":"https:\/\/algarve7.pt\/index.php\/wp-json\/wp\/v2\/posts"}],"about":[{"href":"https:\/\/algarve7.pt\/index.php\/wp-json\/wp\/v2\/types\/post"}],"author":[{"embeddable":true,"href":"https:\/\/algarve7.pt\/index.php\/wp-json\/wp\/v2\/users\/1"}],"replies":[{"embeddable":true,"href":"https:\/\/algarve7.pt\/index.php\/wp-json\/wp\/v2\/comments?post=43497"}],"version-history":[{"count":0,"href":"https:\/\/algarve7.pt\/index.php\/wp-json\/wp\/v2\/posts\/43497\/revisions"}],"wp:featuredmedia":[{"embeddable":true,"href":"https:\/\/algarve7.pt\/index.php\/wp-json\/wp\/v2\/media\/43498"}],"wp:attachment":[{"href":"https:\/\/algarve7.pt\/index.php\/wp-json\/wp\/v2\/media?parent=43497"}],"wp:term":[{"taxonomy":"category","embeddable":true,"href":"https:\/\/algarve7.pt\/index.php\/wp-json\/wp\/v2\/categories?post=43497"},{"taxonomy":"post_tag","embeddable":true,"href":"https:\/\/algarve7.pt\/index.php\/wp-json\/wp\/v2\/tags?post=43497"}],"curies":[{"name":"wp","href":"https:\/\/api.w.org\/{rel}","templated":true}]}}