{"id":43330,"date":"2024-10-15T17:06:52","date_gmt":"2024-10-15T16:06:52","guid":{"rendered":"https:\/\/algarve7.pt\/?p=43330"},"modified":"2024-10-15T17:06:53","modified_gmt":"2024-10-15T16:06:53","slug":"projeto-vilas-em-movimento-alia-gnr-e-comunidade-escolar-na-protecao-e-bem-estar-dos-idosos","status":"publish","type":"post","link":"https:\/\/algarve7.pt\/index.php\/2024\/10\/projeto-vilas-em-movimento-alia-gnr-e-comunidade-escolar-na-protecao-e-bem-estar-dos-idosos\/atualidade\/17\/06\/","title":{"rendered":"Projeto \u201cVilas em movimento\u201d alia GNR e comunidade escolar na prote\u00e7\u00e3o e bem-estar dos idosos"},"content":{"rendered":"\n<p>A Odiana \u2013 Associa\u00e7\u00e3o para o Desenvolvimento do Baixo Guadiana, em parceria com a Guarda Nacional Republicana (GNR), continua a promover a\u00e7\u00f5es de proximidade no \u00e2mbito do projeto \u00abVilas em Movimento\u00bb, com o objetivo de aumentar a seguran\u00e7a e bem-estar da popula\u00e7\u00e3o idosa do concelho de Alcoutim. Atrav\u00e9s de uma abordagem inovadora, estas iniciativas t\u00eam vindo a consciencializar os idosos sobre temas como a preven\u00e7\u00e3o de burlas, furtos e viol\u00eancia, ao mesmo tempo que envolvem a comunidade escolar numa din\u00e2mica intergeracional.\u00a0<br><br>Uma dessas a\u00e7\u00f5es realizou-se no dia 9 de outubro, na Escola B\u00e1sica Integrada de Alcoutim, e contou com a participa\u00e7\u00e3o de alunos do 1.\u00ba ciclo, bem como dos idosos do Lar e Centro de Dia de Alcoutim e outros membros da comunidade. O formato escolhido promoveu a intera\u00e7\u00e3o entre gera\u00e7\u00f5es, permitindo a troca de experi\u00eancias e conhecimentos sobre o tema \u00abMaus tratos \u00e0 pessoa idosa\u00bb. Os alunos, vestidos com mini-fardas da GNR, desempenharam um papel ativo na dinamiza\u00e7\u00e3o da sess\u00e3o, que reuniu cerca de 55 participantes. Este encontro gerou um ambiente de conv\u00edvio e sensibiliza\u00e7\u00e3o, onde o respeito e a aprendizagem m\u00fatua foram evidentes, sublinhando a import\u00e2ncia de proteger e cuidar dos mais vulner\u00e1veis.\u00a0<br><br>Os temas abordados nas a\u00e7\u00f5es de proximidade incluem tamb\u00e9m a preven\u00e7\u00e3o de crimes contra os idosos. Quest\u00f5es como burlas, furtos e o \u00abConto do Vig\u00e1rio\u00bb foram discutidos, com a GNR a fornecer conselhos pr\u00e1ticos sobre seguran\u00e7a na rua e em casa. Outro destaque foi a viol\u00eancia contra os idosos, com especial enfoque nas v\u00e1rias formas de abuso, a import\u00e2ncia de denunciar e as linhas de apoio dispon\u00edveis. As sess\u00f5es inclu\u00edram v\u00eddeos informativos e momentos de intera\u00e7\u00e3o, permitindo aos idosos esclarecer d\u00favidas diretamente com os agentes da GNR.\u00a0<br><br>Com estas iniciativas, a Odiana e a Guarda Nacional Republicana (GNR) n\u00e3o s\u00f3 capacitam os idosos para se protegerem, como tamb\u00e9m promovem um sentimento de comunidade mais forte e coeso, onde a seguran\u00e7a e o apoio intergeracional s\u00e3o fundamentais. Ao envolver os mais novos, estas a\u00e7\u00f5es inspiram um maior envolvimento c\u00edvico, sensibilizando desde cedo para a import\u00e2ncia da prote\u00e7\u00e3o dos mais velhos e do fortalecimento dos la\u00e7os sociais.<\/p>\n","protected":false},"excerpt":{"rendered":"<p>A Odiana \u2013 Associa\u00e7\u00e3o para o Desenvolvimento do Baixo Guadiana, em parceria com a Guarda Nacional Republicana (GNR), continua a<\/p>\n","protected":false},"author":1,"featured_media":43331,"comment_status":"open","ping_status":"open","sticky":false,"template":"","format":"standard","meta":{"colormag_page_container_layout":"default_layout","colormag_page_sidebar_layout":"default_layout","_monsterinsights_skip_tracking":false,"_monsterinsights_sitenote_active":false,"_monsterinsights_sitenote_note":"","_monsterinsights_sitenote_category":0,"jetpack_post_was_ever_published":false,"_jetpack_newsletter_access":"","_jetpack_dont_email_post_to_subs":false,"_jetpack_newsletter_tier_id":0,"_jetpack_memberships_contains_paywalled_content":false,"_jetpack_memberships_contains_paid_content":false,"footnotes":"","jetpack_publicize_message":"","jetpack_publicize_feature_enabled":true,"jetpack_social_post_already_shared":false,"jetpack_social_options":{"image_generator_settings":{"template":"highway","default_image_id":0,"font":"","enabled":false},"version":2}},"categories":[11],"tags":[79,36,62,140,595],"class_list":["post-43330","post","type-post","status-publish","format-standard","has-post-thumbnail","hentry","category-atualidade","tag-alcoutim","tag-algarve","tag-atualidade","tag-gnr","tag-odiana"],"yoast_head":"<!-- This site is optimized with the Yoast SEO plugin v27.4 - https:\/\/yoast.com\/product\/yoast-seo-wordpress\/ -->\n<title>Projeto \u201cVilas em movimento\u201d alia GNR e comunidade escolar na prote\u00e7\u00e3o e bem-estar dos idosos - Algarve 7<\/title>\n<meta name=\"description\" content=\"Projeto \u201cVilas em movimento\u201d alia GNR e comunidade escolar na prote\u00e7\u00e3o e bem-estar dos idosos Atualidade\" \/>\n<meta name=\"robots\" content=\"index, follow, max-snippet:-1, max-image-preview:large, max-video-preview:-1\" \/>\n<link rel=\"canonical\" href=\"https:\/\/algarve7.pt\/index.php\/2024\/10\/projeto-vilas-em-movimento-alia-gnr-e-comunidade-escolar-na-protecao-e-bem-estar-dos-idosos\/atualidade\/17\/06\/\" \/>\n<meta property=\"og:locale\" content=\"pt_PT\" \/>\n<meta property=\"og:type\" content=\"article\" \/>\n<meta property=\"og:title\" content=\"Projeto \u201cVilas em movimento\u201d alia GNR e comunidade escolar na prote\u00e7\u00e3o e bem-estar dos idosos - Algarve 7\" \/>\n<meta property=\"og:description\" content=\"Projeto \u201cVilas em movimento\u201d alia GNR e comunidade escolar na prote\u00e7\u00e3o e bem-estar dos idosos Atualidade\" \/>\n<meta property=\"og:url\" content=\"https:\/\/algarve7.pt\/index.php\/2024\/10\/projeto-vilas-em-movimento-alia-gnr-e-comunidade-escolar-na-protecao-e-bem-estar-dos-idosos\/atualidade\/17\/06\/\" \/>\n<meta property=\"og:site_name\" content=\"Algarve 7\" \/>\n<meta property=\"article:publisher\" content=\"https:\/\/www.facebook.com\/algarve7\" \/>\n<meta property=\"article:author\" content=\"https:\/\/www.facebook.com\/algarve7\" \/>\n<meta property=\"article:published_time\" content=\"2024-10-15T16:06:52+00:00\" \/>\n<meta property=\"article:modified_time\" content=\"2024-10-15T16:06:53+00:00\" \/>\n<meta property=\"og:image\" content=\"https:\/\/algarve7.pt\/wp-content\/uploads\/2024\/10\/3-768x576-1.jpeg\" \/>\n\t<meta property=\"og:image:width\" content=\"800\" \/>\n\t<meta property=\"og:image:height\" content=\"470\" \/>\n\t<meta property=\"og:image:type\" content=\"image\/jpeg\" \/>\n<meta name=\"author\" content=\"Algarve 7\" \/>\n<meta name=\"twitter:card\" content=\"summary_large_image\" \/>\n<meta name=\"twitter:creator\" content=\"@Algarvesete\" \/>\n<meta name=\"twitter:site\" content=\"@Algarvesete\" \/>\n<meta name=\"twitter:label1\" content=\"Escrito por\" \/>\n\t<meta name=\"twitter:data1\" content=\"Algarve 7\" \/>\n\t<meta name=\"twitter:label2\" content=\"Tempo estimado de leitura\" \/>\n\t<meta name=\"twitter:data2\" content=\"3 minutos\" \/>\n<script type=\"application\/ld+json\" class=\"yoast-schema-graph\">{\"@context\":\"https:\\\/\\\/schema.org\",\"@graph\":[{\"@type\":\"Article\",\"@id\":\"https:\\\/\\\/algarve7.pt\\\/index.php\\\/2024\\\/10\\\/projeto-vilas-em-movimento-alia-gnr-e-comunidade-escolar-na-protecao-e-bem-estar-dos-idosos\\\/atualidade\\\/17\\\/06\\\/#article\",\"isPartOf\":{\"@id\":\"https:\\\/\\\/algarve7.pt\\\/index.php\\\/2024\\\/10\\\/projeto-vilas-em-movimento-alia-gnr-e-comunidade-escolar-na-protecao-e-bem-estar-dos-idosos\\\/atualidade\\\/17\\\/06\\\/\"},\"author\":{\"name\":\"Algarve 7\",\"@id\":\"https:\\\/\\\/algarve7.pt\\\/#\\\/schema\\\/person\\\/23fa70681308e7b319a3204bcea45e0c\"},\"headline\":\"Projeto \u201cVilas em movimento\u201d alia GNR e comunidade escolar na prote\u00e7\u00e3o e bem-estar dos idosos\",\"datePublished\":\"2024-10-15T16:06:52+00:00\",\"dateModified\":\"2024-10-15T16:06:53+00:00\",\"mainEntityOfPage\":{\"@id\":\"https:\\\/\\\/algarve7.pt\\\/index.php\\\/2024\\\/10\\\/projeto-vilas-em-movimento-alia-gnr-e-comunidade-escolar-na-protecao-e-bem-estar-dos-idosos\\\/atualidade\\\/17\\\/06\\\/\"},\"wordCount\":408,\"commentCount\":0,\"publisher\":{\"@id\":\"https:\\\/\\\/algarve7.pt\\\/#organization\"},\"image\":{\"@id\":\"https:\\\/\\\/algarve7.pt\\\/index.php\\\/2024\\\/10\\\/projeto-vilas-em-movimento-alia-gnr-e-comunidade-escolar-na-protecao-e-bem-estar-dos-idosos\\\/atualidade\\\/17\\\/06\\\/#primaryimage\"},\"thumbnailUrl\":\"https:\\\/\\\/algarve7.pt\\\/wp-content\\\/uploads\\\/2024\\\/10\\\/3-768x576-1.jpeg\",\"keywords\":[\"Alcoutim\",\"Algarve\",\"Atualidade\",\"GNR\",\"Odiana\"],\"articleSection\":[\"Atualidade\"],\"inLanguage\":\"pt-PT\",\"potentialAction\":[{\"@type\":\"CommentAction\",\"name\":\"Comment\",\"target\":[\"https:\\\/\\\/algarve7.pt\\\/index.php\\\/2024\\\/10\\\/projeto-vilas-em-movimento-alia-gnr-e-comunidade-escolar-na-protecao-e-bem-estar-dos-idosos\\\/atualidade\\\/17\\\/06\\\/#respond\"]}]},{\"@type\":\"WebPage\",\"@id\":\"https:\\\/\\\/algarve7.pt\\\/index.php\\\/2024\\\/10\\\/projeto-vilas-em-movimento-alia-gnr-e-comunidade-escolar-na-protecao-e-bem-estar-dos-idosos\\\/atualidade\\\/17\\\/06\\\/\",\"url\":\"https:\\\/\\\/algarve7.pt\\\/index.php\\\/2024\\\/10\\\/projeto-vilas-em-movimento-alia-gnr-e-comunidade-escolar-na-protecao-e-bem-estar-dos-idosos\\\/atualidade\\\/17\\\/06\\\/\",\"name\":\"Projeto \u201cVilas em movimento\u201d alia GNR e comunidade escolar na prote\u00e7\u00e3o e bem-estar dos idosos - Algarve 7\",\"isPartOf\":{\"@id\":\"https:\\\/\\\/algarve7.pt\\\/#website\"},\"primaryImageOfPage\":{\"@id\":\"https:\\\/\\\/algarve7.pt\\\/index.php\\\/2024\\\/10\\\/projeto-vilas-em-movimento-alia-gnr-e-comunidade-escolar-na-protecao-e-bem-estar-dos-idosos\\\/atualidade\\\/17\\\/06\\\/#primaryimage\"},\"image\":{\"@id\":\"https:\\\/\\\/algarve7.pt\\\/index.php\\\/2024\\\/10\\\/projeto-vilas-em-movimento-alia-gnr-e-comunidade-escolar-na-protecao-e-bem-estar-dos-idosos\\\/atualidade\\\/17\\\/06\\\/#primaryimage\"},\"thumbnailUrl\":\"https:\\\/\\\/algarve7.pt\\\/wp-content\\\/uploads\\\/2024\\\/10\\\/3-768x576-1.jpeg\",\"datePublished\":\"2024-10-15T16:06:52+00:00\",\"dateModified\":\"2024-10-15T16:06:53+00:00\",\"description\":\"Projeto \u201cVilas em movimento\u201d alia GNR e comunidade escolar na prote\u00e7\u00e3o e bem-estar dos idosos Atualidade\",\"breadcrumb\":{\"@id\":\"https:\\\/\\\/algarve7.pt\\\/index.php\\\/2024\\\/10\\\/projeto-vilas-em-movimento-alia-gnr-e-comunidade-escolar-na-protecao-e-bem-estar-dos-idosos\\\/atualidade\\\/17\\\/06\\\/#breadcrumb\"},\"inLanguage\":\"pt-PT\",\"potentialAction\":[{\"@type\":\"ReadAction\",\"target\":[\"https:\\\/\\\/algarve7.pt\\\/index.php\\\/2024\\\/10\\\/projeto-vilas-em-movimento-alia-gnr-e-comunidade-escolar-na-protecao-e-bem-estar-dos-idosos\\\/atualidade\\\/17\\\/06\\\/\"]}]},{\"@type\":\"ImageObject\",\"inLanguage\":\"pt-PT\",\"@id\":\"https:\\\/\\\/algarve7.pt\\\/index.php\\\/2024\\\/10\\\/projeto-vilas-em-movimento-alia-gnr-e-comunidade-escolar-na-protecao-e-bem-estar-dos-idosos\\\/atualidade\\\/17\\\/06\\\/#primaryimage\",\"url\":\"https:\\\/\\\/algarve7.pt\\\/wp-content\\\/uploads\\\/2024\\\/10\\\/3-768x576-1.jpeg\",\"contentUrl\":\"https:\\\/\\\/algarve7.pt\\\/wp-content\\\/uploads\\\/2024\\\/10\\\/3-768x576-1.jpeg\",\"width\":800,\"height\":470},{\"@type\":\"BreadcrumbList\",\"@id\":\"https:\\\/\\\/algarve7.pt\\\/index.php\\\/2024\\\/10\\\/projeto-vilas-em-movimento-alia-gnr-e-comunidade-escolar-na-protecao-e-bem-estar-dos-idosos\\\/atualidade\\\/17\\\/06\\\/#breadcrumb\",\"itemListElement\":[{\"@type\":\"ListItem\",\"position\":1,\"name\":\"In\u00edcio\",\"item\":\"https:\\\/\\\/algarve7.pt\\\/\"},{\"@type\":\"ListItem\",\"position\":2,\"name\":\"Projeto \u201cVilas em movimento\u201d alia GNR e comunidade escolar na prote\u00e7\u00e3o e bem-estar dos idosos\"}]},{\"@type\":\"WebSite\",\"@id\":\"https:\\\/\\\/algarve7.pt\\\/#website\",\"url\":\"https:\\\/\\\/algarve7.pt\\\/\",\"name\":\"Algarve 7\",\"description\":\"Informa\u00e7\u00e3o sobre o Algarve\",\"publisher\":{\"@id\":\"https:\\\/\\\/algarve7.pt\\\/#organization\"},\"potentialAction\":[{\"@type\":\"SearchAction\",\"target\":{\"@type\":\"EntryPoint\",\"urlTemplate\":\"https:\\\/\\\/algarve7.pt\\\/?s={search_term_string}\"},\"query-input\":{\"@type\":\"PropertyValueSpecification\",\"valueRequired\":true,\"valueName\":\"search_term_string\"}}],\"inLanguage\":\"pt-PT\"},{\"@type\":\"Organization\",\"@id\":\"https:\\\/\\\/algarve7.pt\\\/#organization\",\"name\":\"Algarve 7\",\"url\":\"https:\\\/\\\/algarve7.pt\\\/\",\"logo\":{\"@type\":\"ImageObject\",\"inLanguage\":\"pt-PT\",\"@id\":\"https:\\\/\\\/algarve7.pt\\\/#\\\/schema\\\/logo\\\/image\\\/\",\"url\":\"https:\\\/\\\/algarve7.pt\\\/wp-content\\\/uploads\\\/2020\\\/10\\\/Logo-8.jpg\",\"contentUrl\":\"https:\\\/\\\/algarve7.pt\\\/wp-content\\\/uploads\\\/2020\\\/10\\\/Logo-8.jpg\",\"width\":1680,\"height\":1186,\"caption\":\"Algarve 7\"},\"image\":{\"@id\":\"https:\\\/\\\/algarve7.pt\\\/#\\\/schema\\\/logo\\\/image\\\/\"},\"sameAs\":[\"https:\\\/\\\/www.facebook.com\\\/algarve7\",\"https:\\\/\\\/x.com\\\/Algarvesete\",\"https:\\\/\\\/www.instagram.com\\\/jornalalgarve7\\\/\",\"https:\\\/\\\/www.linkedin.com\\\/company\\\/algarve7\",\"https:\\\/\\\/www.pinterest.pt\\\/geral0939\\\/_created\\\/\"]},{\"@type\":\"Person\",\"@id\":\"https:\\\/\\\/algarve7.pt\\\/#\\\/schema\\\/person\\\/23fa70681308e7b319a3204bcea45e0c\",\"name\":\"Algarve 7\",\"sameAs\":[\"https:\\\/\\\/algarve7.pt\",\"https:\\\/\\\/www.facebook.com\\\/algarve7\"],\"url\":\"https:\\\/\\\/algarve7.pt\\\/index.php\\\/author\\\/geralalgarve7-pt\\\/\"}]}<\/script>\n<!-- \/ Yoast SEO plugin. -->","yoast_head_json":{"title":"Projeto \u201cVilas em movimento\u201d alia GNR e comunidade escolar na prote\u00e7\u00e3o e bem-estar dos idosos - Algarve 7","description":"Projeto \u201cVilas em movimento\u201d alia GNR e comunidade escolar na prote\u00e7\u00e3o e bem-estar dos idosos Atualidade","robots":{"index":"index","follow":"follow","max-snippet":"max-snippet:-1","max-image-preview":"max-image-preview:large","max-video-preview":"max-video-preview:-1"},"canonical":"https:\/\/algarve7.pt\/index.php\/2024\/10\/projeto-vilas-em-movimento-alia-gnr-e-comunidade-escolar-na-protecao-e-bem-estar-dos-idosos\/atualidade\/17\/06\/","og_locale":"pt_PT","og_type":"article","og_title":"Projeto \u201cVilas em movimento\u201d alia GNR e comunidade escolar na prote\u00e7\u00e3o e bem-estar dos idosos - Algarve 7","og_description":"Projeto \u201cVilas em movimento\u201d alia GNR e comunidade escolar na prote\u00e7\u00e3o e bem-estar dos idosos Atualidade","og_url":"https:\/\/algarve7.pt\/index.php\/2024\/10\/projeto-vilas-em-movimento-alia-gnr-e-comunidade-escolar-na-protecao-e-bem-estar-dos-idosos\/atualidade\/17\/06\/","og_site_name":"Algarve 7","article_publisher":"https:\/\/www.facebook.com\/algarve7","article_author":"https:\/\/www.facebook.com\/algarve7","article_published_time":"2024-10-15T16:06:52+00:00","article_modified_time":"2024-10-15T16:06:53+00:00","og_image":[{"width":800,"height":470,"url":"https:\/\/algarve7.pt\/wp-content\/uploads\/2024\/10\/3-768x576-1.jpeg","type":"image\/jpeg"}],"author":"Algarve 7","twitter_card":"summary_large_image","twitter_creator":"@Algarvesete","twitter_site":"@Algarvesete","twitter_misc":{"Escrito por":"Algarve 7","Tempo estimado de leitura":"3 minutos"},"schema":{"@context":"https:\/\/schema.org","@graph":[{"@type":"Article","@id":"https:\/\/algarve7.pt\/index.php\/2024\/10\/projeto-vilas-em-movimento-alia-gnr-e-comunidade-escolar-na-protecao-e-bem-estar-dos-idosos\/atualidade\/17\/06\/#article","isPartOf":{"@id":"https:\/\/algarve7.pt\/index.php\/2024\/10\/projeto-vilas-em-movimento-alia-gnr-e-comunidade-escolar-na-protecao-e-bem-estar-dos-idosos\/atualidade\/17\/06\/"},"author":{"name":"Algarve 7","@id":"https:\/\/algarve7.pt\/#\/schema\/person\/23fa70681308e7b319a3204bcea45e0c"},"headline":"Projeto \u201cVilas em movimento\u201d alia GNR e comunidade escolar na prote\u00e7\u00e3o e bem-estar dos idosos","datePublished":"2024-10-15T16:06:52+00:00","dateModified":"2024-10-15T16:06:53+00:00","mainEntityOfPage":{"@id":"https:\/\/algarve7.pt\/index.php\/2024\/10\/projeto-vilas-em-movimento-alia-gnr-e-comunidade-escolar-na-protecao-e-bem-estar-dos-idosos\/atualidade\/17\/06\/"},"wordCount":408,"commentCount":0,"publisher":{"@id":"https:\/\/algarve7.pt\/#organization"},"image":{"@id":"https:\/\/algarve7.pt\/index.php\/2024\/10\/projeto-vilas-em-movimento-alia-gnr-e-comunidade-escolar-na-protecao-e-bem-estar-dos-idosos\/atualidade\/17\/06\/#primaryimage"},"thumbnailUrl":"https:\/\/algarve7.pt\/wp-content\/uploads\/2024\/10\/3-768x576-1.jpeg","keywords":["Alcoutim","Algarve","Atualidade","GNR","Odiana"],"articleSection":["Atualidade"],"inLanguage":"pt-PT","potentialAction":[{"@type":"CommentAction","name":"Comment","target":["https:\/\/algarve7.pt\/index.php\/2024\/10\/projeto-vilas-em-movimento-alia-gnr-e-comunidade-escolar-na-protecao-e-bem-estar-dos-idosos\/atualidade\/17\/06\/#respond"]}]},{"@type":"WebPage","@id":"https:\/\/algarve7.pt\/index.php\/2024\/10\/projeto-vilas-em-movimento-alia-gnr-e-comunidade-escolar-na-protecao-e-bem-estar-dos-idosos\/atualidade\/17\/06\/","url":"https:\/\/algarve7.pt\/index.php\/2024\/10\/projeto-vilas-em-movimento-alia-gnr-e-comunidade-escolar-na-protecao-e-bem-estar-dos-idosos\/atualidade\/17\/06\/","name":"Projeto \u201cVilas em movimento\u201d alia GNR e comunidade escolar na prote\u00e7\u00e3o e bem-estar dos idosos - Algarve 7","isPartOf":{"@id":"https:\/\/algarve7.pt\/#website"},"primaryImageOfPage":{"@id":"https:\/\/algarve7.pt\/index.php\/2024\/10\/projeto-vilas-em-movimento-alia-gnr-e-comunidade-escolar-na-protecao-e-bem-estar-dos-idosos\/atualidade\/17\/06\/#primaryimage"},"image":{"@id":"https:\/\/algarve7.pt\/index.php\/2024\/10\/projeto-vilas-em-movimento-alia-gnr-e-comunidade-escolar-na-protecao-e-bem-estar-dos-idosos\/atualidade\/17\/06\/#primaryimage"},"thumbnailUrl":"https:\/\/algarve7.pt\/wp-content\/uploads\/2024\/10\/3-768x576-1.jpeg","datePublished":"2024-10-15T16:06:52+00:00","dateModified":"2024-10-15T16:06:53+00:00","description":"Projeto \u201cVilas em movimento\u201d alia GNR e comunidade escolar na prote\u00e7\u00e3o e bem-estar dos idosos Atualidade","breadcrumb":{"@id":"https:\/\/algarve7.pt\/index.php\/2024\/10\/projeto-vilas-em-movimento-alia-gnr-e-comunidade-escolar-na-protecao-e-bem-estar-dos-idosos\/atualidade\/17\/06\/#breadcrumb"},"inLanguage":"pt-PT","potentialAction":[{"@type":"ReadAction","target":["https:\/\/algarve7.pt\/index.php\/2024\/10\/projeto-vilas-em-movimento-alia-gnr-e-comunidade-escolar-na-protecao-e-bem-estar-dos-idosos\/atualidade\/17\/06\/"]}]},{"@type":"ImageObject","inLanguage":"pt-PT","@id":"https:\/\/algarve7.pt\/index.php\/2024\/10\/projeto-vilas-em-movimento-alia-gnr-e-comunidade-escolar-na-protecao-e-bem-estar-dos-idosos\/atualidade\/17\/06\/#primaryimage","url":"https:\/\/algarve7.pt\/wp-content\/uploads\/2024\/10\/3-768x576-1.jpeg","contentUrl":"https:\/\/algarve7.pt\/wp-content\/uploads\/2024\/10\/3-768x576-1.jpeg","width":800,"height":470},{"@type":"BreadcrumbList","@id":"https:\/\/algarve7.pt\/index.php\/2024\/10\/projeto-vilas-em-movimento-alia-gnr-e-comunidade-escolar-na-protecao-e-bem-estar-dos-idosos\/atualidade\/17\/06\/#breadcrumb","itemListElement":[{"@type":"ListItem","position":1,"name":"In\u00edcio","item":"https:\/\/algarve7.pt\/"},{"@type":"ListItem","position":2,"name":"Projeto \u201cVilas em movimento\u201d alia GNR e comunidade escolar na prote\u00e7\u00e3o e bem-estar dos idosos"}]},{"@type":"WebSite","@id":"https:\/\/algarve7.pt\/#website","url":"https:\/\/algarve7.pt\/","name":"Algarve 7","description":"Informa\u00e7\u00e3o sobre o Algarve","publisher":{"@id":"https:\/\/algarve7.pt\/#organization"},"potentialAction":[{"@type":"SearchAction","target":{"@type":"EntryPoint","urlTemplate":"https:\/\/algarve7.pt\/?s={search_term_string}"},"query-input":{"@type":"PropertyValueSpecification","valueRequired":true,"valueName":"search_term_string"}}],"inLanguage":"pt-PT"},{"@type":"Organization","@id":"https:\/\/algarve7.pt\/#organization","name":"Algarve 7","url":"https:\/\/algarve7.pt\/","logo":{"@type":"ImageObject","inLanguage":"pt-PT","@id":"https:\/\/algarve7.pt\/#\/schema\/logo\/image\/","url":"https:\/\/algarve7.pt\/wp-content\/uploads\/2020\/10\/Logo-8.jpg","contentUrl":"https:\/\/algarve7.pt\/wp-content\/uploads\/2020\/10\/Logo-8.jpg","width":1680,"height":1186,"caption":"Algarve 7"},"image":{"@id":"https:\/\/algarve7.pt\/#\/schema\/logo\/image\/"},"sameAs":["https:\/\/www.facebook.com\/algarve7","https:\/\/x.com\/Algarvesete","https:\/\/www.instagram.com\/jornalalgarve7\/","https:\/\/www.linkedin.com\/company\/algarve7","https:\/\/www.pinterest.pt\/geral0939\/_created\/"]},{"@type":"Person","@id":"https:\/\/algarve7.pt\/#\/schema\/person\/23fa70681308e7b319a3204bcea45e0c","name":"Algarve 7","sameAs":["https:\/\/algarve7.pt","https:\/\/www.facebook.com\/algarve7"],"url":"https:\/\/algarve7.pt\/index.php\/author\/geralalgarve7-pt\/"}]}},"jetpack_publicize_connections":[],"jetpack_featured_media_url":"https:\/\/algarve7.pt\/wp-content\/uploads\/2024\/10\/3-768x576-1.jpeg","jetpack_shortlink":"https:\/\/wp.me\/pcezmW-bgS","jetpack_sharing_enabled":true,"_links":{"self":[{"href":"https:\/\/algarve7.pt\/index.php\/wp-json\/wp\/v2\/posts\/43330","targetHints":{"allow":["GET"]}}],"collection":[{"href":"https:\/\/algarve7.pt\/index.php\/wp-json\/wp\/v2\/posts"}],"about":[{"href":"https:\/\/algarve7.pt\/index.php\/wp-json\/wp\/v2\/types\/post"}],"author":[{"embeddable":true,"href":"https:\/\/algarve7.pt\/index.php\/wp-json\/wp\/v2\/users\/1"}],"replies":[{"embeddable":true,"href":"https:\/\/algarve7.pt\/index.php\/wp-json\/wp\/v2\/comments?post=43330"}],"version-history":[{"count":0,"href":"https:\/\/algarve7.pt\/index.php\/wp-json\/wp\/v2\/posts\/43330\/revisions"}],"wp:featuredmedia":[{"embeddable":true,"href":"https:\/\/algarve7.pt\/index.php\/wp-json\/wp\/v2\/media\/43331"}],"wp:attachment":[{"href":"https:\/\/algarve7.pt\/index.php\/wp-json\/wp\/v2\/media?parent=43330"}],"wp:term":[{"taxonomy":"category","embeddable":true,"href":"https:\/\/algarve7.pt\/index.php\/wp-json\/wp\/v2\/categories?post=43330"},{"taxonomy":"post_tag","embeddable":true,"href":"https:\/\/algarve7.pt\/index.php\/wp-json\/wp\/v2\/tags?post=43330"}],"curies":[{"name":"wp","href":"https:\/\/api.w.org\/{rel}","templated":true}]}}