{"id":43278,"date":"2024-10-14T19:55:34","date_gmt":"2024-10-14T18:55:34","guid":{"rendered":"https:\/\/algarve7.pt\/?p=43278"},"modified":"2024-10-14T19:55:36","modified_gmt":"2024-10-14T18:55:36","slug":"castro-marim-retoma-o-programa-baila-coracao-ao-som-do-acordeao","status":"publish","type":"post","link":"https:\/\/algarve7.pt\/index.php\/2024\/10\/castro-marim-retoma-o-programa-baila-coracao-ao-som-do-acordeao\/atualidade\/19\/55\/","title":{"rendered":"Castro Marim retoma o Programa \u201cBaila Cora\u00e7\u00e3o ao Som do Acorde\u00e3o\u201d\u00a0"},"content":{"rendered":"\n<p>Os tradicionais bailes nas povoa\u00e7\u00f5es do concelho de Castro Marim do programa \u201cBaila Cora\u00e7\u00e3o ao Som do Acorde\u00e3o\u201d est\u00e3o de regresso este m\u00eas, estendendo-se at\u00e9 dezembro, sempre a partir das 21h00.<\/p>\n\n\n\n<p>O arranque desta edi\u00e7\u00e3o est\u00e1 agendado para s\u00e1bado, dia 19 de outubro, no Clube Desportivo Ca\u00e7a e Pesca do Guadiana, na Corte do Gago. A 26 de outubro o programa segue para o Clube de Ca\u00e7a e Pesca do Azinhal, na Murteira.<\/p>\n\n\n\n<p>Em novembro os bailes decorrem no Clube Junqueira no dia 2, na Casa do Povo do Azinhal no dia 9, na Associa\u00e7\u00e3o Cultural Amendoeiras em Flor de Altura a 16, no Campesino Recreativo Futebol Clube do Monte Francisco a 23 e na Associa\u00e7\u00e3o Recreativa, Cultural e Desportiva dos Amigos da Alta Mora a 30.<\/p>\n\n\n\n<p>J\u00e1 em dezembro est\u00e3o agendados bailes no dia 7 e 14 de dezembro, no Mito Algarvio \u2013 Associa\u00e7\u00e3o de Acordeonistas do Algarve no Barrocal e no Clube de Odeleite, respetivamente.<\/p>\n\n\n\n<p>Estes ser\u00f5es de acorde\u00e3o t\u00eam como objetivo contribuir para aumentar a qualidade de vida das popula\u00e7\u00f5es do interior mais envelhecidas e isoladas, levando anima\u00e7\u00e3o e proporcionando um excelente pretexto ao conv\u00edvio social, ao exerc\u00edcio f\u00edsico, ao combate \u00e0s doen\u00e7as osteoarticulares e \u00e0 depress\u00e3o.<\/p>\n\n\n\n<p>Para fazer parte do clube de f\u00e3s do programa \u201cBaila Cora\u00e7\u00e3o ao Som do Acorde\u00e3o\u201d e receber todas as semanas uma mensagem no seu telem\u00f3vel com o local e hor\u00e1rio dos eventos deve inscrever-se no Gabinete de Apoio ao Mun\u00edcipe atrav\u00e9s do telefone 281 510&nbsp;778.<\/p>\n\n\n\n<p>Esta \u00e9 uma das iniciativas enquadradas numa pol\u00edtica de promo\u00e7\u00e3o do envelhecimento ativo e com mais qualidade de vida, uma das bandeiras do Munic\u00edpio de Castro Marim na \u00e1rea da sa\u00fade.<\/p>\n","protected":false},"excerpt":{"rendered":"<p>Os tradicionais bailes nas povoa\u00e7\u00f5es do concelho de Castro Marim do programa \u201cBaila Cora\u00e7\u00e3o ao Som do Acorde\u00e3o\u201d est\u00e3o de<\/p>\n","protected":false},"author":1,"featured_media":43279,"comment_status":"open","ping_status":"open","sticky":false,"template":"","format":"standard","meta":{"colormag_page_container_layout":"default_layout","colormag_page_sidebar_layout":"default_layout","_monsterinsights_skip_tracking":false,"_monsterinsights_sitenote_active":false,"_monsterinsights_sitenote_note":"","_monsterinsights_sitenote_category":0,"jetpack_post_was_ever_published":false,"_jetpack_newsletter_access":"","_jetpack_dont_email_post_to_subs":false,"_jetpack_newsletter_tier_id":0,"_jetpack_memberships_contains_paywalled_content":false,"_jetpack_memberships_contains_paid_content":false,"footnotes":"","jetpack_publicize_message":"","jetpack_publicize_feature_enabled":true,"jetpack_social_post_already_shared":false,"jetpack_social_options":{"image_generator_settings":{"template":"highway","default_image_id":0,"font":"","enabled":false},"version":2}},"categories":[11],"tags":[36,62,460,136],"class_list":["post-43278","post","type-post","status-publish","format-standard","has-post-thumbnail","hentry","category-atualidade","tag-algarve","tag-atualidade","tag-baile","tag-castro-marim"],"yoast_head":"<!-- This site is optimized with the Yoast SEO plugin v27.5 - https:\/\/yoast.com\/product\/yoast-seo-wordpress\/ -->\n<title>Castro Marim retoma o Programa \u201cBaila Cora\u00e7\u00e3o ao Som do Acorde\u00e3o\u201d\u00a0 - Algarve 7<\/title>\n<meta name=\"description\" content=\"Castro Marim retoma o Programa \u201cBaila Cora\u00e7\u00e3o ao Som do Acorde\u00e3o\u201d\u00a0 Atualidade\" \/>\n<meta name=\"robots\" content=\"index, follow, max-snippet:-1, max-image-preview:large, max-video-preview:-1\" \/>\n<link rel=\"canonical\" href=\"https:\/\/algarve7.pt\/index.php\/2024\/10\/castro-marim-retoma-o-programa-baila-coracao-ao-som-do-acordeao\/atualidade\/19\/55\/\" \/>\n<meta property=\"og:locale\" content=\"pt_PT\" \/>\n<meta property=\"og:type\" content=\"article\" \/>\n<meta property=\"og:title\" content=\"Castro Marim retoma o Programa \u201cBaila Cora\u00e7\u00e3o ao Som do Acorde\u00e3o\u201d\u00a0 - Algarve 7\" \/>\n<meta property=\"og:description\" content=\"Castro Marim retoma o Programa \u201cBaila Cora\u00e7\u00e3o ao Som do Acorde\u00e3o\u201d\u00a0 Atualidade\" \/>\n<meta property=\"og:url\" content=\"https:\/\/algarve7.pt\/index.php\/2024\/10\/castro-marim-retoma-o-programa-baila-coracao-ao-som-do-acordeao\/atualidade\/19\/55\/\" \/>\n<meta property=\"og:site_name\" content=\"Algarve 7\" \/>\n<meta property=\"article:publisher\" content=\"https:\/\/www.facebook.com\/algarve7\" \/>\n<meta property=\"article:author\" content=\"https:\/\/www.facebook.com\/algarve7\" \/>\n<meta property=\"article:published_time\" content=\"2024-10-14T18:55:34+00:00\" \/>\n<meta property=\"article:modified_time\" content=\"2024-10-14T18:55:36+00:00\" \/>\n<meta property=\"og:image\" content=\"https:\/\/algarve7.pt\/wp-content\/uploads\/2024\/10\/Baila-Coracao-ao-Som-do-Acordeao.jpg\" \/>\n\t<meta property=\"og:image:width\" content=\"800\" \/>\n\t<meta property=\"og:image:height\" content=\"470\" \/>\n\t<meta property=\"og:image:type\" content=\"image\/jpeg\" \/>\n<meta name=\"author\" content=\"Algarve 7\" \/>\n<meta name=\"twitter:card\" content=\"summary_large_image\" \/>\n<meta name=\"twitter:creator\" content=\"@Algarvesete\" \/>\n<meta name=\"twitter:site\" content=\"@Algarvesete\" \/>\n<meta name=\"twitter:label1\" content=\"Escrito por\" \/>\n\t<meta name=\"twitter:data1\" content=\"Algarve 7\" \/>\n\t<meta name=\"twitter:label2\" content=\"Tempo estimado de leitura\" \/>\n\t<meta name=\"twitter:data2\" content=\"2 minutos\" \/>\n<script type=\"application\/ld+json\" class=\"yoast-schema-graph\">{\"@context\":\"https:\\\/\\\/schema.org\",\"@graph\":[{\"@type\":\"Article\",\"@id\":\"https:\\\/\\\/algarve7.pt\\\/index.php\\\/2024\\\/10\\\/castro-marim-retoma-o-programa-baila-coracao-ao-som-do-acordeao\\\/atualidade\\\/19\\\/55\\\/#article\",\"isPartOf\":{\"@id\":\"https:\\\/\\\/algarve7.pt\\\/index.php\\\/2024\\\/10\\\/castro-marim-retoma-o-programa-baila-coracao-ao-som-do-acordeao\\\/atualidade\\\/19\\\/55\\\/\"},\"author\":{\"name\":\"Algarve 7\",\"@id\":\"https:\\\/\\\/algarve7.pt\\\/#\\\/schema\\\/person\\\/23fa70681308e7b319a3204bcea45e0c\"},\"headline\":\"Castro Marim retoma o Programa \u201cBaila Cora\u00e7\u00e3o ao Som do Acorde\u00e3o\u201d\u00a0\",\"datePublished\":\"2024-10-14T18:55:34+00:00\",\"dateModified\":\"2024-10-14T18:55:36+00:00\",\"mainEntityOfPage\":{\"@id\":\"https:\\\/\\\/algarve7.pt\\\/index.php\\\/2024\\\/10\\\/castro-marim-retoma-o-programa-baila-coracao-ao-som-do-acordeao\\\/atualidade\\\/19\\\/55\\\/\"},\"wordCount\":310,\"commentCount\":0,\"publisher\":{\"@id\":\"https:\\\/\\\/algarve7.pt\\\/#organization\"},\"image\":{\"@id\":\"https:\\\/\\\/algarve7.pt\\\/index.php\\\/2024\\\/10\\\/castro-marim-retoma-o-programa-baila-coracao-ao-som-do-acordeao\\\/atualidade\\\/19\\\/55\\\/#primaryimage\"},\"thumbnailUrl\":\"https:\\\/\\\/algarve7.pt\\\/wp-content\\\/uploads\\\/2024\\\/10\\\/Baila-Coracao-ao-Som-do-Acordeao.jpg\",\"keywords\":[\"Algarve\",\"Atualidade\",\"Baile\",\"Castro Marim\"],\"articleSection\":[\"Atualidade\"],\"inLanguage\":\"pt-PT\",\"potentialAction\":[{\"@type\":\"CommentAction\",\"name\":\"Comment\",\"target\":[\"https:\\\/\\\/algarve7.pt\\\/index.php\\\/2024\\\/10\\\/castro-marim-retoma-o-programa-baila-coracao-ao-som-do-acordeao\\\/atualidade\\\/19\\\/55\\\/#respond\"]}]},{\"@type\":\"WebPage\",\"@id\":\"https:\\\/\\\/algarve7.pt\\\/index.php\\\/2024\\\/10\\\/castro-marim-retoma-o-programa-baila-coracao-ao-som-do-acordeao\\\/atualidade\\\/19\\\/55\\\/\",\"url\":\"https:\\\/\\\/algarve7.pt\\\/index.php\\\/2024\\\/10\\\/castro-marim-retoma-o-programa-baila-coracao-ao-som-do-acordeao\\\/atualidade\\\/19\\\/55\\\/\",\"name\":\"Castro Marim retoma o Programa \u201cBaila Cora\u00e7\u00e3o ao Som do Acorde\u00e3o\u201d\u00a0 - Algarve 7\",\"isPartOf\":{\"@id\":\"https:\\\/\\\/algarve7.pt\\\/#website\"},\"primaryImageOfPage\":{\"@id\":\"https:\\\/\\\/algarve7.pt\\\/index.php\\\/2024\\\/10\\\/castro-marim-retoma-o-programa-baila-coracao-ao-som-do-acordeao\\\/atualidade\\\/19\\\/55\\\/#primaryimage\"},\"image\":{\"@id\":\"https:\\\/\\\/algarve7.pt\\\/index.php\\\/2024\\\/10\\\/castro-marim-retoma-o-programa-baila-coracao-ao-som-do-acordeao\\\/atualidade\\\/19\\\/55\\\/#primaryimage\"},\"thumbnailUrl\":\"https:\\\/\\\/algarve7.pt\\\/wp-content\\\/uploads\\\/2024\\\/10\\\/Baila-Coracao-ao-Som-do-Acordeao.jpg\",\"datePublished\":\"2024-10-14T18:55:34+00:00\",\"dateModified\":\"2024-10-14T18:55:36+00:00\",\"description\":\"Castro Marim retoma o Programa \u201cBaila Cora\u00e7\u00e3o ao Som do Acorde\u00e3o\u201d\u00a0 Atualidade\",\"breadcrumb\":{\"@id\":\"https:\\\/\\\/algarve7.pt\\\/index.php\\\/2024\\\/10\\\/castro-marim-retoma-o-programa-baila-coracao-ao-som-do-acordeao\\\/atualidade\\\/19\\\/55\\\/#breadcrumb\"},\"inLanguage\":\"pt-PT\",\"potentialAction\":[{\"@type\":\"ReadAction\",\"target\":[\"https:\\\/\\\/algarve7.pt\\\/index.php\\\/2024\\\/10\\\/castro-marim-retoma-o-programa-baila-coracao-ao-som-do-acordeao\\\/atualidade\\\/19\\\/55\\\/\"]}]},{\"@type\":\"ImageObject\",\"inLanguage\":\"pt-PT\",\"@id\":\"https:\\\/\\\/algarve7.pt\\\/index.php\\\/2024\\\/10\\\/castro-marim-retoma-o-programa-baila-coracao-ao-som-do-acordeao\\\/atualidade\\\/19\\\/55\\\/#primaryimage\",\"url\":\"https:\\\/\\\/algarve7.pt\\\/wp-content\\\/uploads\\\/2024\\\/10\\\/Baila-Coracao-ao-Som-do-Acordeao.jpg\",\"contentUrl\":\"https:\\\/\\\/algarve7.pt\\\/wp-content\\\/uploads\\\/2024\\\/10\\\/Baila-Coracao-ao-Som-do-Acordeao.jpg\",\"width\":800,\"height\":470},{\"@type\":\"BreadcrumbList\",\"@id\":\"https:\\\/\\\/algarve7.pt\\\/index.php\\\/2024\\\/10\\\/castro-marim-retoma-o-programa-baila-coracao-ao-som-do-acordeao\\\/atualidade\\\/19\\\/55\\\/#breadcrumb\",\"itemListElement\":[{\"@type\":\"ListItem\",\"position\":1,\"name\":\"In\u00edcio\",\"item\":\"https:\\\/\\\/algarve7.pt\\\/\"},{\"@type\":\"ListItem\",\"position\":2,\"name\":\"Castro Marim retoma o Programa \u201cBaila Cora\u00e7\u00e3o ao Som do Acorde\u00e3o\u201d\u00a0\"}]},{\"@type\":\"WebSite\",\"@id\":\"https:\\\/\\\/algarve7.pt\\\/#website\",\"url\":\"https:\\\/\\\/algarve7.pt\\\/\",\"name\":\"Algarve 7\",\"description\":\"Informa\u00e7\u00e3o sobre o Algarve\",\"publisher\":{\"@id\":\"https:\\\/\\\/algarve7.pt\\\/#organization\"},\"potentialAction\":[{\"@type\":\"SearchAction\",\"target\":{\"@type\":\"EntryPoint\",\"urlTemplate\":\"https:\\\/\\\/algarve7.pt\\\/?s={search_term_string}\"},\"query-input\":{\"@type\":\"PropertyValueSpecification\",\"valueRequired\":true,\"valueName\":\"search_term_string\"}}],\"inLanguage\":\"pt-PT\"},{\"@type\":\"Organization\",\"@id\":\"https:\\\/\\\/algarve7.pt\\\/#organization\",\"name\":\"Algarve 7\",\"url\":\"https:\\\/\\\/algarve7.pt\\\/\",\"logo\":{\"@type\":\"ImageObject\",\"inLanguage\":\"pt-PT\",\"@id\":\"https:\\\/\\\/algarve7.pt\\\/#\\\/schema\\\/logo\\\/image\\\/\",\"url\":\"https:\\\/\\\/algarve7.pt\\\/wp-content\\\/uploads\\\/2020\\\/10\\\/Logo-8.jpg\",\"contentUrl\":\"https:\\\/\\\/algarve7.pt\\\/wp-content\\\/uploads\\\/2020\\\/10\\\/Logo-8.jpg\",\"width\":1680,\"height\":1186,\"caption\":\"Algarve 7\"},\"image\":{\"@id\":\"https:\\\/\\\/algarve7.pt\\\/#\\\/schema\\\/logo\\\/image\\\/\"},\"sameAs\":[\"https:\\\/\\\/www.facebook.com\\\/algarve7\",\"https:\\\/\\\/x.com\\\/Algarvesete\",\"https:\\\/\\\/www.instagram.com\\\/jornalalgarve7\\\/\",\"https:\\\/\\\/www.linkedin.com\\\/company\\\/algarve7\",\"https:\\\/\\\/www.pinterest.pt\\\/geral0939\\\/_created\\\/\"]},{\"@type\":\"Person\",\"@id\":\"https:\\\/\\\/algarve7.pt\\\/#\\\/schema\\\/person\\\/23fa70681308e7b319a3204bcea45e0c\",\"name\":\"Algarve 7\",\"sameAs\":[\"https:\\\/\\\/algarve7.pt\",\"https:\\\/\\\/www.facebook.com\\\/algarve7\"],\"url\":\"https:\\\/\\\/algarve7.pt\\\/index.php\\\/author\\\/geralalgarve7-pt\\\/\"}]}<\/script>\n<!-- \/ Yoast SEO plugin. -->","yoast_head_json":{"title":"Castro Marim retoma o Programa \u201cBaila Cora\u00e7\u00e3o ao Som do Acorde\u00e3o\u201d\u00a0 - Algarve 7","description":"Castro Marim retoma o Programa \u201cBaila Cora\u00e7\u00e3o ao Som do Acorde\u00e3o\u201d\u00a0 Atualidade","robots":{"index":"index","follow":"follow","max-snippet":"max-snippet:-1","max-image-preview":"max-image-preview:large","max-video-preview":"max-video-preview:-1"},"canonical":"https:\/\/algarve7.pt\/index.php\/2024\/10\/castro-marim-retoma-o-programa-baila-coracao-ao-som-do-acordeao\/atualidade\/19\/55\/","og_locale":"pt_PT","og_type":"article","og_title":"Castro Marim retoma o Programa \u201cBaila Cora\u00e7\u00e3o ao Som do Acorde\u00e3o\u201d\u00a0 - Algarve 7","og_description":"Castro Marim retoma o Programa \u201cBaila Cora\u00e7\u00e3o ao Som do Acorde\u00e3o\u201d\u00a0 Atualidade","og_url":"https:\/\/algarve7.pt\/index.php\/2024\/10\/castro-marim-retoma-o-programa-baila-coracao-ao-som-do-acordeao\/atualidade\/19\/55\/","og_site_name":"Algarve 7","article_publisher":"https:\/\/www.facebook.com\/algarve7","article_author":"https:\/\/www.facebook.com\/algarve7","article_published_time":"2024-10-14T18:55:34+00:00","article_modified_time":"2024-10-14T18:55:36+00:00","og_image":[{"width":800,"height":470,"url":"https:\/\/algarve7.pt\/wp-content\/uploads\/2024\/10\/Baila-Coracao-ao-Som-do-Acordeao.jpg","type":"image\/jpeg"}],"author":"Algarve 7","twitter_card":"summary_large_image","twitter_creator":"@Algarvesete","twitter_site":"@Algarvesete","twitter_misc":{"Escrito por":"Algarve 7","Tempo estimado de leitura":"2 minutos"},"schema":{"@context":"https:\/\/schema.org","@graph":[{"@type":"Article","@id":"https:\/\/algarve7.pt\/index.php\/2024\/10\/castro-marim-retoma-o-programa-baila-coracao-ao-som-do-acordeao\/atualidade\/19\/55\/#article","isPartOf":{"@id":"https:\/\/algarve7.pt\/index.php\/2024\/10\/castro-marim-retoma-o-programa-baila-coracao-ao-som-do-acordeao\/atualidade\/19\/55\/"},"author":{"name":"Algarve 7","@id":"https:\/\/algarve7.pt\/#\/schema\/person\/23fa70681308e7b319a3204bcea45e0c"},"headline":"Castro Marim retoma o Programa \u201cBaila Cora\u00e7\u00e3o ao Som do Acorde\u00e3o\u201d\u00a0","datePublished":"2024-10-14T18:55:34+00:00","dateModified":"2024-10-14T18:55:36+00:00","mainEntityOfPage":{"@id":"https:\/\/algarve7.pt\/index.php\/2024\/10\/castro-marim-retoma-o-programa-baila-coracao-ao-som-do-acordeao\/atualidade\/19\/55\/"},"wordCount":310,"commentCount":0,"publisher":{"@id":"https:\/\/algarve7.pt\/#organization"},"image":{"@id":"https:\/\/algarve7.pt\/index.php\/2024\/10\/castro-marim-retoma-o-programa-baila-coracao-ao-som-do-acordeao\/atualidade\/19\/55\/#primaryimage"},"thumbnailUrl":"https:\/\/algarve7.pt\/wp-content\/uploads\/2024\/10\/Baila-Coracao-ao-Som-do-Acordeao.jpg","keywords":["Algarve","Atualidade","Baile","Castro Marim"],"articleSection":["Atualidade"],"inLanguage":"pt-PT","potentialAction":[{"@type":"CommentAction","name":"Comment","target":["https:\/\/algarve7.pt\/index.php\/2024\/10\/castro-marim-retoma-o-programa-baila-coracao-ao-som-do-acordeao\/atualidade\/19\/55\/#respond"]}]},{"@type":"WebPage","@id":"https:\/\/algarve7.pt\/index.php\/2024\/10\/castro-marim-retoma-o-programa-baila-coracao-ao-som-do-acordeao\/atualidade\/19\/55\/","url":"https:\/\/algarve7.pt\/index.php\/2024\/10\/castro-marim-retoma-o-programa-baila-coracao-ao-som-do-acordeao\/atualidade\/19\/55\/","name":"Castro Marim retoma o Programa \u201cBaila Cora\u00e7\u00e3o ao Som do Acorde\u00e3o\u201d\u00a0 - Algarve 7","isPartOf":{"@id":"https:\/\/algarve7.pt\/#website"},"primaryImageOfPage":{"@id":"https:\/\/algarve7.pt\/index.php\/2024\/10\/castro-marim-retoma-o-programa-baila-coracao-ao-som-do-acordeao\/atualidade\/19\/55\/#primaryimage"},"image":{"@id":"https:\/\/algarve7.pt\/index.php\/2024\/10\/castro-marim-retoma-o-programa-baila-coracao-ao-som-do-acordeao\/atualidade\/19\/55\/#primaryimage"},"thumbnailUrl":"https:\/\/algarve7.pt\/wp-content\/uploads\/2024\/10\/Baila-Coracao-ao-Som-do-Acordeao.jpg","datePublished":"2024-10-14T18:55:34+00:00","dateModified":"2024-10-14T18:55:36+00:00","description":"Castro Marim retoma o Programa \u201cBaila Cora\u00e7\u00e3o ao Som do Acorde\u00e3o\u201d\u00a0 Atualidade","breadcrumb":{"@id":"https:\/\/algarve7.pt\/index.php\/2024\/10\/castro-marim-retoma-o-programa-baila-coracao-ao-som-do-acordeao\/atualidade\/19\/55\/#breadcrumb"},"inLanguage":"pt-PT","potentialAction":[{"@type":"ReadAction","target":["https:\/\/algarve7.pt\/index.php\/2024\/10\/castro-marim-retoma-o-programa-baila-coracao-ao-som-do-acordeao\/atualidade\/19\/55\/"]}]},{"@type":"ImageObject","inLanguage":"pt-PT","@id":"https:\/\/algarve7.pt\/index.php\/2024\/10\/castro-marim-retoma-o-programa-baila-coracao-ao-som-do-acordeao\/atualidade\/19\/55\/#primaryimage","url":"https:\/\/algarve7.pt\/wp-content\/uploads\/2024\/10\/Baila-Coracao-ao-Som-do-Acordeao.jpg","contentUrl":"https:\/\/algarve7.pt\/wp-content\/uploads\/2024\/10\/Baila-Coracao-ao-Som-do-Acordeao.jpg","width":800,"height":470},{"@type":"BreadcrumbList","@id":"https:\/\/algarve7.pt\/index.php\/2024\/10\/castro-marim-retoma-o-programa-baila-coracao-ao-som-do-acordeao\/atualidade\/19\/55\/#breadcrumb","itemListElement":[{"@type":"ListItem","position":1,"name":"In\u00edcio","item":"https:\/\/algarve7.pt\/"},{"@type":"ListItem","position":2,"name":"Castro Marim retoma o Programa \u201cBaila Cora\u00e7\u00e3o ao Som do Acorde\u00e3o\u201d\u00a0"}]},{"@type":"WebSite","@id":"https:\/\/algarve7.pt\/#website","url":"https:\/\/algarve7.pt\/","name":"Algarve 7","description":"Informa\u00e7\u00e3o sobre o Algarve","publisher":{"@id":"https:\/\/algarve7.pt\/#organization"},"potentialAction":[{"@type":"SearchAction","target":{"@type":"EntryPoint","urlTemplate":"https:\/\/algarve7.pt\/?s={search_term_string}"},"query-input":{"@type":"PropertyValueSpecification","valueRequired":true,"valueName":"search_term_string"}}],"inLanguage":"pt-PT"},{"@type":"Organization","@id":"https:\/\/algarve7.pt\/#organization","name":"Algarve 7","url":"https:\/\/algarve7.pt\/","logo":{"@type":"ImageObject","inLanguage":"pt-PT","@id":"https:\/\/algarve7.pt\/#\/schema\/logo\/image\/","url":"https:\/\/algarve7.pt\/wp-content\/uploads\/2020\/10\/Logo-8.jpg","contentUrl":"https:\/\/algarve7.pt\/wp-content\/uploads\/2020\/10\/Logo-8.jpg","width":1680,"height":1186,"caption":"Algarve 7"},"image":{"@id":"https:\/\/algarve7.pt\/#\/schema\/logo\/image\/"},"sameAs":["https:\/\/www.facebook.com\/algarve7","https:\/\/x.com\/Algarvesete","https:\/\/www.instagram.com\/jornalalgarve7\/","https:\/\/www.linkedin.com\/company\/algarve7","https:\/\/www.pinterest.pt\/geral0939\/_created\/"]},{"@type":"Person","@id":"https:\/\/algarve7.pt\/#\/schema\/person\/23fa70681308e7b319a3204bcea45e0c","name":"Algarve 7","sameAs":["https:\/\/algarve7.pt","https:\/\/www.facebook.com\/algarve7"],"url":"https:\/\/algarve7.pt\/index.php\/author\/geralalgarve7-pt\/"}]}},"jetpack_publicize_connections":[],"jetpack_featured_media_url":"https:\/\/algarve7.pt\/wp-content\/uploads\/2024\/10\/Baila-Coracao-ao-Som-do-Acordeao.jpg","jetpack_shortlink":"https:\/\/wp.me\/pcezmW-bg2","jetpack_sharing_enabled":true,"_links":{"self":[{"href":"https:\/\/algarve7.pt\/index.php\/wp-json\/wp\/v2\/posts\/43278","targetHints":{"allow":["GET"]}}],"collection":[{"href":"https:\/\/algarve7.pt\/index.php\/wp-json\/wp\/v2\/posts"}],"about":[{"href":"https:\/\/algarve7.pt\/index.php\/wp-json\/wp\/v2\/types\/post"}],"author":[{"embeddable":true,"href":"https:\/\/algarve7.pt\/index.php\/wp-json\/wp\/v2\/users\/1"}],"replies":[{"embeddable":true,"href":"https:\/\/algarve7.pt\/index.php\/wp-json\/wp\/v2\/comments?post=43278"}],"version-history":[{"count":0,"href":"https:\/\/algarve7.pt\/index.php\/wp-json\/wp\/v2\/posts\/43278\/revisions"}],"wp:featuredmedia":[{"embeddable":true,"href":"https:\/\/algarve7.pt\/index.php\/wp-json\/wp\/v2\/media\/43279"}],"wp:attachment":[{"href":"https:\/\/algarve7.pt\/index.php\/wp-json\/wp\/v2\/media?parent=43278"}],"wp:term":[{"taxonomy":"category","embeddable":true,"href":"https:\/\/algarve7.pt\/index.php\/wp-json\/wp\/v2\/categories?post=43278"},{"taxonomy":"post_tag","embeddable":true,"href":"https:\/\/algarve7.pt\/index.php\/wp-json\/wp\/v2\/tags?post=43278"}],"curies":[{"name":"wp","href":"https:\/\/api.w.org\/{rel}","templated":true}]}}