{"id":43201,"date":"2024-10-12T15:49:33","date_gmt":"2024-10-12T14:49:33","guid":{"rendered":"https:\/\/algarve7.pt\/?p=43201"},"modified":"2024-10-12T15:49:35","modified_gmt":"2024-10-12T14:49:35","slug":"pobreza-nos-acao-piloto-em-faro-vai-focar-se-no-estigma-da-pobreza-para-despertar-consciencias","status":"publish","type":"post","link":"https:\/\/algarve7.pt\/index.php\/2024\/10\/pobreza-nos-acao-piloto-em-faro-vai-focar-se-no-estigma-da-pobreza-para-despertar-consciencias\/atualidade\/15\/49\/","title":{"rendered":"\u00abPobreza. N\u00f3s!\u00bb A\u00e7\u00e3o-piloto em Faro vai focar-se no \u00abEstigma da Pobreza\u00bb para despertar consci\u00eancias"},"content":{"rendered":"\n<p><strong>Este ano no Algarve a abordagem para falar sobre o tema da Pobreza, quando no dia 17 de Outubro se assinala o \u00abDia Internacional da Erradica\u00e7\u00e3o da Pobreza\u00bb, ser\u00e1 atrav\u00e9s de uma a\u00e7\u00e3o-piloto &#8220;experimental&#8221;, tal como avan\u00e7a a organiza\u00e7\u00e3o, que pretende desconstruir o \u00abEstigma\u00bb como um fen\u00f3meno social que &#8220;tem um peso enorme&#8221;, nomeadamente na perpetua\u00e7\u00e3o da pobreza intergeracional. Como \u00e9 que se explica que uma fam\u00edlia pobre leve cerca de cinco gera\u00e7\u00f5es a sair dessa condi\u00e7\u00e3o, mesmo nos tempos atuais onde as ajudas sociais s\u00e3o maiores? Afinal, ser\u00e1 que podemos afirmar que existe uma educa\u00e7\u00e3o para a Pobreza? Ou estar\u00e1 a pobreza mais normalizada do que deveria (dentro e fora das fam\u00edlias que se encontram pobres)?&nbsp;<\/strong><\/p>\n\n\n\n<p><strong>A a\u00e7\u00e3o \u00e9 gratuita e vai acontecer a 21 de Outubro, entre as 17h30 e as 20h30, na Escola Superior de Educa\u00e7\u00e3o e Comunica\u00e7\u00e3o, na Universidade do Algarve.<\/strong><\/p>\n\n\n\n<p>O n\u00facleo distrital de Faro da Rede Europeia Anti-Pobreza (EAPN), a Associa\u00e7\u00e3o para o Desenvolvimento Pessoal e Comunit\u00e1rio \u00abATREVO\u00bb, a \u00abMandacaru\u00bb, Cooperativa de Interven\u00e7\u00e3o social e cultural e o projeto de comunica\u00e7\u00e3o \u00abMUROS: Imaginamos a Eurorregi\u00e3o Alentejo, Algarve e Andaluzia\u00bb juntaram-se para criar uma sess\u00e3o din\u00e2mica que pretende, desde logo, auscultar a comunidade, sendo certo que na sua heterogeneidade uns v\u00e3o sentir que fazem parte do lado dos estigmatizados e outros do lado dos estigmatizantes. Esta cis\u00e3o evidente servir\u00e1 como ponto de partida para um \u00abquebra-gelo\u00bb que levar\u00e1 \u00e0 reflex\u00e3o e ser\u00e1 atrav\u00e9s de uma variedade de din\u00e2micas\/jogos que os dois lados se v\u00e3o misturar e demonstrar como \u00e9 preciso anular essa divis\u00e3o para que &#8220;todos que fazemos parte do problema imaginemos em conjunto as solu\u00e7\u00f5es; atrav\u00e9s de uma escuta atenta e ativa e de uma filosofia de base comunit\u00e1ria&#8221;.&nbsp;<\/p>\n\n\n\n<p>Segundo Dion\u00edsia Pedro, respons\u00e1vel no N\u00facleo Distrital do Algarve da EAPN, &#8220;precisamos de mudar de paradigma, o que implica, no nosso entender, o reconhecimento da pobreza como um fen\u00f3meno estrutural e multidimensional, exigindo, por isso, interven\u00e7\u00f5es transversais e integradas tanto dos poderes p\u00fablicos, como de toda a sociedade, incluindo as pr\u00f3prias pessoas em situa\u00e7\u00e3o de pobreza e exclus\u00e3o&#8221;.&nbsp;<\/p>\n\n\n\n<p>Sofia Vargues, membro da ATREVO, corrobora e frisa que a pobreza envolve v\u00e1rias dimens\u00f5es e manifesta-se de in\u00fameras formas. Para esta associa\u00e7\u00e3o\u00e9 importante &#8220;renovar o compromiso da tomada de consci\u00eancia de cada um de n\u00f3s, no meio que nos rodeia, posicionando-nos face a um mundo que queremos ver mais justo, emp\u00e1tico e humanizado&#8221;.&nbsp;Por seu turno, Laure De Witte, da Mandacaru lembra que &#8220;a pobreza \u00e9 pol\u00edtica. A pobreza \u00e9 sist\u00e9mica. A pobreza \u00e9 estrutural. A pobreza \u00e9 uma quest\u00e3o de injusti\u00e7a. A pobreza n\u00e3o \u00e9 uma quest\u00e3o de resil\u00eancia. N\u00e3o pode haver paz com pobreza. A pobreza \u00e9 revers\u00edvel.\u201d<\/p>\n\n\n\n<p>Mas &#8220;estaremos, na realidade, preparados para uma sociedade sem pobreza; se isso significa abolir um estigma que tem sido t\u00e3o prevalente e t\u00e3o arrasador e que muitas vezes existe em n\u00f3s de forma inconsciente!?&#8221;, questiona Susana Helena de Sousa, diretora da publica\u00e7\u00e3o peri\u00f3dica \u00abMUROS\u00bb. A organiza\u00e7\u00e3o est\u00e1 convicta que \u00e9 preciso fazer algo com o foco intenso no estigma que existe sobre as pessoas em condi\u00e7\u00e3o de pobreza, considerando que \u00e9 poss\u00edvel criar uma consci\u00eancia coletiva diferente. &#8220;Nas escolas, nas institui\u00e7\u00f5es e nas comunidades tem de haver uma maior empatia para a diferen\u00e7a e para a equidade. E essa consci\u00eancia tem de passar das palavras aos atos. Contudo, para isso \u00e9 preciso sair da nossa zona de conforto e, muitas vezes, enfrentar o medo pelo desconhecido&#8221;, defende Susana H. de Sousa.&nbsp;<\/p>\n\n\n\n<p><strong>Algarve: uma \u00abregi\u00e3o rica\u00bb com a taxa de pobreza acima da m\u00e9dia nacional<\/strong><\/p>\n\n\n\n<p>De acordo com os dados do Plano de Desenvolvimento Social do Algarve [PDSA], apresentado no Teatro das Figuras, em Faro, a 11 de Dezembro de 2023, \u201co Algarve \u00e9 a regi\u00e3o do continente que apresenta a mais elevada taxa de priva\u00e7\u00e3o material e o maior risco de pobreza ap\u00f3s as transfer\u00eancias sociais (18,6%)\u201d. Um risco de pobreza que atinge, sobretudo, fam\u00edlias monoparentais e fam\u00edlias com tr\u00eas e mais crian\u00e7as, o que faz das crian\u00e7as residentes na regi\u00e3o um grupo particularmente vulner\u00e1vel. A regi\u00e3o tem cerca de 11 mil crian\u00e7as e jovens em risco de pobreza extrema, sendo que a popula\u00e7\u00e3o residente em risco de pobreza apresenta valores superiores \u00e0 m\u00e9dia do pa\u00eds. No Algarve s\u00e3o 24,5%, muito acima do valor nacional de 19,4%. Mas onde est\u00e3o estas pessoas em pobreza extrema que durante o tempo estival ningu\u00e9m parece [querer] dar por elas? Muitas est\u00e3o a trabalhar [algumas ainda sem idade permitida por lei] doze ou mais horas por dia, acumulando empregos prec\u00e1rios. Pode ler mais sobre estes dados\u00a0<a href=\"https:\/\/muros.online\/algarve-uma-regiao-rica-com-a-taxa-de-pobreza-acima-da-media-nacional\/\" target=\"_blank\" rel=\"noreferrer noopener\">aqui<\/a>.<\/p>\n\n\n\n<p><strong>A\u00e7\u00e3o-Piloto gratuita e aberta ao p\u00fablico em geral<\/strong><\/p>\n\n\n\n<p>\u00abPobreza. N\u00f3s!\u00bb vai acontecer no pr\u00f3ximo dia 21 de Outubro entre as 17h30 e as 20h30 na Universidade do Algarve &#8211; Escola Superior de Ecuca\u00e7\u00e3o e Comunica\u00e7\u00e3o, na sala 105 e est\u00e1 aberta \u00e0 participa\u00e7\u00e3o do p\u00fablico em geral. Uma vez que tem acesso gratuito e com lota\u00e7\u00e3o limitada, as inscri\u00e7\u00f5es podem ser feitas at\u00e9 ao dia 14 de Outubro\u00a0<strong><a href=\"https:\/\/docs.google.com\/forms\/d\/1Mlqv-FdbAsYz9yFzCrPSI7B6gaLfzjmg7U8ss5wi-fo\/viewform?edit_requested=true\" target=\"_blank\" rel=\"noreferrer noopener\">aqui<\/a>.<\/strong><\/p>\n","protected":false},"excerpt":{"rendered":"<p>Este ano no Algarve a abordagem para falar sobre o tema da Pobreza, quando no dia 17 de Outubro se<\/p>\n","protected":false},"author":1,"featured_media":43202,"comment_status":"open","ping_status":"open","sticky":false,"template":"","format":"standard","meta":{"colormag_page_container_layout":"default_layout","colormag_page_sidebar_layout":"default_layout","_monsterinsights_skip_tracking":false,"_monsterinsights_sitenote_active":false,"_monsterinsights_sitenote_note":"","_monsterinsights_sitenote_category":0,"jetpack_post_was_ever_published":false,"_jetpack_newsletter_access":"","_jetpack_dont_email_post_to_subs":false,"_jetpack_newsletter_tier_id":0,"_jetpack_memberships_contains_paywalled_content":false,"_jetpack_memberships_contains_paid_content":false,"footnotes":"","jetpack_publicize_message":"","jetpack_publicize_feature_enabled":true,"jetpack_social_post_already_shared":false,"jetpack_social_options":{"image_generator_settings":{"template":"highway","default_image_id":0,"font":"","enabled":false},"version":2}},"categories":[11],"tags":[36,62,57],"class_list":["post-43201","post","type-post","status-publish","format-standard","has-post-thumbnail","hentry","category-atualidade","tag-algarve","tag-atualidade","tag-faro"],"yoast_head":"<!-- This site is optimized with the Yoast SEO plugin v27.5 - https:\/\/yoast.com\/product\/yoast-seo-wordpress\/ -->\n<title>\u00abPobreza. N\u00f3s!\u00bb A\u00e7\u00e3o-piloto em Faro vai focar-se no \u00abEstigma da Pobreza\u00bb para despertar consci\u00eancias - Algarve 7<\/title>\n<meta name=\"description\" content=\"\u00abPobreza. N\u00f3s!\u00bb A\u00e7\u00e3o-piloto em Faro vai focar-se no \u00abEstigma da Pobreza\u00bb para despertar consci\u00eancias Atualidade\" \/>\n<meta name=\"robots\" content=\"index, follow, max-snippet:-1, max-image-preview:large, max-video-preview:-1\" \/>\n<link rel=\"canonical\" href=\"https:\/\/algarve7.pt\/index.php\/2024\/10\/pobreza-nos-acao-piloto-em-faro-vai-focar-se-no-estigma-da-pobreza-para-despertar-consciencias\/atualidade\/15\/49\/\" \/>\n<meta property=\"og:locale\" content=\"pt_PT\" \/>\n<meta property=\"og:type\" content=\"article\" \/>\n<meta property=\"og:title\" content=\"\u00abPobreza. N\u00f3s!\u00bb A\u00e7\u00e3o-piloto em Faro vai focar-se no \u00abEstigma da Pobreza\u00bb para despertar consci\u00eancias - Algarve 7\" \/>\n<meta property=\"og:description\" content=\"\u00abPobreza. N\u00f3s!\u00bb A\u00e7\u00e3o-piloto em Faro vai focar-se no \u00abEstigma da Pobreza\u00bb para despertar consci\u00eancias Atualidade\" \/>\n<meta property=\"og:url\" content=\"https:\/\/algarve7.pt\/index.php\/2024\/10\/pobreza-nos-acao-piloto-em-faro-vai-focar-se-no-estigma-da-pobreza-para-despertar-consciencias\/atualidade\/15\/49\/\" \/>\n<meta property=\"og:site_name\" content=\"Algarve 7\" \/>\n<meta property=\"article:publisher\" content=\"https:\/\/www.facebook.com\/algarve7\" \/>\n<meta property=\"article:author\" content=\"https:\/\/www.facebook.com\/algarve7\" \/>\n<meta property=\"article:published_time\" content=\"2024-10-12T14:49:33+00:00\" \/>\n<meta property=\"article:modified_time\" content=\"2024-10-12T14:49:35+00:00\" \/>\n<meta property=\"og:image\" content=\"https:\/\/algarve7.pt\/wp-content\/uploads\/2024\/10\/Captura-de-ecra-2024-10-12-as-15.45.40.png\" \/>\n\t<meta property=\"og:image:width\" content=\"800\" \/>\n\t<meta property=\"og:image:height\" content=\"470\" \/>\n\t<meta property=\"og:image:type\" content=\"image\/png\" \/>\n<meta name=\"author\" content=\"Algarve 7\" \/>\n<meta name=\"twitter:card\" content=\"summary_large_image\" \/>\n<meta name=\"twitter:creator\" content=\"@Algarvesete\" \/>\n<meta name=\"twitter:site\" content=\"@Algarvesete\" \/>\n<meta name=\"twitter:label1\" content=\"Escrito por\" \/>\n\t<meta name=\"twitter:data1\" content=\"Algarve 7\" \/>\n\t<meta name=\"twitter:label2\" content=\"Tempo estimado de leitura\" \/>\n\t<meta name=\"twitter:data2\" content=\"5 minutos\" \/>\n<script type=\"application\/ld+json\" class=\"yoast-schema-graph\">{\"@context\":\"https:\\\/\\\/schema.org\",\"@graph\":[{\"@type\":\"Article\",\"@id\":\"https:\\\/\\\/algarve7.pt\\\/index.php\\\/2024\\\/10\\\/pobreza-nos-acao-piloto-em-faro-vai-focar-se-no-estigma-da-pobreza-para-despertar-consciencias\\\/atualidade\\\/15\\\/49\\\/#article\",\"isPartOf\":{\"@id\":\"https:\\\/\\\/algarve7.pt\\\/index.php\\\/2024\\\/10\\\/pobreza-nos-acao-piloto-em-faro-vai-focar-se-no-estigma-da-pobreza-para-despertar-consciencias\\\/atualidade\\\/15\\\/49\\\/\"},\"author\":{\"name\":\"Algarve 7\",\"@id\":\"https:\\\/\\\/algarve7.pt\\\/#\\\/schema\\\/person\\\/23fa70681308e7b319a3204bcea45e0c\"},\"headline\":\"\u00abPobreza. N\u00f3s!\u00bb A\u00e7\u00e3o-piloto em Faro vai focar-se no \u00abEstigma da Pobreza\u00bb para despertar consci\u00eancias\",\"datePublished\":\"2024-10-12T14:49:33+00:00\",\"dateModified\":\"2024-10-12T14:49:35+00:00\",\"mainEntityOfPage\":{\"@id\":\"https:\\\/\\\/algarve7.pt\\\/index.php\\\/2024\\\/10\\\/pobreza-nos-acao-piloto-em-faro-vai-focar-se-no-estigma-da-pobreza-para-despertar-consciencias\\\/atualidade\\\/15\\\/49\\\/\"},\"wordCount\":925,\"commentCount\":0,\"publisher\":{\"@id\":\"https:\\\/\\\/algarve7.pt\\\/#organization\"},\"image\":{\"@id\":\"https:\\\/\\\/algarve7.pt\\\/index.php\\\/2024\\\/10\\\/pobreza-nos-acao-piloto-em-faro-vai-focar-se-no-estigma-da-pobreza-para-despertar-consciencias\\\/atualidade\\\/15\\\/49\\\/#primaryimage\"},\"thumbnailUrl\":\"https:\\\/\\\/algarve7.pt\\\/wp-content\\\/uploads\\\/2024\\\/10\\\/Captura-de-ecra-2024-10-12-as-15.45.40.png\",\"keywords\":[\"Algarve\",\"Atualidade\",\"Faro\"],\"articleSection\":[\"Atualidade\"],\"inLanguage\":\"pt-PT\",\"potentialAction\":[{\"@type\":\"CommentAction\",\"name\":\"Comment\",\"target\":[\"https:\\\/\\\/algarve7.pt\\\/index.php\\\/2024\\\/10\\\/pobreza-nos-acao-piloto-em-faro-vai-focar-se-no-estigma-da-pobreza-para-despertar-consciencias\\\/atualidade\\\/15\\\/49\\\/#respond\"]}]},{\"@type\":\"WebPage\",\"@id\":\"https:\\\/\\\/algarve7.pt\\\/index.php\\\/2024\\\/10\\\/pobreza-nos-acao-piloto-em-faro-vai-focar-se-no-estigma-da-pobreza-para-despertar-consciencias\\\/atualidade\\\/15\\\/49\\\/\",\"url\":\"https:\\\/\\\/algarve7.pt\\\/index.php\\\/2024\\\/10\\\/pobreza-nos-acao-piloto-em-faro-vai-focar-se-no-estigma-da-pobreza-para-despertar-consciencias\\\/atualidade\\\/15\\\/49\\\/\",\"name\":\"\u00abPobreza. N\u00f3s!\u00bb A\u00e7\u00e3o-piloto em Faro vai focar-se no \u00abEstigma da Pobreza\u00bb para despertar consci\u00eancias - Algarve 7\",\"isPartOf\":{\"@id\":\"https:\\\/\\\/algarve7.pt\\\/#website\"},\"primaryImageOfPage\":{\"@id\":\"https:\\\/\\\/algarve7.pt\\\/index.php\\\/2024\\\/10\\\/pobreza-nos-acao-piloto-em-faro-vai-focar-se-no-estigma-da-pobreza-para-despertar-consciencias\\\/atualidade\\\/15\\\/49\\\/#primaryimage\"},\"image\":{\"@id\":\"https:\\\/\\\/algarve7.pt\\\/index.php\\\/2024\\\/10\\\/pobreza-nos-acao-piloto-em-faro-vai-focar-se-no-estigma-da-pobreza-para-despertar-consciencias\\\/atualidade\\\/15\\\/49\\\/#primaryimage\"},\"thumbnailUrl\":\"https:\\\/\\\/algarve7.pt\\\/wp-content\\\/uploads\\\/2024\\\/10\\\/Captura-de-ecra-2024-10-12-as-15.45.40.png\",\"datePublished\":\"2024-10-12T14:49:33+00:00\",\"dateModified\":\"2024-10-12T14:49:35+00:00\",\"description\":\"\u00abPobreza. N\u00f3s!\u00bb A\u00e7\u00e3o-piloto em Faro vai focar-se no \u00abEstigma da Pobreza\u00bb para despertar consci\u00eancias Atualidade\",\"breadcrumb\":{\"@id\":\"https:\\\/\\\/algarve7.pt\\\/index.php\\\/2024\\\/10\\\/pobreza-nos-acao-piloto-em-faro-vai-focar-se-no-estigma-da-pobreza-para-despertar-consciencias\\\/atualidade\\\/15\\\/49\\\/#breadcrumb\"},\"inLanguage\":\"pt-PT\",\"potentialAction\":[{\"@type\":\"ReadAction\",\"target\":[\"https:\\\/\\\/algarve7.pt\\\/index.php\\\/2024\\\/10\\\/pobreza-nos-acao-piloto-em-faro-vai-focar-se-no-estigma-da-pobreza-para-despertar-consciencias\\\/atualidade\\\/15\\\/49\\\/\"]}]},{\"@type\":\"ImageObject\",\"inLanguage\":\"pt-PT\",\"@id\":\"https:\\\/\\\/algarve7.pt\\\/index.php\\\/2024\\\/10\\\/pobreza-nos-acao-piloto-em-faro-vai-focar-se-no-estigma-da-pobreza-para-despertar-consciencias\\\/atualidade\\\/15\\\/49\\\/#primaryimage\",\"url\":\"https:\\\/\\\/algarve7.pt\\\/wp-content\\\/uploads\\\/2024\\\/10\\\/Captura-de-ecra-2024-10-12-as-15.45.40.png\",\"contentUrl\":\"https:\\\/\\\/algarve7.pt\\\/wp-content\\\/uploads\\\/2024\\\/10\\\/Captura-de-ecra-2024-10-12-as-15.45.40.png\",\"width\":800,\"height\":470},{\"@type\":\"BreadcrumbList\",\"@id\":\"https:\\\/\\\/algarve7.pt\\\/index.php\\\/2024\\\/10\\\/pobreza-nos-acao-piloto-em-faro-vai-focar-se-no-estigma-da-pobreza-para-despertar-consciencias\\\/atualidade\\\/15\\\/49\\\/#breadcrumb\",\"itemListElement\":[{\"@type\":\"ListItem\",\"position\":1,\"name\":\"In\u00edcio\",\"item\":\"https:\\\/\\\/algarve7.pt\\\/\"},{\"@type\":\"ListItem\",\"position\":2,\"name\":\"\u00abPobreza. N\u00f3s!\u00bb A\u00e7\u00e3o-piloto em Faro vai focar-se no \u00abEstigma da Pobreza\u00bb para despertar consci\u00eancias\"}]},{\"@type\":\"WebSite\",\"@id\":\"https:\\\/\\\/algarve7.pt\\\/#website\",\"url\":\"https:\\\/\\\/algarve7.pt\\\/\",\"name\":\"Algarve 7\",\"description\":\"Informa\u00e7\u00e3o sobre o Algarve\",\"publisher\":{\"@id\":\"https:\\\/\\\/algarve7.pt\\\/#organization\"},\"potentialAction\":[{\"@type\":\"SearchAction\",\"target\":{\"@type\":\"EntryPoint\",\"urlTemplate\":\"https:\\\/\\\/algarve7.pt\\\/?s={search_term_string}\"},\"query-input\":{\"@type\":\"PropertyValueSpecification\",\"valueRequired\":true,\"valueName\":\"search_term_string\"}}],\"inLanguage\":\"pt-PT\"},{\"@type\":\"Organization\",\"@id\":\"https:\\\/\\\/algarve7.pt\\\/#organization\",\"name\":\"Algarve 7\",\"url\":\"https:\\\/\\\/algarve7.pt\\\/\",\"logo\":{\"@type\":\"ImageObject\",\"inLanguage\":\"pt-PT\",\"@id\":\"https:\\\/\\\/algarve7.pt\\\/#\\\/schema\\\/logo\\\/image\\\/\",\"url\":\"https:\\\/\\\/algarve7.pt\\\/wp-content\\\/uploads\\\/2020\\\/10\\\/Logo-8.jpg\",\"contentUrl\":\"https:\\\/\\\/algarve7.pt\\\/wp-content\\\/uploads\\\/2020\\\/10\\\/Logo-8.jpg\",\"width\":1680,\"height\":1186,\"caption\":\"Algarve 7\"},\"image\":{\"@id\":\"https:\\\/\\\/algarve7.pt\\\/#\\\/schema\\\/logo\\\/image\\\/\"},\"sameAs\":[\"https:\\\/\\\/www.facebook.com\\\/algarve7\",\"https:\\\/\\\/x.com\\\/Algarvesete\",\"https:\\\/\\\/www.instagram.com\\\/jornalalgarve7\\\/\",\"https:\\\/\\\/www.linkedin.com\\\/company\\\/algarve7\",\"https:\\\/\\\/www.pinterest.pt\\\/geral0939\\\/_created\\\/\"]},{\"@type\":\"Person\",\"@id\":\"https:\\\/\\\/algarve7.pt\\\/#\\\/schema\\\/person\\\/23fa70681308e7b319a3204bcea45e0c\",\"name\":\"Algarve 7\",\"sameAs\":[\"https:\\\/\\\/algarve7.pt\",\"https:\\\/\\\/www.facebook.com\\\/algarve7\"],\"url\":\"https:\\\/\\\/algarve7.pt\\\/index.php\\\/author\\\/geralalgarve7-pt\\\/\"}]}<\/script>\n<!-- \/ Yoast SEO plugin. -->","yoast_head_json":{"title":"\u00abPobreza. N\u00f3s!\u00bb A\u00e7\u00e3o-piloto em Faro vai focar-se no \u00abEstigma da Pobreza\u00bb para despertar consci\u00eancias - Algarve 7","description":"\u00abPobreza. N\u00f3s!\u00bb A\u00e7\u00e3o-piloto em Faro vai focar-se no \u00abEstigma da Pobreza\u00bb para despertar consci\u00eancias Atualidade","robots":{"index":"index","follow":"follow","max-snippet":"max-snippet:-1","max-image-preview":"max-image-preview:large","max-video-preview":"max-video-preview:-1"},"canonical":"https:\/\/algarve7.pt\/index.php\/2024\/10\/pobreza-nos-acao-piloto-em-faro-vai-focar-se-no-estigma-da-pobreza-para-despertar-consciencias\/atualidade\/15\/49\/","og_locale":"pt_PT","og_type":"article","og_title":"\u00abPobreza. N\u00f3s!\u00bb A\u00e7\u00e3o-piloto em Faro vai focar-se no \u00abEstigma da Pobreza\u00bb para despertar consci\u00eancias - Algarve 7","og_description":"\u00abPobreza. N\u00f3s!\u00bb A\u00e7\u00e3o-piloto em Faro vai focar-se no \u00abEstigma da Pobreza\u00bb para despertar consci\u00eancias Atualidade","og_url":"https:\/\/algarve7.pt\/index.php\/2024\/10\/pobreza-nos-acao-piloto-em-faro-vai-focar-se-no-estigma-da-pobreza-para-despertar-consciencias\/atualidade\/15\/49\/","og_site_name":"Algarve 7","article_publisher":"https:\/\/www.facebook.com\/algarve7","article_author":"https:\/\/www.facebook.com\/algarve7","article_published_time":"2024-10-12T14:49:33+00:00","article_modified_time":"2024-10-12T14:49:35+00:00","og_image":[{"width":800,"height":470,"url":"https:\/\/algarve7.pt\/wp-content\/uploads\/2024\/10\/Captura-de-ecra-2024-10-12-as-15.45.40.png","type":"image\/png"}],"author":"Algarve 7","twitter_card":"summary_large_image","twitter_creator":"@Algarvesete","twitter_site":"@Algarvesete","twitter_misc":{"Escrito por":"Algarve 7","Tempo estimado de leitura":"5 minutos"},"schema":{"@context":"https:\/\/schema.org","@graph":[{"@type":"Article","@id":"https:\/\/algarve7.pt\/index.php\/2024\/10\/pobreza-nos-acao-piloto-em-faro-vai-focar-se-no-estigma-da-pobreza-para-despertar-consciencias\/atualidade\/15\/49\/#article","isPartOf":{"@id":"https:\/\/algarve7.pt\/index.php\/2024\/10\/pobreza-nos-acao-piloto-em-faro-vai-focar-se-no-estigma-da-pobreza-para-despertar-consciencias\/atualidade\/15\/49\/"},"author":{"name":"Algarve 7","@id":"https:\/\/algarve7.pt\/#\/schema\/person\/23fa70681308e7b319a3204bcea45e0c"},"headline":"\u00abPobreza. N\u00f3s!\u00bb A\u00e7\u00e3o-piloto em Faro vai focar-se no \u00abEstigma da Pobreza\u00bb para despertar consci\u00eancias","datePublished":"2024-10-12T14:49:33+00:00","dateModified":"2024-10-12T14:49:35+00:00","mainEntityOfPage":{"@id":"https:\/\/algarve7.pt\/index.php\/2024\/10\/pobreza-nos-acao-piloto-em-faro-vai-focar-se-no-estigma-da-pobreza-para-despertar-consciencias\/atualidade\/15\/49\/"},"wordCount":925,"commentCount":0,"publisher":{"@id":"https:\/\/algarve7.pt\/#organization"},"image":{"@id":"https:\/\/algarve7.pt\/index.php\/2024\/10\/pobreza-nos-acao-piloto-em-faro-vai-focar-se-no-estigma-da-pobreza-para-despertar-consciencias\/atualidade\/15\/49\/#primaryimage"},"thumbnailUrl":"https:\/\/algarve7.pt\/wp-content\/uploads\/2024\/10\/Captura-de-ecra-2024-10-12-as-15.45.40.png","keywords":["Algarve","Atualidade","Faro"],"articleSection":["Atualidade"],"inLanguage":"pt-PT","potentialAction":[{"@type":"CommentAction","name":"Comment","target":["https:\/\/algarve7.pt\/index.php\/2024\/10\/pobreza-nos-acao-piloto-em-faro-vai-focar-se-no-estigma-da-pobreza-para-despertar-consciencias\/atualidade\/15\/49\/#respond"]}]},{"@type":"WebPage","@id":"https:\/\/algarve7.pt\/index.php\/2024\/10\/pobreza-nos-acao-piloto-em-faro-vai-focar-se-no-estigma-da-pobreza-para-despertar-consciencias\/atualidade\/15\/49\/","url":"https:\/\/algarve7.pt\/index.php\/2024\/10\/pobreza-nos-acao-piloto-em-faro-vai-focar-se-no-estigma-da-pobreza-para-despertar-consciencias\/atualidade\/15\/49\/","name":"\u00abPobreza. N\u00f3s!\u00bb A\u00e7\u00e3o-piloto em Faro vai focar-se no \u00abEstigma da Pobreza\u00bb para despertar consci\u00eancias - Algarve 7","isPartOf":{"@id":"https:\/\/algarve7.pt\/#website"},"primaryImageOfPage":{"@id":"https:\/\/algarve7.pt\/index.php\/2024\/10\/pobreza-nos-acao-piloto-em-faro-vai-focar-se-no-estigma-da-pobreza-para-despertar-consciencias\/atualidade\/15\/49\/#primaryimage"},"image":{"@id":"https:\/\/algarve7.pt\/index.php\/2024\/10\/pobreza-nos-acao-piloto-em-faro-vai-focar-se-no-estigma-da-pobreza-para-despertar-consciencias\/atualidade\/15\/49\/#primaryimage"},"thumbnailUrl":"https:\/\/algarve7.pt\/wp-content\/uploads\/2024\/10\/Captura-de-ecra-2024-10-12-as-15.45.40.png","datePublished":"2024-10-12T14:49:33+00:00","dateModified":"2024-10-12T14:49:35+00:00","description":"\u00abPobreza. N\u00f3s!\u00bb A\u00e7\u00e3o-piloto em Faro vai focar-se no \u00abEstigma da Pobreza\u00bb para despertar consci\u00eancias Atualidade","breadcrumb":{"@id":"https:\/\/algarve7.pt\/index.php\/2024\/10\/pobreza-nos-acao-piloto-em-faro-vai-focar-se-no-estigma-da-pobreza-para-despertar-consciencias\/atualidade\/15\/49\/#breadcrumb"},"inLanguage":"pt-PT","potentialAction":[{"@type":"ReadAction","target":["https:\/\/algarve7.pt\/index.php\/2024\/10\/pobreza-nos-acao-piloto-em-faro-vai-focar-se-no-estigma-da-pobreza-para-despertar-consciencias\/atualidade\/15\/49\/"]}]},{"@type":"ImageObject","inLanguage":"pt-PT","@id":"https:\/\/algarve7.pt\/index.php\/2024\/10\/pobreza-nos-acao-piloto-em-faro-vai-focar-se-no-estigma-da-pobreza-para-despertar-consciencias\/atualidade\/15\/49\/#primaryimage","url":"https:\/\/algarve7.pt\/wp-content\/uploads\/2024\/10\/Captura-de-ecra-2024-10-12-as-15.45.40.png","contentUrl":"https:\/\/algarve7.pt\/wp-content\/uploads\/2024\/10\/Captura-de-ecra-2024-10-12-as-15.45.40.png","width":800,"height":470},{"@type":"BreadcrumbList","@id":"https:\/\/algarve7.pt\/index.php\/2024\/10\/pobreza-nos-acao-piloto-em-faro-vai-focar-se-no-estigma-da-pobreza-para-despertar-consciencias\/atualidade\/15\/49\/#breadcrumb","itemListElement":[{"@type":"ListItem","position":1,"name":"In\u00edcio","item":"https:\/\/algarve7.pt\/"},{"@type":"ListItem","position":2,"name":"\u00abPobreza. N\u00f3s!\u00bb A\u00e7\u00e3o-piloto em Faro vai focar-se no \u00abEstigma da Pobreza\u00bb para despertar consci\u00eancias"}]},{"@type":"WebSite","@id":"https:\/\/algarve7.pt\/#website","url":"https:\/\/algarve7.pt\/","name":"Algarve 7","description":"Informa\u00e7\u00e3o sobre o Algarve","publisher":{"@id":"https:\/\/algarve7.pt\/#organization"},"potentialAction":[{"@type":"SearchAction","target":{"@type":"EntryPoint","urlTemplate":"https:\/\/algarve7.pt\/?s={search_term_string}"},"query-input":{"@type":"PropertyValueSpecification","valueRequired":true,"valueName":"search_term_string"}}],"inLanguage":"pt-PT"},{"@type":"Organization","@id":"https:\/\/algarve7.pt\/#organization","name":"Algarve 7","url":"https:\/\/algarve7.pt\/","logo":{"@type":"ImageObject","inLanguage":"pt-PT","@id":"https:\/\/algarve7.pt\/#\/schema\/logo\/image\/","url":"https:\/\/algarve7.pt\/wp-content\/uploads\/2020\/10\/Logo-8.jpg","contentUrl":"https:\/\/algarve7.pt\/wp-content\/uploads\/2020\/10\/Logo-8.jpg","width":1680,"height":1186,"caption":"Algarve 7"},"image":{"@id":"https:\/\/algarve7.pt\/#\/schema\/logo\/image\/"},"sameAs":["https:\/\/www.facebook.com\/algarve7","https:\/\/x.com\/Algarvesete","https:\/\/www.instagram.com\/jornalalgarve7\/","https:\/\/www.linkedin.com\/company\/algarve7","https:\/\/www.pinterest.pt\/geral0939\/_created\/"]},{"@type":"Person","@id":"https:\/\/algarve7.pt\/#\/schema\/person\/23fa70681308e7b319a3204bcea45e0c","name":"Algarve 7","sameAs":["https:\/\/algarve7.pt","https:\/\/www.facebook.com\/algarve7"],"url":"https:\/\/algarve7.pt\/index.php\/author\/geralalgarve7-pt\/"}]}},"jetpack_publicize_connections":[],"jetpack_featured_media_url":"https:\/\/algarve7.pt\/wp-content\/uploads\/2024\/10\/Captura-de-ecra-2024-10-12-as-15.45.40.png","jetpack_shortlink":"https:\/\/wp.me\/pcezmW-beN","jetpack_sharing_enabled":true,"_links":{"self":[{"href":"https:\/\/algarve7.pt\/index.php\/wp-json\/wp\/v2\/posts\/43201","targetHints":{"allow":["GET"]}}],"collection":[{"href":"https:\/\/algarve7.pt\/index.php\/wp-json\/wp\/v2\/posts"}],"about":[{"href":"https:\/\/algarve7.pt\/index.php\/wp-json\/wp\/v2\/types\/post"}],"author":[{"embeddable":true,"href":"https:\/\/algarve7.pt\/index.php\/wp-json\/wp\/v2\/users\/1"}],"replies":[{"embeddable":true,"href":"https:\/\/algarve7.pt\/index.php\/wp-json\/wp\/v2\/comments?post=43201"}],"version-history":[{"count":0,"href":"https:\/\/algarve7.pt\/index.php\/wp-json\/wp\/v2\/posts\/43201\/revisions"}],"wp:featuredmedia":[{"embeddable":true,"href":"https:\/\/algarve7.pt\/index.php\/wp-json\/wp\/v2\/media\/43202"}],"wp:attachment":[{"href":"https:\/\/algarve7.pt\/index.php\/wp-json\/wp\/v2\/media?parent=43201"}],"wp:term":[{"taxonomy":"category","embeddable":true,"href":"https:\/\/algarve7.pt\/index.php\/wp-json\/wp\/v2\/categories?post=43201"},{"taxonomy":"post_tag","embeddable":true,"href":"https:\/\/algarve7.pt\/index.php\/wp-json\/wp\/v2\/tags?post=43201"}],"curies":[{"name":"wp","href":"https:\/\/api.w.org\/{rel}","templated":true}]}}