{"id":43192,"date":"2024-10-13T13:00:00","date_gmt":"2024-10-13T12:00:00","guid":{"rendered":"https:\/\/algarve7.pt\/?p=43192"},"modified":"2024-10-12T15:36:04","modified_gmt":"2024-10-12T14:36:04","slug":"aproma-volta-a-abrir-inscricoes-para-cursos-de-eletricidade-e-canalizacao-em-albufeira","status":"publish","type":"post","link":"https:\/\/algarve7.pt\/index.php\/2024\/10\/aproma-volta-a-abrir-inscricoes-para-cursos-de-eletricidade-e-canalizacao-em-albufeira\/atualidade\/13\/00\/","title":{"rendered":"APROMA volta a abrir inscri\u00e7\u00f5es para cursos de eletricidade e canaliza\u00e7\u00e3o em Albufeira"},"content":{"rendered":"\n<p>A APROMA &#8211; Academia Profissional do Munic\u00edpio de Albufeira, volta a abrir inscri\u00e7\u00f5es para a sua 2.\u00aa edi\u00e7\u00e3o, dando continuidade ao seu papel na forma\u00e7\u00e3o de profissionais qualificados na \u00e1rea da constru\u00e7\u00e3o civil. Criada com o objetivo de colmatar a escassez de m\u00e3o-de-obra especializada, a academia vai disponibilizar, nesta nova edi\u00e7\u00e3o, dois cursos, nomeadamente, T\u00e9cnico de Eletricidade e T\u00e9cnico de Canaliza\u00e7\u00e3o.<\/p>\n\n\n\n<p>Desenvolvida em parceria com o ISQ \u2013 Instituto de Soldadura e Qualidade, a forma\u00e7\u00e3o vai acontecer nos Estaleiros Municipais de Vale Pedras, em regime p\u00f3s-laboral. As aulas decorrem de segunda a sexta-feira, das 18h30 \u00e0s 22h30, e aos s\u00e1bados, das 09h00 \u00e0s 18h00, com uma dura\u00e7\u00e3o aproximada de um m\u00eas.<\/p>\n\n\n\n<p>O curso de T\u00e9cnico de Eletricidade arranca a 28 de outubro, com as inscri\u00e7\u00f5es abertas at\u00e9 ao dia 23 de outubro. J\u00e1 o curso de T\u00e9cnico de Canaliza\u00e7\u00e3o inicia a 22 de novembro, sendo que os interessados podem inscrever-se at\u00e9 ao dia 18 de novembro. O custo de inscri\u00e7\u00e3o \u00e9 de 123 euros, com a comparticipa\u00e7\u00e3o de 80% do valor pelo Munic\u00edpio. Durante a forma\u00e7\u00e3o, as refei\u00e7\u00f5es est\u00e3o inclu\u00eddas, garantindo aos formandos jantar nos dias de semana e almo\u00e7o ao s\u00e1bado.<\/p>\n\n\n\n<p>As inscri\u00e7\u00f5es devem ser feitas <em>online<\/em>, preenchendo o formul\u00e1rio dispon\u00edvel em:<\/p>\n\n\n\n<p><a href=\"https:\/\/www.cm-albufeira.pt\/inscricao-na-academia-profissional-aproma\" target=\"_blank\" rel=\"noreferrer noopener\">https:\/\/www.cm-albufeira.pt\/inscricao-na-academia-profissional-aproma<\/a><\/p>\n\n\n\n<p>A sele\u00e7\u00e3o dos cursos para esta edi\u00e7\u00e3o foi baseada num diagn\u00f3stico das necessidades formativas das empresas locais, realizado no passado m\u00eas de setembro. Al\u00e9m das compet\u00eancias t\u00e9cnicas adquiridas, os formandos v\u00e3o, igualmente, ter acesso ao Programa de Desfibrilha\u00e7\u00e3o Autom\u00e1tica Externa (PDAE), o que lhes garante uma dupla certifica\u00e7\u00e3o.<\/p>\n\n\n\n<p>\u201cEsta iniciativa visa continuar a capacitar a m\u00e3o-de-obra local e valorizar os formandos, criando oportunidades de emprego em \u00e1reas com elevada procura\u201d, defendeu o presidente da autarquia, Jos\u00e9 Carlos Rolo. O edil afirma que \u201ca APROMA \u00e9 um projeto estrat\u00e9gico que permite qualificar e valorizar os nossos mun\u00edcipes e, simultaneamente, responder \u00e0s car\u00eancias do mercado de trabalho local, criando oportunidades de emprego em \u00e1reas com enorme procura\u201d.<\/p>\n","protected":false},"excerpt":{"rendered":"<p>A APROMA &#8211; Academia Profissional do Munic\u00edpio de Albufeira, volta a abrir inscri\u00e7\u00f5es para a sua 2.\u00aa edi\u00e7\u00e3o, dando continuidade<\/p>\n","protected":false},"author":1,"featured_media":43193,"comment_status":"open","ping_status":"open","sticky":false,"template":"","format":"standard","meta":{"colormag_page_container_layout":"default_layout","colormag_page_sidebar_layout":"default_layout","_monsterinsights_skip_tracking":false,"_monsterinsights_sitenote_active":false,"_monsterinsights_sitenote_note":"","_monsterinsights_sitenote_category":0,"jetpack_post_was_ever_published":false,"_jetpack_newsletter_access":"","_jetpack_dont_email_post_to_subs":false,"_jetpack_newsletter_tier_id":0,"_jetpack_memberships_contains_paywalled_content":false,"_jetpack_memberships_contains_paid_content":false,"footnotes":"","jetpack_publicize_message":"","jetpack_publicize_feature_enabled":true,"jetpack_social_post_already_shared":false,"jetpack_social_options":{"image_generator_settings":{"template":"highway","default_image_id":0,"font":"","enabled":false},"version":2}},"categories":[11],"tags":[],"class_list":["post-43192","post","type-post","status-publish","format-standard","has-post-thumbnail","hentry","category-atualidade"],"yoast_head":"<!-- This site is optimized with the Yoast SEO plugin v27.5 - https:\/\/yoast.com\/product\/yoast-seo-wordpress\/ -->\n<title>APROMA volta a abrir inscri\u00e7\u00f5es para cursos de eletricidade e canaliza\u00e7\u00e3o em Albufeira - Algarve 7<\/title>\n<meta name=\"description\" content=\"APROMA volta a abrir inscri\u00e7\u00f5es para cursos de eletricidade e canaliza\u00e7\u00e3o em Albufeira Atualidade\" \/>\n<meta name=\"robots\" content=\"index, follow, max-snippet:-1, max-image-preview:large, max-video-preview:-1\" \/>\n<link rel=\"canonical\" href=\"https:\/\/algarve7.pt\/index.php\/2024\/10\/aproma-volta-a-abrir-inscricoes-para-cursos-de-eletricidade-e-canalizacao-em-albufeira\/atualidade\/13\/00\/\" \/>\n<meta property=\"og:locale\" content=\"pt_PT\" \/>\n<meta property=\"og:type\" content=\"article\" \/>\n<meta property=\"og:title\" content=\"APROMA volta a abrir inscri\u00e7\u00f5es para cursos de eletricidade e canaliza\u00e7\u00e3o em Albufeira - Algarve 7\" \/>\n<meta property=\"og:description\" content=\"APROMA volta a abrir inscri\u00e7\u00f5es para cursos de eletricidade e canaliza\u00e7\u00e3o em Albufeira Atualidade\" \/>\n<meta property=\"og:url\" content=\"https:\/\/algarve7.pt\/index.php\/2024\/10\/aproma-volta-a-abrir-inscricoes-para-cursos-de-eletricidade-e-canalizacao-em-albufeira\/atualidade\/13\/00\/\" \/>\n<meta property=\"og:site_name\" content=\"Algarve 7\" \/>\n<meta property=\"article:publisher\" content=\"https:\/\/www.facebook.com\/algarve7\" \/>\n<meta property=\"article:author\" content=\"https:\/\/www.facebook.com\/algarve7\" \/>\n<meta property=\"article:published_time\" content=\"2024-10-13T12:00:00+00:00\" \/>\n<meta property=\"og:image\" content=\"https:\/\/algarve7.pt\/wp-content\/uploads\/2024\/10\/Curos-APROMA.jpg\" \/>\n\t<meta property=\"og:image:width\" content=\"800\" \/>\n\t<meta property=\"og:image:height\" content=\"470\" \/>\n\t<meta property=\"og:image:type\" content=\"image\/jpeg\" \/>\n<meta name=\"author\" content=\"Algarve 7\" \/>\n<meta name=\"twitter:card\" content=\"summary_large_image\" \/>\n<meta name=\"twitter:creator\" content=\"@Algarvesete\" \/>\n<meta name=\"twitter:site\" content=\"@Algarvesete\" \/>\n<meta name=\"twitter:label1\" content=\"Escrito por\" \/>\n\t<meta name=\"twitter:data1\" content=\"Algarve 7\" \/>\n\t<meta name=\"twitter:label2\" content=\"Tempo estimado de leitura\" \/>\n\t<meta name=\"twitter:data2\" content=\"2 minutos\" \/>\n<script type=\"application\/ld+json\" class=\"yoast-schema-graph\">{\"@context\":\"https:\\\/\\\/schema.org\",\"@graph\":[{\"@type\":\"Article\",\"@id\":\"https:\\\/\\\/algarve7.pt\\\/index.php\\\/2024\\\/10\\\/aproma-volta-a-abrir-inscricoes-para-cursos-de-eletricidade-e-canalizacao-em-albufeira\\\/atualidade\\\/13\\\/00\\\/#article\",\"isPartOf\":{\"@id\":\"https:\\\/\\\/algarve7.pt\\\/index.php\\\/2024\\\/10\\\/aproma-volta-a-abrir-inscricoes-para-cursos-de-eletricidade-e-canalizacao-em-albufeira\\\/atualidade\\\/13\\\/00\\\/\"},\"author\":{\"name\":\"Algarve 7\",\"@id\":\"https:\\\/\\\/algarve7.pt\\\/#\\\/schema\\\/person\\\/23fa70681308e7b319a3204bcea45e0c\"},\"headline\":\"APROMA volta a abrir inscri\u00e7\u00f5es para cursos de eletricidade e canaliza\u00e7\u00e3o em Albufeira\",\"datePublished\":\"2024-10-13T12:00:00+00:00\",\"mainEntityOfPage\":{\"@id\":\"https:\\\/\\\/algarve7.pt\\\/index.php\\\/2024\\\/10\\\/aproma-volta-a-abrir-inscricoes-para-cursos-de-eletricidade-e-canalizacao-em-albufeira\\\/atualidade\\\/13\\\/00\\\/\"},\"wordCount\":374,\"commentCount\":0,\"publisher\":{\"@id\":\"https:\\\/\\\/algarve7.pt\\\/#organization\"},\"image\":{\"@id\":\"https:\\\/\\\/algarve7.pt\\\/index.php\\\/2024\\\/10\\\/aproma-volta-a-abrir-inscricoes-para-cursos-de-eletricidade-e-canalizacao-em-albufeira\\\/atualidade\\\/13\\\/00\\\/#primaryimage\"},\"thumbnailUrl\":\"https:\\\/\\\/algarve7.pt\\\/wp-content\\\/uploads\\\/2024\\\/10\\\/Curos-APROMA.jpg\",\"articleSection\":[\"Atualidade\"],\"inLanguage\":\"pt-PT\",\"potentialAction\":[{\"@type\":\"CommentAction\",\"name\":\"Comment\",\"target\":[\"https:\\\/\\\/algarve7.pt\\\/index.php\\\/2024\\\/10\\\/aproma-volta-a-abrir-inscricoes-para-cursos-de-eletricidade-e-canalizacao-em-albufeira\\\/atualidade\\\/13\\\/00\\\/#respond\"]}]},{\"@type\":\"WebPage\",\"@id\":\"https:\\\/\\\/algarve7.pt\\\/index.php\\\/2024\\\/10\\\/aproma-volta-a-abrir-inscricoes-para-cursos-de-eletricidade-e-canalizacao-em-albufeira\\\/atualidade\\\/13\\\/00\\\/\",\"url\":\"https:\\\/\\\/algarve7.pt\\\/index.php\\\/2024\\\/10\\\/aproma-volta-a-abrir-inscricoes-para-cursos-de-eletricidade-e-canalizacao-em-albufeira\\\/atualidade\\\/13\\\/00\\\/\",\"name\":\"APROMA volta a abrir inscri\u00e7\u00f5es para cursos de eletricidade e canaliza\u00e7\u00e3o em Albufeira - Algarve 7\",\"isPartOf\":{\"@id\":\"https:\\\/\\\/algarve7.pt\\\/#website\"},\"primaryImageOfPage\":{\"@id\":\"https:\\\/\\\/algarve7.pt\\\/index.php\\\/2024\\\/10\\\/aproma-volta-a-abrir-inscricoes-para-cursos-de-eletricidade-e-canalizacao-em-albufeira\\\/atualidade\\\/13\\\/00\\\/#primaryimage\"},\"image\":{\"@id\":\"https:\\\/\\\/algarve7.pt\\\/index.php\\\/2024\\\/10\\\/aproma-volta-a-abrir-inscricoes-para-cursos-de-eletricidade-e-canalizacao-em-albufeira\\\/atualidade\\\/13\\\/00\\\/#primaryimage\"},\"thumbnailUrl\":\"https:\\\/\\\/algarve7.pt\\\/wp-content\\\/uploads\\\/2024\\\/10\\\/Curos-APROMA.jpg\",\"datePublished\":\"2024-10-13T12:00:00+00:00\",\"description\":\"APROMA volta a abrir inscri\u00e7\u00f5es para cursos de eletricidade e canaliza\u00e7\u00e3o em Albufeira Atualidade\",\"breadcrumb\":{\"@id\":\"https:\\\/\\\/algarve7.pt\\\/index.php\\\/2024\\\/10\\\/aproma-volta-a-abrir-inscricoes-para-cursos-de-eletricidade-e-canalizacao-em-albufeira\\\/atualidade\\\/13\\\/00\\\/#breadcrumb\"},\"inLanguage\":\"pt-PT\",\"potentialAction\":[{\"@type\":\"ReadAction\",\"target\":[\"https:\\\/\\\/algarve7.pt\\\/index.php\\\/2024\\\/10\\\/aproma-volta-a-abrir-inscricoes-para-cursos-de-eletricidade-e-canalizacao-em-albufeira\\\/atualidade\\\/13\\\/00\\\/\"]}]},{\"@type\":\"ImageObject\",\"inLanguage\":\"pt-PT\",\"@id\":\"https:\\\/\\\/algarve7.pt\\\/index.php\\\/2024\\\/10\\\/aproma-volta-a-abrir-inscricoes-para-cursos-de-eletricidade-e-canalizacao-em-albufeira\\\/atualidade\\\/13\\\/00\\\/#primaryimage\",\"url\":\"https:\\\/\\\/algarve7.pt\\\/wp-content\\\/uploads\\\/2024\\\/10\\\/Curos-APROMA.jpg\",\"contentUrl\":\"https:\\\/\\\/algarve7.pt\\\/wp-content\\\/uploads\\\/2024\\\/10\\\/Curos-APROMA.jpg\",\"width\":800,\"height\":470},{\"@type\":\"BreadcrumbList\",\"@id\":\"https:\\\/\\\/algarve7.pt\\\/index.php\\\/2024\\\/10\\\/aproma-volta-a-abrir-inscricoes-para-cursos-de-eletricidade-e-canalizacao-em-albufeira\\\/atualidade\\\/13\\\/00\\\/#breadcrumb\",\"itemListElement\":[{\"@type\":\"ListItem\",\"position\":1,\"name\":\"In\u00edcio\",\"item\":\"https:\\\/\\\/algarve7.pt\\\/\"},{\"@type\":\"ListItem\",\"position\":2,\"name\":\"APROMA volta a abrir inscri\u00e7\u00f5es para cursos de eletricidade e canaliza\u00e7\u00e3o em Albufeira\"}]},{\"@type\":\"WebSite\",\"@id\":\"https:\\\/\\\/algarve7.pt\\\/#website\",\"url\":\"https:\\\/\\\/algarve7.pt\\\/\",\"name\":\"Algarve 7\",\"description\":\"Informa\u00e7\u00e3o sobre o Algarve\",\"publisher\":{\"@id\":\"https:\\\/\\\/algarve7.pt\\\/#organization\"},\"potentialAction\":[{\"@type\":\"SearchAction\",\"target\":{\"@type\":\"EntryPoint\",\"urlTemplate\":\"https:\\\/\\\/algarve7.pt\\\/?s={search_term_string}\"},\"query-input\":{\"@type\":\"PropertyValueSpecification\",\"valueRequired\":true,\"valueName\":\"search_term_string\"}}],\"inLanguage\":\"pt-PT\"},{\"@type\":\"Organization\",\"@id\":\"https:\\\/\\\/algarve7.pt\\\/#organization\",\"name\":\"Algarve 7\",\"url\":\"https:\\\/\\\/algarve7.pt\\\/\",\"logo\":{\"@type\":\"ImageObject\",\"inLanguage\":\"pt-PT\",\"@id\":\"https:\\\/\\\/algarve7.pt\\\/#\\\/schema\\\/logo\\\/image\\\/\",\"url\":\"https:\\\/\\\/algarve7.pt\\\/wp-content\\\/uploads\\\/2020\\\/10\\\/Logo-8.jpg\",\"contentUrl\":\"https:\\\/\\\/algarve7.pt\\\/wp-content\\\/uploads\\\/2020\\\/10\\\/Logo-8.jpg\",\"width\":1680,\"height\":1186,\"caption\":\"Algarve 7\"},\"image\":{\"@id\":\"https:\\\/\\\/algarve7.pt\\\/#\\\/schema\\\/logo\\\/image\\\/\"},\"sameAs\":[\"https:\\\/\\\/www.facebook.com\\\/algarve7\",\"https:\\\/\\\/x.com\\\/Algarvesete\",\"https:\\\/\\\/www.instagram.com\\\/jornalalgarve7\\\/\",\"https:\\\/\\\/www.linkedin.com\\\/company\\\/algarve7\",\"https:\\\/\\\/www.pinterest.pt\\\/geral0939\\\/_created\\\/\"]},{\"@type\":\"Person\",\"@id\":\"https:\\\/\\\/algarve7.pt\\\/#\\\/schema\\\/person\\\/23fa70681308e7b319a3204bcea45e0c\",\"name\":\"Algarve 7\",\"sameAs\":[\"https:\\\/\\\/algarve7.pt\",\"https:\\\/\\\/www.facebook.com\\\/algarve7\"],\"url\":\"https:\\\/\\\/algarve7.pt\\\/index.php\\\/author\\\/geralalgarve7-pt\\\/\"}]}<\/script>\n<!-- \/ Yoast SEO plugin. -->","yoast_head_json":{"title":"APROMA volta a abrir inscri\u00e7\u00f5es para cursos de eletricidade e canaliza\u00e7\u00e3o em Albufeira - Algarve 7","description":"APROMA volta a abrir inscri\u00e7\u00f5es para cursos de eletricidade e canaliza\u00e7\u00e3o em Albufeira Atualidade","robots":{"index":"index","follow":"follow","max-snippet":"max-snippet:-1","max-image-preview":"max-image-preview:large","max-video-preview":"max-video-preview:-1"},"canonical":"https:\/\/algarve7.pt\/index.php\/2024\/10\/aproma-volta-a-abrir-inscricoes-para-cursos-de-eletricidade-e-canalizacao-em-albufeira\/atualidade\/13\/00\/","og_locale":"pt_PT","og_type":"article","og_title":"APROMA volta a abrir inscri\u00e7\u00f5es para cursos de eletricidade e canaliza\u00e7\u00e3o em Albufeira - Algarve 7","og_description":"APROMA volta a abrir inscri\u00e7\u00f5es para cursos de eletricidade e canaliza\u00e7\u00e3o em Albufeira Atualidade","og_url":"https:\/\/algarve7.pt\/index.php\/2024\/10\/aproma-volta-a-abrir-inscricoes-para-cursos-de-eletricidade-e-canalizacao-em-albufeira\/atualidade\/13\/00\/","og_site_name":"Algarve 7","article_publisher":"https:\/\/www.facebook.com\/algarve7","article_author":"https:\/\/www.facebook.com\/algarve7","article_published_time":"2024-10-13T12:00:00+00:00","og_image":[{"width":800,"height":470,"url":"https:\/\/algarve7.pt\/wp-content\/uploads\/2024\/10\/Curos-APROMA.jpg","type":"image\/jpeg"}],"author":"Algarve 7","twitter_card":"summary_large_image","twitter_creator":"@Algarvesete","twitter_site":"@Algarvesete","twitter_misc":{"Escrito por":"Algarve 7","Tempo estimado de leitura":"2 minutos"},"schema":{"@context":"https:\/\/schema.org","@graph":[{"@type":"Article","@id":"https:\/\/algarve7.pt\/index.php\/2024\/10\/aproma-volta-a-abrir-inscricoes-para-cursos-de-eletricidade-e-canalizacao-em-albufeira\/atualidade\/13\/00\/#article","isPartOf":{"@id":"https:\/\/algarve7.pt\/index.php\/2024\/10\/aproma-volta-a-abrir-inscricoes-para-cursos-de-eletricidade-e-canalizacao-em-albufeira\/atualidade\/13\/00\/"},"author":{"name":"Algarve 7","@id":"https:\/\/algarve7.pt\/#\/schema\/person\/23fa70681308e7b319a3204bcea45e0c"},"headline":"APROMA volta a abrir inscri\u00e7\u00f5es para cursos de eletricidade e canaliza\u00e7\u00e3o em Albufeira","datePublished":"2024-10-13T12:00:00+00:00","mainEntityOfPage":{"@id":"https:\/\/algarve7.pt\/index.php\/2024\/10\/aproma-volta-a-abrir-inscricoes-para-cursos-de-eletricidade-e-canalizacao-em-albufeira\/atualidade\/13\/00\/"},"wordCount":374,"commentCount":0,"publisher":{"@id":"https:\/\/algarve7.pt\/#organization"},"image":{"@id":"https:\/\/algarve7.pt\/index.php\/2024\/10\/aproma-volta-a-abrir-inscricoes-para-cursos-de-eletricidade-e-canalizacao-em-albufeira\/atualidade\/13\/00\/#primaryimage"},"thumbnailUrl":"https:\/\/algarve7.pt\/wp-content\/uploads\/2024\/10\/Curos-APROMA.jpg","articleSection":["Atualidade"],"inLanguage":"pt-PT","potentialAction":[{"@type":"CommentAction","name":"Comment","target":["https:\/\/algarve7.pt\/index.php\/2024\/10\/aproma-volta-a-abrir-inscricoes-para-cursos-de-eletricidade-e-canalizacao-em-albufeira\/atualidade\/13\/00\/#respond"]}]},{"@type":"WebPage","@id":"https:\/\/algarve7.pt\/index.php\/2024\/10\/aproma-volta-a-abrir-inscricoes-para-cursos-de-eletricidade-e-canalizacao-em-albufeira\/atualidade\/13\/00\/","url":"https:\/\/algarve7.pt\/index.php\/2024\/10\/aproma-volta-a-abrir-inscricoes-para-cursos-de-eletricidade-e-canalizacao-em-albufeira\/atualidade\/13\/00\/","name":"APROMA volta a abrir inscri\u00e7\u00f5es para cursos de eletricidade e canaliza\u00e7\u00e3o em Albufeira - Algarve 7","isPartOf":{"@id":"https:\/\/algarve7.pt\/#website"},"primaryImageOfPage":{"@id":"https:\/\/algarve7.pt\/index.php\/2024\/10\/aproma-volta-a-abrir-inscricoes-para-cursos-de-eletricidade-e-canalizacao-em-albufeira\/atualidade\/13\/00\/#primaryimage"},"image":{"@id":"https:\/\/algarve7.pt\/index.php\/2024\/10\/aproma-volta-a-abrir-inscricoes-para-cursos-de-eletricidade-e-canalizacao-em-albufeira\/atualidade\/13\/00\/#primaryimage"},"thumbnailUrl":"https:\/\/algarve7.pt\/wp-content\/uploads\/2024\/10\/Curos-APROMA.jpg","datePublished":"2024-10-13T12:00:00+00:00","description":"APROMA volta a abrir inscri\u00e7\u00f5es para cursos de eletricidade e canaliza\u00e7\u00e3o em Albufeira Atualidade","breadcrumb":{"@id":"https:\/\/algarve7.pt\/index.php\/2024\/10\/aproma-volta-a-abrir-inscricoes-para-cursos-de-eletricidade-e-canalizacao-em-albufeira\/atualidade\/13\/00\/#breadcrumb"},"inLanguage":"pt-PT","potentialAction":[{"@type":"ReadAction","target":["https:\/\/algarve7.pt\/index.php\/2024\/10\/aproma-volta-a-abrir-inscricoes-para-cursos-de-eletricidade-e-canalizacao-em-albufeira\/atualidade\/13\/00\/"]}]},{"@type":"ImageObject","inLanguage":"pt-PT","@id":"https:\/\/algarve7.pt\/index.php\/2024\/10\/aproma-volta-a-abrir-inscricoes-para-cursos-de-eletricidade-e-canalizacao-em-albufeira\/atualidade\/13\/00\/#primaryimage","url":"https:\/\/algarve7.pt\/wp-content\/uploads\/2024\/10\/Curos-APROMA.jpg","contentUrl":"https:\/\/algarve7.pt\/wp-content\/uploads\/2024\/10\/Curos-APROMA.jpg","width":800,"height":470},{"@type":"BreadcrumbList","@id":"https:\/\/algarve7.pt\/index.php\/2024\/10\/aproma-volta-a-abrir-inscricoes-para-cursos-de-eletricidade-e-canalizacao-em-albufeira\/atualidade\/13\/00\/#breadcrumb","itemListElement":[{"@type":"ListItem","position":1,"name":"In\u00edcio","item":"https:\/\/algarve7.pt\/"},{"@type":"ListItem","position":2,"name":"APROMA volta a abrir inscri\u00e7\u00f5es para cursos de eletricidade e canaliza\u00e7\u00e3o em Albufeira"}]},{"@type":"WebSite","@id":"https:\/\/algarve7.pt\/#website","url":"https:\/\/algarve7.pt\/","name":"Algarve 7","description":"Informa\u00e7\u00e3o sobre o Algarve","publisher":{"@id":"https:\/\/algarve7.pt\/#organization"},"potentialAction":[{"@type":"SearchAction","target":{"@type":"EntryPoint","urlTemplate":"https:\/\/algarve7.pt\/?s={search_term_string}"},"query-input":{"@type":"PropertyValueSpecification","valueRequired":true,"valueName":"search_term_string"}}],"inLanguage":"pt-PT"},{"@type":"Organization","@id":"https:\/\/algarve7.pt\/#organization","name":"Algarve 7","url":"https:\/\/algarve7.pt\/","logo":{"@type":"ImageObject","inLanguage":"pt-PT","@id":"https:\/\/algarve7.pt\/#\/schema\/logo\/image\/","url":"https:\/\/algarve7.pt\/wp-content\/uploads\/2020\/10\/Logo-8.jpg","contentUrl":"https:\/\/algarve7.pt\/wp-content\/uploads\/2020\/10\/Logo-8.jpg","width":1680,"height":1186,"caption":"Algarve 7"},"image":{"@id":"https:\/\/algarve7.pt\/#\/schema\/logo\/image\/"},"sameAs":["https:\/\/www.facebook.com\/algarve7","https:\/\/x.com\/Algarvesete","https:\/\/www.instagram.com\/jornalalgarve7\/","https:\/\/www.linkedin.com\/company\/algarve7","https:\/\/www.pinterest.pt\/geral0939\/_created\/"]},{"@type":"Person","@id":"https:\/\/algarve7.pt\/#\/schema\/person\/23fa70681308e7b319a3204bcea45e0c","name":"Algarve 7","sameAs":["https:\/\/algarve7.pt","https:\/\/www.facebook.com\/algarve7"],"url":"https:\/\/algarve7.pt\/index.php\/author\/geralalgarve7-pt\/"}]}},"jetpack_publicize_connections":[],"jetpack_featured_media_url":"https:\/\/algarve7.pt\/wp-content\/uploads\/2024\/10\/Curos-APROMA.jpg","jetpack_shortlink":"https:\/\/wp.me\/pcezmW-beE","jetpack_sharing_enabled":true,"_links":{"self":[{"href":"https:\/\/algarve7.pt\/index.php\/wp-json\/wp\/v2\/posts\/43192","targetHints":{"allow":["GET"]}}],"collection":[{"href":"https:\/\/algarve7.pt\/index.php\/wp-json\/wp\/v2\/posts"}],"about":[{"href":"https:\/\/algarve7.pt\/index.php\/wp-json\/wp\/v2\/types\/post"}],"author":[{"embeddable":true,"href":"https:\/\/algarve7.pt\/index.php\/wp-json\/wp\/v2\/users\/1"}],"replies":[{"embeddable":true,"href":"https:\/\/algarve7.pt\/index.php\/wp-json\/wp\/v2\/comments?post=43192"}],"version-history":[{"count":0,"href":"https:\/\/algarve7.pt\/index.php\/wp-json\/wp\/v2\/posts\/43192\/revisions"}],"wp:featuredmedia":[{"embeddable":true,"href":"https:\/\/algarve7.pt\/index.php\/wp-json\/wp\/v2\/media\/43193"}],"wp:attachment":[{"href":"https:\/\/algarve7.pt\/index.php\/wp-json\/wp\/v2\/media?parent=43192"}],"wp:term":[{"taxonomy":"category","embeddable":true,"href":"https:\/\/algarve7.pt\/index.php\/wp-json\/wp\/v2\/categories?post=43192"},{"taxonomy":"post_tag","embeddable":true,"href":"https:\/\/algarve7.pt\/index.php\/wp-json\/wp\/v2\/tags?post=43192"}],"curies":[{"name":"wp","href":"https:\/\/api.w.org\/{rel}","templated":true}]}}