{"id":43181,"date":"2024-10-12T12:05:00","date_gmt":"2024-10-12T11:05:00","guid":{"rendered":"https:\/\/algarve7.pt\/?p=43181"},"modified":"2024-10-11T15:40:19","modified_gmt":"2024-10-11T14:40:19","slug":"municipio-de-sao-bras-de-alportel-sensibiliza-para-a-saude-mental","status":"publish","type":"post","link":"https:\/\/algarve7.pt\/index.php\/2024\/10\/municipio-de-sao-bras-de-alportel-sensibiliza-para-a-saude-mental\/saude\/12\/05\/","title":{"rendered":"Munic\u00edpio de S\u00e3o Br\u00e1s de Alportel sensibiliza para a Sa\u00fade Mental"},"content":{"rendered":"\n<p><strong>Neste \u00e2mbito, a escultura \u201cLiberdade\u201d localizada em plena Avenida da Liberdade da vila foi decorada com o objetivo de alertar para estas problem\u00e1ticas.<\/strong><\/p>\n\n\n\n<p>Importa recordar que Campanha \u201cAgarra a Vida\u201d \u00e9 promovida a n\u00edvel mundial pela OMS, Organiza\u00e7\u00e3o Mundial da Sa\u00fade e pela Associa\u00e7\u00e3o Internacional de Preven\u00e7\u00e3o do Suic\u00eddio e tem o apoio em Portugal da Coordena\u00e7\u00e3o Nacional de Politicas de Sa\u00fade Mental, sociedade Portuguesa de Suicidologia e, no Algarve, da Coordena\u00e7\u00e3o Regional de Sa\u00fade Mental, do Unidade Local de Sa\u00fade Algarve (ULSAlgarve) e do seu Departamento de Psiquiatria e Sa\u00fade Mental, dos Agrupamentos de Centros de Sa\u00fade do Algarve, das diversas Autarquias e institui\u00e7\u00f5es.&nbsp;<\/p>\n\n\n\n<p>Esta sensibiliza\u00e7\u00e3o estende-se ao m\u00eas de outubro, em que se celebra o Dia Mundial da Sa\u00fade Mental.&nbsp;<\/p>\n\n\n\n<p>Uma tert\u00falia intitulada \u201cAqui entre n\u00f3s\u201d ter\u00e1 lugar a 18 de outubro, pelas 21h30, na Galeria Municipal de S\u00e3o Br\u00e1s de Alportel, com o tema \u201cN\u00e3o, n\u00e3o est\u00e1 tudo bem!\u201d.&nbsp;<\/p>\n\n\n\n<p>Este encontro prop\u00f5e uma reflex\u00e3o sobre as epidemias silenciosas da atualidade, como a ansiedade, a depress\u00e3o, o esgotamento e o suic\u00eddio, que afetam pessoas de todas as idades e setores da sociedade.<\/p>\n\n\n\n<p>A iniciativa promovida pelo Munic\u00edpio conta testemunhos na primeira pessoa de quem j\u00e1 viveu momentos complicados e a colabora\u00e7\u00e3o da Associa\u00e7\u00e3o Gon\u00e7alo Assun\u00e7\u00e3o \u201cPrometo Viver\u201d que a 9 de outubro promoveu a sua terceira gala, no Teatro das Figuras, onde foi poss\u00edvel&nbsp;&nbsp;angariar fundos para a abertura de uma nova linha SOS Voz Amiga, que vai apoiar pessoas de todo o pa\u00eds a partir do Algarve, e criar em parceria com a Associa\u00e7\u00e3o de Sa\u00fade Mental do Algarve (ASMAL) v\u00e1rios polos de atendimento \u00e0 comunidade com consultas regulares e gratuitas com profissionais de psicologia. Este projeto vai facilitar a dete\u00e7\u00e3o precoce de doen\u00e7as mentais e permitir\u00e1 interven\u00e7\u00f5es preventivas mais eficazes.&nbsp;<\/p>\n\n\n\n<p>Uma iniciativa que conta com o apoio dos Munic\u00edpios de Faro e de S\u00e3o Br\u00e1s de Alportel.<\/p>\n","protected":false},"excerpt":{"rendered":"<p>Neste \u00e2mbito, a escultura \u201cLiberdade\u201d localizada em plena Avenida da Liberdade da vila foi decorada com o objetivo de alertar<\/p>\n","protected":false},"author":1,"featured_media":43182,"comment_status":"open","ping_status":"open","sticky":false,"template":"","format":"standard","meta":{"colormag_page_container_layout":"default_layout","colormag_page_sidebar_layout":"default_layout","_monsterinsights_skip_tracking":false,"_monsterinsights_sitenote_active":false,"_monsterinsights_sitenote_note":"","_monsterinsights_sitenote_category":0,"jetpack_post_was_ever_published":false,"_jetpack_newsletter_access":"","_jetpack_dont_email_post_to_subs":false,"_jetpack_newsletter_tier_id":0,"_jetpack_memberships_contains_paywalled_content":false,"_jetpack_memberships_contains_paid_content":false,"footnotes":"","jetpack_publicize_message":"","jetpack_publicize_feature_enabled":true,"jetpack_social_post_already_shared":false,"jetpack_social_options":{"image_generator_settings":{"template":"highway","default_image_id":0,"font":"","enabled":false},"version":2}},"categories":[59],"tags":[36,63,58],"class_list":["post-43181","post","type-post","status-publish","format-standard","has-post-thumbnail","hentry","category-saude","tag-algarve","tag-sao-bras-de-alportel","tag-saude"],"yoast_head":"<!-- This site is optimized with the Yoast SEO plugin v27.5 - https:\/\/yoast.com\/product\/yoast-seo-wordpress\/ -->\n<title>Munic\u00edpio de S\u00e3o Br\u00e1s de Alportel sensibiliza para a Sa\u00fade Mental - Algarve 7<\/title>\n<meta name=\"description\" content=\"Munic\u00edpio de S\u00e3o Br\u00e1s de Alportel sensibiliza para a Sa\u00fade Mental Sa\u00fade\" \/>\n<meta name=\"robots\" content=\"index, follow, max-snippet:-1, max-image-preview:large, max-video-preview:-1\" \/>\n<link rel=\"canonical\" href=\"https:\/\/algarve7.pt\/index.php\/2024\/10\/municipio-de-sao-bras-de-alportel-sensibiliza-para-a-saude-mental\/saude\/12\/05\/\" \/>\n<meta property=\"og:locale\" content=\"pt_PT\" \/>\n<meta property=\"og:type\" content=\"article\" \/>\n<meta property=\"og:title\" content=\"Munic\u00edpio de S\u00e3o Br\u00e1s de Alportel sensibiliza para a Sa\u00fade Mental - Algarve 7\" \/>\n<meta property=\"og:description\" content=\"Munic\u00edpio de S\u00e3o Br\u00e1s de Alportel sensibiliza para a Sa\u00fade Mental Sa\u00fade\" \/>\n<meta property=\"og:url\" content=\"https:\/\/algarve7.pt\/index.php\/2024\/10\/municipio-de-sao-bras-de-alportel-sensibiliza-para-a-saude-mental\/saude\/12\/05\/\" \/>\n<meta property=\"og:site_name\" content=\"Algarve 7\" \/>\n<meta property=\"article:publisher\" content=\"https:\/\/www.facebook.com\/algarve7\" \/>\n<meta property=\"article:author\" content=\"https:\/\/www.facebook.com\/algarve7\" \/>\n<meta property=\"article:published_time\" content=\"2024-10-12T11:05:00+00:00\" \/>\n<meta property=\"og:image\" content=\"https:\/\/algarve7.pt\/wp-content\/uploads\/2024\/10\/SBA_Av_liberdade_Campanha_agarra_a_vida_a.jpg\" \/>\n\t<meta property=\"og:image:width\" content=\"800\" \/>\n\t<meta property=\"og:image:height\" content=\"470\" \/>\n\t<meta property=\"og:image:type\" content=\"image\/jpeg\" \/>\n<meta name=\"author\" content=\"Algarve 7\" \/>\n<meta name=\"twitter:card\" content=\"summary_large_image\" \/>\n<meta name=\"twitter:creator\" content=\"@Algarvesete\" \/>\n<meta name=\"twitter:site\" content=\"@Algarvesete\" \/>\n<meta name=\"twitter:label1\" content=\"Escrito por\" \/>\n\t<meta name=\"twitter:data1\" content=\"Algarve 7\" \/>\n\t<meta name=\"twitter:label2\" content=\"Tempo estimado de leitura\" \/>\n\t<meta name=\"twitter:data2\" content=\"2 minutos\" \/>\n<script type=\"application\/ld+json\" class=\"yoast-schema-graph\">{\"@context\":\"https:\\\/\\\/schema.org\",\"@graph\":[{\"@type\":\"Article\",\"@id\":\"https:\\\/\\\/algarve7.pt\\\/index.php\\\/2024\\\/10\\\/municipio-de-sao-bras-de-alportel-sensibiliza-para-a-saude-mental\\\/saude\\\/12\\\/05\\\/#article\",\"isPartOf\":{\"@id\":\"https:\\\/\\\/algarve7.pt\\\/index.php\\\/2024\\\/10\\\/municipio-de-sao-bras-de-alportel-sensibiliza-para-a-saude-mental\\\/saude\\\/12\\\/05\\\/\"},\"author\":{\"name\":\"Algarve 7\",\"@id\":\"https:\\\/\\\/algarve7.pt\\\/#\\\/schema\\\/person\\\/23fa70681308e7b319a3204bcea45e0c\"},\"headline\":\"Munic\u00edpio de S\u00e3o Br\u00e1s de Alportel sensibiliza para a Sa\u00fade Mental\",\"datePublished\":\"2024-10-12T11:05:00+00:00\",\"mainEntityOfPage\":{\"@id\":\"https:\\\/\\\/algarve7.pt\\\/index.php\\\/2024\\\/10\\\/municipio-de-sao-bras-de-alportel-sensibiliza-para-a-saude-mental\\\/saude\\\/12\\\/05\\\/\"},\"wordCount\":372,\"commentCount\":0,\"publisher\":{\"@id\":\"https:\\\/\\\/algarve7.pt\\\/#organization\"},\"image\":{\"@id\":\"https:\\\/\\\/algarve7.pt\\\/index.php\\\/2024\\\/10\\\/municipio-de-sao-bras-de-alportel-sensibiliza-para-a-saude-mental\\\/saude\\\/12\\\/05\\\/#primaryimage\"},\"thumbnailUrl\":\"https:\\\/\\\/algarve7.pt\\\/wp-content\\\/uploads\\\/2024\\\/10\\\/SBA_Av_liberdade_Campanha_agarra_a_vida_a.jpg\",\"keywords\":[\"Algarve\",\"S\u00e3o Br\u00e1s de Alportel\",\"Sa\u00fade\"],\"articleSection\":[\"Sa\u00fade\"],\"inLanguage\":\"pt-PT\",\"potentialAction\":[{\"@type\":\"CommentAction\",\"name\":\"Comment\",\"target\":[\"https:\\\/\\\/algarve7.pt\\\/index.php\\\/2024\\\/10\\\/municipio-de-sao-bras-de-alportel-sensibiliza-para-a-saude-mental\\\/saude\\\/12\\\/05\\\/#respond\"]}]},{\"@type\":\"WebPage\",\"@id\":\"https:\\\/\\\/algarve7.pt\\\/index.php\\\/2024\\\/10\\\/municipio-de-sao-bras-de-alportel-sensibiliza-para-a-saude-mental\\\/saude\\\/12\\\/05\\\/\",\"url\":\"https:\\\/\\\/algarve7.pt\\\/index.php\\\/2024\\\/10\\\/municipio-de-sao-bras-de-alportel-sensibiliza-para-a-saude-mental\\\/saude\\\/12\\\/05\\\/\",\"name\":\"Munic\u00edpio de S\u00e3o Br\u00e1s de Alportel sensibiliza para a Sa\u00fade Mental - Algarve 7\",\"isPartOf\":{\"@id\":\"https:\\\/\\\/algarve7.pt\\\/#website\"},\"primaryImageOfPage\":{\"@id\":\"https:\\\/\\\/algarve7.pt\\\/index.php\\\/2024\\\/10\\\/municipio-de-sao-bras-de-alportel-sensibiliza-para-a-saude-mental\\\/saude\\\/12\\\/05\\\/#primaryimage\"},\"image\":{\"@id\":\"https:\\\/\\\/algarve7.pt\\\/index.php\\\/2024\\\/10\\\/municipio-de-sao-bras-de-alportel-sensibiliza-para-a-saude-mental\\\/saude\\\/12\\\/05\\\/#primaryimage\"},\"thumbnailUrl\":\"https:\\\/\\\/algarve7.pt\\\/wp-content\\\/uploads\\\/2024\\\/10\\\/SBA_Av_liberdade_Campanha_agarra_a_vida_a.jpg\",\"datePublished\":\"2024-10-12T11:05:00+00:00\",\"description\":\"Munic\u00edpio de S\u00e3o Br\u00e1s de Alportel sensibiliza para a Sa\u00fade Mental Sa\u00fade\",\"breadcrumb\":{\"@id\":\"https:\\\/\\\/algarve7.pt\\\/index.php\\\/2024\\\/10\\\/municipio-de-sao-bras-de-alportel-sensibiliza-para-a-saude-mental\\\/saude\\\/12\\\/05\\\/#breadcrumb\"},\"inLanguage\":\"pt-PT\",\"potentialAction\":[{\"@type\":\"ReadAction\",\"target\":[\"https:\\\/\\\/algarve7.pt\\\/index.php\\\/2024\\\/10\\\/municipio-de-sao-bras-de-alportel-sensibiliza-para-a-saude-mental\\\/saude\\\/12\\\/05\\\/\"]}]},{\"@type\":\"ImageObject\",\"inLanguage\":\"pt-PT\",\"@id\":\"https:\\\/\\\/algarve7.pt\\\/index.php\\\/2024\\\/10\\\/municipio-de-sao-bras-de-alportel-sensibiliza-para-a-saude-mental\\\/saude\\\/12\\\/05\\\/#primaryimage\",\"url\":\"https:\\\/\\\/algarve7.pt\\\/wp-content\\\/uploads\\\/2024\\\/10\\\/SBA_Av_liberdade_Campanha_agarra_a_vida_a.jpg\",\"contentUrl\":\"https:\\\/\\\/algarve7.pt\\\/wp-content\\\/uploads\\\/2024\\\/10\\\/SBA_Av_liberdade_Campanha_agarra_a_vida_a.jpg\",\"width\":800,\"height\":470},{\"@type\":\"BreadcrumbList\",\"@id\":\"https:\\\/\\\/algarve7.pt\\\/index.php\\\/2024\\\/10\\\/municipio-de-sao-bras-de-alportel-sensibiliza-para-a-saude-mental\\\/saude\\\/12\\\/05\\\/#breadcrumb\",\"itemListElement\":[{\"@type\":\"ListItem\",\"position\":1,\"name\":\"In\u00edcio\",\"item\":\"https:\\\/\\\/algarve7.pt\\\/\"},{\"@type\":\"ListItem\",\"position\":2,\"name\":\"Munic\u00edpio de S\u00e3o Br\u00e1s de Alportel sensibiliza para a Sa\u00fade Mental\"}]},{\"@type\":\"WebSite\",\"@id\":\"https:\\\/\\\/algarve7.pt\\\/#website\",\"url\":\"https:\\\/\\\/algarve7.pt\\\/\",\"name\":\"Algarve 7\",\"description\":\"Informa\u00e7\u00e3o sobre o Algarve\",\"publisher\":{\"@id\":\"https:\\\/\\\/algarve7.pt\\\/#organization\"},\"potentialAction\":[{\"@type\":\"SearchAction\",\"target\":{\"@type\":\"EntryPoint\",\"urlTemplate\":\"https:\\\/\\\/algarve7.pt\\\/?s={search_term_string}\"},\"query-input\":{\"@type\":\"PropertyValueSpecification\",\"valueRequired\":true,\"valueName\":\"search_term_string\"}}],\"inLanguage\":\"pt-PT\"},{\"@type\":\"Organization\",\"@id\":\"https:\\\/\\\/algarve7.pt\\\/#organization\",\"name\":\"Algarve 7\",\"url\":\"https:\\\/\\\/algarve7.pt\\\/\",\"logo\":{\"@type\":\"ImageObject\",\"inLanguage\":\"pt-PT\",\"@id\":\"https:\\\/\\\/algarve7.pt\\\/#\\\/schema\\\/logo\\\/image\\\/\",\"url\":\"https:\\\/\\\/algarve7.pt\\\/wp-content\\\/uploads\\\/2020\\\/10\\\/Logo-8.jpg\",\"contentUrl\":\"https:\\\/\\\/algarve7.pt\\\/wp-content\\\/uploads\\\/2020\\\/10\\\/Logo-8.jpg\",\"width\":1680,\"height\":1186,\"caption\":\"Algarve 7\"},\"image\":{\"@id\":\"https:\\\/\\\/algarve7.pt\\\/#\\\/schema\\\/logo\\\/image\\\/\"},\"sameAs\":[\"https:\\\/\\\/www.facebook.com\\\/algarve7\",\"https:\\\/\\\/x.com\\\/Algarvesete\",\"https:\\\/\\\/www.instagram.com\\\/jornalalgarve7\\\/\",\"https:\\\/\\\/www.linkedin.com\\\/company\\\/algarve7\",\"https:\\\/\\\/www.pinterest.pt\\\/geral0939\\\/_created\\\/\"]},{\"@type\":\"Person\",\"@id\":\"https:\\\/\\\/algarve7.pt\\\/#\\\/schema\\\/person\\\/23fa70681308e7b319a3204bcea45e0c\",\"name\":\"Algarve 7\",\"sameAs\":[\"https:\\\/\\\/algarve7.pt\",\"https:\\\/\\\/www.facebook.com\\\/algarve7\"],\"url\":\"https:\\\/\\\/algarve7.pt\\\/index.php\\\/author\\\/geralalgarve7-pt\\\/\"}]}<\/script>\n<!-- \/ Yoast SEO plugin. -->","yoast_head_json":{"title":"Munic\u00edpio de S\u00e3o Br\u00e1s de Alportel sensibiliza para a Sa\u00fade Mental - Algarve 7","description":"Munic\u00edpio de S\u00e3o Br\u00e1s de Alportel sensibiliza para a Sa\u00fade Mental Sa\u00fade","robots":{"index":"index","follow":"follow","max-snippet":"max-snippet:-1","max-image-preview":"max-image-preview:large","max-video-preview":"max-video-preview:-1"},"canonical":"https:\/\/algarve7.pt\/index.php\/2024\/10\/municipio-de-sao-bras-de-alportel-sensibiliza-para-a-saude-mental\/saude\/12\/05\/","og_locale":"pt_PT","og_type":"article","og_title":"Munic\u00edpio de S\u00e3o Br\u00e1s de Alportel sensibiliza para a Sa\u00fade Mental - Algarve 7","og_description":"Munic\u00edpio de S\u00e3o Br\u00e1s de Alportel sensibiliza para a Sa\u00fade Mental Sa\u00fade","og_url":"https:\/\/algarve7.pt\/index.php\/2024\/10\/municipio-de-sao-bras-de-alportel-sensibiliza-para-a-saude-mental\/saude\/12\/05\/","og_site_name":"Algarve 7","article_publisher":"https:\/\/www.facebook.com\/algarve7","article_author":"https:\/\/www.facebook.com\/algarve7","article_published_time":"2024-10-12T11:05:00+00:00","og_image":[{"width":800,"height":470,"url":"https:\/\/algarve7.pt\/wp-content\/uploads\/2024\/10\/SBA_Av_liberdade_Campanha_agarra_a_vida_a.jpg","type":"image\/jpeg"}],"author":"Algarve 7","twitter_card":"summary_large_image","twitter_creator":"@Algarvesete","twitter_site":"@Algarvesete","twitter_misc":{"Escrito por":"Algarve 7","Tempo estimado de leitura":"2 minutos"},"schema":{"@context":"https:\/\/schema.org","@graph":[{"@type":"Article","@id":"https:\/\/algarve7.pt\/index.php\/2024\/10\/municipio-de-sao-bras-de-alportel-sensibiliza-para-a-saude-mental\/saude\/12\/05\/#article","isPartOf":{"@id":"https:\/\/algarve7.pt\/index.php\/2024\/10\/municipio-de-sao-bras-de-alportel-sensibiliza-para-a-saude-mental\/saude\/12\/05\/"},"author":{"name":"Algarve 7","@id":"https:\/\/algarve7.pt\/#\/schema\/person\/23fa70681308e7b319a3204bcea45e0c"},"headline":"Munic\u00edpio de S\u00e3o Br\u00e1s de Alportel sensibiliza para a Sa\u00fade Mental","datePublished":"2024-10-12T11:05:00+00:00","mainEntityOfPage":{"@id":"https:\/\/algarve7.pt\/index.php\/2024\/10\/municipio-de-sao-bras-de-alportel-sensibiliza-para-a-saude-mental\/saude\/12\/05\/"},"wordCount":372,"commentCount":0,"publisher":{"@id":"https:\/\/algarve7.pt\/#organization"},"image":{"@id":"https:\/\/algarve7.pt\/index.php\/2024\/10\/municipio-de-sao-bras-de-alportel-sensibiliza-para-a-saude-mental\/saude\/12\/05\/#primaryimage"},"thumbnailUrl":"https:\/\/algarve7.pt\/wp-content\/uploads\/2024\/10\/SBA_Av_liberdade_Campanha_agarra_a_vida_a.jpg","keywords":["Algarve","S\u00e3o Br\u00e1s de Alportel","Sa\u00fade"],"articleSection":["Sa\u00fade"],"inLanguage":"pt-PT","potentialAction":[{"@type":"CommentAction","name":"Comment","target":["https:\/\/algarve7.pt\/index.php\/2024\/10\/municipio-de-sao-bras-de-alportel-sensibiliza-para-a-saude-mental\/saude\/12\/05\/#respond"]}]},{"@type":"WebPage","@id":"https:\/\/algarve7.pt\/index.php\/2024\/10\/municipio-de-sao-bras-de-alportel-sensibiliza-para-a-saude-mental\/saude\/12\/05\/","url":"https:\/\/algarve7.pt\/index.php\/2024\/10\/municipio-de-sao-bras-de-alportel-sensibiliza-para-a-saude-mental\/saude\/12\/05\/","name":"Munic\u00edpio de S\u00e3o Br\u00e1s de Alportel sensibiliza para a Sa\u00fade Mental - Algarve 7","isPartOf":{"@id":"https:\/\/algarve7.pt\/#website"},"primaryImageOfPage":{"@id":"https:\/\/algarve7.pt\/index.php\/2024\/10\/municipio-de-sao-bras-de-alportel-sensibiliza-para-a-saude-mental\/saude\/12\/05\/#primaryimage"},"image":{"@id":"https:\/\/algarve7.pt\/index.php\/2024\/10\/municipio-de-sao-bras-de-alportel-sensibiliza-para-a-saude-mental\/saude\/12\/05\/#primaryimage"},"thumbnailUrl":"https:\/\/algarve7.pt\/wp-content\/uploads\/2024\/10\/SBA_Av_liberdade_Campanha_agarra_a_vida_a.jpg","datePublished":"2024-10-12T11:05:00+00:00","description":"Munic\u00edpio de S\u00e3o Br\u00e1s de Alportel sensibiliza para a Sa\u00fade Mental Sa\u00fade","breadcrumb":{"@id":"https:\/\/algarve7.pt\/index.php\/2024\/10\/municipio-de-sao-bras-de-alportel-sensibiliza-para-a-saude-mental\/saude\/12\/05\/#breadcrumb"},"inLanguage":"pt-PT","potentialAction":[{"@type":"ReadAction","target":["https:\/\/algarve7.pt\/index.php\/2024\/10\/municipio-de-sao-bras-de-alportel-sensibiliza-para-a-saude-mental\/saude\/12\/05\/"]}]},{"@type":"ImageObject","inLanguage":"pt-PT","@id":"https:\/\/algarve7.pt\/index.php\/2024\/10\/municipio-de-sao-bras-de-alportel-sensibiliza-para-a-saude-mental\/saude\/12\/05\/#primaryimage","url":"https:\/\/algarve7.pt\/wp-content\/uploads\/2024\/10\/SBA_Av_liberdade_Campanha_agarra_a_vida_a.jpg","contentUrl":"https:\/\/algarve7.pt\/wp-content\/uploads\/2024\/10\/SBA_Av_liberdade_Campanha_agarra_a_vida_a.jpg","width":800,"height":470},{"@type":"BreadcrumbList","@id":"https:\/\/algarve7.pt\/index.php\/2024\/10\/municipio-de-sao-bras-de-alportel-sensibiliza-para-a-saude-mental\/saude\/12\/05\/#breadcrumb","itemListElement":[{"@type":"ListItem","position":1,"name":"In\u00edcio","item":"https:\/\/algarve7.pt\/"},{"@type":"ListItem","position":2,"name":"Munic\u00edpio de S\u00e3o Br\u00e1s de Alportel sensibiliza para a Sa\u00fade Mental"}]},{"@type":"WebSite","@id":"https:\/\/algarve7.pt\/#website","url":"https:\/\/algarve7.pt\/","name":"Algarve 7","description":"Informa\u00e7\u00e3o sobre o Algarve","publisher":{"@id":"https:\/\/algarve7.pt\/#organization"},"potentialAction":[{"@type":"SearchAction","target":{"@type":"EntryPoint","urlTemplate":"https:\/\/algarve7.pt\/?s={search_term_string}"},"query-input":{"@type":"PropertyValueSpecification","valueRequired":true,"valueName":"search_term_string"}}],"inLanguage":"pt-PT"},{"@type":"Organization","@id":"https:\/\/algarve7.pt\/#organization","name":"Algarve 7","url":"https:\/\/algarve7.pt\/","logo":{"@type":"ImageObject","inLanguage":"pt-PT","@id":"https:\/\/algarve7.pt\/#\/schema\/logo\/image\/","url":"https:\/\/algarve7.pt\/wp-content\/uploads\/2020\/10\/Logo-8.jpg","contentUrl":"https:\/\/algarve7.pt\/wp-content\/uploads\/2020\/10\/Logo-8.jpg","width":1680,"height":1186,"caption":"Algarve 7"},"image":{"@id":"https:\/\/algarve7.pt\/#\/schema\/logo\/image\/"},"sameAs":["https:\/\/www.facebook.com\/algarve7","https:\/\/x.com\/Algarvesete","https:\/\/www.instagram.com\/jornalalgarve7\/","https:\/\/www.linkedin.com\/company\/algarve7","https:\/\/www.pinterest.pt\/geral0939\/_created\/"]},{"@type":"Person","@id":"https:\/\/algarve7.pt\/#\/schema\/person\/23fa70681308e7b319a3204bcea45e0c","name":"Algarve 7","sameAs":["https:\/\/algarve7.pt","https:\/\/www.facebook.com\/algarve7"],"url":"https:\/\/algarve7.pt\/index.php\/author\/geralalgarve7-pt\/"}]}},"jetpack_publicize_connections":[],"jetpack_featured_media_url":"https:\/\/algarve7.pt\/wp-content\/uploads\/2024\/10\/SBA_Av_liberdade_Campanha_agarra_a_vida_a.jpg","jetpack_shortlink":"https:\/\/wp.me\/pcezmW-bet","jetpack_sharing_enabled":true,"_links":{"self":[{"href":"https:\/\/algarve7.pt\/index.php\/wp-json\/wp\/v2\/posts\/43181","targetHints":{"allow":["GET"]}}],"collection":[{"href":"https:\/\/algarve7.pt\/index.php\/wp-json\/wp\/v2\/posts"}],"about":[{"href":"https:\/\/algarve7.pt\/index.php\/wp-json\/wp\/v2\/types\/post"}],"author":[{"embeddable":true,"href":"https:\/\/algarve7.pt\/index.php\/wp-json\/wp\/v2\/users\/1"}],"replies":[{"embeddable":true,"href":"https:\/\/algarve7.pt\/index.php\/wp-json\/wp\/v2\/comments?post=43181"}],"version-history":[{"count":0,"href":"https:\/\/algarve7.pt\/index.php\/wp-json\/wp\/v2\/posts\/43181\/revisions"}],"wp:featuredmedia":[{"embeddable":true,"href":"https:\/\/algarve7.pt\/index.php\/wp-json\/wp\/v2\/media\/43182"}],"wp:attachment":[{"href":"https:\/\/algarve7.pt\/index.php\/wp-json\/wp\/v2\/media?parent=43181"}],"wp:term":[{"taxonomy":"category","embeddable":true,"href":"https:\/\/algarve7.pt\/index.php\/wp-json\/wp\/v2\/categories?post=43181"},{"taxonomy":"post_tag","embeddable":true,"href":"https:\/\/algarve7.pt\/index.php\/wp-json\/wp\/v2\/tags?post=43181"}],"curies":[{"name":"wp","href":"https:\/\/api.w.org\/{rel}","templated":true}]}}