{"id":43166,"date":"2024-10-11T14:56:18","date_gmt":"2024-10-11T13:56:18","guid":{"rendered":"https:\/\/algarve7.pt\/?p=43166"},"modified":"2024-10-11T14:56:20","modified_gmt":"2024-10-11T13:56:20","slug":"campanha-vale-da-cruz-vermelha-regressa-para-a-ultima-edicao-do-ano","status":"publish","type":"post","link":"https:\/\/algarve7.pt\/index.php\/2024\/10\/campanha-vale-da-cruz-vermelha-regressa-para-a-ultima-edicao-do-ano\/nacional\/14\/56\/","title":{"rendered":"Campanha vale+ da cruz vermelha regressa para a \u00faltima edi\u00e7\u00e3o do ano"},"content":{"rendered":"\n<p><strong>De 10 a 20 de outubro, em todas as lojas Lidl, pode apoiar quem mais precisa atrav\u00e9s de vales solid\u00e1rios.<\/strong><\/p>\n\n\n\n<p><strong>A Cruz Vermelha Portuguesa (CVP) apela \u00e0 solidariedade dos portugueses para se envolverem na Campanha Vale+,<\/strong> uma iniciativa que j\u00e1 angariou centenas de milhares de refei\u00e7\u00f5es para pessoas em situa\u00e7\u00e3o de vulnerabilidade. Nas edi\u00e7\u00f5es realizadas em mar\u00e7o e julho de 2024, foram recolhidos 316.505 produtos essenciais, demonstrando a for\u00e7a da solidariedade dos portugueses. Agora, na sua \u00faltima edi\u00e7\u00e3o do ano, a campanha regressa \u00e0s lojas Lidl, de 10 a 20 de outubro, reafirmando o compromisso inabal\u00e1vel da CVP em apoiar aqueles que mais precisam.<\/p>\n\n\n\n<p>Num momento em que a necessidade de ajuda se torna cada vez mais urgente para as fam\u00edlias em Portugal, a campanha Vale+ oferece a todos a oportunidade de transformar a vida de quem mais precisa. Durante o ato de pagamento das suas compras, os clientes podem adquirir vales monet\u00e1rios, no valor de 1, 2 ou 5 euros. Esta a\u00e7\u00e3o simples pode ter um impacto real na vida de muitos.<\/p>\n\n\n\n<p>Para intensificar a mobiliza\u00e7\u00e3o, no primeiro fim de semana da campanha, 12 e 13 de outubro, volunt\u00e1rios da Cruz Vermelha Portuguesa estar\u00e3o presentes nas lojas Lidl, recolhendo doa\u00e7\u00f5es de produtos essenciais, como alimentos n\u00e3o perec\u00edveis e itens de higiene.<\/p>\n\n\n\n<p><em>\u201cA Cruz Vermelha trabalha para a constru\u00e7\u00e3o de um futuro mais digno e humano, com menos vulnerabilidades e desigualdades, \u00e9 nossa ambi\u00e7\u00e3o fazer mais. A Campanha Vale+ est\u00e1 assente na premissa de que se todos dermos um bocadinho mais, ajudamos mais e melhor, todos juntos. Com a ajuda dos portugueses a Cruz Vermelha consegue aumentar a capacidade de responder a desigualdades sociais e apoiar fam\u00edlias em situa\u00e7\u00f5es vulner\u00e1veis, em situa\u00e7\u00e3o de sem abrigo, migrantes e refugiados. Apelo \u00e0 participa\u00e7\u00e3o e \u00e0 solidariedade de todos.\u201d<\/em> \u2013 refor\u00e7a o Presidente Nacional da Cruz Vermelha, Ant\u00f3nio Saraiva.<\/p>\n\n\n\n<p>A atua\u00e7\u00e3o da CVP abrange todo o territ\u00f3rio nacional, onde desenvolve programas sociais que visam mitigar as vulnerabilidades enfrentadas por indiv\u00edduos e fam\u00edlias. Atrav\u00e9s de um acompanhamento individualizado, a CVP disponibiliza apoio numa alimenta\u00e7\u00e3o digna e equilibrada, bem como assist\u00eancia no pagamento de despesas b\u00e1sicas, incluindo rendas, contas de \u00e1gua e luz, e at\u00e9 despesas m\u00e9dicas. O objetivo da Cruz Vermelha \u00e9, n\u00e3o apenas aliviar a situa\u00e7\u00e3o imediata, mas tamb\u00e9m capacitar aqueles que apoia, quebrando o ciclo da pobreza e ajudando-os a reconstruir as suas vidas de forma mais sustent\u00e1vel.<\/p>\n\n\n\n<p>Com o crescente n\u00famero de pedidos de ajuda por parte das fam\u00edlias em Portugal, a participa\u00e7\u00e3o de todos \u00e9 fundamental.<\/p>\n","protected":false},"excerpt":{"rendered":"<p>De 10 a 20 de outubro, em todas as lojas Lidl, pode apoiar quem mais precisa atrav\u00e9s de vales solid\u00e1rios.<\/p>\n","protected":false},"author":1,"featured_media":43167,"comment_status":"open","ping_status":"open","sticky":false,"template":"","format":"standard","meta":{"colormag_page_container_layout":"default_layout","colormag_page_sidebar_layout":"default_layout","_monsterinsights_skip_tracking":false,"_monsterinsights_sitenote_active":false,"_monsterinsights_sitenote_note":"","_monsterinsights_sitenote_category":0,"jetpack_post_was_ever_published":false,"_jetpack_newsletter_access":"","_jetpack_dont_email_post_to_subs":false,"_jetpack_newsletter_tier_id":0,"_jetpack_memberships_contains_paywalled_content":false,"_jetpack_memberships_contains_paid_content":false,"footnotes":"","jetpack_publicize_message":"","jetpack_publicize_feature_enabled":true,"jetpack_social_post_already_shared":false,"jetpack_social_options":{"image_generator_settings":{"template":"highway","default_image_id":0,"font":"","enabled":false},"version":2}},"categories":[189],"tags":[584,98],"class_list":["post-43166","post","type-post","status-publish","format-standard","has-post-thumbnail","hentry","category-nacional","tag-cruz-vermelha-portuguesa","tag-nacional"],"yoast_head":"<!-- This site is optimized with the Yoast SEO plugin v27.5 - https:\/\/yoast.com\/product\/yoast-seo-wordpress\/ -->\n<title>Campanha vale+ da cruz vermelha regressa para a \u00faltima edi\u00e7\u00e3o do ano - Algarve 7<\/title>\n<meta name=\"description\" content=\"Campanha vale+ da cruz vermelha regressa para a \u00faltima edi\u00e7\u00e3o do ano Nacional\" \/>\n<meta name=\"robots\" content=\"index, follow, max-snippet:-1, max-image-preview:large, max-video-preview:-1\" \/>\n<link rel=\"canonical\" href=\"https:\/\/algarve7.pt\/index.php\/2024\/10\/campanha-vale-da-cruz-vermelha-regressa-para-a-ultima-edicao-do-ano\/nacional\/14\/56\/\" \/>\n<meta property=\"og:locale\" content=\"pt_PT\" \/>\n<meta property=\"og:type\" content=\"article\" \/>\n<meta property=\"og:title\" content=\"Campanha vale+ da cruz vermelha regressa para a \u00faltima edi\u00e7\u00e3o do ano - Algarve 7\" \/>\n<meta property=\"og:description\" content=\"Campanha vale+ da cruz vermelha regressa para a \u00faltima edi\u00e7\u00e3o do ano Nacional\" \/>\n<meta property=\"og:url\" content=\"https:\/\/algarve7.pt\/index.php\/2024\/10\/campanha-vale-da-cruz-vermelha-regressa-para-a-ultima-edicao-do-ano\/nacional\/14\/56\/\" \/>\n<meta property=\"og:site_name\" content=\"Algarve 7\" \/>\n<meta property=\"article:publisher\" content=\"https:\/\/www.facebook.com\/algarve7\" \/>\n<meta property=\"article:author\" content=\"https:\/\/www.facebook.com\/algarve7\" \/>\n<meta property=\"article:published_time\" content=\"2024-10-11T13:56:18+00:00\" \/>\n<meta property=\"article:modified_time\" content=\"2024-10-11T13:56:20+00:00\" \/>\n<meta property=\"og:image\" content=\"https:\/\/algarve7.pt\/wp-content\/uploads\/2024\/10\/Captura-de-ecra-2024-10-11-as-14.51.00.png\" \/>\n\t<meta property=\"og:image:width\" content=\"800\" \/>\n\t<meta property=\"og:image:height\" content=\"470\" \/>\n\t<meta property=\"og:image:type\" content=\"image\/png\" \/>\n<meta name=\"author\" content=\"Algarve 7\" \/>\n<meta name=\"twitter:card\" content=\"summary_large_image\" \/>\n<meta name=\"twitter:creator\" content=\"@Algarvesete\" \/>\n<meta name=\"twitter:site\" content=\"@Algarvesete\" \/>\n<meta name=\"twitter:label1\" content=\"Escrito por\" \/>\n\t<meta name=\"twitter:data1\" content=\"Algarve 7\" \/>\n\t<meta name=\"twitter:label2\" content=\"Tempo estimado de leitura\" \/>\n\t<meta name=\"twitter:data2\" content=\"3 minutos\" \/>\n<script type=\"application\/ld+json\" class=\"yoast-schema-graph\">{\"@context\":\"https:\\\/\\\/schema.org\",\"@graph\":[{\"@type\":\"Article\",\"@id\":\"https:\\\/\\\/algarve7.pt\\\/index.php\\\/2024\\\/10\\\/campanha-vale-da-cruz-vermelha-regressa-para-a-ultima-edicao-do-ano\\\/nacional\\\/14\\\/56\\\/#article\",\"isPartOf\":{\"@id\":\"https:\\\/\\\/algarve7.pt\\\/index.php\\\/2024\\\/10\\\/campanha-vale-da-cruz-vermelha-regressa-para-a-ultima-edicao-do-ano\\\/nacional\\\/14\\\/56\\\/\"},\"author\":{\"name\":\"Algarve 7\",\"@id\":\"https:\\\/\\\/algarve7.pt\\\/#\\\/schema\\\/person\\\/23fa70681308e7b319a3204bcea45e0c\"},\"headline\":\"Campanha vale+ da cruz vermelha regressa para a \u00faltima edi\u00e7\u00e3o do ano\",\"datePublished\":\"2024-10-11T13:56:18+00:00\",\"dateModified\":\"2024-10-11T13:56:20+00:00\",\"mainEntityOfPage\":{\"@id\":\"https:\\\/\\\/algarve7.pt\\\/index.php\\\/2024\\\/10\\\/campanha-vale-da-cruz-vermelha-regressa-para-a-ultima-edicao-do-ano\\\/nacional\\\/14\\\/56\\\/\"},\"wordCount\":454,\"commentCount\":0,\"publisher\":{\"@id\":\"https:\\\/\\\/algarve7.pt\\\/#organization\"},\"image\":{\"@id\":\"https:\\\/\\\/algarve7.pt\\\/index.php\\\/2024\\\/10\\\/campanha-vale-da-cruz-vermelha-regressa-para-a-ultima-edicao-do-ano\\\/nacional\\\/14\\\/56\\\/#primaryimage\"},\"thumbnailUrl\":\"https:\\\/\\\/algarve7.pt\\\/wp-content\\\/uploads\\\/2024\\\/10\\\/Captura-de-ecra-2024-10-11-as-14.51.00.png\",\"keywords\":[\"Cruz Vermelha Portuguesa\",\"Nacional\"],\"articleSection\":[\"Nacional\"],\"inLanguage\":\"pt-PT\",\"potentialAction\":[{\"@type\":\"CommentAction\",\"name\":\"Comment\",\"target\":[\"https:\\\/\\\/algarve7.pt\\\/index.php\\\/2024\\\/10\\\/campanha-vale-da-cruz-vermelha-regressa-para-a-ultima-edicao-do-ano\\\/nacional\\\/14\\\/56\\\/#respond\"]}]},{\"@type\":\"WebPage\",\"@id\":\"https:\\\/\\\/algarve7.pt\\\/index.php\\\/2024\\\/10\\\/campanha-vale-da-cruz-vermelha-regressa-para-a-ultima-edicao-do-ano\\\/nacional\\\/14\\\/56\\\/\",\"url\":\"https:\\\/\\\/algarve7.pt\\\/index.php\\\/2024\\\/10\\\/campanha-vale-da-cruz-vermelha-regressa-para-a-ultima-edicao-do-ano\\\/nacional\\\/14\\\/56\\\/\",\"name\":\"Campanha vale+ da cruz vermelha regressa para a \u00faltima edi\u00e7\u00e3o do ano - Algarve 7\",\"isPartOf\":{\"@id\":\"https:\\\/\\\/algarve7.pt\\\/#website\"},\"primaryImageOfPage\":{\"@id\":\"https:\\\/\\\/algarve7.pt\\\/index.php\\\/2024\\\/10\\\/campanha-vale-da-cruz-vermelha-regressa-para-a-ultima-edicao-do-ano\\\/nacional\\\/14\\\/56\\\/#primaryimage\"},\"image\":{\"@id\":\"https:\\\/\\\/algarve7.pt\\\/index.php\\\/2024\\\/10\\\/campanha-vale-da-cruz-vermelha-regressa-para-a-ultima-edicao-do-ano\\\/nacional\\\/14\\\/56\\\/#primaryimage\"},\"thumbnailUrl\":\"https:\\\/\\\/algarve7.pt\\\/wp-content\\\/uploads\\\/2024\\\/10\\\/Captura-de-ecra-2024-10-11-as-14.51.00.png\",\"datePublished\":\"2024-10-11T13:56:18+00:00\",\"dateModified\":\"2024-10-11T13:56:20+00:00\",\"description\":\"Campanha vale+ da cruz vermelha regressa para a \u00faltima edi\u00e7\u00e3o do ano Nacional\",\"breadcrumb\":{\"@id\":\"https:\\\/\\\/algarve7.pt\\\/index.php\\\/2024\\\/10\\\/campanha-vale-da-cruz-vermelha-regressa-para-a-ultima-edicao-do-ano\\\/nacional\\\/14\\\/56\\\/#breadcrumb\"},\"inLanguage\":\"pt-PT\",\"potentialAction\":[{\"@type\":\"ReadAction\",\"target\":[\"https:\\\/\\\/algarve7.pt\\\/index.php\\\/2024\\\/10\\\/campanha-vale-da-cruz-vermelha-regressa-para-a-ultima-edicao-do-ano\\\/nacional\\\/14\\\/56\\\/\"]}]},{\"@type\":\"ImageObject\",\"inLanguage\":\"pt-PT\",\"@id\":\"https:\\\/\\\/algarve7.pt\\\/index.php\\\/2024\\\/10\\\/campanha-vale-da-cruz-vermelha-regressa-para-a-ultima-edicao-do-ano\\\/nacional\\\/14\\\/56\\\/#primaryimage\",\"url\":\"https:\\\/\\\/algarve7.pt\\\/wp-content\\\/uploads\\\/2024\\\/10\\\/Captura-de-ecra-2024-10-11-as-14.51.00.png\",\"contentUrl\":\"https:\\\/\\\/algarve7.pt\\\/wp-content\\\/uploads\\\/2024\\\/10\\\/Captura-de-ecra-2024-10-11-as-14.51.00.png\",\"width\":800,\"height\":470},{\"@type\":\"BreadcrumbList\",\"@id\":\"https:\\\/\\\/algarve7.pt\\\/index.php\\\/2024\\\/10\\\/campanha-vale-da-cruz-vermelha-regressa-para-a-ultima-edicao-do-ano\\\/nacional\\\/14\\\/56\\\/#breadcrumb\",\"itemListElement\":[{\"@type\":\"ListItem\",\"position\":1,\"name\":\"In\u00edcio\",\"item\":\"https:\\\/\\\/algarve7.pt\\\/\"},{\"@type\":\"ListItem\",\"position\":2,\"name\":\"Campanha vale+ da cruz vermelha regressa para a \u00faltima edi\u00e7\u00e3o do ano\"}]},{\"@type\":\"WebSite\",\"@id\":\"https:\\\/\\\/algarve7.pt\\\/#website\",\"url\":\"https:\\\/\\\/algarve7.pt\\\/\",\"name\":\"Algarve 7\",\"description\":\"Informa\u00e7\u00e3o sobre o Algarve\",\"publisher\":{\"@id\":\"https:\\\/\\\/algarve7.pt\\\/#organization\"},\"potentialAction\":[{\"@type\":\"SearchAction\",\"target\":{\"@type\":\"EntryPoint\",\"urlTemplate\":\"https:\\\/\\\/algarve7.pt\\\/?s={search_term_string}\"},\"query-input\":{\"@type\":\"PropertyValueSpecification\",\"valueRequired\":true,\"valueName\":\"search_term_string\"}}],\"inLanguage\":\"pt-PT\"},{\"@type\":\"Organization\",\"@id\":\"https:\\\/\\\/algarve7.pt\\\/#organization\",\"name\":\"Algarve 7\",\"url\":\"https:\\\/\\\/algarve7.pt\\\/\",\"logo\":{\"@type\":\"ImageObject\",\"inLanguage\":\"pt-PT\",\"@id\":\"https:\\\/\\\/algarve7.pt\\\/#\\\/schema\\\/logo\\\/image\\\/\",\"url\":\"https:\\\/\\\/algarve7.pt\\\/wp-content\\\/uploads\\\/2020\\\/10\\\/Logo-8.jpg\",\"contentUrl\":\"https:\\\/\\\/algarve7.pt\\\/wp-content\\\/uploads\\\/2020\\\/10\\\/Logo-8.jpg\",\"width\":1680,\"height\":1186,\"caption\":\"Algarve 7\"},\"image\":{\"@id\":\"https:\\\/\\\/algarve7.pt\\\/#\\\/schema\\\/logo\\\/image\\\/\"},\"sameAs\":[\"https:\\\/\\\/www.facebook.com\\\/algarve7\",\"https:\\\/\\\/x.com\\\/Algarvesete\",\"https:\\\/\\\/www.instagram.com\\\/jornalalgarve7\\\/\",\"https:\\\/\\\/www.linkedin.com\\\/company\\\/algarve7\",\"https:\\\/\\\/www.pinterest.pt\\\/geral0939\\\/_created\\\/\"]},{\"@type\":\"Person\",\"@id\":\"https:\\\/\\\/algarve7.pt\\\/#\\\/schema\\\/person\\\/23fa70681308e7b319a3204bcea45e0c\",\"name\":\"Algarve 7\",\"sameAs\":[\"https:\\\/\\\/algarve7.pt\",\"https:\\\/\\\/www.facebook.com\\\/algarve7\"],\"url\":\"https:\\\/\\\/algarve7.pt\\\/index.php\\\/author\\\/geralalgarve7-pt\\\/\"}]}<\/script>\n<!-- \/ Yoast SEO plugin. -->","yoast_head_json":{"title":"Campanha vale+ da cruz vermelha regressa para a \u00faltima edi\u00e7\u00e3o do ano - Algarve 7","description":"Campanha vale+ da cruz vermelha regressa para a \u00faltima edi\u00e7\u00e3o do ano Nacional","robots":{"index":"index","follow":"follow","max-snippet":"max-snippet:-1","max-image-preview":"max-image-preview:large","max-video-preview":"max-video-preview:-1"},"canonical":"https:\/\/algarve7.pt\/index.php\/2024\/10\/campanha-vale-da-cruz-vermelha-regressa-para-a-ultima-edicao-do-ano\/nacional\/14\/56\/","og_locale":"pt_PT","og_type":"article","og_title":"Campanha vale+ da cruz vermelha regressa para a \u00faltima edi\u00e7\u00e3o do ano - Algarve 7","og_description":"Campanha vale+ da cruz vermelha regressa para a \u00faltima edi\u00e7\u00e3o do ano Nacional","og_url":"https:\/\/algarve7.pt\/index.php\/2024\/10\/campanha-vale-da-cruz-vermelha-regressa-para-a-ultima-edicao-do-ano\/nacional\/14\/56\/","og_site_name":"Algarve 7","article_publisher":"https:\/\/www.facebook.com\/algarve7","article_author":"https:\/\/www.facebook.com\/algarve7","article_published_time":"2024-10-11T13:56:18+00:00","article_modified_time":"2024-10-11T13:56:20+00:00","og_image":[{"width":800,"height":470,"url":"https:\/\/algarve7.pt\/wp-content\/uploads\/2024\/10\/Captura-de-ecra-2024-10-11-as-14.51.00.png","type":"image\/png"}],"author":"Algarve 7","twitter_card":"summary_large_image","twitter_creator":"@Algarvesete","twitter_site":"@Algarvesete","twitter_misc":{"Escrito por":"Algarve 7","Tempo estimado de leitura":"3 minutos"},"schema":{"@context":"https:\/\/schema.org","@graph":[{"@type":"Article","@id":"https:\/\/algarve7.pt\/index.php\/2024\/10\/campanha-vale-da-cruz-vermelha-regressa-para-a-ultima-edicao-do-ano\/nacional\/14\/56\/#article","isPartOf":{"@id":"https:\/\/algarve7.pt\/index.php\/2024\/10\/campanha-vale-da-cruz-vermelha-regressa-para-a-ultima-edicao-do-ano\/nacional\/14\/56\/"},"author":{"name":"Algarve 7","@id":"https:\/\/algarve7.pt\/#\/schema\/person\/23fa70681308e7b319a3204bcea45e0c"},"headline":"Campanha vale+ da cruz vermelha regressa para a \u00faltima edi\u00e7\u00e3o do ano","datePublished":"2024-10-11T13:56:18+00:00","dateModified":"2024-10-11T13:56:20+00:00","mainEntityOfPage":{"@id":"https:\/\/algarve7.pt\/index.php\/2024\/10\/campanha-vale-da-cruz-vermelha-regressa-para-a-ultima-edicao-do-ano\/nacional\/14\/56\/"},"wordCount":454,"commentCount":0,"publisher":{"@id":"https:\/\/algarve7.pt\/#organization"},"image":{"@id":"https:\/\/algarve7.pt\/index.php\/2024\/10\/campanha-vale-da-cruz-vermelha-regressa-para-a-ultima-edicao-do-ano\/nacional\/14\/56\/#primaryimage"},"thumbnailUrl":"https:\/\/algarve7.pt\/wp-content\/uploads\/2024\/10\/Captura-de-ecra-2024-10-11-as-14.51.00.png","keywords":["Cruz Vermelha Portuguesa","Nacional"],"articleSection":["Nacional"],"inLanguage":"pt-PT","potentialAction":[{"@type":"CommentAction","name":"Comment","target":["https:\/\/algarve7.pt\/index.php\/2024\/10\/campanha-vale-da-cruz-vermelha-regressa-para-a-ultima-edicao-do-ano\/nacional\/14\/56\/#respond"]}]},{"@type":"WebPage","@id":"https:\/\/algarve7.pt\/index.php\/2024\/10\/campanha-vale-da-cruz-vermelha-regressa-para-a-ultima-edicao-do-ano\/nacional\/14\/56\/","url":"https:\/\/algarve7.pt\/index.php\/2024\/10\/campanha-vale-da-cruz-vermelha-regressa-para-a-ultima-edicao-do-ano\/nacional\/14\/56\/","name":"Campanha vale+ da cruz vermelha regressa para a \u00faltima edi\u00e7\u00e3o do ano - Algarve 7","isPartOf":{"@id":"https:\/\/algarve7.pt\/#website"},"primaryImageOfPage":{"@id":"https:\/\/algarve7.pt\/index.php\/2024\/10\/campanha-vale-da-cruz-vermelha-regressa-para-a-ultima-edicao-do-ano\/nacional\/14\/56\/#primaryimage"},"image":{"@id":"https:\/\/algarve7.pt\/index.php\/2024\/10\/campanha-vale-da-cruz-vermelha-regressa-para-a-ultima-edicao-do-ano\/nacional\/14\/56\/#primaryimage"},"thumbnailUrl":"https:\/\/algarve7.pt\/wp-content\/uploads\/2024\/10\/Captura-de-ecra-2024-10-11-as-14.51.00.png","datePublished":"2024-10-11T13:56:18+00:00","dateModified":"2024-10-11T13:56:20+00:00","description":"Campanha vale+ da cruz vermelha regressa para a \u00faltima edi\u00e7\u00e3o do ano Nacional","breadcrumb":{"@id":"https:\/\/algarve7.pt\/index.php\/2024\/10\/campanha-vale-da-cruz-vermelha-regressa-para-a-ultima-edicao-do-ano\/nacional\/14\/56\/#breadcrumb"},"inLanguage":"pt-PT","potentialAction":[{"@type":"ReadAction","target":["https:\/\/algarve7.pt\/index.php\/2024\/10\/campanha-vale-da-cruz-vermelha-regressa-para-a-ultima-edicao-do-ano\/nacional\/14\/56\/"]}]},{"@type":"ImageObject","inLanguage":"pt-PT","@id":"https:\/\/algarve7.pt\/index.php\/2024\/10\/campanha-vale-da-cruz-vermelha-regressa-para-a-ultima-edicao-do-ano\/nacional\/14\/56\/#primaryimage","url":"https:\/\/algarve7.pt\/wp-content\/uploads\/2024\/10\/Captura-de-ecra-2024-10-11-as-14.51.00.png","contentUrl":"https:\/\/algarve7.pt\/wp-content\/uploads\/2024\/10\/Captura-de-ecra-2024-10-11-as-14.51.00.png","width":800,"height":470},{"@type":"BreadcrumbList","@id":"https:\/\/algarve7.pt\/index.php\/2024\/10\/campanha-vale-da-cruz-vermelha-regressa-para-a-ultima-edicao-do-ano\/nacional\/14\/56\/#breadcrumb","itemListElement":[{"@type":"ListItem","position":1,"name":"In\u00edcio","item":"https:\/\/algarve7.pt\/"},{"@type":"ListItem","position":2,"name":"Campanha vale+ da cruz vermelha regressa para a \u00faltima edi\u00e7\u00e3o do ano"}]},{"@type":"WebSite","@id":"https:\/\/algarve7.pt\/#website","url":"https:\/\/algarve7.pt\/","name":"Algarve 7","description":"Informa\u00e7\u00e3o sobre o Algarve","publisher":{"@id":"https:\/\/algarve7.pt\/#organization"},"potentialAction":[{"@type":"SearchAction","target":{"@type":"EntryPoint","urlTemplate":"https:\/\/algarve7.pt\/?s={search_term_string}"},"query-input":{"@type":"PropertyValueSpecification","valueRequired":true,"valueName":"search_term_string"}}],"inLanguage":"pt-PT"},{"@type":"Organization","@id":"https:\/\/algarve7.pt\/#organization","name":"Algarve 7","url":"https:\/\/algarve7.pt\/","logo":{"@type":"ImageObject","inLanguage":"pt-PT","@id":"https:\/\/algarve7.pt\/#\/schema\/logo\/image\/","url":"https:\/\/algarve7.pt\/wp-content\/uploads\/2020\/10\/Logo-8.jpg","contentUrl":"https:\/\/algarve7.pt\/wp-content\/uploads\/2020\/10\/Logo-8.jpg","width":1680,"height":1186,"caption":"Algarve 7"},"image":{"@id":"https:\/\/algarve7.pt\/#\/schema\/logo\/image\/"},"sameAs":["https:\/\/www.facebook.com\/algarve7","https:\/\/x.com\/Algarvesete","https:\/\/www.instagram.com\/jornalalgarve7\/","https:\/\/www.linkedin.com\/company\/algarve7","https:\/\/www.pinterest.pt\/geral0939\/_created\/"]},{"@type":"Person","@id":"https:\/\/algarve7.pt\/#\/schema\/person\/23fa70681308e7b319a3204bcea45e0c","name":"Algarve 7","sameAs":["https:\/\/algarve7.pt","https:\/\/www.facebook.com\/algarve7"],"url":"https:\/\/algarve7.pt\/index.php\/author\/geralalgarve7-pt\/"}]}},"jetpack_publicize_connections":[],"jetpack_featured_media_url":"https:\/\/algarve7.pt\/wp-content\/uploads\/2024\/10\/Captura-de-ecra-2024-10-11-as-14.51.00.png","jetpack_shortlink":"https:\/\/wp.me\/pcezmW-bee","jetpack_sharing_enabled":true,"_links":{"self":[{"href":"https:\/\/algarve7.pt\/index.php\/wp-json\/wp\/v2\/posts\/43166","targetHints":{"allow":["GET"]}}],"collection":[{"href":"https:\/\/algarve7.pt\/index.php\/wp-json\/wp\/v2\/posts"}],"about":[{"href":"https:\/\/algarve7.pt\/index.php\/wp-json\/wp\/v2\/types\/post"}],"author":[{"embeddable":true,"href":"https:\/\/algarve7.pt\/index.php\/wp-json\/wp\/v2\/users\/1"}],"replies":[{"embeddable":true,"href":"https:\/\/algarve7.pt\/index.php\/wp-json\/wp\/v2\/comments?post=43166"}],"version-history":[{"count":0,"href":"https:\/\/algarve7.pt\/index.php\/wp-json\/wp\/v2\/posts\/43166\/revisions"}],"wp:featuredmedia":[{"embeddable":true,"href":"https:\/\/algarve7.pt\/index.php\/wp-json\/wp\/v2\/media\/43167"}],"wp:attachment":[{"href":"https:\/\/algarve7.pt\/index.php\/wp-json\/wp\/v2\/media?parent=43166"}],"wp:term":[{"taxonomy":"category","embeddable":true,"href":"https:\/\/algarve7.pt\/index.php\/wp-json\/wp\/v2\/categories?post=43166"},{"taxonomy":"post_tag","embeddable":true,"href":"https:\/\/algarve7.pt\/index.php\/wp-json\/wp\/v2\/tags?post=43166"}],"curies":[{"name":"wp","href":"https:\/\/api.w.org\/{rel}","templated":true}]}}