{"id":4311,"date":"2020-12-03T16:47:15","date_gmt":"2020-12-03T16:47:15","guid":{"rendered":"https:\/\/algarve7.pt\/?p=4311"},"modified":"2020-12-03T16:47:15","modified_gmt":"2020-12-03T16:47:15","slug":"loule-recebe-estreia-dos-premios-cinetendinha","status":"publish","type":"post","link":"https:\/\/algarve7.pt\/index.php\/2020\/12\/loule-recebe-estreia-dos-premios-cinetendinha\/cultura\/16\/47\/","title":{"rendered":"Loul\u00e9 recebe estreia dos pr\u00e9mios cinetendinha"},"content":{"rendered":"\n<p>Realiza-se no pr\u00f3ximo s\u00e1bado, 5 de dezembro, pelas 17h00, no Audit\u00f3rio do Solar da M\u00fasica Nova, a primeira edi\u00e7\u00e3o dos Pr\u00e9mios Cinetendinha, uma iniciativa da Academia Cinetendinha que tem como anfitri\u00e3o o Munic\u00edpio de Loul\u00e9.<\/p>\n\n\n\n<p>Rui Tendinha, jornalista e cr\u00edtico de s\u00e9tima arte, conduz esta anti-gala em que ser\u00e3o escolhidos os melhores filmes e atores nacionais e internacionais, numa cerim\u00f3nia que ser\u00e1 transmitida em direto pelo Sapo Mag e Cinetendinha.pt, estando depois agendada um compacto na SIC Radical.<\/p>\n\n\n\n<p>O Cinetendinha \u00e9 um shot de cinema que todas as semanas fala da s\u00e9tima arte, de festivais e divulga entrevistas em exclusivo. Nestes pr\u00e9mios, v\u00e3o ser tamb\u00e9m homenageadas figuras relevantes do nosso cinema e mostradas as primeiras imagens de alguns dos filmes portugueses que marcar\u00e3o o ano de 2021.<\/p>\n\n\n\n<p>No que toca ao cinema portugu\u00eas, filmes como \u201cO Fim do Mundo\u201d, \u201cListen\u201d e \u201cOrdem Moral\u201d est\u00e3o numa shortlist como favoritos.<\/p>\n\n\n\n<p>Os pr\u00e9mios que ser\u00e3o atribu\u00eddos foram concebidos por Andr\u00e9 Sancho, um dos designers do Loul\u00e9 Design Lab.<\/p>\n\n\n\n<p>Recorde-se que Rui Tendinha tem tido uma colabora\u00e7\u00e3o importante com a C\u00e2mara Municipal de Loul\u00e9 j\u00e1 que tem sido o respons\u00e1vel pela programa\u00e7\u00e3o e dinamiza\u00e7\u00e3o do ciclo de cinema integrado no Festival MED.<\/p>\n\n\n\n<p>Refira-se que a s\u00e9tima arte tem sido uma das \u00e1reas que tem estado em foco no Munic\u00edpio de Loul\u00e9&nbsp;nos \u00faltimos anos, atrav\u00e9s da cria\u00e7\u00e3o do Loul\u00e9 Film Office e do forte investimento que est\u00e1 a ser realizado por duas entidades brit\u00e2nicas (na ordem dos 60 milh\u00f5es de euros) tendo em vista a cria\u00e7\u00e3o, na cidade de Loul\u00e9, de um complexo ligado aos audiovisuais.<\/p>\n\n\n\n<p>A Autarquia informa que, por quest\u00f5es de seguran\u00e7a sanit\u00e1ria, a cerim\u00f3nia de atribui\u00e7\u00e3o de pr\u00e9mios n\u00e3o ser\u00e1 aberta ao p\u00fablico.<\/p>\n\n\n\n<div class=\"wp-block-image\"><figure class=\"aligncenter size-large is-resized\"><img loading=\"lazy\" decoding=\"async\" src=\"https:\/\/algarve7.pt\/wp-content\/uploads\/2020\/12\/CINE-TENDINHA-CARTAZ-NET-732x1024.jpg\" alt=\"\" class=\"wp-image-4312\" width=\"561\" height=\"785\"\/><\/figure><\/div>\n","protected":false},"excerpt":{"rendered":"<p>Realiza-se no pr\u00f3ximo s\u00e1bado, 5 de dezembro, pelas 17h00, no Audit\u00f3rio do Solar da M\u00fasica Nova, a primeira edi\u00e7\u00e3o dos<\/p>\n","protected":false},"author":1,"featured_media":4312,"comment_status":"closed","ping_status":"open","sticky":false,"template":"","format":"standard","meta":{"colormag_page_container_layout":"default_layout","colormag_page_sidebar_layout":"default_layout","_monsterinsights_skip_tracking":false,"_monsterinsights_sitenote_active":false,"_monsterinsights_sitenote_note":"","_monsterinsights_sitenote_category":0,"jetpack_post_was_ever_published":false,"_jetpack_newsletter_access":"","_jetpack_dont_email_post_to_subs":false,"_jetpack_newsletter_tier_id":0,"_jetpack_memberships_contains_paywalled_content":false,"_jetpack_memberships_contains_paid_content":false,"footnotes":"","jetpack_publicize_message":"","jetpack_publicize_feature_enabled":true,"jetpack_social_post_already_shared":true,"jetpack_social_options":{"image_generator_settings":{"template":"highway","default_image_id":0,"font":"","enabled":false},"version":2}},"categories":[14],"tags":[36,43,35,31],"class_list":["post-4311","post","type-post","status-publish","format-standard","has-post-thumbnail","hentry","category-cultura","tag-algarve","tag-cinema","tag-cultura","tag-loule"],"yoast_head":"<!-- This site is optimized with the Yoast SEO plugin v27.5 - https:\/\/yoast.com\/product\/yoast-seo-wordpress\/ -->\n<title>Loul\u00e9 recebe estreia dos pr\u00e9mios cinetendinha - Algarve 7<\/title>\n<meta name=\"description\" content=\"Loul\u00e9 recebe estreia dos pr\u00e9mios cinetendinha\" \/>\n<meta name=\"robots\" content=\"index, follow, max-snippet:-1, max-image-preview:large, max-video-preview:-1\" \/>\n<link rel=\"canonical\" href=\"https:\/\/algarve7.pt\/index.php\/2020\/12\/loule-recebe-estreia-dos-premios-cinetendinha\/cultura\/16\/47\/\" \/>\n<meta property=\"og:locale\" content=\"pt_PT\" \/>\n<meta property=\"og:type\" content=\"article\" \/>\n<meta property=\"og:title\" content=\"Loul\u00e9 recebe estreia dos pr\u00e9mios cinetendinha - Algarve 7\" \/>\n<meta property=\"og:description\" content=\"Loul\u00e9 recebe estreia dos pr\u00e9mios cinetendinha\" \/>\n<meta property=\"og:url\" content=\"https:\/\/algarve7.pt\/index.php\/2020\/12\/loule-recebe-estreia-dos-premios-cinetendinha\/cultura\/16\/47\/\" \/>\n<meta property=\"og:site_name\" content=\"Algarve 7\" \/>\n<meta property=\"article:publisher\" content=\"https:\/\/www.facebook.com\/algarve7\" \/>\n<meta property=\"article:author\" content=\"https:\/\/www.facebook.com\/algarve7\" \/>\n<meta property=\"article:published_time\" content=\"2020-12-03T16:47:15+00:00\" \/>\n<meta property=\"og:image\" content=\"https:\/\/algarve7.pt\/wp-content\/uploads\/2020\/12\/CINE-TENDINHA-CARTAZ-NET-e1607013987407.jpg\" \/>\n\t<meta property=\"og:image:width\" content=\"1372\" \/>\n\t<meta property=\"og:image:height\" content=\"974\" \/>\n\t<meta property=\"og:image:type\" content=\"image\/jpeg\" \/>\n<meta name=\"author\" content=\"Algarve 7\" \/>\n<meta name=\"twitter:card\" content=\"summary_large_image\" \/>\n<meta name=\"twitter:creator\" content=\"@Algarvesete\" \/>\n<meta name=\"twitter:site\" content=\"@Algarvesete\" \/>\n<meta name=\"twitter:label1\" content=\"Escrito por\" \/>\n\t<meta name=\"twitter:data1\" content=\"Algarve 7\" \/>\n\t<meta name=\"twitter:label2\" content=\"Tempo estimado de leitura\" \/>\n\t<meta name=\"twitter:data2\" content=\"2 minutos\" \/>\n<script type=\"application\/ld+json\" class=\"yoast-schema-graph\">{\"@context\":\"https:\\\/\\\/schema.org\",\"@graph\":[{\"@type\":\"Article\",\"@id\":\"https:\\\/\\\/algarve7.pt\\\/index.php\\\/2020\\\/12\\\/loule-recebe-estreia-dos-premios-cinetendinha\\\/cultura\\\/16\\\/47\\\/#article\",\"isPartOf\":{\"@id\":\"https:\\\/\\\/algarve7.pt\\\/index.php\\\/2020\\\/12\\\/loule-recebe-estreia-dos-premios-cinetendinha\\\/cultura\\\/16\\\/47\\\/\"},\"author\":{\"name\":\"Algarve 7\",\"@id\":\"https:\\\/\\\/algarve7.pt\\\/#\\\/schema\\\/person\\\/23fa70681308e7b319a3204bcea45e0c\"},\"headline\":\"Loul\u00e9 recebe estreia dos pr\u00e9mios cinetendinha\",\"datePublished\":\"2020-12-03T16:47:15+00:00\",\"mainEntityOfPage\":{\"@id\":\"https:\\\/\\\/algarve7.pt\\\/index.php\\\/2020\\\/12\\\/loule-recebe-estreia-dos-premios-cinetendinha\\\/cultura\\\/16\\\/47\\\/\"},\"wordCount\":329,\"publisher\":{\"@id\":\"https:\\\/\\\/algarve7.pt\\\/#organization\"},\"image\":{\"@id\":\"https:\\\/\\\/algarve7.pt\\\/index.php\\\/2020\\\/12\\\/loule-recebe-estreia-dos-premios-cinetendinha\\\/cultura\\\/16\\\/47\\\/#primaryimage\"},\"thumbnailUrl\":\"https:\\\/\\\/algarve7.pt\\\/wp-content\\\/uploads\\\/2020\\\/12\\\/CINE-TENDINHA-CARTAZ-NET-e1607013987407.jpg\",\"keywords\":[\"Algarve\",\"Cinema\",\"Cultura\",\"Loul\u00e9\"],\"articleSection\":[\"Cultura\"],\"inLanguage\":\"pt-PT\"},{\"@type\":\"WebPage\",\"@id\":\"https:\\\/\\\/algarve7.pt\\\/index.php\\\/2020\\\/12\\\/loule-recebe-estreia-dos-premios-cinetendinha\\\/cultura\\\/16\\\/47\\\/\",\"url\":\"https:\\\/\\\/algarve7.pt\\\/index.php\\\/2020\\\/12\\\/loule-recebe-estreia-dos-premios-cinetendinha\\\/cultura\\\/16\\\/47\\\/\",\"name\":\"Loul\u00e9 recebe estreia dos pr\u00e9mios cinetendinha - Algarve 7\",\"isPartOf\":{\"@id\":\"https:\\\/\\\/algarve7.pt\\\/#website\"},\"primaryImageOfPage\":{\"@id\":\"https:\\\/\\\/algarve7.pt\\\/index.php\\\/2020\\\/12\\\/loule-recebe-estreia-dos-premios-cinetendinha\\\/cultura\\\/16\\\/47\\\/#primaryimage\"},\"image\":{\"@id\":\"https:\\\/\\\/algarve7.pt\\\/index.php\\\/2020\\\/12\\\/loule-recebe-estreia-dos-premios-cinetendinha\\\/cultura\\\/16\\\/47\\\/#primaryimage\"},\"thumbnailUrl\":\"https:\\\/\\\/algarve7.pt\\\/wp-content\\\/uploads\\\/2020\\\/12\\\/CINE-TENDINHA-CARTAZ-NET-e1607013987407.jpg\",\"datePublished\":\"2020-12-03T16:47:15+00:00\",\"description\":\"Loul\u00e9 recebe estreia dos pr\u00e9mios cinetendinha\",\"breadcrumb\":{\"@id\":\"https:\\\/\\\/algarve7.pt\\\/index.php\\\/2020\\\/12\\\/loule-recebe-estreia-dos-premios-cinetendinha\\\/cultura\\\/16\\\/47\\\/#breadcrumb\"},\"inLanguage\":\"pt-PT\",\"potentialAction\":[{\"@type\":\"ReadAction\",\"target\":[\"https:\\\/\\\/algarve7.pt\\\/index.php\\\/2020\\\/12\\\/loule-recebe-estreia-dos-premios-cinetendinha\\\/cultura\\\/16\\\/47\\\/\"]}]},{\"@type\":\"ImageObject\",\"inLanguage\":\"pt-PT\",\"@id\":\"https:\\\/\\\/algarve7.pt\\\/index.php\\\/2020\\\/12\\\/loule-recebe-estreia-dos-premios-cinetendinha\\\/cultura\\\/16\\\/47\\\/#primaryimage\",\"url\":\"https:\\\/\\\/algarve7.pt\\\/wp-content\\\/uploads\\\/2020\\\/12\\\/CINE-TENDINHA-CARTAZ-NET-e1607013987407.jpg\",\"contentUrl\":\"https:\\\/\\\/algarve7.pt\\\/wp-content\\\/uploads\\\/2020\\\/12\\\/CINE-TENDINHA-CARTAZ-NET-e1607013987407.jpg\",\"width\":1372,\"height\":974},{\"@type\":\"BreadcrumbList\",\"@id\":\"https:\\\/\\\/algarve7.pt\\\/index.php\\\/2020\\\/12\\\/loule-recebe-estreia-dos-premios-cinetendinha\\\/cultura\\\/16\\\/47\\\/#breadcrumb\",\"itemListElement\":[{\"@type\":\"ListItem\",\"position\":1,\"name\":\"In\u00edcio\",\"item\":\"https:\\\/\\\/algarve7.pt\\\/\"},{\"@type\":\"ListItem\",\"position\":2,\"name\":\"Loul\u00e9 recebe estreia dos pr\u00e9mios cinetendinha\"}]},{\"@type\":\"WebSite\",\"@id\":\"https:\\\/\\\/algarve7.pt\\\/#website\",\"url\":\"https:\\\/\\\/algarve7.pt\\\/\",\"name\":\"Algarve 7\",\"description\":\"Informa\u00e7\u00e3o sobre o Algarve\",\"publisher\":{\"@id\":\"https:\\\/\\\/algarve7.pt\\\/#organization\"},\"potentialAction\":[{\"@type\":\"SearchAction\",\"target\":{\"@type\":\"EntryPoint\",\"urlTemplate\":\"https:\\\/\\\/algarve7.pt\\\/?s={search_term_string}\"},\"query-input\":{\"@type\":\"PropertyValueSpecification\",\"valueRequired\":true,\"valueName\":\"search_term_string\"}}],\"inLanguage\":\"pt-PT\"},{\"@type\":\"Organization\",\"@id\":\"https:\\\/\\\/algarve7.pt\\\/#organization\",\"name\":\"Algarve 7\",\"url\":\"https:\\\/\\\/algarve7.pt\\\/\",\"logo\":{\"@type\":\"ImageObject\",\"inLanguage\":\"pt-PT\",\"@id\":\"https:\\\/\\\/algarve7.pt\\\/#\\\/schema\\\/logo\\\/image\\\/\",\"url\":\"https:\\\/\\\/algarve7.pt\\\/wp-content\\\/uploads\\\/2020\\\/10\\\/Logo-8.jpg\",\"contentUrl\":\"https:\\\/\\\/algarve7.pt\\\/wp-content\\\/uploads\\\/2020\\\/10\\\/Logo-8.jpg\",\"width\":1680,\"height\":1186,\"caption\":\"Algarve 7\"},\"image\":{\"@id\":\"https:\\\/\\\/algarve7.pt\\\/#\\\/schema\\\/logo\\\/image\\\/\"},\"sameAs\":[\"https:\\\/\\\/www.facebook.com\\\/algarve7\",\"https:\\\/\\\/x.com\\\/Algarvesete\",\"https:\\\/\\\/www.instagram.com\\\/jornalalgarve7\\\/\",\"https:\\\/\\\/www.linkedin.com\\\/company\\\/algarve7\",\"https:\\\/\\\/www.pinterest.pt\\\/geral0939\\\/_created\\\/\"]},{\"@type\":\"Person\",\"@id\":\"https:\\\/\\\/algarve7.pt\\\/#\\\/schema\\\/person\\\/23fa70681308e7b319a3204bcea45e0c\",\"name\":\"Algarve 7\",\"sameAs\":[\"https:\\\/\\\/algarve7.pt\",\"https:\\\/\\\/www.facebook.com\\\/algarve7\"],\"url\":\"https:\\\/\\\/algarve7.pt\\\/index.php\\\/author\\\/geralalgarve7-pt\\\/\"}]}<\/script>\n<!-- \/ Yoast SEO plugin. -->","yoast_head_json":{"title":"Loul\u00e9 recebe estreia dos pr\u00e9mios cinetendinha - Algarve 7","description":"Loul\u00e9 recebe estreia dos pr\u00e9mios cinetendinha","robots":{"index":"index","follow":"follow","max-snippet":"max-snippet:-1","max-image-preview":"max-image-preview:large","max-video-preview":"max-video-preview:-1"},"canonical":"https:\/\/algarve7.pt\/index.php\/2020\/12\/loule-recebe-estreia-dos-premios-cinetendinha\/cultura\/16\/47\/","og_locale":"pt_PT","og_type":"article","og_title":"Loul\u00e9 recebe estreia dos pr\u00e9mios cinetendinha - Algarve 7","og_description":"Loul\u00e9 recebe estreia dos pr\u00e9mios cinetendinha","og_url":"https:\/\/algarve7.pt\/index.php\/2020\/12\/loule-recebe-estreia-dos-premios-cinetendinha\/cultura\/16\/47\/","og_site_name":"Algarve 7","article_publisher":"https:\/\/www.facebook.com\/algarve7","article_author":"https:\/\/www.facebook.com\/algarve7","article_published_time":"2020-12-03T16:47:15+00:00","og_image":[{"width":1372,"height":974,"url":"https:\/\/algarve7.pt\/wp-content\/uploads\/2020\/12\/CINE-TENDINHA-CARTAZ-NET-e1607013987407.jpg","type":"image\/jpeg"}],"author":"Algarve 7","twitter_card":"summary_large_image","twitter_creator":"@Algarvesete","twitter_site":"@Algarvesete","twitter_misc":{"Escrito por":"Algarve 7","Tempo estimado de leitura":"2 minutos"},"schema":{"@context":"https:\/\/schema.org","@graph":[{"@type":"Article","@id":"https:\/\/algarve7.pt\/index.php\/2020\/12\/loule-recebe-estreia-dos-premios-cinetendinha\/cultura\/16\/47\/#article","isPartOf":{"@id":"https:\/\/algarve7.pt\/index.php\/2020\/12\/loule-recebe-estreia-dos-premios-cinetendinha\/cultura\/16\/47\/"},"author":{"name":"Algarve 7","@id":"https:\/\/algarve7.pt\/#\/schema\/person\/23fa70681308e7b319a3204bcea45e0c"},"headline":"Loul\u00e9 recebe estreia dos pr\u00e9mios cinetendinha","datePublished":"2020-12-03T16:47:15+00:00","mainEntityOfPage":{"@id":"https:\/\/algarve7.pt\/index.php\/2020\/12\/loule-recebe-estreia-dos-premios-cinetendinha\/cultura\/16\/47\/"},"wordCount":329,"publisher":{"@id":"https:\/\/algarve7.pt\/#organization"},"image":{"@id":"https:\/\/algarve7.pt\/index.php\/2020\/12\/loule-recebe-estreia-dos-premios-cinetendinha\/cultura\/16\/47\/#primaryimage"},"thumbnailUrl":"https:\/\/algarve7.pt\/wp-content\/uploads\/2020\/12\/CINE-TENDINHA-CARTAZ-NET-e1607013987407.jpg","keywords":["Algarve","Cinema","Cultura","Loul\u00e9"],"articleSection":["Cultura"],"inLanguage":"pt-PT"},{"@type":"WebPage","@id":"https:\/\/algarve7.pt\/index.php\/2020\/12\/loule-recebe-estreia-dos-premios-cinetendinha\/cultura\/16\/47\/","url":"https:\/\/algarve7.pt\/index.php\/2020\/12\/loule-recebe-estreia-dos-premios-cinetendinha\/cultura\/16\/47\/","name":"Loul\u00e9 recebe estreia dos pr\u00e9mios cinetendinha - Algarve 7","isPartOf":{"@id":"https:\/\/algarve7.pt\/#website"},"primaryImageOfPage":{"@id":"https:\/\/algarve7.pt\/index.php\/2020\/12\/loule-recebe-estreia-dos-premios-cinetendinha\/cultura\/16\/47\/#primaryimage"},"image":{"@id":"https:\/\/algarve7.pt\/index.php\/2020\/12\/loule-recebe-estreia-dos-premios-cinetendinha\/cultura\/16\/47\/#primaryimage"},"thumbnailUrl":"https:\/\/algarve7.pt\/wp-content\/uploads\/2020\/12\/CINE-TENDINHA-CARTAZ-NET-e1607013987407.jpg","datePublished":"2020-12-03T16:47:15+00:00","description":"Loul\u00e9 recebe estreia dos pr\u00e9mios cinetendinha","breadcrumb":{"@id":"https:\/\/algarve7.pt\/index.php\/2020\/12\/loule-recebe-estreia-dos-premios-cinetendinha\/cultura\/16\/47\/#breadcrumb"},"inLanguage":"pt-PT","potentialAction":[{"@type":"ReadAction","target":["https:\/\/algarve7.pt\/index.php\/2020\/12\/loule-recebe-estreia-dos-premios-cinetendinha\/cultura\/16\/47\/"]}]},{"@type":"ImageObject","inLanguage":"pt-PT","@id":"https:\/\/algarve7.pt\/index.php\/2020\/12\/loule-recebe-estreia-dos-premios-cinetendinha\/cultura\/16\/47\/#primaryimage","url":"https:\/\/algarve7.pt\/wp-content\/uploads\/2020\/12\/CINE-TENDINHA-CARTAZ-NET-e1607013987407.jpg","contentUrl":"https:\/\/algarve7.pt\/wp-content\/uploads\/2020\/12\/CINE-TENDINHA-CARTAZ-NET-e1607013987407.jpg","width":1372,"height":974},{"@type":"BreadcrumbList","@id":"https:\/\/algarve7.pt\/index.php\/2020\/12\/loule-recebe-estreia-dos-premios-cinetendinha\/cultura\/16\/47\/#breadcrumb","itemListElement":[{"@type":"ListItem","position":1,"name":"In\u00edcio","item":"https:\/\/algarve7.pt\/"},{"@type":"ListItem","position":2,"name":"Loul\u00e9 recebe estreia dos pr\u00e9mios cinetendinha"}]},{"@type":"WebSite","@id":"https:\/\/algarve7.pt\/#website","url":"https:\/\/algarve7.pt\/","name":"Algarve 7","description":"Informa\u00e7\u00e3o sobre o Algarve","publisher":{"@id":"https:\/\/algarve7.pt\/#organization"},"potentialAction":[{"@type":"SearchAction","target":{"@type":"EntryPoint","urlTemplate":"https:\/\/algarve7.pt\/?s={search_term_string}"},"query-input":{"@type":"PropertyValueSpecification","valueRequired":true,"valueName":"search_term_string"}}],"inLanguage":"pt-PT"},{"@type":"Organization","@id":"https:\/\/algarve7.pt\/#organization","name":"Algarve 7","url":"https:\/\/algarve7.pt\/","logo":{"@type":"ImageObject","inLanguage":"pt-PT","@id":"https:\/\/algarve7.pt\/#\/schema\/logo\/image\/","url":"https:\/\/algarve7.pt\/wp-content\/uploads\/2020\/10\/Logo-8.jpg","contentUrl":"https:\/\/algarve7.pt\/wp-content\/uploads\/2020\/10\/Logo-8.jpg","width":1680,"height":1186,"caption":"Algarve 7"},"image":{"@id":"https:\/\/algarve7.pt\/#\/schema\/logo\/image\/"},"sameAs":["https:\/\/www.facebook.com\/algarve7","https:\/\/x.com\/Algarvesete","https:\/\/www.instagram.com\/jornalalgarve7\/","https:\/\/www.linkedin.com\/company\/algarve7","https:\/\/www.pinterest.pt\/geral0939\/_created\/"]},{"@type":"Person","@id":"https:\/\/algarve7.pt\/#\/schema\/person\/23fa70681308e7b319a3204bcea45e0c","name":"Algarve 7","sameAs":["https:\/\/algarve7.pt","https:\/\/www.facebook.com\/algarve7"],"url":"https:\/\/algarve7.pt\/index.php\/author\/geralalgarve7-pt\/"}]}},"jetpack_publicize_connections":[],"jetpack_featured_media_url":"https:\/\/algarve7.pt\/wp-content\/uploads\/2020\/12\/CINE-TENDINHA-CARTAZ-NET-e1607013987407.jpg","jetpack_shortlink":"https:\/\/wp.me\/pcezmW-17x","jetpack_sharing_enabled":true,"_links":{"self":[{"href":"https:\/\/algarve7.pt\/index.php\/wp-json\/wp\/v2\/posts\/4311","targetHints":{"allow":["GET"]}}],"collection":[{"href":"https:\/\/algarve7.pt\/index.php\/wp-json\/wp\/v2\/posts"}],"about":[{"href":"https:\/\/algarve7.pt\/index.php\/wp-json\/wp\/v2\/types\/post"}],"author":[{"embeddable":true,"href":"https:\/\/algarve7.pt\/index.php\/wp-json\/wp\/v2\/users\/1"}],"replies":[{"embeddable":true,"href":"https:\/\/algarve7.pt\/index.php\/wp-json\/wp\/v2\/comments?post=4311"}],"version-history":[{"count":0,"href":"https:\/\/algarve7.pt\/index.php\/wp-json\/wp\/v2\/posts\/4311\/revisions"}],"wp:featuredmedia":[{"embeddable":true,"href":"https:\/\/algarve7.pt\/index.php\/wp-json\/wp\/v2\/media\/4312"}],"wp:attachment":[{"href":"https:\/\/algarve7.pt\/index.php\/wp-json\/wp\/v2\/media?parent=4311"}],"wp:term":[{"taxonomy":"category","embeddable":true,"href":"https:\/\/algarve7.pt\/index.php\/wp-json\/wp\/v2\/categories?post=4311"},{"taxonomy":"post_tag","embeddable":true,"href":"https:\/\/algarve7.pt\/index.php\/wp-json\/wp\/v2\/tags?post=4311"}],"curies":[{"name":"wp","href":"https:\/\/api.w.org\/{rel}","templated":true}]}}