{"id":42953,"date":"2024-10-07T16:55:49","date_gmt":"2024-10-07T15:55:49","guid":{"rendered":"https:\/\/algarve7.pt\/?p=42953"},"modified":"2024-10-07T16:55:51","modified_gmt":"2024-10-07T15:55:51","slug":"pavilhao-multiusos-25-de-abril-em-almancil-traz-nova-centralidade-desportiva-e-cultural-a-regiao","status":"publish","type":"post","link":"https:\/\/algarve7.pt\/index.php\/2024\/10\/pavilhao-multiusos-25-de-abril-em-almancil-traz-nova-centralidade-desportiva-e-cultural-a-regiao\/atualidade\/16\/55\/","title":{"rendered":"Pavilh\u00e3o multiusos 25 de abril em Almancil traz nova centralidade desportiva e cultural \u00e0 regi\u00e3o"},"content":{"rendered":"\n<p>Dois dias depois da Assembleia da Rep\u00fablica ter decidido elevar Almancil \u00e0 categoria de cidade, este domingo a comunidade local teve mais um motivo para celebrar: foi inaugurado o maior investimento alguma vez realizado na freguesia, o Pavilh\u00e3o Multiusos 25 de Abril.<\/p>\n\n\n\n<p>Representantes do movimento associativo e federativo desportivo, atletas ol\u00edmpicos (e n\u00e3o s\u00f3) mas tamb\u00e9m figuras da cultura algarvia e da sociedade civil marcaram presen\u00e7a neste momento. O pr\u00f3prio Ministro dos Assuntos Parlamentares, Pedro Duarte, que det\u00e9m a pasta do Desporto e Juventude, fez quest\u00e3o de vir ao Algarve dar o seu apoio e refor\u00e7ar a import\u00e2ncia deste equipamento.<\/p>\n\n\n\n<p>\u201cEste espa\u00e7o significa muita coisa!&nbsp;&nbsp;\u00c9 uma obra importante que vai servir a popula\u00e7\u00e3o de Almancil, e n\u00e3o s\u00f3, que tem extraordin\u00e1rias condi\u00e7\u00f5es, mas que conjuga um conjunto de vari\u00e1veis muito relevantes. Desde logo o Desporto e a Cultura, duas vari\u00e1veis da nossa vida coletiva que muitas vezes n\u00e3o s\u00e3o devidamente valorizadas e felizmente aqui est\u00e3o a ser. E \u00e9 um encontro de pessoas, da comunidade, \u00e9 uma obra inclusiva que vai integrar de forma positiva esta comunidade de Almancil, do munic\u00edpio de Loul\u00e9 e da regi\u00e3o algarvia.\u201d, disse o Ministro.<\/p>\n\n\n\n<p>O moderno edif\u00edcio multicolorido destaca-se na malha urbana de Almancil, n\u00e3o deixando indiferente quem por aqui passa. No seu interior, foram criados \u201cdois espa\u00e7os num s\u00f3\u201d, como explicou o presidente da C\u00e2mara de Loul\u00e9, V\u00edtor Aleixo. Na componente do Desporto, tem capacidade para 392 utilizadores, conta com uma nave principal com uma bancada para 1000 espectadores, uma nave complementar, salas de fitness, um gin\u00e1sio de muscula\u00e7\u00e3o e cardio, um campo de padel (a primeira resposta p\u00fablica a esta modalidade), gabinetes m\u00e9dicos, de fisioterapia, balne\u00e1rios, spa, entre outras val\u00eancias.&nbsp;<\/p>\n\n\n\n<p>Na parte cultural, agrega o polo da Biblioteca Municipal de Loul\u00e9, ao qual foi atribu\u00eddo o nome de Casimiro de Brito, em homenagem ao poeta, romancista e ensa\u00edsta louletano, um nome incontorn\u00e1vel das Letras portuguesas, \u201cembaixador\u201d de Loul\u00e9. Vai contar com uma sec\u00e7\u00e3o dedicada \u00e0 obra do patrono (uma obra com 56 livros traduzidos em 26 idiomas), permitindo a sua divulga\u00e7\u00e3o. Integra ainda uma \u00e1rea de exposi\u00e7\u00e3o, um espa\u00e7o infantil, um espa\u00e7o para adultos e uma black box para concertos e proje\u00e7\u00e3o de filmes. \u201cFoi tudo pensado para servir as necessidades das pessoas, por isso a sua localiza\u00e7\u00e3o ao lado das escolas, do jardim p\u00fablico e do Est\u00e1dio Municipal\u201d, adiantou o presidente da Autarquia.<\/p>\n\n\n\n<p>\u201cO dinheiro p\u00fablico foi muito bem investido\u201d, disse, em rela\u00e7\u00e3o a obra que teve um custo de 16,4 milh\u00f5es de euros, sendo uma parte financiada pelo Turismo de Portugal, ao abrigo das verbas de jogo.<\/p>\n\n\n\n<p>\u201cGanhamos aqui hoje uma nova centralidade ao n\u00edvel do Desporto, e uma nova visibilidade que ir\u00e1 atrair e acolher provas internacionais, espet\u00e1culos grandiosos e muitos novos atletas, turistas, mas tamb\u00e9m artistas, escritores e m\u00fasicos\u201d, destacou igualmente V\u00edtor Aleixo.<\/p>\n\n\n\n<p>Jos\u00e9 Apolin\u00e1rio, presidente da CCDR Algarve, declarou tratar-se de um equipamento \u201cde qualidade, de dimens\u00e3o nacional e internacional\u201d e afirmou estar certo de que \u201cLoul\u00e9 \u00e9 um dos Munic\u00edpios do pa\u00eds e da regi\u00e3o que mais investe no desporto em todo o seu programa, quer em termos de apoios ao seu funcionamento, quer em termos de investimento\u201d. Defendeu igualmente a import\u00e2ncia do \u201cprinc\u00edpio da parceria e da governan\u00e7a multin\u00edvel, da articula\u00e7\u00e3o das pol\u00edticas de coes\u00e3o territorial\u201d, bem como da \u201ccoopera\u00e7\u00e3o intermunicipal\u201d.<\/p>\n\n\n\n<p>Feliz por Almancil receber um investimento desta dimens\u00e3o estava tamb\u00e9m o presidente da Junta de Freguesia, Joaquim Pinto. \u201cEstamos perante uma obra que, em boa hora, a C\u00e2mara Municipal de Loul\u00e9 levou por diante, e hoje vem engrandecer o patrim\u00f3nio da freguesia e do munic\u00edpio, permitindo \u00e0s v\u00e1rias gera\u00e7\u00f5es usufruir de atividades de desporto ao longo de todo o ano e atividades l\u00fadicas e culturais\u201d, notou este respons\u00e1vel almancilense.<\/p>\n\n\n\n<p>No ano em que Portugal celebra os 50 anos da Revolu\u00e7\u00e3o dos Cravos, o Pavilh\u00e3o Multiusos de Almancil recebe o nome de 25 de Abril, perpetuando assim \u201co nome e a mem\u00f3ria da Revolu\u00e7\u00e3o, numa terra que tamb\u00e9m deu ao pa\u00eds os seus homens e mulheres que se sacrificaram na luta contra a ditadura fascista\u201d, justificou V\u00edtor Aleixo.<\/p>\n\n\n\n<p>Numa altura em que Almancil ir\u00e1 receber o estatuto de cidade, o presidente do Munic\u00edpio de Loul\u00e9 evocou o nome de alguns cidad\u00e3os que \u201cmuito contribu\u00edram para a prosperidade desta terra\u201d, nomeadamente ao longo dos \u00faltimos 50 anos, como o empres\u00e1rio Andr\u00e9 Jordan, o diretor do Centro Cultural de S. Louren\u00e7o Volker Huber, o poeta Clementino Baeta ou o autarca local Jo\u00e3o Martins.<\/p>\n\n\n\n<p>Mas foram tamb\u00e9m os investimentos aqui realizados que contribu\u00edram para que Almancil seja a mais nova cidade do Algarve: a constru\u00e7\u00e3o do Posto da GNR, a amplia\u00e7\u00e3o e renova\u00e7\u00e3o da extens\u00e3o do Centro de Sa\u00fade, a centraliza\u00e7\u00e3o e cria\u00e7\u00e3o de melhores condi\u00e7\u00f5es na sede da Junta de Freguesia, o Espa\u00e7o Cidad\u00e3o, estando para breve a instala\u00e7\u00e3o de um Posto de Atendimento a Migrantes, em colabora\u00e7\u00e3o com a AIMA. Al\u00e9m disso, Almancil conta com diversos espa\u00e7os verdes, parques infantis, mais saneamento b\u00e1sico, transportes p\u00fablicos gratuitos e, naturalmente, este novo Pavilh\u00e3o que \u201cir\u00e1 refor\u00e7ar a for\u00e7a e o prest\u00edgio de Almancil no Algarve e no pa\u00eds\u201d.<\/p>\n\n\n\n<p>Este novo Pavilh\u00e3o vem engrossar a lista de equipamentos desportivos de Loul\u00e9, um concelho que h\u00e1 muitos anos tem um \u201ccompromisso com o desporto\u201d. Em 2024, foram 50 as associa\u00e7\u00f5es desportivas que celebraram contratos-programa para receberem apoio financeiro da C\u00e2mara Municipal de Loul\u00e9. Este ano a verba disponibilizada teve um consider\u00e1vel aumento, cerca de 2 milh\u00f5es de euros, envolvendo cerca de 5660 atletas, distribu\u00eddos por 52 modalidades. Promo\u00e7\u00e3o do desporto e atividade f\u00edsica, apoio a eventos, apoio a atletas de alto rendimento e projeto ol\u00edmpico e paral\u00edmpico, apoio \u00e0 moderniza\u00e7\u00e3o e autonomia associativa s\u00e3o os principais eixos a que se destina este apoio municipal.<\/p>\n\n\n\n<p>De entre os investimentos futuros, em sede de revis\u00e3o do PDM, a Autarquia prop\u00f5e uma nova localiza\u00e7\u00e3o, \u201ccom dimens\u00f5es apreci\u00e1veis\u201d, na zona Norte-Nascente da cidade de Loul\u00e9 para a cria\u00e7\u00e3o de um campus desportivo, anunciou neste dia o presidente da C\u00e2mara Municipal de Loul\u00e9, V\u00edtor Aleixo.<\/p>\n","protected":false},"excerpt":{"rendered":"<p>Dois dias depois da Assembleia da Rep\u00fablica ter decidido elevar Almancil \u00e0 categoria de cidade, este domingo a comunidade local<\/p>\n","protected":false},"author":1,"featured_media":42954,"comment_status":"open","ping_status":"open","sticky":false,"template":"","format":"standard","meta":{"colormag_page_container_layout":"default_layout","colormag_page_sidebar_layout":"default_layout","_monsterinsights_skip_tracking":false,"_monsterinsights_sitenote_active":false,"_monsterinsights_sitenote_note":"","_monsterinsights_sitenote_category":0,"jetpack_post_was_ever_published":false,"_jetpack_newsletter_access":"","_jetpack_dont_email_post_to_subs":false,"_jetpack_newsletter_tier_id":0,"_jetpack_memberships_contains_paywalled_content":false,"_jetpack_memberships_contains_paid_content":false,"footnotes":"","jetpack_publicize_message":"","jetpack_publicize_feature_enabled":true,"jetpack_social_post_already_shared":false,"jetpack_social_options":{"image_generator_settings":{"template":"highway","default_image_id":0,"font":"","enabled":false},"version":2}},"categories":[11],"tags":[36,86,62,31],"class_list":["post-42953","post","type-post","status-publish","format-standard","has-post-thumbnail","hentry","category-atualidade","tag-algarve","tag-almancil","tag-atualidade","tag-loule"],"yoast_head":"<!-- This site is optimized with the Yoast SEO plugin v27.5 - https:\/\/yoast.com\/product\/yoast-seo-wordpress\/ -->\n<title>Pavilh\u00e3o multiusos 25 de abril em Almancil traz nova centralidade desportiva e cultural \u00e0 regi\u00e3o - Algarve 7<\/title>\n<meta name=\"description\" content=\"Pavilh\u00e3o multiusos 25 de abril em Almancil traz nova centralidade desportiva e cultural \u00e0 regi\u00e3o Atualidade\" \/>\n<meta name=\"robots\" content=\"index, follow, max-snippet:-1, max-image-preview:large, max-video-preview:-1\" \/>\n<link rel=\"canonical\" href=\"https:\/\/algarve7.pt\/index.php\/2024\/10\/pavilhao-multiusos-25-de-abril-em-almancil-traz-nova-centralidade-desportiva-e-cultural-a-regiao\/atualidade\/16\/55\/\" \/>\n<meta property=\"og:locale\" content=\"pt_PT\" \/>\n<meta property=\"og:type\" content=\"article\" \/>\n<meta property=\"og:title\" content=\"Pavilh\u00e3o multiusos 25 de abril em Almancil traz nova centralidade desportiva e cultural \u00e0 regi\u00e3o - Algarve 7\" \/>\n<meta property=\"og:description\" content=\"Pavilh\u00e3o multiusos 25 de abril em Almancil traz nova centralidade desportiva e cultural \u00e0 regi\u00e3o Atualidade\" \/>\n<meta property=\"og:url\" content=\"https:\/\/algarve7.pt\/index.php\/2024\/10\/pavilhao-multiusos-25-de-abril-em-almancil-traz-nova-centralidade-desportiva-e-cultural-a-regiao\/atualidade\/16\/55\/\" \/>\n<meta property=\"og:site_name\" content=\"Algarve 7\" \/>\n<meta property=\"article:publisher\" content=\"https:\/\/www.facebook.com\/algarve7\" \/>\n<meta property=\"article:author\" content=\"https:\/\/www.facebook.com\/algarve7\" \/>\n<meta property=\"article:published_time\" content=\"2024-10-07T15:55:49+00:00\" \/>\n<meta property=\"article:modified_time\" content=\"2024-10-07T15:55:51+00:00\" \/>\n<meta property=\"og:image\" content=\"https:\/\/algarve7.pt\/wp-content\/uploads\/2024\/10\/Inauguracao-Pavilhao-Multiusos-de-Almancil-06-10-2024-1.jpg\" \/>\n\t<meta property=\"og:image:width\" content=\"800\" \/>\n\t<meta property=\"og:image:height\" content=\"470\" \/>\n\t<meta property=\"og:image:type\" content=\"image\/jpeg\" \/>\n<meta name=\"author\" content=\"Algarve 7\" \/>\n<meta name=\"twitter:card\" content=\"summary_large_image\" \/>\n<meta name=\"twitter:creator\" content=\"@Algarvesete\" \/>\n<meta name=\"twitter:site\" content=\"@Algarvesete\" \/>\n<meta name=\"twitter:label1\" content=\"Escrito por\" \/>\n\t<meta name=\"twitter:data1\" content=\"Algarve 7\" \/>\n\t<meta name=\"twitter:label2\" content=\"Tempo estimado de leitura\" \/>\n\t<meta name=\"twitter:data2\" content=\"6 minutos\" \/>\n<script type=\"application\/ld+json\" class=\"yoast-schema-graph\">{\"@context\":\"https:\\\/\\\/schema.org\",\"@graph\":[{\"@type\":\"Article\",\"@id\":\"https:\\\/\\\/algarve7.pt\\\/index.php\\\/2024\\\/10\\\/pavilhao-multiusos-25-de-abril-em-almancil-traz-nova-centralidade-desportiva-e-cultural-a-regiao\\\/atualidade\\\/16\\\/55\\\/#article\",\"isPartOf\":{\"@id\":\"https:\\\/\\\/algarve7.pt\\\/index.php\\\/2024\\\/10\\\/pavilhao-multiusos-25-de-abril-em-almancil-traz-nova-centralidade-desportiva-e-cultural-a-regiao\\\/atualidade\\\/16\\\/55\\\/\"},\"author\":{\"name\":\"Algarve 7\",\"@id\":\"https:\\\/\\\/algarve7.pt\\\/#\\\/schema\\\/person\\\/23fa70681308e7b319a3204bcea45e0c\"},\"headline\":\"Pavilh\u00e3o multiusos 25 de abril em Almancil traz nova centralidade desportiva e cultural \u00e0 regi\u00e3o\",\"datePublished\":\"2024-10-07T15:55:49+00:00\",\"dateModified\":\"2024-10-07T15:55:51+00:00\",\"mainEntityOfPage\":{\"@id\":\"https:\\\/\\\/algarve7.pt\\\/index.php\\\/2024\\\/10\\\/pavilhao-multiusos-25-de-abril-em-almancil-traz-nova-centralidade-desportiva-e-cultural-a-regiao\\\/atualidade\\\/16\\\/55\\\/\"},\"wordCount\":1120,\"commentCount\":0,\"publisher\":{\"@id\":\"https:\\\/\\\/algarve7.pt\\\/#organization\"},\"image\":{\"@id\":\"https:\\\/\\\/algarve7.pt\\\/index.php\\\/2024\\\/10\\\/pavilhao-multiusos-25-de-abril-em-almancil-traz-nova-centralidade-desportiva-e-cultural-a-regiao\\\/atualidade\\\/16\\\/55\\\/#primaryimage\"},\"thumbnailUrl\":\"https:\\\/\\\/algarve7.pt\\\/wp-content\\\/uploads\\\/2024\\\/10\\\/Inauguracao-Pavilhao-Multiusos-de-Almancil-06-10-2024-1.jpg\",\"keywords\":[\"Algarve\",\"Almancil\",\"Atualidade\",\"Loul\u00e9\"],\"articleSection\":[\"Atualidade\"],\"inLanguage\":\"pt-PT\",\"potentialAction\":[{\"@type\":\"CommentAction\",\"name\":\"Comment\",\"target\":[\"https:\\\/\\\/algarve7.pt\\\/index.php\\\/2024\\\/10\\\/pavilhao-multiusos-25-de-abril-em-almancil-traz-nova-centralidade-desportiva-e-cultural-a-regiao\\\/atualidade\\\/16\\\/55\\\/#respond\"]}]},{\"@type\":\"WebPage\",\"@id\":\"https:\\\/\\\/algarve7.pt\\\/index.php\\\/2024\\\/10\\\/pavilhao-multiusos-25-de-abril-em-almancil-traz-nova-centralidade-desportiva-e-cultural-a-regiao\\\/atualidade\\\/16\\\/55\\\/\",\"url\":\"https:\\\/\\\/algarve7.pt\\\/index.php\\\/2024\\\/10\\\/pavilhao-multiusos-25-de-abril-em-almancil-traz-nova-centralidade-desportiva-e-cultural-a-regiao\\\/atualidade\\\/16\\\/55\\\/\",\"name\":\"Pavilh\u00e3o multiusos 25 de abril em Almancil traz nova centralidade desportiva e cultural \u00e0 regi\u00e3o - Algarve 7\",\"isPartOf\":{\"@id\":\"https:\\\/\\\/algarve7.pt\\\/#website\"},\"primaryImageOfPage\":{\"@id\":\"https:\\\/\\\/algarve7.pt\\\/index.php\\\/2024\\\/10\\\/pavilhao-multiusos-25-de-abril-em-almancil-traz-nova-centralidade-desportiva-e-cultural-a-regiao\\\/atualidade\\\/16\\\/55\\\/#primaryimage\"},\"image\":{\"@id\":\"https:\\\/\\\/algarve7.pt\\\/index.php\\\/2024\\\/10\\\/pavilhao-multiusos-25-de-abril-em-almancil-traz-nova-centralidade-desportiva-e-cultural-a-regiao\\\/atualidade\\\/16\\\/55\\\/#primaryimage\"},\"thumbnailUrl\":\"https:\\\/\\\/algarve7.pt\\\/wp-content\\\/uploads\\\/2024\\\/10\\\/Inauguracao-Pavilhao-Multiusos-de-Almancil-06-10-2024-1.jpg\",\"datePublished\":\"2024-10-07T15:55:49+00:00\",\"dateModified\":\"2024-10-07T15:55:51+00:00\",\"description\":\"Pavilh\u00e3o multiusos 25 de abril em Almancil traz nova centralidade desportiva e cultural \u00e0 regi\u00e3o Atualidade\",\"breadcrumb\":{\"@id\":\"https:\\\/\\\/algarve7.pt\\\/index.php\\\/2024\\\/10\\\/pavilhao-multiusos-25-de-abril-em-almancil-traz-nova-centralidade-desportiva-e-cultural-a-regiao\\\/atualidade\\\/16\\\/55\\\/#breadcrumb\"},\"inLanguage\":\"pt-PT\",\"potentialAction\":[{\"@type\":\"ReadAction\",\"target\":[\"https:\\\/\\\/algarve7.pt\\\/index.php\\\/2024\\\/10\\\/pavilhao-multiusos-25-de-abril-em-almancil-traz-nova-centralidade-desportiva-e-cultural-a-regiao\\\/atualidade\\\/16\\\/55\\\/\"]}]},{\"@type\":\"ImageObject\",\"inLanguage\":\"pt-PT\",\"@id\":\"https:\\\/\\\/algarve7.pt\\\/index.php\\\/2024\\\/10\\\/pavilhao-multiusos-25-de-abril-em-almancil-traz-nova-centralidade-desportiva-e-cultural-a-regiao\\\/atualidade\\\/16\\\/55\\\/#primaryimage\",\"url\":\"https:\\\/\\\/algarve7.pt\\\/wp-content\\\/uploads\\\/2024\\\/10\\\/Inauguracao-Pavilhao-Multiusos-de-Almancil-06-10-2024-1.jpg\",\"contentUrl\":\"https:\\\/\\\/algarve7.pt\\\/wp-content\\\/uploads\\\/2024\\\/10\\\/Inauguracao-Pavilhao-Multiusos-de-Almancil-06-10-2024-1.jpg\",\"width\":800,\"height\":470},{\"@type\":\"BreadcrumbList\",\"@id\":\"https:\\\/\\\/algarve7.pt\\\/index.php\\\/2024\\\/10\\\/pavilhao-multiusos-25-de-abril-em-almancil-traz-nova-centralidade-desportiva-e-cultural-a-regiao\\\/atualidade\\\/16\\\/55\\\/#breadcrumb\",\"itemListElement\":[{\"@type\":\"ListItem\",\"position\":1,\"name\":\"In\u00edcio\",\"item\":\"https:\\\/\\\/algarve7.pt\\\/\"},{\"@type\":\"ListItem\",\"position\":2,\"name\":\"Pavilh\u00e3o multiusos 25 de abril em Almancil traz nova centralidade desportiva e cultural \u00e0 regi\u00e3o\"}]},{\"@type\":\"WebSite\",\"@id\":\"https:\\\/\\\/algarve7.pt\\\/#website\",\"url\":\"https:\\\/\\\/algarve7.pt\\\/\",\"name\":\"Algarve 7\",\"description\":\"Informa\u00e7\u00e3o sobre o Algarve\",\"publisher\":{\"@id\":\"https:\\\/\\\/algarve7.pt\\\/#organization\"},\"potentialAction\":[{\"@type\":\"SearchAction\",\"target\":{\"@type\":\"EntryPoint\",\"urlTemplate\":\"https:\\\/\\\/algarve7.pt\\\/?s={search_term_string}\"},\"query-input\":{\"@type\":\"PropertyValueSpecification\",\"valueRequired\":true,\"valueName\":\"search_term_string\"}}],\"inLanguage\":\"pt-PT\"},{\"@type\":\"Organization\",\"@id\":\"https:\\\/\\\/algarve7.pt\\\/#organization\",\"name\":\"Algarve 7\",\"url\":\"https:\\\/\\\/algarve7.pt\\\/\",\"logo\":{\"@type\":\"ImageObject\",\"inLanguage\":\"pt-PT\",\"@id\":\"https:\\\/\\\/algarve7.pt\\\/#\\\/schema\\\/logo\\\/image\\\/\",\"url\":\"https:\\\/\\\/algarve7.pt\\\/wp-content\\\/uploads\\\/2020\\\/10\\\/Logo-8.jpg\",\"contentUrl\":\"https:\\\/\\\/algarve7.pt\\\/wp-content\\\/uploads\\\/2020\\\/10\\\/Logo-8.jpg\",\"width\":1680,\"height\":1186,\"caption\":\"Algarve 7\"},\"image\":{\"@id\":\"https:\\\/\\\/algarve7.pt\\\/#\\\/schema\\\/logo\\\/image\\\/\"},\"sameAs\":[\"https:\\\/\\\/www.facebook.com\\\/algarve7\",\"https:\\\/\\\/x.com\\\/Algarvesete\",\"https:\\\/\\\/www.instagram.com\\\/jornalalgarve7\\\/\",\"https:\\\/\\\/www.linkedin.com\\\/company\\\/algarve7\",\"https:\\\/\\\/www.pinterest.pt\\\/geral0939\\\/_created\\\/\"]},{\"@type\":\"Person\",\"@id\":\"https:\\\/\\\/algarve7.pt\\\/#\\\/schema\\\/person\\\/23fa70681308e7b319a3204bcea45e0c\",\"name\":\"Algarve 7\",\"sameAs\":[\"https:\\\/\\\/algarve7.pt\",\"https:\\\/\\\/www.facebook.com\\\/algarve7\"],\"url\":\"https:\\\/\\\/algarve7.pt\\\/index.php\\\/author\\\/geralalgarve7-pt\\\/\"}]}<\/script>\n<!-- \/ Yoast SEO plugin. -->","yoast_head_json":{"title":"Pavilh\u00e3o multiusos 25 de abril em Almancil traz nova centralidade desportiva e cultural \u00e0 regi\u00e3o - Algarve 7","description":"Pavilh\u00e3o multiusos 25 de abril em Almancil traz nova centralidade desportiva e cultural \u00e0 regi\u00e3o Atualidade","robots":{"index":"index","follow":"follow","max-snippet":"max-snippet:-1","max-image-preview":"max-image-preview:large","max-video-preview":"max-video-preview:-1"},"canonical":"https:\/\/algarve7.pt\/index.php\/2024\/10\/pavilhao-multiusos-25-de-abril-em-almancil-traz-nova-centralidade-desportiva-e-cultural-a-regiao\/atualidade\/16\/55\/","og_locale":"pt_PT","og_type":"article","og_title":"Pavilh\u00e3o multiusos 25 de abril em Almancil traz nova centralidade desportiva e cultural \u00e0 regi\u00e3o - Algarve 7","og_description":"Pavilh\u00e3o multiusos 25 de abril em Almancil traz nova centralidade desportiva e cultural \u00e0 regi\u00e3o Atualidade","og_url":"https:\/\/algarve7.pt\/index.php\/2024\/10\/pavilhao-multiusos-25-de-abril-em-almancil-traz-nova-centralidade-desportiva-e-cultural-a-regiao\/atualidade\/16\/55\/","og_site_name":"Algarve 7","article_publisher":"https:\/\/www.facebook.com\/algarve7","article_author":"https:\/\/www.facebook.com\/algarve7","article_published_time":"2024-10-07T15:55:49+00:00","article_modified_time":"2024-10-07T15:55:51+00:00","og_image":[{"width":800,"height":470,"url":"https:\/\/algarve7.pt\/wp-content\/uploads\/2024\/10\/Inauguracao-Pavilhao-Multiusos-de-Almancil-06-10-2024-1.jpg","type":"image\/jpeg"}],"author":"Algarve 7","twitter_card":"summary_large_image","twitter_creator":"@Algarvesete","twitter_site":"@Algarvesete","twitter_misc":{"Escrito por":"Algarve 7","Tempo estimado de leitura":"6 minutos"},"schema":{"@context":"https:\/\/schema.org","@graph":[{"@type":"Article","@id":"https:\/\/algarve7.pt\/index.php\/2024\/10\/pavilhao-multiusos-25-de-abril-em-almancil-traz-nova-centralidade-desportiva-e-cultural-a-regiao\/atualidade\/16\/55\/#article","isPartOf":{"@id":"https:\/\/algarve7.pt\/index.php\/2024\/10\/pavilhao-multiusos-25-de-abril-em-almancil-traz-nova-centralidade-desportiva-e-cultural-a-regiao\/atualidade\/16\/55\/"},"author":{"name":"Algarve 7","@id":"https:\/\/algarve7.pt\/#\/schema\/person\/23fa70681308e7b319a3204bcea45e0c"},"headline":"Pavilh\u00e3o multiusos 25 de abril em Almancil traz nova centralidade desportiva e cultural \u00e0 regi\u00e3o","datePublished":"2024-10-07T15:55:49+00:00","dateModified":"2024-10-07T15:55:51+00:00","mainEntityOfPage":{"@id":"https:\/\/algarve7.pt\/index.php\/2024\/10\/pavilhao-multiusos-25-de-abril-em-almancil-traz-nova-centralidade-desportiva-e-cultural-a-regiao\/atualidade\/16\/55\/"},"wordCount":1120,"commentCount":0,"publisher":{"@id":"https:\/\/algarve7.pt\/#organization"},"image":{"@id":"https:\/\/algarve7.pt\/index.php\/2024\/10\/pavilhao-multiusos-25-de-abril-em-almancil-traz-nova-centralidade-desportiva-e-cultural-a-regiao\/atualidade\/16\/55\/#primaryimage"},"thumbnailUrl":"https:\/\/algarve7.pt\/wp-content\/uploads\/2024\/10\/Inauguracao-Pavilhao-Multiusos-de-Almancil-06-10-2024-1.jpg","keywords":["Algarve","Almancil","Atualidade","Loul\u00e9"],"articleSection":["Atualidade"],"inLanguage":"pt-PT","potentialAction":[{"@type":"CommentAction","name":"Comment","target":["https:\/\/algarve7.pt\/index.php\/2024\/10\/pavilhao-multiusos-25-de-abril-em-almancil-traz-nova-centralidade-desportiva-e-cultural-a-regiao\/atualidade\/16\/55\/#respond"]}]},{"@type":"WebPage","@id":"https:\/\/algarve7.pt\/index.php\/2024\/10\/pavilhao-multiusos-25-de-abril-em-almancil-traz-nova-centralidade-desportiva-e-cultural-a-regiao\/atualidade\/16\/55\/","url":"https:\/\/algarve7.pt\/index.php\/2024\/10\/pavilhao-multiusos-25-de-abril-em-almancil-traz-nova-centralidade-desportiva-e-cultural-a-regiao\/atualidade\/16\/55\/","name":"Pavilh\u00e3o multiusos 25 de abril em Almancil traz nova centralidade desportiva e cultural \u00e0 regi\u00e3o - Algarve 7","isPartOf":{"@id":"https:\/\/algarve7.pt\/#website"},"primaryImageOfPage":{"@id":"https:\/\/algarve7.pt\/index.php\/2024\/10\/pavilhao-multiusos-25-de-abril-em-almancil-traz-nova-centralidade-desportiva-e-cultural-a-regiao\/atualidade\/16\/55\/#primaryimage"},"image":{"@id":"https:\/\/algarve7.pt\/index.php\/2024\/10\/pavilhao-multiusos-25-de-abril-em-almancil-traz-nova-centralidade-desportiva-e-cultural-a-regiao\/atualidade\/16\/55\/#primaryimage"},"thumbnailUrl":"https:\/\/algarve7.pt\/wp-content\/uploads\/2024\/10\/Inauguracao-Pavilhao-Multiusos-de-Almancil-06-10-2024-1.jpg","datePublished":"2024-10-07T15:55:49+00:00","dateModified":"2024-10-07T15:55:51+00:00","description":"Pavilh\u00e3o multiusos 25 de abril em Almancil traz nova centralidade desportiva e cultural \u00e0 regi\u00e3o Atualidade","breadcrumb":{"@id":"https:\/\/algarve7.pt\/index.php\/2024\/10\/pavilhao-multiusos-25-de-abril-em-almancil-traz-nova-centralidade-desportiva-e-cultural-a-regiao\/atualidade\/16\/55\/#breadcrumb"},"inLanguage":"pt-PT","potentialAction":[{"@type":"ReadAction","target":["https:\/\/algarve7.pt\/index.php\/2024\/10\/pavilhao-multiusos-25-de-abril-em-almancil-traz-nova-centralidade-desportiva-e-cultural-a-regiao\/atualidade\/16\/55\/"]}]},{"@type":"ImageObject","inLanguage":"pt-PT","@id":"https:\/\/algarve7.pt\/index.php\/2024\/10\/pavilhao-multiusos-25-de-abril-em-almancil-traz-nova-centralidade-desportiva-e-cultural-a-regiao\/atualidade\/16\/55\/#primaryimage","url":"https:\/\/algarve7.pt\/wp-content\/uploads\/2024\/10\/Inauguracao-Pavilhao-Multiusos-de-Almancil-06-10-2024-1.jpg","contentUrl":"https:\/\/algarve7.pt\/wp-content\/uploads\/2024\/10\/Inauguracao-Pavilhao-Multiusos-de-Almancil-06-10-2024-1.jpg","width":800,"height":470},{"@type":"BreadcrumbList","@id":"https:\/\/algarve7.pt\/index.php\/2024\/10\/pavilhao-multiusos-25-de-abril-em-almancil-traz-nova-centralidade-desportiva-e-cultural-a-regiao\/atualidade\/16\/55\/#breadcrumb","itemListElement":[{"@type":"ListItem","position":1,"name":"In\u00edcio","item":"https:\/\/algarve7.pt\/"},{"@type":"ListItem","position":2,"name":"Pavilh\u00e3o multiusos 25 de abril em Almancil traz nova centralidade desportiva e cultural \u00e0 regi\u00e3o"}]},{"@type":"WebSite","@id":"https:\/\/algarve7.pt\/#website","url":"https:\/\/algarve7.pt\/","name":"Algarve 7","description":"Informa\u00e7\u00e3o sobre o Algarve","publisher":{"@id":"https:\/\/algarve7.pt\/#organization"},"potentialAction":[{"@type":"SearchAction","target":{"@type":"EntryPoint","urlTemplate":"https:\/\/algarve7.pt\/?s={search_term_string}"},"query-input":{"@type":"PropertyValueSpecification","valueRequired":true,"valueName":"search_term_string"}}],"inLanguage":"pt-PT"},{"@type":"Organization","@id":"https:\/\/algarve7.pt\/#organization","name":"Algarve 7","url":"https:\/\/algarve7.pt\/","logo":{"@type":"ImageObject","inLanguage":"pt-PT","@id":"https:\/\/algarve7.pt\/#\/schema\/logo\/image\/","url":"https:\/\/algarve7.pt\/wp-content\/uploads\/2020\/10\/Logo-8.jpg","contentUrl":"https:\/\/algarve7.pt\/wp-content\/uploads\/2020\/10\/Logo-8.jpg","width":1680,"height":1186,"caption":"Algarve 7"},"image":{"@id":"https:\/\/algarve7.pt\/#\/schema\/logo\/image\/"},"sameAs":["https:\/\/www.facebook.com\/algarve7","https:\/\/x.com\/Algarvesete","https:\/\/www.instagram.com\/jornalalgarve7\/","https:\/\/www.linkedin.com\/company\/algarve7","https:\/\/www.pinterest.pt\/geral0939\/_created\/"]},{"@type":"Person","@id":"https:\/\/algarve7.pt\/#\/schema\/person\/23fa70681308e7b319a3204bcea45e0c","name":"Algarve 7","sameAs":["https:\/\/algarve7.pt","https:\/\/www.facebook.com\/algarve7"],"url":"https:\/\/algarve7.pt\/index.php\/author\/geralalgarve7-pt\/"}]}},"jetpack_publicize_connections":[],"jetpack_featured_media_url":"https:\/\/algarve7.pt\/wp-content\/uploads\/2024\/10\/Inauguracao-Pavilhao-Multiusos-de-Almancil-06-10-2024-1.jpg","jetpack_shortlink":"https:\/\/wp.me\/pcezmW-baN","jetpack_sharing_enabled":true,"_links":{"self":[{"href":"https:\/\/algarve7.pt\/index.php\/wp-json\/wp\/v2\/posts\/42953","targetHints":{"allow":["GET"]}}],"collection":[{"href":"https:\/\/algarve7.pt\/index.php\/wp-json\/wp\/v2\/posts"}],"about":[{"href":"https:\/\/algarve7.pt\/index.php\/wp-json\/wp\/v2\/types\/post"}],"author":[{"embeddable":true,"href":"https:\/\/algarve7.pt\/index.php\/wp-json\/wp\/v2\/users\/1"}],"replies":[{"embeddable":true,"href":"https:\/\/algarve7.pt\/index.php\/wp-json\/wp\/v2\/comments?post=42953"}],"version-history":[{"count":0,"href":"https:\/\/algarve7.pt\/index.php\/wp-json\/wp\/v2\/posts\/42953\/revisions"}],"wp:featuredmedia":[{"embeddable":true,"href":"https:\/\/algarve7.pt\/index.php\/wp-json\/wp\/v2\/media\/42954"}],"wp:attachment":[{"href":"https:\/\/algarve7.pt\/index.php\/wp-json\/wp\/v2\/media?parent=42953"}],"wp:term":[{"taxonomy":"category","embeddable":true,"href":"https:\/\/algarve7.pt\/index.php\/wp-json\/wp\/v2\/categories?post=42953"},{"taxonomy":"post_tag","embeddable":true,"href":"https:\/\/algarve7.pt\/index.php\/wp-json\/wp\/v2\/tags?post=42953"}],"curies":[{"name":"wp","href":"https:\/\/api.w.org\/{rel}","templated":true}]}}