{"id":42943,"date":"2024-10-07T11:02:21","date_gmt":"2024-10-07T10:02:21","guid":{"rendered":"https:\/\/algarve7.pt\/index.php\/2024\/10\/07\/guilherme-mota-e-melissa-maia-selam-conquista-da-taca-de-portugal-de-xcm-em-lagos\/11\/02\/desporto"},"modified":"2024-10-07T11:02:21","modified_gmt":"2024-10-07T10:02:21","slug":"guilherme-mota-e-melissa-maia-selam-conquista-da-taca-de-portugal-de-xcm-em-lagos","status":"publish","type":"post","link":"https:\/\/algarve7.pt\/index.php\/2024\/10\/guilherme-mota-e-melissa-maia-selam-conquista-da-taca-de-portugal-de-xcm-em-lagos\/desporto\/11\/02\/","title":{"rendered":"Guilherme Mota e Melissa Maia selam conquista da Ta\u00e7a de Portugal de XCM em Lagos"},"content":{"rendered":"\n<p>Guilherme Mota e Melissa Maia, ambos da Guilhabreu MTB Team, selaram a conquista da Ta\u00e7a de Portugal de XCM entre a elite com um novo triunfo, na quarta e \u00faltima prova pontu\u00e1vel, em Lagos.&nbsp;<\/p>\n\n\n\n<p>Entre a elite masculina, Guilherme Mota destacou-se com 3h19m02s, menos 16 segundos que Carlos Cruz (SAERTEX Portugal\/Edaetech), segundo classificado, e menos 36 segundos que Diogo Gra\u00e7a (BTT Braguinhas\/Padim da Gra\u00e7a), terceiro. Nas contas da Ta\u00e7a, Guilherme Mota, que s\u00f3 n\u00e3o venceu a primeira prova, terminou na lideran\u00e7a, com 1.150 pontos, \u00e0 frente de Carlos Cruz, com 820 pontos, e Renato Ferreira (MOVEFREE\/MR3EVENTUS), com 600.&nbsp;<\/p>\n\n\n\n<p>Na elite feminina, Melissa Maia percorreu o percurso em 3h00m51s, tendo superado a concorr\u00eancia de Celina Carpinteiro (CDASJ\/Cyclin\u00b4Team\/Munic\u00edpio Albufeira), segunda a 8m49s, e Leandra Gomes (SAERTEX Portugal\/Edaetech), terceira a 14m45s. No ranking final, os dois primeiros lugares repetem-se, com Melissa Maia a liderar com 1.200 pontos depois de ter vencido todas as provas, e Celina Carpinteiro no segundo lugar, com 850. Maaris Meier (SAGIPER\/NSCP Mort\u00e1gua), que n\u00e3o competiu nesta \u00faltima prova, fecha o p\u00f3dio com 750 pontos.&nbsp;<\/p>\n\n\n\n<p>Nos masters, Rui Carvalho (Clube de Ciclismo de Castelo Branco) e Marilyne Marques (DEMO BTT \u2013 O\u00b4baga fruit) conquistaram a Ta\u00e7a de Portugal entre masters 30, Carlos Paredes (Avebikers Cycling Team\/AMVE) em 35, David Vaz e Raquel Santos (BTT Seia) em 40, Nuno Vicente (BTT Seia) em 45, Carlos Almeida (Padeirinhas Sobre Rodas\/SIMOLDES) e Carla Vieira em 50, Carlos Soares em 55, Fernando Gon\u00e7alves (CTM Vila Pouca BTT Team) em 60 e Orlando Sebasti\u00e3o (BTT Concei\u00e7\u00e3o de Faro) em 65. Em Paraciclismo, Roberto Soares (Bombos S. Sebasti\u00e3o\/LusoPrint\/Casa Louren\u00e7o), na categoria C, e Ivo Pereira (R\u00d3\u00d3DINHAS\/Master Vantagem), na categoria D, subiram ao primeiro lugar do p\u00f3dio.&nbsp;<\/p>\n\n\n\n<p>Nota ainda para as bicicletas el\u00e9tricas, com Carlos Br\u00e1s (BTT Concei\u00e7\u00e3o de Faro) a concluir na lideran\u00e7a do ranking de E-MTB masculino e C\u00e1tia Santos (Sic\u00f3Trilhos Abiul) no feminino. Entre as equipas, o t\u00edtulo ficou para a Guilhabreu MTB Team, com um total de 1.200 pontos. SAERTEX Portugal\/Edaetech, com 900 pontos, e CDASJ\/Cyclin\u00b4Team\/Munic\u00edpio Albufeira, com 880, completaram o p\u00f3dio.<\/p>\n","protected":false},"excerpt":{"rendered":"<p>Guilherme Mota e Melissa Maia, ambos da Guilhabreu MTB Team, selaram a conquista da Ta\u00e7a de Portugal de XCM entre<\/p>\n","protected":false},"author":1,"featured_media":42942,"comment_status":"open","ping_status":"open","sticky":false,"template":"","format":"standard","meta":{"colormag_page_container_layout":"default_layout","colormag_page_sidebar_layout":"default_layout","_monsterinsights_skip_tracking":false,"_monsterinsights_sitenote_active":false,"_monsterinsights_sitenote_note":"","_monsterinsights_sitenote_category":0,"jetpack_post_was_ever_published":false,"_jetpack_newsletter_access":"","_jetpack_dont_email_post_to_subs":false,"_jetpack_newsletter_tier_id":0,"_jetpack_memberships_contains_paywalled_content":false,"_jetpack_memberships_contains_paid_content":false,"footnotes":"","jetpack_publicize_message":"","jetpack_publicize_feature_enabled":true,"jetpack_social_post_already_shared":false,"jetpack_social_options":{"image_generator_settings":{"template":"highway","default_image_id":0,"font":"","enabled":false},"version":2}},"categories":[15],"tags":[36,40,68],"class_list":["post-42943","post","type-post","status-publish","format-standard","has-post-thumbnail","hentry","category-desporto","tag-algarve","tag-desporto","tag-lagos"],"yoast_head":"<!-- This site is optimized with the Yoast SEO plugin v27.5 - https:\/\/yoast.com\/product\/yoast-seo-wordpress\/ -->\n<title>Guilherme Mota e Melissa Maia selam conquista da Ta\u00e7a de Portugal de XCM em Lagos - Algarve 7<\/title>\n<meta name=\"description\" content=\"Guilherme Mota e Melissa Maia selam conquista da Ta\u00e7a de Portugal de XCM em Lagos\" \/>\n<meta name=\"robots\" content=\"index, follow, max-snippet:-1, max-image-preview:large, max-video-preview:-1\" \/>\n<link rel=\"canonical\" href=\"https:\/\/algarve7.pt\/index.php\/2024\/10\/guilherme-mota-e-melissa-maia-selam-conquista-da-taca-de-portugal-de-xcm-em-lagos\/desporto\/11\/02\/\" \/>\n<meta property=\"og:locale\" content=\"pt_PT\" \/>\n<meta property=\"og:type\" content=\"article\" \/>\n<meta property=\"og:title\" content=\"Guilherme Mota e Melissa Maia selam conquista da Ta\u00e7a de Portugal de XCM em Lagos - Algarve 7\" \/>\n<meta property=\"og:description\" content=\"Guilherme Mota e Melissa Maia selam conquista da Ta\u00e7a de Portugal de XCM em Lagos\" \/>\n<meta property=\"og:url\" content=\"https:\/\/algarve7.pt\/index.php\/2024\/10\/guilherme-mota-e-melissa-maia-selam-conquista-da-taca-de-portugal-de-xcm-em-lagos\/desporto\/11\/02\/\" \/>\n<meta property=\"og:site_name\" content=\"Algarve 7\" \/>\n<meta property=\"article:publisher\" content=\"https:\/\/www.facebook.com\/algarve7\" \/>\n<meta property=\"article:author\" content=\"https:\/\/www.facebook.com\/algarve7\" \/>\n<meta property=\"article:published_time\" content=\"2024-10-07T10:02:21+00:00\" \/>\n<meta property=\"og:image\" content=\"https:\/\/algarve7.pt\/wp-content\/uploads\/2024\/10\/img_0784-1.jpg\" \/>\n\t<meta property=\"og:image:width\" content=\"900\" \/>\n\t<meta property=\"og:image:height\" content=\"600\" \/>\n\t<meta property=\"og:image:type\" content=\"image\/jpeg\" \/>\n<meta name=\"author\" content=\"Algarve 7\" \/>\n<meta name=\"twitter:card\" content=\"summary_large_image\" \/>\n<meta name=\"twitter:creator\" content=\"@Algarvesete\" \/>\n<meta name=\"twitter:site\" content=\"@Algarvesete\" \/>\n<meta name=\"twitter:label1\" content=\"Escrito por\" \/>\n\t<meta name=\"twitter:data1\" content=\"Algarve 7\" \/>\n\t<meta name=\"twitter:label2\" content=\"Tempo estimado de leitura\" \/>\n\t<meta name=\"twitter:data2\" content=\"2 minutos\" \/>\n<script type=\"application\/ld+json\" class=\"yoast-schema-graph\">{\"@context\":\"https:\\\/\\\/schema.org\",\"@graph\":[{\"@type\":\"Article\",\"@id\":\"https:\\\/\\\/algarve7.pt\\\/index.php\\\/2024\\\/10\\\/guilherme-mota-e-melissa-maia-selam-conquista-da-taca-de-portugal-de-xcm-em-lagos\\\/desporto\\\/11\\\/02\\\/#article\",\"isPartOf\":{\"@id\":\"https:\\\/\\\/algarve7.pt\\\/index.php\\\/2024\\\/10\\\/guilherme-mota-e-melissa-maia-selam-conquista-da-taca-de-portugal-de-xcm-em-lagos\\\/desporto\\\/11\\\/02\\\/\"},\"author\":{\"name\":\"Algarve 7\",\"@id\":\"https:\\\/\\\/algarve7.pt\\\/#\\\/schema\\\/person\\\/23fa70681308e7b319a3204bcea45e0c\"},\"headline\":\"Guilherme Mota e Melissa Maia selam conquista da Ta\u00e7a de Portugal de XCM em Lagos\",\"datePublished\":\"2024-10-07T10:02:21+00:00\",\"mainEntityOfPage\":{\"@id\":\"https:\\\/\\\/algarve7.pt\\\/index.php\\\/2024\\\/10\\\/guilherme-mota-e-melissa-maia-selam-conquista-da-taca-de-portugal-de-xcm-em-lagos\\\/desporto\\\/11\\\/02\\\/\"},\"wordCount\":392,\"commentCount\":0,\"publisher\":{\"@id\":\"https:\\\/\\\/algarve7.pt\\\/#organization\"},\"image\":{\"@id\":\"https:\\\/\\\/algarve7.pt\\\/index.php\\\/2024\\\/10\\\/guilherme-mota-e-melissa-maia-selam-conquista-da-taca-de-portugal-de-xcm-em-lagos\\\/desporto\\\/11\\\/02\\\/#primaryimage\"},\"thumbnailUrl\":\"https:\\\/\\\/algarve7.pt\\\/wp-content\\\/uploads\\\/2024\\\/10\\\/img_0784-1.jpg\",\"keywords\":[\"Algarve\",\"Desporto\",\"Lagos\"],\"articleSection\":[\"Desporto\"],\"inLanguage\":\"pt-PT\",\"potentialAction\":[{\"@type\":\"CommentAction\",\"name\":\"Comment\",\"target\":[\"https:\\\/\\\/algarve7.pt\\\/index.php\\\/2024\\\/10\\\/guilherme-mota-e-melissa-maia-selam-conquista-da-taca-de-portugal-de-xcm-em-lagos\\\/desporto\\\/11\\\/02\\\/#respond\"]}]},{\"@type\":\"WebPage\",\"@id\":\"https:\\\/\\\/algarve7.pt\\\/index.php\\\/2024\\\/10\\\/guilherme-mota-e-melissa-maia-selam-conquista-da-taca-de-portugal-de-xcm-em-lagos\\\/desporto\\\/11\\\/02\\\/\",\"url\":\"https:\\\/\\\/algarve7.pt\\\/index.php\\\/2024\\\/10\\\/guilherme-mota-e-melissa-maia-selam-conquista-da-taca-de-portugal-de-xcm-em-lagos\\\/desporto\\\/11\\\/02\\\/\",\"name\":\"Guilherme Mota e Melissa Maia selam conquista da Ta\u00e7a de Portugal de XCM em Lagos - Algarve 7\",\"isPartOf\":{\"@id\":\"https:\\\/\\\/algarve7.pt\\\/#website\"},\"primaryImageOfPage\":{\"@id\":\"https:\\\/\\\/algarve7.pt\\\/index.php\\\/2024\\\/10\\\/guilherme-mota-e-melissa-maia-selam-conquista-da-taca-de-portugal-de-xcm-em-lagos\\\/desporto\\\/11\\\/02\\\/#primaryimage\"},\"image\":{\"@id\":\"https:\\\/\\\/algarve7.pt\\\/index.php\\\/2024\\\/10\\\/guilherme-mota-e-melissa-maia-selam-conquista-da-taca-de-portugal-de-xcm-em-lagos\\\/desporto\\\/11\\\/02\\\/#primaryimage\"},\"thumbnailUrl\":\"https:\\\/\\\/algarve7.pt\\\/wp-content\\\/uploads\\\/2024\\\/10\\\/img_0784-1.jpg\",\"datePublished\":\"2024-10-07T10:02:21+00:00\",\"description\":\"Guilherme Mota e Melissa Maia selam conquista da Ta\u00e7a de Portugal de XCM em Lagos\",\"breadcrumb\":{\"@id\":\"https:\\\/\\\/algarve7.pt\\\/index.php\\\/2024\\\/10\\\/guilherme-mota-e-melissa-maia-selam-conquista-da-taca-de-portugal-de-xcm-em-lagos\\\/desporto\\\/11\\\/02\\\/#breadcrumb\"},\"inLanguage\":\"pt-PT\",\"potentialAction\":[{\"@type\":\"ReadAction\",\"target\":[\"https:\\\/\\\/algarve7.pt\\\/index.php\\\/2024\\\/10\\\/guilherme-mota-e-melissa-maia-selam-conquista-da-taca-de-portugal-de-xcm-em-lagos\\\/desporto\\\/11\\\/02\\\/\"]}]},{\"@type\":\"ImageObject\",\"inLanguage\":\"pt-PT\",\"@id\":\"https:\\\/\\\/algarve7.pt\\\/index.php\\\/2024\\\/10\\\/guilherme-mota-e-melissa-maia-selam-conquista-da-taca-de-portugal-de-xcm-em-lagos\\\/desporto\\\/11\\\/02\\\/#primaryimage\",\"url\":\"https:\\\/\\\/algarve7.pt\\\/wp-content\\\/uploads\\\/2024\\\/10\\\/img_0784-1.jpg\",\"contentUrl\":\"https:\\\/\\\/algarve7.pt\\\/wp-content\\\/uploads\\\/2024\\\/10\\\/img_0784-1.jpg\",\"width\":900,\"height\":600},{\"@type\":\"BreadcrumbList\",\"@id\":\"https:\\\/\\\/algarve7.pt\\\/index.php\\\/2024\\\/10\\\/guilherme-mota-e-melissa-maia-selam-conquista-da-taca-de-portugal-de-xcm-em-lagos\\\/desporto\\\/11\\\/02\\\/#breadcrumb\",\"itemListElement\":[{\"@type\":\"ListItem\",\"position\":1,\"name\":\"In\u00edcio\",\"item\":\"https:\\\/\\\/algarve7.pt\\\/\"},{\"@type\":\"ListItem\",\"position\":2,\"name\":\"Guilherme Mota e Melissa Maia selam conquista da Ta\u00e7a de Portugal de XCM em Lagos\"}]},{\"@type\":\"WebSite\",\"@id\":\"https:\\\/\\\/algarve7.pt\\\/#website\",\"url\":\"https:\\\/\\\/algarve7.pt\\\/\",\"name\":\"Algarve 7\",\"description\":\"Informa\u00e7\u00e3o sobre o Algarve\",\"publisher\":{\"@id\":\"https:\\\/\\\/algarve7.pt\\\/#organization\"},\"potentialAction\":[{\"@type\":\"SearchAction\",\"target\":{\"@type\":\"EntryPoint\",\"urlTemplate\":\"https:\\\/\\\/algarve7.pt\\\/?s={search_term_string}\"},\"query-input\":{\"@type\":\"PropertyValueSpecification\",\"valueRequired\":true,\"valueName\":\"search_term_string\"}}],\"inLanguage\":\"pt-PT\"},{\"@type\":\"Organization\",\"@id\":\"https:\\\/\\\/algarve7.pt\\\/#organization\",\"name\":\"Algarve 7\",\"url\":\"https:\\\/\\\/algarve7.pt\\\/\",\"logo\":{\"@type\":\"ImageObject\",\"inLanguage\":\"pt-PT\",\"@id\":\"https:\\\/\\\/algarve7.pt\\\/#\\\/schema\\\/logo\\\/image\\\/\",\"url\":\"https:\\\/\\\/algarve7.pt\\\/wp-content\\\/uploads\\\/2020\\\/10\\\/Logo-8.jpg\",\"contentUrl\":\"https:\\\/\\\/algarve7.pt\\\/wp-content\\\/uploads\\\/2020\\\/10\\\/Logo-8.jpg\",\"width\":1680,\"height\":1186,\"caption\":\"Algarve 7\"},\"image\":{\"@id\":\"https:\\\/\\\/algarve7.pt\\\/#\\\/schema\\\/logo\\\/image\\\/\"},\"sameAs\":[\"https:\\\/\\\/www.facebook.com\\\/algarve7\",\"https:\\\/\\\/x.com\\\/Algarvesete\",\"https:\\\/\\\/www.instagram.com\\\/jornalalgarve7\\\/\",\"https:\\\/\\\/www.linkedin.com\\\/company\\\/algarve7\",\"https:\\\/\\\/www.pinterest.pt\\\/geral0939\\\/_created\\\/\"]},{\"@type\":\"Person\",\"@id\":\"https:\\\/\\\/algarve7.pt\\\/#\\\/schema\\\/person\\\/23fa70681308e7b319a3204bcea45e0c\",\"name\":\"Algarve 7\",\"sameAs\":[\"https:\\\/\\\/algarve7.pt\",\"https:\\\/\\\/www.facebook.com\\\/algarve7\"],\"url\":\"https:\\\/\\\/algarve7.pt\\\/index.php\\\/author\\\/geralalgarve7-pt\\\/\"}]}<\/script>\n<!-- \/ Yoast SEO plugin. -->","yoast_head_json":{"title":"Guilherme Mota e Melissa Maia selam conquista da Ta\u00e7a de Portugal de XCM em Lagos - Algarve 7","description":"Guilherme Mota e Melissa Maia selam conquista da Ta\u00e7a de Portugal de XCM em Lagos","robots":{"index":"index","follow":"follow","max-snippet":"max-snippet:-1","max-image-preview":"max-image-preview:large","max-video-preview":"max-video-preview:-1"},"canonical":"https:\/\/algarve7.pt\/index.php\/2024\/10\/guilherme-mota-e-melissa-maia-selam-conquista-da-taca-de-portugal-de-xcm-em-lagos\/desporto\/11\/02\/","og_locale":"pt_PT","og_type":"article","og_title":"Guilherme Mota e Melissa Maia selam conquista da Ta\u00e7a de Portugal de XCM em Lagos - Algarve 7","og_description":"Guilherme Mota e Melissa Maia selam conquista da Ta\u00e7a de Portugal de XCM em Lagos","og_url":"https:\/\/algarve7.pt\/index.php\/2024\/10\/guilherme-mota-e-melissa-maia-selam-conquista-da-taca-de-portugal-de-xcm-em-lagos\/desporto\/11\/02\/","og_site_name":"Algarve 7","article_publisher":"https:\/\/www.facebook.com\/algarve7","article_author":"https:\/\/www.facebook.com\/algarve7","article_published_time":"2024-10-07T10:02:21+00:00","og_image":[{"width":900,"height":600,"url":"https:\/\/algarve7.pt\/wp-content\/uploads\/2024\/10\/img_0784-1.jpg","type":"image\/jpeg"}],"author":"Algarve 7","twitter_card":"summary_large_image","twitter_creator":"@Algarvesete","twitter_site":"@Algarvesete","twitter_misc":{"Escrito por":"Algarve 7","Tempo estimado de leitura":"2 minutos"},"schema":{"@context":"https:\/\/schema.org","@graph":[{"@type":"Article","@id":"https:\/\/algarve7.pt\/index.php\/2024\/10\/guilherme-mota-e-melissa-maia-selam-conquista-da-taca-de-portugal-de-xcm-em-lagos\/desporto\/11\/02\/#article","isPartOf":{"@id":"https:\/\/algarve7.pt\/index.php\/2024\/10\/guilherme-mota-e-melissa-maia-selam-conquista-da-taca-de-portugal-de-xcm-em-lagos\/desporto\/11\/02\/"},"author":{"name":"Algarve 7","@id":"https:\/\/algarve7.pt\/#\/schema\/person\/23fa70681308e7b319a3204bcea45e0c"},"headline":"Guilherme Mota e Melissa Maia selam conquista da Ta\u00e7a de Portugal de XCM em Lagos","datePublished":"2024-10-07T10:02:21+00:00","mainEntityOfPage":{"@id":"https:\/\/algarve7.pt\/index.php\/2024\/10\/guilherme-mota-e-melissa-maia-selam-conquista-da-taca-de-portugal-de-xcm-em-lagos\/desporto\/11\/02\/"},"wordCount":392,"commentCount":0,"publisher":{"@id":"https:\/\/algarve7.pt\/#organization"},"image":{"@id":"https:\/\/algarve7.pt\/index.php\/2024\/10\/guilherme-mota-e-melissa-maia-selam-conquista-da-taca-de-portugal-de-xcm-em-lagos\/desporto\/11\/02\/#primaryimage"},"thumbnailUrl":"https:\/\/algarve7.pt\/wp-content\/uploads\/2024\/10\/img_0784-1.jpg","keywords":["Algarve","Desporto","Lagos"],"articleSection":["Desporto"],"inLanguage":"pt-PT","potentialAction":[{"@type":"CommentAction","name":"Comment","target":["https:\/\/algarve7.pt\/index.php\/2024\/10\/guilherme-mota-e-melissa-maia-selam-conquista-da-taca-de-portugal-de-xcm-em-lagos\/desporto\/11\/02\/#respond"]}]},{"@type":"WebPage","@id":"https:\/\/algarve7.pt\/index.php\/2024\/10\/guilherme-mota-e-melissa-maia-selam-conquista-da-taca-de-portugal-de-xcm-em-lagos\/desporto\/11\/02\/","url":"https:\/\/algarve7.pt\/index.php\/2024\/10\/guilherme-mota-e-melissa-maia-selam-conquista-da-taca-de-portugal-de-xcm-em-lagos\/desporto\/11\/02\/","name":"Guilherme Mota e Melissa Maia selam conquista da Ta\u00e7a de Portugal de XCM em Lagos - Algarve 7","isPartOf":{"@id":"https:\/\/algarve7.pt\/#website"},"primaryImageOfPage":{"@id":"https:\/\/algarve7.pt\/index.php\/2024\/10\/guilherme-mota-e-melissa-maia-selam-conquista-da-taca-de-portugal-de-xcm-em-lagos\/desporto\/11\/02\/#primaryimage"},"image":{"@id":"https:\/\/algarve7.pt\/index.php\/2024\/10\/guilherme-mota-e-melissa-maia-selam-conquista-da-taca-de-portugal-de-xcm-em-lagos\/desporto\/11\/02\/#primaryimage"},"thumbnailUrl":"https:\/\/algarve7.pt\/wp-content\/uploads\/2024\/10\/img_0784-1.jpg","datePublished":"2024-10-07T10:02:21+00:00","description":"Guilherme Mota e Melissa Maia selam conquista da Ta\u00e7a de Portugal de XCM em Lagos","breadcrumb":{"@id":"https:\/\/algarve7.pt\/index.php\/2024\/10\/guilherme-mota-e-melissa-maia-selam-conquista-da-taca-de-portugal-de-xcm-em-lagos\/desporto\/11\/02\/#breadcrumb"},"inLanguage":"pt-PT","potentialAction":[{"@type":"ReadAction","target":["https:\/\/algarve7.pt\/index.php\/2024\/10\/guilherme-mota-e-melissa-maia-selam-conquista-da-taca-de-portugal-de-xcm-em-lagos\/desporto\/11\/02\/"]}]},{"@type":"ImageObject","inLanguage":"pt-PT","@id":"https:\/\/algarve7.pt\/index.php\/2024\/10\/guilherme-mota-e-melissa-maia-selam-conquista-da-taca-de-portugal-de-xcm-em-lagos\/desporto\/11\/02\/#primaryimage","url":"https:\/\/algarve7.pt\/wp-content\/uploads\/2024\/10\/img_0784-1.jpg","contentUrl":"https:\/\/algarve7.pt\/wp-content\/uploads\/2024\/10\/img_0784-1.jpg","width":900,"height":600},{"@type":"BreadcrumbList","@id":"https:\/\/algarve7.pt\/index.php\/2024\/10\/guilherme-mota-e-melissa-maia-selam-conquista-da-taca-de-portugal-de-xcm-em-lagos\/desporto\/11\/02\/#breadcrumb","itemListElement":[{"@type":"ListItem","position":1,"name":"In\u00edcio","item":"https:\/\/algarve7.pt\/"},{"@type":"ListItem","position":2,"name":"Guilherme Mota e Melissa Maia selam conquista da Ta\u00e7a de Portugal de XCM em Lagos"}]},{"@type":"WebSite","@id":"https:\/\/algarve7.pt\/#website","url":"https:\/\/algarve7.pt\/","name":"Algarve 7","description":"Informa\u00e7\u00e3o sobre o Algarve","publisher":{"@id":"https:\/\/algarve7.pt\/#organization"},"potentialAction":[{"@type":"SearchAction","target":{"@type":"EntryPoint","urlTemplate":"https:\/\/algarve7.pt\/?s={search_term_string}"},"query-input":{"@type":"PropertyValueSpecification","valueRequired":true,"valueName":"search_term_string"}}],"inLanguage":"pt-PT"},{"@type":"Organization","@id":"https:\/\/algarve7.pt\/#organization","name":"Algarve 7","url":"https:\/\/algarve7.pt\/","logo":{"@type":"ImageObject","inLanguage":"pt-PT","@id":"https:\/\/algarve7.pt\/#\/schema\/logo\/image\/","url":"https:\/\/algarve7.pt\/wp-content\/uploads\/2020\/10\/Logo-8.jpg","contentUrl":"https:\/\/algarve7.pt\/wp-content\/uploads\/2020\/10\/Logo-8.jpg","width":1680,"height":1186,"caption":"Algarve 7"},"image":{"@id":"https:\/\/algarve7.pt\/#\/schema\/logo\/image\/"},"sameAs":["https:\/\/www.facebook.com\/algarve7","https:\/\/x.com\/Algarvesete","https:\/\/www.instagram.com\/jornalalgarve7\/","https:\/\/www.linkedin.com\/company\/algarve7","https:\/\/www.pinterest.pt\/geral0939\/_created\/"]},{"@type":"Person","@id":"https:\/\/algarve7.pt\/#\/schema\/person\/23fa70681308e7b319a3204bcea45e0c","name":"Algarve 7","sameAs":["https:\/\/algarve7.pt","https:\/\/www.facebook.com\/algarve7"],"url":"https:\/\/algarve7.pt\/index.php\/author\/geralalgarve7-pt\/"}]}},"jetpack_publicize_connections":[],"jetpack_featured_media_url":"https:\/\/algarve7.pt\/wp-content\/uploads\/2024\/10\/img_0784-1.jpg","jetpack_shortlink":"https:\/\/wp.me\/pcezmW-baD","jetpack_sharing_enabled":true,"_links":{"self":[{"href":"https:\/\/algarve7.pt\/index.php\/wp-json\/wp\/v2\/posts\/42943","targetHints":{"allow":["GET"]}}],"collection":[{"href":"https:\/\/algarve7.pt\/index.php\/wp-json\/wp\/v2\/posts"}],"about":[{"href":"https:\/\/algarve7.pt\/index.php\/wp-json\/wp\/v2\/types\/post"}],"author":[{"embeddable":true,"href":"https:\/\/algarve7.pt\/index.php\/wp-json\/wp\/v2\/users\/1"}],"replies":[{"embeddable":true,"href":"https:\/\/algarve7.pt\/index.php\/wp-json\/wp\/v2\/comments?post=42943"}],"version-history":[{"count":0,"href":"https:\/\/algarve7.pt\/index.php\/wp-json\/wp\/v2\/posts\/42943\/revisions"}],"wp:featuredmedia":[{"embeddable":true,"href":"https:\/\/algarve7.pt\/index.php\/wp-json\/wp\/v2\/media\/42942"}],"wp:attachment":[{"href":"https:\/\/algarve7.pt\/index.php\/wp-json\/wp\/v2\/media?parent=42943"}],"wp:term":[{"taxonomy":"category","embeddable":true,"href":"https:\/\/algarve7.pt\/index.php\/wp-json\/wp\/v2\/categories?post=42943"},{"taxonomy":"post_tag","embeddable":true,"href":"https:\/\/algarve7.pt\/index.php\/wp-json\/wp\/v2\/tags?post=42943"}],"curies":[{"name":"wp","href":"https:\/\/api.w.org\/{rel}","templated":true}]}}