{"id":42878,"date":"2024-10-04T12:00:00","date_gmt":"2024-10-04T11:00:00","guid":{"rendered":"https:\/\/algarve7.pt\/?p=42878"},"modified":"2024-10-03T20:25:36","modified_gmt":"2024-10-03T19:25:36","slug":"sao-bras-de-alportel-celebra-114-anos-da-implantacao-da-republica","status":"publish","type":"post","link":"https:\/\/algarve7.pt\/index.php\/2024\/10\/sao-bras-de-alportel-celebra-114-anos-da-implantacao-da-republica\/atualidade\/12\/00\/","title":{"rendered":"S\u00e3o Br\u00e1s de Alportel celebra 114 anos da Implanta\u00e7\u00e3o da Rep\u00fablica"},"content":{"rendered":"\n<p><strong>O Munic\u00edpio de S\u00e3o Br\u00e1s de Alportel celebra o 114\u00ba anivers\u00e1rio da Implanta\u00e7\u00e3o da Rep\u00fablica no pr\u00f3ximo s\u00e1bado, 5 de outubro, com a inaugura\u00e7\u00e3o da Galeria de Presidentes do Munic\u00edpio, que foi fundado em 1914, \u201cfilho\u201d da Rep\u00fablica.<\/strong><strong><\/strong><\/p>\n\n\n\n<p>As cerim\u00f3nias t\u00eam in\u00edcio \u00e0s 10h00 com a cerim\u00f3nia de Hastear da Bandeira Nacional pelo Corpo de Bombeiros de S\u00e3o Br\u00e1s de Alportel ao som do Hino Nacional interpretado pela Banda Filarm\u00f3nica de S\u00e3o Br\u00e1s de Alportel.<\/p>\n\n\n\n<p>O programa tem continuidade, pelas 10h10, no Sal\u00e3o Nobre dos Pa\u00e7os do Concelho, onde ter\u00e1 lugar a sess\u00e3o solene comemorativa, que integrar\u00e1 a inaugura\u00e7\u00e3o da Galeria de Presidentes, que pretende prestar tributo \u00e0s personalidades, que lideraram o munic\u00edpio, nos seus diversos \u00f3rg\u00e3os aut\u00e1rquicos, desde 1914. Na totalidade, s\u00e3o meia centena de cidad\u00e3os que ser\u00e3o homenageados, onde se incluem os administradores do concelho (de 1914 a 1934), os Presidentes da Comiss\u00e3o Executiva que funcionou at\u00e9 \u00e0 instaura\u00e7\u00e3o da Ditadura Militar, ou seja, de 1914 at\u00e9 1926; os presidentes da C\u00e2mara Municipal (de 1914 at\u00e9 \u00e0 atualidade) e ainda os presidentes da Assembleia Municipal, \u00f3rg\u00e3o aut\u00e1rquico que surgiu ap\u00f3s a Revolu\u00e7\u00e3o de 25 de Abril de 1974.<\/p>\n\n\n\n<p>A comunidade est\u00e1 convidada a participar nas comemora\u00e7\u00f5es desta data importante para a Hist\u00f3ria de Portugal por tudo o que significou com a implementa\u00e7\u00e3o de pol\u00edticas e a defesa de direitos baseados nos ideais republicanos e com particular relev\u00e2ncia para S\u00e3o Br\u00e1s de Alportel uma vez que a implanta\u00e7\u00e3o da Rep\u00fablica foi um passo decisivo para a eleva\u00e7\u00e3o deste territ\u00f3rio, na altura integrado no concelho de Faro, a concelho com identidade e gest\u00e3o pr\u00f3prias em 1914.<\/p>\n\n\n\n<p>Nunca \u00e9 demais recordar que o s\u00e3o-brasense Jo\u00e3o Rosa Beatriz teve um papel decisivo na cria\u00e7\u00e3o e desenvolvimento deste concelho pois conseguiu entre os republicanos o apoio necess\u00e1rio ao n\u00edvel pol\u00edtico e local para a autonomia de S\u00e3o Br\u00e1s de Alportel.<\/p>\n\n\n\n<p>O seu empenho motivou a sua elei\u00e7\u00e3o como primeiro administrador do concelho.<\/p>\n\n\n\n<p>Uma figura maior s\u00e3o-brasense que pode ser conhecida com maior pormenor na exposi\u00e7\u00e3o permanente patente no Espa\u00e7o Mem\u00f3ria, instalado no primeiro andar da C\u00e2mara Municipal de S\u00e3o Br\u00e1s de Alportel.<\/p>\n\n\n\n<p>A Galeria de Presidentes do Munic\u00edpio, enquanto novo elemento de interesse patrimonial e tur\u00edstico, de visita aberta ao p\u00fablico, vem complementar o Espa\u00e7o Mem\u00f3ria do Munic\u00edpio, enriquecendo a Rota Mem\u00f3ria de S\u00e3o Br\u00e1s de Alportel.<\/p>\n","protected":false},"excerpt":{"rendered":"<p>O Munic\u00edpio de S\u00e3o Br\u00e1s de Alportel celebra o 114\u00ba anivers\u00e1rio da Implanta\u00e7\u00e3o da Rep\u00fablica no pr\u00f3ximo s\u00e1bado, 5 de<\/p>\n","protected":false},"author":1,"featured_media":42879,"comment_status":"open","ping_status":"open","sticky":false,"template":"","format":"standard","meta":{"colormag_page_container_layout":"default_layout","colormag_page_sidebar_layout":"default_layout","_monsterinsights_skip_tracking":false,"_monsterinsights_sitenote_active":false,"_monsterinsights_sitenote_note":"","_monsterinsights_sitenote_category":0,"jetpack_post_was_ever_published":false,"_jetpack_newsletter_access":"","_jetpack_dont_email_post_to_subs":false,"_jetpack_newsletter_tier_id":0,"_jetpack_memberships_contains_paywalled_content":false,"_jetpack_memberships_contains_paid_content":false,"footnotes":"","jetpack_publicize_message":"","jetpack_publicize_feature_enabled":true,"jetpack_social_post_already_shared":false,"jetpack_social_options":{"image_generator_settings":{"template":"highway","default_image_id":0,"font":"","enabled":false},"version":2}},"categories":[11],"tags":[36,62,63],"class_list":["post-42878","post","type-post","status-publish","format-standard","has-post-thumbnail","hentry","category-atualidade","tag-algarve","tag-atualidade","tag-sao-bras-de-alportel"],"yoast_head":"<!-- This site is optimized with the Yoast SEO plugin v27.5 - https:\/\/yoast.com\/product\/yoast-seo-wordpress\/ -->\n<title>S\u00e3o Br\u00e1s de Alportel celebra 114 anos da Implanta\u00e7\u00e3o da Rep\u00fablica - Algarve 7<\/title>\n<meta name=\"description\" content=\"S\u00e3o Br\u00e1s de Alportel celebra 114 anos da Implanta\u00e7\u00e3o da Rep\u00fablica Atualidade\" \/>\n<meta name=\"robots\" content=\"index, follow, max-snippet:-1, max-image-preview:large, max-video-preview:-1\" \/>\n<link rel=\"canonical\" href=\"https:\/\/algarve7.pt\/index.php\/2024\/10\/sao-bras-de-alportel-celebra-114-anos-da-implantacao-da-republica\/atualidade\/12\/00\/\" \/>\n<meta property=\"og:locale\" content=\"pt_PT\" \/>\n<meta property=\"og:type\" content=\"article\" \/>\n<meta property=\"og:title\" content=\"S\u00e3o Br\u00e1s de Alportel celebra 114 anos da Implanta\u00e7\u00e3o da Rep\u00fablica - Algarve 7\" \/>\n<meta property=\"og:description\" content=\"S\u00e3o Br\u00e1s de Alportel celebra 114 anos da Implanta\u00e7\u00e3o da Rep\u00fablica Atualidade\" \/>\n<meta property=\"og:url\" content=\"https:\/\/algarve7.pt\/index.php\/2024\/10\/sao-bras-de-alportel-celebra-114-anos-da-implantacao-da-republica\/atualidade\/12\/00\/\" \/>\n<meta property=\"og:site_name\" content=\"Algarve 7\" \/>\n<meta property=\"article:publisher\" content=\"https:\/\/www.facebook.com\/algarve7\" \/>\n<meta property=\"article:author\" content=\"https:\/\/www.facebook.com\/algarve7\" \/>\n<meta property=\"article:published_time\" content=\"2024-10-04T11:00:00+00:00\" \/>\n<meta property=\"og:image\" content=\"https:\/\/algarve7.pt\/wp-content\/uploads\/2024\/10\/5_Outubro_Cartaz_Programa_post-Medium.png\" \/>\n\t<meta property=\"og:image:width\" content=\"768\" \/>\n\t<meta property=\"og:image:height\" content=\"768\" \/>\n\t<meta property=\"og:image:type\" content=\"image\/png\" \/>\n<meta name=\"author\" content=\"Algarve 7\" \/>\n<meta name=\"twitter:card\" content=\"summary_large_image\" \/>\n<meta name=\"twitter:creator\" content=\"@Algarvesete\" \/>\n<meta name=\"twitter:site\" content=\"@Algarvesete\" \/>\n<meta name=\"twitter:label1\" content=\"Escrito por\" \/>\n\t<meta name=\"twitter:data1\" content=\"Algarve 7\" \/>\n\t<meta name=\"twitter:label2\" content=\"Tempo estimado de leitura\" \/>\n\t<meta name=\"twitter:data2\" content=\"3 minutos\" \/>\n<script type=\"application\/ld+json\" class=\"yoast-schema-graph\">{\"@context\":\"https:\\\/\\\/schema.org\",\"@graph\":[{\"@type\":\"Article\",\"@id\":\"https:\\\/\\\/algarve7.pt\\\/index.php\\\/2024\\\/10\\\/sao-bras-de-alportel-celebra-114-anos-da-implantacao-da-republica\\\/atualidade\\\/12\\\/00\\\/#article\",\"isPartOf\":{\"@id\":\"https:\\\/\\\/algarve7.pt\\\/index.php\\\/2024\\\/10\\\/sao-bras-de-alportel-celebra-114-anos-da-implantacao-da-republica\\\/atualidade\\\/12\\\/00\\\/\"},\"author\":{\"name\":\"Algarve 7\",\"@id\":\"https:\\\/\\\/algarve7.pt\\\/#\\\/schema\\\/person\\\/23fa70681308e7b319a3204bcea45e0c\"},\"headline\":\"S\u00e3o Br\u00e1s de Alportel celebra 114 anos da Implanta\u00e7\u00e3o da Rep\u00fablica\",\"datePublished\":\"2024-10-04T11:00:00+00:00\",\"mainEntityOfPage\":{\"@id\":\"https:\\\/\\\/algarve7.pt\\\/index.php\\\/2024\\\/10\\\/sao-bras-de-alportel-celebra-114-anos-da-implantacao-da-republica\\\/atualidade\\\/12\\\/00\\\/\"},\"wordCount\":458,\"commentCount\":0,\"publisher\":{\"@id\":\"https:\\\/\\\/algarve7.pt\\\/#organization\"},\"image\":{\"@id\":\"https:\\\/\\\/algarve7.pt\\\/index.php\\\/2024\\\/10\\\/sao-bras-de-alportel-celebra-114-anos-da-implantacao-da-republica\\\/atualidade\\\/12\\\/00\\\/#primaryimage\"},\"thumbnailUrl\":\"https:\\\/\\\/algarve7.pt\\\/wp-content\\\/uploads\\\/2024\\\/10\\\/5_Outubro_Cartaz_Programa_post-Medium.png\",\"keywords\":[\"Algarve\",\"Atualidade\",\"S\u00e3o Br\u00e1s de Alportel\"],\"articleSection\":[\"Atualidade\"],\"inLanguage\":\"pt-PT\",\"potentialAction\":[{\"@type\":\"CommentAction\",\"name\":\"Comment\",\"target\":[\"https:\\\/\\\/algarve7.pt\\\/index.php\\\/2024\\\/10\\\/sao-bras-de-alportel-celebra-114-anos-da-implantacao-da-republica\\\/atualidade\\\/12\\\/00\\\/#respond\"]}]},{\"@type\":\"WebPage\",\"@id\":\"https:\\\/\\\/algarve7.pt\\\/index.php\\\/2024\\\/10\\\/sao-bras-de-alportel-celebra-114-anos-da-implantacao-da-republica\\\/atualidade\\\/12\\\/00\\\/\",\"url\":\"https:\\\/\\\/algarve7.pt\\\/index.php\\\/2024\\\/10\\\/sao-bras-de-alportel-celebra-114-anos-da-implantacao-da-republica\\\/atualidade\\\/12\\\/00\\\/\",\"name\":\"S\u00e3o Br\u00e1s de Alportel celebra 114 anos da Implanta\u00e7\u00e3o da Rep\u00fablica - Algarve 7\",\"isPartOf\":{\"@id\":\"https:\\\/\\\/algarve7.pt\\\/#website\"},\"primaryImageOfPage\":{\"@id\":\"https:\\\/\\\/algarve7.pt\\\/index.php\\\/2024\\\/10\\\/sao-bras-de-alportel-celebra-114-anos-da-implantacao-da-republica\\\/atualidade\\\/12\\\/00\\\/#primaryimage\"},\"image\":{\"@id\":\"https:\\\/\\\/algarve7.pt\\\/index.php\\\/2024\\\/10\\\/sao-bras-de-alportel-celebra-114-anos-da-implantacao-da-republica\\\/atualidade\\\/12\\\/00\\\/#primaryimage\"},\"thumbnailUrl\":\"https:\\\/\\\/algarve7.pt\\\/wp-content\\\/uploads\\\/2024\\\/10\\\/5_Outubro_Cartaz_Programa_post-Medium.png\",\"datePublished\":\"2024-10-04T11:00:00+00:00\",\"description\":\"S\u00e3o Br\u00e1s de Alportel celebra 114 anos da Implanta\u00e7\u00e3o da Rep\u00fablica Atualidade\",\"breadcrumb\":{\"@id\":\"https:\\\/\\\/algarve7.pt\\\/index.php\\\/2024\\\/10\\\/sao-bras-de-alportel-celebra-114-anos-da-implantacao-da-republica\\\/atualidade\\\/12\\\/00\\\/#breadcrumb\"},\"inLanguage\":\"pt-PT\",\"potentialAction\":[{\"@type\":\"ReadAction\",\"target\":[\"https:\\\/\\\/algarve7.pt\\\/index.php\\\/2024\\\/10\\\/sao-bras-de-alportel-celebra-114-anos-da-implantacao-da-republica\\\/atualidade\\\/12\\\/00\\\/\"]}]},{\"@type\":\"ImageObject\",\"inLanguage\":\"pt-PT\",\"@id\":\"https:\\\/\\\/algarve7.pt\\\/index.php\\\/2024\\\/10\\\/sao-bras-de-alportel-celebra-114-anos-da-implantacao-da-republica\\\/atualidade\\\/12\\\/00\\\/#primaryimage\",\"url\":\"https:\\\/\\\/algarve7.pt\\\/wp-content\\\/uploads\\\/2024\\\/10\\\/5_Outubro_Cartaz_Programa_post-Medium.png\",\"contentUrl\":\"https:\\\/\\\/algarve7.pt\\\/wp-content\\\/uploads\\\/2024\\\/10\\\/5_Outubro_Cartaz_Programa_post-Medium.png\",\"width\":768,\"height\":768},{\"@type\":\"BreadcrumbList\",\"@id\":\"https:\\\/\\\/algarve7.pt\\\/index.php\\\/2024\\\/10\\\/sao-bras-de-alportel-celebra-114-anos-da-implantacao-da-republica\\\/atualidade\\\/12\\\/00\\\/#breadcrumb\",\"itemListElement\":[{\"@type\":\"ListItem\",\"position\":1,\"name\":\"In\u00edcio\",\"item\":\"https:\\\/\\\/algarve7.pt\\\/\"},{\"@type\":\"ListItem\",\"position\":2,\"name\":\"S\u00e3o Br\u00e1s de Alportel celebra 114 anos da Implanta\u00e7\u00e3o da Rep\u00fablica\"}]},{\"@type\":\"WebSite\",\"@id\":\"https:\\\/\\\/algarve7.pt\\\/#website\",\"url\":\"https:\\\/\\\/algarve7.pt\\\/\",\"name\":\"Algarve 7\",\"description\":\"Informa\u00e7\u00e3o sobre o Algarve\",\"publisher\":{\"@id\":\"https:\\\/\\\/algarve7.pt\\\/#organization\"},\"potentialAction\":[{\"@type\":\"SearchAction\",\"target\":{\"@type\":\"EntryPoint\",\"urlTemplate\":\"https:\\\/\\\/algarve7.pt\\\/?s={search_term_string}\"},\"query-input\":{\"@type\":\"PropertyValueSpecification\",\"valueRequired\":true,\"valueName\":\"search_term_string\"}}],\"inLanguage\":\"pt-PT\"},{\"@type\":\"Organization\",\"@id\":\"https:\\\/\\\/algarve7.pt\\\/#organization\",\"name\":\"Algarve 7\",\"url\":\"https:\\\/\\\/algarve7.pt\\\/\",\"logo\":{\"@type\":\"ImageObject\",\"inLanguage\":\"pt-PT\",\"@id\":\"https:\\\/\\\/algarve7.pt\\\/#\\\/schema\\\/logo\\\/image\\\/\",\"url\":\"https:\\\/\\\/algarve7.pt\\\/wp-content\\\/uploads\\\/2020\\\/10\\\/Logo-8.jpg\",\"contentUrl\":\"https:\\\/\\\/algarve7.pt\\\/wp-content\\\/uploads\\\/2020\\\/10\\\/Logo-8.jpg\",\"width\":1680,\"height\":1186,\"caption\":\"Algarve 7\"},\"image\":{\"@id\":\"https:\\\/\\\/algarve7.pt\\\/#\\\/schema\\\/logo\\\/image\\\/\"},\"sameAs\":[\"https:\\\/\\\/www.facebook.com\\\/algarve7\",\"https:\\\/\\\/x.com\\\/Algarvesete\",\"https:\\\/\\\/www.instagram.com\\\/jornalalgarve7\\\/\",\"https:\\\/\\\/www.linkedin.com\\\/company\\\/algarve7\",\"https:\\\/\\\/www.pinterest.pt\\\/geral0939\\\/_created\\\/\"]},{\"@type\":\"Person\",\"@id\":\"https:\\\/\\\/algarve7.pt\\\/#\\\/schema\\\/person\\\/23fa70681308e7b319a3204bcea45e0c\",\"name\":\"Algarve 7\",\"sameAs\":[\"https:\\\/\\\/algarve7.pt\",\"https:\\\/\\\/www.facebook.com\\\/algarve7\"],\"url\":\"https:\\\/\\\/algarve7.pt\\\/index.php\\\/author\\\/geralalgarve7-pt\\\/\"}]}<\/script>\n<!-- \/ Yoast SEO plugin. -->","yoast_head_json":{"title":"S\u00e3o Br\u00e1s de Alportel celebra 114 anos da Implanta\u00e7\u00e3o da Rep\u00fablica - Algarve 7","description":"S\u00e3o Br\u00e1s de Alportel celebra 114 anos da Implanta\u00e7\u00e3o da Rep\u00fablica Atualidade","robots":{"index":"index","follow":"follow","max-snippet":"max-snippet:-1","max-image-preview":"max-image-preview:large","max-video-preview":"max-video-preview:-1"},"canonical":"https:\/\/algarve7.pt\/index.php\/2024\/10\/sao-bras-de-alportel-celebra-114-anos-da-implantacao-da-republica\/atualidade\/12\/00\/","og_locale":"pt_PT","og_type":"article","og_title":"S\u00e3o Br\u00e1s de Alportel celebra 114 anos da Implanta\u00e7\u00e3o da Rep\u00fablica - Algarve 7","og_description":"S\u00e3o Br\u00e1s de Alportel celebra 114 anos da Implanta\u00e7\u00e3o da Rep\u00fablica Atualidade","og_url":"https:\/\/algarve7.pt\/index.php\/2024\/10\/sao-bras-de-alportel-celebra-114-anos-da-implantacao-da-republica\/atualidade\/12\/00\/","og_site_name":"Algarve 7","article_publisher":"https:\/\/www.facebook.com\/algarve7","article_author":"https:\/\/www.facebook.com\/algarve7","article_published_time":"2024-10-04T11:00:00+00:00","og_image":[{"width":768,"height":768,"url":"https:\/\/algarve7.pt\/wp-content\/uploads\/2024\/10\/5_Outubro_Cartaz_Programa_post-Medium.png","type":"image\/png"}],"author":"Algarve 7","twitter_card":"summary_large_image","twitter_creator":"@Algarvesete","twitter_site":"@Algarvesete","twitter_misc":{"Escrito por":"Algarve 7","Tempo estimado de leitura":"3 minutos"},"schema":{"@context":"https:\/\/schema.org","@graph":[{"@type":"Article","@id":"https:\/\/algarve7.pt\/index.php\/2024\/10\/sao-bras-de-alportel-celebra-114-anos-da-implantacao-da-republica\/atualidade\/12\/00\/#article","isPartOf":{"@id":"https:\/\/algarve7.pt\/index.php\/2024\/10\/sao-bras-de-alportel-celebra-114-anos-da-implantacao-da-republica\/atualidade\/12\/00\/"},"author":{"name":"Algarve 7","@id":"https:\/\/algarve7.pt\/#\/schema\/person\/23fa70681308e7b319a3204bcea45e0c"},"headline":"S\u00e3o Br\u00e1s de Alportel celebra 114 anos da Implanta\u00e7\u00e3o da Rep\u00fablica","datePublished":"2024-10-04T11:00:00+00:00","mainEntityOfPage":{"@id":"https:\/\/algarve7.pt\/index.php\/2024\/10\/sao-bras-de-alportel-celebra-114-anos-da-implantacao-da-republica\/atualidade\/12\/00\/"},"wordCount":458,"commentCount":0,"publisher":{"@id":"https:\/\/algarve7.pt\/#organization"},"image":{"@id":"https:\/\/algarve7.pt\/index.php\/2024\/10\/sao-bras-de-alportel-celebra-114-anos-da-implantacao-da-republica\/atualidade\/12\/00\/#primaryimage"},"thumbnailUrl":"https:\/\/algarve7.pt\/wp-content\/uploads\/2024\/10\/5_Outubro_Cartaz_Programa_post-Medium.png","keywords":["Algarve","Atualidade","S\u00e3o Br\u00e1s de Alportel"],"articleSection":["Atualidade"],"inLanguage":"pt-PT","potentialAction":[{"@type":"CommentAction","name":"Comment","target":["https:\/\/algarve7.pt\/index.php\/2024\/10\/sao-bras-de-alportel-celebra-114-anos-da-implantacao-da-republica\/atualidade\/12\/00\/#respond"]}]},{"@type":"WebPage","@id":"https:\/\/algarve7.pt\/index.php\/2024\/10\/sao-bras-de-alportel-celebra-114-anos-da-implantacao-da-republica\/atualidade\/12\/00\/","url":"https:\/\/algarve7.pt\/index.php\/2024\/10\/sao-bras-de-alportel-celebra-114-anos-da-implantacao-da-republica\/atualidade\/12\/00\/","name":"S\u00e3o Br\u00e1s de Alportel celebra 114 anos da Implanta\u00e7\u00e3o da Rep\u00fablica - Algarve 7","isPartOf":{"@id":"https:\/\/algarve7.pt\/#website"},"primaryImageOfPage":{"@id":"https:\/\/algarve7.pt\/index.php\/2024\/10\/sao-bras-de-alportel-celebra-114-anos-da-implantacao-da-republica\/atualidade\/12\/00\/#primaryimage"},"image":{"@id":"https:\/\/algarve7.pt\/index.php\/2024\/10\/sao-bras-de-alportel-celebra-114-anos-da-implantacao-da-republica\/atualidade\/12\/00\/#primaryimage"},"thumbnailUrl":"https:\/\/algarve7.pt\/wp-content\/uploads\/2024\/10\/5_Outubro_Cartaz_Programa_post-Medium.png","datePublished":"2024-10-04T11:00:00+00:00","description":"S\u00e3o Br\u00e1s de Alportel celebra 114 anos da Implanta\u00e7\u00e3o da Rep\u00fablica Atualidade","breadcrumb":{"@id":"https:\/\/algarve7.pt\/index.php\/2024\/10\/sao-bras-de-alportel-celebra-114-anos-da-implantacao-da-republica\/atualidade\/12\/00\/#breadcrumb"},"inLanguage":"pt-PT","potentialAction":[{"@type":"ReadAction","target":["https:\/\/algarve7.pt\/index.php\/2024\/10\/sao-bras-de-alportel-celebra-114-anos-da-implantacao-da-republica\/atualidade\/12\/00\/"]}]},{"@type":"ImageObject","inLanguage":"pt-PT","@id":"https:\/\/algarve7.pt\/index.php\/2024\/10\/sao-bras-de-alportel-celebra-114-anos-da-implantacao-da-republica\/atualidade\/12\/00\/#primaryimage","url":"https:\/\/algarve7.pt\/wp-content\/uploads\/2024\/10\/5_Outubro_Cartaz_Programa_post-Medium.png","contentUrl":"https:\/\/algarve7.pt\/wp-content\/uploads\/2024\/10\/5_Outubro_Cartaz_Programa_post-Medium.png","width":768,"height":768},{"@type":"BreadcrumbList","@id":"https:\/\/algarve7.pt\/index.php\/2024\/10\/sao-bras-de-alportel-celebra-114-anos-da-implantacao-da-republica\/atualidade\/12\/00\/#breadcrumb","itemListElement":[{"@type":"ListItem","position":1,"name":"In\u00edcio","item":"https:\/\/algarve7.pt\/"},{"@type":"ListItem","position":2,"name":"S\u00e3o Br\u00e1s de Alportel celebra 114 anos da Implanta\u00e7\u00e3o da Rep\u00fablica"}]},{"@type":"WebSite","@id":"https:\/\/algarve7.pt\/#website","url":"https:\/\/algarve7.pt\/","name":"Algarve 7","description":"Informa\u00e7\u00e3o sobre o Algarve","publisher":{"@id":"https:\/\/algarve7.pt\/#organization"},"potentialAction":[{"@type":"SearchAction","target":{"@type":"EntryPoint","urlTemplate":"https:\/\/algarve7.pt\/?s={search_term_string}"},"query-input":{"@type":"PropertyValueSpecification","valueRequired":true,"valueName":"search_term_string"}}],"inLanguage":"pt-PT"},{"@type":"Organization","@id":"https:\/\/algarve7.pt\/#organization","name":"Algarve 7","url":"https:\/\/algarve7.pt\/","logo":{"@type":"ImageObject","inLanguage":"pt-PT","@id":"https:\/\/algarve7.pt\/#\/schema\/logo\/image\/","url":"https:\/\/algarve7.pt\/wp-content\/uploads\/2020\/10\/Logo-8.jpg","contentUrl":"https:\/\/algarve7.pt\/wp-content\/uploads\/2020\/10\/Logo-8.jpg","width":1680,"height":1186,"caption":"Algarve 7"},"image":{"@id":"https:\/\/algarve7.pt\/#\/schema\/logo\/image\/"},"sameAs":["https:\/\/www.facebook.com\/algarve7","https:\/\/x.com\/Algarvesete","https:\/\/www.instagram.com\/jornalalgarve7\/","https:\/\/www.linkedin.com\/company\/algarve7","https:\/\/www.pinterest.pt\/geral0939\/_created\/"]},{"@type":"Person","@id":"https:\/\/algarve7.pt\/#\/schema\/person\/23fa70681308e7b319a3204bcea45e0c","name":"Algarve 7","sameAs":["https:\/\/algarve7.pt","https:\/\/www.facebook.com\/algarve7"],"url":"https:\/\/algarve7.pt\/index.php\/author\/geralalgarve7-pt\/"}]}},"jetpack_publicize_connections":[],"jetpack_featured_media_url":"https:\/\/algarve7.pt\/wp-content\/uploads\/2024\/10\/5_Outubro_Cartaz_Programa_post-Medium.png","jetpack_shortlink":"https:\/\/wp.me\/pcezmW-b9A","jetpack_sharing_enabled":true,"_links":{"self":[{"href":"https:\/\/algarve7.pt\/index.php\/wp-json\/wp\/v2\/posts\/42878","targetHints":{"allow":["GET"]}}],"collection":[{"href":"https:\/\/algarve7.pt\/index.php\/wp-json\/wp\/v2\/posts"}],"about":[{"href":"https:\/\/algarve7.pt\/index.php\/wp-json\/wp\/v2\/types\/post"}],"author":[{"embeddable":true,"href":"https:\/\/algarve7.pt\/index.php\/wp-json\/wp\/v2\/users\/1"}],"replies":[{"embeddable":true,"href":"https:\/\/algarve7.pt\/index.php\/wp-json\/wp\/v2\/comments?post=42878"}],"version-history":[{"count":0,"href":"https:\/\/algarve7.pt\/index.php\/wp-json\/wp\/v2\/posts\/42878\/revisions"}],"wp:featuredmedia":[{"embeddable":true,"href":"https:\/\/algarve7.pt\/index.php\/wp-json\/wp\/v2\/media\/42879"}],"wp:attachment":[{"href":"https:\/\/algarve7.pt\/index.php\/wp-json\/wp\/v2\/media?parent=42878"}],"wp:term":[{"taxonomy":"category","embeddable":true,"href":"https:\/\/algarve7.pt\/index.php\/wp-json\/wp\/v2\/categories?post=42878"},{"taxonomy":"post_tag","embeddable":true,"href":"https:\/\/algarve7.pt\/index.php\/wp-json\/wp\/v2\/tags?post=42878"}],"curies":[{"name":"wp","href":"https:\/\/api.w.org\/{rel}","templated":true}]}}