{"id":42875,"date":"2024-10-04T11:30:00","date_gmt":"2024-10-04T10:30:00","guid":{"rendered":"https:\/\/algarve7.pt\/?p=42875"},"modified":"2024-10-03T20:22:53","modified_gmt":"2024-10-03T19:22:53","slug":"tavira-outubro-rosa-sensibilizacao-e-prevencao-do-cancro-da-mama","status":"publish","type":"post","link":"https:\/\/algarve7.pt\/index.php\/2024\/10\/tavira-outubro-rosa-sensibilizacao-e-prevencao-do-cancro-da-mama\/saude\/11\/30\/","title":{"rendered":"Tavira: Outubro Rosa \u2013 Sensibiliza\u00e7\u00e3o e Preven\u00e7\u00e3o do Cancro da Mama"},"content":{"rendered":"\n<p>O Munic\u00edpio de Tavira aderiu ao movimento da Liga Portuguesa Contra o Cancro (LPCC- institui\u00e7\u00e3o de refer\u00eancia no combate a esta doen\u00e7a desde a sua funda\u00e7\u00e3o em 1941) ao iluminar de rosa o edif\u00edcio dos Pa\u00e7os do Concelho, durante o m\u00eas de outubro.&nbsp;<\/p>\n\n\n\n<p>A campanha de sensibiliza\u00e7\u00e3o para o Cancro da Mama \u201cOutubro Rosa\u201d faz parte de um movimento global que nasceu, nos Estados Unidos da Am\u00e9rica, na d\u00e9cada de 90, com o intuito de inspirar a mudan\u00e7a e mobilizar a sociedade para esta luta. Desde ent\u00e3o, a cor rosa \u00e9 utilizada para homenagear as mulheres com este tipo de cancro, sensibilizar para a preven\u00e7\u00e3o, rastreio e diagn\u00f3stico precoce que \u00e9 fundamental para aumentar as hip\u00f3teses de cura.&nbsp;<\/p>\n\n\n\n<p>A LPCC, enquanto representante da Europa DONNA (Coliga\u00e7\u00e3o Europeia Contra o Cancro da Mama) d\u00e1 especial \u00eanfase \u00e0s seguintes datas:<\/p>\n\n\n\n<ul class=\"wp-block-list\">\n<li><strong>13 de outubro<\/strong>\u00a0Dia Mundial do Cancro da Mama Metast\u00e1tico\u00a0<\/li>\n\n\n\n<li><strong>15 de outubro<\/strong>: Dia da Sa\u00fade da Mama (Breast Health Day)<\/li>\n\n\n\n<li><strong>30 de outubro<\/strong>: Dia Nacional de Preven\u00e7\u00e3o do Cancro da Mama<\/li>\n<\/ul>\n\n\n\n<p>O cancro da mama \u00e9 um relevante problema de sa\u00fade p\u00fablica.&nbsp;Segundo os dados estat\u00edsticos mais recentes (Globocan, 2024), este \u00e9 o&nbsp;mais frequente (prevalente) em Portugal e em todo mundo. No entanto, se diagnosticado e tratado precocemente, o cancro da mama tem uma taxa de cura superior a 90%.&nbsp;A preven\u00e7\u00e3o e diagn\u00f3stico precoce s\u00e3o fundamentais para&nbsp;o aumento da sobreviv\u00eancia e&nbsp;manuten\u00e7\u00e3o da qualidade de vida da mulher.&nbsp;<\/p>\n","protected":false},"excerpt":{"rendered":"<p>O Munic\u00edpio de Tavira aderiu ao movimento da Liga Portuguesa Contra o Cancro (LPCC- institui\u00e7\u00e3o de refer\u00eancia no combate a<\/p>\n","protected":false},"author":1,"featured_media":42876,"comment_status":"open","ping_status":"open","sticky":false,"template":"","format":"standard","meta":{"colormag_page_container_layout":"default_layout","colormag_page_sidebar_layout":"default_layout","_monsterinsights_skip_tracking":false,"_monsterinsights_sitenote_active":false,"_monsterinsights_sitenote_note":"","_monsterinsights_sitenote_category":0,"jetpack_post_was_ever_published":false,"_jetpack_newsletter_access":"","_jetpack_dont_email_post_to_subs":false,"_jetpack_newsletter_tier_id":0,"_jetpack_memberships_contains_paywalled_content":false,"_jetpack_memberships_contains_paid_content":false,"footnotes":"","jetpack_publicize_message":"","jetpack_publicize_feature_enabled":true,"jetpack_social_post_already_shared":false,"jetpack_social_options":{"image_generator_settings":{"template":"highway","default_image_id":0,"font":"","enabled":false},"version":2}},"categories":[59],"tags":[36,58,54],"class_list":["post-42875","post","type-post","status-publish","format-standard","has-post-thumbnail","hentry","category-saude","tag-algarve","tag-saude","tag-tavira"],"yoast_head":"<!-- This site is optimized with the Yoast SEO plugin v27.5 - https:\/\/yoast.com\/product\/yoast-seo-wordpress\/ -->\n<title>Tavira: Outubro Rosa \u2013 Sensibiliza\u00e7\u00e3o e Preven\u00e7\u00e3o do Cancro da Mama - Algarve 7<\/title>\n<meta name=\"description\" content=\"Tavira: Outubro Rosa \u2013 Sensibiliza\u00e7\u00e3o e Preven\u00e7\u00e3o do Cancro da Mama Sa\u00fade\" \/>\n<meta name=\"robots\" content=\"index, follow, max-snippet:-1, max-image-preview:large, max-video-preview:-1\" \/>\n<link rel=\"canonical\" href=\"https:\/\/algarve7.pt\/index.php\/2024\/10\/tavira-outubro-rosa-sensibilizacao-e-prevencao-do-cancro-da-mama\/saude\/11\/30\/\" \/>\n<meta property=\"og:locale\" content=\"pt_PT\" \/>\n<meta property=\"og:type\" content=\"article\" \/>\n<meta property=\"og:title\" content=\"Tavira: Outubro Rosa \u2013 Sensibiliza\u00e7\u00e3o e Preven\u00e7\u00e3o do Cancro da Mama - Algarve 7\" \/>\n<meta property=\"og:description\" content=\"Tavira: Outubro Rosa \u2013 Sensibiliza\u00e7\u00e3o e Preven\u00e7\u00e3o do Cancro da Mama Sa\u00fade\" \/>\n<meta property=\"og:url\" content=\"https:\/\/algarve7.pt\/index.php\/2024\/10\/tavira-outubro-rosa-sensibilizacao-e-prevencao-do-cancro-da-mama\/saude\/11\/30\/\" \/>\n<meta property=\"og:site_name\" content=\"Algarve 7\" \/>\n<meta property=\"article:publisher\" content=\"https:\/\/www.facebook.com\/algarve7\" \/>\n<meta property=\"article:author\" content=\"https:\/\/www.facebook.com\/algarve7\" \/>\n<meta property=\"article:published_time\" content=\"2024-10-04T10:30:00+00:00\" \/>\n<meta property=\"og:image\" content=\"https:\/\/algarve7.pt\/wp-content\/uploads\/2024\/10\/Captura-de-ecra-2024-10-03-as-20.18.49.png\" \/>\n\t<meta property=\"og:image:width\" content=\"800\" \/>\n\t<meta property=\"og:image:height\" content=\"470\" \/>\n\t<meta property=\"og:image:type\" content=\"image\/png\" \/>\n<meta name=\"author\" content=\"Algarve 7\" \/>\n<meta name=\"twitter:card\" content=\"summary_large_image\" \/>\n<meta name=\"twitter:creator\" content=\"@Algarvesete\" \/>\n<meta name=\"twitter:site\" content=\"@Algarvesete\" \/>\n<meta name=\"twitter:label1\" content=\"Escrito por\" \/>\n\t<meta name=\"twitter:data1\" content=\"Algarve 7\" \/>\n\t<meta name=\"twitter:label2\" content=\"Tempo estimado de leitura\" \/>\n\t<meta name=\"twitter:data2\" content=\"2 minutos\" \/>\n<script type=\"application\/ld+json\" class=\"yoast-schema-graph\">{\"@context\":\"https:\\\/\\\/schema.org\",\"@graph\":[{\"@type\":\"Article\",\"@id\":\"https:\\\/\\\/algarve7.pt\\\/index.php\\\/2024\\\/10\\\/tavira-outubro-rosa-sensibilizacao-e-prevencao-do-cancro-da-mama\\\/saude\\\/11\\\/30\\\/#article\",\"isPartOf\":{\"@id\":\"https:\\\/\\\/algarve7.pt\\\/index.php\\\/2024\\\/10\\\/tavira-outubro-rosa-sensibilizacao-e-prevencao-do-cancro-da-mama\\\/saude\\\/11\\\/30\\\/\"},\"author\":{\"name\":\"Algarve 7\",\"@id\":\"https:\\\/\\\/algarve7.pt\\\/#\\\/schema\\\/person\\\/23fa70681308e7b319a3204bcea45e0c\"},\"headline\":\"Tavira: Outubro Rosa \u2013 Sensibiliza\u00e7\u00e3o e Preven\u00e7\u00e3o do Cancro da Mama\",\"datePublished\":\"2024-10-04T10:30:00+00:00\",\"mainEntityOfPage\":{\"@id\":\"https:\\\/\\\/algarve7.pt\\\/index.php\\\/2024\\\/10\\\/tavira-outubro-rosa-sensibilizacao-e-prevencao-do-cancro-da-mama\\\/saude\\\/11\\\/30\\\/\"},\"wordCount\":277,\"commentCount\":0,\"publisher\":{\"@id\":\"https:\\\/\\\/algarve7.pt\\\/#organization\"},\"image\":{\"@id\":\"https:\\\/\\\/algarve7.pt\\\/index.php\\\/2024\\\/10\\\/tavira-outubro-rosa-sensibilizacao-e-prevencao-do-cancro-da-mama\\\/saude\\\/11\\\/30\\\/#primaryimage\"},\"thumbnailUrl\":\"https:\\\/\\\/algarve7.pt\\\/wp-content\\\/uploads\\\/2024\\\/10\\\/Captura-de-ecra-2024-10-03-as-20.18.49.png\",\"keywords\":[\"Algarve\",\"Sa\u00fade\",\"Tavira\"],\"articleSection\":[\"Sa\u00fade\"],\"inLanguage\":\"pt-PT\",\"potentialAction\":[{\"@type\":\"CommentAction\",\"name\":\"Comment\",\"target\":[\"https:\\\/\\\/algarve7.pt\\\/index.php\\\/2024\\\/10\\\/tavira-outubro-rosa-sensibilizacao-e-prevencao-do-cancro-da-mama\\\/saude\\\/11\\\/30\\\/#respond\"]}]},{\"@type\":\"WebPage\",\"@id\":\"https:\\\/\\\/algarve7.pt\\\/index.php\\\/2024\\\/10\\\/tavira-outubro-rosa-sensibilizacao-e-prevencao-do-cancro-da-mama\\\/saude\\\/11\\\/30\\\/\",\"url\":\"https:\\\/\\\/algarve7.pt\\\/index.php\\\/2024\\\/10\\\/tavira-outubro-rosa-sensibilizacao-e-prevencao-do-cancro-da-mama\\\/saude\\\/11\\\/30\\\/\",\"name\":\"Tavira: Outubro Rosa \u2013 Sensibiliza\u00e7\u00e3o e Preven\u00e7\u00e3o do Cancro da Mama - Algarve 7\",\"isPartOf\":{\"@id\":\"https:\\\/\\\/algarve7.pt\\\/#website\"},\"primaryImageOfPage\":{\"@id\":\"https:\\\/\\\/algarve7.pt\\\/index.php\\\/2024\\\/10\\\/tavira-outubro-rosa-sensibilizacao-e-prevencao-do-cancro-da-mama\\\/saude\\\/11\\\/30\\\/#primaryimage\"},\"image\":{\"@id\":\"https:\\\/\\\/algarve7.pt\\\/index.php\\\/2024\\\/10\\\/tavira-outubro-rosa-sensibilizacao-e-prevencao-do-cancro-da-mama\\\/saude\\\/11\\\/30\\\/#primaryimage\"},\"thumbnailUrl\":\"https:\\\/\\\/algarve7.pt\\\/wp-content\\\/uploads\\\/2024\\\/10\\\/Captura-de-ecra-2024-10-03-as-20.18.49.png\",\"datePublished\":\"2024-10-04T10:30:00+00:00\",\"description\":\"Tavira: Outubro Rosa \u2013 Sensibiliza\u00e7\u00e3o e Preven\u00e7\u00e3o do Cancro da Mama Sa\u00fade\",\"breadcrumb\":{\"@id\":\"https:\\\/\\\/algarve7.pt\\\/index.php\\\/2024\\\/10\\\/tavira-outubro-rosa-sensibilizacao-e-prevencao-do-cancro-da-mama\\\/saude\\\/11\\\/30\\\/#breadcrumb\"},\"inLanguage\":\"pt-PT\",\"potentialAction\":[{\"@type\":\"ReadAction\",\"target\":[\"https:\\\/\\\/algarve7.pt\\\/index.php\\\/2024\\\/10\\\/tavira-outubro-rosa-sensibilizacao-e-prevencao-do-cancro-da-mama\\\/saude\\\/11\\\/30\\\/\"]}]},{\"@type\":\"ImageObject\",\"inLanguage\":\"pt-PT\",\"@id\":\"https:\\\/\\\/algarve7.pt\\\/index.php\\\/2024\\\/10\\\/tavira-outubro-rosa-sensibilizacao-e-prevencao-do-cancro-da-mama\\\/saude\\\/11\\\/30\\\/#primaryimage\",\"url\":\"https:\\\/\\\/algarve7.pt\\\/wp-content\\\/uploads\\\/2024\\\/10\\\/Captura-de-ecra-2024-10-03-as-20.18.49.png\",\"contentUrl\":\"https:\\\/\\\/algarve7.pt\\\/wp-content\\\/uploads\\\/2024\\\/10\\\/Captura-de-ecra-2024-10-03-as-20.18.49.png\",\"width\":800,\"height\":470},{\"@type\":\"BreadcrumbList\",\"@id\":\"https:\\\/\\\/algarve7.pt\\\/index.php\\\/2024\\\/10\\\/tavira-outubro-rosa-sensibilizacao-e-prevencao-do-cancro-da-mama\\\/saude\\\/11\\\/30\\\/#breadcrumb\",\"itemListElement\":[{\"@type\":\"ListItem\",\"position\":1,\"name\":\"In\u00edcio\",\"item\":\"https:\\\/\\\/algarve7.pt\\\/\"},{\"@type\":\"ListItem\",\"position\":2,\"name\":\"Tavira: Outubro Rosa \u2013 Sensibiliza\u00e7\u00e3o e Preven\u00e7\u00e3o do Cancro da Mama\"}]},{\"@type\":\"WebSite\",\"@id\":\"https:\\\/\\\/algarve7.pt\\\/#website\",\"url\":\"https:\\\/\\\/algarve7.pt\\\/\",\"name\":\"Algarve 7\",\"description\":\"Informa\u00e7\u00e3o sobre o Algarve\",\"publisher\":{\"@id\":\"https:\\\/\\\/algarve7.pt\\\/#organization\"},\"potentialAction\":[{\"@type\":\"SearchAction\",\"target\":{\"@type\":\"EntryPoint\",\"urlTemplate\":\"https:\\\/\\\/algarve7.pt\\\/?s={search_term_string}\"},\"query-input\":{\"@type\":\"PropertyValueSpecification\",\"valueRequired\":true,\"valueName\":\"search_term_string\"}}],\"inLanguage\":\"pt-PT\"},{\"@type\":\"Organization\",\"@id\":\"https:\\\/\\\/algarve7.pt\\\/#organization\",\"name\":\"Algarve 7\",\"url\":\"https:\\\/\\\/algarve7.pt\\\/\",\"logo\":{\"@type\":\"ImageObject\",\"inLanguage\":\"pt-PT\",\"@id\":\"https:\\\/\\\/algarve7.pt\\\/#\\\/schema\\\/logo\\\/image\\\/\",\"url\":\"https:\\\/\\\/algarve7.pt\\\/wp-content\\\/uploads\\\/2020\\\/10\\\/Logo-8.jpg\",\"contentUrl\":\"https:\\\/\\\/algarve7.pt\\\/wp-content\\\/uploads\\\/2020\\\/10\\\/Logo-8.jpg\",\"width\":1680,\"height\":1186,\"caption\":\"Algarve 7\"},\"image\":{\"@id\":\"https:\\\/\\\/algarve7.pt\\\/#\\\/schema\\\/logo\\\/image\\\/\"},\"sameAs\":[\"https:\\\/\\\/www.facebook.com\\\/algarve7\",\"https:\\\/\\\/x.com\\\/Algarvesete\",\"https:\\\/\\\/www.instagram.com\\\/jornalalgarve7\\\/\",\"https:\\\/\\\/www.linkedin.com\\\/company\\\/algarve7\",\"https:\\\/\\\/www.pinterest.pt\\\/geral0939\\\/_created\\\/\"]},{\"@type\":\"Person\",\"@id\":\"https:\\\/\\\/algarve7.pt\\\/#\\\/schema\\\/person\\\/23fa70681308e7b319a3204bcea45e0c\",\"name\":\"Algarve 7\",\"sameAs\":[\"https:\\\/\\\/algarve7.pt\",\"https:\\\/\\\/www.facebook.com\\\/algarve7\"],\"url\":\"https:\\\/\\\/algarve7.pt\\\/index.php\\\/author\\\/geralalgarve7-pt\\\/\"}]}<\/script>\n<!-- \/ Yoast SEO plugin. -->","yoast_head_json":{"title":"Tavira: Outubro Rosa \u2013 Sensibiliza\u00e7\u00e3o e Preven\u00e7\u00e3o do Cancro da Mama - Algarve 7","description":"Tavira: Outubro Rosa \u2013 Sensibiliza\u00e7\u00e3o e Preven\u00e7\u00e3o do Cancro da Mama Sa\u00fade","robots":{"index":"index","follow":"follow","max-snippet":"max-snippet:-1","max-image-preview":"max-image-preview:large","max-video-preview":"max-video-preview:-1"},"canonical":"https:\/\/algarve7.pt\/index.php\/2024\/10\/tavira-outubro-rosa-sensibilizacao-e-prevencao-do-cancro-da-mama\/saude\/11\/30\/","og_locale":"pt_PT","og_type":"article","og_title":"Tavira: Outubro Rosa \u2013 Sensibiliza\u00e7\u00e3o e Preven\u00e7\u00e3o do Cancro da Mama - Algarve 7","og_description":"Tavira: Outubro Rosa \u2013 Sensibiliza\u00e7\u00e3o e Preven\u00e7\u00e3o do Cancro da Mama Sa\u00fade","og_url":"https:\/\/algarve7.pt\/index.php\/2024\/10\/tavira-outubro-rosa-sensibilizacao-e-prevencao-do-cancro-da-mama\/saude\/11\/30\/","og_site_name":"Algarve 7","article_publisher":"https:\/\/www.facebook.com\/algarve7","article_author":"https:\/\/www.facebook.com\/algarve7","article_published_time":"2024-10-04T10:30:00+00:00","og_image":[{"width":800,"height":470,"url":"https:\/\/algarve7.pt\/wp-content\/uploads\/2024\/10\/Captura-de-ecra-2024-10-03-as-20.18.49.png","type":"image\/png"}],"author":"Algarve 7","twitter_card":"summary_large_image","twitter_creator":"@Algarvesete","twitter_site":"@Algarvesete","twitter_misc":{"Escrito por":"Algarve 7","Tempo estimado de leitura":"2 minutos"},"schema":{"@context":"https:\/\/schema.org","@graph":[{"@type":"Article","@id":"https:\/\/algarve7.pt\/index.php\/2024\/10\/tavira-outubro-rosa-sensibilizacao-e-prevencao-do-cancro-da-mama\/saude\/11\/30\/#article","isPartOf":{"@id":"https:\/\/algarve7.pt\/index.php\/2024\/10\/tavira-outubro-rosa-sensibilizacao-e-prevencao-do-cancro-da-mama\/saude\/11\/30\/"},"author":{"name":"Algarve 7","@id":"https:\/\/algarve7.pt\/#\/schema\/person\/23fa70681308e7b319a3204bcea45e0c"},"headline":"Tavira: Outubro Rosa \u2013 Sensibiliza\u00e7\u00e3o e Preven\u00e7\u00e3o do Cancro da Mama","datePublished":"2024-10-04T10:30:00+00:00","mainEntityOfPage":{"@id":"https:\/\/algarve7.pt\/index.php\/2024\/10\/tavira-outubro-rosa-sensibilizacao-e-prevencao-do-cancro-da-mama\/saude\/11\/30\/"},"wordCount":277,"commentCount":0,"publisher":{"@id":"https:\/\/algarve7.pt\/#organization"},"image":{"@id":"https:\/\/algarve7.pt\/index.php\/2024\/10\/tavira-outubro-rosa-sensibilizacao-e-prevencao-do-cancro-da-mama\/saude\/11\/30\/#primaryimage"},"thumbnailUrl":"https:\/\/algarve7.pt\/wp-content\/uploads\/2024\/10\/Captura-de-ecra-2024-10-03-as-20.18.49.png","keywords":["Algarve","Sa\u00fade","Tavira"],"articleSection":["Sa\u00fade"],"inLanguage":"pt-PT","potentialAction":[{"@type":"CommentAction","name":"Comment","target":["https:\/\/algarve7.pt\/index.php\/2024\/10\/tavira-outubro-rosa-sensibilizacao-e-prevencao-do-cancro-da-mama\/saude\/11\/30\/#respond"]}]},{"@type":"WebPage","@id":"https:\/\/algarve7.pt\/index.php\/2024\/10\/tavira-outubro-rosa-sensibilizacao-e-prevencao-do-cancro-da-mama\/saude\/11\/30\/","url":"https:\/\/algarve7.pt\/index.php\/2024\/10\/tavira-outubro-rosa-sensibilizacao-e-prevencao-do-cancro-da-mama\/saude\/11\/30\/","name":"Tavira: Outubro Rosa \u2013 Sensibiliza\u00e7\u00e3o e Preven\u00e7\u00e3o do Cancro da Mama - Algarve 7","isPartOf":{"@id":"https:\/\/algarve7.pt\/#website"},"primaryImageOfPage":{"@id":"https:\/\/algarve7.pt\/index.php\/2024\/10\/tavira-outubro-rosa-sensibilizacao-e-prevencao-do-cancro-da-mama\/saude\/11\/30\/#primaryimage"},"image":{"@id":"https:\/\/algarve7.pt\/index.php\/2024\/10\/tavira-outubro-rosa-sensibilizacao-e-prevencao-do-cancro-da-mama\/saude\/11\/30\/#primaryimage"},"thumbnailUrl":"https:\/\/algarve7.pt\/wp-content\/uploads\/2024\/10\/Captura-de-ecra-2024-10-03-as-20.18.49.png","datePublished":"2024-10-04T10:30:00+00:00","description":"Tavira: Outubro Rosa \u2013 Sensibiliza\u00e7\u00e3o e Preven\u00e7\u00e3o do Cancro da Mama Sa\u00fade","breadcrumb":{"@id":"https:\/\/algarve7.pt\/index.php\/2024\/10\/tavira-outubro-rosa-sensibilizacao-e-prevencao-do-cancro-da-mama\/saude\/11\/30\/#breadcrumb"},"inLanguage":"pt-PT","potentialAction":[{"@type":"ReadAction","target":["https:\/\/algarve7.pt\/index.php\/2024\/10\/tavira-outubro-rosa-sensibilizacao-e-prevencao-do-cancro-da-mama\/saude\/11\/30\/"]}]},{"@type":"ImageObject","inLanguage":"pt-PT","@id":"https:\/\/algarve7.pt\/index.php\/2024\/10\/tavira-outubro-rosa-sensibilizacao-e-prevencao-do-cancro-da-mama\/saude\/11\/30\/#primaryimage","url":"https:\/\/algarve7.pt\/wp-content\/uploads\/2024\/10\/Captura-de-ecra-2024-10-03-as-20.18.49.png","contentUrl":"https:\/\/algarve7.pt\/wp-content\/uploads\/2024\/10\/Captura-de-ecra-2024-10-03-as-20.18.49.png","width":800,"height":470},{"@type":"BreadcrumbList","@id":"https:\/\/algarve7.pt\/index.php\/2024\/10\/tavira-outubro-rosa-sensibilizacao-e-prevencao-do-cancro-da-mama\/saude\/11\/30\/#breadcrumb","itemListElement":[{"@type":"ListItem","position":1,"name":"In\u00edcio","item":"https:\/\/algarve7.pt\/"},{"@type":"ListItem","position":2,"name":"Tavira: Outubro Rosa \u2013 Sensibiliza\u00e7\u00e3o e Preven\u00e7\u00e3o do Cancro da Mama"}]},{"@type":"WebSite","@id":"https:\/\/algarve7.pt\/#website","url":"https:\/\/algarve7.pt\/","name":"Algarve 7","description":"Informa\u00e7\u00e3o sobre o Algarve","publisher":{"@id":"https:\/\/algarve7.pt\/#organization"},"potentialAction":[{"@type":"SearchAction","target":{"@type":"EntryPoint","urlTemplate":"https:\/\/algarve7.pt\/?s={search_term_string}"},"query-input":{"@type":"PropertyValueSpecification","valueRequired":true,"valueName":"search_term_string"}}],"inLanguage":"pt-PT"},{"@type":"Organization","@id":"https:\/\/algarve7.pt\/#organization","name":"Algarve 7","url":"https:\/\/algarve7.pt\/","logo":{"@type":"ImageObject","inLanguage":"pt-PT","@id":"https:\/\/algarve7.pt\/#\/schema\/logo\/image\/","url":"https:\/\/algarve7.pt\/wp-content\/uploads\/2020\/10\/Logo-8.jpg","contentUrl":"https:\/\/algarve7.pt\/wp-content\/uploads\/2020\/10\/Logo-8.jpg","width":1680,"height":1186,"caption":"Algarve 7"},"image":{"@id":"https:\/\/algarve7.pt\/#\/schema\/logo\/image\/"},"sameAs":["https:\/\/www.facebook.com\/algarve7","https:\/\/x.com\/Algarvesete","https:\/\/www.instagram.com\/jornalalgarve7\/","https:\/\/www.linkedin.com\/company\/algarve7","https:\/\/www.pinterest.pt\/geral0939\/_created\/"]},{"@type":"Person","@id":"https:\/\/algarve7.pt\/#\/schema\/person\/23fa70681308e7b319a3204bcea45e0c","name":"Algarve 7","sameAs":["https:\/\/algarve7.pt","https:\/\/www.facebook.com\/algarve7"],"url":"https:\/\/algarve7.pt\/index.php\/author\/geralalgarve7-pt\/"}]}},"jetpack_publicize_connections":[],"jetpack_featured_media_url":"https:\/\/algarve7.pt\/wp-content\/uploads\/2024\/10\/Captura-de-ecra-2024-10-03-as-20.18.49.png","jetpack_shortlink":"https:\/\/wp.me\/pcezmW-b9x","jetpack_sharing_enabled":true,"_links":{"self":[{"href":"https:\/\/algarve7.pt\/index.php\/wp-json\/wp\/v2\/posts\/42875","targetHints":{"allow":["GET"]}}],"collection":[{"href":"https:\/\/algarve7.pt\/index.php\/wp-json\/wp\/v2\/posts"}],"about":[{"href":"https:\/\/algarve7.pt\/index.php\/wp-json\/wp\/v2\/types\/post"}],"author":[{"embeddable":true,"href":"https:\/\/algarve7.pt\/index.php\/wp-json\/wp\/v2\/users\/1"}],"replies":[{"embeddable":true,"href":"https:\/\/algarve7.pt\/index.php\/wp-json\/wp\/v2\/comments?post=42875"}],"version-history":[{"count":0,"href":"https:\/\/algarve7.pt\/index.php\/wp-json\/wp\/v2\/posts\/42875\/revisions"}],"wp:featuredmedia":[{"embeddable":true,"href":"https:\/\/algarve7.pt\/index.php\/wp-json\/wp\/v2\/media\/42876"}],"wp:attachment":[{"href":"https:\/\/algarve7.pt\/index.php\/wp-json\/wp\/v2\/media?parent=42875"}],"wp:term":[{"taxonomy":"category","embeddable":true,"href":"https:\/\/algarve7.pt\/index.php\/wp-json\/wp\/v2\/categories?post=42875"},{"taxonomy":"post_tag","embeddable":true,"href":"https:\/\/algarve7.pt\/index.php\/wp-json\/wp\/v2\/tags?post=42875"}],"curies":[{"name":"wp","href":"https:\/\/api.w.org\/{rel}","templated":true}]}}