{"id":42872,"date":"2024-10-04T11:00:00","date_gmt":"2024-10-04T10:00:00","guid":{"rendered":"https:\/\/algarve7.pt\/?p=42872"},"modified":"2024-10-03T20:17:43","modified_gmt":"2024-10-03T19:17:43","slug":"portimao-assegura-vigilancia-das-praias-do-concelho-fora-da-epoca-balnear","status":"publish","type":"post","link":"https:\/\/algarve7.pt\/index.php\/2024\/10\/portimao-assegura-vigilancia-das-praias-do-concelho-fora-da-epoca-balnear\/atualidade\/11\/00\/","title":{"rendered":"Portim\u00e3o assegura vigil\u00e2ncia das praias do concelho fora da \u00e9poca balnear"},"content":{"rendered":"\n<p>Desde 1 de outubro e at\u00e9 31 de maio, uma equipa m\u00f3vel de salvamento aqu\u00e1tico e assist\u00eancia pr\u00e9-hospitalar assegurar\u00e1 a vigil\u00e2ncia das praias do concelho, na sequ\u00eancia de um protocolo estabelecido entre a Associa\u00e7\u00e3o Humanit\u00e1ria dos Bombeiros Volunt\u00e1rios de Portim\u00e3o e a C\u00e2mara Municipal, salvaguardando o per\u00edodo n\u00e3o abrangido pela \u00e9poca balnear determinada a n\u00edvel governamental.&nbsp;<\/p>\n\n\n\n<p>Com esta medida, \u00e9 poss\u00edvel operacionalizar uma unidade composta por bombeiros devidamente formados para vigil\u00e2ncia e interven\u00e7\u00e3o na orla costeira, que operar\u00e1 com recurso aos meios t\u00e9cnicos camar\u00e1rios afetos \u00e0 estrutura municipal de prote\u00e7\u00e3o civil e em articula\u00e7\u00e3o com a Autoridade Mar\u00edtima.&nbsp;<\/p>\n\n\n\n<p>Para o efeito, foram adquiridos equipamentos operacionais para salvamento aqu\u00e1tico, de acordo com os requisitos previstos para este tipo de miss\u00f5es, num investimento na ordem dos 70.000 euros, que refor\u00e7am as miss\u00f5es atribu\u00edveis \u00e0 embarca\u00e7\u00e3o de socorro anteriormente adquirida pela autarquia e ao servi\u00e7o dos bombeiros locais, estando prevista a compra de mais material que, entretanto, seja considerado necess\u00e1rio para ajudar a cumprir esta vertente operacional.&nbsp;<\/p>\n\n\n\n<p>A op\u00e7\u00e3o por esta vigil\u00e2ncia continuada resulta do facto de Portim\u00e3o ser um destino tur\u00edstico por excel\u00eancia, procurado por milhares de visitantes tamb\u00e9m na chamada \u00e9poca baixa do turismo, pelo que a equipa patrulhar\u00e1 diariamente as praias do concelho, da Rocha a Alvor, entre as 9h00 e as 18h00.&nbsp;&nbsp;<\/p>\n\n\n\n<p>Em caso de pedido de ajuda ou apoio, os banhistas dever\u00e3o contatar o 112 (n\u00famero europeu de socorro) ou, em alternativa, a Linha Prote\u00e7\u00e3o 24, atrav\u00e9s do n\u00famero 808\u202f282 112, que funciona 24h00 por dia, ao longo de todo o ano.&nbsp;<\/p>\n\n\n\n<p>De referir que, ao longo da \u00faltima d\u00e9cada, a C\u00e2mara de Portim\u00e3o tem investido na aquisi\u00e7\u00e3o de meios para dar resposta \u00e0s necessidades dos mun\u00edcipes e de quem visita este importante destino tur\u00edstico, capacitando os bombeiros com os melhores meios de interven\u00e7\u00e3o, quer em equipamentos individuais como coletivos, assim como no \u00e2mbito da forma\u00e7\u00e3o diferenciada, o que se materializa num corpo de soldados da paz altamente qualificado e ao servi\u00e7o da popula\u00e7\u00e3o, tanto em termos de vigil\u00e2ncia e seguran\u00e7a, como no elevado grau de prontid\u00e3o para responder \u00e0s necessidades, atrav\u00e9s do refor\u00e7o constante do dispositivo integrado da Prote\u00e7\u00e3o Civil Municipal.&nbsp;<\/p>\n","protected":false},"excerpt":{"rendered":"<p>Desde 1 de outubro e at\u00e9 31 de maio, uma equipa m\u00f3vel de salvamento aqu\u00e1tico e assist\u00eancia pr\u00e9-hospitalar assegurar\u00e1 a<\/p>\n","protected":false},"author":1,"featured_media":42873,"comment_status":"open","ping_status":"open","sticky":false,"template":"","format":"standard","meta":{"colormag_page_container_layout":"default_layout","colormag_page_sidebar_layout":"default_layout","_monsterinsights_skip_tracking":false,"_monsterinsights_sitenote_active":false,"_monsterinsights_sitenote_note":"","_monsterinsights_sitenote_category":0,"jetpack_post_was_ever_published":false,"_jetpack_newsletter_access":"","_jetpack_dont_email_post_to_subs":false,"_jetpack_newsletter_tier_id":0,"_jetpack_memberships_contains_paywalled_content":false,"_jetpack_memberships_contains_paid_content":false,"footnotes":"","jetpack_publicize_message":"","jetpack_publicize_feature_enabled":true,"jetpack_social_post_already_shared":false,"jetpack_social_options":{"image_generator_settings":{"template":"highway","default_image_id":0,"font":"","enabled":false},"version":2}},"categories":[11],"tags":[36,62,72],"class_list":["post-42872","post","type-post","status-publish","format-standard","has-post-thumbnail","hentry","category-atualidade","tag-algarve","tag-atualidade","tag-portimao"],"yoast_head":"<!-- This site is optimized with the Yoast SEO plugin v27.5 - https:\/\/yoast.com\/product\/yoast-seo-wordpress\/ -->\n<title>Portim\u00e3o assegura vigil\u00e2ncia das praias do concelho fora da \u00e9poca balnear - Algarve 7<\/title>\n<meta name=\"description\" content=\"Portim\u00e3o assegura vigil\u00e2ncia das praias do concelho fora da \u00e9poca balnear Atualidade\" \/>\n<meta name=\"robots\" content=\"index, follow, max-snippet:-1, max-image-preview:large, max-video-preview:-1\" \/>\n<link rel=\"canonical\" href=\"https:\/\/algarve7.pt\/index.php\/2024\/10\/portimao-assegura-vigilancia-das-praias-do-concelho-fora-da-epoca-balnear\/atualidade\/11\/00\/\" \/>\n<meta property=\"og:locale\" content=\"pt_PT\" \/>\n<meta property=\"og:type\" content=\"article\" \/>\n<meta property=\"og:title\" content=\"Portim\u00e3o assegura vigil\u00e2ncia das praias do concelho fora da \u00e9poca balnear - Algarve 7\" \/>\n<meta property=\"og:description\" content=\"Portim\u00e3o assegura vigil\u00e2ncia das praias do concelho fora da \u00e9poca balnear Atualidade\" \/>\n<meta property=\"og:url\" content=\"https:\/\/algarve7.pt\/index.php\/2024\/10\/portimao-assegura-vigilancia-das-praias-do-concelho-fora-da-epoca-balnear\/atualidade\/11\/00\/\" \/>\n<meta property=\"og:site_name\" content=\"Algarve 7\" \/>\n<meta property=\"article:publisher\" content=\"https:\/\/www.facebook.com\/algarve7\" \/>\n<meta property=\"article:author\" content=\"https:\/\/www.facebook.com\/algarve7\" \/>\n<meta property=\"article:published_time\" content=\"2024-10-04T10:00:00+00:00\" \/>\n<meta property=\"og:image\" content=\"https:\/\/algarve7.pt\/wp-content\/uploads\/2024\/10\/Vigilancia-nas-praias-de-Porti-mao-fora-de-epoca-balnear-2.jpg\" \/>\n\t<meta property=\"og:image:width\" content=\"800\" \/>\n\t<meta property=\"og:image:height\" content=\"470\" \/>\n\t<meta property=\"og:image:type\" content=\"image\/jpeg\" \/>\n<meta name=\"author\" content=\"Algarve 7\" \/>\n<meta name=\"twitter:card\" content=\"summary_large_image\" \/>\n<meta name=\"twitter:creator\" content=\"@Algarvesete\" \/>\n<meta name=\"twitter:site\" content=\"@Algarvesete\" \/>\n<meta name=\"twitter:label1\" content=\"Escrito por\" \/>\n\t<meta name=\"twitter:data1\" content=\"Algarve 7\" \/>\n\t<meta name=\"twitter:label2\" content=\"Tempo estimado de leitura\" \/>\n\t<meta name=\"twitter:data2\" content=\"3 minutos\" \/>\n<script type=\"application\/ld+json\" class=\"yoast-schema-graph\">{\"@context\":\"https:\\\/\\\/schema.org\",\"@graph\":[{\"@type\":\"Article\",\"@id\":\"https:\\\/\\\/algarve7.pt\\\/index.php\\\/2024\\\/10\\\/portimao-assegura-vigilancia-das-praias-do-concelho-fora-da-epoca-balnear\\\/atualidade\\\/11\\\/00\\\/#article\",\"isPartOf\":{\"@id\":\"https:\\\/\\\/algarve7.pt\\\/index.php\\\/2024\\\/10\\\/portimao-assegura-vigilancia-das-praias-do-concelho-fora-da-epoca-balnear\\\/atualidade\\\/11\\\/00\\\/\"},\"author\":{\"name\":\"Algarve 7\",\"@id\":\"https:\\\/\\\/algarve7.pt\\\/#\\\/schema\\\/person\\\/23fa70681308e7b319a3204bcea45e0c\"},\"headline\":\"Portim\u00e3o assegura vigil\u00e2ncia das praias do concelho fora da \u00e9poca balnear\",\"datePublished\":\"2024-10-04T10:00:00+00:00\",\"mainEntityOfPage\":{\"@id\":\"https:\\\/\\\/algarve7.pt\\\/index.php\\\/2024\\\/10\\\/portimao-assegura-vigilancia-das-praias-do-concelho-fora-da-epoca-balnear\\\/atualidade\\\/11\\\/00\\\/\"},\"wordCount\":421,\"commentCount\":0,\"publisher\":{\"@id\":\"https:\\\/\\\/algarve7.pt\\\/#organization\"},\"image\":{\"@id\":\"https:\\\/\\\/algarve7.pt\\\/index.php\\\/2024\\\/10\\\/portimao-assegura-vigilancia-das-praias-do-concelho-fora-da-epoca-balnear\\\/atualidade\\\/11\\\/00\\\/#primaryimage\"},\"thumbnailUrl\":\"https:\\\/\\\/algarve7.pt\\\/wp-content\\\/uploads\\\/2024\\\/10\\\/Vigilancia-nas-praias-de-Porti-mao-fora-de-epoca-balnear-2.jpg\",\"keywords\":[\"Algarve\",\"Atualidade\",\"Portim\u00e3o\"],\"articleSection\":[\"Atualidade\"],\"inLanguage\":\"pt-PT\",\"potentialAction\":[{\"@type\":\"CommentAction\",\"name\":\"Comment\",\"target\":[\"https:\\\/\\\/algarve7.pt\\\/index.php\\\/2024\\\/10\\\/portimao-assegura-vigilancia-das-praias-do-concelho-fora-da-epoca-balnear\\\/atualidade\\\/11\\\/00\\\/#respond\"]}]},{\"@type\":\"WebPage\",\"@id\":\"https:\\\/\\\/algarve7.pt\\\/index.php\\\/2024\\\/10\\\/portimao-assegura-vigilancia-das-praias-do-concelho-fora-da-epoca-balnear\\\/atualidade\\\/11\\\/00\\\/\",\"url\":\"https:\\\/\\\/algarve7.pt\\\/index.php\\\/2024\\\/10\\\/portimao-assegura-vigilancia-das-praias-do-concelho-fora-da-epoca-balnear\\\/atualidade\\\/11\\\/00\\\/\",\"name\":\"Portim\u00e3o assegura vigil\u00e2ncia das praias do concelho fora da \u00e9poca balnear - Algarve 7\",\"isPartOf\":{\"@id\":\"https:\\\/\\\/algarve7.pt\\\/#website\"},\"primaryImageOfPage\":{\"@id\":\"https:\\\/\\\/algarve7.pt\\\/index.php\\\/2024\\\/10\\\/portimao-assegura-vigilancia-das-praias-do-concelho-fora-da-epoca-balnear\\\/atualidade\\\/11\\\/00\\\/#primaryimage\"},\"image\":{\"@id\":\"https:\\\/\\\/algarve7.pt\\\/index.php\\\/2024\\\/10\\\/portimao-assegura-vigilancia-das-praias-do-concelho-fora-da-epoca-balnear\\\/atualidade\\\/11\\\/00\\\/#primaryimage\"},\"thumbnailUrl\":\"https:\\\/\\\/algarve7.pt\\\/wp-content\\\/uploads\\\/2024\\\/10\\\/Vigilancia-nas-praias-de-Porti-mao-fora-de-epoca-balnear-2.jpg\",\"datePublished\":\"2024-10-04T10:00:00+00:00\",\"description\":\"Portim\u00e3o assegura vigil\u00e2ncia das praias do concelho fora da \u00e9poca balnear Atualidade\",\"breadcrumb\":{\"@id\":\"https:\\\/\\\/algarve7.pt\\\/index.php\\\/2024\\\/10\\\/portimao-assegura-vigilancia-das-praias-do-concelho-fora-da-epoca-balnear\\\/atualidade\\\/11\\\/00\\\/#breadcrumb\"},\"inLanguage\":\"pt-PT\",\"potentialAction\":[{\"@type\":\"ReadAction\",\"target\":[\"https:\\\/\\\/algarve7.pt\\\/index.php\\\/2024\\\/10\\\/portimao-assegura-vigilancia-das-praias-do-concelho-fora-da-epoca-balnear\\\/atualidade\\\/11\\\/00\\\/\"]}]},{\"@type\":\"ImageObject\",\"inLanguage\":\"pt-PT\",\"@id\":\"https:\\\/\\\/algarve7.pt\\\/index.php\\\/2024\\\/10\\\/portimao-assegura-vigilancia-das-praias-do-concelho-fora-da-epoca-balnear\\\/atualidade\\\/11\\\/00\\\/#primaryimage\",\"url\":\"https:\\\/\\\/algarve7.pt\\\/wp-content\\\/uploads\\\/2024\\\/10\\\/Vigilancia-nas-praias-de-Porti-mao-fora-de-epoca-balnear-2.jpg\",\"contentUrl\":\"https:\\\/\\\/algarve7.pt\\\/wp-content\\\/uploads\\\/2024\\\/10\\\/Vigilancia-nas-praias-de-Porti-mao-fora-de-epoca-balnear-2.jpg\",\"width\":800,\"height\":470},{\"@type\":\"BreadcrumbList\",\"@id\":\"https:\\\/\\\/algarve7.pt\\\/index.php\\\/2024\\\/10\\\/portimao-assegura-vigilancia-das-praias-do-concelho-fora-da-epoca-balnear\\\/atualidade\\\/11\\\/00\\\/#breadcrumb\",\"itemListElement\":[{\"@type\":\"ListItem\",\"position\":1,\"name\":\"In\u00edcio\",\"item\":\"https:\\\/\\\/algarve7.pt\\\/\"},{\"@type\":\"ListItem\",\"position\":2,\"name\":\"Portim\u00e3o assegura vigil\u00e2ncia das praias do concelho fora da \u00e9poca balnear\"}]},{\"@type\":\"WebSite\",\"@id\":\"https:\\\/\\\/algarve7.pt\\\/#website\",\"url\":\"https:\\\/\\\/algarve7.pt\\\/\",\"name\":\"Algarve 7\",\"description\":\"Informa\u00e7\u00e3o sobre o Algarve\",\"publisher\":{\"@id\":\"https:\\\/\\\/algarve7.pt\\\/#organization\"},\"potentialAction\":[{\"@type\":\"SearchAction\",\"target\":{\"@type\":\"EntryPoint\",\"urlTemplate\":\"https:\\\/\\\/algarve7.pt\\\/?s={search_term_string}\"},\"query-input\":{\"@type\":\"PropertyValueSpecification\",\"valueRequired\":true,\"valueName\":\"search_term_string\"}}],\"inLanguage\":\"pt-PT\"},{\"@type\":\"Organization\",\"@id\":\"https:\\\/\\\/algarve7.pt\\\/#organization\",\"name\":\"Algarve 7\",\"url\":\"https:\\\/\\\/algarve7.pt\\\/\",\"logo\":{\"@type\":\"ImageObject\",\"inLanguage\":\"pt-PT\",\"@id\":\"https:\\\/\\\/algarve7.pt\\\/#\\\/schema\\\/logo\\\/image\\\/\",\"url\":\"https:\\\/\\\/algarve7.pt\\\/wp-content\\\/uploads\\\/2020\\\/10\\\/Logo-8.jpg\",\"contentUrl\":\"https:\\\/\\\/algarve7.pt\\\/wp-content\\\/uploads\\\/2020\\\/10\\\/Logo-8.jpg\",\"width\":1680,\"height\":1186,\"caption\":\"Algarve 7\"},\"image\":{\"@id\":\"https:\\\/\\\/algarve7.pt\\\/#\\\/schema\\\/logo\\\/image\\\/\"},\"sameAs\":[\"https:\\\/\\\/www.facebook.com\\\/algarve7\",\"https:\\\/\\\/x.com\\\/Algarvesete\",\"https:\\\/\\\/www.instagram.com\\\/jornalalgarve7\\\/\",\"https:\\\/\\\/www.linkedin.com\\\/company\\\/algarve7\",\"https:\\\/\\\/www.pinterest.pt\\\/geral0939\\\/_created\\\/\"]},{\"@type\":\"Person\",\"@id\":\"https:\\\/\\\/algarve7.pt\\\/#\\\/schema\\\/person\\\/23fa70681308e7b319a3204bcea45e0c\",\"name\":\"Algarve 7\",\"sameAs\":[\"https:\\\/\\\/algarve7.pt\",\"https:\\\/\\\/www.facebook.com\\\/algarve7\"],\"url\":\"https:\\\/\\\/algarve7.pt\\\/index.php\\\/author\\\/geralalgarve7-pt\\\/\"}]}<\/script>\n<!-- \/ Yoast SEO plugin. -->","yoast_head_json":{"title":"Portim\u00e3o assegura vigil\u00e2ncia das praias do concelho fora da \u00e9poca balnear - Algarve 7","description":"Portim\u00e3o assegura vigil\u00e2ncia das praias do concelho fora da \u00e9poca balnear Atualidade","robots":{"index":"index","follow":"follow","max-snippet":"max-snippet:-1","max-image-preview":"max-image-preview:large","max-video-preview":"max-video-preview:-1"},"canonical":"https:\/\/algarve7.pt\/index.php\/2024\/10\/portimao-assegura-vigilancia-das-praias-do-concelho-fora-da-epoca-balnear\/atualidade\/11\/00\/","og_locale":"pt_PT","og_type":"article","og_title":"Portim\u00e3o assegura vigil\u00e2ncia das praias do concelho fora da \u00e9poca balnear - Algarve 7","og_description":"Portim\u00e3o assegura vigil\u00e2ncia das praias do concelho fora da \u00e9poca balnear Atualidade","og_url":"https:\/\/algarve7.pt\/index.php\/2024\/10\/portimao-assegura-vigilancia-das-praias-do-concelho-fora-da-epoca-balnear\/atualidade\/11\/00\/","og_site_name":"Algarve 7","article_publisher":"https:\/\/www.facebook.com\/algarve7","article_author":"https:\/\/www.facebook.com\/algarve7","article_published_time":"2024-10-04T10:00:00+00:00","og_image":[{"width":800,"height":470,"url":"https:\/\/algarve7.pt\/wp-content\/uploads\/2024\/10\/Vigilancia-nas-praias-de-Porti-mao-fora-de-epoca-balnear-2.jpg","type":"image\/jpeg"}],"author":"Algarve 7","twitter_card":"summary_large_image","twitter_creator":"@Algarvesete","twitter_site":"@Algarvesete","twitter_misc":{"Escrito por":"Algarve 7","Tempo estimado de leitura":"3 minutos"},"schema":{"@context":"https:\/\/schema.org","@graph":[{"@type":"Article","@id":"https:\/\/algarve7.pt\/index.php\/2024\/10\/portimao-assegura-vigilancia-das-praias-do-concelho-fora-da-epoca-balnear\/atualidade\/11\/00\/#article","isPartOf":{"@id":"https:\/\/algarve7.pt\/index.php\/2024\/10\/portimao-assegura-vigilancia-das-praias-do-concelho-fora-da-epoca-balnear\/atualidade\/11\/00\/"},"author":{"name":"Algarve 7","@id":"https:\/\/algarve7.pt\/#\/schema\/person\/23fa70681308e7b319a3204bcea45e0c"},"headline":"Portim\u00e3o assegura vigil\u00e2ncia das praias do concelho fora da \u00e9poca balnear","datePublished":"2024-10-04T10:00:00+00:00","mainEntityOfPage":{"@id":"https:\/\/algarve7.pt\/index.php\/2024\/10\/portimao-assegura-vigilancia-das-praias-do-concelho-fora-da-epoca-balnear\/atualidade\/11\/00\/"},"wordCount":421,"commentCount":0,"publisher":{"@id":"https:\/\/algarve7.pt\/#organization"},"image":{"@id":"https:\/\/algarve7.pt\/index.php\/2024\/10\/portimao-assegura-vigilancia-das-praias-do-concelho-fora-da-epoca-balnear\/atualidade\/11\/00\/#primaryimage"},"thumbnailUrl":"https:\/\/algarve7.pt\/wp-content\/uploads\/2024\/10\/Vigilancia-nas-praias-de-Porti-mao-fora-de-epoca-balnear-2.jpg","keywords":["Algarve","Atualidade","Portim\u00e3o"],"articleSection":["Atualidade"],"inLanguage":"pt-PT","potentialAction":[{"@type":"CommentAction","name":"Comment","target":["https:\/\/algarve7.pt\/index.php\/2024\/10\/portimao-assegura-vigilancia-das-praias-do-concelho-fora-da-epoca-balnear\/atualidade\/11\/00\/#respond"]}]},{"@type":"WebPage","@id":"https:\/\/algarve7.pt\/index.php\/2024\/10\/portimao-assegura-vigilancia-das-praias-do-concelho-fora-da-epoca-balnear\/atualidade\/11\/00\/","url":"https:\/\/algarve7.pt\/index.php\/2024\/10\/portimao-assegura-vigilancia-das-praias-do-concelho-fora-da-epoca-balnear\/atualidade\/11\/00\/","name":"Portim\u00e3o assegura vigil\u00e2ncia das praias do concelho fora da \u00e9poca balnear - Algarve 7","isPartOf":{"@id":"https:\/\/algarve7.pt\/#website"},"primaryImageOfPage":{"@id":"https:\/\/algarve7.pt\/index.php\/2024\/10\/portimao-assegura-vigilancia-das-praias-do-concelho-fora-da-epoca-balnear\/atualidade\/11\/00\/#primaryimage"},"image":{"@id":"https:\/\/algarve7.pt\/index.php\/2024\/10\/portimao-assegura-vigilancia-das-praias-do-concelho-fora-da-epoca-balnear\/atualidade\/11\/00\/#primaryimage"},"thumbnailUrl":"https:\/\/algarve7.pt\/wp-content\/uploads\/2024\/10\/Vigilancia-nas-praias-de-Porti-mao-fora-de-epoca-balnear-2.jpg","datePublished":"2024-10-04T10:00:00+00:00","description":"Portim\u00e3o assegura vigil\u00e2ncia das praias do concelho fora da \u00e9poca balnear Atualidade","breadcrumb":{"@id":"https:\/\/algarve7.pt\/index.php\/2024\/10\/portimao-assegura-vigilancia-das-praias-do-concelho-fora-da-epoca-balnear\/atualidade\/11\/00\/#breadcrumb"},"inLanguage":"pt-PT","potentialAction":[{"@type":"ReadAction","target":["https:\/\/algarve7.pt\/index.php\/2024\/10\/portimao-assegura-vigilancia-das-praias-do-concelho-fora-da-epoca-balnear\/atualidade\/11\/00\/"]}]},{"@type":"ImageObject","inLanguage":"pt-PT","@id":"https:\/\/algarve7.pt\/index.php\/2024\/10\/portimao-assegura-vigilancia-das-praias-do-concelho-fora-da-epoca-balnear\/atualidade\/11\/00\/#primaryimage","url":"https:\/\/algarve7.pt\/wp-content\/uploads\/2024\/10\/Vigilancia-nas-praias-de-Porti-mao-fora-de-epoca-balnear-2.jpg","contentUrl":"https:\/\/algarve7.pt\/wp-content\/uploads\/2024\/10\/Vigilancia-nas-praias-de-Porti-mao-fora-de-epoca-balnear-2.jpg","width":800,"height":470},{"@type":"BreadcrumbList","@id":"https:\/\/algarve7.pt\/index.php\/2024\/10\/portimao-assegura-vigilancia-das-praias-do-concelho-fora-da-epoca-balnear\/atualidade\/11\/00\/#breadcrumb","itemListElement":[{"@type":"ListItem","position":1,"name":"In\u00edcio","item":"https:\/\/algarve7.pt\/"},{"@type":"ListItem","position":2,"name":"Portim\u00e3o assegura vigil\u00e2ncia das praias do concelho fora da \u00e9poca balnear"}]},{"@type":"WebSite","@id":"https:\/\/algarve7.pt\/#website","url":"https:\/\/algarve7.pt\/","name":"Algarve 7","description":"Informa\u00e7\u00e3o sobre o Algarve","publisher":{"@id":"https:\/\/algarve7.pt\/#organization"},"potentialAction":[{"@type":"SearchAction","target":{"@type":"EntryPoint","urlTemplate":"https:\/\/algarve7.pt\/?s={search_term_string}"},"query-input":{"@type":"PropertyValueSpecification","valueRequired":true,"valueName":"search_term_string"}}],"inLanguage":"pt-PT"},{"@type":"Organization","@id":"https:\/\/algarve7.pt\/#organization","name":"Algarve 7","url":"https:\/\/algarve7.pt\/","logo":{"@type":"ImageObject","inLanguage":"pt-PT","@id":"https:\/\/algarve7.pt\/#\/schema\/logo\/image\/","url":"https:\/\/algarve7.pt\/wp-content\/uploads\/2020\/10\/Logo-8.jpg","contentUrl":"https:\/\/algarve7.pt\/wp-content\/uploads\/2020\/10\/Logo-8.jpg","width":1680,"height":1186,"caption":"Algarve 7"},"image":{"@id":"https:\/\/algarve7.pt\/#\/schema\/logo\/image\/"},"sameAs":["https:\/\/www.facebook.com\/algarve7","https:\/\/x.com\/Algarvesete","https:\/\/www.instagram.com\/jornalalgarve7\/","https:\/\/www.linkedin.com\/company\/algarve7","https:\/\/www.pinterest.pt\/geral0939\/_created\/"]},{"@type":"Person","@id":"https:\/\/algarve7.pt\/#\/schema\/person\/23fa70681308e7b319a3204bcea45e0c","name":"Algarve 7","sameAs":["https:\/\/algarve7.pt","https:\/\/www.facebook.com\/algarve7"],"url":"https:\/\/algarve7.pt\/index.php\/author\/geralalgarve7-pt\/"}]}},"jetpack_publicize_connections":[],"jetpack_featured_media_url":"https:\/\/algarve7.pt\/wp-content\/uploads\/2024\/10\/Vigilancia-nas-praias-de-Porti-mao-fora-de-epoca-balnear-2.jpg","jetpack_shortlink":"https:\/\/wp.me\/pcezmW-b9u","jetpack_sharing_enabled":true,"_links":{"self":[{"href":"https:\/\/algarve7.pt\/index.php\/wp-json\/wp\/v2\/posts\/42872","targetHints":{"allow":["GET"]}}],"collection":[{"href":"https:\/\/algarve7.pt\/index.php\/wp-json\/wp\/v2\/posts"}],"about":[{"href":"https:\/\/algarve7.pt\/index.php\/wp-json\/wp\/v2\/types\/post"}],"author":[{"embeddable":true,"href":"https:\/\/algarve7.pt\/index.php\/wp-json\/wp\/v2\/users\/1"}],"replies":[{"embeddable":true,"href":"https:\/\/algarve7.pt\/index.php\/wp-json\/wp\/v2\/comments?post=42872"}],"version-history":[{"count":0,"href":"https:\/\/algarve7.pt\/index.php\/wp-json\/wp\/v2\/posts\/42872\/revisions"}],"wp:featuredmedia":[{"embeddable":true,"href":"https:\/\/algarve7.pt\/index.php\/wp-json\/wp\/v2\/media\/42873"}],"wp:attachment":[{"href":"https:\/\/algarve7.pt\/index.php\/wp-json\/wp\/v2\/media?parent=42872"}],"wp:term":[{"taxonomy":"category","embeddable":true,"href":"https:\/\/algarve7.pt\/index.php\/wp-json\/wp\/v2\/categories?post=42872"},{"taxonomy":"post_tag","embeddable":true,"href":"https:\/\/algarve7.pt\/index.php\/wp-json\/wp\/v2\/tags?post=42872"}],"curies":[{"name":"wp","href":"https:\/\/api.w.org\/{rel}","templated":true}]}}