{"id":42782,"date":"2024-10-02T12:39:31","date_gmt":"2024-10-02T11:39:31","guid":{"rendered":"https:\/\/algarve7.pt\/?p=42782"},"modified":"2024-10-02T12:39:32","modified_gmt":"2024-10-02T11:39:32","slug":"os-taviristas-a-brigada-do-ambiente-promovem-mais-oficinas","status":"publish","type":"post","link":"https:\/\/algarve7.pt\/index.php\/2024\/10\/os-taviristas-a-brigada-do-ambiente-promovem-mais-oficinas\/ambiente\/12\/39\/","title":{"rendered":"\u201cOs T\u2019aviristas \u2013 A Brigada do Ambiente\u201d promovem mais oficinas"},"content":{"rendered":"\n<p>No \u00e2mbito do projeto ambiental, dinamizado pela autarquia, \u201cOs T\u2019aviristas \u2013 A Brigada do Ambiente\u201d, realizaram mais tr\u00eas oficinas dirigidas \u00e0 comunidade s\u00e9nior, as quais contaram com a colabora\u00e7\u00e3o da Associa\u00e7\u00e3o \u00c2ncora, do Centro Comunit\u00e1rio de Santa Luzia, da Associa\u00e7\u00e3o Em Contato Tavira, da Associa\u00e7\u00e3o de Solidariedade Social da Concei\u00e7\u00e3o de Tavira \u201cO Pont\u00e3o\u201d e do Centro Social Nossa Senhora das Dores (\u201cIPSS + Amigas do Ambiente\u201d).<\/p>\n\n\n\n<p>A a\u00e7\u00e3o Fast Fashion \u201cRemendar \u00e9 bem melhor que comprar\u201d possibilitou uma reflex\u00e3o acerca da import\u00e2ncia de reaproveitar pe\u00e7as de roupa.<\/p>\n\n\n\n<p>A outra oficina de poupan\u00e7a de \u00e1gua \u201cIdes \u00e0 fonte? Queres que te conte\u201d permitiu dinamizar com recurso \u00e0 arte como \u00e9 imprescind\u00edvel fazer um uso correto da \u00e1gua enquanto recurso essencial \u00e0 vida.&nbsp;<\/p>\n\n\n\n<p>Na \u00faltima iniciativa de reciclagem \u201cLixo no ch\u00e3o, coitados dos que vir\u00e3o\u201d os \u201cT\u2019aviristas\u201d aprenderam a separar corretamente os res\u00edduos. Posteriormente, a Brigada saiu \u00e0 rua para entrevistar a comunidade acerca desta mat\u00e9ria.<\/p>\n\n\n\n<p>Esta Brigada, destinada \u00e0 comunidade s\u00e9nior, visa a partilha de conhecimentos e costumes di\u00e1rios de gera\u00e7\u00f5es anteriores, aliando o conceito de sustentabilidade e promovendo comportamentos ben\u00e9ficos e adequados ao ambiente.<\/p>\n\n\n\n<p>Neste sentido, a edilidade programou cinco oficinas l\u00fadico-criativas, sob o mote \u201cT\u00e1 a ver isto?\u201d, nas quais foram trabalhadas tem\u00e1ticas ambientais.<\/p>\n\n\n\n<p>Ao impulsionar estas oficinas ludicopedag\u00f3gicas \u00e9 inten\u00e7\u00e3o do Munic\u00edpio de Tavira atuar e alertar para as altera\u00e7\u00f5es clim\u00e1ticas, promover a intergeracionalidade, valorizar os saberes, o conhecimento, a experi\u00eancia e as viv\u00eancias das gera\u00e7\u00f5es anteriores, estimular o pensamento cr\u00edtico e abstrato, assim como fomentar uma mudan\u00e7a de comportamento na quest\u00e3o da sustentabilidade ambiental.<\/p>\n","protected":false},"excerpt":{"rendered":"<p>No \u00e2mbito do projeto ambiental, dinamizado pela autarquia, \u201cOs T\u2019aviristas \u2013 A Brigada do Ambiente\u201d, realizaram mais tr\u00eas oficinas dirigidas<\/p>\n","protected":false},"author":1,"featured_media":42783,"comment_status":"open","ping_status":"open","sticky":false,"template":"","format":"standard","meta":{"colormag_page_container_layout":"default_layout","colormag_page_sidebar_layout":"default_layout","_monsterinsights_skip_tracking":false,"_monsterinsights_sitenote_active":false,"_monsterinsights_sitenote_note":"","_monsterinsights_sitenote_category":0,"jetpack_post_was_ever_published":false,"_jetpack_newsletter_access":"","_jetpack_dont_email_post_to_subs":false,"_jetpack_newsletter_tier_id":0,"_jetpack_memberships_contains_paywalled_content":false,"_jetpack_memberships_contains_paid_content":false,"footnotes":"","jetpack_publicize_message":"","jetpack_publicize_feature_enabled":true,"jetpack_social_post_already_shared":false,"jetpack_social_options":{"image_generator_settings":{"template":"highway","default_image_id":0,"font":"","enabled":false},"version":2}},"categories":[5],"tags":[36,32,54],"class_list":["post-42782","post","type-post","status-publish","format-standard","has-post-thumbnail","hentry","category-ambiente","tag-algarve","tag-ambiente","tag-tavira"],"yoast_head":"<!-- This site is optimized with the Yoast SEO plugin v27.5 - https:\/\/yoast.com\/product\/yoast-seo-wordpress\/ -->\n<title>\u201cOs T\u2019aviristas \u2013 A Brigada do Ambiente\u201d promovem mais oficinas - Algarve 7<\/title>\n<meta name=\"description\" content=\"\u201cOs T\u2019aviristas \u2013 A Brigada do Ambiente\u201d promovem mais oficinas Ambiente\" \/>\n<meta name=\"robots\" content=\"index, follow, max-snippet:-1, max-image-preview:large, max-video-preview:-1\" \/>\n<link rel=\"canonical\" href=\"https:\/\/algarve7.pt\/index.php\/2024\/10\/os-taviristas-a-brigada-do-ambiente-promovem-mais-oficinas\/ambiente\/12\/39\/\" \/>\n<meta property=\"og:locale\" content=\"pt_PT\" \/>\n<meta property=\"og:type\" content=\"article\" \/>\n<meta property=\"og:title\" content=\"\u201cOs T\u2019aviristas \u2013 A Brigada do Ambiente\u201d promovem mais oficinas - Algarve 7\" \/>\n<meta property=\"og:description\" content=\"\u201cOs T\u2019aviristas \u2013 A Brigada do Ambiente\u201d promovem mais oficinas Ambiente\" \/>\n<meta property=\"og:url\" content=\"https:\/\/algarve7.pt\/index.php\/2024\/10\/os-taviristas-a-brigada-do-ambiente-promovem-mais-oficinas\/ambiente\/12\/39\/\" \/>\n<meta property=\"og:site_name\" content=\"Algarve 7\" \/>\n<meta property=\"article:publisher\" content=\"https:\/\/www.facebook.com\/algarve7\" \/>\n<meta property=\"article:author\" content=\"https:\/\/www.facebook.com\/algarve7\" \/>\n<meta property=\"article:published_time\" content=\"2024-10-02T11:39:31+00:00\" \/>\n<meta property=\"article:modified_time\" content=\"2024-10-02T11:39:32+00:00\" \/>\n<meta property=\"og:image\" content=\"https:\/\/algarve7.pt\/wp-content\/uploads\/2024\/10\/Messenger_creation_E0818624-6521-4BBE-A137-18B2BF819AFD.jpeg\" \/>\n\t<meta property=\"og:image:width\" content=\"800\" \/>\n\t<meta property=\"og:image:height\" content=\"470\" \/>\n\t<meta property=\"og:image:type\" content=\"image\/jpeg\" \/>\n<meta name=\"author\" content=\"Algarve 7\" \/>\n<meta name=\"twitter:card\" content=\"summary_large_image\" \/>\n<meta name=\"twitter:creator\" content=\"@Algarvesete\" \/>\n<meta name=\"twitter:site\" content=\"@Algarvesete\" \/>\n<meta name=\"twitter:label1\" content=\"Escrito por\" \/>\n\t<meta name=\"twitter:data1\" content=\"Algarve 7\" \/>\n\t<meta name=\"twitter:label2\" content=\"Tempo estimado de leitura\" \/>\n\t<meta name=\"twitter:data2\" content=\"2 minutos\" \/>\n<script type=\"application\/ld+json\" class=\"yoast-schema-graph\">{\"@context\":\"https:\\\/\\\/schema.org\",\"@graph\":[{\"@type\":\"Article\",\"@id\":\"https:\\\/\\\/algarve7.pt\\\/index.php\\\/2024\\\/10\\\/os-taviristas-a-brigada-do-ambiente-promovem-mais-oficinas\\\/ambiente\\\/12\\\/39\\\/#article\",\"isPartOf\":{\"@id\":\"https:\\\/\\\/algarve7.pt\\\/index.php\\\/2024\\\/10\\\/os-taviristas-a-brigada-do-ambiente-promovem-mais-oficinas\\\/ambiente\\\/12\\\/39\\\/\"},\"author\":{\"name\":\"Algarve 7\",\"@id\":\"https:\\\/\\\/algarve7.pt\\\/#\\\/schema\\\/person\\\/23fa70681308e7b319a3204bcea45e0c\"},\"headline\":\"\u201cOs T\u2019aviristas \u2013 A Brigada do Ambiente\u201d promovem mais oficinas\",\"datePublished\":\"2024-10-02T11:39:31+00:00\",\"dateModified\":\"2024-10-02T11:39:32+00:00\",\"mainEntityOfPage\":{\"@id\":\"https:\\\/\\\/algarve7.pt\\\/index.php\\\/2024\\\/10\\\/os-taviristas-a-brigada-do-ambiente-promovem-mais-oficinas\\\/ambiente\\\/12\\\/39\\\/\"},\"wordCount\":296,\"commentCount\":0,\"publisher\":{\"@id\":\"https:\\\/\\\/algarve7.pt\\\/#organization\"},\"image\":{\"@id\":\"https:\\\/\\\/algarve7.pt\\\/index.php\\\/2024\\\/10\\\/os-taviristas-a-brigada-do-ambiente-promovem-mais-oficinas\\\/ambiente\\\/12\\\/39\\\/#primaryimage\"},\"thumbnailUrl\":\"https:\\\/\\\/algarve7.pt\\\/wp-content\\\/uploads\\\/2024\\\/10\\\/Messenger_creation_E0818624-6521-4BBE-A137-18B2BF819AFD.jpeg\",\"keywords\":[\"Algarve\",\"Ambiente\",\"Tavira\"],\"articleSection\":[\"Ambiente\"],\"inLanguage\":\"pt-PT\",\"potentialAction\":[{\"@type\":\"CommentAction\",\"name\":\"Comment\",\"target\":[\"https:\\\/\\\/algarve7.pt\\\/index.php\\\/2024\\\/10\\\/os-taviristas-a-brigada-do-ambiente-promovem-mais-oficinas\\\/ambiente\\\/12\\\/39\\\/#respond\"]}]},{\"@type\":\"WebPage\",\"@id\":\"https:\\\/\\\/algarve7.pt\\\/index.php\\\/2024\\\/10\\\/os-taviristas-a-brigada-do-ambiente-promovem-mais-oficinas\\\/ambiente\\\/12\\\/39\\\/\",\"url\":\"https:\\\/\\\/algarve7.pt\\\/index.php\\\/2024\\\/10\\\/os-taviristas-a-brigada-do-ambiente-promovem-mais-oficinas\\\/ambiente\\\/12\\\/39\\\/\",\"name\":\"\u201cOs T\u2019aviristas \u2013 A Brigada do Ambiente\u201d promovem mais oficinas - Algarve 7\",\"isPartOf\":{\"@id\":\"https:\\\/\\\/algarve7.pt\\\/#website\"},\"primaryImageOfPage\":{\"@id\":\"https:\\\/\\\/algarve7.pt\\\/index.php\\\/2024\\\/10\\\/os-taviristas-a-brigada-do-ambiente-promovem-mais-oficinas\\\/ambiente\\\/12\\\/39\\\/#primaryimage\"},\"image\":{\"@id\":\"https:\\\/\\\/algarve7.pt\\\/index.php\\\/2024\\\/10\\\/os-taviristas-a-brigada-do-ambiente-promovem-mais-oficinas\\\/ambiente\\\/12\\\/39\\\/#primaryimage\"},\"thumbnailUrl\":\"https:\\\/\\\/algarve7.pt\\\/wp-content\\\/uploads\\\/2024\\\/10\\\/Messenger_creation_E0818624-6521-4BBE-A137-18B2BF819AFD.jpeg\",\"datePublished\":\"2024-10-02T11:39:31+00:00\",\"dateModified\":\"2024-10-02T11:39:32+00:00\",\"description\":\"\u201cOs T\u2019aviristas \u2013 A Brigada do Ambiente\u201d promovem mais oficinas Ambiente\",\"breadcrumb\":{\"@id\":\"https:\\\/\\\/algarve7.pt\\\/index.php\\\/2024\\\/10\\\/os-taviristas-a-brigada-do-ambiente-promovem-mais-oficinas\\\/ambiente\\\/12\\\/39\\\/#breadcrumb\"},\"inLanguage\":\"pt-PT\",\"potentialAction\":[{\"@type\":\"ReadAction\",\"target\":[\"https:\\\/\\\/algarve7.pt\\\/index.php\\\/2024\\\/10\\\/os-taviristas-a-brigada-do-ambiente-promovem-mais-oficinas\\\/ambiente\\\/12\\\/39\\\/\"]}]},{\"@type\":\"ImageObject\",\"inLanguage\":\"pt-PT\",\"@id\":\"https:\\\/\\\/algarve7.pt\\\/index.php\\\/2024\\\/10\\\/os-taviristas-a-brigada-do-ambiente-promovem-mais-oficinas\\\/ambiente\\\/12\\\/39\\\/#primaryimage\",\"url\":\"https:\\\/\\\/algarve7.pt\\\/wp-content\\\/uploads\\\/2024\\\/10\\\/Messenger_creation_E0818624-6521-4BBE-A137-18B2BF819AFD.jpeg\",\"contentUrl\":\"https:\\\/\\\/algarve7.pt\\\/wp-content\\\/uploads\\\/2024\\\/10\\\/Messenger_creation_E0818624-6521-4BBE-A137-18B2BF819AFD.jpeg\",\"width\":800,\"height\":470},{\"@type\":\"BreadcrumbList\",\"@id\":\"https:\\\/\\\/algarve7.pt\\\/index.php\\\/2024\\\/10\\\/os-taviristas-a-brigada-do-ambiente-promovem-mais-oficinas\\\/ambiente\\\/12\\\/39\\\/#breadcrumb\",\"itemListElement\":[{\"@type\":\"ListItem\",\"position\":1,\"name\":\"In\u00edcio\",\"item\":\"https:\\\/\\\/algarve7.pt\\\/\"},{\"@type\":\"ListItem\",\"position\":2,\"name\":\"\u201cOs T\u2019aviristas \u2013 A Brigada do Ambiente\u201d promovem mais oficinas\"}]},{\"@type\":\"WebSite\",\"@id\":\"https:\\\/\\\/algarve7.pt\\\/#website\",\"url\":\"https:\\\/\\\/algarve7.pt\\\/\",\"name\":\"Algarve 7\",\"description\":\"Informa\u00e7\u00e3o sobre o Algarve\",\"publisher\":{\"@id\":\"https:\\\/\\\/algarve7.pt\\\/#organization\"},\"potentialAction\":[{\"@type\":\"SearchAction\",\"target\":{\"@type\":\"EntryPoint\",\"urlTemplate\":\"https:\\\/\\\/algarve7.pt\\\/?s={search_term_string}\"},\"query-input\":{\"@type\":\"PropertyValueSpecification\",\"valueRequired\":true,\"valueName\":\"search_term_string\"}}],\"inLanguage\":\"pt-PT\"},{\"@type\":\"Organization\",\"@id\":\"https:\\\/\\\/algarve7.pt\\\/#organization\",\"name\":\"Algarve 7\",\"url\":\"https:\\\/\\\/algarve7.pt\\\/\",\"logo\":{\"@type\":\"ImageObject\",\"inLanguage\":\"pt-PT\",\"@id\":\"https:\\\/\\\/algarve7.pt\\\/#\\\/schema\\\/logo\\\/image\\\/\",\"url\":\"https:\\\/\\\/algarve7.pt\\\/wp-content\\\/uploads\\\/2020\\\/10\\\/Logo-8.jpg\",\"contentUrl\":\"https:\\\/\\\/algarve7.pt\\\/wp-content\\\/uploads\\\/2020\\\/10\\\/Logo-8.jpg\",\"width\":1680,\"height\":1186,\"caption\":\"Algarve 7\"},\"image\":{\"@id\":\"https:\\\/\\\/algarve7.pt\\\/#\\\/schema\\\/logo\\\/image\\\/\"},\"sameAs\":[\"https:\\\/\\\/www.facebook.com\\\/algarve7\",\"https:\\\/\\\/x.com\\\/Algarvesete\",\"https:\\\/\\\/www.instagram.com\\\/jornalalgarve7\\\/\",\"https:\\\/\\\/www.linkedin.com\\\/company\\\/algarve7\",\"https:\\\/\\\/www.pinterest.pt\\\/geral0939\\\/_created\\\/\"]},{\"@type\":\"Person\",\"@id\":\"https:\\\/\\\/algarve7.pt\\\/#\\\/schema\\\/person\\\/23fa70681308e7b319a3204bcea45e0c\",\"name\":\"Algarve 7\",\"sameAs\":[\"https:\\\/\\\/algarve7.pt\",\"https:\\\/\\\/www.facebook.com\\\/algarve7\"],\"url\":\"https:\\\/\\\/algarve7.pt\\\/index.php\\\/author\\\/geralalgarve7-pt\\\/\"}]}<\/script>\n<!-- \/ Yoast SEO plugin. -->","yoast_head_json":{"title":"\u201cOs T\u2019aviristas \u2013 A Brigada do Ambiente\u201d promovem mais oficinas - Algarve 7","description":"\u201cOs T\u2019aviristas \u2013 A Brigada do Ambiente\u201d promovem mais oficinas Ambiente","robots":{"index":"index","follow":"follow","max-snippet":"max-snippet:-1","max-image-preview":"max-image-preview:large","max-video-preview":"max-video-preview:-1"},"canonical":"https:\/\/algarve7.pt\/index.php\/2024\/10\/os-taviristas-a-brigada-do-ambiente-promovem-mais-oficinas\/ambiente\/12\/39\/","og_locale":"pt_PT","og_type":"article","og_title":"\u201cOs T\u2019aviristas \u2013 A Brigada do Ambiente\u201d promovem mais oficinas - Algarve 7","og_description":"\u201cOs T\u2019aviristas \u2013 A Brigada do Ambiente\u201d promovem mais oficinas Ambiente","og_url":"https:\/\/algarve7.pt\/index.php\/2024\/10\/os-taviristas-a-brigada-do-ambiente-promovem-mais-oficinas\/ambiente\/12\/39\/","og_site_name":"Algarve 7","article_publisher":"https:\/\/www.facebook.com\/algarve7","article_author":"https:\/\/www.facebook.com\/algarve7","article_published_time":"2024-10-02T11:39:31+00:00","article_modified_time":"2024-10-02T11:39:32+00:00","og_image":[{"width":800,"height":470,"url":"https:\/\/algarve7.pt\/wp-content\/uploads\/2024\/10\/Messenger_creation_E0818624-6521-4BBE-A137-18B2BF819AFD.jpeg","type":"image\/jpeg"}],"author":"Algarve 7","twitter_card":"summary_large_image","twitter_creator":"@Algarvesete","twitter_site":"@Algarvesete","twitter_misc":{"Escrito por":"Algarve 7","Tempo estimado de leitura":"2 minutos"},"schema":{"@context":"https:\/\/schema.org","@graph":[{"@type":"Article","@id":"https:\/\/algarve7.pt\/index.php\/2024\/10\/os-taviristas-a-brigada-do-ambiente-promovem-mais-oficinas\/ambiente\/12\/39\/#article","isPartOf":{"@id":"https:\/\/algarve7.pt\/index.php\/2024\/10\/os-taviristas-a-brigada-do-ambiente-promovem-mais-oficinas\/ambiente\/12\/39\/"},"author":{"name":"Algarve 7","@id":"https:\/\/algarve7.pt\/#\/schema\/person\/23fa70681308e7b319a3204bcea45e0c"},"headline":"\u201cOs T\u2019aviristas \u2013 A Brigada do Ambiente\u201d promovem mais oficinas","datePublished":"2024-10-02T11:39:31+00:00","dateModified":"2024-10-02T11:39:32+00:00","mainEntityOfPage":{"@id":"https:\/\/algarve7.pt\/index.php\/2024\/10\/os-taviristas-a-brigada-do-ambiente-promovem-mais-oficinas\/ambiente\/12\/39\/"},"wordCount":296,"commentCount":0,"publisher":{"@id":"https:\/\/algarve7.pt\/#organization"},"image":{"@id":"https:\/\/algarve7.pt\/index.php\/2024\/10\/os-taviristas-a-brigada-do-ambiente-promovem-mais-oficinas\/ambiente\/12\/39\/#primaryimage"},"thumbnailUrl":"https:\/\/algarve7.pt\/wp-content\/uploads\/2024\/10\/Messenger_creation_E0818624-6521-4BBE-A137-18B2BF819AFD.jpeg","keywords":["Algarve","Ambiente","Tavira"],"articleSection":["Ambiente"],"inLanguage":"pt-PT","potentialAction":[{"@type":"CommentAction","name":"Comment","target":["https:\/\/algarve7.pt\/index.php\/2024\/10\/os-taviristas-a-brigada-do-ambiente-promovem-mais-oficinas\/ambiente\/12\/39\/#respond"]}]},{"@type":"WebPage","@id":"https:\/\/algarve7.pt\/index.php\/2024\/10\/os-taviristas-a-brigada-do-ambiente-promovem-mais-oficinas\/ambiente\/12\/39\/","url":"https:\/\/algarve7.pt\/index.php\/2024\/10\/os-taviristas-a-brigada-do-ambiente-promovem-mais-oficinas\/ambiente\/12\/39\/","name":"\u201cOs T\u2019aviristas \u2013 A Brigada do Ambiente\u201d promovem mais oficinas - Algarve 7","isPartOf":{"@id":"https:\/\/algarve7.pt\/#website"},"primaryImageOfPage":{"@id":"https:\/\/algarve7.pt\/index.php\/2024\/10\/os-taviristas-a-brigada-do-ambiente-promovem-mais-oficinas\/ambiente\/12\/39\/#primaryimage"},"image":{"@id":"https:\/\/algarve7.pt\/index.php\/2024\/10\/os-taviristas-a-brigada-do-ambiente-promovem-mais-oficinas\/ambiente\/12\/39\/#primaryimage"},"thumbnailUrl":"https:\/\/algarve7.pt\/wp-content\/uploads\/2024\/10\/Messenger_creation_E0818624-6521-4BBE-A137-18B2BF819AFD.jpeg","datePublished":"2024-10-02T11:39:31+00:00","dateModified":"2024-10-02T11:39:32+00:00","description":"\u201cOs T\u2019aviristas \u2013 A Brigada do Ambiente\u201d promovem mais oficinas Ambiente","breadcrumb":{"@id":"https:\/\/algarve7.pt\/index.php\/2024\/10\/os-taviristas-a-brigada-do-ambiente-promovem-mais-oficinas\/ambiente\/12\/39\/#breadcrumb"},"inLanguage":"pt-PT","potentialAction":[{"@type":"ReadAction","target":["https:\/\/algarve7.pt\/index.php\/2024\/10\/os-taviristas-a-brigada-do-ambiente-promovem-mais-oficinas\/ambiente\/12\/39\/"]}]},{"@type":"ImageObject","inLanguage":"pt-PT","@id":"https:\/\/algarve7.pt\/index.php\/2024\/10\/os-taviristas-a-brigada-do-ambiente-promovem-mais-oficinas\/ambiente\/12\/39\/#primaryimage","url":"https:\/\/algarve7.pt\/wp-content\/uploads\/2024\/10\/Messenger_creation_E0818624-6521-4BBE-A137-18B2BF819AFD.jpeg","contentUrl":"https:\/\/algarve7.pt\/wp-content\/uploads\/2024\/10\/Messenger_creation_E0818624-6521-4BBE-A137-18B2BF819AFD.jpeg","width":800,"height":470},{"@type":"BreadcrumbList","@id":"https:\/\/algarve7.pt\/index.php\/2024\/10\/os-taviristas-a-brigada-do-ambiente-promovem-mais-oficinas\/ambiente\/12\/39\/#breadcrumb","itemListElement":[{"@type":"ListItem","position":1,"name":"In\u00edcio","item":"https:\/\/algarve7.pt\/"},{"@type":"ListItem","position":2,"name":"\u201cOs T\u2019aviristas \u2013 A Brigada do Ambiente\u201d promovem mais oficinas"}]},{"@type":"WebSite","@id":"https:\/\/algarve7.pt\/#website","url":"https:\/\/algarve7.pt\/","name":"Algarve 7","description":"Informa\u00e7\u00e3o sobre o Algarve","publisher":{"@id":"https:\/\/algarve7.pt\/#organization"},"potentialAction":[{"@type":"SearchAction","target":{"@type":"EntryPoint","urlTemplate":"https:\/\/algarve7.pt\/?s={search_term_string}"},"query-input":{"@type":"PropertyValueSpecification","valueRequired":true,"valueName":"search_term_string"}}],"inLanguage":"pt-PT"},{"@type":"Organization","@id":"https:\/\/algarve7.pt\/#organization","name":"Algarve 7","url":"https:\/\/algarve7.pt\/","logo":{"@type":"ImageObject","inLanguage":"pt-PT","@id":"https:\/\/algarve7.pt\/#\/schema\/logo\/image\/","url":"https:\/\/algarve7.pt\/wp-content\/uploads\/2020\/10\/Logo-8.jpg","contentUrl":"https:\/\/algarve7.pt\/wp-content\/uploads\/2020\/10\/Logo-8.jpg","width":1680,"height":1186,"caption":"Algarve 7"},"image":{"@id":"https:\/\/algarve7.pt\/#\/schema\/logo\/image\/"},"sameAs":["https:\/\/www.facebook.com\/algarve7","https:\/\/x.com\/Algarvesete","https:\/\/www.instagram.com\/jornalalgarve7\/","https:\/\/www.linkedin.com\/company\/algarve7","https:\/\/www.pinterest.pt\/geral0939\/_created\/"]},{"@type":"Person","@id":"https:\/\/algarve7.pt\/#\/schema\/person\/23fa70681308e7b319a3204bcea45e0c","name":"Algarve 7","sameAs":["https:\/\/algarve7.pt","https:\/\/www.facebook.com\/algarve7"],"url":"https:\/\/algarve7.pt\/index.php\/author\/geralalgarve7-pt\/"}]}},"jetpack_publicize_connections":[],"jetpack_featured_media_url":"https:\/\/algarve7.pt\/wp-content\/uploads\/2024\/10\/Messenger_creation_E0818624-6521-4BBE-A137-18B2BF819AFD.jpeg","jetpack_shortlink":"https:\/\/wp.me\/pcezmW-b82","jetpack_sharing_enabled":true,"_links":{"self":[{"href":"https:\/\/algarve7.pt\/index.php\/wp-json\/wp\/v2\/posts\/42782","targetHints":{"allow":["GET"]}}],"collection":[{"href":"https:\/\/algarve7.pt\/index.php\/wp-json\/wp\/v2\/posts"}],"about":[{"href":"https:\/\/algarve7.pt\/index.php\/wp-json\/wp\/v2\/types\/post"}],"author":[{"embeddable":true,"href":"https:\/\/algarve7.pt\/index.php\/wp-json\/wp\/v2\/users\/1"}],"replies":[{"embeddable":true,"href":"https:\/\/algarve7.pt\/index.php\/wp-json\/wp\/v2\/comments?post=42782"}],"version-history":[{"count":0,"href":"https:\/\/algarve7.pt\/index.php\/wp-json\/wp\/v2\/posts\/42782\/revisions"}],"wp:featuredmedia":[{"embeddable":true,"href":"https:\/\/algarve7.pt\/index.php\/wp-json\/wp\/v2\/media\/42783"}],"wp:attachment":[{"href":"https:\/\/algarve7.pt\/index.php\/wp-json\/wp\/v2\/media?parent=42782"}],"wp:term":[{"taxonomy":"category","embeddable":true,"href":"https:\/\/algarve7.pt\/index.php\/wp-json\/wp\/v2\/categories?post=42782"},{"taxonomy":"post_tag","embeddable":true,"href":"https:\/\/algarve7.pt\/index.php\/wp-json\/wp\/v2\/tags?post=42782"}],"curies":[{"name":"wp","href":"https:\/\/api.w.org\/{rel}","templated":true}]}}