{"id":42772,"date":"2024-10-01T22:57:00","date_gmt":"2024-10-01T21:57:00","guid":{"rendered":"https:\/\/algarve7.pt\/?p=42772"},"modified":"2024-10-01T22:56:13","modified_gmt":"2024-10-01T21:56:13","slug":"aguas-do-algarve-adjudica-concecao-construcao-e-exploracao-do-sistema-de-dessalinizacao-do-algarve","status":"publish","type":"post","link":"https:\/\/algarve7.pt\/index.php\/2024\/10\/aguas-do-algarve-adjudica-concecao-construcao-e-exploracao-do-sistema-de-dessalinizacao-do-algarve\/ambiente\/22\/57\/","title":{"rendered":"\u00c1guas do Algarve adjudica Conce\u00e7\u00e3o, Constru\u00e7\u00e3o e Explora\u00e7\u00e3o do Sistema de Dessaliniza\u00e7\u00e3o do Algarve\u00a0"},"content":{"rendered":"\n<p>Numa data especial em que se celebra o Dia Nacional da \u00c1gua, a \u00c1guas do Algarve adjudicou o Concurso P\u00fablico para a Conce\u00e7\u00e3o, Constru\u00e7\u00e3o e Explora\u00e7\u00e3o do Sistema de Dessaliniza\u00e7\u00e3o na Regi\u00e3o do Algarve, com o Agrupamento Complementar de Empresas \u2013 ACE, formado pelas empresas LUS\u00c1GUA \u2013 SERVI\u00c7OS AMBIENTAIS, S.A., AQUAPOR \u2013 SERVI\u00c7OS, S.A e GS INIMA ENVIRONMENT, S.A.U.&nbsp;<br><br>O presente contrato representa um investimento de 107 milh\u00f5es, 922 mil e 830 euros, integrado no \u00abPlano Regional de Efici\u00eancia H\u00eddrica do Algarve \u2013 SM6 \u2013 Promover a dessaliniza\u00e7\u00e3o do mar\u00bb, enquadrado na Componente C09 do Plano de Recupera\u00e7\u00e3o e Resili\u00eancia (PRR) e tem por objeto a conce\u00e7\u00e3o, a constru\u00e7\u00e3o e a explora\u00e7\u00e3o do Sistema de Dessaliniza\u00e7\u00e3o na Regi\u00e3o do Algarve, incluindo:&nbsp;<br><br>&#8211; a elabora\u00e7\u00e3o de todas as pe\u00e7as escritas e desenhadas do Projeto de Execu\u00e7\u00e3o da \u00abObra\u00bb a executar, incluindo os desenhos de detalhe (montagem e constru\u00e7\u00e3o) e os projetos de todas as especialidades envolvidas (constru\u00e7\u00e3o civil, obra mar\u00edtima equipamentos mec\u00e2nicos, eletromec\u00e2nicos, el\u00e9tricos e instrumenta\u00e7\u00e3o, instala\u00e7\u00f5es el\u00e9tricas, automa\u00e7\u00e3o e supervis\u00e3o, arquitetura, o Plano de Seguran\u00e7a e Sa\u00fade (PSS), o Plano de Gest\u00e3o Ambiental (PGA), o Plano de Preven\u00e7\u00e3o e Gest\u00e3o de Res\u00edduos da Constru\u00e7\u00e3o e Demoli\u00e7\u00e3o (PPGRCD), entre outros). Inclui igualmente a elabora\u00e7\u00e3o dos elementos a entregar em fase de RECAPE, conforme descrito na DIA do Sistema de Dessaliniza\u00e7\u00e3o na Regi\u00e3o do Algarve e a implementa\u00e7\u00e3o e observ\u00e2ncia das mediadas constantes da DIA, quer durante a fase de constru\u00e7\u00e3o, quer durante a fase de \u00abArranque\u00bb da instala\u00e7\u00e3o e at\u00e9 \u00e0 sua Rece\u00e7\u00e3o Provis\u00f3ria;&nbsp;<br>&#8211; a execu\u00e7\u00e3o de todos os trabalhos de constru\u00e7\u00e3o;&nbsp;<br>&#8211; a realiza\u00e7\u00e3o das atividades e trabalhos de \u00abComissionamento\u00bb da \u00abObra\u00bb;&nbsp;<br>&#8211; a realiza\u00e7\u00e3o das atividades de \u00abPr\u00e9-Arranque\u00bb da \u00abObra\u00bb;&nbsp;<br>&#8211; a realiza\u00e7\u00e3o do \u00abArranque\u00bb para verifica\u00e7\u00e3o da conformidade da \u00abObra\u00bb com as garantias prestadas;&nbsp;<br>&#8211; a \u00abExplora\u00e7\u00e3o\u00bb do Empreendimento por um per\u00edodo de tr\u00eas anos.&nbsp;<br><br>O Estudo Pr\u00e9vio da Esta\u00e7\u00e3o do Projeto da Solu\u00e7\u00e3o de Dessaliniza\u00e7\u00e3o na regi\u00e3o do Algarve surge num contexto \u2013 espacial e temporal \u2013 em que se perspetiva, com crescentes evid\u00eancias, que se assistir\u00e1 a um decr\u00e9scimo da pluviosidade anual e num aumento da assimetria do regime intra-anual de precipita\u00e7\u00e3o, mais ou menos pronunciados em fun\u00e7\u00e3o dos cen\u00e1rios clim\u00e1ticos considerados, especialmente pronunciado nas regi\u00f5es mediterr\u00e2nicas. O objetivo \u00fanico do projeto baseia-se na necessidade de uma solu\u00e7\u00e3o integrada que garanta, de forma sustentada, o abastecimento p\u00fablico de \u00e1gua na regi\u00e3o do Algarve, necessidade essa j\u00e1 h\u00e1 muito identificada. A principal raz\u00e3o para a concretiza\u00e7\u00e3o deste empreendimento \u00e9, assim, a necessidade de criar uma alternativa capaz de garantir a resili\u00eancia do abastecimento p\u00fablico \u00e0 popula\u00e7\u00e3o da regi\u00e3o, mesmo em per\u00edodos de seca prolongada.&nbsp;<br><br>Importa ainda contextualizar o projeto presentemente em an\u00e1lise numa estrat\u00e9gia mais abrangente de lidar com as supracitadas car\u00eancias de abastecimento p\u00fablico de \u00e1gua no Algarve. De facto, o Projeto da Solu\u00e7\u00e3o de Dessaliniza\u00e7\u00e3o na regi\u00e3o do Algarve inclui-se no Plano Regional de Efici\u00eancia H\u00eddrica do Algarve, que \u00e9 um dos Investimentos previstos na Componente C09 \u2013 Gest\u00e3o H\u00eddrica do Plano de Recupera\u00e7\u00e3o e Resili\u00eancia (PRR), previsto por Portugal. \u201cEsta infraestrutura ter\u00e1 como capacidade inicial 16 milh\u00f5es de metros c\u00fabicos, mas estamos a projetar a infraestrutura para que esta tenha capacidade para tratar at\u00e9 tr\u00eas vezes mais do que esse volume, ou seja at\u00e9 aos 24 milh\u00f5es metros c\u00fabicos de \u00e1gua\u201d, apontam os respons\u00e1veis da \u00c1guas do Algarve.<\/p>\n","protected":false},"excerpt":{"rendered":"<p>Numa data especial em que se celebra o Dia Nacional da \u00c1gua, a \u00c1guas do Algarve adjudicou o Concurso P\u00fablico<\/p>\n","protected":false},"author":1,"featured_media":42773,"comment_status":"open","ping_status":"open","sticky":false,"template":"","format":"standard","meta":{"colormag_page_container_layout":"default_layout","colormag_page_sidebar_layout":"default_layout","_monsterinsights_skip_tracking":false,"_monsterinsights_sitenote_active":false,"_monsterinsights_sitenote_note":"","_monsterinsights_sitenote_category":0,"jetpack_post_was_ever_published":false,"_jetpack_newsletter_access":"","_jetpack_dont_email_post_to_subs":false,"_jetpack_newsletter_tier_id":0,"_jetpack_memberships_contains_paywalled_content":false,"_jetpack_memberships_contains_paid_content":false,"footnotes":"","jetpack_publicize_message":"","jetpack_publicize_feature_enabled":true,"jetpack_social_post_already_shared":false,"jetpack_social_options":{"image_generator_settings":{"template":"highway","default_image_id":0,"font":"","enabled":false},"version":2}},"categories":[5],"tags":[334,36,32],"class_list":["post-42772","post","type-post","status-publish","format-standard","has-post-thumbnail","hentry","category-ambiente","tag-aguas-do-algarve","tag-algarve","tag-ambiente"],"yoast_head":"<!-- This site is optimized with the Yoast SEO plugin v27.5 - https:\/\/yoast.com\/product\/yoast-seo-wordpress\/ -->\n<title>\u00c1guas do Algarve adjudica Conce\u00e7\u00e3o, Constru\u00e7\u00e3o e Explora\u00e7\u00e3o do Sistema de Dessaliniza\u00e7\u00e3o do Algarve\u00a0 - Algarve 7<\/title>\n<meta name=\"description\" content=\"\u00c1guas do Algarve adjudica Conce\u00e7\u00e3o, Constru\u00e7\u00e3o e Explora\u00e7\u00e3o do Sistema de Dessaliniza\u00e7\u00e3o do Algarve\u00a0 Ambiente\" \/>\n<meta name=\"robots\" content=\"index, follow, max-snippet:-1, max-image-preview:large, max-video-preview:-1\" \/>\n<link rel=\"canonical\" href=\"https:\/\/algarve7.pt\/index.php\/2024\/10\/aguas-do-algarve-adjudica-concecao-construcao-e-exploracao-do-sistema-de-dessalinizacao-do-algarve\/ambiente\/22\/57\/\" \/>\n<meta property=\"og:locale\" content=\"pt_PT\" \/>\n<meta property=\"og:type\" content=\"article\" \/>\n<meta property=\"og:title\" content=\"\u00c1guas do Algarve adjudica Conce\u00e7\u00e3o, Constru\u00e7\u00e3o e Explora\u00e7\u00e3o do Sistema de Dessaliniza\u00e7\u00e3o do Algarve\u00a0 - Algarve 7\" \/>\n<meta property=\"og:description\" content=\"\u00c1guas do Algarve adjudica Conce\u00e7\u00e3o, Constru\u00e7\u00e3o e Explora\u00e7\u00e3o do Sistema de Dessaliniza\u00e7\u00e3o do Algarve\u00a0 Ambiente\" \/>\n<meta property=\"og:url\" content=\"https:\/\/algarve7.pt\/index.php\/2024\/10\/aguas-do-algarve-adjudica-concecao-construcao-e-exploracao-do-sistema-de-dessalinizacao-do-algarve\/ambiente\/22\/57\/\" \/>\n<meta property=\"og:site_name\" content=\"Algarve 7\" \/>\n<meta property=\"article:publisher\" content=\"https:\/\/www.facebook.com\/algarve7\" \/>\n<meta property=\"article:author\" content=\"https:\/\/www.facebook.com\/algarve7\" \/>\n<meta property=\"article:published_time\" content=\"2024-10-01T21:57:00+00:00\" \/>\n<meta property=\"og:image\" content=\"https:\/\/algarve7.pt\/wp-content\/uploads\/2024\/10\/dessalinizadora.jpg\" \/>\n\t<meta property=\"og:image:width\" content=\"800\" \/>\n\t<meta property=\"og:image:height\" content=\"470\" \/>\n\t<meta property=\"og:image:type\" content=\"image\/jpeg\" \/>\n<meta name=\"author\" content=\"Algarve 7\" \/>\n<meta name=\"twitter:card\" content=\"summary_large_image\" \/>\n<meta name=\"twitter:creator\" content=\"@Algarvesete\" \/>\n<meta name=\"twitter:site\" content=\"@Algarvesete\" \/>\n<meta name=\"twitter:label1\" content=\"Escrito por\" \/>\n\t<meta name=\"twitter:data1\" content=\"Algarve 7\" \/>\n\t<meta name=\"twitter:label2\" content=\"Tempo estimado de leitura\" \/>\n\t<meta name=\"twitter:data2\" content=\"4 minutos\" \/>\n<script type=\"application\/ld+json\" class=\"yoast-schema-graph\">{\"@context\":\"https:\\\/\\\/schema.org\",\"@graph\":[{\"@type\":\"Article\",\"@id\":\"https:\\\/\\\/algarve7.pt\\\/index.php\\\/2024\\\/10\\\/aguas-do-algarve-adjudica-concecao-construcao-e-exploracao-do-sistema-de-dessalinizacao-do-algarve\\\/ambiente\\\/22\\\/57\\\/#article\",\"isPartOf\":{\"@id\":\"https:\\\/\\\/algarve7.pt\\\/index.php\\\/2024\\\/10\\\/aguas-do-algarve-adjudica-concecao-construcao-e-exploracao-do-sistema-de-dessalinizacao-do-algarve\\\/ambiente\\\/22\\\/57\\\/\"},\"author\":{\"name\":\"Algarve 7\",\"@id\":\"https:\\\/\\\/algarve7.pt\\\/#\\\/schema\\\/person\\\/23fa70681308e7b319a3204bcea45e0c\"},\"headline\":\"\u00c1guas do Algarve adjudica Conce\u00e7\u00e3o, Constru\u00e7\u00e3o e Explora\u00e7\u00e3o do Sistema de Dessaliniza\u00e7\u00e3o do Algarve\u00a0\",\"datePublished\":\"2024-10-01T21:57:00+00:00\",\"mainEntityOfPage\":{\"@id\":\"https:\\\/\\\/algarve7.pt\\\/index.php\\\/2024\\\/10\\\/aguas-do-algarve-adjudica-concecao-construcao-e-exploracao-do-sistema-de-dessalinizacao-do-algarve\\\/ambiente\\\/22\\\/57\\\/\"},\"wordCount\":672,\"commentCount\":0,\"publisher\":{\"@id\":\"https:\\\/\\\/algarve7.pt\\\/#organization\"},\"image\":{\"@id\":\"https:\\\/\\\/algarve7.pt\\\/index.php\\\/2024\\\/10\\\/aguas-do-algarve-adjudica-concecao-construcao-e-exploracao-do-sistema-de-dessalinizacao-do-algarve\\\/ambiente\\\/22\\\/57\\\/#primaryimage\"},\"thumbnailUrl\":\"https:\\\/\\\/algarve7.pt\\\/wp-content\\\/uploads\\\/2024\\\/10\\\/dessalinizadora.jpg\",\"keywords\":[\"\u00c1guas do Algarve\",\"Algarve\",\"Ambiente\"],\"articleSection\":[\"Ambiente\"],\"inLanguage\":\"pt-PT\",\"potentialAction\":[{\"@type\":\"CommentAction\",\"name\":\"Comment\",\"target\":[\"https:\\\/\\\/algarve7.pt\\\/index.php\\\/2024\\\/10\\\/aguas-do-algarve-adjudica-concecao-construcao-e-exploracao-do-sistema-de-dessalinizacao-do-algarve\\\/ambiente\\\/22\\\/57\\\/#respond\"]}]},{\"@type\":\"WebPage\",\"@id\":\"https:\\\/\\\/algarve7.pt\\\/index.php\\\/2024\\\/10\\\/aguas-do-algarve-adjudica-concecao-construcao-e-exploracao-do-sistema-de-dessalinizacao-do-algarve\\\/ambiente\\\/22\\\/57\\\/\",\"url\":\"https:\\\/\\\/algarve7.pt\\\/index.php\\\/2024\\\/10\\\/aguas-do-algarve-adjudica-concecao-construcao-e-exploracao-do-sistema-de-dessalinizacao-do-algarve\\\/ambiente\\\/22\\\/57\\\/\",\"name\":\"\u00c1guas do Algarve adjudica Conce\u00e7\u00e3o, Constru\u00e7\u00e3o e Explora\u00e7\u00e3o do Sistema de Dessaliniza\u00e7\u00e3o do Algarve\u00a0 - Algarve 7\",\"isPartOf\":{\"@id\":\"https:\\\/\\\/algarve7.pt\\\/#website\"},\"primaryImageOfPage\":{\"@id\":\"https:\\\/\\\/algarve7.pt\\\/index.php\\\/2024\\\/10\\\/aguas-do-algarve-adjudica-concecao-construcao-e-exploracao-do-sistema-de-dessalinizacao-do-algarve\\\/ambiente\\\/22\\\/57\\\/#primaryimage\"},\"image\":{\"@id\":\"https:\\\/\\\/algarve7.pt\\\/index.php\\\/2024\\\/10\\\/aguas-do-algarve-adjudica-concecao-construcao-e-exploracao-do-sistema-de-dessalinizacao-do-algarve\\\/ambiente\\\/22\\\/57\\\/#primaryimage\"},\"thumbnailUrl\":\"https:\\\/\\\/algarve7.pt\\\/wp-content\\\/uploads\\\/2024\\\/10\\\/dessalinizadora.jpg\",\"datePublished\":\"2024-10-01T21:57:00+00:00\",\"description\":\"\u00c1guas do Algarve adjudica Conce\u00e7\u00e3o, Constru\u00e7\u00e3o e Explora\u00e7\u00e3o do Sistema de Dessaliniza\u00e7\u00e3o do Algarve\u00a0 Ambiente\",\"breadcrumb\":{\"@id\":\"https:\\\/\\\/algarve7.pt\\\/index.php\\\/2024\\\/10\\\/aguas-do-algarve-adjudica-concecao-construcao-e-exploracao-do-sistema-de-dessalinizacao-do-algarve\\\/ambiente\\\/22\\\/57\\\/#breadcrumb\"},\"inLanguage\":\"pt-PT\",\"potentialAction\":[{\"@type\":\"ReadAction\",\"target\":[\"https:\\\/\\\/algarve7.pt\\\/index.php\\\/2024\\\/10\\\/aguas-do-algarve-adjudica-concecao-construcao-e-exploracao-do-sistema-de-dessalinizacao-do-algarve\\\/ambiente\\\/22\\\/57\\\/\"]}]},{\"@type\":\"ImageObject\",\"inLanguage\":\"pt-PT\",\"@id\":\"https:\\\/\\\/algarve7.pt\\\/index.php\\\/2024\\\/10\\\/aguas-do-algarve-adjudica-concecao-construcao-e-exploracao-do-sistema-de-dessalinizacao-do-algarve\\\/ambiente\\\/22\\\/57\\\/#primaryimage\",\"url\":\"https:\\\/\\\/algarve7.pt\\\/wp-content\\\/uploads\\\/2024\\\/10\\\/dessalinizadora.jpg\",\"contentUrl\":\"https:\\\/\\\/algarve7.pt\\\/wp-content\\\/uploads\\\/2024\\\/10\\\/dessalinizadora.jpg\",\"width\":800,\"height\":470},{\"@type\":\"BreadcrumbList\",\"@id\":\"https:\\\/\\\/algarve7.pt\\\/index.php\\\/2024\\\/10\\\/aguas-do-algarve-adjudica-concecao-construcao-e-exploracao-do-sistema-de-dessalinizacao-do-algarve\\\/ambiente\\\/22\\\/57\\\/#breadcrumb\",\"itemListElement\":[{\"@type\":\"ListItem\",\"position\":1,\"name\":\"In\u00edcio\",\"item\":\"https:\\\/\\\/algarve7.pt\\\/\"},{\"@type\":\"ListItem\",\"position\":2,\"name\":\"\u00c1guas do Algarve adjudica Conce\u00e7\u00e3o, Constru\u00e7\u00e3o e Explora\u00e7\u00e3o do Sistema de Dessaliniza\u00e7\u00e3o do Algarve\u00a0\"}]},{\"@type\":\"WebSite\",\"@id\":\"https:\\\/\\\/algarve7.pt\\\/#website\",\"url\":\"https:\\\/\\\/algarve7.pt\\\/\",\"name\":\"Algarve 7\",\"description\":\"Informa\u00e7\u00e3o sobre o Algarve\",\"publisher\":{\"@id\":\"https:\\\/\\\/algarve7.pt\\\/#organization\"},\"potentialAction\":[{\"@type\":\"SearchAction\",\"target\":{\"@type\":\"EntryPoint\",\"urlTemplate\":\"https:\\\/\\\/algarve7.pt\\\/?s={search_term_string}\"},\"query-input\":{\"@type\":\"PropertyValueSpecification\",\"valueRequired\":true,\"valueName\":\"search_term_string\"}}],\"inLanguage\":\"pt-PT\"},{\"@type\":\"Organization\",\"@id\":\"https:\\\/\\\/algarve7.pt\\\/#organization\",\"name\":\"Algarve 7\",\"url\":\"https:\\\/\\\/algarve7.pt\\\/\",\"logo\":{\"@type\":\"ImageObject\",\"inLanguage\":\"pt-PT\",\"@id\":\"https:\\\/\\\/algarve7.pt\\\/#\\\/schema\\\/logo\\\/image\\\/\",\"url\":\"https:\\\/\\\/algarve7.pt\\\/wp-content\\\/uploads\\\/2020\\\/10\\\/Logo-8.jpg\",\"contentUrl\":\"https:\\\/\\\/algarve7.pt\\\/wp-content\\\/uploads\\\/2020\\\/10\\\/Logo-8.jpg\",\"width\":1680,\"height\":1186,\"caption\":\"Algarve 7\"},\"image\":{\"@id\":\"https:\\\/\\\/algarve7.pt\\\/#\\\/schema\\\/logo\\\/image\\\/\"},\"sameAs\":[\"https:\\\/\\\/www.facebook.com\\\/algarve7\",\"https:\\\/\\\/x.com\\\/Algarvesete\",\"https:\\\/\\\/www.instagram.com\\\/jornalalgarve7\\\/\",\"https:\\\/\\\/www.linkedin.com\\\/company\\\/algarve7\",\"https:\\\/\\\/www.pinterest.pt\\\/geral0939\\\/_created\\\/\"]},{\"@type\":\"Person\",\"@id\":\"https:\\\/\\\/algarve7.pt\\\/#\\\/schema\\\/person\\\/23fa70681308e7b319a3204bcea45e0c\",\"name\":\"Algarve 7\",\"sameAs\":[\"https:\\\/\\\/algarve7.pt\",\"https:\\\/\\\/www.facebook.com\\\/algarve7\"],\"url\":\"https:\\\/\\\/algarve7.pt\\\/index.php\\\/author\\\/geralalgarve7-pt\\\/\"}]}<\/script>\n<!-- \/ Yoast SEO plugin. -->","yoast_head_json":{"title":"\u00c1guas do Algarve adjudica Conce\u00e7\u00e3o, Constru\u00e7\u00e3o e Explora\u00e7\u00e3o do Sistema de Dessaliniza\u00e7\u00e3o do Algarve\u00a0 - Algarve 7","description":"\u00c1guas do Algarve adjudica Conce\u00e7\u00e3o, Constru\u00e7\u00e3o e Explora\u00e7\u00e3o do Sistema de Dessaliniza\u00e7\u00e3o do Algarve\u00a0 Ambiente","robots":{"index":"index","follow":"follow","max-snippet":"max-snippet:-1","max-image-preview":"max-image-preview:large","max-video-preview":"max-video-preview:-1"},"canonical":"https:\/\/algarve7.pt\/index.php\/2024\/10\/aguas-do-algarve-adjudica-concecao-construcao-e-exploracao-do-sistema-de-dessalinizacao-do-algarve\/ambiente\/22\/57\/","og_locale":"pt_PT","og_type":"article","og_title":"\u00c1guas do Algarve adjudica Conce\u00e7\u00e3o, Constru\u00e7\u00e3o e Explora\u00e7\u00e3o do Sistema de Dessaliniza\u00e7\u00e3o do Algarve\u00a0 - Algarve 7","og_description":"\u00c1guas do Algarve adjudica Conce\u00e7\u00e3o, Constru\u00e7\u00e3o e Explora\u00e7\u00e3o do Sistema de Dessaliniza\u00e7\u00e3o do Algarve\u00a0 Ambiente","og_url":"https:\/\/algarve7.pt\/index.php\/2024\/10\/aguas-do-algarve-adjudica-concecao-construcao-e-exploracao-do-sistema-de-dessalinizacao-do-algarve\/ambiente\/22\/57\/","og_site_name":"Algarve 7","article_publisher":"https:\/\/www.facebook.com\/algarve7","article_author":"https:\/\/www.facebook.com\/algarve7","article_published_time":"2024-10-01T21:57:00+00:00","og_image":[{"width":800,"height":470,"url":"https:\/\/algarve7.pt\/wp-content\/uploads\/2024\/10\/dessalinizadora.jpg","type":"image\/jpeg"}],"author":"Algarve 7","twitter_card":"summary_large_image","twitter_creator":"@Algarvesete","twitter_site":"@Algarvesete","twitter_misc":{"Escrito por":"Algarve 7","Tempo estimado de leitura":"4 minutos"},"schema":{"@context":"https:\/\/schema.org","@graph":[{"@type":"Article","@id":"https:\/\/algarve7.pt\/index.php\/2024\/10\/aguas-do-algarve-adjudica-concecao-construcao-e-exploracao-do-sistema-de-dessalinizacao-do-algarve\/ambiente\/22\/57\/#article","isPartOf":{"@id":"https:\/\/algarve7.pt\/index.php\/2024\/10\/aguas-do-algarve-adjudica-concecao-construcao-e-exploracao-do-sistema-de-dessalinizacao-do-algarve\/ambiente\/22\/57\/"},"author":{"name":"Algarve 7","@id":"https:\/\/algarve7.pt\/#\/schema\/person\/23fa70681308e7b319a3204bcea45e0c"},"headline":"\u00c1guas do Algarve adjudica Conce\u00e7\u00e3o, Constru\u00e7\u00e3o e Explora\u00e7\u00e3o do Sistema de Dessaliniza\u00e7\u00e3o do Algarve\u00a0","datePublished":"2024-10-01T21:57:00+00:00","mainEntityOfPage":{"@id":"https:\/\/algarve7.pt\/index.php\/2024\/10\/aguas-do-algarve-adjudica-concecao-construcao-e-exploracao-do-sistema-de-dessalinizacao-do-algarve\/ambiente\/22\/57\/"},"wordCount":672,"commentCount":0,"publisher":{"@id":"https:\/\/algarve7.pt\/#organization"},"image":{"@id":"https:\/\/algarve7.pt\/index.php\/2024\/10\/aguas-do-algarve-adjudica-concecao-construcao-e-exploracao-do-sistema-de-dessalinizacao-do-algarve\/ambiente\/22\/57\/#primaryimage"},"thumbnailUrl":"https:\/\/algarve7.pt\/wp-content\/uploads\/2024\/10\/dessalinizadora.jpg","keywords":["\u00c1guas do Algarve","Algarve","Ambiente"],"articleSection":["Ambiente"],"inLanguage":"pt-PT","potentialAction":[{"@type":"CommentAction","name":"Comment","target":["https:\/\/algarve7.pt\/index.php\/2024\/10\/aguas-do-algarve-adjudica-concecao-construcao-e-exploracao-do-sistema-de-dessalinizacao-do-algarve\/ambiente\/22\/57\/#respond"]}]},{"@type":"WebPage","@id":"https:\/\/algarve7.pt\/index.php\/2024\/10\/aguas-do-algarve-adjudica-concecao-construcao-e-exploracao-do-sistema-de-dessalinizacao-do-algarve\/ambiente\/22\/57\/","url":"https:\/\/algarve7.pt\/index.php\/2024\/10\/aguas-do-algarve-adjudica-concecao-construcao-e-exploracao-do-sistema-de-dessalinizacao-do-algarve\/ambiente\/22\/57\/","name":"\u00c1guas do Algarve adjudica Conce\u00e7\u00e3o, Constru\u00e7\u00e3o e Explora\u00e7\u00e3o do Sistema de Dessaliniza\u00e7\u00e3o do Algarve\u00a0 - Algarve 7","isPartOf":{"@id":"https:\/\/algarve7.pt\/#website"},"primaryImageOfPage":{"@id":"https:\/\/algarve7.pt\/index.php\/2024\/10\/aguas-do-algarve-adjudica-concecao-construcao-e-exploracao-do-sistema-de-dessalinizacao-do-algarve\/ambiente\/22\/57\/#primaryimage"},"image":{"@id":"https:\/\/algarve7.pt\/index.php\/2024\/10\/aguas-do-algarve-adjudica-concecao-construcao-e-exploracao-do-sistema-de-dessalinizacao-do-algarve\/ambiente\/22\/57\/#primaryimage"},"thumbnailUrl":"https:\/\/algarve7.pt\/wp-content\/uploads\/2024\/10\/dessalinizadora.jpg","datePublished":"2024-10-01T21:57:00+00:00","description":"\u00c1guas do Algarve adjudica Conce\u00e7\u00e3o, Constru\u00e7\u00e3o e Explora\u00e7\u00e3o do Sistema de Dessaliniza\u00e7\u00e3o do Algarve\u00a0 Ambiente","breadcrumb":{"@id":"https:\/\/algarve7.pt\/index.php\/2024\/10\/aguas-do-algarve-adjudica-concecao-construcao-e-exploracao-do-sistema-de-dessalinizacao-do-algarve\/ambiente\/22\/57\/#breadcrumb"},"inLanguage":"pt-PT","potentialAction":[{"@type":"ReadAction","target":["https:\/\/algarve7.pt\/index.php\/2024\/10\/aguas-do-algarve-adjudica-concecao-construcao-e-exploracao-do-sistema-de-dessalinizacao-do-algarve\/ambiente\/22\/57\/"]}]},{"@type":"ImageObject","inLanguage":"pt-PT","@id":"https:\/\/algarve7.pt\/index.php\/2024\/10\/aguas-do-algarve-adjudica-concecao-construcao-e-exploracao-do-sistema-de-dessalinizacao-do-algarve\/ambiente\/22\/57\/#primaryimage","url":"https:\/\/algarve7.pt\/wp-content\/uploads\/2024\/10\/dessalinizadora.jpg","contentUrl":"https:\/\/algarve7.pt\/wp-content\/uploads\/2024\/10\/dessalinizadora.jpg","width":800,"height":470},{"@type":"BreadcrumbList","@id":"https:\/\/algarve7.pt\/index.php\/2024\/10\/aguas-do-algarve-adjudica-concecao-construcao-e-exploracao-do-sistema-de-dessalinizacao-do-algarve\/ambiente\/22\/57\/#breadcrumb","itemListElement":[{"@type":"ListItem","position":1,"name":"In\u00edcio","item":"https:\/\/algarve7.pt\/"},{"@type":"ListItem","position":2,"name":"\u00c1guas do Algarve adjudica Conce\u00e7\u00e3o, Constru\u00e7\u00e3o e Explora\u00e7\u00e3o do Sistema de Dessaliniza\u00e7\u00e3o do Algarve\u00a0"}]},{"@type":"WebSite","@id":"https:\/\/algarve7.pt\/#website","url":"https:\/\/algarve7.pt\/","name":"Algarve 7","description":"Informa\u00e7\u00e3o sobre o Algarve","publisher":{"@id":"https:\/\/algarve7.pt\/#organization"},"potentialAction":[{"@type":"SearchAction","target":{"@type":"EntryPoint","urlTemplate":"https:\/\/algarve7.pt\/?s={search_term_string}"},"query-input":{"@type":"PropertyValueSpecification","valueRequired":true,"valueName":"search_term_string"}}],"inLanguage":"pt-PT"},{"@type":"Organization","@id":"https:\/\/algarve7.pt\/#organization","name":"Algarve 7","url":"https:\/\/algarve7.pt\/","logo":{"@type":"ImageObject","inLanguage":"pt-PT","@id":"https:\/\/algarve7.pt\/#\/schema\/logo\/image\/","url":"https:\/\/algarve7.pt\/wp-content\/uploads\/2020\/10\/Logo-8.jpg","contentUrl":"https:\/\/algarve7.pt\/wp-content\/uploads\/2020\/10\/Logo-8.jpg","width":1680,"height":1186,"caption":"Algarve 7"},"image":{"@id":"https:\/\/algarve7.pt\/#\/schema\/logo\/image\/"},"sameAs":["https:\/\/www.facebook.com\/algarve7","https:\/\/x.com\/Algarvesete","https:\/\/www.instagram.com\/jornalalgarve7\/","https:\/\/www.linkedin.com\/company\/algarve7","https:\/\/www.pinterest.pt\/geral0939\/_created\/"]},{"@type":"Person","@id":"https:\/\/algarve7.pt\/#\/schema\/person\/23fa70681308e7b319a3204bcea45e0c","name":"Algarve 7","sameAs":["https:\/\/algarve7.pt","https:\/\/www.facebook.com\/algarve7"],"url":"https:\/\/algarve7.pt\/index.php\/author\/geralalgarve7-pt\/"}]}},"jetpack_publicize_connections":[],"jetpack_featured_media_url":"https:\/\/algarve7.pt\/wp-content\/uploads\/2024\/10\/dessalinizadora.jpg","jetpack_shortlink":"https:\/\/wp.me\/pcezmW-b7S","jetpack_sharing_enabled":true,"_links":{"self":[{"href":"https:\/\/algarve7.pt\/index.php\/wp-json\/wp\/v2\/posts\/42772","targetHints":{"allow":["GET"]}}],"collection":[{"href":"https:\/\/algarve7.pt\/index.php\/wp-json\/wp\/v2\/posts"}],"about":[{"href":"https:\/\/algarve7.pt\/index.php\/wp-json\/wp\/v2\/types\/post"}],"author":[{"embeddable":true,"href":"https:\/\/algarve7.pt\/index.php\/wp-json\/wp\/v2\/users\/1"}],"replies":[{"embeddable":true,"href":"https:\/\/algarve7.pt\/index.php\/wp-json\/wp\/v2\/comments?post=42772"}],"version-history":[{"count":0,"href":"https:\/\/algarve7.pt\/index.php\/wp-json\/wp\/v2\/posts\/42772\/revisions"}],"wp:featuredmedia":[{"embeddable":true,"href":"https:\/\/algarve7.pt\/index.php\/wp-json\/wp\/v2\/media\/42773"}],"wp:attachment":[{"href":"https:\/\/algarve7.pt\/index.php\/wp-json\/wp\/v2\/media?parent=42772"}],"wp:term":[{"taxonomy":"category","embeddable":true,"href":"https:\/\/algarve7.pt\/index.php\/wp-json\/wp\/v2\/categories?post=42772"},{"taxonomy":"post_tag","embeddable":true,"href":"https:\/\/algarve7.pt\/index.php\/wp-json\/wp\/v2\/tags?post=42772"}],"curies":[{"name":"wp","href":"https:\/\/api.w.org\/{rel}","templated":true}]}}