{"id":42763,"date":"2024-10-02T11:30:00","date_gmt":"2024-10-02T10:30:00","guid":{"rendered":"https:\/\/algarve7.pt\/?p=42763"},"modified":"2024-10-01T19:26:18","modified_gmt":"2024-10-01T18:26:18","slug":"monte-gordo-sand-race-com-novidades-para-a-segunda-edicao","status":"publish","type":"post","link":"https:\/\/algarve7.pt\/index.php\/2024\/10\/monte-gordo-sand-race-com-novidades-para-a-segunda-edicao\/desporto\/11\/30\/","title":{"rendered":"Monte Gordo Sand Race com novidades para a segunda edi\u00e7\u00e3o"},"content":{"rendered":"\n<figure class=\"wp-block-table\"><table class=\"has-fixed-layout\"><tbody><tr><td><\/td><\/tr><tr><td><strong>A praia de Monte Gordo volta a receber a Ta\u00e7a do Mundo FIM de Corridas em Areia, de 22 a 24 de novembro, numa edi\u00e7\u00e3o com uma pista reformulada e um programa repleto de anima\u00e7\u00e3o ao longo do fim de semana. Novidades do evento foram apresentadas pelo Munic\u00edpio de Vila Real de Santo Ant\u00f3nio e pelo Autom\u00f3vel Club de Portugal, que esperam nova enchente na Ba\u00eda de Monte Gordo.<\/strong><br><br>Depois do sucesso da edi\u00e7\u00e3o inaugural, em 2023, a Monte Gordo Sand Race regressa de 22 a 24 de novembro, para uma prova que promete voltar a levar milhares de pessoas a Vila Real de Santo Ant\u00f3nio. Os respons\u00e1veis do munic\u00edpio algarvio e do Autom\u00f3vel Club de Portugal apresentaram, esta ter\u00e7a-feira, a segunda edi\u00e7\u00e3o de uma prova que traz a Portugal as estrelas das corridas em areia, em moto e quad, sob a \u00e9gide da Federa\u00e7\u00e3o Internacional de Motociclismo (FIM) e Federa\u00e7\u00e3o de Motociclismo de Portugal (FMP).<br>A C\u00e2mara Municipal de Vila Real de Santo Ant\u00f3nio, representada na sede do ACP pelo presidente da autarquia, \u00c1lvaro Ara\u00fajo, e pelo vereador do Desporto, \u00c1lvaro Leal, desvendou um programa ainda mais diversificado para este ano, que refor\u00e7a o conceito de verdadeiro festival de desporto motorizado, aproveitando as condi\u00e7\u00f5es naturais e infraestruturas hoteleiras da Ba\u00eda de Monte Gordo. Carlos Barbosa, presidente do Autom\u00f3vel Club de Portugal, destacou a parceria com o Munic\u00edpio de Vila Real Santo Ant\u00f3nio e o trabalho da equipa liderada por Orlando Romana. Desportivamente, uma das grandes novidades \u00e9 o aumento da pista, agora com 6 quil\u00f3metros de extens\u00e3o, algo que permite aumentar a capacidade de pilotos e a seguran\u00e7a do tra\u00e7ado, mantendo a excelente visibilidade para os largos milhares de espectadores que s\u00e3o esperados.<br>Depois de ter feito parte dos eventos-fundadores da Ta\u00e7a do Mundo FIM de Corridas em Areia, a Monte Gordo Sand Race \u00e9 este ano a pen\u00faltima de seis provas de um calend\u00e1rio que tamb\u00e9m passa por Fran\u00e7a, Argentina e It\u00e1lia, al\u00e9m de Portugal. As inscri\u00e7\u00f5es est\u00e3o dispon\u00edveis no site da prova at\u00e9 8 de novembro.<br><strong>Em discurso direto<\/strong><br><br><strong>Carlos Barbosa, presidente do ACP<\/strong>: &#8220;Esta prova foi um sucesso absoluto no ano passado. Os meus parab\u00e9ns \u00e0 C\u00e2mara Municipal, por ter confiado na nossa equipa e pela vis\u00e3o que teve ao criar este evento-\u00e2ncora no Algarve em novembro. Tenho a certeza que este ano vamos dar um passo em frente e voltar a afirmar-nos entre os melhores do mundo, tamb\u00e9m nas provas de motos e quads.&#8221;<br><br><strong>\u00c1lvaro Ara\u00fajo, presidente da C.M. de Vila Real de Santo Ant\u00f3nio<\/strong>: &#8220;Este evento foi uma aposta claramente ganha e uma forma de contrariarmos a sazonalidade no nosso concelho e n\u00e3o s\u00f3. Depois de termos cumprido integralmente os objetivos na primeira edi\u00e7\u00e3o, com um impacto significativo para a economia da regi\u00e3o, quisemos este ano criar um programa ainda mais atrativo para os aficionados, para as fam\u00edlias e para os nossos visitantes. Acredito que ser\u00e1 um ano de consolida\u00e7\u00e3o na Monte Gordo Sand Race.&#8221;<br><br><strong>\u00c1lvaro Leal, vereador do Desporto da C.M. de Vila Real de Santo Ant\u00f3nio<\/strong>: &#8220;No ano passado, sab\u00edamos perfeitamente do potencial deste evento, para o concelho e para a regi\u00e3o. Este ano quisemos refor\u00e7ar o conceito de verdadeiro festival, proporcionando concertos de m\u00fasica e v\u00e1rias atividades para envolver o p\u00fablico, como o desfile das motos e dos quads at\u00e9 \u00e0 pista, no s\u00e1bado. Temos condi\u00e7\u00f5es \u00fanicas em Monte Gordo para uma prova deste g\u00e9nero e tenho a certeza que a Sand Race ser\u00e1 mais sucesso desportivo e popular.&#8221;<br><br><strong>Jos\u00e9 Rita, Federa\u00e7\u00e3o de Motociclismo de Portugal e Federa\u00e7\u00e3o Internacional de Motociclismo<\/strong>: &#8220;O feedback dos pilotos no ano passado foi muito positivo. Ficaram muito surpreendidos com as condi\u00e7\u00f5es que encontraram, quer na pista quer na envolv\u00eancia de toda a prova. E se tivermos a sorte de voltar a ter um clima como do ano passado, vai ser mais um grande evento para Portugal na Ta\u00e7a do Mundo.&#8221;<br><br><strong>Orlando Romana, Diretor de Prova<\/strong>: &#8220;No ano passado, percebemos que t\u00ednhamos condi\u00e7\u00f5es para aumentar a extens\u00e3o da pista e foi isso que fizemos. O percurso este ano ter\u00e1 cerca de 6 quil\u00f3metros e vai abranger inclusive a zona piscat\u00f3ria da praia de Monte Gordo, que tamb\u00e9m \u00e9 lind\u00edssima. Esta vers\u00e3o permite-nos aumentar o n\u00famero de pilotos no per\u00edmetro, mantendo todas as condi\u00e7\u00f5es de seguran\u00e7a. Toda a equipa que coloca a prova no terreno est\u00e1 muito otimista, depois da experi\u00eancia positiva do ano passado.&#8221;<\/td><\/tr><\/tbody><\/table><\/figure>\n","protected":false},"excerpt":{"rendered":"<p>A praia de Monte Gordo volta a receber a Ta\u00e7a do Mundo FIM de Corridas em Areia, de 22 a<\/p>\n","protected":false},"author":1,"featured_media":42764,"comment_status":"open","ping_status":"open","sticky":false,"template":"","format":"standard","meta":{"colormag_page_container_layout":"default_layout","colormag_page_sidebar_layout":"default_layout","_monsterinsights_skip_tracking":false,"_monsterinsights_sitenote_active":false,"_monsterinsights_sitenote_note":"","_monsterinsights_sitenote_category":0,"jetpack_post_was_ever_published":false,"_jetpack_newsletter_access":"","_jetpack_dont_email_post_to_subs":false,"_jetpack_newsletter_tier_id":0,"_jetpack_memberships_contains_paywalled_content":false,"_jetpack_memberships_contains_paid_content":false,"footnotes":"","jetpack_publicize_message":"","jetpack_publicize_feature_enabled":true,"jetpack_social_post_already_shared":false,"jetpack_social_options":{"image_generator_settings":{"template":"highway","default_image_id":0,"font":"","enabled":false},"version":2}},"categories":[15],"tags":[36,40,123],"class_list":["post-42763","post","type-post","status-publish","format-standard","has-post-thumbnail","hentry","category-desporto","tag-algarve","tag-desporto","tag-vila-real-de-sto-antonio"],"yoast_head":"<!-- This site is optimized with the Yoast SEO plugin v27.5 - https:\/\/yoast.com\/product\/yoast-seo-wordpress\/ -->\n<title>Monte Gordo Sand Race com novidades para a segunda edi\u00e7\u00e3o - Algarve 7<\/title>\n<meta name=\"description\" content=\"Monte Gordo Sand Race com novidades para a segunda edi\u00e7\u00e3o Desporto\" \/>\n<meta name=\"robots\" content=\"index, follow, max-snippet:-1, max-image-preview:large, max-video-preview:-1\" \/>\n<link rel=\"canonical\" href=\"https:\/\/algarve7.pt\/index.php\/2024\/10\/monte-gordo-sand-race-com-novidades-para-a-segunda-edicao\/desporto\/11\/30\/\" \/>\n<meta property=\"og:locale\" content=\"pt_PT\" \/>\n<meta property=\"og:type\" content=\"article\" \/>\n<meta property=\"og:title\" content=\"Monte Gordo Sand Race com novidades para a segunda edi\u00e7\u00e3o - Algarve 7\" \/>\n<meta property=\"og:description\" content=\"Monte Gordo Sand Race com novidades para a segunda edi\u00e7\u00e3o Desporto\" \/>\n<meta property=\"og:url\" content=\"https:\/\/algarve7.pt\/index.php\/2024\/10\/monte-gordo-sand-race-com-novidades-para-a-segunda-edicao\/desporto\/11\/30\/\" \/>\n<meta property=\"og:site_name\" content=\"Algarve 7\" \/>\n<meta property=\"article:publisher\" content=\"https:\/\/www.facebook.com\/algarve7\" \/>\n<meta property=\"article:author\" content=\"https:\/\/www.facebook.com\/algarve7\" \/>\n<meta property=\"article:published_time\" content=\"2024-10-02T10:30:00+00:00\" \/>\n<meta property=\"og:image\" content=\"https:\/\/algarve7.pt\/wp-content\/uploads\/2024\/10\/output.auto_.jpg\" \/>\n\t<meta property=\"og:image:width\" content=\"800\" \/>\n\t<meta property=\"og:image:height\" content=\"470\" \/>\n\t<meta property=\"og:image:type\" content=\"image\/jpeg\" \/>\n<meta name=\"author\" content=\"Algarve 7\" \/>\n<meta name=\"twitter:card\" content=\"summary_large_image\" \/>\n<meta name=\"twitter:creator\" content=\"@Algarvesete\" \/>\n<meta name=\"twitter:site\" content=\"@Algarvesete\" \/>\n<meta name=\"twitter:label1\" content=\"Escrito por\" \/>\n\t<meta name=\"twitter:data1\" content=\"Algarve 7\" \/>\n\t<meta name=\"twitter:label2\" content=\"Tempo estimado de leitura\" \/>\n\t<meta name=\"twitter:data2\" content=\"5 minutos\" \/>\n<script type=\"application\/ld+json\" class=\"yoast-schema-graph\">{\"@context\":\"https:\\\/\\\/schema.org\",\"@graph\":[{\"@type\":\"Article\",\"@id\":\"https:\\\/\\\/algarve7.pt\\\/index.php\\\/2024\\\/10\\\/monte-gordo-sand-race-com-novidades-para-a-segunda-edicao\\\/desporto\\\/11\\\/30\\\/#article\",\"isPartOf\":{\"@id\":\"https:\\\/\\\/algarve7.pt\\\/index.php\\\/2024\\\/10\\\/monte-gordo-sand-race-com-novidades-para-a-segunda-edicao\\\/desporto\\\/11\\\/30\\\/\"},\"author\":{\"name\":\"Algarve 7\",\"@id\":\"https:\\\/\\\/algarve7.pt\\\/#\\\/schema\\\/person\\\/23fa70681308e7b319a3204bcea45e0c\"},\"headline\":\"Monte Gordo Sand Race com novidades para a segunda edi\u00e7\u00e3o\",\"datePublished\":\"2024-10-02T10:30:00+00:00\",\"mainEntityOfPage\":{\"@id\":\"https:\\\/\\\/algarve7.pt\\\/index.php\\\/2024\\\/10\\\/monte-gordo-sand-race-com-novidades-para-a-segunda-edicao\\\/desporto\\\/11\\\/30\\\/\"},\"wordCount\":808,\"commentCount\":0,\"publisher\":{\"@id\":\"https:\\\/\\\/algarve7.pt\\\/#organization\"},\"image\":{\"@id\":\"https:\\\/\\\/algarve7.pt\\\/index.php\\\/2024\\\/10\\\/monte-gordo-sand-race-com-novidades-para-a-segunda-edicao\\\/desporto\\\/11\\\/30\\\/#primaryimage\"},\"thumbnailUrl\":\"https:\\\/\\\/algarve7.pt\\\/wp-content\\\/uploads\\\/2024\\\/10\\\/output.auto_.jpg\",\"keywords\":[\"Algarve\",\"Desporto\",\"Vila Real de St\u00ba Ant\u00f3nio\"],\"articleSection\":[\"Desporto\"],\"inLanguage\":\"pt-PT\",\"potentialAction\":[{\"@type\":\"CommentAction\",\"name\":\"Comment\",\"target\":[\"https:\\\/\\\/algarve7.pt\\\/index.php\\\/2024\\\/10\\\/monte-gordo-sand-race-com-novidades-para-a-segunda-edicao\\\/desporto\\\/11\\\/30\\\/#respond\"]}]},{\"@type\":\"WebPage\",\"@id\":\"https:\\\/\\\/algarve7.pt\\\/index.php\\\/2024\\\/10\\\/monte-gordo-sand-race-com-novidades-para-a-segunda-edicao\\\/desporto\\\/11\\\/30\\\/\",\"url\":\"https:\\\/\\\/algarve7.pt\\\/index.php\\\/2024\\\/10\\\/monte-gordo-sand-race-com-novidades-para-a-segunda-edicao\\\/desporto\\\/11\\\/30\\\/\",\"name\":\"Monte Gordo Sand Race com novidades para a segunda edi\u00e7\u00e3o - Algarve 7\",\"isPartOf\":{\"@id\":\"https:\\\/\\\/algarve7.pt\\\/#website\"},\"primaryImageOfPage\":{\"@id\":\"https:\\\/\\\/algarve7.pt\\\/index.php\\\/2024\\\/10\\\/monte-gordo-sand-race-com-novidades-para-a-segunda-edicao\\\/desporto\\\/11\\\/30\\\/#primaryimage\"},\"image\":{\"@id\":\"https:\\\/\\\/algarve7.pt\\\/index.php\\\/2024\\\/10\\\/monte-gordo-sand-race-com-novidades-para-a-segunda-edicao\\\/desporto\\\/11\\\/30\\\/#primaryimage\"},\"thumbnailUrl\":\"https:\\\/\\\/algarve7.pt\\\/wp-content\\\/uploads\\\/2024\\\/10\\\/output.auto_.jpg\",\"datePublished\":\"2024-10-02T10:30:00+00:00\",\"description\":\"Monte Gordo Sand Race com novidades para a segunda edi\u00e7\u00e3o Desporto\",\"breadcrumb\":{\"@id\":\"https:\\\/\\\/algarve7.pt\\\/index.php\\\/2024\\\/10\\\/monte-gordo-sand-race-com-novidades-para-a-segunda-edicao\\\/desporto\\\/11\\\/30\\\/#breadcrumb\"},\"inLanguage\":\"pt-PT\",\"potentialAction\":[{\"@type\":\"ReadAction\",\"target\":[\"https:\\\/\\\/algarve7.pt\\\/index.php\\\/2024\\\/10\\\/monte-gordo-sand-race-com-novidades-para-a-segunda-edicao\\\/desporto\\\/11\\\/30\\\/\"]}]},{\"@type\":\"ImageObject\",\"inLanguage\":\"pt-PT\",\"@id\":\"https:\\\/\\\/algarve7.pt\\\/index.php\\\/2024\\\/10\\\/monte-gordo-sand-race-com-novidades-para-a-segunda-edicao\\\/desporto\\\/11\\\/30\\\/#primaryimage\",\"url\":\"https:\\\/\\\/algarve7.pt\\\/wp-content\\\/uploads\\\/2024\\\/10\\\/output.auto_.jpg\",\"contentUrl\":\"https:\\\/\\\/algarve7.pt\\\/wp-content\\\/uploads\\\/2024\\\/10\\\/output.auto_.jpg\",\"width\":800,\"height\":470},{\"@type\":\"BreadcrumbList\",\"@id\":\"https:\\\/\\\/algarve7.pt\\\/index.php\\\/2024\\\/10\\\/monte-gordo-sand-race-com-novidades-para-a-segunda-edicao\\\/desporto\\\/11\\\/30\\\/#breadcrumb\",\"itemListElement\":[{\"@type\":\"ListItem\",\"position\":1,\"name\":\"In\u00edcio\",\"item\":\"https:\\\/\\\/algarve7.pt\\\/\"},{\"@type\":\"ListItem\",\"position\":2,\"name\":\"Monte Gordo Sand Race com novidades para a segunda edi\u00e7\u00e3o\"}]},{\"@type\":\"WebSite\",\"@id\":\"https:\\\/\\\/algarve7.pt\\\/#website\",\"url\":\"https:\\\/\\\/algarve7.pt\\\/\",\"name\":\"Algarve 7\",\"description\":\"Informa\u00e7\u00e3o sobre o Algarve\",\"publisher\":{\"@id\":\"https:\\\/\\\/algarve7.pt\\\/#organization\"},\"potentialAction\":[{\"@type\":\"SearchAction\",\"target\":{\"@type\":\"EntryPoint\",\"urlTemplate\":\"https:\\\/\\\/algarve7.pt\\\/?s={search_term_string}\"},\"query-input\":{\"@type\":\"PropertyValueSpecification\",\"valueRequired\":true,\"valueName\":\"search_term_string\"}}],\"inLanguage\":\"pt-PT\"},{\"@type\":\"Organization\",\"@id\":\"https:\\\/\\\/algarve7.pt\\\/#organization\",\"name\":\"Algarve 7\",\"url\":\"https:\\\/\\\/algarve7.pt\\\/\",\"logo\":{\"@type\":\"ImageObject\",\"inLanguage\":\"pt-PT\",\"@id\":\"https:\\\/\\\/algarve7.pt\\\/#\\\/schema\\\/logo\\\/image\\\/\",\"url\":\"https:\\\/\\\/algarve7.pt\\\/wp-content\\\/uploads\\\/2020\\\/10\\\/Logo-8.jpg\",\"contentUrl\":\"https:\\\/\\\/algarve7.pt\\\/wp-content\\\/uploads\\\/2020\\\/10\\\/Logo-8.jpg\",\"width\":1680,\"height\":1186,\"caption\":\"Algarve 7\"},\"image\":{\"@id\":\"https:\\\/\\\/algarve7.pt\\\/#\\\/schema\\\/logo\\\/image\\\/\"},\"sameAs\":[\"https:\\\/\\\/www.facebook.com\\\/algarve7\",\"https:\\\/\\\/x.com\\\/Algarvesete\",\"https:\\\/\\\/www.instagram.com\\\/jornalalgarve7\\\/\",\"https:\\\/\\\/www.linkedin.com\\\/company\\\/algarve7\",\"https:\\\/\\\/www.pinterest.pt\\\/geral0939\\\/_created\\\/\"]},{\"@type\":\"Person\",\"@id\":\"https:\\\/\\\/algarve7.pt\\\/#\\\/schema\\\/person\\\/23fa70681308e7b319a3204bcea45e0c\",\"name\":\"Algarve 7\",\"sameAs\":[\"https:\\\/\\\/algarve7.pt\",\"https:\\\/\\\/www.facebook.com\\\/algarve7\"],\"url\":\"https:\\\/\\\/algarve7.pt\\\/index.php\\\/author\\\/geralalgarve7-pt\\\/\"}]}<\/script>\n<!-- \/ Yoast SEO plugin. -->","yoast_head_json":{"title":"Monte Gordo Sand Race com novidades para a segunda edi\u00e7\u00e3o - Algarve 7","description":"Monte Gordo Sand Race com novidades para a segunda edi\u00e7\u00e3o Desporto","robots":{"index":"index","follow":"follow","max-snippet":"max-snippet:-1","max-image-preview":"max-image-preview:large","max-video-preview":"max-video-preview:-1"},"canonical":"https:\/\/algarve7.pt\/index.php\/2024\/10\/monte-gordo-sand-race-com-novidades-para-a-segunda-edicao\/desporto\/11\/30\/","og_locale":"pt_PT","og_type":"article","og_title":"Monte Gordo Sand Race com novidades para a segunda edi\u00e7\u00e3o - Algarve 7","og_description":"Monte Gordo Sand Race com novidades para a segunda edi\u00e7\u00e3o Desporto","og_url":"https:\/\/algarve7.pt\/index.php\/2024\/10\/monte-gordo-sand-race-com-novidades-para-a-segunda-edicao\/desporto\/11\/30\/","og_site_name":"Algarve 7","article_publisher":"https:\/\/www.facebook.com\/algarve7","article_author":"https:\/\/www.facebook.com\/algarve7","article_published_time":"2024-10-02T10:30:00+00:00","og_image":[{"width":800,"height":470,"url":"https:\/\/algarve7.pt\/wp-content\/uploads\/2024\/10\/output.auto_.jpg","type":"image\/jpeg"}],"author":"Algarve 7","twitter_card":"summary_large_image","twitter_creator":"@Algarvesete","twitter_site":"@Algarvesete","twitter_misc":{"Escrito por":"Algarve 7","Tempo estimado de leitura":"5 minutos"},"schema":{"@context":"https:\/\/schema.org","@graph":[{"@type":"Article","@id":"https:\/\/algarve7.pt\/index.php\/2024\/10\/monte-gordo-sand-race-com-novidades-para-a-segunda-edicao\/desporto\/11\/30\/#article","isPartOf":{"@id":"https:\/\/algarve7.pt\/index.php\/2024\/10\/monte-gordo-sand-race-com-novidades-para-a-segunda-edicao\/desporto\/11\/30\/"},"author":{"name":"Algarve 7","@id":"https:\/\/algarve7.pt\/#\/schema\/person\/23fa70681308e7b319a3204bcea45e0c"},"headline":"Monte Gordo Sand Race com novidades para a segunda edi\u00e7\u00e3o","datePublished":"2024-10-02T10:30:00+00:00","mainEntityOfPage":{"@id":"https:\/\/algarve7.pt\/index.php\/2024\/10\/monte-gordo-sand-race-com-novidades-para-a-segunda-edicao\/desporto\/11\/30\/"},"wordCount":808,"commentCount":0,"publisher":{"@id":"https:\/\/algarve7.pt\/#organization"},"image":{"@id":"https:\/\/algarve7.pt\/index.php\/2024\/10\/monte-gordo-sand-race-com-novidades-para-a-segunda-edicao\/desporto\/11\/30\/#primaryimage"},"thumbnailUrl":"https:\/\/algarve7.pt\/wp-content\/uploads\/2024\/10\/output.auto_.jpg","keywords":["Algarve","Desporto","Vila Real de St\u00ba Ant\u00f3nio"],"articleSection":["Desporto"],"inLanguage":"pt-PT","potentialAction":[{"@type":"CommentAction","name":"Comment","target":["https:\/\/algarve7.pt\/index.php\/2024\/10\/monte-gordo-sand-race-com-novidades-para-a-segunda-edicao\/desporto\/11\/30\/#respond"]}]},{"@type":"WebPage","@id":"https:\/\/algarve7.pt\/index.php\/2024\/10\/monte-gordo-sand-race-com-novidades-para-a-segunda-edicao\/desporto\/11\/30\/","url":"https:\/\/algarve7.pt\/index.php\/2024\/10\/monte-gordo-sand-race-com-novidades-para-a-segunda-edicao\/desporto\/11\/30\/","name":"Monte Gordo Sand Race com novidades para a segunda edi\u00e7\u00e3o - Algarve 7","isPartOf":{"@id":"https:\/\/algarve7.pt\/#website"},"primaryImageOfPage":{"@id":"https:\/\/algarve7.pt\/index.php\/2024\/10\/monte-gordo-sand-race-com-novidades-para-a-segunda-edicao\/desporto\/11\/30\/#primaryimage"},"image":{"@id":"https:\/\/algarve7.pt\/index.php\/2024\/10\/monte-gordo-sand-race-com-novidades-para-a-segunda-edicao\/desporto\/11\/30\/#primaryimage"},"thumbnailUrl":"https:\/\/algarve7.pt\/wp-content\/uploads\/2024\/10\/output.auto_.jpg","datePublished":"2024-10-02T10:30:00+00:00","description":"Monte Gordo Sand Race com novidades para a segunda edi\u00e7\u00e3o Desporto","breadcrumb":{"@id":"https:\/\/algarve7.pt\/index.php\/2024\/10\/monte-gordo-sand-race-com-novidades-para-a-segunda-edicao\/desporto\/11\/30\/#breadcrumb"},"inLanguage":"pt-PT","potentialAction":[{"@type":"ReadAction","target":["https:\/\/algarve7.pt\/index.php\/2024\/10\/monte-gordo-sand-race-com-novidades-para-a-segunda-edicao\/desporto\/11\/30\/"]}]},{"@type":"ImageObject","inLanguage":"pt-PT","@id":"https:\/\/algarve7.pt\/index.php\/2024\/10\/monte-gordo-sand-race-com-novidades-para-a-segunda-edicao\/desporto\/11\/30\/#primaryimage","url":"https:\/\/algarve7.pt\/wp-content\/uploads\/2024\/10\/output.auto_.jpg","contentUrl":"https:\/\/algarve7.pt\/wp-content\/uploads\/2024\/10\/output.auto_.jpg","width":800,"height":470},{"@type":"BreadcrumbList","@id":"https:\/\/algarve7.pt\/index.php\/2024\/10\/monte-gordo-sand-race-com-novidades-para-a-segunda-edicao\/desporto\/11\/30\/#breadcrumb","itemListElement":[{"@type":"ListItem","position":1,"name":"In\u00edcio","item":"https:\/\/algarve7.pt\/"},{"@type":"ListItem","position":2,"name":"Monte Gordo Sand Race com novidades para a segunda edi\u00e7\u00e3o"}]},{"@type":"WebSite","@id":"https:\/\/algarve7.pt\/#website","url":"https:\/\/algarve7.pt\/","name":"Algarve 7","description":"Informa\u00e7\u00e3o sobre o Algarve","publisher":{"@id":"https:\/\/algarve7.pt\/#organization"},"potentialAction":[{"@type":"SearchAction","target":{"@type":"EntryPoint","urlTemplate":"https:\/\/algarve7.pt\/?s={search_term_string}"},"query-input":{"@type":"PropertyValueSpecification","valueRequired":true,"valueName":"search_term_string"}}],"inLanguage":"pt-PT"},{"@type":"Organization","@id":"https:\/\/algarve7.pt\/#organization","name":"Algarve 7","url":"https:\/\/algarve7.pt\/","logo":{"@type":"ImageObject","inLanguage":"pt-PT","@id":"https:\/\/algarve7.pt\/#\/schema\/logo\/image\/","url":"https:\/\/algarve7.pt\/wp-content\/uploads\/2020\/10\/Logo-8.jpg","contentUrl":"https:\/\/algarve7.pt\/wp-content\/uploads\/2020\/10\/Logo-8.jpg","width":1680,"height":1186,"caption":"Algarve 7"},"image":{"@id":"https:\/\/algarve7.pt\/#\/schema\/logo\/image\/"},"sameAs":["https:\/\/www.facebook.com\/algarve7","https:\/\/x.com\/Algarvesete","https:\/\/www.instagram.com\/jornalalgarve7\/","https:\/\/www.linkedin.com\/company\/algarve7","https:\/\/www.pinterest.pt\/geral0939\/_created\/"]},{"@type":"Person","@id":"https:\/\/algarve7.pt\/#\/schema\/person\/23fa70681308e7b319a3204bcea45e0c","name":"Algarve 7","sameAs":["https:\/\/algarve7.pt","https:\/\/www.facebook.com\/algarve7"],"url":"https:\/\/algarve7.pt\/index.php\/author\/geralalgarve7-pt\/"}]}},"jetpack_publicize_connections":[],"jetpack_featured_media_url":"https:\/\/algarve7.pt\/wp-content\/uploads\/2024\/10\/output.auto_.jpg","jetpack_shortlink":"https:\/\/wp.me\/pcezmW-b7J","jetpack_sharing_enabled":true,"_links":{"self":[{"href":"https:\/\/algarve7.pt\/index.php\/wp-json\/wp\/v2\/posts\/42763","targetHints":{"allow":["GET"]}}],"collection":[{"href":"https:\/\/algarve7.pt\/index.php\/wp-json\/wp\/v2\/posts"}],"about":[{"href":"https:\/\/algarve7.pt\/index.php\/wp-json\/wp\/v2\/types\/post"}],"author":[{"embeddable":true,"href":"https:\/\/algarve7.pt\/index.php\/wp-json\/wp\/v2\/users\/1"}],"replies":[{"embeddable":true,"href":"https:\/\/algarve7.pt\/index.php\/wp-json\/wp\/v2\/comments?post=42763"}],"version-history":[{"count":0,"href":"https:\/\/algarve7.pt\/index.php\/wp-json\/wp\/v2\/posts\/42763\/revisions"}],"wp:featuredmedia":[{"embeddable":true,"href":"https:\/\/algarve7.pt\/index.php\/wp-json\/wp\/v2\/media\/42764"}],"wp:attachment":[{"href":"https:\/\/algarve7.pt\/index.php\/wp-json\/wp\/v2\/media?parent=42763"}],"wp:term":[{"taxonomy":"category","embeddable":true,"href":"https:\/\/algarve7.pt\/index.php\/wp-json\/wp\/v2\/categories?post=42763"},{"taxonomy":"post_tag","embeddable":true,"href":"https:\/\/algarve7.pt\/index.php\/wp-json\/wp\/v2\/tags?post=42763"}],"curies":[{"name":"wp","href":"https:\/\/api.w.org\/{rel}","templated":true}]}}