{"id":42730,"date":"2024-10-01T07:49:29","date_gmt":"2024-10-01T06:49:29","guid":{"rendered":"https:\/\/algarve7.pt\/?p=42730"},"modified":"2024-10-01T07:49:31","modified_gmt":"2024-10-01T06:49:31","slug":"operacao-da-gnr-censos-senior-2024","status":"publish","type":"post","link":"https:\/\/algarve7.pt\/index.php\/2024\/10\/operacao-da-gnr-censos-senior-2024\/nacional\/07\/49\/","title":{"rendered":"Opera\u00e7\u00e3o da GNR \u201cCensos S\u00e9nior 2024\u201d"},"content":{"rendered":"\n<p>A Guarda Nacional Republicana (GNR) realiza,&nbsp;entre o dia 1 de outubro e o dia 15 de novembro,&nbsp;em todo o territ\u00f3rio nacional, a Opera\u00e7\u00e3o \u201cCensos S\u00e9nior 2024\u201d,&nbsp;no \u00e2mbito do policiamento comunit\u00e1rio, a qual visa garantir um conjunto de a\u00e7\u00f5es de patrulhamento e de sensibiliza\u00e7\u00e3o \u00e0 popula\u00e7\u00e3o mais idosa,&nbsp;com o objetivo de sensibiliz\u00e1-las para comportamentos de autoprote\u00e7\u00e3o&nbsp;de seguran\u00e7a e refor\u00e7ar o sentimento de seguran\u00e7a.<\/p>\n\n\n\n<p>Este conjunto de a\u00e7\u00f5es encontram-se enquadradas no per\u00edodo em que ocorre a celebra\u00e7\u00e3o do Dia internacional do Idoso, a 1 de outubro e onde os cerca de 400 militares das Sec\u00e7\u00f5es de Preven\u00e7\u00e3o Criminal e Policiamento Comunit\u00e1rio distribu\u00eddos por todo o Pa\u00eds, com o apoio e a sinergia dos v\u00e1rios parceiros locais e nacionais, v\u00e3o privilegiar a proximidade junto da popula\u00e7\u00e3o idosa e com maior vulnerabilidade, e\/ou que vivem sozinhas e\/ou isoladas. O objetivo visa refor\u00e7ar os comportamentos de seguran\u00e7a que permitam reduzir o risco dos idosos se tornarem v\u00edtimas de crimes, nomeadamente em situa\u00e7\u00f5es de viol\u00eancia, de burla e furto.<\/p>\n\n\n\n<p>Este ano, a Guarda ir\u00e1 prolongar o per\u00edodo da opera\u00e7\u00e3o, uma vez que se continua a revelar fundamental alertar as pessoas idosas para os procedimentos de autoprote\u00e7\u00e3o em situa\u00e7\u00f5es de viol\u00eancia, burlas, conto do vig\u00e1rio e furto em resid\u00eancias, assim como prevenir comportamentos de risco associados ao consumo de \u00e1lcool e combater o isolamento social, identificar cuidadores informais e capacita\u00e7\u00e3o de adultos para utiliza\u00e7\u00e3o da internet.<\/p>\n\n\n\n<p>Na edi\u00e7\u00e3o de 2023&nbsp;da Opera\u00e7\u00e3o \u201cCensos S\u00e9nior\u201d,&nbsp;a Guarda sinalizou&nbsp;44 114&nbsp;idosos&nbsp;que vivem sozinhos e\/ou isolados, ou em situa\u00e7\u00e3o de vulnerabilidade, em raz\u00e3o da sua condi\u00e7\u00e3o f\u00edsica, psicol\u00f3gica, ou outra que possa colocar em causa a sua seguran\u00e7a, tendo sido as situa\u00e7\u00f5es de maior vulnerabilidade reportadas \u00e0s entidades competentes, sobretudo de apoio social, no sentido de fazer o seu acompanhamento futuro.<\/p>\n\n\n\n<p>Na referida edi\u00e7\u00e3o de 2023, a GNR realizou ainda&nbsp;304&nbsp;a\u00e7\u00f5es em sala&nbsp;e&nbsp;2 651 a\u00e7\u00f5es&nbsp;\u201cporta a porta\u201d, abrangendo um total de&nbsp;24&nbsp;978&nbsp;idosos.<\/p>\n\n\n\n<p>A Guarda, desde&nbsp;2011, ano em que foi realizada a primeira edi\u00e7\u00e3o da Opera\u00e7\u00e3o \u201cCensos S\u00e9nior\u201d, tem vindo a atualizar a sinaliza\u00e7\u00e3o geogr\u00e1fica desta popula\u00e7\u00e3o, proporcionando assim um apoio mais pr\u00f3ximo e dirigido, contribuindo, por um lado, para a cria\u00e7\u00e3o de um clima de maior confian\u00e7a e de empatia entre os idosos e os militares da GNR e, por outro, para o incremento do sentimento de seguran\u00e7a.<\/p>\n\n\n\n<p>Esta opera\u00e7\u00e3o da Guarda, encontra-se integrada no programa \u201cApoio 65 \u2013 Idosos em Seguran\u00e7a\u201d do Minist\u00e9rio da Administra\u00e7\u00e3o Interna, o qual visa, atrav\u00e9s da a\u00e7\u00e3o das For\u00e7as de Seguran\u00e7a, garantir melhores condi\u00e7\u00f5es de seguran\u00e7a e tranquilidade \u00e0s pessoas idosas, garantindo um policiamento integrado, mais pr\u00f3ximo e humano.<\/p>\n\n\n\n<p>A Guarda&nbsp;Nacional Republicana atrav\u00e9s desta Opera\u00e7\u00e3o,&nbsp;refor\u00e7a o seu compromisso&nbsp;com a popula\u00e7\u00e3o idosa, garantindo a proximidade e a empatia, visando cuidar e GUARDAr.<\/p>\n","protected":false},"excerpt":{"rendered":"<p>A Guarda Nacional Republicana (GNR) realiza,&nbsp;entre o dia 1 de outubro e o dia 15 de novembro,&nbsp;em todo o territ\u00f3rio<\/p>\n","protected":false},"author":1,"featured_media":42731,"comment_status":"open","ping_status":"open","sticky":false,"template":"","format":"standard","meta":{"colormag_page_container_layout":"default_layout","colormag_page_sidebar_layout":"default_layout","_monsterinsights_skip_tracking":false,"_monsterinsights_sitenote_active":false,"_monsterinsights_sitenote_note":"","_monsterinsights_sitenote_category":0,"jetpack_post_was_ever_published":false,"_jetpack_newsletter_access":"","_jetpack_dont_email_post_to_subs":false,"_jetpack_newsletter_tier_id":0,"_jetpack_memberships_contains_paywalled_content":false,"_jetpack_memberships_contains_paid_content":false,"footnotes":"","jetpack_publicize_message":"","jetpack_publicize_feature_enabled":true,"jetpack_social_post_already_shared":false,"jetpack_social_options":{"image_generator_settings":{"template":"highway","default_image_id":0,"font":"","enabled":false},"version":2}},"categories":[189],"tags":[140,98],"class_list":["post-42730","post","type-post","status-publish","format-standard","has-post-thumbnail","hentry","category-nacional","tag-gnr","tag-nacional"],"yoast_head":"<!-- This site is optimized with the Yoast SEO plugin v27.5 - https:\/\/yoast.com\/product\/yoast-seo-wordpress\/ -->\n<title>Opera\u00e7\u00e3o da GNR \u201cCensos S\u00e9nior 2024\u201d - Algarve 7<\/title>\n<meta name=\"description\" content=\"Opera\u00e7\u00e3o da GNR \u201cCensos S\u00e9nior 2024\u201d Nacional\" \/>\n<meta name=\"robots\" content=\"index, follow, max-snippet:-1, max-image-preview:large, max-video-preview:-1\" \/>\n<link rel=\"canonical\" href=\"https:\/\/algarve7.pt\/index.php\/2024\/10\/operacao-da-gnr-censos-senior-2024\/nacional\/07\/49\/\" \/>\n<meta property=\"og:locale\" content=\"pt_PT\" \/>\n<meta property=\"og:type\" content=\"article\" \/>\n<meta property=\"og:title\" content=\"Opera\u00e7\u00e3o da GNR \u201cCensos S\u00e9nior 2024\u201d - Algarve 7\" \/>\n<meta property=\"og:description\" content=\"Opera\u00e7\u00e3o da GNR \u201cCensos S\u00e9nior 2024\u201d Nacional\" \/>\n<meta property=\"og:url\" content=\"https:\/\/algarve7.pt\/index.php\/2024\/10\/operacao-da-gnr-censos-senior-2024\/nacional\/07\/49\/\" \/>\n<meta property=\"og:site_name\" content=\"Algarve 7\" \/>\n<meta property=\"article:publisher\" content=\"https:\/\/www.facebook.com\/algarve7\" \/>\n<meta property=\"article:author\" content=\"https:\/\/www.facebook.com\/algarve7\" \/>\n<meta property=\"article:published_time\" content=\"2024-10-01T06:49:29+00:00\" \/>\n<meta property=\"article:modified_time\" content=\"2024-10-01T06:49:31+00:00\" \/>\n<meta property=\"og:image\" content=\"https:\/\/algarve7.pt\/wp-content\/uploads\/2024\/10\/GNR-Operacao-Censos-Senior-2024.png\" \/>\n\t<meta property=\"og:image:width\" content=\"800\" \/>\n\t<meta property=\"og:image:height\" content=\"470\" \/>\n\t<meta property=\"og:image:type\" content=\"image\/png\" \/>\n<meta name=\"author\" content=\"Algarve 7\" \/>\n<meta name=\"twitter:card\" content=\"summary_large_image\" \/>\n<meta name=\"twitter:creator\" content=\"@Algarvesete\" \/>\n<meta name=\"twitter:site\" content=\"@Algarvesete\" \/>\n<meta name=\"twitter:label1\" content=\"Escrito por\" \/>\n\t<meta name=\"twitter:data1\" content=\"Algarve 7\" \/>\n\t<meta name=\"twitter:label2\" content=\"Tempo estimado de leitura\" \/>\n\t<meta name=\"twitter:data2\" content=\"3 minutos\" \/>\n<script type=\"application\/ld+json\" class=\"yoast-schema-graph\">{\"@context\":\"https:\\\/\\\/schema.org\",\"@graph\":[{\"@type\":\"Article\",\"@id\":\"https:\\\/\\\/algarve7.pt\\\/index.php\\\/2024\\\/10\\\/operacao-da-gnr-censos-senior-2024\\\/nacional\\\/07\\\/49\\\/#article\",\"isPartOf\":{\"@id\":\"https:\\\/\\\/algarve7.pt\\\/index.php\\\/2024\\\/10\\\/operacao-da-gnr-censos-senior-2024\\\/nacional\\\/07\\\/49\\\/\"},\"author\":{\"name\":\"Algarve 7\",\"@id\":\"https:\\\/\\\/algarve7.pt\\\/#\\\/schema\\\/person\\\/23fa70681308e7b319a3204bcea45e0c\"},\"headline\":\"Opera\u00e7\u00e3o da GNR \u201cCensos S\u00e9nior 2024\u201d\",\"datePublished\":\"2024-10-01T06:49:29+00:00\",\"dateModified\":\"2024-10-01T06:49:31+00:00\",\"mainEntityOfPage\":{\"@id\":\"https:\\\/\\\/algarve7.pt\\\/index.php\\\/2024\\\/10\\\/operacao-da-gnr-censos-senior-2024\\\/nacional\\\/07\\\/49\\\/\"},\"wordCount\":553,\"commentCount\":0,\"publisher\":{\"@id\":\"https:\\\/\\\/algarve7.pt\\\/#organization\"},\"image\":{\"@id\":\"https:\\\/\\\/algarve7.pt\\\/index.php\\\/2024\\\/10\\\/operacao-da-gnr-censos-senior-2024\\\/nacional\\\/07\\\/49\\\/#primaryimage\"},\"thumbnailUrl\":\"https:\\\/\\\/algarve7.pt\\\/wp-content\\\/uploads\\\/2024\\\/10\\\/GNR-Operacao-Censos-Senior-2024.png\",\"keywords\":[\"GNR\",\"Nacional\"],\"articleSection\":[\"Nacional\"],\"inLanguage\":\"pt-PT\",\"potentialAction\":[{\"@type\":\"CommentAction\",\"name\":\"Comment\",\"target\":[\"https:\\\/\\\/algarve7.pt\\\/index.php\\\/2024\\\/10\\\/operacao-da-gnr-censos-senior-2024\\\/nacional\\\/07\\\/49\\\/#respond\"]}]},{\"@type\":\"WebPage\",\"@id\":\"https:\\\/\\\/algarve7.pt\\\/index.php\\\/2024\\\/10\\\/operacao-da-gnr-censos-senior-2024\\\/nacional\\\/07\\\/49\\\/\",\"url\":\"https:\\\/\\\/algarve7.pt\\\/index.php\\\/2024\\\/10\\\/operacao-da-gnr-censos-senior-2024\\\/nacional\\\/07\\\/49\\\/\",\"name\":\"Opera\u00e7\u00e3o da GNR \u201cCensos S\u00e9nior 2024\u201d - Algarve 7\",\"isPartOf\":{\"@id\":\"https:\\\/\\\/algarve7.pt\\\/#website\"},\"primaryImageOfPage\":{\"@id\":\"https:\\\/\\\/algarve7.pt\\\/index.php\\\/2024\\\/10\\\/operacao-da-gnr-censos-senior-2024\\\/nacional\\\/07\\\/49\\\/#primaryimage\"},\"image\":{\"@id\":\"https:\\\/\\\/algarve7.pt\\\/index.php\\\/2024\\\/10\\\/operacao-da-gnr-censos-senior-2024\\\/nacional\\\/07\\\/49\\\/#primaryimage\"},\"thumbnailUrl\":\"https:\\\/\\\/algarve7.pt\\\/wp-content\\\/uploads\\\/2024\\\/10\\\/GNR-Operacao-Censos-Senior-2024.png\",\"datePublished\":\"2024-10-01T06:49:29+00:00\",\"dateModified\":\"2024-10-01T06:49:31+00:00\",\"description\":\"Opera\u00e7\u00e3o da GNR \u201cCensos S\u00e9nior 2024\u201d Nacional\",\"breadcrumb\":{\"@id\":\"https:\\\/\\\/algarve7.pt\\\/index.php\\\/2024\\\/10\\\/operacao-da-gnr-censos-senior-2024\\\/nacional\\\/07\\\/49\\\/#breadcrumb\"},\"inLanguage\":\"pt-PT\",\"potentialAction\":[{\"@type\":\"ReadAction\",\"target\":[\"https:\\\/\\\/algarve7.pt\\\/index.php\\\/2024\\\/10\\\/operacao-da-gnr-censos-senior-2024\\\/nacional\\\/07\\\/49\\\/\"]}]},{\"@type\":\"ImageObject\",\"inLanguage\":\"pt-PT\",\"@id\":\"https:\\\/\\\/algarve7.pt\\\/index.php\\\/2024\\\/10\\\/operacao-da-gnr-censos-senior-2024\\\/nacional\\\/07\\\/49\\\/#primaryimage\",\"url\":\"https:\\\/\\\/algarve7.pt\\\/wp-content\\\/uploads\\\/2024\\\/10\\\/GNR-Operacao-Censos-Senior-2024.png\",\"contentUrl\":\"https:\\\/\\\/algarve7.pt\\\/wp-content\\\/uploads\\\/2024\\\/10\\\/GNR-Operacao-Censos-Senior-2024.png\",\"width\":800,\"height\":470},{\"@type\":\"BreadcrumbList\",\"@id\":\"https:\\\/\\\/algarve7.pt\\\/index.php\\\/2024\\\/10\\\/operacao-da-gnr-censos-senior-2024\\\/nacional\\\/07\\\/49\\\/#breadcrumb\",\"itemListElement\":[{\"@type\":\"ListItem\",\"position\":1,\"name\":\"In\u00edcio\",\"item\":\"https:\\\/\\\/algarve7.pt\\\/\"},{\"@type\":\"ListItem\",\"position\":2,\"name\":\"Opera\u00e7\u00e3o da GNR \u201cCensos S\u00e9nior 2024\u201d\"}]},{\"@type\":\"WebSite\",\"@id\":\"https:\\\/\\\/algarve7.pt\\\/#website\",\"url\":\"https:\\\/\\\/algarve7.pt\\\/\",\"name\":\"Algarve 7\",\"description\":\"Informa\u00e7\u00e3o sobre o Algarve\",\"publisher\":{\"@id\":\"https:\\\/\\\/algarve7.pt\\\/#organization\"},\"potentialAction\":[{\"@type\":\"SearchAction\",\"target\":{\"@type\":\"EntryPoint\",\"urlTemplate\":\"https:\\\/\\\/algarve7.pt\\\/?s={search_term_string}\"},\"query-input\":{\"@type\":\"PropertyValueSpecification\",\"valueRequired\":true,\"valueName\":\"search_term_string\"}}],\"inLanguage\":\"pt-PT\"},{\"@type\":\"Organization\",\"@id\":\"https:\\\/\\\/algarve7.pt\\\/#organization\",\"name\":\"Algarve 7\",\"url\":\"https:\\\/\\\/algarve7.pt\\\/\",\"logo\":{\"@type\":\"ImageObject\",\"inLanguage\":\"pt-PT\",\"@id\":\"https:\\\/\\\/algarve7.pt\\\/#\\\/schema\\\/logo\\\/image\\\/\",\"url\":\"https:\\\/\\\/algarve7.pt\\\/wp-content\\\/uploads\\\/2020\\\/10\\\/Logo-8.jpg\",\"contentUrl\":\"https:\\\/\\\/algarve7.pt\\\/wp-content\\\/uploads\\\/2020\\\/10\\\/Logo-8.jpg\",\"width\":1680,\"height\":1186,\"caption\":\"Algarve 7\"},\"image\":{\"@id\":\"https:\\\/\\\/algarve7.pt\\\/#\\\/schema\\\/logo\\\/image\\\/\"},\"sameAs\":[\"https:\\\/\\\/www.facebook.com\\\/algarve7\",\"https:\\\/\\\/x.com\\\/Algarvesete\",\"https:\\\/\\\/www.instagram.com\\\/jornalalgarve7\\\/\",\"https:\\\/\\\/www.linkedin.com\\\/company\\\/algarve7\",\"https:\\\/\\\/www.pinterest.pt\\\/geral0939\\\/_created\\\/\"]},{\"@type\":\"Person\",\"@id\":\"https:\\\/\\\/algarve7.pt\\\/#\\\/schema\\\/person\\\/23fa70681308e7b319a3204bcea45e0c\",\"name\":\"Algarve 7\",\"sameAs\":[\"https:\\\/\\\/algarve7.pt\",\"https:\\\/\\\/www.facebook.com\\\/algarve7\"],\"url\":\"https:\\\/\\\/algarve7.pt\\\/index.php\\\/author\\\/geralalgarve7-pt\\\/\"}]}<\/script>\n<!-- \/ Yoast SEO plugin. -->","yoast_head_json":{"title":"Opera\u00e7\u00e3o da GNR \u201cCensos S\u00e9nior 2024\u201d - Algarve 7","description":"Opera\u00e7\u00e3o da GNR \u201cCensos S\u00e9nior 2024\u201d Nacional","robots":{"index":"index","follow":"follow","max-snippet":"max-snippet:-1","max-image-preview":"max-image-preview:large","max-video-preview":"max-video-preview:-1"},"canonical":"https:\/\/algarve7.pt\/index.php\/2024\/10\/operacao-da-gnr-censos-senior-2024\/nacional\/07\/49\/","og_locale":"pt_PT","og_type":"article","og_title":"Opera\u00e7\u00e3o da GNR \u201cCensos S\u00e9nior 2024\u201d - Algarve 7","og_description":"Opera\u00e7\u00e3o da GNR \u201cCensos S\u00e9nior 2024\u201d Nacional","og_url":"https:\/\/algarve7.pt\/index.php\/2024\/10\/operacao-da-gnr-censos-senior-2024\/nacional\/07\/49\/","og_site_name":"Algarve 7","article_publisher":"https:\/\/www.facebook.com\/algarve7","article_author":"https:\/\/www.facebook.com\/algarve7","article_published_time":"2024-10-01T06:49:29+00:00","article_modified_time":"2024-10-01T06:49:31+00:00","og_image":[{"width":800,"height":470,"url":"https:\/\/algarve7.pt\/wp-content\/uploads\/2024\/10\/GNR-Operacao-Censos-Senior-2024.png","type":"image\/png"}],"author":"Algarve 7","twitter_card":"summary_large_image","twitter_creator":"@Algarvesete","twitter_site":"@Algarvesete","twitter_misc":{"Escrito por":"Algarve 7","Tempo estimado de leitura":"3 minutos"},"schema":{"@context":"https:\/\/schema.org","@graph":[{"@type":"Article","@id":"https:\/\/algarve7.pt\/index.php\/2024\/10\/operacao-da-gnr-censos-senior-2024\/nacional\/07\/49\/#article","isPartOf":{"@id":"https:\/\/algarve7.pt\/index.php\/2024\/10\/operacao-da-gnr-censos-senior-2024\/nacional\/07\/49\/"},"author":{"name":"Algarve 7","@id":"https:\/\/algarve7.pt\/#\/schema\/person\/23fa70681308e7b319a3204bcea45e0c"},"headline":"Opera\u00e7\u00e3o da GNR \u201cCensos S\u00e9nior 2024\u201d","datePublished":"2024-10-01T06:49:29+00:00","dateModified":"2024-10-01T06:49:31+00:00","mainEntityOfPage":{"@id":"https:\/\/algarve7.pt\/index.php\/2024\/10\/operacao-da-gnr-censos-senior-2024\/nacional\/07\/49\/"},"wordCount":553,"commentCount":0,"publisher":{"@id":"https:\/\/algarve7.pt\/#organization"},"image":{"@id":"https:\/\/algarve7.pt\/index.php\/2024\/10\/operacao-da-gnr-censos-senior-2024\/nacional\/07\/49\/#primaryimage"},"thumbnailUrl":"https:\/\/algarve7.pt\/wp-content\/uploads\/2024\/10\/GNR-Operacao-Censos-Senior-2024.png","keywords":["GNR","Nacional"],"articleSection":["Nacional"],"inLanguage":"pt-PT","potentialAction":[{"@type":"CommentAction","name":"Comment","target":["https:\/\/algarve7.pt\/index.php\/2024\/10\/operacao-da-gnr-censos-senior-2024\/nacional\/07\/49\/#respond"]}]},{"@type":"WebPage","@id":"https:\/\/algarve7.pt\/index.php\/2024\/10\/operacao-da-gnr-censos-senior-2024\/nacional\/07\/49\/","url":"https:\/\/algarve7.pt\/index.php\/2024\/10\/operacao-da-gnr-censos-senior-2024\/nacional\/07\/49\/","name":"Opera\u00e7\u00e3o da GNR \u201cCensos S\u00e9nior 2024\u201d - Algarve 7","isPartOf":{"@id":"https:\/\/algarve7.pt\/#website"},"primaryImageOfPage":{"@id":"https:\/\/algarve7.pt\/index.php\/2024\/10\/operacao-da-gnr-censos-senior-2024\/nacional\/07\/49\/#primaryimage"},"image":{"@id":"https:\/\/algarve7.pt\/index.php\/2024\/10\/operacao-da-gnr-censos-senior-2024\/nacional\/07\/49\/#primaryimage"},"thumbnailUrl":"https:\/\/algarve7.pt\/wp-content\/uploads\/2024\/10\/GNR-Operacao-Censos-Senior-2024.png","datePublished":"2024-10-01T06:49:29+00:00","dateModified":"2024-10-01T06:49:31+00:00","description":"Opera\u00e7\u00e3o da GNR \u201cCensos S\u00e9nior 2024\u201d Nacional","breadcrumb":{"@id":"https:\/\/algarve7.pt\/index.php\/2024\/10\/operacao-da-gnr-censos-senior-2024\/nacional\/07\/49\/#breadcrumb"},"inLanguage":"pt-PT","potentialAction":[{"@type":"ReadAction","target":["https:\/\/algarve7.pt\/index.php\/2024\/10\/operacao-da-gnr-censos-senior-2024\/nacional\/07\/49\/"]}]},{"@type":"ImageObject","inLanguage":"pt-PT","@id":"https:\/\/algarve7.pt\/index.php\/2024\/10\/operacao-da-gnr-censos-senior-2024\/nacional\/07\/49\/#primaryimage","url":"https:\/\/algarve7.pt\/wp-content\/uploads\/2024\/10\/GNR-Operacao-Censos-Senior-2024.png","contentUrl":"https:\/\/algarve7.pt\/wp-content\/uploads\/2024\/10\/GNR-Operacao-Censos-Senior-2024.png","width":800,"height":470},{"@type":"BreadcrumbList","@id":"https:\/\/algarve7.pt\/index.php\/2024\/10\/operacao-da-gnr-censos-senior-2024\/nacional\/07\/49\/#breadcrumb","itemListElement":[{"@type":"ListItem","position":1,"name":"In\u00edcio","item":"https:\/\/algarve7.pt\/"},{"@type":"ListItem","position":2,"name":"Opera\u00e7\u00e3o da GNR \u201cCensos S\u00e9nior 2024\u201d"}]},{"@type":"WebSite","@id":"https:\/\/algarve7.pt\/#website","url":"https:\/\/algarve7.pt\/","name":"Algarve 7","description":"Informa\u00e7\u00e3o sobre o Algarve","publisher":{"@id":"https:\/\/algarve7.pt\/#organization"},"potentialAction":[{"@type":"SearchAction","target":{"@type":"EntryPoint","urlTemplate":"https:\/\/algarve7.pt\/?s={search_term_string}"},"query-input":{"@type":"PropertyValueSpecification","valueRequired":true,"valueName":"search_term_string"}}],"inLanguage":"pt-PT"},{"@type":"Organization","@id":"https:\/\/algarve7.pt\/#organization","name":"Algarve 7","url":"https:\/\/algarve7.pt\/","logo":{"@type":"ImageObject","inLanguage":"pt-PT","@id":"https:\/\/algarve7.pt\/#\/schema\/logo\/image\/","url":"https:\/\/algarve7.pt\/wp-content\/uploads\/2020\/10\/Logo-8.jpg","contentUrl":"https:\/\/algarve7.pt\/wp-content\/uploads\/2020\/10\/Logo-8.jpg","width":1680,"height":1186,"caption":"Algarve 7"},"image":{"@id":"https:\/\/algarve7.pt\/#\/schema\/logo\/image\/"},"sameAs":["https:\/\/www.facebook.com\/algarve7","https:\/\/x.com\/Algarvesete","https:\/\/www.instagram.com\/jornalalgarve7\/","https:\/\/www.linkedin.com\/company\/algarve7","https:\/\/www.pinterest.pt\/geral0939\/_created\/"]},{"@type":"Person","@id":"https:\/\/algarve7.pt\/#\/schema\/person\/23fa70681308e7b319a3204bcea45e0c","name":"Algarve 7","sameAs":["https:\/\/algarve7.pt","https:\/\/www.facebook.com\/algarve7"],"url":"https:\/\/algarve7.pt\/index.php\/author\/geralalgarve7-pt\/"}]}},"jetpack_publicize_connections":[],"jetpack_featured_media_url":"https:\/\/algarve7.pt\/wp-content\/uploads\/2024\/10\/GNR-Operacao-Censos-Senior-2024.png","jetpack_shortlink":"https:\/\/wp.me\/pcezmW-b7c","jetpack_sharing_enabled":true,"_links":{"self":[{"href":"https:\/\/algarve7.pt\/index.php\/wp-json\/wp\/v2\/posts\/42730","targetHints":{"allow":["GET"]}}],"collection":[{"href":"https:\/\/algarve7.pt\/index.php\/wp-json\/wp\/v2\/posts"}],"about":[{"href":"https:\/\/algarve7.pt\/index.php\/wp-json\/wp\/v2\/types\/post"}],"author":[{"embeddable":true,"href":"https:\/\/algarve7.pt\/index.php\/wp-json\/wp\/v2\/users\/1"}],"replies":[{"embeddable":true,"href":"https:\/\/algarve7.pt\/index.php\/wp-json\/wp\/v2\/comments?post=42730"}],"version-history":[{"count":0,"href":"https:\/\/algarve7.pt\/index.php\/wp-json\/wp\/v2\/posts\/42730\/revisions"}],"wp:featuredmedia":[{"embeddable":true,"href":"https:\/\/algarve7.pt\/index.php\/wp-json\/wp\/v2\/media\/42731"}],"wp:attachment":[{"href":"https:\/\/algarve7.pt\/index.php\/wp-json\/wp\/v2\/media?parent=42730"}],"wp:term":[{"taxonomy":"category","embeddable":true,"href":"https:\/\/algarve7.pt\/index.php\/wp-json\/wp\/v2\/categories?post=42730"},{"taxonomy":"post_tag","embeddable":true,"href":"https:\/\/algarve7.pt\/index.php\/wp-json\/wp\/v2\/tags?post=42730"}],"curies":[{"name":"wp","href":"https:\/\/api.w.org\/{rel}","templated":true}]}}