{"id":42656,"date":"2024-09-28T17:02:42","date_gmt":"2024-09-28T16:02:42","guid":{"rendered":"https:\/\/algarve7.pt\/?p=42656"},"modified":"2024-09-28T17:02:44","modified_gmt":"2024-09-28T16:02:44","slug":"novo-equipamento-de-ressonancia-magnetica-de-ponta-inaugurado-em-loule-para-servir-o-algarve","status":"publish","type":"post","link":"https:\/\/algarve7.pt\/index.php\/2024\/09\/novo-equipamento-de-ressonancia-magnetica-de-ponta-inaugurado-em-loule-para-servir-o-algarve\/saude\/17\/02\/","title":{"rendered":"Novo equipamento de resson\u00e2ncia magn\u00e9tica de ponta inaugurado em Loul\u00e9 para servir o Algarve"},"content":{"rendered":"\n<p>Vai ficar sediado na cidade de Loul\u00e9, mas ser\u00e1 um equipamento de grande import\u00e2ncia para a melhoria dos servi\u00e7os de sa\u00fade de toda a regi\u00e3o. O&nbsp;Imaging Lab by ABC foi inaugurado esta sexta-feira, 27 de setembro, e promete fazer a diferen\u00e7a ao n\u00edvel do desenvolvimento da investiga\u00e7\u00e3o cl\u00ednica no Algarve, atrav\u00e9s da realiza\u00e7\u00e3o de exames de resson\u00e2ncia magn\u00e9tica de alta qualidade, em estreita colabora\u00e7\u00e3o com a Unidade Local de Sa\u00fade.&nbsp;<\/p>\n\n\n\n<p>Trata-se de uma tecnologia avan\u00e7ada, essencial para o diagn\u00f3stico e para a monitoriza\u00e7\u00e3o de diversas condi\u00e7\u00f5es m\u00e9dicas, em \u00e1reas como a neurol\u00f3gica, musculo-esquel\u00e9tica, abdominal, genito-urin\u00e1ria, mama\/senologia, oncologia, cardiovascular ou pedi\u00e1trica. Tem capacidade&nbsp;para fazer imagens que, neste momento, n\u00e3o s\u00e3o poss\u00edveis fazer no SNS no Algarve, permitindo, por exemplo, resson\u00e2ncias magn\u00e9ticas de corpo inteiro, card\u00edacas ou fetais. E permite faz\u00ea-lo \u201cda forma mais exata e mais r\u00e1pida poss\u00edvel\u201d. Por outro lado, integra ferramentas de intelig\u00eancia artificial que permitir\u00e3o um melhoramento do tipo de imagem.<\/p>\n\n\n\n<p>Para coordenar este servi\u00e7o, Helena Guerreiro, uma jovem m\u00e9dica louletana, deixou Hamburgo, na Alemanha, onde chefiava uma equipa de investiga\u00e7\u00e3o, para abra\u00e7ar este projeto. De acordo com esta respons\u00e1vel, o equipamento ter\u00e1 tr\u00eas pilares: a cria\u00e7\u00e3o de linhas de investiga\u00e7\u00e3o com utentes do Servi\u00e7o Nacional de Sa\u00fade, enquadradas tamb\u00e9m para combater as listas de espera; a cria\u00e7\u00e3o de estudos prospetivos de investiga\u00e7\u00e3o que permitam desenvolver novas t\u00e9cnicas e novas tecnologias de aquisi\u00e7\u00e3o de imagem m\u00e9dica; e a cria\u00e7\u00e3o de uma \u201cplataforma ideal\u201d, atrav\u00e9s da conex\u00e3o e colabora\u00e7\u00e3o entre o Hospital, a Unidade Local de Sa\u00fade do Algarve, a Universidade e o Algarve Biomedical Center, de apoio ao desenvolvimento de investiga\u00e7\u00e3o cl\u00ednica.<\/p>\n\n\n\n<p>As resson\u00e2ncias ter\u00e3o de ser todas realizadas por refer\u00eancia hospitalar, e destinam-se a utentes que se enquadrem em linhas de investiga\u00e7\u00e3o colaborativa entre a Unidade Local de Sa\u00fade e o Centro Acad\u00e9mico. Mas, como adiantou Helena Guerreiro, \u201co objetivo \u00e9 que, um dia, essas referencia\u00e7\u00f5es possam ser feitas tamb\u00e9m pelos centros de sa\u00fade e n\u00e3o apenas pelo Hospital\u201d. \u201cEstamos a desenvolver algo \u00fanico, uma unidade de imagiologia num centro acad\u00e9mico, estamos a tentar refor\u00e7ar esta liga\u00e7\u00e3o com a ULS para, mais tarde, conseguirmos abranger o maior n\u00famero de utentes poss\u00edvel\u201d, explicou a m\u00e9dica.<\/p>\n\n\n\n<p>Para o presidente do ABC \u2013 Algarve Biomedical Center, Pedro Castelo Branco, \u201ceste projeto, que hoje se transforma numa realidade, visa, acima de tudo, impulsionar a investiga\u00e7\u00e3o m\u00e9dica na regi\u00e3o, e, desta forma, melhorar a qualidade de vida daqueles que aqui vivem\u201d.<\/p>\n\n\n\n<p>Este respons\u00e1vel sublinhou o facto de a cria\u00e7\u00e3o desta unidade s\u00f3 ter sido poss\u00edvel com o esfor\u00e7o de v\u00e1rias entidades como a CCDR, atrav\u00e9s do apoio de fundos comunit\u00e1rios, a C\u00e2mara Municipal de Loul\u00e9, \u201cparceiro-chave neste e noutros projetos\u201d, a ULS que contribuiu com \u201ctodo o know-how m\u00e9dico e estruturas hospitalares\u201d, e a Universidade do Algarve, \u201cque contribuiu com todo o conhecimento cient\u00edfico e capacidade formativa\u201d.<\/p>\n\n\n\n<p>O presidente do ABC destacou o contributo deste equipamento na redu\u00e7\u00e3o das listas de espera e salientou que \u201cpermitir\u00e1 o acesso aos utentes da regi\u00e3o a exames altamente especializados que previamente obrigavam a uma desloca\u00e7\u00e3o a outras zonas do pa\u00eds\u201d.<\/p>\n\n\n\n<p>A unidade funcionar\u00e1 provisoriamente num contentor junto ao Pavilh\u00e3o Municipal Professor Joaquim Vairinhos, mas a ideia \u00e9 que venha a ser integrada no Edif\u00edcio Mariano Gago, a futura \u201ccasa-m\u00e3e\u201d do ABC, que ir\u00e1 nascer junto ao Est\u00e1dio Municipal de Loul\u00e9. Ser\u00e1 para a\u00ed que v\u00e3o ser relocalizados outros equipamentos do ABC que se encontram espalhados pela cidade de Loul\u00e9, como o Centro de Cirurgia Experimental, a funcionar na Rua de Betunes.<\/p>\n\n\n\n<p>Este ser\u00e1 um edif\u00edcio dedicado exclusivamente \u00e0 investiga\u00e7\u00e3o, numa \u00e1rea de 4200m2. O concurso p\u00fablico para a empreitada ser\u00e1 lan\u00e7ado no final do primeiro trimestre de 2025, como adiantou o presidente da C\u00e2mara de Loul\u00e9, V\u00edtor Aleixo.&nbsp;<\/p>\n\n\n\n<p>Para o autarca, esta resson\u00e2ncia magn\u00e9tica \u00e9 \u201cmais um pilar do grandioso projeto que j\u00e1 \u00e9 \u2013 e ser\u00e1 cada vez mais \u2013 o complexo ecossistema de inova\u00e7\u00e3o e investiga\u00e7\u00e3o cient\u00edfica para apoio \u00e0 Biomedicina\u201d. \u201cUm projeto que j\u00e1 est\u00e1 c\u00e1 fora e vai entrar agora na sua inf\u00e2ncia. Ainda estamos muito longe daquilo que ser\u00e1 o impacto deste investimento que Loul\u00e9 est\u00e1 a fazer com o ABC\u201d, referiu o autarca, relembrando a aposta pol\u00edtica que o Munic\u00edpio de Loul\u00e9 est\u00e1 a fazer no desenvolvimento da Ci\u00eancia.<\/p>\n\n\n\n<p>Ainda na \u00e1rea da Sa\u00fade, em breve, ser\u00e1 inaugurado em Loul\u00e9 \u201co primeiro Centro de Sa\u00fade Acad\u00e9mico do pa\u00eds\u201d, recordou V\u00edtor Aleixo.<\/p>\n\n\n\n<p>Todos estes investimentos t\u00eam \u201cuma clara escolha pol\u00edtica deste executivo que entende que a economia da nossa regi\u00e3o n\u00e3o pode continuar circunscrita a uma s\u00f3 atividade que \u00e9 o turismo e a atividade imobili\u00e1ria agregada ao turismo. A aposta na Ci\u00eancia, que estamos a fazer no Algarve, e muito particularmente em Loul\u00e9, \u00e9 de facto o grande futuro que vem a\u00ed para a nossa regi\u00e3o\u201d, sublinhou V\u00edtor Aleixo.<\/p>\n","protected":false},"excerpt":{"rendered":"<p>Vai ficar sediado na cidade de Loul\u00e9, mas ser\u00e1 um equipamento de grande import\u00e2ncia para a melhoria dos servi\u00e7os de<\/p>\n","protected":false},"author":1,"featured_media":42657,"comment_status":"open","ping_status":"open","sticky":false,"template":"","format":"standard","meta":{"colormag_page_container_layout":"default_layout","colormag_page_sidebar_layout":"default_layout","_monsterinsights_skip_tracking":false,"_monsterinsights_sitenote_active":false,"_monsterinsights_sitenote_note":"","_monsterinsights_sitenote_category":0,"jetpack_post_was_ever_published":false,"_jetpack_newsletter_access":"","_jetpack_dont_email_post_to_subs":false,"_jetpack_newsletter_tier_id":0,"_jetpack_memberships_contains_paywalled_content":false,"_jetpack_memberships_contains_paid_content":false,"footnotes":"","jetpack_publicize_message":"","jetpack_publicize_feature_enabled":true,"jetpack_social_post_already_shared":false,"jetpack_social_options":{"image_generator_settings":{"template":"highway","default_image_id":0,"font":"","enabled":false},"version":2}},"categories":[59],"tags":[36,31,58],"class_list":["post-42656","post","type-post","status-publish","format-standard","has-post-thumbnail","hentry","category-saude","tag-algarve","tag-loule","tag-saude"],"yoast_head":"<!-- This site is optimized with the Yoast SEO plugin v27.5 - https:\/\/yoast.com\/product\/yoast-seo-wordpress\/ -->\n<title>Novo equipamento de resson\u00e2ncia magn\u00e9tica de ponta inaugurado em Loul\u00e9 para servir o Algarve - Algarve 7<\/title>\n<meta name=\"description\" content=\"Novo equipamento de resson\u00e2ncia magn\u00e9tica de ponta inaugurado em Loul\u00e9 para servir o Algarve Sa\u00fade\" \/>\n<meta name=\"robots\" content=\"index, follow, max-snippet:-1, max-image-preview:large, max-video-preview:-1\" \/>\n<link rel=\"canonical\" href=\"https:\/\/algarve7.pt\/index.php\/2024\/09\/novo-equipamento-de-ressonancia-magnetica-de-ponta-inaugurado-em-loule-para-servir-o-algarve\/saude\/17\/02\/\" \/>\n<meta property=\"og:locale\" content=\"pt_PT\" \/>\n<meta property=\"og:type\" content=\"article\" \/>\n<meta property=\"og:title\" content=\"Novo equipamento de resson\u00e2ncia magn\u00e9tica de ponta inaugurado em Loul\u00e9 para servir o Algarve - Algarve 7\" \/>\n<meta property=\"og:description\" content=\"Novo equipamento de resson\u00e2ncia magn\u00e9tica de ponta inaugurado em Loul\u00e9 para servir o Algarve Sa\u00fade\" \/>\n<meta property=\"og:url\" content=\"https:\/\/algarve7.pt\/index.php\/2024\/09\/novo-equipamento-de-ressonancia-magnetica-de-ponta-inaugurado-em-loule-para-servir-o-algarve\/saude\/17\/02\/\" \/>\n<meta property=\"og:site_name\" content=\"Algarve 7\" \/>\n<meta property=\"article:publisher\" content=\"https:\/\/www.facebook.com\/algarve7\" \/>\n<meta property=\"article:author\" content=\"https:\/\/www.facebook.com\/algarve7\" \/>\n<meta property=\"article:published_time\" content=\"2024-09-28T16:02:42+00:00\" \/>\n<meta property=\"article:modified_time\" content=\"2024-09-28T16:02:44+00:00\" \/>\n<meta property=\"og:image\" content=\"https:\/\/algarve7.pt\/wp-content\/uploads\/2024\/09\/461326930_10225407380522562_8870981575559691423_n.jpg\" \/>\n\t<meta property=\"og:image:width\" content=\"800\" \/>\n\t<meta property=\"og:image:height\" content=\"470\" \/>\n\t<meta property=\"og:image:type\" content=\"image\/jpeg\" \/>\n<meta name=\"author\" content=\"Algarve 7\" \/>\n<meta name=\"twitter:card\" content=\"summary_large_image\" \/>\n<meta name=\"twitter:creator\" content=\"@Algarvesete\" \/>\n<meta name=\"twitter:site\" content=\"@Algarvesete\" \/>\n<meta name=\"twitter:label1\" content=\"Escrito por\" \/>\n\t<meta name=\"twitter:data1\" content=\"Algarve 7\" \/>\n\t<meta name=\"twitter:label2\" content=\"Tempo estimado de leitura\" \/>\n\t<meta name=\"twitter:data2\" content=\"5 minutos\" \/>\n<script type=\"application\/ld+json\" class=\"yoast-schema-graph\">{\"@context\":\"https:\\\/\\\/schema.org\",\"@graph\":[{\"@type\":\"Article\",\"@id\":\"https:\\\/\\\/algarve7.pt\\\/index.php\\\/2024\\\/09\\\/novo-equipamento-de-ressonancia-magnetica-de-ponta-inaugurado-em-loule-para-servir-o-algarve\\\/saude\\\/17\\\/02\\\/#article\",\"isPartOf\":{\"@id\":\"https:\\\/\\\/algarve7.pt\\\/index.php\\\/2024\\\/09\\\/novo-equipamento-de-ressonancia-magnetica-de-ponta-inaugurado-em-loule-para-servir-o-algarve\\\/saude\\\/17\\\/02\\\/\"},\"author\":{\"name\":\"Algarve 7\",\"@id\":\"https:\\\/\\\/algarve7.pt\\\/#\\\/schema\\\/person\\\/23fa70681308e7b319a3204bcea45e0c\"},\"headline\":\"Novo equipamento de resson\u00e2ncia magn\u00e9tica de ponta inaugurado em Loul\u00e9 para servir o Algarve\",\"datePublished\":\"2024-09-28T16:02:42+00:00\",\"dateModified\":\"2024-09-28T16:02:44+00:00\",\"mainEntityOfPage\":{\"@id\":\"https:\\\/\\\/algarve7.pt\\\/index.php\\\/2024\\\/09\\\/novo-equipamento-de-ressonancia-magnetica-de-ponta-inaugurado-em-loule-para-servir-o-algarve\\\/saude\\\/17\\\/02\\\/\"},\"wordCount\":923,\"commentCount\":0,\"publisher\":{\"@id\":\"https:\\\/\\\/algarve7.pt\\\/#organization\"},\"image\":{\"@id\":\"https:\\\/\\\/algarve7.pt\\\/index.php\\\/2024\\\/09\\\/novo-equipamento-de-ressonancia-magnetica-de-ponta-inaugurado-em-loule-para-servir-o-algarve\\\/saude\\\/17\\\/02\\\/#primaryimage\"},\"thumbnailUrl\":\"https:\\\/\\\/algarve7.pt\\\/wp-content\\\/uploads\\\/2024\\\/09\\\/461326930_10225407380522562_8870981575559691423_n.jpg\",\"keywords\":[\"Algarve\",\"Loul\u00e9\",\"Sa\u00fade\"],\"articleSection\":[\"Sa\u00fade\"],\"inLanguage\":\"pt-PT\",\"potentialAction\":[{\"@type\":\"CommentAction\",\"name\":\"Comment\",\"target\":[\"https:\\\/\\\/algarve7.pt\\\/index.php\\\/2024\\\/09\\\/novo-equipamento-de-ressonancia-magnetica-de-ponta-inaugurado-em-loule-para-servir-o-algarve\\\/saude\\\/17\\\/02\\\/#respond\"]}]},{\"@type\":\"WebPage\",\"@id\":\"https:\\\/\\\/algarve7.pt\\\/index.php\\\/2024\\\/09\\\/novo-equipamento-de-ressonancia-magnetica-de-ponta-inaugurado-em-loule-para-servir-o-algarve\\\/saude\\\/17\\\/02\\\/\",\"url\":\"https:\\\/\\\/algarve7.pt\\\/index.php\\\/2024\\\/09\\\/novo-equipamento-de-ressonancia-magnetica-de-ponta-inaugurado-em-loule-para-servir-o-algarve\\\/saude\\\/17\\\/02\\\/\",\"name\":\"Novo equipamento de resson\u00e2ncia magn\u00e9tica de ponta inaugurado em Loul\u00e9 para servir o Algarve - Algarve 7\",\"isPartOf\":{\"@id\":\"https:\\\/\\\/algarve7.pt\\\/#website\"},\"primaryImageOfPage\":{\"@id\":\"https:\\\/\\\/algarve7.pt\\\/index.php\\\/2024\\\/09\\\/novo-equipamento-de-ressonancia-magnetica-de-ponta-inaugurado-em-loule-para-servir-o-algarve\\\/saude\\\/17\\\/02\\\/#primaryimage\"},\"image\":{\"@id\":\"https:\\\/\\\/algarve7.pt\\\/index.php\\\/2024\\\/09\\\/novo-equipamento-de-ressonancia-magnetica-de-ponta-inaugurado-em-loule-para-servir-o-algarve\\\/saude\\\/17\\\/02\\\/#primaryimage\"},\"thumbnailUrl\":\"https:\\\/\\\/algarve7.pt\\\/wp-content\\\/uploads\\\/2024\\\/09\\\/461326930_10225407380522562_8870981575559691423_n.jpg\",\"datePublished\":\"2024-09-28T16:02:42+00:00\",\"dateModified\":\"2024-09-28T16:02:44+00:00\",\"description\":\"Novo equipamento de resson\u00e2ncia magn\u00e9tica de ponta inaugurado em Loul\u00e9 para servir o Algarve Sa\u00fade\",\"breadcrumb\":{\"@id\":\"https:\\\/\\\/algarve7.pt\\\/index.php\\\/2024\\\/09\\\/novo-equipamento-de-ressonancia-magnetica-de-ponta-inaugurado-em-loule-para-servir-o-algarve\\\/saude\\\/17\\\/02\\\/#breadcrumb\"},\"inLanguage\":\"pt-PT\",\"potentialAction\":[{\"@type\":\"ReadAction\",\"target\":[\"https:\\\/\\\/algarve7.pt\\\/index.php\\\/2024\\\/09\\\/novo-equipamento-de-ressonancia-magnetica-de-ponta-inaugurado-em-loule-para-servir-o-algarve\\\/saude\\\/17\\\/02\\\/\"]}]},{\"@type\":\"ImageObject\",\"inLanguage\":\"pt-PT\",\"@id\":\"https:\\\/\\\/algarve7.pt\\\/index.php\\\/2024\\\/09\\\/novo-equipamento-de-ressonancia-magnetica-de-ponta-inaugurado-em-loule-para-servir-o-algarve\\\/saude\\\/17\\\/02\\\/#primaryimage\",\"url\":\"https:\\\/\\\/algarve7.pt\\\/wp-content\\\/uploads\\\/2024\\\/09\\\/461326930_10225407380522562_8870981575559691423_n.jpg\",\"contentUrl\":\"https:\\\/\\\/algarve7.pt\\\/wp-content\\\/uploads\\\/2024\\\/09\\\/461326930_10225407380522562_8870981575559691423_n.jpg\",\"width\":800,\"height\":470},{\"@type\":\"BreadcrumbList\",\"@id\":\"https:\\\/\\\/algarve7.pt\\\/index.php\\\/2024\\\/09\\\/novo-equipamento-de-ressonancia-magnetica-de-ponta-inaugurado-em-loule-para-servir-o-algarve\\\/saude\\\/17\\\/02\\\/#breadcrumb\",\"itemListElement\":[{\"@type\":\"ListItem\",\"position\":1,\"name\":\"In\u00edcio\",\"item\":\"https:\\\/\\\/algarve7.pt\\\/\"},{\"@type\":\"ListItem\",\"position\":2,\"name\":\"Novo equipamento de resson\u00e2ncia magn\u00e9tica de ponta inaugurado em Loul\u00e9 para servir o Algarve\"}]},{\"@type\":\"WebSite\",\"@id\":\"https:\\\/\\\/algarve7.pt\\\/#website\",\"url\":\"https:\\\/\\\/algarve7.pt\\\/\",\"name\":\"Algarve 7\",\"description\":\"Informa\u00e7\u00e3o sobre o Algarve\",\"publisher\":{\"@id\":\"https:\\\/\\\/algarve7.pt\\\/#organization\"},\"potentialAction\":[{\"@type\":\"SearchAction\",\"target\":{\"@type\":\"EntryPoint\",\"urlTemplate\":\"https:\\\/\\\/algarve7.pt\\\/?s={search_term_string}\"},\"query-input\":{\"@type\":\"PropertyValueSpecification\",\"valueRequired\":true,\"valueName\":\"search_term_string\"}}],\"inLanguage\":\"pt-PT\"},{\"@type\":\"Organization\",\"@id\":\"https:\\\/\\\/algarve7.pt\\\/#organization\",\"name\":\"Algarve 7\",\"url\":\"https:\\\/\\\/algarve7.pt\\\/\",\"logo\":{\"@type\":\"ImageObject\",\"inLanguage\":\"pt-PT\",\"@id\":\"https:\\\/\\\/algarve7.pt\\\/#\\\/schema\\\/logo\\\/image\\\/\",\"url\":\"https:\\\/\\\/algarve7.pt\\\/wp-content\\\/uploads\\\/2020\\\/10\\\/Logo-8.jpg\",\"contentUrl\":\"https:\\\/\\\/algarve7.pt\\\/wp-content\\\/uploads\\\/2020\\\/10\\\/Logo-8.jpg\",\"width\":1680,\"height\":1186,\"caption\":\"Algarve 7\"},\"image\":{\"@id\":\"https:\\\/\\\/algarve7.pt\\\/#\\\/schema\\\/logo\\\/image\\\/\"},\"sameAs\":[\"https:\\\/\\\/www.facebook.com\\\/algarve7\",\"https:\\\/\\\/x.com\\\/Algarvesete\",\"https:\\\/\\\/www.instagram.com\\\/jornalalgarve7\\\/\",\"https:\\\/\\\/www.linkedin.com\\\/company\\\/algarve7\",\"https:\\\/\\\/www.pinterest.pt\\\/geral0939\\\/_created\\\/\"]},{\"@type\":\"Person\",\"@id\":\"https:\\\/\\\/algarve7.pt\\\/#\\\/schema\\\/person\\\/23fa70681308e7b319a3204bcea45e0c\",\"name\":\"Algarve 7\",\"sameAs\":[\"https:\\\/\\\/algarve7.pt\",\"https:\\\/\\\/www.facebook.com\\\/algarve7\"],\"url\":\"https:\\\/\\\/algarve7.pt\\\/index.php\\\/author\\\/geralalgarve7-pt\\\/\"}]}<\/script>\n<!-- \/ Yoast SEO plugin. -->","yoast_head_json":{"title":"Novo equipamento de resson\u00e2ncia magn\u00e9tica de ponta inaugurado em Loul\u00e9 para servir o Algarve - Algarve 7","description":"Novo equipamento de resson\u00e2ncia magn\u00e9tica de ponta inaugurado em Loul\u00e9 para servir o Algarve Sa\u00fade","robots":{"index":"index","follow":"follow","max-snippet":"max-snippet:-1","max-image-preview":"max-image-preview:large","max-video-preview":"max-video-preview:-1"},"canonical":"https:\/\/algarve7.pt\/index.php\/2024\/09\/novo-equipamento-de-ressonancia-magnetica-de-ponta-inaugurado-em-loule-para-servir-o-algarve\/saude\/17\/02\/","og_locale":"pt_PT","og_type":"article","og_title":"Novo equipamento de resson\u00e2ncia magn\u00e9tica de ponta inaugurado em Loul\u00e9 para servir o Algarve - Algarve 7","og_description":"Novo equipamento de resson\u00e2ncia magn\u00e9tica de ponta inaugurado em Loul\u00e9 para servir o Algarve Sa\u00fade","og_url":"https:\/\/algarve7.pt\/index.php\/2024\/09\/novo-equipamento-de-ressonancia-magnetica-de-ponta-inaugurado-em-loule-para-servir-o-algarve\/saude\/17\/02\/","og_site_name":"Algarve 7","article_publisher":"https:\/\/www.facebook.com\/algarve7","article_author":"https:\/\/www.facebook.com\/algarve7","article_published_time":"2024-09-28T16:02:42+00:00","article_modified_time":"2024-09-28T16:02:44+00:00","og_image":[{"width":800,"height":470,"url":"https:\/\/algarve7.pt\/wp-content\/uploads\/2024\/09\/461326930_10225407380522562_8870981575559691423_n.jpg","type":"image\/jpeg"}],"author":"Algarve 7","twitter_card":"summary_large_image","twitter_creator":"@Algarvesete","twitter_site":"@Algarvesete","twitter_misc":{"Escrito por":"Algarve 7","Tempo estimado de leitura":"5 minutos"},"schema":{"@context":"https:\/\/schema.org","@graph":[{"@type":"Article","@id":"https:\/\/algarve7.pt\/index.php\/2024\/09\/novo-equipamento-de-ressonancia-magnetica-de-ponta-inaugurado-em-loule-para-servir-o-algarve\/saude\/17\/02\/#article","isPartOf":{"@id":"https:\/\/algarve7.pt\/index.php\/2024\/09\/novo-equipamento-de-ressonancia-magnetica-de-ponta-inaugurado-em-loule-para-servir-o-algarve\/saude\/17\/02\/"},"author":{"name":"Algarve 7","@id":"https:\/\/algarve7.pt\/#\/schema\/person\/23fa70681308e7b319a3204bcea45e0c"},"headline":"Novo equipamento de resson\u00e2ncia magn\u00e9tica de ponta inaugurado em Loul\u00e9 para servir o Algarve","datePublished":"2024-09-28T16:02:42+00:00","dateModified":"2024-09-28T16:02:44+00:00","mainEntityOfPage":{"@id":"https:\/\/algarve7.pt\/index.php\/2024\/09\/novo-equipamento-de-ressonancia-magnetica-de-ponta-inaugurado-em-loule-para-servir-o-algarve\/saude\/17\/02\/"},"wordCount":923,"commentCount":0,"publisher":{"@id":"https:\/\/algarve7.pt\/#organization"},"image":{"@id":"https:\/\/algarve7.pt\/index.php\/2024\/09\/novo-equipamento-de-ressonancia-magnetica-de-ponta-inaugurado-em-loule-para-servir-o-algarve\/saude\/17\/02\/#primaryimage"},"thumbnailUrl":"https:\/\/algarve7.pt\/wp-content\/uploads\/2024\/09\/461326930_10225407380522562_8870981575559691423_n.jpg","keywords":["Algarve","Loul\u00e9","Sa\u00fade"],"articleSection":["Sa\u00fade"],"inLanguage":"pt-PT","potentialAction":[{"@type":"CommentAction","name":"Comment","target":["https:\/\/algarve7.pt\/index.php\/2024\/09\/novo-equipamento-de-ressonancia-magnetica-de-ponta-inaugurado-em-loule-para-servir-o-algarve\/saude\/17\/02\/#respond"]}]},{"@type":"WebPage","@id":"https:\/\/algarve7.pt\/index.php\/2024\/09\/novo-equipamento-de-ressonancia-magnetica-de-ponta-inaugurado-em-loule-para-servir-o-algarve\/saude\/17\/02\/","url":"https:\/\/algarve7.pt\/index.php\/2024\/09\/novo-equipamento-de-ressonancia-magnetica-de-ponta-inaugurado-em-loule-para-servir-o-algarve\/saude\/17\/02\/","name":"Novo equipamento de resson\u00e2ncia magn\u00e9tica de ponta inaugurado em Loul\u00e9 para servir o Algarve - Algarve 7","isPartOf":{"@id":"https:\/\/algarve7.pt\/#website"},"primaryImageOfPage":{"@id":"https:\/\/algarve7.pt\/index.php\/2024\/09\/novo-equipamento-de-ressonancia-magnetica-de-ponta-inaugurado-em-loule-para-servir-o-algarve\/saude\/17\/02\/#primaryimage"},"image":{"@id":"https:\/\/algarve7.pt\/index.php\/2024\/09\/novo-equipamento-de-ressonancia-magnetica-de-ponta-inaugurado-em-loule-para-servir-o-algarve\/saude\/17\/02\/#primaryimage"},"thumbnailUrl":"https:\/\/algarve7.pt\/wp-content\/uploads\/2024\/09\/461326930_10225407380522562_8870981575559691423_n.jpg","datePublished":"2024-09-28T16:02:42+00:00","dateModified":"2024-09-28T16:02:44+00:00","description":"Novo equipamento de resson\u00e2ncia magn\u00e9tica de ponta inaugurado em Loul\u00e9 para servir o Algarve Sa\u00fade","breadcrumb":{"@id":"https:\/\/algarve7.pt\/index.php\/2024\/09\/novo-equipamento-de-ressonancia-magnetica-de-ponta-inaugurado-em-loule-para-servir-o-algarve\/saude\/17\/02\/#breadcrumb"},"inLanguage":"pt-PT","potentialAction":[{"@type":"ReadAction","target":["https:\/\/algarve7.pt\/index.php\/2024\/09\/novo-equipamento-de-ressonancia-magnetica-de-ponta-inaugurado-em-loule-para-servir-o-algarve\/saude\/17\/02\/"]}]},{"@type":"ImageObject","inLanguage":"pt-PT","@id":"https:\/\/algarve7.pt\/index.php\/2024\/09\/novo-equipamento-de-ressonancia-magnetica-de-ponta-inaugurado-em-loule-para-servir-o-algarve\/saude\/17\/02\/#primaryimage","url":"https:\/\/algarve7.pt\/wp-content\/uploads\/2024\/09\/461326930_10225407380522562_8870981575559691423_n.jpg","contentUrl":"https:\/\/algarve7.pt\/wp-content\/uploads\/2024\/09\/461326930_10225407380522562_8870981575559691423_n.jpg","width":800,"height":470},{"@type":"BreadcrumbList","@id":"https:\/\/algarve7.pt\/index.php\/2024\/09\/novo-equipamento-de-ressonancia-magnetica-de-ponta-inaugurado-em-loule-para-servir-o-algarve\/saude\/17\/02\/#breadcrumb","itemListElement":[{"@type":"ListItem","position":1,"name":"In\u00edcio","item":"https:\/\/algarve7.pt\/"},{"@type":"ListItem","position":2,"name":"Novo equipamento de resson\u00e2ncia magn\u00e9tica de ponta inaugurado em Loul\u00e9 para servir o Algarve"}]},{"@type":"WebSite","@id":"https:\/\/algarve7.pt\/#website","url":"https:\/\/algarve7.pt\/","name":"Algarve 7","description":"Informa\u00e7\u00e3o sobre o Algarve","publisher":{"@id":"https:\/\/algarve7.pt\/#organization"},"potentialAction":[{"@type":"SearchAction","target":{"@type":"EntryPoint","urlTemplate":"https:\/\/algarve7.pt\/?s={search_term_string}"},"query-input":{"@type":"PropertyValueSpecification","valueRequired":true,"valueName":"search_term_string"}}],"inLanguage":"pt-PT"},{"@type":"Organization","@id":"https:\/\/algarve7.pt\/#organization","name":"Algarve 7","url":"https:\/\/algarve7.pt\/","logo":{"@type":"ImageObject","inLanguage":"pt-PT","@id":"https:\/\/algarve7.pt\/#\/schema\/logo\/image\/","url":"https:\/\/algarve7.pt\/wp-content\/uploads\/2020\/10\/Logo-8.jpg","contentUrl":"https:\/\/algarve7.pt\/wp-content\/uploads\/2020\/10\/Logo-8.jpg","width":1680,"height":1186,"caption":"Algarve 7"},"image":{"@id":"https:\/\/algarve7.pt\/#\/schema\/logo\/image\/"},"sameAs":["https:\/\/www.facebook.com\/algarve7","https:\/\/x.com\/Algarvesete","https:\/\/www.instagram.com\/jornalalgarve7\/","https:\/\/www.linkedin.com\/company\/algarve7","https:\/\/www.pinterest.pt\/geral0939\/_created\/"]},{"@type":"Person","@id":"https:\/\/algarve7.pt\/#\/schema\/person\/23fa70681308e7b319a3204bcea45e0c","name":"Algarve 7","sameAs":["https:\/\/algarve7.pt","https:\/\/www.facebook.com\/algarve7"],"url":"https:\/\/algarve7.pt\/index.php\/author\/geralalgarve7-pt\/"}]}},"jetpack_publicize_connections":[],"jetpack_featured_media_url":"https:\/\/algarve7.pt\/wp-content\/uploads\/2024\/09\/461326930_10225407380522562_8870981575559691423_n.jpg","jetpack_shortlink":"https:\/\/wp.me\/pcezmW-b60","jetpack_sharing_enabled":true,"_links":{"self":[{"href":"https:\/\/algarve7.pt\/index.php\/wp-json\/wp\/v2\/posts\/42656","targetHints":{"allow":["GET"]}}],"collection":[{"href":"https:\/\/algarve7.pt\/index.php\/wp-json\/wp\/v2\/posts"}],"about":[{"href":"https:\/\/algarve7.pt\/index.php\/wp-json\/wp\/v2\/types\/post"}],"author":[{"embeddable":true,"href":"https:\/\/algarve7.pt\/index.php\/wp-json\/wp\/v2\/users\/1"}],"replies":[{"embeddable":true,"href":"https:\/\/algarve7.pt\/index.php\/wp-json\/wp\/v2\/comments?post=42656"}],"version-history":[{"count":0,"href":"https:\/\/algarve7.pt\/index.php\/wp-json\/wp\/v2\/posts\/42656\/revisions"}],"wp:featuredmedia":[{"embeddable":true,"href":"https:\/\/algarve7.pt\/index.php\/wp-json\/wp\/v2\/media\/42657"}],"wp:attachment":[{"href":"https:\/\/algarve7.pt\/index.php\/wp-json\/wp\/v2\/media?parent=42656"}],"wp:term":[{"taxonomy":"category","embeddable":true,"href":"https:\/\/algarve7.pt\/index.php\/wp-json\/wp\/v2\/categories?post=42656"},{"taxonomy":"post_tag","embeddable":true,"href":"https:\/\/algarve7.pt\/index.php\/wp-json\/wp\/v2\/tags?post=42656"}],"curies":[{"name":"wp","href":"https:\/\/api.w.org\/{rel}","templated":true}]}}