{"id":42619,"date":"2024-09-29T09:00:00","date_gmt":"2024-09-29T08:00:00","guid":{"rendered":"https:\/\/algarve7.pt\/?p=42619"},"modified":"2024-09-27T21:27:00","modified_gmt":"2024-09-27T20:27:00","slug":"dia-nacional-da-agua-e-comemorado-em-odiaxere-com-dinamica-programacao-cultural","status":"publish","type":"post","link":"https:\/\/algarve7.pt\/index.php\/2024\/09\/dia-nacional-da-agua-e-comemorado-em-odiaxere-com-dinamica-programacao-cultural\/ambiente\/09\/00\/","title":{"rendered":"Dia Nacional da \u00c1gua \u00e9 comemorado em Odi\u00e1xere com din\u00e2mica programa\u00e7\u00e3o cultural"},"content":{"rendered":"\n<p><strong>A \u00e1gua \u2013 vis\u00edvel ou invis\u00edvel \u2013 marca a paisagem da freguesia de Odi\u00e1xere, no concelho de Lagos, nos dias 1 e 2 de outubro.<\/strong><\/p>\n\n\n\n<p>O invis\u00edvel aqu\u00edfero Alm\u00e1dena-Odi\u00e1xere, com extensa capacidade de armazenamento, mas sob forte press\u00e3o devido \u00e0 escassez de pluviosidade, ocupa\u00e7\u00e3o do solo e elevado consumo de \u00e1gua; a vis\u00edvel barragem da Bravura e a sua invis\u00edvel disponibilidade de \u00e1gua est\u00e3o a deixar Odi\u00e1xere numa verdadeira encruzilhada.&nbsp;<\/p>\n\n\n\n<p>A constru\u00e7\u00e3o da barragem da Bravura, que nos anos 50 do s\u00e9culo XX fez crescer economicamente a freguesia e a transformou numa paisagem de regadio, \u00e9 a mesma que agora a deixa em suspenso, ao atingir n\u00edveis m\u00ednimos de \u00e1gua hist\u00f3ricos, condicionando o seu desenvolvimento futuro.<\/p>\n\n\n\n<p>Coincidindo com o per\u00edodo seco do ano hidrol\u00f3gico e com o Dia Nacional da \u00c1gua, que se celebra a 1 de outubro desde 1983 por ser nesta \u00e9poca que as reservas h\u00eddricas atingem os seus m\u00ednimos de \u00e1gua dispon\u00edvel, o Museu de Lagos, atrav\u00e9s do seu n\u00facleo museol\u00f3gico \u201cMundo Rural\u201d em implementa\u00e7\u00e3o neste territ\u00f3rio, vai encher Odi\u00e1xere de vida art\u00edstica, criadora e cr\u00edtica atrav\u00e9s da interven\u00e7\u00e3o de um coletivo de artistas nacionais e internacionais, dirigidos pela artista Paulina Almeida.&nbsp;<\/p>\n\n\n\n<p>Entre&nbsp;24 de setembro e 2 de outubro, a performer portuguesa Paulina Almeida, a bailarina francesa Oph\u00e9lie Parot, a artista holandesa de multim\u00e9dia Marieke Leene, a eco performer romena Alina Tofan e o m\u00fasico holand\u00eas Simon Stuij encontram-se em resid\u00eancia art\u00edstica na vila de Odi\u00e1xere, trabalhando e envolvendo diferentes p\u00fablicos, desde logo e, com especial empenho, a comunidade educativa de Odi\u00e1xere. A escola e os espa\u00e7os p\u00fablicos de Odi\u00e1xere transformam-se ao longo destes nove dias num aut\u00eantico laborat\u00f3rio comunit\u00e1rio, em que a \u00e1gua, as altera\u00e7\u00f5es clim\u00e1ticas, o reconhecimento do territ\u00f3rio e a transforma\u00e7\u00e3o da paisagem estar\u00e3o no centro das interven\u00e7\u00f5es art\u00edsticas.<\/p>\n\n\n\n<p>O trabalho a realizar coletivamente ter\u00e1 a sua apresenta\u00e7\u00e3o p\u00fablica no dia 1 de outubro com interven\u00e7\u00f5es nos diversos espa\u00e7os p\u00fablicos da vila, num percurso entre as 11h e as 19h, que terminar\u00e1 com um espet\u00e1culo in\u00e9dito de dan\u00e7a vertical na Barragem da Bravura, integrada na freguesia de Bensafrim.<\/p>\n\n\n\n<p>No dia 2 de outubro, a cria\u00e7\u00e3o coletiva \u201c\u00c1gua Invis\u00edvel\u201d ter\u00e1 lugar no Largo do Moinho de Odi\u00e1xere a partir das 21h, seguindo-se o concerto de encerramento a partir das 22h.<\/p>\n\n\n\n<p>A participa\u00e7\u00e3o nas atividades de dia 1 e 2 \u00e9 livre e gratuita. Quem pretender transporte para a desloca\u00e7\u00e3o de autocarro entre Odi\u00e1xere-Barragem da Bravura-Odi\u00e1xere, dever\u00e1 inscrever-se atrav\u00e9s do e-mail (lugares limitados):\u00a0<a href=\"mailto:museu@cm-lagos.pt\" target=\"_blank\" rel=\"noreferrer noopener\">museu@cm-lagos.pt<\/a><\/p>\n\n\n\n<p>Esta \u00e9 uma iniciativa promovida pelo munic\u00edpio de Lagos\/Museu de Lagos, com o apoio da Junta de Freguesia de Odi\u00e1xere, Agrupamento de Escolas Gil Eanes, Associa\u00e7\u00e3o Improvise and Organize e ARBA &#8211; Associa\u00e7\u00e3o de Regantes e Benefici\u00e1rios do Alvor.<\/p>\n\n\n\n<p>\u00c1gua Invis\u00edvel: mobilizamo-nos pelo futuro!<\/p>\n\n\n\n<p>Assista ao teaser\u00a0<a href=\"https:\/\/www.youtube.com\/watch?v=_0WB1jHFZck\" target=\"_blank\" rel=\"noreferrer noopener\">aqui<\/a>.<\/p>\n\n\n\n<p><strong>PROGRAMA:<\/strong><\/p>\n\n\n\n<p><strong>1 de outubro<\/strong><\/p>\n\n\n\n<p>11h00 | Largo da Alegria | Inaugura\u00e7\u00e3o Exposi\u00e7\u00e3o \u201cMapa do Corpo de \u00c1gua\u201d, pelos alunos da Escola EB1 de Odi\u00e1xere (Coord. Alina Trofan)<\/p>\n\n\n\n<p>14h30 | Largo da Liberdade | Inaugura\u00e7\u00e3o da Exposi\u00e7\u00e3o de Marieke&nbsp;<\/p>\n\n\n\n<p>15h00 | Adro da Igreja de Odi\u00e1xere | Performance \u201cDoor of Water\u201d por Alna Trofan<\/p>\n\n\n\n<p>15h30 | Moinho de Odi\u00e1xere | Instala\u00e7\u00e3o Sonora \u201cWater Fail\u201d por Simon Stuij<\/p>\n\n\n\n<p>16h00 | Antiga Feira do Gado | Espet\u00e1culo de Dan\u00e7a \u201cFull of Flies\u201d por Oph\u00e9lie Parot<\/p>\n\n\n\n<p>16h30 | Transporte de autocarro Odi\u00e1xere \u2013 Barragem da Bravura (sujeito a marca\u00e7\u00e3o pr\u00e9via atrav\u00e9s do email\u00a0<a href=\"mailto:museu@cm-lagos.pt\" target=\"_blank\" rel=\"noreferrer noopener\">museu@cm-lagos.pt<\/a>)\u00a0<\/p>\n\n\n\n<p>17h30 | Barragem da Bravura | Espet\u00e1culo de Dan\u00e7a Vertical \u201cNavia\u201d por Paulina Almeida e Ron van Roosmalen<\/p>\n\n\n\n<p>19h00 | Regresso de autocarro Barragem da Bravura &#8211; Odi\u00e1xere<\/p>\n\n\n\n<p><strong>2 de outubro<\/strong><\/p>\n\n\n\n<p>21h00 | Moinho de Odi\u00e1xere | Cria\u00e7\u00e3o Coletiva \u201cA \u00c1gua Invis\u00edvel\u201d&nbsp;<\/p>\n\n\n\n<p>22h00 | Moinho de Odi\u00e1xere | Concerto de Encerramento com Toni Lameirinhas, Jos\u00e9 Martin e Gustavo Miranda<\/p>\n","protected":false},"excerpt":{"rendered":"<p>A \u00e1gua \u2013 vis\u00edvel ou invis\u00edvel \u2013 marca a paisagem da freguesia de Odi\u00e1xere, no concelho de Lagos, nos dias<\/p>\n","protected":false},"author":1,"featured_media":42620,"comment_status":"open","ping_status":"open","sticky":false,"template":"","format":"standard","meta":{"colormag_page_container_layout":"default_layout","colormag_page_sidebar_layout":"default_layout","_monsterinsights_skip_tracking":false,"_monsterinsights_sitenote_active":false,"_monsterinsights_sitenote_note":"","_monsterinsights_sitenote_category":0,"jetpack_post_was_ever_published":false,"_jetpack_newsletter_access":"","_jetpack_dont_email_post_to_subs":false,"_jetpack_newsletter_tier_id":0,"_jetpack_memberships_contains_paywalled_content":false,"_jetpack_memberships_contains_paid_content":false,"footnotes":"","jetpack_publicize_message":"","jetpack_publicize_feature_enabled":true,"jetpack_social_post_already_shared":false,"jetpack_social_options":{"image_generator_settings":{"template":"highway","default_image_id":0,"font":"","enabled":false},"version":2}},"categories":[5],"tags":[36,32,68],"class_list":["post-42619","post","type-post","status-publish","format-standard","has-post-thumbnail","hentry","category-ambiente","tag-algarve","tag-ambiente","tag-lagos"],"yoast_head":"<!-- This site is optimized with the Yoast SEO plugin v27.5 - https:\/\/yoast.com\/product\/yoast-seo-wordpress\/ -->\n<title>Dia Nacional da \u00c1gua \u00e9 comemorado em Odi\u00e1xere com din\u00e2mica programa\u00e7\u00e3o cultural - Algarve 7<\/title>\n<meta name=\"description\" content=\"Dia Nacional da \u00c1gua \u00e9 comemorado em Odi\u00e1xere com din\u00e2mica programa\u00e7\u00e3o cultural Ambiente\" \/>\n<meta name=\"robots\" content=\"index, follow, max-snippet:-1, max-image-preview:large, max-video-preview:-1\" \/>\n<link rel=\"canonical\" href=\"https:\/\/algarve7.pt\/index.php\/2024\/09\/dia-nacional-da-agua-e-comemorado-em-odiaxere-com-dinamica-programacao-cultural\/ambiente\/09\/00\/\" \/>\n<meta property=\"og:locale\" content=\"pt_PT\" \/>\n<meta property=\"og:type\" content=\"article\" \/>\n<meta property=\"og:title\" content=\"Dia Nacional da \u00c1gua \u00e9 comemorado em Odi\u00e1xere com din\u00e2mica programa\u00e7\u00e3o cultural - Algarve 7\" \/>\n<meta property=\"og:description\" content=\"Dia Nacional da \u00c1gua \u00e9 comemorado em Odi\u00e1xere com din\u00e2mica programa\u00e7\u00e3o cultural Ambiente\" \/>\n<meta property=\"og:url\" content=\"https:\/\/algarve7.pt\/index.php\/2024\/09\/dia-nacional-da-agua-e-comemorado-em-odiaxere-com-dinamica-programacao-cultural\/ambiente\/09\/00\/\" \/>\n<meta property=\"og:site_name\" content=\"Algarve 7\" \/>\n<meta property=\"article:publisher\" content=\"https:\/\/www.facebook.com\/algarve7\" \/>\n<meta property=\"article:author\" content=\"https:\/\/www.facebook.com\/algarve7\" \/>\n<meta property=\"article:published_time\" content=\"2024-09-29T08:00:00+00:00\" \/>\n<meta property=\"og:image\" content=\"https:\/\/algarve7.pt\/wp-content\/uploads\/2024\/09\/Agua-Invisivel-Odiaxere-Cartaz.png\" \/>\n\t<meta property=\"og:image:width\" content=\"800\" \/>\n\t<meta property=\"og:image:height\" content=\"470\" \/>\n\t<meta property=\"og:image:type\" content=\"image\/png\" \/>\n<meta name=\"author\" content=\"Algarve 7\" \/>\n<meta name=\"twitter:card\" content=\"summary_large_image\" \/>\n<meta name=\"twitter:creator\" content=\"@Algarvesete\" \/>\n<meta name=\"twitter:site\" content=\"@Algarvesete\" \/>\n<meta name=\"twitter:label1\" content=\"Escrito por\" \/>\n\t<meta name=\"twitter:data1\" content=\"Algarve 7\" \/>\n\t<meta name=\"twitter:label2\" content=\"Tempo estimado de leitura\" \/>\n\t<meta name=\"twitter:data2\" content=\"4 minutos\" \/>\n<script type=\"application\/ld+json\" class=\"yoast-schema-graph\">{\"@context\":\"https:\\\/\\\/schema.org\",\"@graph\":[{\"@type\":\"Article\",\"@id\":\"https:\\\/\\\/algarve7.pt\\\/index.php\\\/2024\\\/09\\\/dia-nacional-da-agua-e-comemorado-em-odiaxere-com-dinamica-programacao-cultural\\\/ambiente\\\/09\\\/00\\\/#article\",\"isPartOf\":{\"@id\":\"https:\\\/\\\/algarve7.pt\\\/index.php\\\/2024\\\/09\\\/dia-nacional-da-agua-e-comemorado-em-odiaxere-com-dinamica-programacao-cultural\\\/ambiente\\\/09\\\/00\\\/\"},\"author\":{\"name\":\"Algarve 7\",\"@id\":\"https:\\\/\\\/algarve7.pt\\\/#\\\/schema\\\/person\\\/23fa70681308e7b319a3204bcea45e0c\"},\"headline\":\"Dia Nacional da \u00c1gua \u00e9 comemorado em Odi\u00e1xere com din\u00e2mica programa\u00e7\u00e3o cultural\",\"datePublished\":\"2024-09-29T08:00:00+00:00\",\"mainEntityOfPage\":{\"@id\":\"https:\\\/\\\/algarve7.pt\\\/index.php\\\/2024\\\/09\\\/dia-nacional-da-agua-e-comemorado-em-odiaxere-com-dinamica-programacao-cultural\\\/ambiente\\\/09\\\/00\\\/\"},\"wordCount\":701,\"commentCount\":0,\"publisher\":{\"@id\":\"https:\\\/\\\/algarve7.pt\\\/#organization\"},\"image\":{\"@id\":\"https:\\\/\\\/algarve7.pt\\\/index.php\\\/2024\\\/09\\\/dia-nacional-da-agua-e-comemorado-em-odiaxere-com-dinamica-programacao-cultural\\\/ambiente\\\/09\\\/00\\\/#primaryimage\"},\"thumbnailUrl\":\"https:\\\/\\\/algarve7.pt\\\/wp-content\\\/uploads\\\/2024\\\/09\\\/Agua-Invisivel-Odiaxere-Cartaz.png\",\"keywords\":[\"Algarve\",\"Ambiente\",\"Lagos\"],\"articleSection\":[\"Ambiente\"],\"inLanguage\":\"pt-PT\",\"potentialAction\":[{\"@type\":\"CommentAction\",\"name\":\"Comment\",\"target\":[\"https:\\\/\\\/algarve7.pt\\\/index.php\\\/2024\\\/09\\\/dia-nacional-da-agua-e-comemorado-em-odiaxere-com-dinamica-programacao-cultural\\\/ambiente\\\/09\\\/00\\\/#respond\"]}]},{\"@type\":\"WebPage\",\"@id\":\"https:\\\/\\\/algarve7.pt\\\/index.php\\\/2024\\\/09\\\/dia-nacional-da-agua-e-comemorado-em-odiaxere-com-dinamica-programacao-cultural\\\/ambiente\\\/09\\\/00\\\/\",\"url\":\"https:\\\/\\\/algarve7.pt\\\/index.php\\\/2024\\\/09\\\/dia-nacional-da-agua-e-comemorado-em-odiaxere-com-dinamica-programacao-cultural\\\/ambiente\\\/09\\\/00\\\/\",\"name\":\"Dia Nacional da \u00c1gua \u00e9 comemorado em Odi\u00e1xere com din\u00e2mica programa\u00e7\u00e3o cultural - Algarve 7\",\"isPartOf\":{\"@id\":\"https:\\\/\\\/algarve7.pt\\\/#website\"},\"primaryImageOfPage\":{\"@id\":\"https:\\\/\\\/algarve7.pt\\\/index.php\\\/2024\\\/09\\\/dia-nacional-da-agua-e-comemorado-em-odiaxere-com-dinamica-programacao-cultural\\\/ambiente\\\/09\\\/00\\\/#primaryimage\"},\"image\":{\"@id\":\"https:\\\/\\\/algarve7.pt\\\/index.php\\\/2024\\\/09\\\/dia-nacional-da-agua-e-comemorado-em-odiaxere-com-dinamica-programacao-cultural\\\/ambiente\\\/09\\\/00\\\/#primaryimage\"},\"thumbnailUrl\":\"https:\\\/\\\/algarve7.pt\\\/wp-content\\\/uploads\\\/2024\\\/09\\\/Agua-Invisivel-Odiaxere-Cartaz.png\",\"datePublished\":\"2024-09-29T08:00:00+00:00\",\"description\":\"Dia Nacional da \u00c1gua \u00e9 comemorado em Odi\u00e1xere com din\u00e2mica programa\u00e7\u00e3o cultural Ambiente\",\"breadcrumb\":{\"@id\":\"https:\\\/\\\/algarve7.pt\\\/index.php\\\/2024\\\/09\\\/dia-nacional-da-agua-e-comemorado-em-odiaxere-com-dinamica-programacao-cultural\\\/ambiente\\\/09\\\/00\\\/#breadcrumb\"},\"inLanguage\":\"pt-PT\",\"potentialAction\":[{\"@type\":\"ReadAction\",\"target\":[\"https:\\\/\\\/algarve7.pt\\\/index.php\\\/2024\\\/09\\\/dia-nacional-da-agua-e-comemorado-em-odiaxere-com-dinamica-programacao-cultural\\\/ambiente\\\/09\\\/00\\\/\"]}]},{\"@type\":\"ImageObject\",\"inLanguage\":\"pt-PT\",\"@id\":\"https:\\\/\\\/algarve7.pt\\\/index.php\\\/2024\\\/09\\\/dia-nacional-da-agua-e-comemorado-em-odiaxere-com-dinamica-programacao-cultural\\\/ambiente\\\/09\\\/00\\\/#primaryimage\",\"url\":\"https:\\\/\\\/algarve7.pt\\\/wp-content\\\/uploads\\\/2024\\\/09\\\/Agua-Invisivel-Odiaxere-Cartaz.png\",\"contentUrl\":\"https:\\\/\\\/algarve7.pt\\\/wp-content\\\/uploads\\\/2024\\\/09\\\/Agua-Invisivel-Odiaxere-Cartaz.png\",\"width\":800,\"height\":470},{\"@type\":\"BreadcrumbList\",\"@id\":\"https:\\\/\\\/algarve7.pt\\\/index.php\\\/2024\\\/09\\\/dia-nacional-da-agua-e-comemorado-em-odiaxere-com-dinamica-programacao-cultural\\\/ambiente\\\/09\\\/00\\\/#breadcrumb\",\"itemListElement\":[{\"@type\":\"ListItem\",\"position\":1,\"name\":\"In\u00edcio\",\"item\":\"https:\\\/\\\/algarve7.pt\\\/\"},{\"@type\":\"ListItem\",\"position\":2,\"name\":\"Dia Nacional da \u00c1gua \u00e9 comemorado em Odi\u00e1xere com din\u00e2mica programa\u00e7\u00e3o cultural\"}]},{\"@type\":\"WebSite\",\"@id\":\"https:\\\/\\\/algarve7.pt\\\/#website\",\"url\":\"https:\\\/\\\/algarve7.pt\\\/\",\"name\":\"Algarve 7\",\"description\":\"Informa\u00e7\u00e3o sobre o Algarve\",\"publisher\":{\"@id\":\"https:\\\/\\\/algarve7.pt\\\/#organization\"},\"potentialAction\":[{\"@type\":\"SearchAction\",\"target\":{\"@type\":\"EntryPoint\",\"urlTemplate\":\"https:\\\/\\\/algarve7.pt\\\/?s={search_term_string}\"},\"query-input\":{\"@type\":\"PropertyValueSpecification\",\"valueRequired\":true,\"valueName\":\"search_term_string\"}}],\"inLanguage\":\"pt-PT\"},{\"@type\":\"Organization\",\"@id\":\"https:\\\/\\\/algarve7.pt\\\/#organization\",\"name\":\"Algarve 7\",\"url\":\"https:\\\/\\\/algarve7.pt\\\/\",\"logo\":{\"@type\":\"ImageObject\",\"inLanguage\":\"pt-PT\",\"@id\":\"https:\\\/\\\/algarve7.pt\\\/#\\\/schema\\\/logo\\\/image\\\/\",\"url\":\"https:\\\/\\\/algarve7.pt\\\/wp-content\\\/uploads\\\/2020\\\/10\\\/Logo-8.jpg\",\"contentUrl\":\"https:\\\/\\\/algarve7.pt\\\/wp-content\\\/uploads\\\/2020\\\/10\\\/Logo-8.jpg\",\"width\":1680,\"height\":1186,\"caption\":\"Algarve 7\"},\"image\":{\"@id\":\"https:\\\/\\\/algarve7.pt\\\/#\\\/schema\\\/logo\\\/image\\\/\"},\"sameAs\":[\"https:\\\/\\\/www.facebook.com\\\/algarve7\",\"https:\\\/\\\/x.com\\\/Algarvesete\",\"https:\\\/\\\/www.instagram.com\\\/jornalalgarve7\\\/\",\"https:\\\/\\\/www.linkedin.com\\\/company\\\/algarve7\",\"https:\\\/\\\/www.pinterest.pt\\\/geral0939\\\/_created\\\/\"]},{\"@type\":\"Person\",\"@id\":\"https:\\\/\\\/algarve7.pt\\\/#\\\/schema\\\/person\\\/23fa70681308e7b319a3204bcea45e0c\",\"name\":\"Algarve 7\",\"sameAs\":[\"https:\\\/\\\/algarve7.pt\",\"https:\\\/\\\/www.facebook.com\\\/algarve7\"],\"url\":\"https:\\\/\\\/algarve7.pt\\\/index.php\\\/author\\\/geralalgarve7-pt\\\/\"}]}<\/script>\n<!-- \/ Yoast SEO plugin. -->","yoast_head_json":{"title":"Dia Nacional da \u00c1gua \u00e9 comemorado em Odi\u00e1xere com din\u00e2mica programa\u00e7\u00e3o cultural - Algarve 7","description":"Dia Nacional da \u00c1gua \u00e9 comemorado em Odi\u00e1xere com din\u00e2mica programa\u00e7\u00e3o cultural Ambiente","robots":{"index":"index","follow":"follow","max-snippet":"max-snippet:-1","max-image-preview":"max-image-preview:large","max-video-preview":"max-video-preview:-1"},"canonical":"https:\/\/algarve7.pt\/index.php\/2024\/09\/dia-nacional-da-agua-e-comemorado-em-odiaxere-com-dinamica-programacao-cultural\/ambiente\/09\/00\/","og_locale":"pt_PT","og_type":"article","og_title":"Dia Nacional da \u00c1gua \u00e9 comemorado em Odi\u00e1xere com din\u00e2mica programa\u00e7\u00e3o cultural - Algarve 7","og_description":"Dia Nacional da \u00c1gua \u00e9 comemorado em Odi\u00e1xere com din\u00e2mica programa\u00e7\u00e3o cultural Ambiente","og_url":"https:\/\/algarve7.pt\/index.php\/2024\/09\/dia-nacional-da-agua-e-comemorado-em-odiaxere-com-dinamica-programacao-cultural\/ambiente\/09\/00\/","og_site_name":"Algarve 7","article_publisher":"https:\/\/www.facebook.com\/algarve7","article_author":"https:\/\/www.facebook.com\/algarve7","article_published_time":"2024-09-29T08:00:00+00:00","og_image":[{"width":800,"height":470,"url":"https:\/\/algarve7.pt\/wp-content\/uploads\/2024\/09\/Agua-Invisivel-Odiaxere-Cartaz.png","type":"image\/png"}],"author":"Algarve 7","twitter_card":"summary_large_image","twitter_creator":"@Algarvesete","twitter_site":"@Algarvesete","twitter_misc":{"Escrito por":"Algarve 7","Tempo estimado de leitura":"4 minutos"},"schema":{"@context":"https:\/\/schema.org","@graph":[{"@type":"Article","@id":"https:\/\/algarve7.pt\/index.php\/2024\/09\/dia-nacional-da-agua-e-comemorado-em-odiaxere-com-dinamica-programacao-cultural\/ambiente\/09\/00\/#article","isPartOf":{"@id":"https:\/\/algarve7.pt\/index.php\/2024\/09\/dia-nacional-da-agua-e-comemorado-em-odiaxere-com-dinamica-programacao-cultural\/ambiente\/09\/00\/"},"author":{"name":"Algarve 7","@id":"https:\/\/algarve7.pt\/#\/schema\/person\/23fa70681308e7b319a3204bcea45e0c"},"headline":"Dia Nacional da \u00c1gua \u00e9 comemorado em Odi\u00e1xere com din\u00e2mica programa\u00e7\u00e3o cultural","datePublished":"2024-09-29T08:00:00+00:00","mainEntityOfPage":{"@id":"https:\/\/algarve7.pt\/index.php\/2024\/09\/dia-nacional-da-agua-e-comemorado-em-odiaxere-com-dinamica-programacao-cultural\/ambiente\/09\/00\/"},"wordCount":701,"commentCount":0,"publisher":{"@id":"https:\/\/algarve7.pt\/#organization"},"image":{"@id":"https:\/\/algarve7.pt\/index.php\/2024\/09\/dia-nacional-da-agua-e-comemorado-em-odiaxere-com-dinamica-programacao-cultural\/ambiente\/09\/00\/#primaryimage"},"thumbnailUrl":"https:\/\/algarve7.pt\/wp-content\/uploads\/2024\/09\/Agua-Invisivel-Odiaxere-Cartaz.png","keywords":["Algarve","Ambiente","Lagos"],"articleSection":["Ambiente"],"inLanguage":"pt-PT","potentialAction":[{"@type":"CommentAction","name":"Comment","target":["https:\/\/algarve7.pt\/index.php\/2024\/09\/dia-nacional-da-agua-e-comemorado-em-odiaxere-com-dinamica-programacao-cultural\/ambiente\/09\/00\/#respond"]}]},{"@type":"WebPage","@id":"https:\/\/algarve7.pt\/index.php\/2024\/09\/dia-nacional-da-agua-e-comemorado-em-odiaxere-com-dinamica-programacao-cultural\/ambiente\/09\/00\/","url":"https:\/\/algarve7.pt\/index.php\/2024\/09\/dia-nacional-da-agua-e-comemorado-em-odiaxere-com-dinamica-programacao-cultural\/ambiente\/09\/00\/","name":"Dia Nacional da \u00c1gua \u00e9 comemorado em Odi\u00e1xere com din\u00e2mica programa\u00e7\u00e3o cultural - Algarve 7","isPartOf":{"@id":"https:\/\/algarve7.pt\/#website"},"primaryImageOfPage":{"@id":"https:\/\/algarve7.pt\/index.php\/2024\/09\/dia-nacional-da-agua-e-comemorado-em-odiaxere-com-dinamica-programacao-cultural\/ambiente\/09\/00\/#primaryimage"},"image":{"@id":"https:\/\/algarve7.pt\/index.php\/2024\/09\/dia-nacional-da-agua-e-comemorado-em-odiaxere-com-dinamica-programacao-cultural\/ambiente\/09\/00\/#primaryimage"},"thumbnailUrl":"https:\/\/algarve7.pt\/wp-content\/uploads\/2024\/09\/Agua-Invisivel-Odiaxere-Cartaz.png","datePublished":"2024-09-29T08:00:00+00:00","description":"Dia Nacional da \u00c1gua \u00e9 comemorado em Odi\u00e1xere com din\u00e2mica programa\u00e7\u00e3o cultural Ambiente","breadcrumb":{"@id":"https:\/\/algarve7.pt\/index.php\/2024\/09\/dia-nacional-da-agua-e-comemorado-em-odiaxere-com-dinamica-programacao-cultural\/ambiente\/09\/00\/#breadcrumb"},"inLanguage":"pt-PT","potentialAction":[{"@type":"ReadAction","target":["https:\/\/algarve7.pt\/index.php\/2024\/09\/dia-nacional-da-agua-e-comemorado-em-odiaxere-com-dinamica-programacao-cultural\/ambiente\/09\/00\/"]}]},{"@type":"ImageObject","inLanguage":"pt-PT","@id":"https:\/\/algarve7.pt\/index.php\/2024\/09\/dia-nacional-da-agua-e-comemorado-em-odiaxere-com-dinamica-programacao-cultural\/ambiente\/09\/00\/#primaryimage","url":"https:\/\/algarve7.pt\/wp-content\/uploads\/2024\/09\/Agua-Invisivel-Odiaxere-Cartaz.png","contentUrl":"https:\/\/algarve7.pt\/wp-content\/uploads\/2024\/09\/Agua-Invisivel-Odiaxere-Cartaz.png","width":800,"height":470},{"@type":"BreadcrumbList","@id":"https:\/\/algarve7.pt\/index.php\/2024\/09\/dia-nacional-da-agua-e-comemorado-em-odiaxere-com-dinamica-programacao-cultural\/ambiente\/09\/00\/#breadcrumb","itemListElement":[{"@type":"ListItem","position":1,"name":"In\u00edcio","item":"https:\/\/algarve7.pt\/"},{"@type":"ListItem","position":2,"name":"Dia Nacional da \u00c1gua \u00e9 comemorado em Odi\u00e1xere com din\u00e2mica programa\u00e7\u00e3o cultural"}]},{"@type":"WebSite","@id":"https:\/\/algarve7.pt\/#website","url":"https:\/\/algarve7.pt\/","name":"Algarve 7","description":"Informa\u00e7\u00e3o sobre o Algarve","publisher":{"@id":"https:\/\/algarve7.pt\/#organization"},"potentialAction":[{"@type":"SearchAction","target":{"@type":"EntryPoint","urlTemplate":"https:\/\/algarve7.pt\/?s={search_term_string}"},"query-input":{"@type":"PropertyValueSpecification","valueRequired":true,"valueName":"search_term_string"}}],"inLanguage":"pt-PT"},{"@type":"Organization","@id":"https:\/\/algarve7.pt\/#organization","name":"Algarve 7","url":"https:\/\/algarve7.pt\/","logo":{"@type":"ImageObject","inLanguage":"pt-PT","@id":"https:\/\/algarve7.pt\/#\/schema\/logo\/image\/","url":"https:\/\/algarve7.pt\/wp-content\/uploads\/2020\/10\/Logo-8.jpg","contentUrl":"https:\/\/algarve7.pt\/wp-content\/uploads\/2020\/10\/Logo-8.jpg","width":1680,"height":1186,"caption":"Algarve 7"},"image":{"@id":"https:\/\/algarve7.pt\/#\/schema\/logo\/image\/"},"sameAs":["https:\/\/www.facebook.com\/algarve7","https:\/\/x.com\/Algarvesete","https:\/\/www.instagram.com\/jornalalgarve7\/","https:\/\/www.linkedin.com\/company\/algarve7","https:\/\/www.pinterest.pt\/geral0939\/_created\/"]},{"@type":"Person","@id":"https:\/\/algarve7.pt\/#\/schema\/person\/23fa70681308e7b319a3204bcea45e0c","name":"Algarve 7","sameAs":["https:\/\/algarve7.pt","https:\/\/www.facebook.com\/algarve7"],"url":"https:\/\/algarve7.pt\/index.php\/author\/geralalgarve7-pt\/"}]}},"jetpack_publicize_connections":[],"jetpack_featured_media_url":"https:\/\/algarve7.pt\/wp-content\/uploads\/2024\/09\/Agua-Invisivel-Odiaxere-Cartaz.png","jetpack_shortlink":"https:\/\/wp.me\/pcezmW-b5p","jetpack_sharing_enabled":true,"_links":{"self":[{"href":"https:\/\/algarve7.pt\/index.php\/wp-json\/wp\/v2\/posts\/42619","targetHints":{"allow":["GET"]}}],"collection":[{"href":"https:\/\/algarve7.pt\/index.php\/wp-json\/wp\/v2\/posts"}],"about":[{"href":"https:\/\/algarve7.pt\/index.php\/wp-json\/wp\/v2\/types\/post"}],"author":[{"embeddable":true,"href":"https:\/\/algarve7.pt\/index.php\/wp-json\/wp\/v2\/users\/1"}],"replies":[{"embeddable":true,"href":"https:\/\/algarve7.pt\/index.php\/wp-json\/wp\/v2\/comments?post=42619"}],"version-history":[{"count":0,"href":"https:\/\/algarve7.pt\/index.php\/wp-json\/wp\/v2\/posts\/42619\/revisions"}],"wp:featuredmedia":[{"embeddable":true,"href":"https:\/\/algarve7.pt\/index.php\/wp-json\/wp\/v2\/media\/42620"}],"wp:attachment":[{"href":"https:\/\/algarve7.pt\/index.php\/wp-json\/wp\/v2\/media?parent=42619"}],"wp:term":[{"taxonomy":"category","embeddable":true,"href":"https:\/\/algarve7.pt\/index.php\/wp-json\/wp\/v2\/categories?post=42619"},{"taxonomy":"post_tag","embeddable":true,"href":"https:\/\/algarve7.pt\/index.php\/wp-json\/wp\/v2\/tags?post=42619"}],"curies":[{"name":"wp","href":"https:\/\/api.w.org\/{rel}","templated":true}]}}