{"id":42603,"date":"2024-09-27T19:08:02","date_gmt":"2024-09-27T18:08:02","guid":{"rendered":"https:\/\/algarve7.pt\/?p=42603"},"modified":"2024-09-27T19:08:03","modified_gmt":"2024-09-27T18:08:03","slug":"mercado-municipal-de-portimao-abre-hasta-publica-para-atribuicao-do-direito-de-exploracao-de-um-espaco-comercial","status":"publish","type":"post","link":"https:\/\/algarve7.pt\/index.php\/2024\/09\/mercado-municipal-de-portimao-abre-hasta-publica-para-atribuicao-do-direito-de-exploracao-de-um-espaco-comercial\/atualidade\/19\/08\/","title":{"rendered":"Mercado Municipal de Portim\u00e3o abre hasta p\u00fablica para atribui\u00e7\u00e3o do direito de explora\u00e7\u00e3o de um espa\u00e7o comercial\u00a0"},"content":{"rendered":"\n<p>O Munic\u00edpio de Portim\u00e3o abriu procedimento de hasta p\u00fablica relativo \u00e0 atribui\u00e7\u00e3o do direito de explora\u00e7\u00e3o de um espa\u00e7o comercial no Mercado Municipal de Portim\u00e3o, sito na Avenida S\u00e3o Jo\u00e3o Deus, destinado \u00e0 comercializa\u00e7\u00e3o de qualquer ramo de atividade, com exce\u00e7\u00e3o da \u00e1rea de restaura\u00e7\u00e3o, com a base de licita\u00e7\u00e3o de 3.000 euros.<\/p>\n\n\n\n<p>O processo poder\u00e1 ser consultado at\u00e9 24 de outubro, quer nas instala\u00e7\u00f5es do Mercado Municipal durante os dias \u00fateis, das 9h30 \u00e0s 12h30 e entre as 14h00 e as 16h30, quer na p\u00e1gina oficial da autarquia, em www.cm-portimao.pt&nbsp;<\/p>\n\n\n\n<p>Quaisquer pedidos de esclarecimento dever\u00e3o ser apresentados por escrito, quer para o Mercado Municipal, quer para o seguinte endere\u00e7o eletr\u00f3nico: mercadosdeportimao@cm-portimao.pt<\/p>\n\n\n\n<p>As respetivas inscri\u00e7\u00f5es dever\u00e3o ser efetuadas nos escrit\u00f3rios do Mercado Municipal de Portim\u00e3o, atrav\u00e9s da apresenta\u00e7\u00e3o de requerimento, at\u00e9 cinco dias \u00fateis antes da realiza\u00e7\u00e3o da hasta p\u00fablica, agendada para 4 de novembro pr\u00f3ximo, a partir das 10h00, na sala de reuni\u00f5es localizada no 1.\u00ba andar deste edif\u00edcio.<\/p>\n","protected":false},"excerpt":{"rendered":"<p>O Munic\u00edpio de Portim\u00e3o abriu procedimento de hasta p\u00fablica relativo \u00e0 atribui\u00e7\u00e3o do direito de explora\u00e7\u00e3o de um espa\u00e7o comercial<\/p>\n","protected":false},"author":1,"featured_media":42604,"comment_status":"open","ping_status":"open","sticky":false,"template":"","format":"standard","meta":{"colormag_page_container_layout":"default_layout","colormag_page_sidebar_layout":"default_layout","_monsterinsights_skip_tracking":false,"_monsterinsights_sitenote_active":false,"_monsterinsights_sitenote_note":"","_monsterinsights_sitenote_category":0,"jetpack_post_was_ever_published":false,"_jetpack_newsletter_access":"","_jetpack_dont_email_post_to_subs":false,"_jetpack_newsletter_tier_id":0,"_jetpack_memberships_contains_paywalled_content":false,"_jetpack_memberships_contains_paid_content":false,"footnotes":"","jetpack_publicize_message":"","jetpack_publicize_feature_enabled":true,"jetpack_social_post_already_shared":false,"jetpack_social_options":{"image_generator_settings":{"template":"highway","default_image_id":0,"font":"","enabled":false},"version":2}},"categories":[11],"tags":[36,62,72],"class_list":["post-42603","post","type-post","status-publish","format-standard","has-post-thumbnail","hentry","category-atualidade","tag-algarve","tag-atualidade","tag-portimao"],"yoast_head":"<!-- This site is optimized with the Yoast SEO plugin v27.5 - https:\/\/yoast.com\/product\/yoast-seo-wordpress\/ -->\n<title>Mercado Municipal de Portim\u00e3o abre hasta p\u00fablica para atribui\u00e7\u00e3o do direito de explora\u00e7\u00e3o de um espa\u00e7o comercial\u00a0 - Algarve 7<\/title>\n<meta name=\"description\" content=\"Mercado Municipal de Portim\u00e3o abre hasta p\u00fablica para atribui\u00e7\u00e3o do direito de explora\u00e7\u00e3o de um espa\u00e7o comercial\u00a0 Atualidade\" \/>\n<meta name=\"robots\" content=\"index, follow, max-snippet:-1, max-image-preview:large, max-video-preview:-1\" \/>\n<link rel=\"canonical\" href=\"https:\/\/algarve7.pt\/index.php\/2024\/09\/mercado-municipal-de-portimao-abre-hasta-publica-para-atribuicao-do-direito-de-exploracao-de-um-espaco-comercial\/atualidade\/19\/08\/\" \/>\n<meta property=\"og:locale\" content=\"pt_PT\" \/>\n<meta property=\"og:type\" content=\"article\" \/>\n<meta property=\"og:title\" content=\"Mercado Municipal de Portim\u00e3o abre hasta p\u00fablica para atribui\u00e7\u00e3o do direito de explora\u00e7\u00e3o de um espa\u00e7o comercial\u00a0 - Algarve 7\" \/>\n<meta property=\"og:description\" content=\"Mercado Municipal de Portim\u00e3o abre hasta p\u00fablica para atribui\u00e7\u00e3o do direito de explora\u00e7\u00e3o de um espa\u00e7o comercial\u00a0 Atualidade\" \/>\n<meta property=\"og:url\" content=\"https:\/\/algarve7.pt\/index.php\/2024\/09\/mercado-municipal-de-portimao-abre-hasta-publica-para-atribuicao-do-direito-de-exploracao-de-um-espaco-comercial\/atualidade\/19\/08\/\" \/>\n<meta property=\"og:site_name\" content=\"Algarve 7\" \/>\n<meta property=\"article:publisher\" content=\"https:\/\/www.facebook.com\/algarve7\" \/>\n<meta property=\"article:author\" content=\"https:\/\/www.facebook.com\/algarve7\" \/>\n<meta property=\"article:published_time\" content=\"2024-09-27T18:08:02+00:00\" \/>\n<meta property=\"article:modified_time\" content=\"2024-09-27T18:08:03+00:00\" \/>\n<meta property=\"og:image\" content=\"https:\/\/algarve7.pt\/wp-content\/uploads\/2024\/09\/Hasta-Publica-Mercado-Municipal-Portimao.jpg\" \/>\n\t<meta property=\"og:image:width\" content=\"800\" \/>\n\t<meta property=\"og:image:height\" content=\"470\" \/>\n\t<meta property=\"og:image:type\" content=\"image\/jpeg\" \/>\n<meta name=\"author\" content=\"Algarve 7\" \/>\n<meta name=\"twitter:card\" content=\"summary_large_image\" \/>\n<meta name=\"twitter:creator\" content=\"@Algarvesete\" \/>\n<meta name=\"twitter:site\" content=\"@Algarvesete\" \/>\n<meta name=\"twitter:label1\" content=\"Escrito por\" \/>\n\t<meta name=\"twitter:data1\" content=\"Algarve 7\" \/>\n\t<meta name=\"twitter:label2\" content=\"Tempo estimado de leitura\" \/>\n\t<meta name=\"twitter:data2\" content=\"2 minutos\" \/>\n<script type=\"application\/ld+json\" class=\"yoast-schema-graph\">{\"@context\":\"https:\\\/\\\/schema.org\",\"@graph\":[{\"@type\":\"Article\",\"@id\":\"https:\\\/\\\/algarve7.pt\\\/index.php\\\/2024\\\/09\\\/mercado-municipal-de-portimao-abre-hasta-publica-para-atribuicao-do-direito-de-exploracao-de-um-espaco-comercial\\\/atualidade\\\/19\\\/08\\\/#article\",\"isPartOf\":{\"@id\":\"https:\\\/\\\/algarve7.pt\\\/index.php\\\/2024\\\/09\\\/mercado-municipal-de-portimao-abre-hasta-publica-para-atribuicao-do-direito-de-exploracao-de-um-espaco-comercial\\\/atualidade\\\/19\\\/08\\\/\"},\"author\":{\"name\":\"Algarve 7\",\"@id\":\"https:\\\/\\\/algarve7.pt\\\/#\\\/schema\\\/person\\\/23fa70681308e7b319a3204bcea45e0c\"},\"headline\":\"Mercado Municipal de Portim\u00e3o abre hasta p\u00fablica para atribui\u00e7\u00e3o do direito de explora\u00e7\u00e3o de um espa\u00e7o comercial\u00a0\",\"datePublished\":\"2024-09-27T18:08:02+00:00\",\"dateModified\":\"2024-09-27T18:08:03+00:00\",\"mainEntityOfPage\":{\"@id\":\"https:\\\/\\\/algarve7.pt\\\/index.php\\\/2024\\\/09\\\/mercado-municipal-de-portimao-abre-hasta-publica-para-atribuicao-do-direito-de-exploracao-de-um-espaco-comercial\\\/atualidade\\\/19\\\/08\\\/\"},\"wordCount\":210,\"commentCount\":0,\"publisher\":{\"@id\":\"https:\\\/\\\/algarve7.pt\\\/#organization\"},\"image\":{\"@id\":\"https:\\\/\\\/algarve7.pt\\\/index.php\\\/2024\\\/09\\\/mercado-municipal-de-portimao-abre-hasta-publica-para-atribuicao-do-direito-de-exploracao-de-um-espaco-comercial\\\/atualidade\\\/19\\\/08\\\/#primaryimage\"},\"thumbnailUrl\":\"https:\\\/\\\/algarve7.pt\\\/wp-content\\\/uploads\\\/2024\\\/09\\\/Hasta-Publica-Mercado-Municipal-Portimao.jpg\",\"keywords\":[\"Algarve\",\"Atualidade\",\"Portim\u00e3o\"],\"articleSection\":[\"Atualidade\"],\"inLanguage\":\"pt-PT\",\"potentialAction\":[{\"@type\":\"CommentAction\",\"name\":\"Comment\",\"target\":[\"https:\\\/\\\/algarve7.pt\\\/index.php\\\/2024\\\/09\\\/mercado-municipal-de-portimao-abre-hasta-publica-para-atribuicao-do-direito-de-exploracao-de-um-espaco-comercial\\\/atualidade\\\/19\\\/08\\\/#respond\"]}]},{\"@type\":\"WebPage\",\"@id\":\"https:\\\/\\\/algarve7.pt\\\/index.php\\\/2024\\\/09\\\/mercado-municipal-de-portimao-abre-hasta-publica-para-atribuicao-do-direito-de-exploracao-de-um-espaco-comercial\\\/atualidade\\\/19\\\/08\\\/\",\"url\":\"https:\\\/\\\/algarve7.pt\\\/index.php\\\/2024\\\/09\\\/mercado-municipal-de-portimao-abre-hasta-publica-para-atribuicao-do-direito-de-exploracao-de-um-espaco-comercial\\\/atualidade\\\/19\\\/08\\\/\",\"name\":\"Mercado Municipal de Portim\u00e3o abre hasta p\u00fablica para atribui\u00e7\u00e3o do direito de explora\u00e7\u00e3o de um espa\u00e7o comercial\u00a0 - Algarve 7\",\"isPartOf\":{\"@id\":\"https:\\\/\\\/algarve7.pt\\\/#website\"},\"primaryImageOfPage\":{\"@id\":\"https:\\\/\\\/algarve7.pt\\\/index.php\\\/2024\\\/09\\\/mercado-municipal-de-portimao-abre-hasta-publica-para-atribuicao-do-direito-de-exploracao-de-um-espaco-comercial\\\/atualidade\\\/19\\\/08\\\/#primaryimage\"},\"image\":{\"@id\":\"https:\\\/\\\/algarve7.pt\\\/index.php\\\/2024\\\/09\\\/mercado-municipal-de-portimao-abre-hasta-publica-para-atribuicao-do-direito-de-exploracao-de-um-espaco-comercial\\\/atualidade\\\/19\\\/08\\\/#primaryimage\"},\"thumbnailUrl\":\"https:\\\/\\\/algarve7.pt\\\/wp-content\\\/uploads\\\/2024\\\/09\\\/Hasta-Publica-Mercado-Municipal-Portimao.jpg\",\"datePublished\":\"2024-09-27T18:08:02+00:00\",\"dateModified\":\"2024-09-27T18:08:03+00:00\",\"description\":\"Mercado Municipal de Portim\u00e3o abre hasta p\u00fablica para atribui\u00e7\u00e3o do direito de explora\u00e7\u00e3o de um espa\u00e7o comercial\u00a0 Atualidade\",\"breadcrumb\":{\"@id\":\"https:\\\/\\\/algarve7.pt\\\/index.php\\\/2024\\\/09\\\/mercado-municipal-de-portimao-abre-hasta-publica-para-atribuicao-do-direito-de-exploracao-de-um-espaco-comercial\\\/atualidade\\\/19\\\/08\\\/#breadcrumb\"},\"inLanguage\":\"pt-PT\",\"potentialAction\":[{\"@type\":\"ReadAction\",\"target\":[\"https:\\\/\\\/algarve7.pt\\\/index.php\\\/2024\\\/09\\\/mercado-municipal-de-portimao-abre-hasta-publica-para-atribuicao-do-direito-de-exploracao-de-um-espaco-comercial\\\/atualidade\\\/19\\\/08\\\/\"]}]},{\"@type\":\"ImageObject\",\"inLanguage\":\"pt-PT\",\"@id\":\"https:\\\/\\\/algarve7.pt\\\/index.php\\\/2024\\\/09\\\/mercado-municipal-de-portimao-abre-hasta-publica-para-atribuicao-do-direito-de-exploracao-de-um-espaco-comercial\\\/atualidade\\\/19\\\/08\\\/#primaryimage\",\"url\":\"https:\\\/\\\/algarve7.pt\\\/wp-content\\\/uploads\\\/2024\\\/09\\\/Hasta-Publica-Mercado-Municipal-Portimao.jpg\",\"contentUrl\":\"https:\\\/\\\/algarve7.pt\\\/wp-content\\\/uploads\\\/2024\\\/09\\\/Hasta-Publica-Mercado-Municipal-Portimao.jpg\",\"width\":800,\"height\":470},{\"@type\":\"BreadcrumbList\",\"@id\":\"https:\\\/\\\/algarve7.pt\\\/index.php\\\/2024\\\/09\\\/mercado-municipal-de-portimao-abre-hasta-publica-para-atribuicao-do-direito-de-exploracao-de-um-espaco-comercial\\\/atualidade\\\/19\\\/08\\\/#breadcrumb\",\"itemListElement\":[{\"@type\":\"ListItem\",\"position\":1,\"name\":\"In\u00edcio\",\"item\":\"https:\\\/\\\/algarve7.pt\\\/\"},{\"@type\":\"ListItem\",\"position\":2,\"name\":\"Mercado Municipal de Portim\u00e3o abre hasta p\u00fablica para atribui\u00e7\u00e3o do direito de explora\u00e7\u00e3o de um espa\u00e7o comercial\u00a0\"}]},{\"@type\":\"WebSite\",\"@id\":\"https:\\\/\\\/algarve7.pt\\\/#website\",\"url\":\"https:\\\/\\\/algarve7.pt\\\/\",\"name\":\"Algarve 7\",\"description\":\"Informa\u00e7\u00e3o sobre o Algarve\",\"publisher\":{\"@id\":\"https:\\\/\\\/algarve7.pt\\\/#organization\"},\"potentialAction\":[{\"@type\":\"SearchAction\",\"target\":{\"@type\":\"EntryPoint\",\"urlTemplate\":\"https:\\\/\\\/algarve7.pt\\\/?s={search_term_string}\"},\"query-input\":{\"@type\":\"PropertyValueSpecification\",\"valueRequired\":true,\"valueName\":\"search_term_string\"}}],\"inLanguage\":\"pt-PT\"},{\"@type\":\"Organization\",\"@id\":\"https:\\\/\\\/algarve7.pt\\\/#organization\",\"name\":\"Algarve 7\",\"url\":\"https:\\\/\\\/algarve7.pt\\\/\",\"logo\":{\"@type\":\"ImageObject\",\"inLanguage\":\"pt-PT\",\"@id\":\"https:\\\/\\\/algarve7.pt\\\/#\\\/schema\\\/logo\\\/image\\\/\",\"url\":\"https:\\\/\\\/algarve7.pt\\\/wp-content\\\/uploads\\\/2020\\\/10\\\/Logo-8.jpg\",\"contentUrl\":\"https:\\\/\\\/algarve7.pt\\\/wp-content\\\/uploads\\\/2020\\\/10\\\/Logo-8.jpg\",\"width\":1680,\"height\":1186,\"caption\":\"Algarve 7\"},\"image\":{\"@id\":\"https:\\\/\\\/algarve7.pt\\\/#\\\/schema\\\/logo\\\/image\\\/\"},\"sameAs\":[\"https:\\\/\\\/www.facebook.com\\\/algarve7\",\"https:\\\/\\\/x.com\\\/Algarvesete\",\"https:\\\/\\\/www.instagram.com\\\/jornalalgarve7\\\/\",\"https:\\\/\\\/www.linkedin.com\\\/company\\\/algarve7\",\"https:\\\/\\\/www.pinterest.pt\\\/geral0939\\\/_created\\\/\"]},{\"@type\":\"Person\",\"@id\":\"https:\\\/\\\/algarve7.pt\\\/#\\\/schema\\\/person\\\/23fa70681308e7b319a3204bcea45e0c\",\"name\":\"Algarve 7\",\"sameAs\":[\"https:\\\/\\\/algarve7.pt\",\"https:\\\/\\\/www.facebook.com\\\/algarve7\"],\"url\":\"https:\\\/\\\/algarve7.pt\\\/index.php\\\/author\\\/geralalgarve7-pt\\\/\"}]}<\/script>\n<!-- \/ Yoast SEO plugin. -->","yoast_head_json":{"title":"Mercado Municipal de Portim\u00e3o abre hasta p\u00fablica para atribui\u00e7\u00e3o do direito de explora\u00e7\u00e3o de um espa\u00e7o comercial\u00a0 - Algarve 7","description":"Mercado Municipal de Portim\u00e3o abre hasta p\u00fablica para atribui\u00e7\u00e3o do direito de explora\u00e7\u00e3o de um espa\u00e7o comercial\u00a0 Atualidade","robots":{"index":"index","follow":"follow","max-snippet":"max-snippet:-1","max-image-preview":"max-image-preview:large","max-video-preview":"max-video-preview:-1"},"canonical":"https:\/\/algarve7.pt\/index.php\/2024\/09\/mercado-municipal-de-portimao-abre-hasta-publica-para-atribuicao-do-direito-de-exploracao-de-um-espaco-comercial\/atualidade\/19\/08\/","og_locale":"pt_PT","og_type":"article","og_title":"Mercado Municipal de Portim\u00e3o abre hasta p\u00fablica para atribui\u00e7\u00e3o do direito de explora\u00e7\u00e3o de um espa\u00e7o comercial\u00a0 - Algarve 7","og_description":"Mercado Municipal de Portim\u00e3o abre hasta p\u00fablica para atribui\u00e7\u00e3o do direito de explora\u00e7\u00e3o de um espa\u00e7o comercial\u00a0 Atualidade","og_url":"https:\/\/algarve7.pt\/index.php\/2024\/09\/mercado-municipal-de-portimao-abre-hasta-publica-para-atribuicao-do-direito-de-exploracao-de-um-espaco-comercial\/atualidade\/19\/08\/","og_site_name":"Algarve 7","article_publisher":"https:\/\/www.facebook.com\/algarve7","article_author":"https:\/\/www.facebook.com\/algarve7","article_published_time":"2024-09-27T18:08:02+00:00","article_modified_time":"2024-09-27T18:08:03+00:00","og_image":[{"width":800,"height":470,"url":"https:\/\/algarve7.pt\/wp-content\/uploads\/2024\/09\/Hasta-Publica-Mercado-Municipal-Portimao.jpg","type":"image\/jpeg"}],"author":"Algarve 7","twitter_card":"summary_large_image","twitter_creator":"@Algarvesete","twitter_site":"@Algarvesete","twitter_misc":{"Escrito por":"Algarve 7","Tempo estimado de leitura":"2 minutos"},"schema":{"@context":"https:\/\/schema.org","@graph":[{"@type":"Article","@id":"https:\/\/algarve7.pt\/index.php\/2024\/09\/mercado-municipal-de-portimao-abre-hasta-publica-para-atribuicao-do-direito-de-exploracao-de-um-espaco-comercial\/atualidade\/19\/08\/#article","isPartOf":{"@id":"https:\/\/algarve7.pt\/index.php\/2024\/09\/mercado-municipal-de-portimao-abre-hasta-publica-para-atribuicao-do-direito-de-exploracao-de-um-espaco-comercial\/atualidade\/19\/08\/"},"author":{"name":"Algarve 7","@id":"https:\/\/algarve7.pt\/#\/schema\/person\/23fa70681308e7b319a3204bcea45e0c"},"headline":"Mercado Municipal de Portim\u00e3o abre hasta p\u00fablica para atribui\u00e7\u00e3o do direito de explora\u00e7\u00e3o de um espa\u00e7o comercial\u00a0","datePublished":"2024-09-27T18:08:02+00:00","dateModified":"2024-09-27T18:08:03+00:00","mainEntityOfPage":{"@id":"https:\/\/algarve7.pt\/index.php\/2024\/09\/mercado-municipal-de-portimao-abre-hasta-publica-para-atribuicao-do-direito-de-exploracao-de-um-espaco-comercial\/atualidade\/19\/08\/"},"wordCount":210,"commentCount":0,"publisher":{"@id":"https:\/\/algarve7.pt\/#organization"},"image":{"@id":"https:\/\/algarve7.pt\/index.php\/2024\/09\/mercado-municipal-de-portimao-abre-hasta-publica-para-atribuicao-do-direito-de-exploracao-de-um-espaco-comercial\/atualidade\/19\/08\/#primaryimage"},"thumbnailUrl":"https:\/\/algarve7.pt\/wp-content\/uploads\/2024\/09\/Hasta-Publica-Mercado-Municipal-Portimao.jpg","keywords":["Algarve","Atualidade","Portim\u00e3o"],"articleSection":["Atualidade"],"inLanguage":"pt-PT","potentialAction":[{"@type":"CommentAction","name":"Comment","target":["https:\/\/algarve7.pt\/index.php\/2024\/09\/mercado-municipal-de-portimao-abre-hasta-publica-para-atribuicao-do-direito-de-exploracao-de-um-espaco-comercial\/atualidade\/19\/08\/#respond"]}]},{"@type":"WebPage","@id":"https:\/\/algarve7.pt\/index.php\/2024\/09\/mercado-municipal-de-portimao-abre-hasta-publica-para-atribuicao-do-direito-de-exploracao-de-um-espaco-comercial\/atualidade\/19\/08\/","url":"https:\/\/algarve7.pt\/index.php\/2024\/09\/mercado-municipal-de-portimao-abre-hasta-publica-para-atribuicao-do-direito-de-exploracao-de-um-espaco-comercial\/atualidade\/19\/08\/","name":"Mercado Municipal de Portim\u00e3o abre hasta p\u00fablica para atribui\u00e7\u00e3o do direito de explora\u00e7\u00e3o de um espa\u00e7o comercial\u00a0 - Algarve 7","isPartOf":{"@id":"https:\/\/algarve7.pt\/#website"},"primaryImageOfPage":{"@id":"https:\/\/algarve7.pt\/index.php\/2024\/09\/mercado-municipal-de-portimao-abre-hasta-publica-para-atribuicao-do-direito-de-exploracao-de-um-espaco-comercial\/atualidade\/19\/08\/#primaryimage"},"image":{"@id":"https:\/\/algarve7.pt\/index.php\/2024\/09\/mercado-municipal-de-portimao-abre-hasta-publica-para-atribuicao-do-direito-de-exploracao-de-um-espaco-comercial\/atualidade\/19\/08\/#primaryimage"},"thumbnailUrl":"https:\/\/algarve7.pt\/wp-content\/uploads\/2024\/09\/Hasta-Publica-Mercado-Municipal-Portimao.jpg","datePublished":"2024-09-27T18:08:02+00:00","dateModified":"2024-09-27T18:08:03+00:00","description":"Mercado Municipal de Portim\u00e3o abre hasta p\u00fablica para atribui\u00e7\u00e3o do direito de explora\u00e7\u00e3o de um espa\u00e7o comercial\u00a0 Atualidade","breadcrumb":{"@id":"https:\/\/algarve7.pt\/index.php\/2024\/09\/mercado-municipal-de-portimao-abre-hasta-publica-para-atribuicao-do-direito-de-exploracao-de-um-espaco-comercial\/atualidade\/19\/08\/#breadcrumb"},"inLanguage":"pt-PT","potentialAction":[{"@type":"ReadAction","target":["https:\/\/algarve7.pt\/index.php\/2024\/09\/mercado-municipal-de-portimao-abre-hasta-publica-para-atribuicao-do-direito-de-exploracao-de-um-espaco-comercial\/atualidade\/19\/08\/"]}]},{"@type":"ImageObject","inLanguage":"pt-PT","@id":"https:\/\/algarve7.pt\/index.php\/2024\/09\/mercado-municipal-de-portimao-abre-hasta-publica-para-atribuicao-do-direito-de-exploracao-de-um-espaco-comercial\/atualidade\/19\/08\/#primaryimage","url":"https:\/\/algarve7.pt\/wp-content\/uploads\/2024\/09\/Hasta-Publica-Mercado-Municipal-Portimao.jpg","contentUrl":"https:\/\/algarve7.pt\/wp-content\/uploads\/2024\/09\/Hasta-Publica-Mercado-Municipal-Portimao.jpg","width":800,"height":470},{"@type":"BreadcrumbList","@id":"https:\/\/algarve7.pt\/index.php\/2024\/09\/mercado-municipal-de-portimao-abre-hasta-publica-para-atribuicao-do-direito-de-exploracao-de-um-espaco-comercial\/atualidade\/19\/08\/#breadcrumb","itemListElement":[{"@type":"ListItem","position":1,"name":"In\u00edcio","item":"https:\/\/algarve7.pt\/"},{"@type":"ListItem","position":2,"name":"Mercado Municipal de Portim\u00e3o abre hasta p\u00fablica para atribui\u00e7\u00e3o do direito de explora\u00e7\u00e3o de um espa\u00e7o comercial\u00a0"}]},{"@type":"WebSite","@id":"https:\/\/algarve7.pt\/#website","url":"https:\/\/algarve7.pt\/","name":"Algarve 7","description":"Informa\u00e7\u00e3o sobre o Algarve","publisher":{"@id":"https:\/\/algarve7.pt\/#organization"},"potentialAction":[{"@type":"SearchAction","target":{"@type":"EntryPoint","urlTemplate":"https:\/\/algarve7.pt\/?s={search_term_string}"},"query-input":{"@type":"PropertyValueSpecification","valueRequired":true,"valueName":"search_term_string"}}],"inLanguage":"pt-PT"},{"@type":"Organization","@id":"https:\/\/algarve7.pt\/#organization","name":"Algarve 7","url":"https:\/\/algarve7.pt\/","logo":{"@type":"ImageObject","inLanguage":"pt-PT","@id":"https:\/\/algarve7.pt\/#\/schema\/logo\/image\/","url":"https:\/\/algarve7.pt\/wp-content\/uploads\/2020\/10\/Logo-8.jpg","contentUrl":"https:\/\/algarve7.pt\/wp-content\/uploads\/2020\/10\/Logo-8.jpg","width":1680,"height":1186,"caption":"Algarve 7"},"image":{"@id":"https:\/\/algarve7.pt\/#\/schema\/logo\/image\/"},"sameAs":["https:\/\/www.facebook.com\/algarve7","https:\/\/x.com\/Algarvesete","https:\/\/www.instagram.com\/jornalalgarve7\/","https:\/\/www.linkedin.com\/company\/algarve7","https:\/\/www.pinterest.pt\/geral0939\/_created\/"]},{"@type":"Person","@id":"https:\/\/algarve7.pt\/#\/schema\/person\/23fa70681308e7b319a3204bcea45e0c","name":"Algarve 7","sameAs":["https:\/\/algarve7.pt","https:\/\/www.facebook.com\/algarve7"],"url":"https:\/\/algarve7.pt\/index.php\/author\/geralalgarve7-pt\/"}]}},"jetpack_publicize_connections":[],"jetpack_featured_media_url":"https:\/\/algarve7.pt\/wp-content\/uploads\/2024\/09\/Hasta-Publica-Mercado-Municipal-Portimao.jpg","jetpack_shortlink":"https:\/\/wp.me\/pcezmW-b59","jetpack_sharing_enabled":true,"_links":{"self":[{"href":"https:\/\/algarve7.pt\/index.php\/wp-json\/wp\/v2\/posts\/42603","targetHints":{"allow":["GET"]}}],"collection":[{"href":"https:\/\/algarve7.pt\/index.php\/wp-json\/wp\/v2\/posts"}],"about":[{"href":"https:\/\/algarve7.pt\/index.php\/wp-json\/wp\/v2\/types\/post"}],"author":[{"embeddable":true,"href":"https:\/\/algarve7.pt\/index.php\/wp-json\/wp\/v2\/users\/1"}],"replies":[{"embeddable":true,"href":"https:\/\/algarve7.pt\/index.php\/wp-json\/wp\/v2\/comments?post=42603"}],"version-history":[{"count":0,"href":"https:\/\/algarve7.pt\/index.php\/wp-json\/wp\/v2\/posts\/42603\/revisions"}],"wp:featuredmedia":[{"embeddable":true,"href":"https:\/\/algarve7.pt\/index.php\/wp-json\/wp\/v2\/media\/42604"}],"wp:attachment":[{"href":"https:\/\/algarve7.pt\/index.php\/wp-json\/wp\/v2\/media?parent=42603"}],"wp:term":[{"taxonomy":"category","embeddable":true,"href":"https:\/\/algarve7.pt\/index.php\/wp-json\/wp\/v2\/categories?post=42603"},{"taxonomy":"post_tag","embeddable":true,"href":"https:\/\/algarve7.pt\/index.php\/wp-json\/wp\/v2\/tags?post=42603"}],"curies":[{"name":"wp","href":"https:\/\/api.w.org\/{rel}","templated":true}]}}