{"id":42531,"date":"2024-09-26T10:30:00","date_gmt":"2024-09-26T09:30:00","guid":{"rendered":"https:\/\/algarve7.pt\/?p=42531"},"modified":"2024-09-25T16:35:56","modified_gmt":"2024-09-25T15:35:56","slug":"castro-marim-no-topo-dos-municipios-que-mais-poupam-agua-no-algarve","status":"publish","type":"post","link":"https:\/\/algarve7.pt\/index.php\/2024\/09\/castro-marim-no-topo-dos-municipios-que-mais-poupam-agua-no-algarve\/ambiente\/10\/30\/","title":{"rendered":"Castro Marim no topo dos munic\u00edpios que mais poupam \u00e1gua no Algarve"},"content":{"rendered":"\n<p>Numa \u00e9poca em que a seca e a falta de \u00e1gua continua a agravar-se em toda a regi\u00e3o, o Munic\u00edpio de Castro Marim, que tem uma grande press\u00e3o tur\u00edstica, volta a destacar-se como um dos concelhos algarvios com uma maior taxa de poupan\u00e7a de \u00e1gua.<\/p>\n\n\n\n<p>Segundo os mais recentes dados divulgados pela Ag\u00eancia Portuguesa do Ambiente, o Munic\u00edpio de Castro Marim foi um dos nove concelhos da regi\u00e3o que conseguiu alcan\u00e7ar a meta estipulada pelo Governo, acima dos -10%.<\/p>\n\n\n\n<p>Castro Marim foi o terceiro concelho do Algarve que mais poupou \u00e1gua, com -13,4% na varia\u00e7\u00e3o de consumos acumulados em agosto deste ano, comparativamente aos dados do mesmo m\u00eas em 2023.<\/p>\n\n\n\n<p>Os dados foram apresentados durante uma reuni\u00e3o da Subcomiss\u00e3o Regional da Seca, que decorreu no edif\u00edcio da Comiss\u00e3o de Coordena\u00e7\u00e3o e Desenvolvimento Regional do Algarve, em Faro, com a presen\u00e7a da ministra do Ambiente, Maria da Gra\u00e7a Carvalho.<\/p>\n\n\n\n<p>Este \u00e9 o resultado da gest\u00e3o de efici\u00eancia h\u00eddrica, que nos \u00faltimos anos se tornou numa bandeira do Munic\u00edpio de Castro Marim, com a aplica\u00e7\u00e3o de v\u00e1rias medidas e a aposta na sensibiliza\u00e7\u00e3o da sua comunidade, que vai fazer com que a autarquia n\u00e3o seja penalizada pelo Governo.<\/p>\n\n\n\n<p>O Munic\u00edpio de Castro Marim, al\u00e9m de ter continuado com o alargamento das redes de abastecimento de \u00e1gua a popula\u00e7\u00e3o n\u00e3o servida, localizada no interior rural e na serra do concelho, como \u00e9 o caso recente de Pisa Barro, levou a cabo um enorme investimento para combater a seca.<\/p>\n\n\n\n<p>Atrav\u00e9s de obra f\u00edsica, da informatiza\u00e7\u00e3o e da dedica\u00e7\u00e3o pessoal de v\u00e1rios elementos-chave da estrutura do Munic\u00edpio, foram instalados centenas de contadores com telemetria, que assim conseguem antecipar mais facilmente as ruturas e os consumos excessivos, al\u00e9m da dete\u00e7\u00e3o precoce de ruturas.<\/p>\n\n\n\n<p>Foram ainda instalados contadores e feita a telegest\u00e3o na maioria das \u00e1reas ajardinadas do espa\u00e7o p\u00fablico, al\u00e9m do in\u00edcio dos procedimentos de constru\u00e7\u00e3o e instala\u00e7\u00e3o de Zonas de Medi\u00e7\u00e3o de Caudal (ZMC\u2019s) em v\u00e1rias sec\u00e7\u00f5es e nos principais pontos de abastecimento, que contribuem para uma interven\u00e7\u00e3o mais r\u00e1pida em ruturas n\u00e3o vis\u00edveis \u00e0 superf\u00edcie.<\/p>\n\n\n\n<p>Atualmente os jardins p\u00fablicos encontram-se sem rega h\u00e1 v\u00e1rios meses e tem sido feito um controlo apertado aos elevados consumos de \u00e1gua no setor privado e no p\u00fablico, ao mesmo tempo que decorre uma campanha e uma a\u00e7\u00e3o de sensibiliza\u00e7\u00e3o direcionada aos grandes consumidores, aos consumidores com maiores acr\u00e9scimos relativamente ao per\u00edodo hom\u00f3logo e \u00e0 comunidade em geral.<\/p>\n\n\n\n<p>A reutiliza\u00e7\u00e3o da \u00e1gua tem sido outra das fortes apostas do Munic\u00edpio, que teve os primeiros contratos da regi\u00e3o com os campos de golfe de Castro Marim, para que os mesmos sejam regados com \u00e1gua tratada da ETAR, prevendo-se ainda compromissos futuros com os empreendimentos tur\u00edsticos de Almada D\u2019Ouro, Corte Velho e Verdelago.<\/p>\n\n\n\n<p>O Munic\u00edpio de Castro Marim considera que \u201cCada Gota Conta\u201d e pretende manter estes n\u00edveis de poupan\u00e7a de \u00e1gua, al\u00e9m de continuar a colaborar para que a \u00e1gua seja aproveitada at\u00e9 \u00e0 \u00faltima gota e que n\u00e3o seja debitada ao rio Guadiana.<\/p>\n","protected":false},"excerpt":{"rendered":"<p>Numa \u00e9poca em que a seca e a falta de \u00e1gua continua a agravar-se em toda a regi\u00e3o, o Munic\u00edpio<\/p>\n","protected":false},"author":1,"featured_media":42532,"comment_status":"open","ping_status":"open","sticky":false,"template":"","format":"standard","meta":{"colormag_page_container_layout":"default_layout","colormag_page_sidebar_layout":"default_layout","_monsterinsights_skip_tracking":false,"_monsterinsights_sitenote_active":false,"_monsterinsights_sitenote_note":"","_monsterinsights_sitenote_category":0,"jetpack_post_was_ever_published":false,"_jetpack_newsletter_access":"","_jetpack_dont_email_post_to_subs":false,"_jetpack_newsletter_tier_id":0,"_jetpack_memberships_contains_paywalled_content":false,"_jetpack_memberships_contains_paid_content":false,"footnotes":"","jetpack_publicize_message":"","jetpack_publicize_feature_enabled":true,"jetpack_social_post_already_shared":false,"jetpack_social_options":{"image_generator_settings":{"template":"highway","default_image_id":0,"font":"","enabled":false},"version":2}},"categories":[5],"tags":[36,32,136],"class_list":["post-42531","post","type-post","status-publish","format-standard","has-post-thumbnail","hentry","category-ambiente","tag-algarve","tag-ambiente","tag-castro-marim"],"yoast_head":"<!-- This site is optimized with the Yoast SEO plugin v27.5 - https:\/\/yoast.com\/product\/yoast-seo-wordpress\/ -->\n<title>Castro Marim no topo dos munic\u00edpios que mais poupam \u00e1gua no Algarve - Algarve 7<\/title>\n<meta name=\"description\" content=\"Castro Marim no topo dos munic\u00edpios que mais poupam \u00e1gua no Algarve Ambiente\" \/>\n<meta name=\"robots\" content=\"index, follow, max-snippet:-1, max-image-preview:large, max-video-preview:-1\" \/>\n<link rel=\"canonical\" href=\"https:\/\/algarve7.pt\/index.php\/2024\/09\/castro-marim-no-topo-dos-municipios-que-mais-poupam-agua-no-algarve\/ambiente\/10\/30\/\" \/>\n<meta property=\"og:locale\" content=\"pt_PT\" \/>\n<meta property=\"og:type\" content=\"article\" \/>\n<meta property=\"og:title\" content=\"Castro Marim no topo dos munic\u00edpios que mais poupam \u00e1gua no Algarve - Algarve 7\" \/>\n<meta property=\"og:description\" content=\"Castro Marim no topo dos munic\u00edpios que mais poupam \u00e1gua no Algarve Ambiente\" \/>\n<meta property=\"og:url\" content=\"https:\/\/algarve7.pt\/index.php\/2024\/09\/castro-marim-no-topo-dos-municipios-que-mais-poupam-agua-no-algarve\/ambiente\/10\/30\/\" \/>\n<meta property=\"og:site_name\" content=\"Algarve 7\" \/>\n<meta property=\"article:publisher\" content=\"https:\/\/www.facebook.com\/algarve7\" \/>\n<meta property=\"article:author\" content=\"https:\/\/www.facebook.com\/algarve7\" \/>\n<meta property=\"article:published_time\" content=\"2024-09-26T09:30:00+00:00\" \/>\n<meta property=\"og:image\" content=\"https:\/\/algarve7.pt\/wp-content\/uploads\/2024\/09\/Barragem-de-Odeleite.jpg\" \/>\n\t<meta property=\"og:image:width\" content=\"800\" \/>\n\t<meta property=\"og:image:height\" content=\"470\" \/>\n\t<meta property=\"og:image:type\" content=\"image\/jpeg\" \/>\n<meta name=\"author\" content=\"Algarve 7\" \/>\n<meta name=\"twitter:card\" content=\"summary_large_image\" \/>\n<meta name=\"twitter:creator\" content=\"@Algarvesete\" \/>\n<meta name=\"twitter:site\" content=\"@Algarvesete\" \/>\n<meta name=\"twitter:label1\" content=\"Escrito por\" \/>\n\t<meta name=\"twitter:data1\" content=\"Algarve 7\" \/>\n\t<meta name=\"twitter:label2\" content=\"Tempo estimado de leitura\" \/>\n\t<meta name=\"twitter:data2\" content=\"3 minutos\" \/>\n<script type=\"application\/ld+json\" class=\"yoast-schema-graph\">{\"@context\":\"https:\\\/\\\/schema.org\",\"@graph\":[{\"@type\":\"Article\",\"@id\":\"https:\\\/\\\/algarve7.pt\\\/index.php\\\/2024\\\/09\\\/castro-marim-no-topo-dos-municipios-que-mais-poupam-agua-no-algarve\\\/ambiente\\\/10\\\/30\\\/#article\",\"isPartOf\":{\"@id\":\"https:\\\/\\\/algarve7.pt\\\/index.php\\\/2024\\\/09\\\/castro-marim-no-topo-dos-municipios-que-mais-poupam-agua-no-algarve\\\/ambiente\\\/10\\\/30\\\/\"},\"author\":{\"name\":\"Algarve 7\",\"@id\":\"https:\\\/\\\/algarve7.pt\\\/#\\\/schema\\\/person\\\/23fa70681308e7b319a3204bcea45e0c\"},\"headline\":\"Castro Marim no topo dos munic\u00edpios que mais poupam \u00e1gua no Algarve\",\"datePublished\":\"2024-09-26T09:30:00+00:00\",\"mainEntityOfPage\":{\"@id\":\"https:\\\/\\\/algarve7.pt\\\/index.php\\\/2024\\\/09\\\/castro-marim-no-topo-dos-municipios-que-mais-poupam-agua-no-algarve\\\/ambiente\\\/10\\\/30\\\/\"},\"wordCount\":573,\"commentCount\":0,\"publisher\":{\"@id\":\"https:\\\/\\\/algarve7.pt\\\/#organization\"},\"image\":{\"@id\":\"https:\\\/\\\/algarve7.pt\\\/index.php\\\/2024\\\/09\\\/castro-marim-no-topo-dos-municipios-que-mais-poupam-agua-no-algarve\\\/ambiente\\\/10\\\/30\\\/#primaryimage\"},\"thumbnailUrl\":\"https:\\\/\\\/algarve7.pt\\\/wp-content\\\/uploads\\\/2024\\\/09\\\/Barragem-de-Odeleite.jpg\",\"keywords\":[\"Algarve\",\"Ambiente\",\"Castro Marim\"],\"articleSection\":[\"Ambiente\"],\"inLanguage\":\"pt-PT\",\"potentialAction\":[{\"@type\":\"CommentAction\",\"name\":\"Comment\",\"target\":[\"https:\\\/\\\/algarve7.pt\\\/index.php\\\/2024\\\/09\\\/castro-marim-no-topo-dos-municipios-que-mais-poupam-agua-no-algarve\\\/ambiente\\\/10\\\/30\\\/#respond\"]}]},{\"@type\":\"WebPage\",\"@id\":\"https:\\\/\\\/algarve7.pt\\\/index.php\\\/2024\\\/09\\\/castro-marim-no-topo-dos-municipios-que-mais-poupam-agua-no-algarve\\\/ambiente\\\/10\\\/30\\\/\",\"url\":\"https:\\\/\\\/algarve7.pt\\\/index.php\\\/2024\\\/09\\\/castro-marim-no-topo-dos-municipios-que-mais-poupam-agua-no-algarve\\\/ambiente\\\/10\\\/30\\\/\",\"name\":\"Castro Marim no topo dos munic\u00edpios que mais poupam \u00e1gua no Algarve - Algarve 7\",\"isPartOf\":{\"@id\":\"https:\\\/\\\/algarve7.pt\\\/#website\"},\"primaryImageOfPage\":{\"@id\":\"https:\\\/\\\/algarve7.pt\\\/index.php\\\/2024\\\/09\\\/castro-marim-no-topo-dos-municipios-que-mais-poupam-agua-no-algarve\\\/ambiente\\\/10\\\/30\\\/#primaryimage\"},\"image\":{\"@id\":\"https:\\\/\\\/algarve7.pt\\\/index.php\\\/2024\\\/09\\\/castro-marim-no-topo-dos-municipios-que-mais-poupam-agua-no-algarve\\\/ambiente\\\/10\\\/30\\\/#primaryimage\"},\"thumbnailUrl\":\"https:\\\/\\\/algarve7.pt\\\/wp-content\\\/uploads\\\/2024\\\/09\\\/Barragem-de-Odeleite.jpg\",\"datePublished\":\"2024-09-26T09:30:00+00:00\",\"description\":\"Castro Marim no topo dos munic\u00edpios que mais poupam \u00e1gua no Algarve Ambiente\",\"breadcrumb\":{\"@id\":\"https:\\\/\\\/algarve7.pt\\\/index.php\\\/2024\\\/09\\\/castro-marim-no-topo-dos-municipios-que-mais-poupam-agua-no-algarve\\\/ambiente\\\/10\\\/30\\\/#breadcrumb\"},\"inLanguage\":\"pt-PT\",\"potentialAction\":[{\"@type\":\"ReadAction\",\"target\":[\"https:\\\/\\\/algarve7.pt\\\/index.php\\\/2024\\\/09\\\/castro-marim-no-topo-dos-municipios-que-mais-poupam-agua-no-algarve\\\/ambiente\\\/10\\\/30\\\/\"]}]},{\"@type\":\"ImageObject\",\"inLanguage\":\"pt-PT\",\"@id\":\"https:\\\/\\\/algarve7.pt\\\/index.php\\\/2024\\\/09\\\/castro-marim-no-topo-dos-municipios-que-mais-poupam-agua-no-algarve\\\/ambiente\\\/10\\\/30\\\/#primaryimage\",\"url\":\"https:\\\/\\\/algarve7.pt\\\/wp-content\\\/uploads\\\/2024\\\/09\\\/Barragem-de-Odeleite.jpg\",\"contentUrl\":\"https:\\\/\\\/algarve7.pt\\\/wp-content\\\/uploads\\\/2024\\\/09\\\/Barragem-de-Odeleite.jpg\",\"width\":800,\"height\":470},{\"@type\":\"BreadcrumbList\",\"@id\":\"https:\\\/\\\/algarve7.pt\\\/index.php\\\/2024\\\/09\\\/castro-marim-no-topo-dos-municipios-que-mais-poupam-agua-no-algarve\\\/ambiente\\\/10\\\/30\\\/#breadcrumb\",\"itemListElement\":[{\"@type\":\"ListItem\",\"position\":1,\"name\":\"In\u00edcio\",\"item\":\"https:\\\/\\\/algarve7.pt\\\/\"},{\"@type\":\"ListItem\",\"position\":2,\"name\":\"Castro Marim no topo dos munic\u00edpios que mais poupam \u00e1gua no Algarve\"}]},{\"@type\":\"WebSite\",\"@id\":\"https:\\\/\\\/algarve7.pt\\\/#website\",\"url\":\"https:\\\/\\\/algarve7.pt\\\/\",\"name\":\"Algarve 7\",\"description\":\"Informa\u00e7\u00e3o sobre o Algarve\",\"publisher\":{\"@id\":\"https:\\\/\\\/algarve7.pt\\\/#organization\"},\"potentialAction\":[{\"@type\":\"SearchAction\",\"target\":{\"@type\":\"EntryPoint\",\"urlTemplate\":\"https:\\\/\\\/algarve7.pt\\\/?s={search_term_string}\"},\"query-input\":{\"@type\":\"PropertyValueSpecification\",\"valueRequired\":true,\"valueName\":\"search_term_string\"}}],\"inLanguage\":\"pt-PT\"},{\"@type\":\"Organization\",\"@id\":\"https:\\\/\\\/algarve7.pt\\\/#organization\",\"name\":\"Algarve 7\",\"url\":\"https:\\\/\\\/algarve7.pt\\\/\",\"logo\":{\"@type\":\"ImageObject\",\"inLanguage\":\"pt-PT\",\"@id\":\"https:\\\/\\\/algarve7.pt\\\/#\\\/schema\\\/logo\\\/image\\\/\",\"url\":\"https:\\\/\\\/algarve7.pt\\\/wp-content\\\/uploads\\\/2020\\\/10\\\/Logo-8.jpg\",\"contentUrl\":\"https:\\\/\\\/algarve7.pt\\\/wp-content\\\/uploads\\\/2020\\\/10\\\/Logo-8.jpg\",\"width\":1680,\"height\":1186,\"caption\":\"Algarve 7\"},\"image\":{\"@id\":\"https:\\\/\\\/algarve7.pt\\\/#\\\/schema\\\/logo\\\/image\\\/\"},\"sameAs\":[\"https:\\\/\\\/www.facebook.com\\\/algarve7\",\"https:\\\/\\\/x.com\\\/Algarvesete\",\"https:\\\/\\\/www.instagram.com\\\/jornalalgarve7\\\/\",\"https:\\\/\\\/www.linkedin.com\\\/company\\\/algarve7\",\"https:\\\/\\\/www.pinterest.pt\\\/geral0939\\\/_created\\\/\"]},{\"@type\":\"Person\",\"@id\":\"https:\\\/\\\/algarve7.pt\\\/#\\\/schema\\\/person\\\/23fa70681308e7b319a3204bcea45e0c\",\"name\":\"Algarve 7\",\"sameAs\":[\"https:\\\/\\\/algarve7.pt\",\"https:\\\/\\\/www.facebook.com\\\/algarve7\"],\"url\":\"https:\\\/\\\/algarve7.pt\\\/index.php\\\/author\\\/geralalgarve7-pt\\\/\"}]}<\/script>\n<!-- \/ Yoast SEO plugin. -->","yoast_head_json":{"title":"Castro Marim no topo dos munic\u00edpios que mais poupam \u00e1gua no Algarve - Algarve 7","description":"Castro Marim no topo dos munic\u00edpios que mais poupam \u00e1gua no Algarve Ambiente","robots":{"index":"index","follow":"follow","max-snippet":"max-snippet:-1","max-image-preview":"max-image-preview:large","max-video-preview":"max-video-preview:-1"},"canonical":"https:\/\/algarve7.pt\/index.php\/2024\/09\/castro-marim-no-topo-dos-municipios-que-mais-poupam-agua-no-algarve\/ambiente\/10\/30\/","og_locale":"pt_PT","og_type":"article","og_title":"Castro Marim no topo dos munic\u00edpios que mais poupam \u00e1gua no Algarve - Algarve 7","og_description":"Castro Marim no topo dos munic\u00edpios que mais poupam \u00e1gua no Algarve Ambiente","og_url":"https:\/\/algarve7.pt\/index.php\/2024\/09\/castro-marim-no-topo-dos-municipios-que-mais-poupam-agua-no-algarve\/ambiente\/10\/30\/","og_site_name":"Algarve 7","article_publisher":"https:\/\/www.facebook.com\/algarve7","article_author":"https:\/\/www.facebook.com\/algarve7","article_published_time":"2024-09-26T09:30:00+00:00","og_image":[{"width":800,"height":470,"url":"https:\/\/algarve7.pt\/wp-content\/uploads\/2024\/09\/Barragem-de-Odeleite.jpg","type":"image\/jpeg"}],"author":"Algarve 7","twitter_card":"summary_large_image","twitter_creator":"@Algarvesete","twitter_site":"@Algarvesete","twitter_misc":{"Escrito por":"Algarve 7","Tempo estimado de leitura":"3 minutos"},"schema":{"@context":"https:\/\/schema.org","@graph":[{"@type":"Article","@id":"https:\/\/algarve7.pt\/index.php\/2024\/09\/castro-marim-no-topo-dos-municipios-que-mais-poupam-agua-no-algarve\/ambiente\/10\/30\/#article","isPartOf":{"@id":"https:\/\/algarve7.pt\/index.php\/2024\/09\/castro-marim-no-topo-dos-municipios-que-mais-poupam-agua-no-algarve\/ambiente\/10\/30\/"},"author":{"name":"Algarve 7","@id":"https:\/\/algarve7.pt\/#\/schema\/person\/23fa70681308e7b319a3204bcea45e0c"},"headline":"Castro Marim no topo dos munic\u00edpios que mais poupam \u00e1gua no Algarve","datePublished":"2024-09-26T09:30:00+00:00","mainEntityOfPage":{"@id":"https:\/\/algarve7.pt\/index.php\/2024\/09\/castro-marim-no-topo-dos-municipios-que-mais-poupam-agua-no-algarve\/ambiente\/10\/30\/"},"wordCount":573,"commentCount":0,"publisher":{"@id":"https:\/\/algarve7.pt\/#organization"},"image":{"@id":"https:\/\/algarve7.pt\/index.php\/2024\/09\/castro-marim-no-topo-dos-municipios-que-mais-poupam-agua-no-algarve\/ambiente\/10\/30\/#primaryimage"},"thumbnailUrl":"https:\/\/algarve7.pt\/wp-content\/uploads\/2024\/09\/Barragem-de-Odeleite.jpg","keywords":["Algarve","Ambiente","Castro Marim"],"articleSection":["Ambiente"],"inLanguage":"pt-PT","potentialAction":[{"@type":"CommentAction","name":"Comment","target":["https:\/\/algarve7.pt\/index.php\/2024\/09\/castro-marim-no-topo-dos-municipios-que-mais-poupam-agua-no-algarve\/ambiente\/10\/30\/#respond"]}]},{"@type":"WebPage","@id":"https:\/\/algarve7.pt\/index.php\/2024\/09\/castro-marim-no-topo-dos-municipios-que-mais-poupam-agua-no-algarve\/ambiente\/10\/30\/","url":"https:\/\/algarve7.pt\/index.php\/2024\/09\/castro-marim-no-topo-dos-municipios-que-mais-poupam-agua-no-algarve\/ambiente\/10\/30\/","name":"Castro Marim no topo dos munic\u00edpios que mais poupam \u00e1gua no Algarve - Algarve 7","isPartOf":{"@id":"https:\/\/algarve7.pt\/#website"},"primaryImageOfPage":{"@id":"https:\/\/algarve7.pt\/index.php\/2024\/09\/castro-marim-no-topo-dos-municipios-que-mais-poupam-agua-no-algarve\/ambiente\/10\/30\/#primaryimage"},"image":{"@id":"https:\/\/algarve7.pt\/index.php\/2024\/09\/castro-marim-no-topo-dos-municipios-que-mais-poupam-agua-no-algarve\/ambiente\/10\/30\/#primaryimage"},"thumbnailUrl":"https:\/\/algarve7.pt\/wp-content\/uploads\/2024\/09\/Barragem-de-Odeleite.jpg","datePublished":"2024-09-26T09:30:00+00:00","description":"Castro Marim no topo dos munic\u00edpios que mais poupam \u00e1gua no Algarve Ambiente","breadcrumb":{"@id":"https:\/\/algarve7.pt\/index.php\/2024\/09\/castro-marim-no-topo-dos-municipios-que-mais-poupam-agua-no-algarve\/ambiente\/10\/30\/#breadcrumb"},"inLanguage":"pt-PT","potentialAction":[{"@type":"ReadAction","target":["https:\/\/algarve7.pt\/index.php\/2024\/09\/castro-marim-no-topo-dos-municipios-que-mais-poupam-agua-no-algarve\/ambiente\/10\/30\/"]}]},{"@type":"ImageObject","inLanguage":"pt-PT","@id":"https:\/\/algarve7.pt\/index.php\/2024\/09\/castro-marim-no-topo-dos-municipios-que-mais-poupam-agua-no-algarve\/ambiente\/10\/30\/#primaryimage","url":"https:\/\/algarve7.pt\/wp-content\/uploads\/2024\/09\/Barragem-de-Odeleite.jpg","contentUrl":"https:\/\/algarve7.pt\/wp-content\/uploads\/2024\/09\/Barragem-de-Odeleite.jpg","width":800,"height":470},{"@type":"BreadcrumbList","@id":"https:\/\/algarve7.pt\/index.php\/2024\/09\/castro-marim-no-topo-dos-municipios-que-mais-poupam-agua-no-algarve\/ambiente\/10\/30\/#breadcrumb","itemListElement":[{"@type":"ListItem","position":1,"name":"In\u00edcio","item":"https:\/\/algarve7.pt\/"},{"@type":"ListItem","position":2,"name":"Castro Marim no topo dos munic\u00edpios que mais poupam \u00e1gua no Algarve"}]},{"@type":"WebSite","@id":"https:\/\/algarve7.pt\/#website","url":"https:\/\/algarve7.pt\/","name":"Algarve 7","description":"Informa\u00e7\u00e3o sobre o Algarve","publisher":{"@id":"https:\/\/algarve7.pt\/#organization"},"potentialAction":[{"@type":"SearchAction","target":{"@type":"EntryPoint","urlTemplate":"https:\/\/algarve7.pt\/?s={search_term_string}"},"query-input":{"@type":"PropertyValueSpecification","valueRequired":true,"valueName":"search_term_string"}}],"inLanguage":"pt-PT"},{"@type":"Organization","@id":"https:\/\/algarve7.pt\/#organization","name":"Algarve 7","url":"https:\/\/algarve7.pt\/","logo":{"@type":"ImageObject","inLanguage":"pt-PT","@id":"https:\/\/algarve7.pt\/#\/schema\/logo\/image\/","url":"https:\/\/algarve7.pt\/wp-content\/uploads\/2020\/10\/Logo-8.jpg","contentUrl":"https:\/\/algarve7.pt\/wp-content\/uploads\/2020\/10\/Logo-8.jpg","width":1680,"height":1186,"caption":"Algarve 7"},"image":{"@id":"https:\/\/algarve7.pt\/#\/schema\/logo\/image\/"},"sameAs":["https:\/\/www.facebook.com\/algarve7","https:\/\/x.com\/Algarvesete","https:\/\/www.instagram.com\/jornalalgarve7\/","https:\/\/www.linkedin.com\/company\/algarve7","https:\/\/www.pinterest.pt\/geral0939\/_created\/"]},{"@type":"Person","@id":"https:\/\/algarve7.pt\/#\/schema\/person\/23fa70681308e7b319a3204bcea45e0c","name":"Algarve 7","sameAs":["https:\/\/algarve7.pt","https:\/\/www.facebook.com\/algarve7"],"url":"https:\/\/algarve7.pt\/index.php\/author\/geralalgarve7-pt\/"}]}},"jetpack_publicize_connections":[],"jetpack_featured_media_url":"https:\/\/algarve7.pt\/wp-content\/uploads\/2024\/09\/Barragem-de-Odeleite.jpg","jetpack_shortlink":"https:\/\/wp.me\/pcezmW-b3Z","jetpack_sharing_enabled":true,"_links":{"self":[{"href":"https:\/\/algarve7.pt\/index.php\/wp-json\/wp\/v2\/posts\/42531","targetHints":{"allow":["GET"]}}],"collection":[{"href":"https:\/\/algarve7.pt\/index.php\/wp-json\/wp\/v2\/posts"}],"about":[{"href":"https:\/\/algarve7.pt\/index.php\/wp-json\/wp\/v2\/types\/post"}],"author":[{"embeddable":true,"href":"https:\/\/algarve7.pt\/index.php\/wp-json\/wp\/v2\/users\/1"}],"replies":[{"embeddable":true,"href":"https:\/\/algarve7.pt\/index.php\/wp-json\/wp\/v2\/comments?post=42531"}],"version-history":[{"count":0,"href":"https:\/\/algarve7.pt\/index.php\/wp-json\/wp\/v2\/posts\/42531\/revisions"}],"wp:featuredmedia":[{"embeddable":true,"href":"https:\/\/algarve7.pt\/index.php\/wp-json\/wp\/v2\/media\/42532"}],"wp:attachment":[{"href":"https:\/\/algarve7.pt\/index.php\/wp-json\/wp\/v2\/media?parent=42531"}],"wp:term":[{"taxonomy":"category","embeddable":true,"href":"https:\/\/algarve7.pt\/index.php\/wp-json\/wp\/v2\/categories?post=42531"},{"taxonomy":"post_tag","embeddable":true,"href":"https:\/\/algarve7.pt\/index.php\/wp-json\/wp\/v2\/tags?post=42531"}],"curies":[{"name":"wp","href":"https:\/\/api.w.org\/{rel}","templated":true}]}}