{"id":42448,"date":"2024-09-24T11:00:00","date_gmt":"2024-09-24T10:00:00","guid":{"rendered":"https:\/\/algarve7.pt\/?p=42448"},"modified":"2024-09-23T16:32:00","modified_gmt":"2024-09-23T15:32:00","slug":"espetaculo-prometo-viver-motiva-cultura-a-defender-a-saude-mental","status":"publish","type":"post","link":"https:\/\/algarve7.pt\/index.php\/2024\/09\/espetaculo-prometo-viver-motiva-cultura-a-defender-a-saude-mental\/cultura\/11\/00\/","title":{"rendered":"Espet\u00e1culo \u201cPrometo Viver\u201d motiva cultura a defender a Sa\u00fade Mental"},"content":{"rendered":"\n<p><strong>A 3\u00aa edi\u00e7\u00e3o do evento solid\u00e1rio \u201cPrometo Viver\u201d que regressa ao Teatro das Figuras, em Faro, a 9 de outubro, desta vez empenhada na promo\u00e7\u00e3o da sa\u00fade mental, foi apresentada esta quinta-feira, 19 de setembro, no Hotel Eva Senses.<\/strong><\/p>\n\n\n\n<p>A partir das 21h00, os artistas \u00cdris, Marisa Liz, Diogo Pi\u00e7arra, Khiaro, Rafael Sousa, Eduardo Madeira, Viviane e Drama &amp; Bass v\u00e3o dar vida e cor ao palco do Teatro das Figuras neste espet\u00e1culo de cariz solid\u00e1rio.<\/p>\n\n\n\n<p>Este ano, o p\u00fablico tem oportunidade de assistir a um espet\u00e1culo \u00fanico e de ajudar a \u201cPrometo viver\u201d a angariar fundos para a abertura de uma nova linha SOS Voz Amiga, que vai apoiar pessoas de todo o pa\u00eds a partir do Algarve, e criar em parceria com a Associa\u00e7\u00e3o de Sa\u00fade Mental do Algarve (ASMAL) v\u00e1rios polos de atendimento \u00e0 comunidade com consultas regulares e gratuitas com profissionais de psicologia. Este projeto vai facilitar a dete\u00e7\u00e3o precoce de doen\u00e7as mentais e permitir\u00e1 interven\u00e7\u00f5es preventivas mais eficazes.<\/p>\n\n\n\n<p>Os bilhetes para o espet\u00e1culo deste ano est\u00e3o \u00e0 venda no Teatro das Figuras e na plataforma digital Bol.<\/p>\n\n\n\n<p>Um espet\u00e1culo de grande qualidade que o presidente da Associa\u00e7\u00e3o Gon\u00e7alo Assun\u00e7\u00e3o \u2013 Prometo Viver, Joaquim Ter\u00eancio, disse dever-se \u00e0 persist\u00eancia e empenho da organiza\u00e7\u00e3o e volunt\u00e1rios, mas tamb\u00e9m pela sensibilidade, generosidade e entrega dos artistas para com esta causa.<\/p>\n\n\n\n<p>Por outro lado, tamb\u00e9m considera que a associa\u00e7\u00e3o e o espet\u00e1culo j\u00e1 come\u00e7am a ganhar espa\u00e7o e reconhecimento pelo trabalho j\u00e1 realizado anteriormente e isso facilita a participa\u00e7\u00e3o \u201cpro-bono\u201d de mais artistas que se associam \u00e0 \u201cPrometo Viver\u201d que continua a ter a cultura como ferramenta fundamental para ajudar causas nobres relacionadas com a inclus\u00e3o e a constru\u00e7\u00e3o de uma sociedade mais unida, inclusiva e solid\u00e1ria.<\/p>\n\n\n\n<p><strong>Promover a Sa\u00fade Mental com refor\u00e7o de sensibiliza\u00e7\u00e3o e de respostas na regi\u00e3o<\/strong><\/p>\n\n\n\n<p>A sa\u00fade mental \u00e9 uma \u00e1rea de trabalho transversal a toda a sociedade que, porventura fruto de uma maior sensibilidade ou de um maior conhecimento de casos de doen\u00e7a, come\u00e7a a ser mais falada e trabalhada. No entanto, Cristina Ter\u00eancio, cofundadora da Associa\u00e7\u00e3o, sublinhou que ainda continua a haver um estigma em rela\u00e7\u00e3o ao tema que importa combater para que quem precisa n\u00e3o se retraia, saiba onde se dirigir e pe\u00e7a ajuda.<\/p>\n\n\n\n<p>Tamb\u00e9m presente na confer\u00eancia de imprensa, Elisabete de Noronha, da ASMAL, vincou que a celeridade com que os problemas de sa\u00fade mental s\u00e3o trabalhados \u201cpodem fazer toda a diferen\u00e7a na vida de uma pessoa\u201d. \u201c\u00c9 preciso cuidar diariamente da nossa sa\u00fade mental\u201d assim como \u00e9 importante apoiar as pessoas que se encontram em situa\u00e7\u00e3o de fragilidade\u201d, refor\u00e7ou.<\/p>\n\n\n\n<p>As C\u00e2maras Municipais de Faro e de S\u00e3o Br\u00e1s de Alportel s\u00e3o novamente parceiras desta iniciativa.<\/p>\n\n\n\n<p>Descrevendo a Associa\u00e7\u00e3o como ativa e atenta aos problemas da sociedade, o vereador farense Carlos Ba\u00eda afirmou que este trabalho em rede e em parceria \u00e9 importante para avan\u00e7ar e obter melhores resultados nas mais variadas \u00e1reas, tendo admitido que na \u00e1rea da sa\u00fade mental h\u00e1 muito por fazer.<\/p>\n\n\n\n<p>J\u00e1 a vice-presidente da C\u00e2mara Municipal de S\u00e3o Br\u00e1s de Alportel, Marlene Guerreiro, defende que esta \u201cn\u00e3o \u00e9 uma causa dos outros, \u00e9 uma causa de todos n\u00f3s\u201d que deve ser trabalhada diariamente sobretudo na promo\u00e7\u00e3o da sa\u00fade mental e na preven\u00e7\u00e3o e tratamento da doen\u00e7a mental.<\/p>\n\n\n\n<p>Recordando que o Munic\u00edpio de S\u00e3o Br\u00e1s de Alportel j\u00e1 trabalha a \u00e1rea da sa\u00fade mental h\u00e1 mais de duas d\u00e9cadas, Marlene Guerreiro explicou que a colabora\u00e7\u00e3o neste evento se deve tamb\u00e9m porque n\u00e3o se resume \u00e0 angaria\u00e7\u00e3o de fundos e tem grande potencial para ajudar a quebrar barreiras e estigmas pela defesa de uma sociedade mais coesa, unida e saud\u00e1vel.<\/p>\n\n\n\n<p>Importa recordar que na primeira edi\u00e7\u00e3o, o espet\u00e1culo permitiu angariar 24.500,00 euros que reverteram a favor da Associa\u00e7\u00e3o Salvador. Em 2023, a associa\u00e7\u00e3o conseguiu angariar 26.000,00 euros, que apoiaram utentes do N\u00facleo de Faro da Associa\u00e7\u00e3o Portuguesa de Paralisia Cerebral a adquirir equipamentos essenciais para o seu bem-estar e para a sua inclus\u00e3o.<\/p>\n","protected":false},"excerpt":{"rendered":"<p>A 3\u00aa edi\u00e7\u00e3o do evento solid\u00e1rio \u201cPrometo Viver\u201d que regressa ao Teatro das Figuras, em Faro, a 9 de outubro,<\/p>\n","protected":false},"author":1,"featured_media":42449,"comment_status":"open","ping_status":"open","sticky":false,"template":"","format":"standard","meta":{"colormag_page_container_layout":"default_layout","colormag_page_sidebar_layout":"default_layout","_monsterinsights_skip_tracking":false,"_monsterinsights_sitenote_active":false,"_monsterinsights_sitenote_note":"","_monsterinsights_sitenote_category":0,"jetpack_post_was_ever_published":false,"_jetpack_newsletter_access":"","_jetpack_dont_email_post_to_subs":false,"_jetpack_newsletter_tier_id":0,"_jetpack_memberships_contains_paywalled_content":false,"_jetpack_memberships_contains_paid_content":false,"footnotes":"","jetpack_publicize_message":"","jetpack_publicize_feature_enabled":true,"jetpack_social_post_already_shared":false,"jetpack_social_options":{"image_generator_settings":{"template":"highway","default_image_id":0,"font":"","enabled":false},"version":2}},"categories":[14],"tags":[36,35],"class_list":["post-42448","post","type-post","status-publish","format-standard","has-post-thumbnail","hentry","category-cultura","tag-algarve","tag-cultura"],"yoast_head":"<!-- This site is optimized with the Yoast SEO plugin v27.5 - https:\/\/yoast.com\/product\/yoast-seo-wordpress\/ -->\n<title>Espet\u00e1culo \u201cPrometo Viver\u201d motiva cultura a defender a Sa\u00fade Mental - Algarve 7<\/title>\n<meta name=\"description\" content=\"Espet\u00e1culo \u201cPrometo Viver\u201d motiva cultura a defender a Sa\u00fade Mental Cultura\" \/>\n<meta name=\"robots\" content=\"index, follow, max-snippet:-1, max-image-preview:large, max-video-preview:-1\" \/>\n<link rel=\"canonical\" href=\"https:\/\/algarve7.pt\/index.php\/2024\/09\/espetaculo-prometo-viver-motiva-cultura-a-defender-a-saude-mental\/cultura\/11\/00\/\" \/>\n<meta property=\"og:locale\" content=\"pt_PT\" \/>\n<meta property=\"og:type\" content=\"article\" \/>\n<meta property=\"og:title\" content=\"Espet\u00e1culo \u201cPrometo Viver\u201d motiva cultura a defender a Sa\u00fade Mental - Algarve 7\" \/>\n<meta property=\"og:description\" content=\"Espet\u00e1culo \u201cPrometo Viver\u201d motiva cultura a defender a Sa\u00fade Mental Cultura\" \/>\n<meta property=\"og:url\" content=\"https:\/\/algarve7.pt\/index.php\/2024\/09\/espetaculo-prometo-viver-motiva-cultura-a-defender-a-saude-mental\/cultura\/11\/00\/\" \/>\n<meta property=\"og:site_name\" content=\"Algarve 7\" \/>\n<meta property=\"article:publisher\" content=\"https:\/\/www.facebook.com\/algarve7\" \/>\n<meta property=\"article:author\" content=\"https:\/\/www.facebook.com\/algarve7\" \/>\n<meta property=\"article:published_time\" content=\"2024-09-24T10:00:00+00:00\" \/>\n<meta property=\"og:image\" content=\"https:\/\/algarve7.pt\/wp-content\/uploads\/2024\/09\/Apresentacao-da-Gala-Prometo-Viver-em-Faro-19-09-2024-13.jpg\" \/>\n\t<meta property=\"og:image:width\" content=\"800\" \/>\n\t<meta property=\"og:image:height\" content=\"470\" \/>\n\t<meta property=\"og:image:type\" content=\"image\/jpeg\" \/>\n<meta name=\"author\" content=\"Algarve 7\" \/>\n<meta name=\"twitter:card\" content=\"summary_large_image\" \/>\n<meta name=\"twitter:creator\" content=\"@Algarvesete\" \/>\n<meta name=\"twitter:site\" content=\"@Algarvesete\" \/>\n<meta name=\"twitter:label1\" content=\"Escrito por\" \/>\n\t<meta name=\"twitter:data1\" content=\"Algarve 7\" \/>\n\t<meta name=\"twitter:label2\" content=\"Tempo estimado de leitura\" \/>\n\t<meta name=\"twitter:data2\" content=\"4 minutos\" \/>\n<script type=\"application\/ld+json\" class=\"yoast-schema-graph\">{\"@context\":\"https:\\\/\\\/schema.org\",\"@graph\":[{\"@type\":\"Article\",\"@id\":\"https:\\\/\\\/algarve7.pt\\\/index.php\\\/2024\\\/09\\\/espetaculo-prometo-viver-motiva-cultura-a-defender-a-saude-mental\\\/cultura\\\/11\\\/00\\\/#article\",\"isPartOf\":{\"@id\":\"https:\\\/\\\/algarve7.pt\\\/index.php\\\/2024\\\/09\\\/espetaculo-prometo-viver-motiva-cultura-a-defender-a-saude-mental\\\/cultura\\\/11\\\/00\\\/\"},\"author\":{\"name\":\"Algarve 7\",\"@id\":\"https:\\\/\\\/algarve7.pt\\\/#\\\/schema\\\/person\\\/23fa70681308e7b319a3204bcea45e0c\"},\"headline\":\"Espet\u00e1culo \u201cPrometo Viver\u201d motiva cultura a defender a Sa\u00fade Mental\",\"datePublished\":\"2024-09-24T10:00:00+00:00\",\"mainEntityOfPage\":{\"@id\":\"https:\\\/\\\/algarve7.pt\\\/index.php\\\/2024\\\/09\\\/espetaculo-prometo-viver-motiva-cultura-a-defender-a-saude-mental\\\/cultura\\\/11\\\/00\\\/\"},\"wordCount\":741,\"commentCount\":0,\"publisher\":{\"@id\":\"https:\\\/\\\/algarve7.pt\\\/#organization\"},\"image\":{\"@id\":\"https:\\\/\\\/algarve7.pt\\\/index.php\\\/2024\\\/09\\\/espetaculo-prometo-viver-motiva-cultura-a-defender-a-saude-mental\\\/cultura\\\/11\\\/00\\\/#primaryimage\"},\"thumbnailUrl\":\"https:\\\/\\\/algarve7.pt\\\/wp-content\\\/uploads\\\/2024\\\/09\\\/Apresentacao-da-Gala-Prometo-Viver-em-Faro-19-09-2024-13.jpg\",\"keywords\":[\"Algarve\",\"Cultura\"],\"articleSection\":[\"Cultura\"],\"inLanguage\":\"pt-PT\",\"potentialAction\":[{\"@type\":\"CommentAction\",\"name\":\"Comment\",\"target\":[\"https:\\\/\\\/algarve7.pt\\\/index.php\\\/2024\\\/09\\\/espetaculo-prometo-viver-motiva-cultura-a-defender-a-saude-mental\\\/cultura\\\/11\\\/00\\\/#respond\"]}]},{\"@type\":\"WebPage\",\"@id\":\"https:\\\/\\\/algarve7.pt\\\/index.php\\\/2024\\\/09\\\/espetaculo-prometo-viver-motiva-cultura-a-defender-a-saude-mental\\\/cultura\\\/11\\\/00\\\/\",\"url\":\"https:\\\/\\\/algarve7.pt\\\/index.php\\\/2024\\\/09\\\/espetaculo-prometo-viver-motiva-cultura-a-defender-a-saude-mental\\\/cultura\\\/11\\\/00\\\/\",\"name\":\"Espet\u00e1culo \u201cPrometo Viver\u201d motiva cultura a defender a Sa\u00fade Mental - Algarve 7\",\"isPartOf\":{\"@id\":\"https:\\\/\\\/algarve7.pt\\\/#website\"},\"primaryImageOfPage\":{\"@id\":\"https:\\\/\\\/algarve7.pt\\\/index.php\\\/2024\\\/09\\\/espetaculo-prometo-viver-motiva-cultura-a-defender-a-saude-mental\\\/cultura\\\/11\\\/00\\\/#primaryimage\"},\"image\":{\"@id\":\"https:\\\/\\\/algarve7.pt\\\/index.php\\\/2024\\\/09\\\/espetaculo-prometo-viver-motiva-cultura-a-defender-a-saude-mental\\\/cultura\\\/11\\\/00\\\/#primaryimage\"},\"thumbnailUrl\":\"https:\\\/\\\/algarve7.pt\\\/wp-content\\\/uploads\\\/2024\\\/09\\\/Apresentacao-da-Gala-Prometo-Viver-em-Faro-19-09-2024-13.jpg\",\"datePublished\":\"2024-09-24T10:00:00+00:00\",\"description\":\"Espet\u00e1culo \u201cPrometo Viver\u201d motiva cultura a defender a Sa\u00fade Mental Cultura\",\"breadcrumb\":{\"@id\":\"https:\\\/\\\/algarve7.pt\\\/index.php\\\/2024\\\/09\\\/espetaculo-prometo-viver-motiva-cultura-a-defender-a-saude-mental\\\/cultura\\\/11\\\/00\\\/#breadcrumb\"},\"inLanguage\":\"pt-PT\",\"potentialAction\":[{\"@type\":\"ReadAction\",\"target\":[\"https:\\\/\\\/algarve7.pt\\\/index.php\\\/2024\\\/09\\\/espetaculo-prometo-viver-motiva-cultura-a-defender-a-saude-mental\\\/cultura\\\/11\\\/00\\\/\"]}]},{\"@type\":\"ImageObject\",\"inLanguage\":\"pt-PT\",\"@id\":\"https:\\\/\\\/algarve7.pt\\\/index.php\\\/2024\\\/09\\\/espetaculo-prometo-viver-motiva-cultura-a-defender-a-saude-mental\\\/cultura\\\/11\\\/00\\\/#primaryimage\",\"url\":\"https:\\\/\\\/algarve7.pt\\\/wp-content\\\/uploads\\\/2024\\\/09\\\/Apresentacao-da-Gala-Prometo-Viver-em-Faro-19-09-2024-13.jpg\",\"contentUrl\":\"https:\\\/\\\/algarve7.pt\\\/wp-content\\\/uploads\\\/2024\\\/09\\\/Apresentacao-da-Gala-Prometo-Viver-em-Faro-19-09-2024-13.jpg\",\"width\":800,\"height\":470},{\"@type\":\"BreadcrumbList\",\"@id\":\"https:\\\/\\\/algarve7.pt\\\/index.php\\\/2024\\\/09\\\/espetaculo-prometo-viver-motiva-cultura-a-defender-a-saude-mental\\\/cultura\\\/11\\\/00\\\/#breadcrumb\",\"itemListElement\":[{\"@type\":\"ListItem\",\"position\":1,\"name\":\"In\u00edcio\",\"item\":\"https:\\\/\\\/algarve7.pt\\\/\"},{\"@type\":\"ListItem\",\"position\":2,\"name\":\"Espet\u00e1culo \u201cPrometo Viver\u201d motiva cultura a defender a Sa\u00fade Mental\"}]},{\"@type\":\"WebSite\",\"@id\":\"https:\\\/\\\/algarve7.pt\\\/#website\",\"url\":\"https:\\\/\\\/algarve7.pt\\\/\",\"name\":\"Algarve 7\",\"description\":\"Informa\u00e7\u00e3o sobre o Algarve\",\"publisher\":{\"@id\":\"https:\\\/\\\/algarve7.pt\\\/#organization\"},\"potentialAction\":[{\"@type\":\"SearchAction\",\"target\":{\"@type\":\"EntryPoint\",\"urlTemplate\":\"https:\\\/\\\/algarve7.pt\\\/?s={search_term_string}\"},\"query-input\":{\"@type\":\"PropertyValueSpecification\",\"valueRequired\":true,\"valueName\":\"search_term_string\"}}],\"inLanguage\":\"pt-PT\"},{\"@type\":\"Organization\",\"@id\":\"https:\\\/\\\/algarve7.pt\\\/#organization\",\"name\":\"Algarve 7\",\"url\":\"https:\\\/\\\/algarve7.pt\\\/\",\"logo\":{\"@type\":\"ImageObject\",\"inLanguage\":\"pt-PT\",\"@id\":\"https:\\\/\\\/algarve7.pt\\\/#\\\/schema\\\/logo\\\/image\\\/\",\"url\":\"https:\\\/\\\/algarve7.pt\\\/wp-content\\\/uploads\\\/2020\\\/10\\\/Logo-8.jpg\",\"contentUrl\":\"https:\\\/\\\/algarve7.pt\\\/wp-content\\\/uploads\\\/2020\\\/10\\\/Logo-8.jpg\",\"width\":1680,\"height\":1186,\"caption\":\"Algarve 7\"},\"image\":{\"@id\":\"https:\\\/\\\/algarve7.pt\\\/#\\\/schema\\\/logo\\\/image\\\/\"},\"sameAs\":[\"https:\\\/\\\/www.facebook.com\\\/algarve7\",\"https:\\\/\\\/x.com\\\/Algarvesete\",\"https:\\\/\\\/www.instagram.com\\\/jornalalgarve7\\\/\",\"https:\\\/\\\/www.linkedin.com\\\/company\\\/algarve7\",\"https:\\\/\\\/www.pinterest.pt\\\/geral0939\\\/_created\\\/\"]},{\"@type\":\"Person\",\"@id\":\"https:\\\/\\\/algarve7.pt\\\/#\\\/schema\\\/person\\\/23fa70681308e7b319a3204bcea45e0c\",\"name\":\"Algarve 7\",\"sameAs\":[\"https:\\\/\\\/algarve7.pt\",\"https:\\\/\\\/www.facebook.com\\\/algarve7\"],\"url\":\"https:\\\/\\\/algarve7.pt\\\/index.php\\\/author\\\/geralalgarve7-pt\\\/\"}]}<\/script>\n<!-- \/ Yoast SEO plugin. -->","yoast_head_json":{"title":"Espet\u00e1culo \u201cPrometo Viver\u201d motiva cultura a defender a Sa\u00fade Mental - Algarve 7","description":"Espet\u00e1culo \u201cPrometo Viver\u201d motiva cultura a defender a Sa\u00fade Mental Cultura","robots":{"index":"index","follow":"follow","max-snippet":"max-snippet:-1","max-image-preview":"max-image-preview:large","max-video-preview":"max-video-preview:-1"},"canonical":"https:\/\/algarve7.pt\/index.php\/2024\/09\/espetaculo-prometo-viver-motiva-cultura-a-defender-a-saude-mental\/cultura\/11\/00\/","og_locale":"pt_PT","og_type":"article","og_title":"Espet\u00e1culo \u201cPrometo Viver\u201d motiva cultura a defender a Sa\u00fade Mental - Algarve 7","og_description":"Espet\u00e1culo \u201cPrometo Viver\u201d motiva cultura a defender a Sa\u00fade Mental Cultura","og_url":"https:\/\/algarve7.pt\/index.php\/2024\/09\/espetaculo-prometo-viver-motiva-cultura-a-defender-a-saude-mental\/cultura\/11\/00\/","og_site_name":"Algarve 7","article_publisher":"https:\/\/www.facebook.com\/algarve7","article_author":"https:\/\/www.facebook.com\/algarve7","article_published_time":"2024-09-24T10:00:00+00:00","og_image":[{"width":800,"height":470,"url":"https:\/\/algarve7.pt\/wp-content\/uploads\/2024\/09\/Apresentacao-da-Gala-Prometo-Viver-em-Faro-19-09-2024-13.jpg","type":"image\/jpeg"}],"author":"Algarve 7","twitter_card":"summary_large_image","twitter_creator":"@Algarvesete","twitter_site":"@Algarvesete","twitter_misc":{"Escrito por":"Algarve 7","Tempo estimado de leitura":"4 minutos"},"schema":{"@context":"https:\/\/schema.org","@graph":[{"@type":"Article","@id":"https:\/\/algarve7.pt\/index.php\/2024\/09\/espetaculo-prometo-viver-motiva-cultura-a-defender-a-saude-mental\/cultura\/11\/00\/#article","isPartOf":{"@id":"https:\/\/algarve7.pt\/index.php\/2024\/09\/espetaculo-prometo-viver-motiva-cultura-a-defender-a-saude-mental\/cultura\/11\/00\/"},"author":{"name":"Algarve 7","@id":"https:\/\/algarve7.pt\/#\/schema\/person\/23fa70681308e7b319a3204bcea45e0c"},"headline":"Espet\u00e1culo \u201cPrometo Viver\u201d motiva cultura a defender a Sa\u00fade Mental","datePublished":"2024-09-24T10:00:00+00:00","mainEntityOfPage":{"@id":"https:\/\/algarve7.pt\/index.php\/2024\/09\/espetaculo-prometo-viver-motiva-cultura-a-defender-a-saude-mental\/cultura\/11\/00\/"},"wordCount":741,"commentCount":0,"publisher":{"@id":"https:\/\/algarve7.pt\/#organization"},"image":{"@id":"https:\/\/algarve7.pt\/index.php\/2024\/09\/espetaculo-prometo-viver-motiva-cultura-a-defender-a-saude-mental\/cultura\/11\/00\/#primaryimage"},"thumbnailUrl":"https:\/\/algarve7.pt\/wp-content\/uploads\/2024\/09\/Apresentacao-da-Gala-Prometo-Viver-em-Faro-19-09-2024-13.jpg","keywords":["Algarve","Cultura"],"articleSection":["Cultura"],"inLanguage":"pt-PT","potentialAction":[{"@type":"CommentAction","name":"Comment","target":["https:\/\/algarve7.pt\/index.php\/2024\/09\/espetaculo-prometo-viver-motiva-cultura-a-defender-a-saude-mental\/cultura\/11\/00\/#respond"]}]},{"@type":"WebPage","@id":"https:\/\/algarve7.pt\/index.php\/2024\/09\/espetaculo-prometo-viver-motiva-cultura-a-defender-a-saude-mental\/cultura\/11\/00\/","url":"https:\/\/algarve7.pt\/index.php\/2024\/09\/espetaculo-prometo-viver-motiva-cultura-a-defender-a-saude-mental\/cultura\/11\/00\/","name":"Espet\u00e1culo \u201cPrometo Viver\u201d motiva cultura a defender a Sa\u00fade Mental - Algarve 7","isPartOf":{"@id":"https:\/\/algarve7.pt\/#website"},"primaryImageOfPage":{"@id":"https:\/\/algarve7.pt\/index.php\/2024\/09\/espetaculo-prometo-viver-motiva-cultura-a-defender-a-saude-mental\/cultura\/11\/00\/#primaryimage"},"image":{"@id":"https:\/\/algarve7.pt\/index.php\/2024\/09\/espetaculo-prometo-viver-motiva-cultura-a-defender-a-saude-mental\/cultura\/11\/00\/#primaryimage"},"thumbnailUrl":"https:\/\/algarve7.pt\/wp-content\/uploads\/2024\/09\/Apresentacao-da-Gala-Prometo-Viver-em-Faro-19-09-2024-13.jpg","datePublished":"2024-09-24T10:00:00+00:00","description":"Espet\u00e1culo \u201cPrometo Viver\u201d motiva cultura a defender a Sa\u00fade Mental Cultura","breadcrumb":{"@id":"https:\/\/algarve7.pt\/index.php\/2024\/09\/espetaculo-prometo-viver-motiva-cultura-a-defender-a-saude-mental\/cultura\/11\/00\/#breadcrumb"},"inLanguage":"pt-PT","potentialAction":[{"@type":"ReadAction","target":["https:\/\/algarve7.pt\/index.php\/2024\/09\/espetaculo-prometo-viver-motiva-cultura-a-defender-a-saude-mental\/cultura\/11\/00\/"]}]},{"@type":"ImageObject","inLanguage":"pt-PT","@id":"https:\/\/algarve7.pt\/index.php\/2024\/09\/espetaculo-prometo-viver-motiva-cultura-a-defender-a-saude-mental\/cultura\/11\/00\/#primaryimage","url":"https:\/\/algarve7.pt\/wp-content\/uploads\/2024\/09\/Apresentacao-da-Gala-Prometo-Viver-em-Faro-19-09-2024-13.jpg","contentUrl":"https:\/\/algarve7.pt\/wp-content\/uploads\/2024\/09\/Apresentacao-da-Gala-Prometo-Viver-em-Faro-19-09-2024-13.jpg","width":800,"height":470},{"@type":"BreadcrumbList","@id":"https:\/\/algarve7.pt\/index.php\/2024\/09\/espetaculo-prometo-viver-motiva-cultura-a-defender-a-saude-mental\/cultura\/11\/00\/#breadcrumb","itemListElement":[{"@type":"ListItem","position":1,"name":"In\u00edcio","item":"https:\/\/algarve7.pt\/"},{"@type":"ListItem","position":2,"name":"Espet\u00e1culo \u201cPrometo Viver\u201d motiva cultura a defender a Sa\u00fade Mental"}]},{"@type":"WebSite","@id":"https:\/\/algarve7.pt\/#website","url":"https:\/\/algarve7.pt\/","name":"Algarve 7","description":"Informa\u00e7\u00e3o sobre o Algarve","publisher":{"@id":"https:\/\/algarve7.pt\/#organization"},"potentialAction":[{"@type":"SearchAction","target":{"@type":"EntryPoint","urlTemplate":"https:\/\/algarve7.pt\/?s={search_term_string}"},"query-input":{"@type":"PropertyValueSpecification","valueRequired":true,"valueName":"search_term_string"}}],"inLanguage":"pt-PT"},{"@type":"Organization","@id":"https:\/\/algarve7.pt\/#organization","name":"Algarve 7","url":"https:\/\/algarve7.pt\/","logo":{"@type":"ImageObject","inLanguage":"pt-PT","@id":"https:\/\/algarve7.pt\/#\/schema\/logo\/image\/","url":"https:\/\/algarve7.pt\/wp-content\/uploads\/2020\/10\/Logo-8.jpg","contentUrl":"https:\/\/algarve7.pt\/wp-content\/uploads\/2020\/10\/Logo-8.jpg","width":1680,"height":1186,"caption":"Algarve 7"},"image":{"@id":"https:\/\/algarve7.pt\/#\/schema\/logo\/image\/"},"sameAs":["https:\/\/www.facebook.com\/algarve7","https:\/\/x.com\/Algarvesete","https:\/\/www.instagram.com\/jornalalgarve7\/","https:\/\/www.linkedin.com\/company\/algarve7","https:\/\/www.pinterest.pt\/geral0939\/_created\/"]},{"@type":"Person","@id":"https:\/\/algarve7.pt\/#\/schema\/person\/23fa70681308e7b319a3204bcea45e0c","name":"Algarve 7","sameAs":["https:\/\/algarve7.pt","https:\/\/www.facebook.com\/algarve7"],"url":"https:\/\/algarve7.pt\/index.php\/author\/geralalgarve7-pt\/"}]}},"jetpack_publicize_connections":[],"jetpack_featured_media_url":"https:\/\/algarve7.pt\/wp-content\/uploads\/2024\/09\/Apresentacao-da-Gala-Prometo-Viver-em-Faro-19-09-2024-13.jpg","jetpack_shortlink":"https:\/\/wp.me\/pcezmW-b2E","jetpack_sharing_enabled":true,"_links":{"self":[{"href":"https:\/\/algarve7.pt\/index.php\/wp-json\/wp\/v2\/posts\/42448","targetHints":{"allow":["GET"]}}],"collection":[{"href":"https:\/\/algarve7.pt\/index.php\/wp-json\/wp\/v2\/posts"}],"about":[{"href":"https:\/\/algarve7.pt\/index.php\/wp-json\/wp\/v2\/types\/post"}],"author":[{"embeddable":true,"href":"https:\/\/algarve7.pt\/index.php\/wp-json\/wp\/v2\/users\/1"}],"replies":[{"embeddable":true,"href":"https:\/\/algarve7.pt\/index.php\/wp-json\/wp\/v2\/comments?post=42448"}],"version-history":[{"count":0,"href":"https:\/\/algarve7.pt\/index.php\/wp-json\/wp\/v2\/posts\/42448\/revisions"}],"wp:featuredmedia":[{"embeddable":true,"href":"https:\/\/algarve7.pt\/index.php\/wp-json\/wp\/v2\/media\/42449"}],"wp:attachment":[{"href":"https:\/\/algarve7.pt\/index.php\/wp-json\/wp\/v2\/media?parent=42448"}],"wp:term":[{"taxonomy":"category","embeddable":true,"href":"https:\/\/algarve7.pt\/index.php\/wp-json\/wp\/v2\/categories?post=42448"},{"taxonomy":"post_tag","embeddable":true,"href":"https:\/\/algarve7.pt\/index.php\/wp-json\/wp\/v2\/tags?post=42448"}],"curies":[{"name":"wp","href":"https:\/\/api.w.org\/{rel}","templated":true}]}}