{"id":42358,"date":"2024-09-22T09:45:00","date_gmt":"2024-09-22T08:45:00","guid":{"rendered":"https:\/\/algarve7.pt\/?p=42358"},"modified":"2024-09-21T13:01:58","modified_gmt":"2024-09-21T12:01:58","slug":"regressa-mais-uma-edicao-da-diabetes-em-movimento-em-tavira","status":"publish","type":"post","link":"https:\/\/algarve7.pt\/index.php\/2024\/09\/regressa-mais-uma-edicao-da-diabetes-em-movimento-em-tavira\/desporto\/09\/45\/","title":{"rendered":"Regressa mais uma edi\u00e7\u00e3o da Diabetes em Movimento em Tavira"},"content":{"rendered":"\n<p>Arranca, no dia 02 de outubro, em Tavira, o Diabetes em Movimento. Um programa comunit\u00e1rio gratuito de exerc\u00edcio f\u00edsico destinado a pessoas com diabetes tipo 2, o qual resulta de uma parceria entre o Munic\u00edpio de Tavira, a Unidade Local de Sa\u00fade do Algarve e a UCC Talabriga.<\/p>\n\n\n\n<p>As sess\u00f5es de exerc\u00edcio f\u00edsico e educa\u00e7\u00e3o para a sa\u00fade decorrem, no Pavilh\u00e3o Municipal Dr. Eduardo Mansinho, \u00e0s segundas, quartas e sextas-feiras, sendo dinamizadas por profissionais do exerc\u00edcio e enfermeiros. Os frequentadores destas aulas s\u00e3o referenciados pelos m\u00e9dicos e enfermeiros do Centro de Sa\u00fade de Tavira.<\/p>\n\n\n\n<p>O Diabetes em Movimento \u00e9 um programa de interven\u00e7\u00e3o multi-institucional, muldisciplinar e multicompetente que representa um esfor\u00e7o articulado da comunidade para proporcionar uma solu\u00e7\u00e3o concreta e efetiva de atividade f\u00edsica para os indiv\u00edduos que sofrem desta doen\u00e7a.<\/p>\n\n\n\n<p>A coordena\u00e7\u00e3o nacional \u00e9 realizada pela Dire\u00e7\u00e3o-Geral da Sa\u00fade, atrav\u00e9s do Programa Nacional para a Promo\u00e7\u00e3o da Atividade F\u00edsica e do Programa Nacional para a Diabetes.<\/p>\n\n\n\n<p>A diabetes \u00e9 um dos principais problemas da sa\u00fade p\u00fablica do nosso pa\u00eds e a atividade f\u00edsica \u00e9 um dos pilares do tratamento.&nbsp;<\/p>\n","protected":false},"excerpt":{"rendered":"<p>Arranca, no dia 02 de outubro, em Tavira, o Diabetes em Movimento. Um programa comunit\u00e1rio gratuito de exerc\u00edcio f\u00edsico destinado<\/p>\n","protected":false},"author":1,"featured_media":42359,"comment_status":"open","ping_status":"open","sticky":false,"template":"","format":"standard","meta":{"colormag_page_container_layout":"default_layout","colormag_page_sidebar_layout":"default_layout","_monsterinsights_skip_tracking":false,"_monsterinsights_sitenote_active":false,"_monsterinsights_sitenote_note":"","_monsterinsights_sitenote_category":0,"jetpack_post_was_ever_published":false,"_jetpack_newsletter_access":"","_jetpack_dont_email_post_to_subs":false,"_jetpack_newsletter_tier_id":0,"_jetpack_memberships_contains_paywalled_content":false,"_jetpack_memberships_contains_paid_content":false,"footnotes":"","jetpack_publicize_message":"","jetpack_publicize_feature_enabled":true,"jetpack_social_post_already_shared":false,"jetpack_social_options":{"image_generator_settings":{"template":"highway","default_image_id":0,"font":"","enabled":false},"version":2}},"categories":[15],"tags":[36,40,54],"class_list":["post-42358","post","type-post","status-publish","format-standard","has-post-thumbnail","hentry","category-desporto","tag-algarve","tag-desporto","tag-tavira"],"yoast_head":"<!-- This site is optimized with the Yoast SEO plugin v27.4 - https:\/\/yoast.com\/product\/yoast-seo-wordpress\/ -->\n<title>Regressa mais uma edi\u00e7\u00e3o da Diabetes em Movimento em Tavira - Algarve 7<\/title>\n<meta name=\"description\" content=\"Regressa mais uma edi\u00e7\u00e3o da Diabetes em Movimento em Tavira Desporto\" \/>\n<meta name=\"robots\" content=\"index, follow, max-snippet:-1, max-image-preview:large, max-video-preview:-1\" \/>\n<link rel=\"canonical\" href=\"https:\/\/algarve7.pt\/index.php\/2024\/09\/regressa-mais-uma-edicao-da-diabetes-em-movimento-em-tavira\/desporto\/09\/45\/\" \/>\n<meta property=\"og:locale\" content=\"pt_PT\" \/>\n<meta property=\"og:type\" content=\"article\" \/>\n<meta property=\"og:title\" content=\"Regressa mais uma edi\u00e7\u00e3o da Diabetes em Movimento em Tavira - Algarve 7\" \/>\n<meta property=\"og:description\" content=\"Regressa mais uma edi\u00e7\u00e3o da Diabetes em Movimento em Tavira Desporto\" \/>\n<meta property=\"og:url\" content=\"https:\/\/algarve7.pt\/index.php\/2024\/09\/regressa-mais-uma-edicao-da-diabetes-em-movimento-em-tavira\/desporto\/09\/45\/\" \/>\n<meta property=\"og:site_name\" content=\"Algarve 7\" \/>\n<meta property=\"article:publisher\" content=\"https:\/\/www.facebook.com\/algarve7\" \/>\n<meta property=\"article:author\" content=\"https:\/\/www.facebook.com\/algarve7\" \/>\n<meta property=\"article:published_time\" content=\"2024-09-22T08:45:00+00:00\" \/>\n<meta property=\"og:image\" content=\"https:\/\/algarve7.pt\/wp-content\/uploads\/2024\/09\/Captura-de-ecra-2024-09-21-as-12.58.54.png\" \/>\n\t<meta property=\"og:image:width\" content=\"800\" \/>\n\t<meta property=\"og:image:height\" content=\"470\" \/>\n\t<meta property=\"og:image:type\" content=\"image\/png\" \/>\n<meta name=\"author\" content=\"Algarve 7\" \/>\n<meta name=\"twitter:card\" content=\"summary_large_image\" \/>\n<meta name=\"twitter:creator\" content=\"@Algarvesete\" \/>\n<meta name=\"twitter:site\" content=\"@Algarvesete\" \/>\n<meta name=\"twitter:label1\" content=\"Escrito por\" \/>\n\t<meta name=\"twitter:data1\" content=\"Algarve 7\" \/>\n\t<meta name=\"twitter:label2\" content=\"Tempo estimado de leitura\" \/>\n\t<meta name=\"twitter:data2\" content=\"2 minutos\" \/>\n<script type=\"application\/ld+json\" class=\"yoast-schema-graph\">{\"@context\":\"https:\\\/\\\/schema.org\",\"@graph\":[{\"@type\":\"Article\",\"@id\":\"https:\\\/\\\/algarve7.pt\\\/index.php\\\/2024\\\/09\\\/regressa-mais-uma-edicao-da-diabetes-em-movimento-em-tavira\\\/desporto\\\/09\\\/45\\\/#article\",\"isPartOf\":{\"@id\":\"https:\\\/\\\/algarve7.pt\\\/index.php\\\/2024\\\/09\\\/regressa-mais-uma-edicao-da-diabetes-em-movimento-em-tavira\\\/desporto\\\/09\\\/45\\\/\"},\"author\":{\"name\":\"Algarve 7\",\"@id\":\"https:\\\/\\\/algarve7.pt\\\/#\\\/schema\\\/person\\\/23fa70681308e7b319a3204bcea45e0c\"},\"headline\":\"Regressa mais uma edi\u00e7\u00e3o da Diabetes em Movimento em Tavira\",\"datePublished\":\"2024-09-22T08:45:00+00:00\",\"mainEntityOfPage\":{\"@id\":\"https:\\\/\\\/algarve7.pt\\\/index.php\\\/2024\\\/09\\\/regressa-mais-uma-edicao-da-diabetes-em-movimento-em-tavira\\\/desporto\\\/09\\\/45\\\/\"},\"wordCount\":217,\"commentCount\":0,\"publisher\":{\"@id\":\"https:\\\/\\\/algarve7.pt\\\/#organization\"},\"image\":{\"@id\":\"https:\\\/\\\/algarve7.pt\\\/index.php\\\/2024\\\/09\\\/regressa-mais-uma-edicao-da-diabetes-em-movimento-em-tavira\\\/desporto\\\/09\\\/45\\\/#primaryimage\"},\"thumbnailUrl\":\"https:\\\/\\\/algarve7.pt\\\/wp-content\\\/uploads\\\/2024\\\/09\\\/Captura-de-ecra-2024-09-21-as-12.58.54.png\",\"keywords\":[\"Algarve\",\"Desporto\",\"Tavira\"],\"articleSection\":[\"Desporto\"],\"inLanguage\":\"pt-PT\",\"potentialAction\":[{\"@type\":\"CommentAction\",\"name\":\"Comment\",\"target\":[\"https:\\\/\\\/algarve7.pt\\\/index.php\\\/2024\\\/09\\\/regressa-mais-uma-edicao-da-diabetes-em-movimento-em-tavira\\\/desporto\\\/09\\\/45\\\/#respond\"]}]},{\"@type\":\"WebPage\",\"@id\":\"https:\\\/\\\/algarve7.pt\\\/index.php\\\/2024\\\/09\\\/regressa-mais-uma-edicao-da-diabetes-em-movimento-em-tavira\\\/desporto\\\/09\\\/45\\\/\",\"url\":\"https:\\\/\\\/algarve7.pt\\\/index.php\\\/2024\\\/09\\\/regressa-mais-uma-edicao-da-diabetes-em-movimento-em-tavira\\\/desporto\\\/09\\\/45\\\/\",\"name\":\"Regressa mais uma edi\u00e7\u00e3o da Diabetes em Movimento em Tavira - Algarve 7\",\"isPartOf\":{\"@id\":\"https:\\\/\\\/algarve7.pt\\\/#website\"},\"primaryImageOfPage\":{\"@id\":\"https:\\\/\\\/algarve7.pt\\\/index.php\\\/2024\\\/09\\\/regressa-mais-uma-edicao-da-diabetes-em-movimento-em-tavira\\\/desporto\\\/09\\\/45\\\/#primaryimage\"},\"image\":{\"@id\":\"https:\\\/\\\/algarve7.pt\\\/index.php\\\/2024\\\/09\\\/regressa-mais-uma-edicao-da-diabetes-em-movimento-em-tavira\\\/desporto\\\/09\\\/45\\\/#primaryimage\"},\"thumbnailUrl\":\"https:\\\/\\\/algarve7.pt\\\/wp-content\\\/uploads\\\/2024\\\/09\\\/Captura-de-ecra-2024-09-21-as-12.58.54.png\",\"datePublished\":\"2024-09-22T08:45:00+00:00\",\"description\":\"Regressa mais uma edi\u00e7\u00e3o da Diabetes em Movimento em Tavira Desporto\",\"breadcrumb\":{\"@id\":\"https:\\\/\\\/algarve7.pt\\\/index.php\\\/2024\\\/09\\\/regressa-mais-uma-edicao-da-diabetes-em-movimento-em-tavira\\\/desporto\\\/09\\\/45\\\/#breadcrumb\"},\"inLanguage\":\"pt-PT\",\"potentialAction\":[{\"@type\":\"ReadAction\",\"target\":[\"https:\\\/\\\/algarve7.pt\\\/index.php\\\/2024\\\/09\\\/regressa-mais-uma-edicao-da-diabetes-em-movimento-em-tavira\\\/desporto\\\/09\\\/45\\\/\"]}]},{\"@type\":\"ImageObject\",\"inLanguage\":\"pt-PT\",\"@id\":\"https:\\\/\\\/algarve7.pt\\\/index.php\\\/2024\\\/09\\\/regressa-mais-uma-edicao-da-diabetes-em-movimento-em-tavira\\\/desporto\\\/09\\\/45\\\/#primaryimage\",\"url\":\"https:\\\/\\\/algarve7.pt\\\/wp-content\\\/uploads\\\/2024\\\/09\\\/Captura-de-ecra-2024-09-21-as-12.58.54.png\",\"contentUrl\":\"https:\\\/\\\/algarve7.pt\\\/wp-content\\\/uploads\\\/2024\\\/09\\\/Captura-de-ecra-2024-09-21-as-12.58.54.png\",\"width\":800,\"height\":470},{\"@type\":\"BreadcrumbList\",\"@id\":\"https:\\\/\\\/algarve7.pt\\\/index.php\\\/2024\\\/09\\\/regressa-mais-uma-edicao-da-diabetes-em-movimento-em-tavira\\\/desporto\\\/09\\\/45\\\/#breadcrumb\",\"itemListElement\":[{\"@type\":\"ListItem\",\"position\":1,\"name\":\"In\u00edcio\",\"item\":\"https:\\\/\\\/algarve7.pt\\\/\"},{\"@type\":\"ListItem\",\"position\":2,\"name\":\"Regressa mais uma edi\u00e7\u00e3o da Diabetes em Movimento em Tavira\"}]},{\"@type\":\"WebSite\",\"@id\":\"https:\\\/\\\/algarve7.pt\\\/#website\",\"url\":\"https:\\\/\\\/algarve7.pt\\\/\",\"name\":\"Algarve 7\",\"description\":\"Informa\u00e7\u00e3o sobre o Algarve\",\"publisher\":{\"@id\":\"https:\\\/\\\/algarve7.pt\\\/#organization\"},\"potentialAction\":[{\"@type\":\"SearchAction\",\"target\":{\"@type\":\"EntryPoint\",\"urlTemplate\":\"https:\\\/\\\/algarve7.pt\\\/?s={search_term_string}\"},\"query-input\":{\"@type\":\"PropertyValueSpecification\",\"valueRequired\":true,\"valueName\":\"search_term_string\"}}],\"inLanguage\":\"pt-PT\"},{\"@type\":\"Organization\",\"@id\":\"https:\\\/\\\/algarve7.pt\\\/#organization\",\"name\":\"Algarve 7\",\"url\":\"https:\\\/\\\/algarve7.pt\\\/\",\"logo\":{\"@type\":\"ImageObject\",\"inLanguage\":\"pt-PT\",\"@id\":\"https:\\\/\\\/algarve7.pt\\\/#\\\/schema\\\/logo\\\/image\\\/\",\"url\":\"https:\\\/\\\/algarve7.pt\\\/wp-content\\\/uploads\\\/2020\\\/10\\\/Logo-8.jpg\",\"contentUrl\":\"https:\\\/\\\/algarve7.pt\\\/wp-content\\\/uploads\\\/2020\\\/10\\\/Logo-8.jpg\",\"width\":1680,\"height\":1186,\"caption\":\"Algarve 7\"},\"image\":{\"@id\":\"https:\\\/\\\/algarve7.pt\\\/#\\\/schema\\\/logo\\\/image\\\/\"},\"sameAs\":[\"https:\\\/\\\/www.facebook.com\\\/algarve7\",\"https:\\\/\\\/x.com\\\/Algarvesete\",\"https:\\\/\\\/www.instagram.com\\\/jornalalgarve7\\\/\",\"https:\\\/\\\/www.linkedin.com\\\/company\\\/algarve7\",\"https:\\\/\\\/www.pinterest.pt\\\/geral0939\\\/_created\\\/\"]},{\"@type\":\"Person\",\"@id\":\"https:\\\/\\\/algarve7.pt\\\/#\\\/schema\\\/person\\\/23fa70681308e7b319a3204bcea45e0c\",\"name\":\"Algarve 7\",\"sameAs\":[\"https:\\\/\\\/algarve7.pt\",\"https:\\\/\\\/www.facebook.com\\\/algarve7\"],\"url\":\"https:\\\/\\\/algarve7.pt\\\/index.php\\\/author\\\/geralalgarve7-pt\\\/\"}]}<\/script>\n<!-- \/ Yoast SEO plugin. -->","yoast_head_json":{"title":"Regressa mais uma edi\u00e7\u00e3o da Diabetes em Movimento em Tavira - Algarve 7","description":"Regressa mais uma edi\u00e7\u00e3o da Diabetes em Movimento em Tavira Desporto","robots":{"index":"index","follow":"follow","max-snippet":"max-snippet:-1","max-image-preview":"max-image-preview:large","max-video-preview":"max-video-preview:-1"},"canonical":"https:\/\/algarve7.pt\/index.php\/2024\/09\/regressa-mais-uma-edicao-da-diabetes-em-movimento-em-tavira\/desporto\/09\/45\/","og_locale":"pt_PT","og_type":"article","og_title":"Regressa mais uma edi\u00e7\u00e3o da Diabetes em Movimento em Tavira - Algarve 7","og_description":"Regressa mais uma edi\u00e7\u00e3o da Diabetes em Movimento em Tavira Desporto","og_url":"https:\/\/algarve7.pt\/index.php\/2024\/09\/regressa-mais-uma-edicao-da-diabetes-em-movimento-em-tavira\/desporto\/09\/45\/","og_site_name":"Algarve 7","article_publisher":"https:\/\/www.facebook.com\/algarve7","article_author":"https:\/\/www.facebook.com\/algarve7","article_published_time":"2024-09-22T08:45:00+00:00","og_image":[{"width":800,"height":470,"url":"https:\/\/algarve7.pt\/wp-content\/uploads\/2024\/09\/Captura-de-ecra-2024-09-21-as-12.58.54.png","type":"image\/png"}],"author":"Algarve 7","twitter_card":"summary_large_image","twitter_creator":"@Algarvesete","twitter_site":"@Algarvesete","twitter_misc":{"Escrito por":"Algarve 7","Tempo estimado de leitura":"2 minutos"},"schema":{"@context":"https:\/\/schema.org","@graph":[{"@type":"Article","@id":"https:\/\/algarve7.pt\/index.php\/2024\/09\/regressa-mais-uma-edicao-da-diabetes-em-movimento-em-tavira\/desporto\/09\/45\/#article","isPartOf":{"@id":"https:\/\/algarve7.pt\/index.php\/2024\/09\/regressa-mais-uma-edicao-da-diabetes-em-movimento-em-tavira\/desporto\/09\/45\/"},"author":{"name":"Algarve 7","@id":"https:\/\/algarve7.pt\/#\/schema\/person\/23fa70681308e7b319a3204bcea45e0c"},"headline":"Regressa mais uma edi\u00e7\u00e3o da Diabetes em Movimento em Tavira","datePublished":"2024-09-22T08:45:00+00:00","mainEntityOfPage":{"@id":"https:\/\/algarve7.pt\/index.php\/2024\/09\/regressa-mais-uma-edicao-da-diabetes-em-movimento-em-tavira\/desporto\/09\/45\/"},"wordCount":217,"commentCount":0,"publisher":{"@id":"https:\/\/algarve7.pt\/#organization"},"image":{"@id":"https:\/\/algarve7.pt\/index.php\/2024\/09\/regressa-mais-uma-edicao-da-diabetes-em-movimento-em-tavira\/desporto\/09\/45\/#primaryimage"},"thumbnailUrl":"https:\/\/algarve7.pt\/wp-content\/uploads\/2024\/09\/Captura-de-ecra-2024-09-21-as-12.58.54.png","keywords":["Algarve","Desporto","Tavira"],"articleSection":["Desporto"],"inLanguage":"pt-PT","potentialAction":[{"@type":"CommentAction","name":"Comment","target":["https:\/\/algarve7.pt\/index.php\/2024\/09\/regressa-mais-uma-edicao-da-diabetes-em-movimento-em-tavira\/desporto\/09\/45\/#respond"]}]},{"@type":"WebPage","@id":"https:\/\/algarve7.pt\/index.php\/2024\/09\/regressa-mais-uma-edicao-da-diabetes-em-movimento-em-tavira\/desporto\/09\/45\/","url":"https:\/\/algarve7.pt\/index.php\/2024\/09\/regressa-mais-uma-edicao-da-diabetes-em-movimento-em-tavira\/desporto\/09\/45\/","name":"Regressa mais uma edi\u00e7\u00e3o da Diabetes em Movimento em Tavira - Algarve 7","isPartOf":{"@id":"https:\/\/algarve7.pt\/#website"},"primaryImageOfPage":{"@id":"https:\/\/algarve7.pt\/index.php\/2024\/09\/regressa-mais-uma-edicao-da-diabetes-em-movimento-em-tavira\/desporto\/09\/45\/#primaryimage"},"image":{"@id":"https:\/\/algarve7.pt\/index.php\/2024\/09\/regressa-mais-uma-edicao-da-diabetes-em-movimento-em-tavira\/desporto\/09\/45\/#primaryimage"},"thumbnailUrl":"https:\/\/algarve7.pt\/wp-content\/uploads\/2024\/09\/Captura-de-ecra-2024-09-21-as-12.58.54.png","datePublished":"2024-09-22T08:45:00+00:00","description":"Regressa mais uma edi\u00e7\u00e3o da Diabetes em Movimento em Tavira Desporto","breadcrumb":{"@id":"https:\/\/algarve7.pt\/index.php\/2024\/09\/regressa-mais-uma-edicao-da-diabetes-em-movimento-em-tavira\/desporto\/09\/45\/#breadcrumb"},"inLanguage":"pt-PT","potentialAction":[{"@type":"ReadAction","target":["https:\/\/algarve7.pt\/index.php\/2024\/09\/regressa-mais-uma-edicao-da-diabetes-em-movimento-em-tavira\/desporto\/09\/45\/"]}]},{"@type":"ImageObject","inLanguage":"pt-PT","@id":"https:\/\/algarve7.pt\/index.php\/2024\/09\/regressa-mais-uma-edicao-da-diabetes-em-movimento-em-tavira\/desporto\/09\/45\/#primaryimage","url":"https:\/\/algarve7.pt\/wp-content\/uploads\/2024\/09\/Captura-de-ecra-2024-09-21-as-12.58.54.png","contentUrl":"https:\/\/algarve7.pt\/wp-content\/uploads\/2024\/09\/Captura-de-ecra-2024-09-21-as-12.58.54.png","width":800,"height":470},{"@type":"BreadcrumbList","@id":"https:\/\/algarve7.pt\/index.php\/2024\/09\/regressa-mais-uma-edicao-da-diabetes-em-movimento-em-tavira\/desporto\/09\/45\/#breadcrumb","itemListElement":[{"@type":"ListItem","position":1,"name":"In\u00edcio","item":"https:\/\/algarve7.pt\/"},{"@type":"ListItem","position":2,"name":"Regressa mais uma edi\u00e7\u00e3o da Diabetes em Movimento em Tavira"}]},{"@type":"WebSite","@id":"https:\/\/algarve7.pt\/#website","url":"https:\/\/algarve7.pt\/","name":"Algarve 7","description":"Informa\u00e7\u00e3o sobre o Algarve","publisher":{"@id":"https:\/\/algarve7.pt\/#organization"},"potentialAction":[{"@type":"SearchAction","target":{"@type":"EntryPoint","urlTemplate":"https:\/\/algarve7.pt\/?s={search_term_string}"},"query-input":{"@type":"PropertyValueSpecification","valueRequired":true,"valueName":"search_term_string"}}],"inLanguage":"pt-PT"},{"@type":"Organization","@id":"https:\/\/algarve7.pt\/#organization","name":"Algarve 7","url":"https:\/\/algarve7.pt\/","logo":{"@type":"ImageObject","inLanguage":"pt-PT","@id":"https:\/\/algarve7.pt\/#\/schema\/logo\/image\/","url":"https:\/\/algarve7.pt\/wp-content\/uploads\/2020\/10\/Logo-8.jpg","contentUrl":"https:\/\/algarve7.pt\/wp-content\/uploads\/2020\/10\/Logo-8.jpg","width":1680,"height":1186,"caption":"Algarve 7"},"image":{"@id":"https:\/\/algarve7.pt\/#\/schema\/logo\/image\/"},"sameAs":["https:\/\/www.facebook.com\/algarve7","https:\/\/x.com\/Algarvesete","https:\/\/www.instagram.com\/jornalalgarve7\/","https:\/\/www.linkedin.com\/company\/algarve7","https:\/\/www.pinterest.pt\/geral0939\/_created\/"]},{"@type":"Person","@id":"https:\/\/algarve7.pt\/#\/schema\/person\/23fa70681308e7b319a3204bcea45e0c","name":"Algarve 7","sameAs":["https:\/\/algarve7.pt","https:\/\/www.facebook.com\/algarve7"],"url":"https:\/\/algarve7.pt\/index.php\/author\/geralalgarve7-pt\/"}]}},"jetpack_publicize_connections":[],"jetpack_featured_media_url":"https:\/\/algarve7.pt\/wp-content\/uploads\/2024\/09\/Captura-de-ecra-2024-09-21-as-12.58.54.png","jetpack_shortlink":"https:\/\/wp.me\/pcezmW-b1c","jetpack_sharing_enabled":true,"_links":{"self":[{"href":"https:\/\/algarve7.pt\/index.php\/wp-json\/wp\/v2\/posts\/42358","targetHints":{"allow":["GET"]}}],"collection":[{"href":"https:\/\/algarve7.pt\/index.php\/wp-json\/wp\/v2\/posts"}],"about":[{"href":"https:\/\/algarve7.pt\/index.php\/wp-json\/wp\/v2\/types\/post"}],"author":[{"embeddable":true,"href":"https:\/\/algarve7.pt\/index.php\/wp-json\/wp\/v2\/users\/1"}],"replies":[{"embeddable":true,"href":"https:\/\/algarve7.pt\/index.php\/wp-json\/wp\/v2\/comments?post=42358"}],"version-history":[{"count":0,"href":"https:\/\/algarve7.pt\/index.php\/wp-json\/wp\/v2\/posts\/42358\/revisions"}],"wp:featuredmedia":[{"embeddable":true,"href":"https:\/\/algarve7.pt\/index.php\/wp-json\/wp\/v2\/media\/42359"}],"wp:attachment":[{"href":"https:\/\/algarve7.pt\/index.php\/wp-json\/wp\/v2\/media?parent=42358"}],"wp:term":[{"taxonomy":"category","embeddable":true,"href":"https:\/\/algarve7.pt\/index.php\/wp-json\/wp\/v2\/categories?post=42358"},{"taxonomy":"post_tag","embeddable":true,"href":"https:\/\/algarve7.pt\/index.php\/wp-json\/wp\/v2\/tags?post=42358"}],"curies":[{"name":"wp","href":"https:\/\/api.w.org\/{rel}","templated":true}]}}